{"id":1454940,"date":"2024-10-04T10:03:44","date_gmt":"2024-10-04T17:03:44","guid":{"rendered":"https:\/\/noticiasya.com\/2024\/10\/04\/edmundo-gonzalez-urrutia-salida-venezuela-temporal-orix\/"},"modified":"2024-10-04T10:03:44","modified_gmt":"2024-10-04T17:03:44","slug":"edmundo-gonzalez-urrutia-salida-venezuela-temporal-orix","status":"publish","type":"post","link":"https:\/\/noticiasya.com\/el-valle\/2024\/10\/04\/edmundo-gonzalez-urrutia-salida-venezuela-temporal-orix\/","title":{"rendered":"Edmundo Gonz\u00e1lez Urrutia: \u201cMi salida de Venezuela es solo temporal\u201d"},"content":{"rendered":"<p>(CNN Espa\u00f1ol) &#8212; El l\u00edder opositor venezolano, Edmundo Gonz\u00e1lez, se\u00f1al\u00f3 este viernes en el marco del Foro La Toja, un espacio de debate pol\u00edtico que se celebra en el noroeste de Espa\u00f1a, que a pesar de haber dejado Venezuela como consecuencia de \u201cpresiones inenarrables y amenazas extremas\u201d, su \u201csalida del pa\u00eds es solo temporal\u201d.<\/p>\n<p>Gonz\u00e1lez Urrutia, quien ofreci\u00f3 su primer discurso en p\u00fablico a casi un mes de su llegada a Espa\u00f1a, emple\u00f3 la ocasi\u00f3n para reivindicarse como \u201cpresidente electo\u201d de Venezuela y \u201cvocero\u201d de la di\u00e1spora venezolana. Un papel que asume, asegura, \u201ccon el fin de motorizar la solidaridad espa\u00f1ola \u2014y, por extensi\u00f3n, del resto de Europa\u2014 con la causa democr\u00e1tica venezolana\u201d.<\/p>\n<p>Aprovechando el alcance de este foro y la presencia de figuras pol\u00edticas relevantes como el presidente del Partido Popular, Alberto N\u00fa\u00f1ez Feij\u00f3o, o el presidente de la Junta de Galicia, Alfonso Rueda, Gonz\u00e1lez Urrutia exhort\u00f3 a Espa\u00f1a y la comunidad internacional a seguir presionando \u201cpara contribuir al prop\u00f3sito de que en Venezuela se haga valer y respetar plenamente la soberan\u00eda popular expresada en las urnas el pasado 28 de julio\u201d.<\/p>\n<p>Oposici\u00f3n en Venezuela rechaza el llamado a tratar posible reforma electoral<\/p>\n<p>Ante el auditorio, el l\u00edder opositor habl\u00f3 de la necesidad de que Venezuela recupere \u201clas oportunidades perdidas\u201d a trav\u00e9s de \u201crescatar no solo nuestra normalidad democr\u00e1tica e institucional, sino la normalidad de nuestra actividad econ\u00f3mica\u201d. Un objetivo para el que emplaz\u00f3 a la comunidad iberoamericana a que sume su apoyo \u201cen t\u00e9rminos en\u00e9rgicos y efectivos, para que nuestro pa\u00eds logre transitar de nuevo hacia la normalidad institucional\u201d.<\/p>\n<p>Gonz\u00e1lez Urrutia volvi\u00f3 a agradecer al Gobierno espa\u00f1ol por ayudarle a afrontar \u201cel cap\u00edtulo m\u00e1s dif\u00edcil y exigente que he padecido en mi vida personal\u201d, as\u00ed como por darle la posibilidad de expresarse \u201csin ataduras\u201d.<\/p>\n<p>CNN intenta contactar a la Canciller\u00eda de Venezuela para obtener sus comentarios ante estas declaraciones.<\/p>\n<p>Ante las denuncias del candidato presidencial opositor venezolano sobre amenazas y presiones, el Gobierno de Maduro neg\u00f3 en oportunidades previas haberlo coaccionado para que abandone Venezuela. El l\u00edder opositor est\u00e1 en Madrid desde el 8 de septiembre y, seg\u00fan anunci\u00f3 el ministro de Asuntos Exteriores Jos\u00e9 Manuel Albares, esta semana solicit\u00f3 formalmente asilo pol\u00edtico.<\/p>\n<p>The-CNN-Wire<br \/>&trade; &amp; &copy; 2024 Cable News Network, Inc., a Warner Bros. Discovery Company. All rights reserved.<\/p>\n","protected":false},"excerpt":{"rendered":"<p>(CNN Espa\u00f1ol) &#8212; El l\u00edder opositor venezolano, Edmundo Gonz\u00e1lez, se\u00f1al\u00f3 este viernes en el marco del Foro La Toja, un espacio de debate pol\u00edtico que se celebra en el noroeste de Espa\u00f1a, que a pesar de haber dejado Venezuela como consecuencia de \u201cpresiones inenarrables y amenazas extremas\u201d, su \u201csalida del pa\u00eds es solo temporal\u201d. Gonz\u00e1lez [&hellip;]<\/p>\n","protected":false},"author":0,"featured_media":0,"comment_status":"open","ping_status":"open","sticky":false,"template":"","format":"standard","meta":{"_jetpack_memberships_contains_paid_content":false,"footnotes":""},"categories":[10],"tags":[],"class_list":["post-1454940","post","type-post","status-publish","format-standard","hentry","category-noticias-nacionales","market-global"],"yoast_head":"<!-- This site is optimized with the Yoast SEO plugin v24.4 - https:\/\/yoast.com\/wordpress\/plugins\/seo\/ -->\n<title>Edmundo Gonz\u00e1lez Urrutia: \u201cMi salida de Venezuela es solo temporal\u201d - Noticias<\/title>\n<meta name=\"robots\" content=\"index, follow, max-snippet:-1, max-image-preview:large, max-video-preview:-1\" \/>\n<link rel=\"canonical\" href=\"https:\/\/noticiasya.com\/2024\/10\/04\/edmundo-gonzalez-urrutia-salida-venezuela-temporal-orix\/\" \/>\n<meta property=\"og:locale\" content=\"es_ES\" \/>\n<meta property=\"og:type\" content=\"article\" \/>\n<meta property=\"og:title\" content=\"Edmundo Gonz\u00e1lez Urrutia: \u201cMi salida de Venezuela es solo temporal\u201d - Noticias\" \/>\n<meta property=\"og:description\" content=\"(CNN Espa\u00f1ol) &#8212; El l\u00edder opositor venezolano, Edmundo Gonz\u00e1lez, se\u00f1al\u00f3 este viernes en el marco del Foro La Toja, un espacio de debate pol\u00edtico que se celebra en el noroeste de Espa\u00f1a, que a pesar de haber dejado Venezuela como consecuencia de \u201cpresiones inenarrables y amenazas extremas\u201d, su \u201csalida del pa\u00eds es solo temporal\u201d. Gonz\u00e1lez [&hellip;]\" \/>\n<meta property=\"og:url\" content=\"https:\/\/noticiasya.com\/2024\/10\/04\/edmundo-gonzalez-urrutia-salida-venezuela-temporal-orix\/\" \/>\n<meta property=\"og:site_name\" content=\"Noticias\" \/>\n<meta property=\"article:published_time\" content=\"2024-10-04T17:03:44+00:00\" \/>\n<meta name=\"twitter:card\" content=\"summary_large_image\" \/>\n<meta name=\"twitter:label1\" content=\"Est. reading time\" \/>\n\t<meta name=\"twitter:data1\" content=\"2 minutos\" \/>\n<script type=\"application\/ld+json\" class=\"yoast-schema-graph\">{\"@context\":\"https:\/\/schema.org\",\"@graph\":[{\"@type\":\"Article\",\"@id\":\"https:\/\/noticiasya.com\/2024\/10\/04\/edmundo-gonzalez-urrutia-salida-venezuela-temporal-orix\/#article\",\"isPartOf\":{\"@id\":\"https:\/\/noticiasya.com\/2024\/10\/04\/edmundo-gonzalez-urrutia-salida-venezuela-temporal-orix\/\"},\"author\":{\"name\":\"\",\"@id\":\"\"},\"headline\":\"Edmundo Gonz\u00e1lez Urrutia: \u201cMi salida de Venezuela es solo temporal\u201d\",\"datePublished\":\"2024-10-04T17:03:44+00:00\",\"mainEntityOfPage\":{\"@id\":\"https:\/\/noticiasya.com\/2024\/10\/04\/edmundo-gonzalez-urrutia-salida-venezuela-temporal-orix\/\"},\"wordCount\":429,\"commentCount\":0,\"publisher\":{\"@id\":\"https:\/\/noticiasya.com\/#organization\"},\"articleSection\":[\"Noticias Nacionales\"],\"inLanguage\":\"es\",\"potentialAction\":[{\"@type\":\"CommentAction\",\"name\":\"Comment\",\"target\":[\"https:\/\/noticiasya.com\/2024\/10\/04\/edmundo-gonzalez-urrutia-salida-venezuela-temporal-orix\/#respond\"]}]},{\"@type\":\"WebPage\",\"@id\":\"https:\/\/noticiasya.com\/2024\/10\/04\/edmundo-gonzalez-urrutia-salida-venezuela-temporal-orix\/\",\"url\":\"https:\/\/noticiasya.com\/2024\/10\/04\/edmundo-gonzalez-urrutia-salida-venezuela-temporal-orix\/\",\"name\":\"Edmundo Gonz\u00e1lez Urrutia: \u201cMi salida de Venezuela es solo temporal\u201d - Noticias\",\"isPartOf\":{\"@id\":\"https:\/\/noticiasya.com\/#website\"},\"datePublished\":\"2024-10-04T17:03:44+00:00\",\"breadcrumb\":{\"@id\":\"https:\/\/noticiasya.com\/2024\/10\/04\/edmundo-gonzalez-urrutia-salida-venezuela-temporal-orix\/#breadcrumb\"},\"inLanguage\":\"es\",\"potentialAction\":[{\"@type\":\"ReadAction\",\"target\":[\"https:\/\/noticiasya.com\/2024\/10\/04\/edmundo-gonzalez-urrutia-salida-venezuela-temporal-orix\/\"]}]},{\"@type\":\"BreadcrumbList\",\"@id\":\"https:\/\/noticiasya.com\/2024\/10\/04\/edmundo-gonzalez-urrutia-salida-venezuela-temporal-orix\/#breadcrumb\",\"itemListElement\":[{\"@type\":\"ListItem\",\"position\":1,\"name\":\"Home\",\"item\":\"https:\/\/noticiasya.com\/\"},{\"@type\":\"ListItem\",\"position\":2,\"name\":\"Edmundo Gonz\u00e1lez Urrutia: \u201cMi salida de Venezuela es solo temporal\u201d\"}]},{\"@type\":\"WebSite\",\"@id\":\"https:\/\/noticiasya.com\/#website\",\"url\":\"https:\/\/noticiasya.com\/\",\"name\":\"Noticias\",\"description\":\"Lo que importa\",\"publisher\":{\"@id\":\"https:\/\/noticiasya.com\/#organization\"},\"potentialAction\":[{\"@type\":\"SearchAction\",\"target\":{\"@type\":\"EntryPoint\",\"urlTemplate\":\"https:\/\/noticiasya.com\/?s={search_term_string}\"},\"query-input\":{\"@type\":\"PropertyValueSpecification\",\"valueRequired\":true,\"valueName\":\"search_term_string\"}}],\"inLanguage\":\"es\"},{\"@type\":\"Organization\",\"@id\":\"https:\/\/noticiasya.com\/#organization\",\"name\":\"Noticias\",\"url\":\"https:\/\/noticiasya.com\/\",\"logo\":{\"@type\":\"ImageObject\",\"inLanguage\":\"es\",\"@id\":\"https:\/\/noticiasya.com\/#\/schema\/logo\/image\/\",\"url\":\"https:\/\/noticiasya.com\/wp-content\/uploads\/sites\/22\/2023\/12\/logo-nacional.png\",\"contentUrl\":\"https:\/\/noticiasya.com\/wp-content\/uploads\/sites\/22\/2023\/12\/logo-nacional.png\",\"width\":1801,\"height\":691,\"caption\":\"Noticias\"},\"image\":{\"@id\":\"https:\/\/noticiasya.com\/#\/schema\/logo\/image\/\"}}]}<\/script>\n<!-- \/ Yoast SEO plugin. -->","yoast_head_json":{"title":"Edmundo Gonz\u00e1lez Urrutia: \u201cMi salida de Venezuela es solo temporal\u201d - Noticias","robots":{"index":"index","follow":"follow","max-snippet":"max-snippet:-1","max-image-preview":"max-image-preview:large","max-video-preview":"max-video-preview:-1"},"canonical":"https:\/\/noticiasya.com\/2024\/10\/04\/edmundo-gonzalez-urrutia-salida-venezuela-temporal-orix\/","og_locale":"es_ES","og_type":"article","og_title":"Edmundo Gonz\u00e1lez Urrutia: \u201cMi salida de Venezuela es solo temporal\u201d - Noticias","og_description":"(CNN Espa\u00f1ol) &#8212; El l\u00edder opositor venezolano, Edmundo Gonz\u00e1lez, se\u00f1al\u00f3 este viernes en el marco del Foro La Toja, un espacio de debate pol\u00edtico que se celebra en el noroeste de Espa\u00f1a, que a pesar de haber dejado Venezuela como consecuencia de \u201cpresiones inenarrables y amenazas extremas\u201d, su \u201csalida del pa\u00eds es solo temporal\u201d. Gonz\u00e1lez [&hellip;]","og_url":"https:\/\/noticiasya.com\/2024\/10\/04\/edmundo-gonzalez-urrutia-salida-venezuela-temporal-orix\/","og_site_name":"Noticias","article_published_time":"2024-10-04T17:03:44+00:00","twitter_card":"summary_large_image","twitter_misc":{"Est. reading time":"2 minutos"},"schema":{"@context":"https:\/\/schema.org","@graph":[{"@type":"Article","@id":"https:\/\/noticiasya.com\/2024\/10\/04\/edmundo-gonzalez-urrutia-salida-venezuela-temporal-orix\/#article","isPartOf":{"@id":"https:\/\/noticiasya.com\/2024\/10\/04\/edmundo-gonzalez-urrutia-salida-venezuela-temporal-orix\/"},"author":{"name":"","@id":""},"headline":"Edmundo Gonz\u00e1lez Urrutia: \u201cMi salida de Venezuela es solo temporal\u201d","datePublished":"2024-10-04T17:03:44+00:00","mainEntityOfPage":{"@id":"https:\/\/noticiasya.com\/2024\/10\/04\/edmundo-gonzalez-urrutia-salida-venezuela-temporal-orix\/"},"wordCount":429,"commentCount":0,"publisher":{"@id":"https:\/\/noticiasya.com\/#organization"},"articleSection":["Noticias Nacionales"],"inLanguage":"es","potentialAction":[{"@type":"CommentAction","name":"Comment","target":["https:\/\/noticiasya.com\/2024\/10\/04\/edmundo-gonzalez-urrutia-salida-venezuela-temporal-orix\/#respond"]}]},{"@type":"WebPage","@id":"https:\/\/noticiasya.com\/2024\/10\/04\/edmundo-gonzalez-urrutia-salida-venezuela-temporal-orix\/","url":"https:\/\/noticiasya.com\/2024\/10\/04\/edmundo-gonzalez-urrutia-salida-venezuela-temporal-orix\/","name":"Edmundo Gonz\u00e1lez Urrutia: \u201cMi salida de Venezuela es solo temporal\u201d - Noticias","isPartOf":{"@id":"https:\/\/noticiasya.com\/#website"},"datePublished":"2024-10-04T17:03:44+00:00","breadcrumb":{"@id":"https:\/\/noticiasya.com\/2024\/10\/04\/edmundo-gonzalez-urrutia-salida-venezuela-temporal-orix\/#breadcrumb"},"inLanguage":"es","potentialAction":[{"@type":"ReadAction","target":["https:\/\/noticiasya.com\/2024\/10\/04\/edmundo-gonzalez-urrutia-salida-venezuela-temporal-orix\/"]}]},{"@type":"BreadcrumbList","@id":"https:\/\/noticiasya.com\/2024\/10\/04\/edmundo-gonzalez-urrutia-salida-venezuela-temporal-orix\/#breadcrumb","itemListElement":[{"@type":"ListItem","position":1,"name":"Home","item":"https:\/\/noticiasya.com\/"},{"@type":"ListItem","position":2,"name":"Edmundo Gonz\u00e1lez Urrutia: \u201cMi salida de Venezuela es solo temporal\u201d"}]},{"@type":"WebSite","@id":"https:\/\/noticiasya.com\/#website","url":"https:\/\/noticiasya.com\/","name":"Noticias","description":"Lo que importa","publisher":{"@id":"https:\/\/noticiasya.com\/#organization"},"potentialAction":[{"@type":"SearchAction","target":{"@type":"EntryPoint","urlTemplate":"https:\/\/noticiasya.com\/?s={search_term_string}"},"query-input":{"@type":"PropertyValueSpecification","valueRequired":true,"valueName":"search_term_string"}}],"inLanguage":"es"},{"@type":"Organization","@id":"https:\/\/noticiasya.com\/#organization","name":"Noticias","url":"https:\/\/noticiasya.com\/","logo":{"@type":"ImageObject","inLanguage":"es","@id":"https:\/\/noticiasya.com\/#\/schema\/logo\/image\/","url":"https:\/\/noticiasya.com\/wp-content\/uploads\/sites\/22\/2023\/12\/logo-nacional.png","contentUrl":"https:\/\/noticiasya.com\/wp-content\/uploads\/sites\/22\/2023\/12\/logo-nacional.png","width":1801,"height":691,"caption":"Noticias"},"image":{"@id":"https:\/\/noticiasya.com\/#\/schema\/logo\/image\/"}}]}},"parsely":{"version":"1.1.0","canonical_url":"https:\/\/noticiasya.com\/el-valle\/2024\/10\/04\/edmundo-gonzalez-urrutia-salida-venezuela-temporal-orix\/","smart_links":{"inbound":0,"outbound":0},"traffic_boost_suggestions_count":0,"meta":{"@context":"https:\/\/schema.org","@type":"NewsArticle","headline":"Edmundo Gonz\u00e1lez Urrutia: \u201cMi salida de Venezuela es solo temporal\u201d","url":"http:\/\/noticiasya.com\/el-valle\/2024\/10\/04\/edmundo-gonzalez-urrutia-salida-venezuela-temporal-orix\/","mainEntityOfPage":{"@type":"WebPage","@id":"http:\/\/noticiasya.com\/el-valle\/2024\/10\/04\/edmundo-gonzalez-urrutia-salida-venezuela-temporal-orix\/"},"thumbnailUrl":"","image":{"@type":"ImageObject","url":""},"articleSection":"Noticias Nacionales","author":[],"creator":[],"publisher":{"@type":"Organization","name":"Noticias","logo":""},"keywords":[],"dateCreated":"2024-10-04T17:03:44Z","datePublished":"2024-10-04T17:03:44Z","dateModified":"2024-10-04T17:03:44Z"},"rendered":"<script type=\"application\/ld+json\" class=\"wp-parsely-metadata\">{\"@context\":\"https:\\\/\\\/schema.org\",\"@type\":\"NewsArticle\",\"headline\":\"Edmundo Gonz\\u00e1lez Urrutia: \\u201cMi salida de Venezuela es solo temporal\\u201d\",\"url\":\"http:\\\/\\\/noticiasya.com\\\/el-valle\\\/2024\\\/10\\\/04\\\/edmundo-gonzalez-urrutia-salida-venezuela-temporal-orix\\\/\",\"mainEntityOfPage\":{\"@type\":\"WebPage\",\"@id\":\"http:\\\/\\\/noticiasya.com\\\/el-valle\\\/2024\\\/10\\\/04\\\/edmundo-gonzalez-urrutia-salida-venezuela-temporal-orix\\\/\"},\"thumbnailUrl\":\"\",\"image\":{\"@type\":\"ImageObject\",\"url\":\"\"},\"articleSection\":\"Noticias Nacionales\",\"author\":[],\"creator\":[],\"publisher\":{\"@type\":\"Organization\",\"name\":\"Noticias\",\"logo\":\"\"},\"keywords\":[],\"dateCreated\":\"2024-10-04T17:03:44Z\",\"datePublished\":\"2024-10-04T17:03:44Z\",\"dateModified\":\"2024-10-04T17:03:44Z\"}<\/script>","tracker_url":"https:\/\/cdn.parsely.com\/keys\/noticiasya.com\/p.js"},"jetpack_featured_media_url":"","jetpack-related-posts":[{"id":1452862,"url":"https:\/\/noticiasya.com\/el-valle\/2024\/09\/19\/edmundo-gonzalez-niega-coaccionado-espana-venezuela-orix\/","url_meta":{"origin":1454940,"position":0},"title":"Edmundo Gonz\u00e1lez niega haber sido coaccionado por funcionarios de Espa\u00f1a y agradece las gestiones para su salida de Venezuela","author":"","date":"septiembre 19, 2024","format":false,"excerpt":"(CNN Espa\u00f1ol) --\u00a0El candidato presidencial de la mayor\u00eda opositora venezolana, Edmundo Gonz\u00e1lez Urrutia, neg\u00f3 este jueves haber sido coaccionado por funcionarios de Espa\u00f1a cuando estuvo en la embajada de ese pa\u00eds en Caracas, como se\u00f1al\u00f3 el l\u00edder del opositor Partido Popular espa\u00f1ol (PP), Alberto N\u00fa\u00f1ez Feij\u00f3o.\u201cNo he sido coaccionado ni\u2026","rel":"","context":"In &quot;Noticias Nacionales&quot;","block_context":{"text":"Noticias Nacionales","link":"https:\/\/noticiasya.com\/el-valle\/categoria\/noticias-nacionales"},"img":{"alt_text":"","src":"","width":0,"height":0},"classes":[]},{"id":1454942,"url":"https:\/\/noticiasya.com\/el-valle\/2024\/10\/04\/edmundo-gonzalez-yo-voy-el-10-de-enero-a-tomar-posesion-de-mi-cargo-orix\/","url_meta":{"origin":1454940,"position":1},"title":"Edmundo Gonz\u00e1lez: \u201cYo voy el 10 de enero a tomar posesi\u00f3n de mi cargo\u201d","author":"","date":"octubre 4, 2024","format":false,"excerpt":"(CNN Espa\u00f1ol) --\u00a0\u201cYo voy el 10 de enero a tomar posesi\u00f3n de mi cargo como presidente electo de Venezuela\u201d.Con una convicci\u00f3n que no hab\u00eda mostrado desde su llegada a Espa\u00f1a, Edmundo Gonz\u00e1lez afirm\u00f3 este viernes en el Foro La Toja, un espacio de debate pol\u00edtico que se celebra en el\u2026","rel":"","context":"In &quot;Noticias Nacionales&quot;","block_context":{"text":"Noticias Nacionales","link":"https:\/\/noticiasya.com\/el-valle\/categoria\/noticias-nacionales"},"img":{"alt_text":"","src":"","width":0,"height":0},"classes":[]},{"id":1452457,"url":"https:\/\/noticiasya.com\/el-valle\/2024\/09\/05\/presidente-consejo-ministros-peru-edmundo-gonzalez-venezuela-orix\/","url_meta":{"origin":1454940,"position":2},"title":"Presidente del Consejo de Ministros de Per\u00fa afirma que Edmundo Gonz\u00e1lez no es el presidente electo de Venezuela","author":"","date":"septiembre 5, 2024","format":false,"excerpt":"(CNN Espa\u00f1ol) \u2013\u2013 El presidente del Consejo de Ministros de Per\u00fa, Gustavo Adrianz\u00e9n, neg\u00f3 este jueves que su pa\u00eds haya reconocido a Edmundo Gonz\u00e1lez Urrutia como presidente electo de Venezuela y desautoriz\u00f3 lo que hab\u00eda dicho el entonces canciller Javier Gonz\u00e1lez-Olaechea tras las elecciones.En declaraciones al medio local RPP, Adrianz\u00e9n\u2026","rel":"","context":"In &quot;Noticias Nacionales&quot;","block_context":{"text":"Noticias Nacionales","link":"https:\/\/noticiasya.com\/el-valle\/categoria\/noticias-nacionales"},"img":{"alt_text":"","src":"","width":0,"height":0},"classes":[]},{"id":1454999,"url":"https:\/\/noticiasya.com\/el-valle\/2024\/10\/08\/venezuela-romper-relaciones-espana-asamblea-nacional-maduro-orix\/","url_meta":{"origin":1454940,"position":3},"title":"La Asamblea Nacional de Venezuela pide a Maduro romper relaciones con Espa\u00f1a","author":"","date":"octubre 8, 2024","format":false,"excerpt":"(CNN Espa\u00f1ol) -- La Asamblea Nacional de Venezuela controlada por el chavismo aprob\u00f3 este martes un acuerdo para pedirle al presidente Nicol\u00e1s Maduro que rompa relaciones diplom\u00e1ticas, consulares y comerciales con el Reino de Espa\u00f1a, en represalia por la decisi\u00f3n del Congreso de los Diputados, aunque con el voto en\u2026","rel":"","context":"In &quot;Noticias Nacionales&quot;","block_context":{"text":"Noticias Nacionales","link":"https:\/\/noticiasya.com\/el-valle\/categoria\/noticias-nacionales"},"img":{"alt_text":"","src":"","width":0,"height":0},"classes":[]},{"id":1469779,"url":"https:\/\/noticiasya.com\/el-valle\/2026\/01\/04\/edmundo-gonzalez-presidente-mensaje-maduro-orix\/","url_meta":{"origin":1454940,"position":4},"title":"Edmundo Gonz\u00e1lez Urrutia hace un llamado a la serenidad &#171;como presidente de los venezolanos&#187;","author":"","date":"enero 4, 2026","format":false,"excerpt":"El l\u00edder opositor Edmundo Gonz\u00e1lez dijo este domingo que, \u201ccomo presidente de los venezolanos\u201d, las fuerzas armadas de Venezuela deben \u201chacer cumplir\u201d la victoria electoral que, seg\u00fan alegan \u00e9l y su movimiento pol\u00edtico, obtuvo en las elecciones presidenciales del 28 de julio de 2024.\u201cComo presidente de los venezolanos, hago un\u2026","rel":"","context":"In &quot;Noticias Nacionales&quot;","block_context":{"text":"Noticias Nacionales","link":"https:\/\/noticiasya.com\/el-valle\/categoria\/noticias-nacionales"},"img":{"alt_text":"","src":"","width":0,"height":0},"classes":[]},{"id":1453280,"url":"https:\/\/noticiasya.com\/el-valle\/2024\/10\/02\/maria-corina-machado-no-se-va-venezuela-orix\/","url_meta":{"origin":1454940,"position":5},"title":"Mar\u00eda Corina Machado asegura que no se va de Venezuela luego de que Maduro especulara con una supuesta salida","author":"","date":"octubre 2, 2024","format":false,"excerpt":"(CNN Espa\u00f1ol) -- La l\u00edder opositora venezolana Mar\u00eda Corina Machado asegur\u00f3 que no tiene planes para salir del pa\u00eds, luego de que el s\u00e1bado el presidente Nicol\u00e1s Maduro dijera, sin pruebas, que la exdiputada \u201cest\u00e1 preparando maletas\u201d para dejar territorio venezolano.\u201cAqu\u00ed seguimos de frente con los venezolanos, cerca, a pesar\u2026","rel":"","context":"In &quot;Noticias Nacionales&quot;","block_context":{"text":"Noticias Nacionales","link":"https:\/\/noticiasya.com\/el-valle\/categoria\/noticias-nacionales"},"img":{"alt_text":"","src":"","width":0,"height":0},"classes":[]}],"jetpack_sharing_enabled":true,"_links":{"self":[{"href":"https:\/\/noticiasya.com\/el-valle\/wp-json\/wp\/v2\/posts\/1454940","targetHints":{"allow":["GET"]}}],"collection":[{"href":"https:\/\/noticiasya.com\/el-valle\/wp-json\/wp\/v2\/posts"}],"about":[{"href":"https:\/\/noticiasya.com\/el-valle\/wp-json\/wp\/v2\/types\/post"}],"replies":[{"embeddable":true,"href":"https:\/\/noticiasya.com\/el-valle\/wp-json\/wp\/v2\/comments?post=1454940"}],"version-history":[{"count":0,"href":"https:\/\/noticiasya.com\/el-valle\/wp-json\/wp\/v2\/posts\/1454940\/revisions"}],"wp:attachment":[{"href":"https:\/\/noticiasya.com\/el-valle\/wp-json\/wp\/v2\/media?parent=1454940"}],"wp:term":[{"taxonomy":"category","embeddable":true,"href":"https:\/\/noticiasya.com\/el-valle\/wp-json\/wp\/v2\/categories?post=1454940"},{"taxonomy":"post_tag","embeddable":true,"href":"https:\/\/noticiasya.com\/el-valle\/wp-json\/wp\/v2\/tags?post=1454940"}],"curies":[{"name":"wp","href":"https:\/\/api.w.org\/{rel}","templated":true}]}}