{"id":1454942,"date":"2024-10-04T12:03:52","date_gmt":"2024-10-04T19:03:52","guid":{"rendered":"https:\/\/noticiasya.com\/2024\/10\/04\/edmundo-gonzalez-yo-voy-el-10-de-enero-a-tomar-posesion-de-mi-cargo-orix\/"},"modified":"2024-10-04T12:03:52","modified_gmt":"2024-10-04T19:03:52","slug":"edmundo-gonzalez-yo-voy-el-10-de-enero-a-tomar-posesion-de-mi-cargo-orix","status":"publish","type":"post","link":"https:\/\/noticiasya.com\/el-valle\/2024\/10\/04\/edmundo-gonzalez-yo-voy-el-10-de-enero-a-tomar-posesion-de-mi-cargo-orix\/","title":{"rendered":"Edmundo Gonz\u00e1lez: \u201cYo voy el 10 de enero a tomar posesi\u00f3n de mi cargo\u201d"},"content":{"rendered":"<p>(CNN Espa\u00f1ol) &#8212;\u00a0\u201cYo voy el 10 de enero a tomar posesi\u00f3n de mi cargo como presidente electo de Venezuela\u201d.<\/p>\n<p>Con una convicci\u00f3n que no hab\u00eda mostrado desde su llegada a Espa\u00f1a, Edmundo Gonz\u00e1lez afirm\u00f3 este viernes en el Foro La Toja, un espacio de debate pol\u00edtico que se celebra en el noroeste de Espa\u00f1a, que retornar\u00e1 a su pa\u00eds natal para cumplir con \u201cla voluntad popular de ocho millones de venezolanos\u201d.<\/p>\n<p>Sin una fecha exacta para materializar ese retorno, que depender\u00e1 de \u201ccuando restauremos la democracia en nuestro pa\u00eds\u201d, Gonz\u00e1lez Urrutia apunt\u00f3 con humor que eso puede ocurrir en cualquier momento. \u201cEl presidente Maduro adelant\u00f3 la Navidad al primero de octubre, no ser\u00eda raro que pueda yo adelantar mi regreso tambi\u00e9n\u201d.<\/p>\n<p>Edmundo Gonz\u00e1lez Urrutia: \u201cMi salida de Venezuela es solo temporal\u201d<\/p>\n<p>Preguntado por un periodista sobre si su caso puede terminar perdiendo apoyos, como sucedi\u00f3 con Juan Guaid\u00f3, quien en 2019 recibi\u00f3 sin \u00e9xito avales internacionales que le reconoc\u00edan como presidente interino de Venezuela, Gonz\u00e1lez Urrutia se\u00f1al\u00f3 que \u201cson dos personajes distintos\u201d. \u201cGuaid\u00f3 tuvo una designaci\u00f3n por la Asamblea Nacional, yo tuve el respaldo de cerca de 8 millones de venezolanos que me eligieron en una jornada electoral el 28 de julio\u201d.<\/p>\n<p>En ese sentido, asegur\u00f3 que no se siente abandonado y pone como ejemplo la declaraci\u00f3n que una treintena de pa\u00edses firmaron la semana pasada en los m\u00e1rgenes de la Asamblea General de las Naciones Unidas, que reconoc\u00eda la victoria de Gonz\u00e1lez Urrutia en las elecciones. \u201cLo que hace falta es la voluntad pol\u00edtica para reconocer, respetar los resultados y reconocer la voluntad de 8 millones de venezolanos que votaron por mi candidatura.\u201d<\/p>\n<p>Preguntado sobre cu\u00e1l ser\u00eda el destino de Nicol\u00e1s Maduro en caso de que realmente logre tomar posesi\u00f3n como presidente de Venezuela se mostr\u00f3 conciso: \u201cEl que \u00e9l desee, yo ah\u00ed no me meto\u201d.<\/p>\n<p>The-CNN-Wire<br \/>&trade; &amp; &copy; 2024 Cable News Network, Inc., a Warner Bros. Discovery Company. All rights reserved.<\/p>\n","protected":false},"excerpt":{"rendered":"<p>(CNN Espa\u00f1ol) &#8212;\u00a0\u201cYo voy el 10 de enero a tomar posesi\u00f3n de mi cargo como presidente electo de Venezuela\u201d. Con una convicci\u00f3n que no hab\u00eda mostrado desde su llegada a Espa\u00f1a, Edmundo Gonz\u00e1lez afirm\u00f3 este viernes en el Foro La Toja, un espacio de debate pol\u00edtico que se celebra en el noroeste de Espa\u00f1a, que [&hellip;]<\/p>\n","protected":false},"author":0,"featured_media":0,"comment_status":"open","ping_status":"open","sticky":false,"template":"","format":"standard","meta":{"_jetpack_memberships_contains_paid_content":false,"footnotes":""},"categories":[10],"tags":[],"class_list":["post-1454942","post","type-post","status-publish","format-standard","hentry","category-noticias-nacionales","market-global"],"yoast_head":"<!-- This site is optimized with the Yoast SEO plugin v24.4 - https:\/\/yoast.com\/wordpress\/plugins\/seo\/ -->\n<title>Edmundo Gonz\u00e1lez: \u201cYo voy el 10 de enero a tomar posesi\u00f3n de mi cargo\u201d - Noticias<\/title>\n<meta name=\"robots\" content=\"index, follow, max-snippet:-1, max-image-preview:large, max-video-preview:-1\" \/>\n<link rel=\"canonical\" href=\"https:\/\/noticiasya.com\/2024\/10\/04\/edmundo-gonzalez-yo-voy-el-10-de-enero-a-tomar-posesion-de-mi-cargo-orix\/\" \/>\n<meta property=\"og:locale\" content=\"es_ES\" \/>\n<meta property=\"og:type\" content=\"article\" \/>\n<meta property=\"og:title\" content=\"Edmundo Gonz\u00e1lez: \u201cYo voy el 10 de enero a tomar posesi\u00f3n de mi cargo\u201d - Noticias\" \/>\n<meta property=\"og:description\" content=\"(CNN Espa\u00f1ol) &#8212;\u00a0\u201cYo voy el 10 de enero a tomar posesi\u00f3n de mi cargo como presidente electo de Venezuela\u201d. Con una convicci\u00f3n que no hab\u00eda mostrado desde su llegada a Espa\u00f1a, Edmundo Gonz\u00e1lez afirm\u00f3 este viernes en el Foro La Toja, un espacio de debate pol\u00edtico que se celebra en el noroeste de Espa\u00f1a, que [&hellip;]\" \/>\n<meta property=\"og:url\" content=\"https:\/\/noticiasya.com\/2024\/10\/04\/edmundo-gonzalez-yo-voy-el-10-de-enero-a-tomar-posesion-de-mi-cargo-orix\/\" \/>\n<meta property=\"og:site_name\" content=\"Noticias\" \/>\n<meta property=\"article:published_time\" content=\"2024-10-04T19:03:52+00:00\" \/>\n<meta name=\"twitter:card\" content=\"summary_large_image\" \/>\n<meta name=\"twitter:label1\" content=\"Est. reading time\" \/>\n\t<meta name=\"twitter:data1\" content=\"2 minutos\" \/>\n<script type=\"application\/ld+json\" class=\"yoast-schema-graph\">{\"@context\":\"https:\/\/schema.org\",\"@graph\":[{\"@type\":\"Article\",\"@id\":\"https:\/\/noticiasya.com\/2024\/10\/04\/edmundo-gonzalez-yo-voy-el-10-de-enero-a-tomar-posesion-de-mi-cargo-orix\/#article\",\"isPartOf\":{\"@id\":\"https:\/\/noticiasya.com\/2024\/10\/04\/edmundo-gonzalez-yo-voy-el-10-de-enero-a-tomar-posesion-de-mi-cargo-orix\/\"},\"author\":{\"name\":\"\",\"@id\":\"\"},\"headline\":\"Edmundo Gonz\u00e1lez: \u201cYo voy el 10 de enero a tomar posesi\u00f3n de mi cargo\u201d\",\"datePublished\":\"2024-10-04T19:03:52+00:00\",\"mainEntityOfPage\":{\"@id\":\"https:\/\/noticiasya.com\/2024\/10\/04\/edmundo-gonzalez-yo-voy-el-10-de-enero-a-tomar-posesion-de-mi-cargo-orix\/\"},\"wordCount\":362,\"commentCount\":0,\"publisher\":{\"@id\":\"https:\/\/noticiasya.com\/#organization\"},\"articleSection\":[\"Noticias Nacionales\"],\"inLanguage\":\"es\",\"potentialAction\":[{\"@type\":\"CommentAction\",\"name\":\"Comment\",\"target\":[\"https:\/\/noticiasya.com\/2024\/10\/04\/edmundo-gonzalez-yo-voy-el-10-de-enero-a-tomar-posesion-de-mi-cargo-orix\/#respond\"]}]},{\"@type\":\"WebPage\",\"@id\":\"https:\/\/noticiasya.com\/2024\/10\/04\/edmundo-gonzalez-yo-voy-el-10-de-enero-a-tomar-posesion-de-mi-cargo-orix\/\",\"url\":\"https:\/\/noticiasya.com\/2024\/10\/04\/edmundo-gonzalez-yo-voy-el-10-de-enero-a-tomar-posesion-de-mi-cargo-orix\/\",\"name\":\"Edmundo Gonz\u00e1lez: \u201cYo voy el 10 de enero a tomar posesi\u00f3n de mi cargo\u201d - Noticias\",\"isPartOf\":{\"@id\":\"https:\/\/noticiasya.com\/#website\"},\"datePublished\":\"2024-10-04T19:03:52+00:00\",\"breadcrumb\":{\"@id\":\"https:\/\/noticiasya.com\/2024\/10\/04\/edmundo-gonzalez-yo-voy-el-10-de-enero-a-tomar-posesion-de-mi-cargo-orix\/#breadcrumb\"},\"inLanguage\":\"es\",\"potentialAction\":[{\"@type\":\"ReadAction\",\"target\":[\"https:\/\/noticiasya.com\/2024\/10\/04\/edmundo-gonzalez-yo-voy-el-10-de-enero-a-tomar-posesion-de-mi-cargo-orix\/\"]}]},{\"@type\":\"BreadcrumbList\",\"@id\":\"https:\/\/noticiasya.com\/2024\/10\/04\/edmundo-gonzalez-yo-voy-el-10-de-enero-a-tomar-posesion-de-mi-cargo-orix\/#breadcrumb\",\"itemListElement\":[{\"@type\":\"ListItem\",\"position\":1,\"name\":\"Home\",\"item\":\"https:\/\/noticiasya.com\/\"},{\"@type\":\"ListItem\",\"position\":2,\"name\":\"Edmundo Gonz\u00e1lez: \u201cYo voy el 10 de enero a tomar posesi\u00f3n de mi cargo\u201d\"}]},{\"@type\":\"WebSite\",\"@id\":\"https:\/\/noticiasya.com\/#website\",\"url\":\"https:\/\/noticiasya.com\/\",\"name\":\"Noticias\",\"description\":\"Lo que importa\",\"publisher\":{\"@id\":\"https:\/\/noticiasya.com\/#organization\"},\"potentialAction\":[{\"@type\":\"SearchAction\",\"target\":{\"@type\":\"EntryPoint\",\"urlTemplate\":\"https:\/\/noticiasya.com\/?s={search_term_string}\"},\"query-input\":{\"@type\":\"PropertyValueSpecification\",\"valueRequired\":true,\"valueName\":\"search_term_string\"}}],\"inLanguage\":\"es\"},{\"@type\":\"Organization\",\"@id\":\"https:\/\/noticiasya.com\/#organization\",\"name\":\"Noticias\",\"url\":\"https:\/\/noticiasya.com\/\",\"logo\":{\"@type\":\"ImageObject\",\"inLanguage\":\"es\",\"@id\":\"https:\/\/noticiasya.com\/#\/schema\/logo\/image\/\",\"url\":\"https:\/\/noticiasya.com\/wp-content\/uploads\/sites\/22\/2023\/12\/logo-nacional.png\",\"contentUrl\":\"https:\/\/noticiasya.com\/wp-content\/uploads\/sites\/22\/2023\/12\/logo-nacional.png\",\"width\":1801,\"height\":691,\"caption\":\"Noticias\"},\"image\":{\"@id\":\"https:\/\/noticiasya.com\/#\/schema\/logo\/image\/\"}}]}<\/script>\n<!-- \/ Yoast SEO plugin. -->","yoast_head_json":{"title":"Edmundo Gonz\u00e1lez: \u201cYo voy el 10 de enero a tomar posesi\u00f3n de mi cargo\u201d - Noticias","robots":{"index":"index","follow":"follow","max-snippet":"max-snippet:-1","max-image-preview":"max-image-preview:large","max-video-preview":"max-video-preview:-1"},"canonical":"https:\/\/noticiasya.com\/2024\/10\/04\/edmundo-gonzalez-yo-voy-el-10-de-enero-a-tomar-posesion-de-mi-cargo-orix\/","og_locale":"es_ES","og_type":"article","og_title":"Edmundo Gonz\u00e1lez: \u201cYo voy el 10 de enero a tomar posesi\u00f3n de mi cargo\u201d - Noticias","og_description":"(CNN Espa\u00f1ol) &#8212;\u00a0\u201cYo voy el 10 de enero a tomar posesi\u00f3n de mi cargo como presidente electo de Venezuela\u201d. Con una convicci\u00f3n que no hab\u00eda mostrado desde su llegada a Espa\u00f1a, Edmundo Gonz\u00e1lez afirm\u00f3 este viernes en el Foro La Toja, un espacio de debate pol\u00edtico que se celebra en el noroeste de Espa\u00f1a, que [&hellip;]","og_url":"https:\/\/noticiasya.com\/2024\/10\/04\/edmundo-gonzalez-yo-voy-el-10-de-enero-a-tomar-posesion-de-mi-cargo-orix\/","og_site_name":"Noticias","article_published_time":"2024-10-04T19:03:52+00:00","twitter_card":"summary_large_image","twitter_misc":{"Est. reading time":"2 minutos"},"schema":{"@context":"https:\/\/schema.org","@graph":[{"@type":"Article","@id":"https:\/\/noticiasya.com\/2024\/10\/04\/edmundo-gonzalez-yo-voy-el-10-de-enero-a-tomar-posesion-de-mi-cargo-orix\/#article","isPartOf":{"@id":"https:\/\/noticiasya.com\/2024\/10\/04\/edmundo-gonzalez-yo-voy-el-10-de-enero-a-tomar-posesion-de-mi-cargo-orix\/"},"author":{"name":"","@id":""},"headline":"Edmundo Gonz\u00e1lez: \u201cYo voy el 10 de enero a tomar posesi\u00f3n de mi cargo\u201d","datePublished":"2024-10-04T19:03:52+00:00","mainEntityOfPage":{"@id":"https:\/\/noticiasya.com\/2024\/10\/04\/edmundo-gonzalez-yo-voy-el-10-de-enero-a-tomar-posesion-de-mi-cargo-orix\/"},"wordCount":362,"commentCount":0,"publisher":{"@id":"https:\/\/noticiasya.com\/#organization"},"articleSection":["Noticias Nacionales"],"inLanguage":"es","potentialAction":[{"@type":"CommentAction","name":"Comment","target":["https:\/\/noticiasya.com\/2024\/10\/04\/edmundo-gonzalez-yo-voy-el-10-de-enero-a-tomar-posesion-de-mi-cargo-orix\/#respond"]}]},{"@type":"WebPage","@id":"https:\/\/noticiasya.com\/2024\/10\/04\/edmundo-gonzalez-yo-voy-el-10-de-enero-a-tomar-posesion-de-mi-cargo-orix\/","url":"https:\/\/noticiasya.com\/2024\/10\/04\/edmundo-gonzalez-yo-voy-el-10-de-enero-a-tomar-posesion-de-mi-cargo-orix\/","name":"Edmundo Gonz\u00e1lez: \u201cYo voy el 10 de enero a tomar posesi\u00f3n de mi cargo\u201d - Noticias","isPartOf":{"@id":"https:\/\/noticiasya.com\/#website"},"datePublished":"2024-10-04T19:03:52+00:00","breadcrumb":{"@id":"https:\/\/noticiasya.com\/2024\/10\/04\/edmundo-gonzalez-yo-voy-el-10-de-enero-a-tomar-posesion-de-mi-cargo-orix\/#breadcrumb"},"inLanguage":"es","potentialAction":[{"@type":"ReadAction","target":["https:\/\/noticiasya.com\/2024\/10\/04\/edmundo-gonzalez-yo-voy-el-10-de-enero-a-tomar-posesion-de-mi-cargo-orix\/"]}]},{"@type":"BreadcrumbList","@id":"https:\/\/noticiasya.com\/2024\/10\/04\/edmundo-gonzalez-yo-voy-el-10-de-enero-a-tomar-posesion-de-mi-cargo-orix\/#breadcrumb","itemListElement":[{"@type":"ListItem","position":1,"name":"Home","item":"https:\/\/noticiasya.com\/"},{"@type":"ListItem","position":2,"name":"Edmundo Gonz\u00e1lez: \u201cYo voy el 10 de enero a tomar posesi\u00f3n de mi cargo\u201d"}]},{"@type":"WebSite","@id":"https:\/\/noticiasya.com\/#website","url":"https:\/\/noticiasya.com\/","name":"Noticias","description":"Lo que importa","publisher":{"@id":"https:\/\/noticiasya.com\/#organization"},"potentialAction":[{"@type":"SearchAction","target":{"@type":"EntryPoint","urlTemplate":"https:\/\/noticiasya.com\/?s={search_term_string}"},"query-input":{"@type":"PropertyValueSpecification","valueRequired":true,"valueName":"search_term_string"}}],"inLanguage":"es"},{"@type":"Organization","@id":"https:\/\/noticiasya.com\/#organization","name":"Noticias","url":"https:\/\/noticiasya.com\/","logo":{"@type":"ImageObject","inLanguage":"es","@id":"https:\/\/noticiasya.com\/#\/schema\/logo\/image\/","url":"https:\/\/noticiasya.com\/wp-content\/uploads\/sites\/22\/2023\/12\/logo-nacional.png","contentUrl":"https:\/\/noticiasya.com\/wp-content\/uploads\/sites\/22\/2023\/12\/logo-nacional.png","width":1801,"height":691,"caption":"Noticias"},"image":{"@id":"https:\/\/noticiasya.com\/#\/schema\/logo\/image\/"}}]}},"parsely":{"version":"1.1.0","canonical_url":"https:\/\/noticiasya.com\/el-valle\/2024\/10\/04\/edmundo-gonzalez-yo-voy-el-10-de-enero-a-tomar-posesion-de-mi-cargo-orix\/","smart_links":{"inbound":0,"outbound":0},"traffic_boost_suggestions_count":0,"meta":{"@context":"https:\/\/schema.org","@type":"NewsArticle","headline":"Edmundo Gonz\u00e1lez: \u201cYo voy el 10 de enero a tomar posesi\u00f3n de mi cargo\u201d","url":"http:\/\/noticiasya.com\/el-valle\/2024\/10\/04\/edmundo-gonzalez-yo-voy-el-10-de-enero-a-tomar-posesion-de-mi-cargo-orix\/","mainEntityOfPage":{"@type":"WebPage","@id":"http:\/\/noticiasya.com\/el-valle\/2024\/10\/04\/edmundo-gonzalez-yo-voy-el-10-de-enero-a-tomar-posesion-de-mi-cargo-orix\/"},"thumbnailUrl":"","image":{"@type":"ImageObject","url":""},"articleSection":"Noticias Nacionales","author":[],"creator":[],"publisher":{"@type":"Organization","name":"Noticias","logo":""},"keywords":[],"dateCreated":"2024-10-04T19:03:52Z","datePublished":"2024-10-04T19:03:52Z","dateModified":"2024-10-04T19:03:52Z"},"rendered":"<script type=\"application\/ld+json\" class=\"wp-parsely-metadata\">{\"@context\":\"https:\\\/\\\/schema.org\",\"@type\":\"NewsArticle\",\"headline\":\"Edmundo Gonz\\u00e1lez: \\u201cYo voy el 10 de enero a tomar posesi\\u00f3n de mi cargo\\u201d\",\"url\":\"http:\\\/\\\/noticiasya.com\\\/el-valle\\\/2024\\\/10\\\/04\\\/edmundo-gonzalez-yo-voy-el-10-de-enero-a-tomar-posesion-de-mi-cargo-orix\\\/\",\"mainEntityOfPage\":{\"@type\":\"WebPage\",\"@id\":\"http:\\\/\\\/noticiasya.com\\\/el-valle\\\/2024\\\/10\\\/04\\\/edmundo-gonzalez-yo-voy-el-10-de-enero-a-tomar-posesion-de-mi-cargo-orix\\\/\"},\"thumbnailUrl\":\"\",\"image\":{\"@type\":\"ImageObject\",\"url\":\"\"},\"articleSection\":\"Noticias Nacionales\",\"author\":[],\"creator\":[],\"publisher\":{\"@type\":\"Organization\",\"name\":\"Noticias\",\"logo\":\"\"},\"keywords\":[],\"dateCreated\":\"2024-10-04T19:03:52Z\",\"datePublished\":\"2024-10-04T19:03:52Z\",\"dateModified\":\"2024-10-04T19:03:52Z\"}<\/script>","tracker_url":"https:\/\/cdn.parsely.com\/keys\/noticiasya.com\/p.js"},"jetpack_featured_media_url":"","jetpack-related-posts":[{"id":1457367,"url":"https:\/\/noticiasya.com\/el-valle\/2025\/01\/08\/maduro-edmundo-gonzalez-urrutia-posesion-presidencia-orix\/","url_meta":{"origin":1454942,"position":0},"title":"As\u00ed lleg\u00f3 Venezuela a este punto: tanto Maduro como Gonz\u00e1lez Urrutia apuntan a tomar posesi\u00f3n de la Presidencia","author":"","date":"enero 8, 2025","format":false,"excerpt":"El 10 de enero, seg\u00fan la Constituci\u00f3n de Venezuela, comienza el nuevo per\u00edodo de gobierno, pero la controversia por los resultados de la elecci\u00f3n del 28 de julio se mantiene viva. Tanto Nicol\u00e1s Maduro como Edmundo Gonz\u00e1lez aseguran que prestar\u00e1n juramento este viernes. \u00bfC\u00f3mo lleg\u00f3 Venezuela a este punto?El Poder\u2026","rel":"","context":"In &quot;Noticias Nacionales&quot;","block_context":{"text":"Noticias Nacionales","link":"https:\/\/noticiasya.com\/el-valle\/categoria\/noticias-nacionales"},"img":{"alt_text":"","src":"","width":0,"height":0},"classes":[]},{"id":1457521,"url":"https:\/\/noticiasya.com\/el-valle\/2025\/01\/14\/edmundo-gonzalez-urrutia-llega-a-guatemala-orix\/","url_meta":{"origin":1454942,"position":1},"title":"Edmundo Gonz\u00e1lez Urrutia llega a Guatemala y alista reuni\u00f3n con el presidente Ar\u00e9valo","author":"","date":"enero 14, 2025","format":false,"excerpt":"El l\u00edder opositor venezolano Edmundo Gonz\u00e1lez Urrutia lleg\u00f3 este martes a Ciudad de Guatemala, donde alista una reuni\u00f3n con el presidente Bernardo Ar\u00e9valo, confirm\u00f3 la canciller\u00eda de ese pa\u00eds.El Ministerio de Exteriores a\u00f1adi\u00f3 en un mensaje enviado a periodistas que el encuentro ser\u00e1 este mi\u00e9rcoles, sin que hasta el momento\u2026","rel":"","context":"In &quot;Noticias Nacionales&quot;","block_context":{"text":"Noticias Nacionales","link":"https:\/\/noticiasya.com\/el-valle\/categoria\/noticias-nacionales"},"img":{"alt_text":"","src":"","width":0,"height":0},"classes":[]},{"id":1452862,"url":"https:\/\/noticiasya.com\/el-valle\/2024\/09\/19\/edmundo-gonzalez-niega-coaccionado-espana-venezuela-orix\/","url_meta":{"origin":1454942,"position":2},"title":"Edmundo Gonz\u00e1lez niega haber sido coaccionado por funcionarios de Espa\u00f1a y agradece las gestiones para su salida de Venezuela","author":"","date":"septiembre 19, 2024","format":false,"excerpt":"(CNN Espa\u00f1ol) --\u00a0El candidato presidencial de la mayor\u00eda opositora venezolana, Edmundo Gonz\u00e1lez Urrutia, neg\u00f3 este jueves haber sido coaccionado por funcionarios de Espa\u00f1a cuando estuvo en la embajada de ese pa\u00eds en Caracas, como se\u00f1al\u00f3 el l\u00edder del opositor Partido Popular espa\u00f1ol (PP), Alberto N\u00fa\u00f1ez Feij\u00f3o.\u201cNo he sido coaccionado ni\u2026","rel":"","context":"In &quot;Noticias Nacionales&quot;","block_context":{"text":"Noticias Nacionales","link":"https:\/\/noticiasya.com\/el-valle\/categoria\/noticias-nacionales"},"img":{"alt_text":"","src":"","width":0,"height":0},"classes":[]},{"id":1452835,"url":"https:\/\/noticiasya.com\/el-valle\/2024\/09\/19\/espana-niega-implicacion-con-documento-que-edmundo-gonzalez-firmo-orix\/","url_meta":{"origin":1454942,"position":3},"title":"Espa\u00f1a niega cualquier implicaci\u00f3n con el documento que Edmundo Gonz\u00e1lez firm\u00f3 antes de salir de Venezuela","author":"","date":"septiembre 19, 2024","format":false,"excerpt":"(CNN Espa\u00f1ol) -- El Ministerio de Asuntos Exteriores de Espa\u00f1a inform\u00f3 este jueves a CNN que \"el Gobierno de Espa\u00f1a no tiene nada que ver con cualquier documento o negociaci\u00f3n entre Edmundo Gonz\u00e1lez y el Gobierno de Venezuela\u201d, en referencia al documento que el l\u00edder opositor firm\u00f3 antes de salir\u2026","rel":"","context":"In &quot;Noticias Nacionales&quot;","block_context":{"text":"Noticias Nacionales","link":"https:\/\/noticiasya.com\/el-valle\/categoria\/noticias-nacionales"},"img":{"alt_text":"","src":"","width":0,"height":0},"classes":[]},{"id":1456797,"url":"https:\/\/noticiasya.com\/el-valle\/2024\/12\/20\/espana-asilo-edmundo-gonzalez-efe\/","url_meta":{"origin":1454942,"position":4},"title":"Espa\u00f1a concede el asilo a Edmundo Gonz\u00e1lez Urrutia","author":"","date":"diciembre 20, 2024","format":false,"excerpt":"El ministro espa\u00f1ol de Exteriores, Jos\u00e9 Manuel Albares, confirm\u00f3 que Espa\u00f1a ha concedido ya al dirigente opositor venezolano Edmundo Gonz\u00e1lez Urrutia el estatuto de asilo que hab\u00eda solicitado tras su llegada a Espa\u00f1a el pasado 8 de septiembre, y que se le notificar\u00e1 en los pr\u00f3ximos d\u00edas.Albares lo explic\u00f3 en\u2026","rel":"","context":"In &quot;Noticias Nacionales&quot;","block_context":{"text":"Noticias Nacionales","link":"https:\/\/noticiasya.com\/el-valle\/categoria\/noticias-nacionales"},"img":{"alt_text":"","src":"","width":0,"height":0},"classes":[]},{"id":1454940,"url":"https:\/\/noticiasya.com\/el-valle\/2024\/10\/04\/edmundo-gonzalez-urrutia-salida-venezuela-temporal-orix\/","url_meta":{"origin":1454942,"position":5},"title":"Edmundo Gonz\u00e1lez Urrutia: \u201cMi salida de Venezuela es solo temporal\u201d","author":"","date":"octubre 4, 2024","format":false,"excerpt":"(CNN Espa\u00f1ol) -- El l\u00edder opositor venezolano, Edmundo Gonz\u00e1lez, se\u00f1al\u00f3 este viernes en el marco del Foro La Toja, un espacio de debate pol\u00edtico que se celebra en el noroeste de Espa\u00f1a, que a pesar de haber dejado Venezuela como consecuencia de \u201cpresiones inenarrables y amenazas extremas\u201d, su \u201csalida del\u2026","rel":"","context":"In &quot;Noticias Nacionales&quot;","block_context":{"text":"Noticias Nacionales","link":"https:\/\/noticiasya.com\/el-valle\/categoria\/noticias-nacionales"},"img":{"alt_text":"","src":"","width":0,"height":0},"classes":[]}],"jetpack_sharing_enabled":true,"_links":{"self":[{"href":"https:\/\/noticiasya.com\/el-valle\/wp-json\/wp\/v2\/posts\/1454942","targetHints":{"allow":["GET"]}}],"collection":[{"href":"https:\/\/noticiasya.com\/el-valle\/wp-json\/wp\/v2\/posts"}],"about":[{"href":"https:\/\/noticiasya.com\/el-valle\/wp-json\/wp\/v2\/types\/post"}],"replies":[{"embeddable":true,"href":"https:\/\/noticiasya.com\/el-valle\/wp-json\/wp\/v2\/comments?post=1454942"}],"version-history":[{"count":0,"href":"https:\/\/noticiasya.com\/el-valle\/wp-json\/wp\/v2\/posts\/1454942\/revisions"}],"wp:attachment":[{"href":"https:\/\/noticiasya.com\/el-valle\/wp-json\/wp\/v2\/media?parent=1454942"}],"wp:term":[{"taxonomy":"category","embeddable":true,"href":"https:\/\/noticiasya.com\/el-valle\/wp-json\/wp\/v2\/categories?post=1454942"},{"taxonomy":"post_tag","embeddable":true,"href":"https:\/\/noticiasya.com\/el-valle\/wp-json\/wp\/v2\/tags?post=1454942"}],"curies":[{"name":"wp","href":"https:\/\/api.w.org\/{rel}","templated":true}]}}