{"id":1454945,"date":"2024-10-04T15:03:47","date_gmt":"2024-10-04T22:03:47","guid":{"rendered":"https:\/\/noticiasya.com\/2024\/10\/04\/rey-espana-unidad-discrepancias-controversia-diplomatica-mexico-orix\/"},"modified":"2024-10-04T15:03:47","modified_gmt":"2024-10-04T22:03:47","slug":"rey-espana-unidad-discrepancias-controversia-diplomatica-mexico-orix","status":"publish","type":"post","link":"https:\/\/noticiasya.com\/el-valle\/2024\/10\/04\/rey-espana-unidad-discrepancias-controversia-diplomatica-mexico-orix\/","title":{"rendered":"El rey de Espa\u00f1a apela a la \u201cunidad\u201d sobre las \u201cdiscrepancias\u201d en medio de la controversia diplom\u00e1tica con M\u00e9xico"},"content":{"rendered":"<p>(CNN Espa\u00f1ol) &#8212;\u00a0El rey Felipe VI apel\u00f3 este viernes a la \u201cunidad\u201d sobre las \u201cdiscrepancias\u201d en los pa\u00edses iberoamericanos, durante su participaci\u00f3n en la inauguraci\u00f3n del Encuentro de las Academias Iberoamericanas de la Historia en Trujillo, Espa\u00f1a. Las declaraciones del monarca se producen d\u00edas despu\u00e9s de que la nueva presidenta de M\u00e9xico, Claudia Sheinbaum, no lo invitara a su ceremonia de investidura, desatando una pol\u00e9mica que termin\u00f3 con el gobierno espa\u00f1ol rechazando su propia invitaci\u00f3n por la omisi\u00f3n al rey.<\/p>\n<p>Sheinbaum, que s\u00ed invit\u00f3 al jefe del Gobierno espa\u00f1ol, Pedro S\u00e1nchez, explic\u00f3 que no hizo lo mismo con Felipe VI porque este no respondi\u00f3 a una carta que le envi\u00f3 en 2019 su predecesor, Andr\u00e9s Manuel L\u00f3pez Obrador, donde le ped\u00eda una disculpa p\u00fablica con los pueblos ind\u00edgenas de M\u00e9xico por los \u201cagravios causados\u201d durante la conquista espa\u00f1ola.<\/p>\n<p>Sheinbaum confirma que no invit\u00f3 al rey Felipe VI a su juramentaci\u00f3n, el Gobierno de Espa\u00f1a no enviar\u00e1 a ning\u00fan representante<\/p>\n<p>En Trujillo, el rey no hizo menci\u00f3n directa a la reciente pol\u00e9mica con M\u00e9xico, pero sostuvo que, al momento de hablar sobre las \u201cinevitables\u201d discrepancias en la comunidad iberoamericana, existe \u201cunidad en la diversidad, una cultura de culturas\u201d.<\/p>\n<p>\u201cSomos los iberoamericanos una unidad en la diversidad, una cultura de culturas. Nuestra relaci\u00f3n es tan honda que nos permite incluso hablar con franqueza de nuestras posibles discrepancias, inevitables en tantos siglos de historia compartida, pero siempre en el respeto basado en la amistad. No olvidemos que en este tiempo actual de grandes desaf\u00edos globales que requieren del esfuerzo coordinado de todos, el foco de nuestra relaci\u00f3n debe orientarse hacia el presente para as\u00ed preparar o construir un futuro a\u00fan mejor, de mayor provecho compartido, de mayores oportunidades\u201d, coment\u00f3 el monarca.<\/p>\n<p>Borrell dice que en M\u00e9xico hay \u201cabsoluta disposici\u00f3n a superar\u201d la pol\u00e9mica<\/p>\n<p>Un d\u00eda antes, el Alto Comisionado para Asuntos Exteriores de la Uni\u00f3n Europea, Josep Borrell, se refiri\u00f3 a la pol\u00e9mica desde El Grove, Espa\u00f1a. Coment\u00f3 que, al asistir a la asunci\u00f3n de Sheinbaum como representante de la UE, encontr\u00f3 en las autoridades mexicanas una \u201cabsoluta disposici\u00f3n a superar este tema\u201d.<\/p>\n<p>Borrell, quien era ministro para Asuntos Exteriores del Gobierno espa\u00f1ol en 2019, record\u00f3 que la pol\u00edtica exterior, al igual que cualquier asunto pol\u00edtico de Espa\u00f1a, no la hace el rey espa\u00f1ol.<\/p>\n<p>\u201cLa pol\u00edtica exterior, eso es parte de la pol\u00edtica exterior. Como cualquier otra pol\u00edtica, no la hace el rey en nuestro sistema constitucional. La hace el Gobierno, yo era parte del Gobierno y, por tanto, parte responsable de la respuesta o no respuesta que se dio a esa carta con la mejor intenci\u00f3n de evitar pol\u00e9micas in\u00fatiles y una escalada en la confrontaci\u00f3n dial\u00e9ctica con un pa\u00eds hermano como es M\u00e9xico, con quien nos unen tantos y tantos lazos, hasta familiares, culturales, de todo tipo. Y eso es el mensaje que he pasado a mis interlocutores mexicanos y he encontrado una absoluta disposici\u00f3n a superar este problema, reforzar nuestros lados y trabajar juntos por un futuro juntos\u201d.<\/p>\n<p>CNN ha solicitado un comentario a la Secretar\u00eda de Relaciones Exteriores de M\u00e9xico sobre las declaraciones tanto del rey Felipe VI como de Borrell, y est\u00e1 a la espera de una respuesta.<\/p>\n<p>The-CNN-Wire<br \/>&trade; &amp; &copy; 2024 Cable News Network, Inc., a Warner Bros. Discovery Company. All rights reserved.<\/p>\n","protected":false},"excerpt":{"rendered":"<p>(CNN Espa\u00f1ol) &#8212;\u00a0El rey Felipe VI apel\u00f3 este viernes a la \u201cunidad\u201d sobre las \u201cdiscrepancias\u201d en los pa\u00edses iberoamericanos, durante su participaci\u00f3n en la inauguraci\u00f3n del Encuentro de las Academias Iberoamericanas de la Historia en Trujillo, Espa\u00f1a. Las declaraciones del monarca se producen d\u00edas despu\u00e9s de que la nueva presidenta de M\u00e9xico, Claudia Sheinbaum, no [&hellip;]<\/p>\n","protected":false},"author":0,"featured_media":0,"comment_status":"open","ping_status":"open","sticky":false,"template":"","format":"standard","meta":{"_jetpack_memberships_contains_paid_content":false,"footnotes":""},"categories":[10],"tags":[],"class_list":["post-1454945","post","type-post","status-publish","format-standard","hentry","category-noticias-nacionales","market-global"],"yoast_head":"<!-- This site is optimized with the Yoast SEO plugin v24.4 - https:\/\/yoast.com\/wordpress\/plugins\/seo\/ -->\n<title>El rey de Espa\u00f1a apela a la \u201cunidad\u201d sobre las \u201cdiscrepancias\u201d en medio de la controversia diplom\u00e1tica con M\u00e9xico - Noticias<\/title>\n<meta name=\"robots\" content=\"index, follow, max-snippet:-1, max-image-preview:large, max-video-preview:-1\" \/>\n<link rel=\"canonical\" href=\"https:\/\/noticiasya.com\/2024\/10\/04\/rey-espana-unidad-discrepancias-controversia-diplomatica-mexico-orix\/\" \/>\n<meta property=\"og:locale\" content=\"es_ES\" \/>\n<meta property=\"og:type\" content=\"article\" \/>\n<meta property=\"og:title\" content=\"El rey de Espa\u00f1a apela a la \u201cunidad\u201d sobre las \u201cdiscrepancias\u201d en medio de la controversia diplom\u00e1tica con M\u00e9xico - Noticias\" \/>\n<meta property=\"og:description\" content=\"(CNN Espa\u00f1ol) &#8212;\u00a0El rey Felipe VI apel\u00f3 este viernes a la \u201cunidad\u201d sobre las \u201cdiscrepancias\u201d en los pa\u00edses iberoamericanos, durante su participaci\u00f3n en la inauguraci\u00f3n del Encuentro de las Academias Iberoamericanas de la Historia en Trujillo, Espa\u00f1a. Las declaraciones del monarca se producen d\u00edas despu\u00e9s de que la nueva presidenta de M\u00e9xico, Claudia Sheinbaum, no [&hellip;]\" \/>\n<meta property=\"og:url\" content=\"https:\/\/noticiasya.com\/2024\/10\/04\/rey-espana-unidad-discrepancias-controversia-diplomatica-mexico-orix\/\" \/>\n<meta property=\"og:site_name\" content=\"Noticias\" \/>\n<meta property=\"article:published_time\" content=\"2024-10-04T22:03:47+00:00\" \/>\n<meta name=\"twitter:card\" content=\"summary_large_image\" \/>\n<meta name=\"twitter:label1\" content=\"Est. reading time\" \/>\n\t<meta name=\"twitter:data1\" content=\"3 minutos\" \/>\n<script type=\"application\/ld+json\" class=\"yoast-schema-graph\">{\"@context\":\"https:\/\/schema.org\",\"@graph\":[{\"@type\":\"Article\",\"@id\":\"https:\/\/noticiasya.com\/2024\/10\/04\/rey-espana-unidad-discrepancias-controversia-diplomatica-mexico-orix\/#article\",\"isPartOf\":{\"@id\":\"https:\/\/noticiasya.com\/2024\/10\/04\/rey-espana-unidad-discrepancias-controversia-diplomatica-mexico-orix\/\"},\"author\":{\"name\":\"\",\"@id\":\"\"},\"headline\":\"El rey de Espa\u00f1a apela a la \u201cunidad\u201d sobre las \u201cdiscrepancias\u201d en medio de la controversia diplom\u00e1tica con M\u00e9xico\",\"datePublished\":\"2024-10-04T22:03:47+00:00\",\"mainEntityOfPage\":{\"@id\":\"https:\/\/noticiasya.com\/2024\/10\/04\/rey-espana-unidad-discrepancias-controversia-diplomatica-mexico-orix\/\"},\"wordCount\":625,\"commentCount\":0,\"publisher\":{\"@id\":\"https:\/\/noticiasya.com\/#organization\"},\"articleSection\":[\"Noticias Nacionales\"],\"inLanguage\":\"es\",\"potentialAction\":[{\"@type\":\"CommentAction\",\"name\":\"Comment\",\"target\":[\"https:\/\/noticiasya.com\/2024\/10\/04\/rey-espana-unidad-discrepancias-controversia-diplomatica-mexico-orix\/#respond\"]}]},{\"@type\":\"WebPage\",\"@id\":\"https:\/\/noticiasya.com\/2024\/10\/04\/rey-espana-unidad-discrepancias-controversia-diplomatica-mexico-orix\/\",\"url\":\"https:\/\/noticiasya.com\/2024\/10\/04\/rey-espana-unidad-discrepancias-controversia-diplomatica-mexico-orix\/\",\"name\":\"El rey de Espa\u00f1a apela a la \u201cunidad\u201d sobre las \u201cdiscrepancias\u201d en medio de la controversia diplom\u00e1tica con M\u00e9xico - Noticias\",\"isPartOf\":{\"@id\":\"https:\/\/noticiasya.com\/#website\"},\"datePublished\":\"2024-10-04T22:03:47+00:00\",\"breadcrumb\":{\"@id\":\"https:\/\/noticiasya.com\/2024\/10\/04\/rey-espana-unidad-discrepancias-controversia-diplomatica-mexico-orix\/#breadcrumb\"},\"inLanguage\":\"es\",\"potentialAction\":[{\"@type\":\"ReadAction\",\"target\":[\"https:\/\/noticiasya.com\/2024\/10\/04\/rey-espana-unidad-discrepancias-controversia-diplomatica-mexico-orix\/\"]}]},{\"@type\":\"BreadcrumbList\",\"@id\":\"https:\/\/noticiasya.com\/2024\/10\/04\/rey-espana-unidad-discrepancias-controversia-diplomatica-mexico-orix\/#breadcrumb\",\"itemListElement\":[{\"@type\":\"ListItem\",\"position\":1,\"name\":\"Home\",\"item\":\"https:\/\/noticiasya.com\/\"},{\"@type\":\"ListItem\",\"position\":2,\"name\":\"El rey de Espa\u00f1a apela a la \u201cunidad\u201d sobre las \u201cdiscrepancias\u201d en medio de la controversia diplom\u00e1tica con M\u00e9xico\"}]},{\"@type\":\"WebSite\",\"@id\":\"https:\/\/noticiasya.com\/#website\",\"url\":\"https:\/\/noticiasya.com\/\",\"name\":\"Noticias\",\"description\":\"Lo que importa\",\"publisher\":{\"@id\":\"https:\/\/noticiasya.com\/#organization\"},\"potentialAction\":[{\"@type\":\"SearchAction\",\"target\":{\"@type\":\"EntryPoint\",\"urlTemplate\":\"https:\/\/noticiasya.com\/?s={search_term_string}\"},\"query-input\":{\"@type\":\"PropertyValueSpecification\",\"valueRequired\":true,\"valueName\":\"search_term_string\"}}],\"inLanguage\":\"es\"},{\"@type\":\"Organization\",\"@id\":\"https:\/\/noticiasya.com\/#organization\",\"name\":\"Noticias\",\"url\":\"https:\/\/noticiasya.com\/\",\"logo\":{\"@type\":\"ImageObject\",\"inLanguage\":\"es\",\"@id\":\"https:\/\/noticiasya.com\/#\/schema\/logo\/image\/\",\"url\":\"https:\/\/noticiasya.com\/wp-content\/uploads\/sites\/22\/2023\/12\/logo-nacional.png\",\"contentUrl\":\"https:\/\/noticiasya.com\/wp-content\/uploads\/sites\/22\/2023\/12\/logo-nacional.png\",\"width\":1801,\"height\":691,\"caption\":\"Noticias\"},\"image\":{\"@id\":\"https:\/\/noticiasya.com\/#\/schema\/logo\/image\/\"}}]}<\/script>\n<!-- \/ Yoast SEO plugin. -->","yoast_head_json":{"title":"El rey de Espa\u00f1a apela a la \u201cunidad\u201d sobre las \u201cdiscrepancias\u201d en medio de la controversia diplom\u00e1tica con M\u00e9xico - Noticias","robots":{"index":"index","follow":"follow","max-snippet":"max-snippet:-1","max-image-preview":"max-image-preview:large","max-video-preview":"max-video-preview:-1"},"canonical":"https:\/\/noticiasya.com\/2024\/10\/04\/rey-espana-unidad-discrepancias-controversia-diplomatica-mexico-orix\/","og_locale":"es_ES","og_type":"article","og_title":"El rey de Espa\u00f1a apela a la \u201cunidad\u201d sobre las \u201cdiscrepancias\u201d en medio de la controversia diplom\u00e1tica con M\u00e9xico - Noticias","og_description":"(CNN Espa\u00f1ol) &#8212;\u00a0El rey Felipe VI apel\u00f3 este viernes a la \u201cunidad\u201d sobre las \u201cdiscrepancias\u201d en los pa\u00edses iberoamericanos, durante su participaci\u00f3n en la inauguraci\u00f3n del Encuentro de las Academias Iberoamericanas de la Historia en Trujillo, Espa\u00f1a. Las declaraciones del monarca se producen d\u00edas despu\u00e9s de que la nueva presidenta de M\u00e9xico, Claudia Sheinbaum, no [&hellip;]","og_url":"https:\/\/noticiasya.com\/2024\/10\/04\/rey-espana-unidad-discrepancias-controversia-diplomatica-mexico-orix\/","og_site_name":"Noticias","article_published_time":"2024-10-04T22:03:47+00:00","twitter_card":"summary_large_image","twitter_misc":{"Est. reading time":"3 minutos"},"schema":{"@context":"https:\/\/schema.org","@graph":[{"@type":"Article","@id":"https:\/\/noticiasya.com\/2024\/10\/04\/rey-espana-unidad-discrepancias-controversia-diplomatica-mexico-orix\/#article","isPartOf":{"@id":"https:\/\/noticiasya.com\/2024\/10\/04\/rey-espana-unidad-discrepancias-controversia-diplomatica-mexico-orix\/"},"author":{"name":"","@id":""},"headline":"El rey de Espa\u00f1a apela a la \u201cunidad\u201d sobre las \u201cdiscrepancias\u201d en medio de la controversia diplom\u00e1tica con M\u00e9xico","datePublished":"2024-10-04T22:03:47+00:00","mainEntityOfPage":{"@id":"https:\/\/noticiasya.com\/2024\/10\/04\/rey-espana-unidad-discrepancias-controversia-diplomatica-mexico-orix\/"},"wordCount":625,"commentCount":0,"publisher":{"@id":"https:\/\/noticiasya.com\/#organization"},"articleSection":["Noticias Nacionales"],"inLanguage":"es","potentialAction":[{"@type":"CommentAction","name":"Comment","target":["https:\/\/noticiasya.com\/2024\/10\/04\/rey-espana-unidad-discrepancias-controversia-diplomatica-mexico-orix\/#respond"]}]},{"@type":"WebPage","@id":"https:\/\/noticiasya.com\/2024\/10\/04\/rey-espana-unidad-discrepancias-controversia-diplomatica-mexico-orix\/","url":"https:\/\/noticiasya.com\/2024\/10\/04\/rey-espana-unidad-discrepancias-controversia-diplomatica-mexico-orix\/","name":"El rey de Espa\u00f1a apela a la \u201cunidad\u201d sobre las \u201cdiscrepancias\u201d en medio de la controversia diplom\u00e1tica con M\u00e9xico - Noticias","isPartOf":{"@id":"https:\/\/noticiasya.com\/#website"},"datePublished":"2024-10-04T22:03:47+00:00","breadcrumb":{"@id":"https:\/\/noticiasya.com\/2024\/10\/04\/rey-espana-unidad-discrepancias-controversia-diplomatica-mexico-orix\/#breadcrumb"},"inLanguage":"es","potentialAction":[{"@type":"ReadAction","target":["https:\/\/noticiasya.com\/2024\/10\/04\/rey-espana-unidad-discrepancias-controversia-diplomatica-mexico-orix\/"]}]},{"@type":"BreadcrumbList","@id":"https:\/\/noticiasya.com\/2024\/10\/04\/rey-espana-unidad-discrepancias-controversia-diplomatica-mexico-orix\/#breadcrumb","itemListElement":[{"@type":"ListItem","position":1,"name":"Home","item":"https:\/\/noticiasya.com\/"},{"@type":"ListItem","position":2,"name":"El rey de Espa\u00f1a apela a la \u201cunidad\u201d sobre las \u201cdiscrepancias\u201d en medio de la controversia diplom\u00e1tica con M\u00e9xico"}]},{"@type":"WebSite","@id":"https:\/\/noticiasya.com\/#website","url":"https:\/\/noticiasya.com\/","name":"Noticias","description":"Lo que importa","publisher":{"@id":"https:\/\/noticiasya.com\/#organization"},"potentialAction":[{"@type":"SearchAction","target":{"@type":"EntryPoint","urlTemplate":"https:\/\/noticiasya.com\/?s={search_term_string}"},"query-input":{"@type":"PropertyValueSpecification","valueRequired":true,"valueName":"search_term_string"}}],"inLanguage":"es"},{"@type":"Organization","@id":"https:\/\/noticiasya.com\/#organization","name":"Noticias","url":"https:\/\/noticiasya.com\/","logo":{"@type":"ImageObject","inLanguage":"es","@id":"https:\/\/noticiasya.com\/#\/schema\/logo\/image\/","url":"https:\/\/noticiasya.com\/wp-content\/uploads\/sites\/22\/2023\/12\/logo-nacional.png","contentUrl":"https:\/\/noticiasya.com\/wp-content\/uploads\/sites\/22\/2023\/12\/logo-nacional.png","width":1801,"height":691,"caption":"Noticias"},"image":{"@id":"https:\/\/noticiasya.com\/#\/schema\/logo\/image\/"}}]}},"parsely":{"version":"1.1.0","canonical_url":"https:\/\/noticiasya.com\/el-valle\/2024\/10\/04\/rey-espana-unidad-discrepancias-controversia-diplomatica-mexico-orix\/","smart_links":{"inbound":0,"outbound":0},"traffic_boost_suggestions_count":0,"meta":{"@context":"https:\/\/schema.org","@type":"NewsArticle","headline":"El rey de Espa\u00f1a apela a la \u201cunidad\u201d sobre las \u201cdiscrepancias\u201d en medio de la controversia diplom\u00e1tica con M\u00e9xico","url":"http:\/\/noticiasya.com\/el-valle\/2024\/10\/04\/rey-espana-unidad-discrepancias-controversia-diplomatica-mexico-orix\/","mainEntityOfPage":{"@type":"WebPage","@id":"http:\/\/noticiasya.com\/el-valle\/2024\/10\/04\/rey-espana-unidad-discrepancias-controversia-diplomatica-mexico-orix\/"},"thumbnailUrl":"","image":{"@type":"ImageObject","url":""},"articleSection":"Noticias Nacionales","author":[],"creator":[],"publisher":{"@type":"Organization","name":"Noticias","logo":""},"keywords":[],"dateCreated":"2024-10-04T22:03:47Z","datePublished":"2024-10-04T22:03:47Z","dateModified":"2024-10-04T22:03:47Z"},"rendered":"<script type=\"application\/ld+json\" class=\"wp-parsely-metadata\">{\"@context\":\"https:\\\/\\\/schema.org\",\"@type\":\"NewsArticle\",\"headline\":\"El rey de Espa\\u00f1a apela a la \\u201cunidad\\u201d sobre las \\u201cdiscrepancias\\u201d en medio de la controversia diplom\\u00e1tica con M\\u00e9xico\",\"url\":\"http:\\\/\\\/noticiasya.com\\\/el-valle\\\/2024\\\/10\\\/04\\\/rey-espana-unidad-discrepancias-controversia-diplomatica-mexico-orix\\\/\",\"mainEntityOfPage\":{\"@type\":\"WebPage\",\"@id\":\"http:\\\/\\\/noticiasya.com\\\/el-valle\\\/2024\\\/10\\\/04\\\/rey-espana-unidad-discrepancias-controversia-diplomatica-mexico-orix\\\/\"},\"thumbnailUrl\":\"\",\"image\":{\"@type\":\"ImageObject\",\"url\":\"\"},\"articleSection\":\"Noticias Nacionales\",\"author\":[],\"creator\":[],\"publisher\":{\"@type\":\"Organization\",\"name\":\"Noticias\",\"logo\":\"\"},\"keywords\":[],\"dateCreated\":\"2024-10-04T22:03:47Z\",\"datePublished\":\"2024-10-04T22:03:47Z\",\"dateModified\":\"2024-10-04T22:03:47Z\"}<\/script>","tracker_url":"https:\/\/cdn.parsely.com\/keys\/noticiasya.com\/p.js"},"jetpack_featured_media_url":"","jetpack-related-posts":[{"id":1453048,"url":"https:\/\/noticiasya.com\/el-valle\/2024\/09\/25\/sheinbaum-confirma-que-no-invito-al-rey-felipe-vi-a-su-juramentacion-trax\/","url_meta":{"origin":1454945,"position":0},"title":"Sheinbaum confirma que no invit\u00f3 al rey Felipe VI a su juramentaci\u00f3n, el Gobierno de Espa\u00f1a no enviar\u00e1 a ning\u00fan representante","author":"","date":"septiembre 25, 2024","format":false,"excerpt":"(CNN Espa\u00f1ol) -- La presidenta electa de M\u00e9xico, Claudia Sheinbaum, confirm\u00f3 a trav\u00e9s de un comunicado publicado en sus redes sociales que envi\u00f3 una nota diplom\u00e1tica invitando a la ceremonia de posesi\u00f3n al presidente del gobierno espa\u00f1ol, Pedro S\u00e1nchez, y no al rey Felipe VI.Sheinbaum indic\u00f3 que la raz\u00f3n de\u2026","rel":"","context":"In &quot;Noticias Nacionales&quot;","block_context":{"text":"Noticias Nacionales","link":"https:\/\/noticiasya.com\/el-valle\/categoria\/noticias-nacionales"},"img":{"alt_text":"","src":"","width":0,"height":0},"classes":[]},{"id":1453053,"url":"https:\/\/noticiasya.com\/el-valle\/2024\/09\/25\/espana-mexico-tension-diplomatica-orix\/","url_meta":{"origin":1454945,"position":1},"title":"Se eleva la tensi\u00f3n diplom\u00e1tica entre Espa\u00f1a y M\u00e9xico \u00bfCu\u00e1l es el origen del deterioro de las relaciones?","author":"","date":"septiembre 25, 2024","format":false,"excerpt":"(CNN Espa\u00f1ol) -- Espa\u00f1a y M\u00e9xico escribieron esta semana un nuevo cap\u00edtulo sobre sus relaciones diplom\u00e1ticas, cada vez m\u00e1s tirantes, debido a los desencuentros causados por la toma de posesi\u00f3n de Claudia Sheinbaum como presidenta de M\u00e9xico el pr\u00f3ximo 1 de octubre.La Canciller\u00eda espa\u00f1ola inform\u00f3 a \u00faltima hora de este\u2026","rel":"","context":"In &quot;Noticias Nacionales&quot;","block_context":{"text":"Noticias Nacionales","link":"https:\/\/noticiasya.com\/el-valle\/categoria\/noticias-nacionales"},"img":{"alt_text":"","src":"","width":0,"height":0},"classes":[]},{"id":1472280,"url":"https:\/\/noticiasya.com\/el-valle\/2026\/03\/17\/sheinbaum-reconoce-rey-espana-abusos-conquista-gesto-acercamiento-orix\/","url_meta":{"origin":1454945,"position":2},"title":"Sheinbaum, sobre las palabras del rey de Espa\u00f1a acerca de abusos en la conquista: &#171;Es un gesto de acercamiento&#187;","author":"","date":"marzo 17, 2026","format":false,"excerpt":"La presidenta de M\u00e9xico, Claudia Sheinbaum, dijo este martes que reconoce las declaraciones del rey Felipe VI de Espa\u00f1a sobre los abusos que hubo en la conquista de Am\u00e9rica y las calific\u00f3 como \u201cun gesto de acercamiento\u201d.\u201cEs un acercamiento del rey que reconocemos (\u2026) Puede uno decir \u2018No fue todo\u2026","rel":"","context":"In &quot;Noticias Nacionales&quot;","block_context":{"text":"Noticias Nacionales","link":"https:\/\/noticiasya.com\/el-valle\/categoria\/noticias-nacionales"},"img":{"alt_text":"","src":"","width":0,"height":0},"classes":[]},{"id":1455207,"url":"https:\/\/noticiasya.com\/el-valle\/2024\/10\/17\/aznar-critica-reforma-judicial-mexico-carta-disculpas-rey-espana-orix\/","url_meta":{"origin":1454945,"position":3},"title":"Aznar critica la reforma judicial en M\u00e9xico y reacciona sobre la carta de disculpas solicitada al rey de Espa\u00f1a","author":"","date":"octubre 17, 2024","format":false,"excerpt":"(CNN Espa\u00f1ol) --\u00a0Jos\u00e9 Mar\u00eda Aznar, expresidente del Gobierno espa\u00f1ol (1996-2004), dijo en una entrevista con CNN que la reforma judicial en M\u00e9xico mina el Estado de Derecho. \u201cJueces propuestos por el Gobierno, aprobados por un congreso que controla el Gobierno y votados por un censo a favor del Gobierno. Eso\u2026\u2026","rel":"","context":"In &quot;Noticias Nacionales&quot;","block_context":{"text":"Noticias Nacionales","link":"https:\/\/noticiasya.com\/el-valle\/categoria\/noticias-nacionales"},"img":{"alt_text":"","src":"","width":0,"height":0},"classes":[]},{"id":1468767,"url":"https:\/\/noticiasya.com\/el-valle\/2025\/11\/27\/juan-carlos-espana-polemicas-vida-orix\/","url_meta":{"origin":1454945,"position":4},"title":"&#171;Intento no tener remordimientos&#187;: el rey em\u00e9rito de Espa\u00f1a Juan Carlos I se sincera sobre las pol\u00e9micas de su vida","author":"","date":"noviembre 27, 2025","format":false,"excerpt":"Sin arrepentimientos por los hechos de su pasado y sin dejarse vencer por los remordimientos. As\u00ed de conciso se mostr\u00f3 el rey em\u00e9rito de Espa\u00f1a, Juan Carlos I, mientras le preguntaban sobre los cap\u00edtulos m\u00e1s pol\u00e9micos de su vida en una entrevista que la cadena p\u00fablica francesa, France 3, emiti\u00f3\u2026","rel":"","context":"In &quot;Noticias Nacionales&quot;","block_context":{"text":"Noticias Nacionales","link":"https:\/\/noticiasya.com\/el-valle\/categoria\/noticias-nacionales"},"img":{"alt_text":"","src":"","width":0,"height":0},"classes":[]},{"id":1443593,"url":"https:\/\/noticiasya.com\/el-valle\/2024\/01\/12\/el-rey-felipe-vi-apoya-el-establecimiento-de-un-estado-palestino-para-dar-fin-a-la-violencia-entre-palestinos-e-israelies\/","url_meta":{"origin":1454945,"position":5},"title":"El rey Felipe VI apoya el establecimiento de un Estado palestino para dar fin a la violencia entre palestinos e israel\u00edes","author":"","date":"enero 12, 2024","format":false,"excerpt":"(CNN Espa\u00f1ol) -- El rey de Espa\u00f1a, Felipe VI, expres\u00f3 este jueves su apoyo al establecimiento de un Estado palestino para dar fin a la violencia entre palestinos e israel\u00edes.El monarca espa\u00f1ol dio estas declaraciones durante su discurso en la clausura de la conferencia de embajadores de Espa\u00f1a, realizada en\u2026","rel":"","context":"In &quot;Noticias Nacionales&quot;","block_context":{"text":"Noticias Nacionales","link":"https:\/\/noticiasya.com\/el-valle\/categoria\/noticias-nacionales"},"img":{"alt_text":"","src":"","width":0,"height":0},"classes":[]}],"jetpack_sharing_enabled":true,"_links":{"self":[{"href":"https:\/\/noticiasya.com\/el-valle\/wp-json\/wp\/v2\/posts\/1454945","targetHints":{"allow":["GET"]}}],"collection":[{"href":"https:\/\/noticiasya.com\/el-valle\/wp-json\/wp\/v2\/posts"}],"about":[{"href":"https:\/\/noticiasya.com\/el-valle\/wp-json\/wp\/v2\/types\/post"}],"replies":[{"embeddable":true,"href":"https:\/\/noticiasya.com\/el-valle\/wp-json\/wp\/v2\/comments?post=1454945"}],"version-history":[{"count":0,"href":"https:\/\/noticiasya.com\/el-valle\/wp-json\/wp\/v2\/posts\/1454945\/revisions"}],"wp:attachment":[{"href":"https:\/\/noticiasya.com\/el-valle\/wp-json\/wp\/v2\/media?parent=1454945"}],"wp:term":[{"taxonomy":"category","embeddable":true,"href":"https:\/\/noticiasya.com\/el-valle\/wp-json\/wp\/v2\/categories?post=1454945"},{"taxonomy":"post_tag","embeddable":true,"href":"https:\/\/noticiasya.com\/el-valle\/wp-json\/wp\/v2\/tags?post=1454945"}],"curies":[{"name":"wp","href":"https:\/\/api.w.org\/{rel}","templated":true}]}}