{"id":1454948,"date":"2024-10-04T17:03:43","date_gmt":"2024-10-05T00:03:43","guid":{"rendered":"https:\/\/noticiasya.com\/2024\/10\/04\/evo-morales-acusa-luis-arce-de-promover-proceso-penales-orix\/"},"modified":"2024-10-04T17:03:43","modified_gmt":"2024-10-05T00:03:43","slug":"evo-morales-acusa-luis-arce-de-promover-proceso-penales-orix","status":"publish","type":"post","link":"https:\/\/noticiasya.com\/el-valle\/2024\/10\/04\/evo-morales-acusa-luis-arce-de-promover-proceso-penales-orix\/","title":{"rendered":"Evo Morales acusa a Luis Arce de promover procesos penales en su contra \u201ccon cualquier calumnia\u201d"},"content":{"rendered":"<p>(CNN Espa\u00f1ol) &#8212;\u00a0El expresidente de Bolivia Evo Morales acus\u00f3 este viernes al presidente Luis Arce de promover procesos penales en su contra con el fin \u2014seg\u00fan dijo\u2014 de inhabilitarlo para impedir que compita en las elecciones presidenciales de 2025.<\/p>\n<p>Morales hizo estas declaraciones durante una rueda de prensa en Cochabamba, dos d\u00edas despu\u00e9s de que el mi\u00e9rcoles se dio a conocer que la entonces fiscal departamental de Tarija, Sandra Guti\u00e9rrez, ten\u00eda una orden de arresto en su contra por los presuntos delitos de tr\u00e1fico y trata de personas. Ese mismo d\u00eda, una jueza de Santa Cruz dej\u00f3 sin efecto el mandamiento judicial argumentando violaciones a derechos fundamentales.<\/p>\n<p>El expresidente dijo este viernes que las acusaciones en su contra no tienen sustento \u2014como lo se\u00f1al\u00f3 el jueves en mensajes en redes sociales\u2014 y atribuy\u00f3 a Arce una supuesta campa\u00f1a para afectarlo.<\/p>\n<p>Crece en Bolivia la disputa entre Evo Morales y el presidente Luis Arce<\/p>\n<p>\u201c\u00bfQu\u00e9 es el objetivo de Lucho Arce? Proscribir al MAS-IPSP (partido Movimiento al Socialismo) e inhabilitar al Evo, con cualquier calumnia, con cualquier pretexto\u201d, declar\u00f3 el exmandatario.<\/p>\n<p>\u201cPara m\u00ed no es ninguna novedad. Tal vez para algunos compa\u00f1eros sea una preocupaci\u00f3n. De esas hemos roto bastantes. Desde (el expresidente) V\u00edctor Paz Estenssoro hasta Lucho Arce me procesan\u201d, dijo momentos antes.<\/p>\n<p>CNN contact\u00f3 a la Presidencia de Bolivia para pedir comentarios sobre las declaraciones de Morales y est\u00e1 en espera de respuesta.<\/p>\n<p>Esta no es la primera vez que Morales acusa a Arce de estar en su contra y buscar frenar sus intenciones de competir en 2025.<\/p>\n<p>Arce, militante del MAS igual que Morales, ha rechazado todos esos se\u00f1alamientos.<\/p>\n<p>Dentro de este contexto, la difusi\u00f3n de la orden de arresto contra Morales y su posterior anulaci\u00f3n han causado controversia en Bolivia, as\u00ed como un enfrentamiento entre la exfiscal Guti\u00e9rrez y el fiscal general, Juan Lanchipa.<\/p>\n<p>En declaraciones a medios la noche del mi\u00e9rcoles, Guti\u00e9rrez acus\u00f3 a Lanchipa de frenar la orden de arresto y destituirla por seguir adelante con el caso.<\/p>\n<p>Lanchipa respondi\u00f3 que quien invalid\u00f3 el mandamiento fue una jueza y que quit\u00f3 del cargo a Guti\u00e9rrez por presuntas irregularidades en este y otros procesos.<\/p>\n<p>The-CNN-Wire<br \/>&trade; &amp; &copy; 2024 Cable News Network, Inc., a Warner Bros. Discovery Company. All rights reserved.<\/p>\n","protected":false},"excerpt":{"rendered":"<p>(CNN Espa\u00f1ol) &#8212;\u00a0El expresidente de Bolivia Evo Morales acus\u00f3 este viernes al presidente Luis Arce de promover procesos penales en su contra con el fin \u2014seg\u00fan dijo\u2014 de inhabilitarlo para impedir que compita en las elecciones presidenciales de 2025. Morales hizo estas declaraciones durante una rueda de prensa en Cochabamba, dos d\u00edas despu\u00e9s de que [&hellip;]<\/p>\n","protected":false},"author":0,"featured_media":0,"comment_status":"open","ping_status":"open","sticky":false,"template":"","format":"standard","meta":{"_jetpack_memberships_contains_paid_content":false,"footnotes":""},"categories":[10],"tags":[],"class_list":["post-1454948","post","type-post","status-publish","format-standard","hentry","category-noticias-nacionales","market-global"],"yoast_head":"<!-- This site is optimized with the Yoast SEO plugin v24.4 - https:\/\/yoast.com\/wordpress\/plugins\/seo\/ -->\n<title>Evo Morales acusa a Luis Arce de promover procesos penales en su contra \u201ccon cualquier calumnia\u201d - Noticias<\/title>\n<meta name=\"robots\" content=\"index, follow, max-snippet:-1, max-image-preview:large, max-video-preview:-1\" \/>\n<link rel=\"canonical\" href=\"https:\/\/noticiasya.com\/2024\/10\/04\/evo-morales-acusa-luis-arce-de-promover-proceso-penales-orix\/\" \/>\n<meta property=\"og:locale\" content=\"es_ES\" \/>\n<meta property=\"og:type\" content=\"article\" \/>\n<meta property=\"og:title\" content=\"Evo Morales acusa a Luis Arce de promover procesos penales en su contra \u201ccon cualquier calumnia\u201d - Noticias\" \/>\n<meta property=\"og:description\" content=\"(CNN Espa\u00f1ol) &#8212;\u00a0El expresidente de Bolivia Evo Morales acus\u00f3 este viernes al presidente Luis Arce de promover procesos penales en su contra con el fin \u2014seg\u00fan dijo\u2014 de inhabilitarlo para impedir que compita en las elecciones presidenciales de 2025. Morales hizo estas declaraciones durante una rueda de prensa en Cochabamba, dos d\u00edas despu\u00e9s de que [&hellip;]\" \/>\n<meta property=\"og:url\" content=\"https:\/\/noticiasya.com\/2024\/10\/04\/evo-morales-acusa-luis-arce-de-promover-proceso-penales-orix\/\" \/>\n<meta property=\"og:site_name\" content=\"Noticias\" \/>\n<meta property=\"article:published_time\" content=\"2024-10-05T00:03:43+00:00\" \/>\n<meta name=\"twitter:card\" content=\"summary_large_image\" \/>\n<meta name=\"twitter:label1\" content=\"Est. reading time\" \/>\n\t<meta name=\"twitter:data1\" content=\"2 minutos\" \/>\n<script type=\"application\/ld+json\" class=\"yoast-schema-graph\">{\"@context\":\"https:\/\/schema.org\",\"@graph\":[{\"@type\":\"Article\",\"@id\":\"https:\/\/noticiasya.com\/2024\/10\/04\/evo-morales-acusa-luis-arce-de-promover-proceso-penales-orix\/#article\",\"isPartOf\":{\"@id\":\"https:\/\/noticiasya.com\/2024\/10\/04\/evo-morales-acusa-luis-arce-de-promover-proceso-penales-orix\/\"},\"author\":{\"name\":\"\",\"@id\":\"\"},\"headline\":\"Evo Morales acusa a Luis Arce de promover procesos penales en su contra \u201ccon cualquier calumnia\u201d\",\"datePublished\":\"2024-10-05T00:03:43+00:00\",\"mainEntityOfPage\":{\"@id\":\"https:\/\/noticiasya.com\/2024\/10\/04\/evo-morales-acusa-luis-arce-de-promover-proceso-penales-orix\/\"},\"wordCount\":410,\"commentCount\":0,\"publisher\":{\"@id\":\"https:\/\/noticiasya.com\/#organization\"},\"articleSection\":[\"Noticias Nacionales\"],\"inLanguage\":\"es\",\"potentialAction\":[{\"@type\":\"CommentAction\",\"name\":\"Comment\",\"target\":[\"https:\/\/noticiasya.com\/2024\/10\/04\/evo-morales-acusa-luis-arce-de-promover-proceso-penales-orix\/#respond\"]}]},{\"@type\":\"WebPage\",\"@id\":\"https:\/\/noticiasya.com\/2024\/10\/04\/evo-morales-acusa-luis-arce-de-promover-proceso-penales-orix\/\",\"url\":\"https:\/\/noticiasya.com\/2024\/10\/04\/evo-morales-acusa-luis-arce-de-promover-proceso-penales-orix\/\",\"name\":\"Evo Morales acusa a Luis Arce de promover procesos penales en su contra \u201ccon cualquier calumnia\u201d - Noticias\",\"isPartOf\":{\"@id\":\"https:\/\/noticiasya.com\/#website\"},\"datePublished\":\"2024-10-05T00:03:43+00:00\",\"breadcrumb\":{\"@id\":\"https:\/\/noticiasya.com\/2024\/10\/04\/evo-morales-acusa-luis-arce-de-promover-proceso-penales-orix\/#breadcrumb\"},\"inLanguage\":\"es\",\"potentialAction\":[{\"@type\":\"ReadAction\",\"target\":[\"https:\/\/noticiasya.com\/2024\/10\/04\/evo-morales-acusa-luis-arce-de-promover-proceso-penales-orix\/\"]}]},{\"@type\":\"BreadcrumbList\",\"@id\":\"https:\/\/noticiasya.com\/2024\/10\/04\/evo-morales-acusa-luis-arce-de-promover-proceso-penales-orix\/#breadcrumb\",\"itemListElement\":[{\"@type\":\"ListItem\",\"position\":1,\"name\":\"Home\",\"item\":\"https:\/\/noticiasya.com\/\"},{\"@type\":\"ListItem\",\"position\":2,\"name\":\"Evo Morales acusa a Luis Arce de promover procesos penales en su contra \u201ccon cualquier calumnia\u201d\"}]},{\"@type\":\"WebSite\",\"@id\":\"https:\/\/noticiasya.com\/#website\",\"url\":\"https:\/\/noticiasya.com\/\",\"name\":\"Noticias\",\"description\":\"Lo que importa\",\"publisher\":{\"@id\":\"https:\/\/noticiasya.com\/#organization\"},\"potentialAction\":[{\"@type\":\"SearchAction\",\"target\":{\"@type\":\"EntryPoint\",\"urlTemplate\":\"https:\/\/noticiasya.com\/?s={search_term_string}\"},\"query-input\":{\"@type\":\"PropertyValueSpecification\",\"valueRequired\":true,\"valueName\":\"search_term_string\"}}],\"inLanguage\":\"es\"},{\"@type\":\"Organization\",\"@id\":\"https:\/\/noticiasya.com\/#organization\",\"name\":\"Noticias\",\"url\":\"https:\/\/noticiasya.com\/\",\"logo\":{\"@type\":\"ImageObject\",\"inLanguage\":\"es\",\"@id\":\"https:\/\/noticiasya.com\/#\/schema\/logo\/image\/\",\"url\":\"https:\/\/noticiasya.com\/wp-content\/uploads\/sites\/22\/2023\/12\/logo-nacional.png\",\"contentUrl\":\"https:\/\/noticiasya.com\/wp-content\/uploads\/sites\/22\/2023\/12\/logo-nacional.png\",\"width\":1801,\"height\":691,\"caption\":\"Noticias\"},\"image\":{\"@id\":\"https:\/\/noticiasya.com\/#\/schema\/logo\/image\/\"}}]}<\/script>\n<!-- \/ Yoast SEO plugin. -->","yoast_head_json":{"title":"Evo Morales acusa a Luis Arce de promover procesos penales en su contra \u201ccon cualquier calumnia\u201d - Noticias","robots":{"index":"index","follow":"follow","max-snippet":"max-snippet:-1","max-image-preview":"max-image-preview:large","max-video-preview":"max-video-preview:-1"},"canonical":"https:\/\/noticiasya.com\/2024\/10\/04\/evo-morales-acusa-luis-arce-de-promover-proceso-penales-orix\/","og_locale":"es_ES","og_type":"article","og_title":"Evo Morales acusa a Luis Arce de promover procesos penales en su contra \u201ccon cualquier calumnia\u201d - Noticias","og_description":"(CNN Espa\u00f1ol) &#8212;\u00a0El expresidente de Bolivia Evo Morales acus\u00f3 este viernes al presidente Luis Arce de promover procesos penales en su contra con el fin \u2014seg\u00fan dijo\u2014 de inhabilitarlo para impedir que compita en las elecciones presidenciales de 2025. Morales hizo estas declaraciones durante una rueda de prensa en Cochabamba, dos d\u00edas despu\u00e9s de que [&hellip;]","og_url":"https:\/\/noticiasya.com\/2024\/10\/04\/evo-morales-acusa-luis-arce-de-promover-proceso-penales-orix\/","og_site_name":"Noticias","article_published_time":"2024-10-05T00:03:43+00:00","twitter_card":"summary_large_image","twitter_misc":{"Est. reading time":"2 minutos"},"schema":{"@context":"https:\/\/schema.org","@graph":[{"@type":"Article","@id":"https:\/\/noticiasya.com\/2024\/10\/04\/evo-morales-acusa-luis-arce-de-promover-proceso-penales-orix\/#article","isPartOf":{"@id":"https:\/\/noticiasya.com\/2024\/10\/04\/evo-morales-acusa-luis-arce-de-promover-proceso-penales-orix\/"},"author":{"name":"","@id":""},"headline":"Evo Morales acusa a Luis Arce de promover procesos penales en su contra \u201ccon cualquier calumnia\u201d","datePublished":"2024-10-05T00:03:43+00:00","mainEntityOfPage":{"@id":"https:\/\/noticiasya.com\/2024\/10\/04\/evo-morales-acusa-luis-arce-de-promover-proceso-penales-orix\/"},"wordCount":410,"commentCount":0,"publisher":{"@id":"https:\/\/noticiasya.com\/#organization"},"articleSection":["Noticias Nacionales"],"inLanguage":"es","potentialAction":[{"@type":"CommentAction","name":"Comment","target":["https:\/\/noticiasya.com\/2024\/10\/04\/evo-morales-acusa-luis-arce-de-promover-proceso-penales-orix\/#respond"]}]},{"@type":"WebPage","@id":"https:\/\/noticiasya.com\/2024\/10\/04\/evo-morales-acusa-luis-arce-de-promover-proceso-penales-orix\/","url":"https:\/\/noticiasya.com\/2024\/10\/04\/evo-morales-acusa-luis-arce-de-promover-proceso-penales-orix\/","name":"Evo Morales acusa a Luis Arce de promover procesos penales en su contra \u201ccon cualquier calumnia\u201d - Noticias","isPartOf":{"@id":"https:\/\/noticiasya.com\/#website"},"datePublished":"2024-10-05T00:03:43+00:00","breadcrumb":{"@id":"https:\/\/noticiasya.com\/2024\/10\/04\/evo-morales-acusa-luis-arce-de-promover-proceso-penales-orix\/#breadcrumb"},"inLanguage":"es","potentialAction":[{"@type":"ReadAction","target":["https:\/\/noticiasya.com\/2024\/10\/04\/evo-morales-acusa-luis-arce-de-promover-proceso-penales-orix\/"]}]},{"@type":"BreadcrumbList","@id":"https:\/\/noticiasya.com\/2024\/10\/04\/evo-morales-acusa-luis-arce-de-promover-proceso-penales-orix\/#breadcrumb","itemListElement":[{"@type":"ListItem","position":1,"name":"Home","item":"https:\/\/noticiasya.com\/"},{"@type":"ListItem","position":2,"name":"Evo Morales acusa a Luis Arce de promover procesos penales en su contra \u201ccon cualquier calumnia\u201d"}]},{"@type":"WebSite","@id":"https:\/\/noticiasya.com\/#website","url":"https:\/\/noticiasya.com\/","name":"Noticias","description":"Lo que importa","publisher":{"@id":"https:\/\/noticiasya.com\/#organization"},"potentialAction":[{"@type":"SearchAction","target":{"@type":"EntryPoint","urlTemplate":"https:\/\/noticiasya.com\/?s={search_term_string}"},"query-input":{"@type":"PropertyValueSpecification","valueRequired":true,"valueName":"search_term_string"}}],"inLanguage":"es"},{"@type":"Organization","@id":"https:\/\/noticiasya.com\/#organization","name":"Noticias","url":"https:\/\/noticiasya.com\/","logo":{"@type":"ImageObject","inLanguage":"es","@id":"https:\/\/noticiasya.com\/#\/schema\/logo\/image\/","url":"https:\/\/noticiasya.com\/wp-content\/uploads\/sites\/22\/2023\/12\/logo-nacional.png","contentUrl":"https:\/\/noticiasya.com\/wp-content\/uploads\/sites\/22\/2023\/12\/logo-nacional.png","width":1801,"height":691,"caption":"Noticias"},"image":{"@id":"https:\/\/noticiasya.com\/#\/schema\/logo\/image\/"}}]}},"parsely":{"version":"1.1.0","canonical_url":"https:\/\/noticiasya.com\/el-valle\/2024\/10\/04\/evo-morales-acusa-luis-arce-de-promover-proceso-penales-orix\/","smart_links":{"inbound":0,"outbound":0},"traffic_boost_suggestions_count":0,"meta":{"@context":"https:\/\/schema.org","@type":"NewsArticle","headline":"Evo Morales acusa a Luis Arce de promover procesos penales en su contra \u201ccon cualquier calumnia\u201d","url":"http:\/\/noticiasya.com\/el-valle\/2024\/10\/04\/evo-morales-acusa-luis-arce-de-promover-proceso-penales-orix\/","mainEntityOfPage":{"@type":"WebPage","@id":"http:\/\/noticiasya.com\/el-valle\/2024\/10\/04\/evo-morales-acusa-luis-arce-de-promover-proceso-penales-orix\/"},"thumbnailUrl":"","image":{"@type":"ImageObject","url":""},"articleSection":"Noticias Nacionales","author":[],"creator":[],"publisher":{"@type":"Organization","name":"Noticias","logo":""},"keywords":[],"dateCreated":"2024-10-05T00:03:43Z","datePublished":"2024-10-05T00:03:43Z","dateModified":"2024-10-05T00:03:43Z"},"rendered":"<script type=\"application\/ld+json\" class=\"wp-parsely-metadata\">{\"@context\":\"https:\\\/\\\/schema.org\",\"@type\":\"NewsArticle\",\"headline\":\"Evo Morales acusa a Luis Arce de promover procesos penales en su contra \\u201ccon cualquier calumnia\\u201d\",\"url\":\"http:\\\/\\\/noticiasya.com\\\/el-valle\\\/2024\\\/10\\\/04\\\/evo-morales-acusa-luis-arce-de-promover-proceso-penales-orix\\\/\",\"mainEntityOfPage\":{\"@type\":\"WebPage\",\"@id\":\"http:\\\/\\\/noticiasya.com\\\/el-valle\\\/2024\\\/10\\\/04\\\/evo-morales-acusa-luis-arce-de-promover-proceso-penales-orix\\\/\"},\"thumbnailUrl\":\"\",\"image\":{\"@type\":\"ImageObject\",\"url\":\"\"},\"articleSection\":\"Noticias Nacionales\",\"author\":[],\"creator\":[],\"publisher\":{\"@type\":\"Organization\",\"name\":\"Noticias\",\"logo\":\"\"},\"keywords\":[],\"dateCreated\":\"2024-10-05T00:03:43Z\",\"datePublished\":\"2024-10-05T00:03:43Z\",\"dateModified\":\"2024-10-05T00:03:43Z\"}<\/script>","tracker_url":"https:\/\/cdn.parsely.com\/keys\/noticiasya.com\/p.js"},"jetpack_featured_media_url":"","jetpack-related-posts":[{"id":1455447,"url":"https:\/\/noticiasya.com\/el-valle\/2024\/10\/30\/gobierno-bolivia-acusa-evo-morales-utilizar-armas-fuego-atentado-orix\/","url_meta":{"origin":1454948,"position":0},"title":"Gobierno de Bolivia acusa a Evo Morales de portar y utilizar armas de fuego contra la polic\u00eda durante presunto atentado","author":"","date":"octubre 30, 2024","format":false,"excerpt":"(CNN Espa\u00f1ol) -- Luego de la denuncia del expresidente Evo Morales, quien acus\u00f3 al Gobierno de Luis Arce de planificar un presunto atentado en su contra, el ministro de Gobierno de Bolivia, Eduardo Del Castillo, insisti\u00f3 este mi\u00e9rcoles en que Morales utiliz\u00f3 armas de fuego contra la polic\u00eda para evadir\u2026","rel":"","context":"In &quot;Noticias Nacionales&quot;","block_context":{"text":"Noticias Nacionales","link":"https:\/\/noticiasya.com\/el-valle\/categoria\/noticias-nacionales"},"img":{"alt_text":"","src":"","width":0,"height":0},"classes":[]},{"id":1455516,"url":"https:\/\/noticiasya.com\/el-valle\/2024\/11\/01\/evo-morales-suspender-bloqueos-huelga-de-hambre-bolivia-orix\/","url_meta":{"origin":1454948,"position":1},"title":"Evo Morales pide a sus partidarios suspender bloqueos y dice que har\u00e1 huelga de hambre para exigir di\u00e1logo con el Gobierno","author":"","date":"noviembre 1, 2024","format":false,"excerpt":"(CNN Espa\u00f1ol) -- El expresidente de Bolivia Evo Morales pidi\u00f3 a sus simpatizantes que suspendan los bloqueos que realizan desde hace casi tres semanas en varios puntos del pa\u00eds y dijo que iniciar\u00e1 una huelga de hambre para exigir al Gobierno mesas de di\u00e1logo en temas econ\u00f3micos y pol\u00edticos.Durante una\u2026","rel":"","context":"In &quot;Noticias Nacionales&quot;","block_context":{"text":"Noticias Nacionales","link":"https:\/\/noticiasya.com\/el-valle\/categoria\/noticias-nacionales"},"img":{"alt_text":"","src":"","width":0,"height":0},"classes":[]},{"id":1457031,"url":"https:\/\/noticiasya.com\/el-valle\/2024\/12\/27\/evo-morales-audiencia-judicial-acusacion-trata-personas-orix\/","url_meta":{"origin":1454948,"position":2},"title":"Citan a Evo Morales a audiencia judicial el 14 de enero por acusaci\u00f3n de trata de personas","author":"","date":"diciembre 27, 2024","format":false,"excerpt":"Un juez de Tarija, Bolivia, cit\u00f3 al expresidente Evo Morales a una audiencia el 14 de enero por el caso de trata de personas abierto en su contra, report\u00f3 este viernes la estatal Agencia Boliviana de Informaci\u00f3n (ABI) citando el edicto. Morales ha rechazado las acusaciones.El exmandatario fue convocado a\u2026","rel":"","context":"In &quot;Noticias Nacionales&quot;","block_context":{"text":"Noticias Nacionales","link":"https:\/\/noticiasya.com\/el-valle\/categoria\/noticias-nacionales"},"img":{"alt_text":"","src":"","width":0,"height":0},"classes":[]},{"id":1448822,"url":"https:\/\/noticiasya.com\/el-valle\/2024\/05\/03\/evo-morales-luis-arce-mas-congreso-orix\/","url_meta":{"origin":1454948,"position":3},"title":"En medio de tensiones entre Evo Morales y Luis Arce, el MAS celebra el congreso para elegir a su nueva dirigencia","author":"","date":"mayo 3, 2024","format":false,"excerpt":"(CNN Espa\u00f1ol) -- El partido Movimiento al Socialismo (MAS) inici\u00f3 su D\u00e9cimo Congreso este viernes en la ciudad de El Alto, Bolivia, en el que se espera que elija a su nuevo dirigente. M\u00e1s de 4.500 polic\u00edas han sido desplegados para resguardar la seguridad del evento, de acuerdo con la\u2026","rel":"","context":"In &quot;Noticias Nacionales&quot;","block_context":{"text":"Noticias Nacionales","link":"https:\/\/noticiasya.com\/el-valle\/categoria\/noticias-nacionales"},"img":{"alt_text":"","src":"","width":0,"height":0},"classes":[]},{"id":1455690,"url":"https:\/\/noticiasya.com\/el-valle\/2024\/11\/08\/luis-arce-acusa-legisladores-provocar-acto-vandalico-orix\/","url_meta":{"origin":1454948,"position":4},"title":"Luis Arce acusa a legisladores afines a Evo Morales de provocar un &#171;acto vand\u00e1lico&#187; que llev\u00f3 a suspender la sesi\u00f3n de honor en el Congreso","author":"","date":"noviembre 8, 2024","format":false,"excerpt":"(CNN Espa\u00f1ol) --\u00a0El presidente de Bolivia, Luis Arce, acus\u00f3 este viernes a legisladores oficialistas afines al exmandatario Evo Morales de protagonizar un disturbio que llev\u00f3 a que se suspendiera la sesi\u00f3n de honor en el Congreso programada para la presentaci\u00f3n de su informe de cuarto a\u00f1o de gesti\u00f3n.\"Hoy, lamentablemente, hemos\u2026","rel":"","context":"In &quot;Noticias Nacionales&quot;","block_context":{"text":"Noticias Nacionales","link":"https:\/\/noticiasya.com\/el-valle\/categoria\/noticias-nacionales"},"img":{"alt_text":"","src":"","width":0,"height":0},"classes":[]},{"id":1451024,"url":"https:\/\/noticiasya.com\/el-valle\/2024\/07\/10\/evo-morales-aristegui-entrevista-orix\/","url_meta":{"origin":1454948,"position":5},"title":"Evo Morales: Intento de golpe de Estado fue un &#171;show bien montado&#187; entre Arce y Z\u00fa\u00f1iga","author":"","date":"julio 10, 2024","format":false,"excerpt":"(CNN Espa\u00f1ol) -- Evo Morales, expresidente de Bolivia y l\u00edder del oficialista Movimiento al Socialismo (MAS), dijo que el levantamiento de militares en Bolivia el 26 de junio fue un \"show bien montado entre el presidente Lucho Arce con el comandante de entonces Juan Z\u00fa\u00f1iga\". En entrevista con Carmen Aristegui\u2026","rel":"","context":"In &quot;Noticias Nacionales&quot;","block_context":{"text":"Noticias Nacionales","link":"https:\/\/noticiasya.com\/el-valle\/categoria\/noticias-nacionales"},"img":{"alt_text":"","src":"","width":0,"height":0},"classes":[]}],"jetpack_sharing_enabled":true,"_links":{"self":[{"href":"https:\/\/noticiasya.com\/el-valle\/wp-json\/wp\/v2\/posts\/1454948","targetHints":{"allow":["GET"]}}],"collection":[{"href":"https:\/\/noticiasya.com\/el-valle\/wp-json\/wp\/v2\/posts"}],"about":[{"href":"https:\/\/noticiasya.com\/el-valle\/wp-json\/wp\/v2\/types\/post"}],"replies":[{"embeddable":true,"href":"https:\/\/noticiasya.com\/el-valle\/wp-json\/wp\/v2\/comments?post=1454948"}],"version-history":[{"count":0,"href":"https:\/\/noticiasya.com\/el-valle\/wp-json\/wp\/v2\/posts\/1454948\/revisions"}],"wp:attachment":[{"href":"https:\/\/noticiasya.com\/el-valle\/wp-json\/wp\/v2\/media?parent=1454948"}],"wp:term":[{"taxonomy":"category","embeddable":true,"href":"https:\/\/noticiasya.com\/el-valle\/wp-json\/wp\/v2\/categories?post=1454948"},{"taxonomy":"post_tag","embeddable":true,"href":"https:\/\/noticiasya.com\/el-valle\/wp-json\/wp\/v2\/tags?post=1454948"}],"curies":[{"name":"wp","href":"https:\/\/api.w.org\/{rel}","templated":true}]}}