{"id":1454974,"date":"2024-10-06T20:03:51","date_gmt":"2024-10-07T03:03:51","guid":{"rendered":"https:\/\/noticiasya.com\/2024\/10\/06\/andrew-garfield-momento-incomodo-escena-amor-trax\/"},"modified":"2024-10-06T20:03:51","modified_gmt":"2024-10-07T03:03:51","slug":"andrew-garfield-momento-incomodo-escena-amor-trax","status":"publish","type":"post","link":"https:\/\/noticiasya.com\/el-valle\/2024\/10\/06\/andrew-garfield-momento-incomodo-escena-amor-trax\/","title":{"rendered":"Andrew Garfield recuerda el momento inc\u00f3modo en el que \u00e9l y Florence Pugh no escucharon la palabra &#171;corte&#187; mientras filmaban una escena de amor"},"content":{"rendered":"<p>(CNN) \u2013\u2013 La qu\u00edmica entre Andrew Garfield y Florence Pugh en el set de su nueva pel\u00edcula fue tan intensa que ni siquiera escucharon la se\u00f1al para cortar mientras filmaban una apasionante escena de amor.<\/p>\n<p>Durante una aparici\u00f3n en el 92nd Street Y el viernes para promocionar \u201cWe Live in Time\u201d, Garfield record\u00f3 haber filmado lo que describi\u00f3 como una \u201cescena de sexo muy \u00edntima y apasionada\u201d con Pugh, durante la cual ninguno de los dos escuch\u00f3 al director gritar \u201ccorte\u201d, lo que llev\u00f3 a un momento inc\u00f3modo.<\/p>\n<p>Seg\u00fan las im\u00e1genes publicadas en las redes sociales del evento, Garfield le dijo a la audiencia que esto sucedi\u00f3 durante la primera toma de la escena de amor, que se grab\u00f3 en un &#171;set cerrado&#187; con solo Pugh, el operador de c\u00e1mara, el microfonista y \u00e9l.<\/p>\n<p>\u201cLa escena se vuelve apasionante, tal como la coreografiamos\u201d, dijo Garfield. \u201cY nos metemos en ella, por as\u00ed decirlo, y llegamos un poco m\u00e1s all\u00e1 de lo que deb\u00edamos hacer, simplemente porque nunca escuchamos la palabra &#8216;corte&#8217;\u201d.<\/p>\n<p>Andrew Garfield recuerda que se &#171;priv\u00f3&#187; de sexo y comida para la pel\u00edcula &#171;Silence&#187;<\/p>\n<p>John Crowley, el director, estaba en una habitaci\u00f3n diferente, al lado de donde estaban filmando, dijo Garfield.<\/p>\n<p>A medida que pasaba el tiempo, &#171;siento como si ambos nos dij\u00e9ramos telep\u00e1ticamente: &#8216;definitivamente parece una toma m\u00e1s larga'&#187;, record\u00f3 el actor.<\/p>\n<p>Seg\u00fan Garfield, la pareja solo se dio cuenta de su error cuando miraron a los miembros de la producci\u00f3n y los vieron a ambos mirando hacia la pared, en un intento de cortes\u00eda.<\/p>\n<p>Aunque Garfield reconoci\u00f3 que la escena se prolong\u00f3 un poco m\u00e1s de lo debido, \u00e9l y Pugh se \u201csintieron lo suficientemente seguros\u201d en su entorno de filmaci\u00f3n como para pensar: \u201cdejaremos que esto evolucione y seguiremos adelante\u201d.<\/p>\n<p>\u201cWe Live In Time\u201d est\u00e1 protagonizada por Garfield y Pugh, quienes en la pel\u00edcula \u201cse re\u00fanen en un encuentro sorpresa que cambia sus vidas\u201d, seg\u00fan una sinopsis oficial.<\/p>\n<p>La pel\u00edcula se estrenar\u00e1 en los cines de Estados Unidos el 11 de octubre.<\/p>\n<p>The-CNN-Wire<br \/>&trade; &amp; &copy; 2024 Cable News Network, Inc., a Warner Bros. Discovery Company. All rights reserved.<\/p>\n","protected":false},"excerpt":{"rendered":"<p>(CNN) \u2013\u2013 La qu\u00edmica entre Andrew Garfield y Florence Pugh en el set de su nueva pel\u00edcula fue tan intensa que ni siquiera escucharon la se\u00f1al para cortar mientras filmaban una apasionante escena de amor. Durante una aparici\u00f3n en el 92nd Street Y el viernes para promocionar \u201cWe Live in Time\u201d, Garfield record\u00f3 haber filmado [&hellip;]<\/p>\n","protected":false},"author":0,"featured_media":0,"comment_status":"open","ping_status":"open","sticky":false,"template":"","format":"standard","meta":{"_jetpack_memberships_contains_paid_content":false,"footnotes":""},"categories":[10],"tags":[],"class_list":["post-1454974","post","type-post","status-publish","format-standard","hentry","category-noticias-nacionales","market-global"],"yoast_head":"<!-- This site is optimized with the Yoast SEO plugin v24.4 - https:\/\/yoast.com\/wordpress\/plugins\/seo\/ -->\n<title>Andrew Garfield recuerda el momento inc\u00f3modo en el que \u00e9l y Florence Pugh no escucharon la palabra &quot;corte&quot; mientras filmaban una escena de amor - Noticias<\/title>\n<meta name=\"robots\" content=\"index, follow, max-snippet:-1, max-image-preview:large, max-video-preview:-1\" \/>\n<link rel=\"canonical\" href=\"https:\/\/noticiasya.com\/2024\/10\/06\/andrew-garfield-momento-incomodo-escena-amor-trax\/\" \/>\n<meta property=\"og:locale\" content=\"es_ES\" \/>\n<meta property=\"og:type\" content=\"article\" \/>\n<meta property=\"og:title\" content=\"Andrew Garfield recuerda el momento inc\u00f3modo en el que \u00e9l y Florence Pugh no escucharon la palabra &quot;corte&quot; mientras filmaban una escena de amor - Noticias\" \/>\n<meta property=\"og:description\" content=\"(CNN) \u2013\u2013 La qu\u00edmica entre Andrew Garfield y Florence Pugh en el set de su nueva pel\u00edcula fue tan intensa que ni siquiera escucharon la se\u00f1al para cortar mientras filmaban una apasionante escena de amor. Durante una aparici\u00f3n en el 92nd Street Y el viernes para promocionar \u201cWe Live in Time\u201d, Garfield record\u00f3 haber filmado [&hellip;]\" \/>\n<meta property=\"og:url\" content=\"https:\/\/noticiasya.com\/2024\/10\/06\/andrew-garfield-momento-incomodo-escena-amor-trax\/\" \/>\n<meta property=\"og:site_name\" content=\"Noticias\" \/>\n<meta property=\"article:published_time\" content=\"2024-10-07T03:03:51+00:00\" \/>\n<meta name=\"twitter:card\" content=\"summary_large_image\" \/>\n<meta name=\"twitter:label1\" content=\"Est. reading time\" \/>\n\t<meta name=\"twitter:data1\" content=\"2 minutos\" \/>\n<script type=\"application\/ld+json\" class=\"yoast-schema-graph\">{\"@context\":\"https:\/\/schema.org\",\"@graph\":[{\"@type\":\"Article\",\"@id\":\"https:\/\/noticiasya.com\/2024\/10\/06\/andrew-garfield-momento-incomodo-escena-amor-trax\/#article\",\"isPartOf\":{\"@id\":\"https:\/\/noticiasya.com\/2024\/10\/06\/andrew-garfield-momento-incomodo-escena-amor-trax\/\"},\"author\":{\"name\":\"\",\"@id\":\"\"},\"headline\":\"Andrew Garfield recuerda el momento inc\u00f3modo en el que \u00e9l y Florence Pugh no escucharon la palabra &#171;corte&#187; mientras filmaban una escena de amor\",\"datePublished\":\"2024-10-07T03:03:51+00:00\",\"mainEntityOfPage\":{\"@id\":\"https:\/\/noticiasya.com\/2024\/10\/06\/andrew-garfield-momento-incomodo-escena-amor-trax\/\"},\"wordCount\":399,\"commentCount\":0,\"publisher\":{\"@id\":\"https:\/\/noticiasya.com\/#organization\"},\"articleSection\":[\"Noticias Nacionales\"],\"inLanguage\":\"es\",\"potentialAction\":[{\"@type\":\"CommentAction\",\"name\":\"Comment\",\"target\":[\"https:\/\/noticiasya.com\/2024\/10\/06\/andrew-garfield-momento-incomodo-escena-amor-trax\/#respond\"]}]},{\"@type\":\"WebPage\",\"@id\":\"https:\/\/noticiasya.com\/2024\/10\/06\/andrew-garfield-momento-incomodo-escena-amor-trax\/\",\"url\":\"https:\/\/noticiasya.com\/2024\/10\/06\/andrew-garfield-momento-incomodo-escena-amor-trax\/\",\"name\":\"Andrew Garfield recuerda el momento inc\u00f3modo en el que \u00e9l y Florence Pugh no escucharon la palabra \\\"corte\\\" mientras filmaban una escena de amor - Noticias\",\"isPartOf\":{\"@id\":\"https:\/\/noticiasya.com\/#website\"},\"datePublished\":\"2024-10-07T03:03:51+00:00\",\"breadcrumb\":{\"@id\":\"https:\/\/noticiasya.com\/2024\/10\/06\/andrew-garfield-momento-incomodo-escena-amor-trax\/#breadcrumb\"},\"inLanguage\":\"es\",\"potentialAction\":[{\"@type\":\"ReadAction\",\"target\":[\"https:\/\/noticiasya.com\/2024\/10\/06\/andrew-garfield-momento-incomodo-escena-amor-trax\/\"]}]},{\"@type\":\"BreadcrumbList\",\"@id\":\"https:\/\/noticiasya.com\/2024\/10\/06\/andrew-garfield-momento-incomodo-escena-amor-trax\/#breadcrumb\",\"itemListElement\":[{\"@type\":\"ListItem\",\"position\":1,\"name\":\"Home\",\"item\":\"https:\/\/noticiasya.com\/\"},{\"@type\":\"ListItem\",\"position\":2,\"name\":\"Andrew Garfield recuerda el momento inc\u00f3modo en el que \u00e9l y Florence Pugh no escucharon la palabra &#171;corte&#187; mientras filmaban una escena de amor\"}]},{\"@type\":\"WebSite\",\"@id\":\"https:\/\/noticiasya.com\/#website\",\"url\":\"https:\/\/noticiasya.com\/\",\"name\":\"Noticias\",\"description\":\"Lo que importa\",\"publisher\":{\"@id\":\"https:\/\/noticiasya.com\/#organization\"},\"potentialAction\":[{\"@type\":\"SearchAction\",\"target\":{\"@type\":\"EntryPoint\",\"urlTemplate\":\"https:\/\/noticiasya.com\/?s={search_term_string}\"},\"query-input\":{\"@type\":\"PropertyValueSpecification\",\"valueRequired\":true,\"valueName\":\"search_term_string\"}}],\"inLanguage\":\"es\"},{\"@type\":\"Organization\",\"@id\":\"https:\/\/noticiasya.com\/#organization\",\"name\":\"Noticias\",\"url\":\"https:\/\/noticiasya.com\/\",\"logo\":{\"@type\":\"ImageObject\",\"inLanguage\":\"es\",\"@id\":\"https:\/\/noticiasya.com\/#\/schema\/logo\/image\/\",\"url\":\"https:\/\/noticiasya.com\/wp-content\/uploads\/sites\/22\/2023\/12\/logo-nacional.png\",\"contentUrl\":\"https:\/\/noticiasya.com\/wp-content\/uploads\/sites\/22\/2023\/12\/logo-nacional.png\",\"width\":1801,\"height\":691,\"caption\":\"Noticias\"},\"image\":{\"@id\":\"https:\/\/noticiasya.com\/#\/schema\/logo\/image\/\"}}]}<\/script>\n<!-- \/ Yoast SEO plugin. -->","yoast_head_json":{"title":"Andrew Garfield recuerda el momento inc\u00f3modo en el que \u00e9l y Florence Pugh no escucharon la palabra \"corte\" mientras filmaban una escena de amor - Noticias","robots":{"index":"index","follow":"follow","max-snippet":"max-snippet:-1","max-image-preview":"max-image-preview:large","max-video-preview":"max-video-preview:-1"},"canonical":"https:\/\/noticiasya.com\/2024\/10\/06\/andrew-garfield-momento-incomodo-escena-amor-trax\/","og_locale":"es_ES","og_type":"article","og_title":"Andrew Garfield recuerda el momento inc\u00f3modo en el que \u00e9l y Florence Pugh no escucharon la palabra \"corte\" mientras filmaban una escena de amor - Noticias","og_description":"(CNN) \u2013\u2013 La qu\u00edmica entre Andrew Garfield y Florence Pugh en el set de su nueva pel\u00edcula fue tan intensa que ni siquiera escucharon la se\u00f1al para cortar mientras filmaban una apasionante escena de amor. Durante una aparici\u00f3n en el 92nd Street Y el viernes para promocionar \u201cWe Live in Time\u201d, Garfield record\u00f3 haber filmado [&hellip;]","og_url":"https:\/\/noticiasya.com\/2024\/10\/06\/andrew-garfield-momento-incomodo-escena-amor-trax\/","og_site_name":"Noticias","article_published_time":"2024-10-07T03:03:51+00:00","twitter_card":"summary_large_image","twitter_misc":{"Est. reading time":"2 minutos"},"schema":{"@context":"https:\/\/schema.org","@graph":[{"@type":"Article","@id":"https:\/\/noticiasya.com\/2024\/10\/06\/andrew-garfield-momento-incomodo-escena-amor-trax\/#article","isPartOf":{"@id":"https:\/\/noticiasya.com\/2024\/10\/06\/andrew-garfield-momento-incomodo-escena-amor-trax\/"},"author":{"name":"","@id":""},"headline":"Andrew Garfield recuerda el momento inc\u00f3modo en el que \u00e9l y Florence Pugh no escucharon la palabra &#171;corte&#187; mientras filmaban una escena de amor","datePublished":"2024-10-07T03:03:51+00:00","mainEntityOfPage":{"@id":"https:\/\/noticiasya.com\/2024\/10\/06\/andrew-garfield-momento-incomodo-escena-amor-trax\/"},"wordCount":399,"commentCount":0,"publisher":{"@id":"https:\/\/noticiasya.com\/#organization"},"articleSection":["Noticias Nacionales"],"inLanguage":"es","potentialAction":[{"@type":"CommentAction","name":"Comment","target":["https:\/\/noticiasya.com\/2024\/10\/06\/andrew-garfield-momento-incomodo-escena-amor-trax\/#respond"]}]},{"@type":"WebPage","@id":"https:\/\/noticiasya.com\/2024\/10\/06\/andrew-garfield-momento-incomodo-escena-amor-trax\/","url":"https:\/\/noticiasya.com\/2024\/10\/06\/andrew-garfield-momento-incomodo-escena-amor-trax\/","name":"Andrew Garfield recuerda el momento inc\u00f3modo en el que \u00e9l y Florence Pugh no escucharon la palabra \"corte\" mientras filmaban una escena de amor - Noticias","isPartOf":{"@id":"https:\/\/noticiasya.com\/#website"},"datePublished":"2024-10-07T03:03:51+00:00","breadcrumb":{"@id":"https:\/\/noticiasya.com\/2024\/10\/06\/andrew-garfield-momento-incomodo-escena-amor-trax\/#breadcrumb"},"inLanguage":"es","potentialAction":[{"@type":"ReadAction","target":["https:\/\/noticiasya.com\/2024\/10\/06\/andrew-garfield-momento-incomodo-escena-amor-trax\/"]}]},{"@type":"BreadcrumbList","@id":"https:\/\/noticiasya.com\/2024\/10\/06\/andrew-garfield-momento-incomodo-escena-amor-trax\/#breadcrumb","itemListElement":[{"@type":"ListItem","position":1,"name":"Home","item":"https:\/\/noticiasya.com\/"},{"@type":"ListItem","position":2,"name":"Andrew Garfield recuerda el momento inc\u00f3modo en el que \u00e9l y Florence Pugh no escucharon la palabra &#171;corte&#187; mientras filmaban una escena de amor"}]},{"@type":"WebSite","@id":"https:\/\/noticiasya.com\/#website","url":"https:\/\/noticiasya.com\/","name":"Noticias","description":"Lo que importa","publisher":{"@id":"https:\/\/noticiasya.com\/#organization"},"potentialAction":[{"@type":"SearchAction","target":{"@type":"EntryPoint","urlTemplate":"https:\/\/noticiasya.com\/?s={search_term_string}"},"query-input":{"@type":"PropertyValueSpecification","valueRequired":true,"valueName":"search_term_string"}}],"inLanguage":"es"},{"@type":"Organization","@id":"https:\/\/noticiasya.com\/#organization","name":"Noticias","url":"https:\/\/noticiasya.com\/","logo":{"@type":"ImageObject","inLanguage":"es","@id":"https:\/\/noticiasya.com\/#\/schema\/logo\/image\/","url":"https:\/\/noticiasya.com\/wp-content\/uploads\/sites\/22\/2023\/12\/logo-nacional.png","contentUrl":"https:\/\/noticiasya.com\/wp-content\/uploads\/sites\/22\/2023\/12\/logo-nacional.png","width":1801,"height":691,"caption":"Noticias"},"image":{"@id":"https:\/\/noticiasya.com\/#\/schema\/logo\/image\/"}}]}},"parsely":{"version":"1.1.0","canonical_url":"https:\/\/noticiasya.com\/el-valle\/2024\/10\/06\/andrew-garfield-momento-incomodo-escena-amor-trax\/","smart_links":{"inbound":0,"outbound":0},"traffic_boost_suggestions_count":0,"meta":{"@context":"https:\/\/schema.org","@type":"NewsArticle","headline":"Andrew Garfield recuerda el momento inc\u00f3modo en el que \u00e9l y Florence Pugh no escucharon la palabra &#171;corte&#187; mientras filmaban una escena de amor","url":"http:\/\/noticiasya.com\/el-valle\/2024\/10\/06\/andrew-garfield-momento-incomodo-escena-amor-trax\/","mainEntityOfPage":{"@type":"WebPage","@id":"http:\/\/noticiasya.com\/el-valle\/2024\/10\/06\/andrew-garfield-momento-incomodo-escena-amor-trax\/"},"thumbnailUrl":"","image":{"@type":"ImageObject","url":""},"articleSection":"Noticias Nacionales","author":[],"creator":[],"publisher":{"@type":"Organization","name":"Noticias","logo":""},"keywords":[],"dateCreated":"2024-10-07T03:03:51Z","datePublished":"2024-10-07T03:03:51Z","dateModified":"2024-10-07T03:03:51Z"},"rendered":"<script type=\"application\/ld+json\" class=\"wp-parsely-metadata\">{\"@context\":\"https:\\\/\\\/schema.org\",\"@type\":\"NewsArticle\",\"headline\":\"Andrew Garfield recuerda el momento inc\\u00f3modo en el que \\u00e9l y Florence Pugh no escucharon la palabra &#171;corte&#187; mientras filmaban una escena de amor\",\"url\":\"http:\\\/\\\/noticiasya.com\\\/el-valle\\\/2024\\\/10\\\/06\\\/andrew-garfield-momento-incomodo-escena-amor-trax\\\/\",\"mainEntityOfPage\":{\"@type\":\"WebPage\",\"@id\":\"http:\\\/\\\/noticiasya.com\\\/el-valle\\\/2024\\\/10\\\/06\\\/andrew-garfield-momento-incomodo-escena-amor-trax\\\/\"},\"thumbnailUrl\":\"\",\"image\":{\"@type\":\"ImageObject\",\"url\":\"\"},\"articleSection\":\"Noticias Nacionales\",\"author\":[],\"creator\":[],\"publisher\":{\"@type\":\"Organization\",\"name\":\"Noticias\",\"logo\":\"\"},\"keywords\":[],\"dateCreated\":\"2024-10-07T03:03:51Z\",\"datePublished\":\"2024-10-07T03:03:51Z\",\"dateModified\":\"2024-10-07T03:03:51Z\"}<\/script>","tracker_url":"https:\/\/cdn.parsely.com\/keys\/noticiasya.com\/p.js"},"jetpack_featured_media_url":"","jetpack-related-posts":[{"id":1454975,"url":"https:\/\/noticiasya.com\/el-valle\/2024\/10\/07\/5-cosas-7-octubre-milton-hamas-orix\/","url_meta":{"origin":1454974,"position":0},"title":"Las 5 cosas que debes saber este 7 de octubre: Hurac\u00e1n Milton obliga la mayor evacuaci\u00f3n en Florida desde 2017","author":"","date":"octubre 7, 2024","format":false,"excerpt":"Un a\u00f1o de guerra entre Israel y Hamas. Bombardeos en el L\u00edbano. Florida se prepara para la llegada del hurac\u00e1n Milton. El papa Francisco aument\u00f3 el grupo de eclesi\u00e1sticos que elegir\u00e1 a su sucesor. Los retos de Clara Brugada en M\u00e9xico.\u00a0Esto es lo que debes saber para comenzar el d\u00eda.\u2026","rel":"","context":"In &quot;Noticias Nacionales&quot;","block_context":{"text":"Noticias Nacionales","link":"https:\/\/noticiasya.com\/el-valle\/categoria\/noticias-nacionales"},"img":{"alt_text":"","src":"","width":0,"height":0},"classes":[]},{"id":1473351,"url":"https:\/\/noticiasya.com\/el-valle\/2026\/04\/20\/claves-tiroteo-masivo-shreveport-louisiana-trax\/","url_meta":{"origin":1454974,"position":1},"title":"Muerte de 8 ni\u00f1os en Louisiana: qu\u00e9 pas\u00f3 en el tiroteo masivo m\u00e1s mort\u00edfero en EE.UU. desde 2024","author":"","date":"abril 20, 2026","format":false,"excerpt":"Un hombre de 31 a\u00f1os mat\u00f3 a tiros a sus siete hijos peque\u00f1os y a un primo, e hiri\u00f3 gravemente a su esposa y a otra mujer el domingo por la ma\u00f1ana en el noroeste de Louisiana, seg\u00fan informaron las autoridades. Se trata de un acto de violencia impactante que\u2026","rel":"","context":"In &quot;Noticias Nacionales&quot;","block_context":{"text":"Noticias Nacionales","link":"https:\/\/noticiasya.com\/el-valle\/categoria\/noticias-nacionales"},"img":{"alt_text":"","src":"","width":0,"height":0},"classes":[]},{"id":1473448,"url":"https:\/\/noticiasya.com\/el-valle\/2026\/04\/23\/quienes-son-ninos-murieron-tiroteo-shreveport-louisiana-trax\/","url_meta":{"origin":1454974,"position":2},"title":"\u00bfQui\u00e9nes son los 8 ni\u00f1os que murieron en el tiroteo masivo de Shreveport, Louisiana?","author":"","date":"abril 23, 2026","format":false,"excerpt":"El Domingo de Pascua, Shamar Elkins pos\u00f3 para una foto con sus siete hijos, todos con atuendos de iglesia a juego: la mayor\u00eda de las ni\u00f1as con su\u00e9teres blancos abotonados con rayas rosas y los ni\u00f1os con polos azul cielo. Una de sus hijas muestra una sonrisa electrizante, enmarcada por\u2026","rel":"","context":"In &quot;Noticias Nacionales&quot;","block_context":{"text":"Noticias Nacionales","link":"https:\/\/noticiasya.com\/el-valle\/categoria\/noticias-nacionales"},"img":{"alt_text":"","src":"","width":0,"height":0},"classes":[]},{"id":1446018,"url":"https:\/\/noticiasya.com\/el-valle\/2024\/02\/26\/10-cosas-que-puedes-esperar-dune-2-spoilers-orix\/","url_meta":{"origin":1454974,"position":3},"title":"10 cosas que puedes esperar de &#171;Dune 2&#187; (con spoilers)","author":"","date":"febrero 26, 2024","format":false,"excerpt":"(CNN Espa\u00f1ol) -- Luego de la primera pel\u00edcula en 2021 y de retrasos en la llegada de la segunda parte por las huelgas en Hollywood, la \u00e9pica de ciencia ficci\u00f3n \"Dune 2\" se estrena esta semana en la pantalla grande.\"Dune: Parte Dos\", de Warner Bros. (que, como CNN, es una\u2026","rel":"","context":"In &quot;Noticias Nacionales&quot;","block_context":{"text":"Noticias Nacionales","link":"https:\/\/noticiasya.com\/el-valle\/categoria\/noticias-nacionales"},"img":{"alt_text":"","src":"","width":0,"height":0},"classes":[]},{"id":1445550,"url":"https:\/\/noticiasya.com\/el-valle\/2024\/02\/17\/tu-cerebro-necesita-descanso-aqui-hay-5-maneras-de-conseguirlo\/","url_meta":{"origin":1454974,"position":4},"title":"Tu cerebro necesita descanso. Aqu\u00ed hay 5 maneras de conseguirlo","author":"","date":"febrero 17, 2024","format":false,"excerpt":"(CNN) -- Con la vida moderna tan repleta de actividades y est\u00edmulos, es dif\u00edcil desconectarse y relajarse por completo. Pero eso es algo que nuestro cerebro necesita para repararse y restaurarse.El \u00fanico lugar (casi) seguro al que nuestro cerebro puede acudir para relajarse es el sue\u00f1o. Por eso es fundamental\u2026","rel":"","context":"In &quot;Noticias Nacionales&quot;","block_context":{"text":"Noticias Nacionales","link":"https:\/\/noticiasya.com\/el-valle\/categoria\/noticias-nacionales"},"img":{"alt_text":"","src":"","width":0,"height":0},"classes":[]},{"id":1466573,"url":"https:\/\/noticiasya.com\/el-valle\/2025\/09\/18\/celebridades-concierto-together-for-palestine-londres-trax\/","url_meta":{"origin":1454974,"position":5},"title":"Decenas de celebridades suben al escenario en Londres para la recaudaci\u00f3n de fondos \u2018Together for Palestine\u2019","author":"","date":"septiembre 18, 2025","format":false,"excerpt":"Decenas de m\u00fasicos, actores, activistas y oradores subieron al escenario en el estadio m\u00e1s grande de Londres el mi\u00e9rcoles para recaudar fondos para el pueblo palestino en un concierto ben\u00e9fico por la guerra en Gaza.El evento, \u201cTogether for Palestine\u201d, reuni\u00f3 a una alineaci\u00f3n repleta de estrellas en el Wembley Arena\u2026","rel":"","context":"In &quot;Noticias Nacionales&quot;","block_context":{"text":"Noticias Nacionales","link":"https:\/\/noticiasya.com\/el-valle\/categoria\/noticias-nacionales"},"img":{"alt_text":"","src":"","width":0,"height":0},"classes":[]}],"jetpack_sharing_enabled":true,"_links":{"self":[{"href":"https:\/\/noticiasya.com\/el-valle\/wp-json\/wp\/v2\/posts\/1454974","targetHints":{"allow":["GET"]}}],"collection":[{"href":"https:\/\/noticiasya.com\/el-valle\/wp-json\/wp\/v2\/posts"}],"about":[{"href":"https:\/\/noticiasya.com\/el-valle\/wp-json\/wp\/v2\/types\/post"}],"replies":[{"embeddable":true,"href":"https:\/\/noticiasya.com\/el-valle\/wp-json\/wp\/v2\/comments?post=1454974"}],"version-history":[{"count":0,"href":"https:\/\/noticiasya.com\/el-valle\/wp-json\/wp\/v2\/posts\/1454974\/revisions"}],"wp:attachment":[{"href":"https:\/\/noticiasya.com\/el-valle\/wp-json\/wp\/v2\/media?parent=1454974"}],"wp:term":[{"taxonomy":"category","embeddable":true,"href":"https:\/\/noticiasya.com\/el-valle\/wp-json\/wp\/v2\/categories?post=1454974"},{"taxonomy":"post_tag","embeddable":true,"href":"https:\/\/noticiasya.com\/el-valle\/wp-json\/wp\/v2\/tags?post=1454974"}],"curies":[{"name":"wp","href":"https:\/\/api.w.org\/{rel}","templated":true}]}}