{"id":1455013,"date":"2024-10-09T21:03:52","date_gmt":"2024-10-10T04:03:52","guid":{"rendered":"https:\/\/noticiasya.com\/2024\/10\/09\/preferencia-por-alimentos-picantes-solo-en-tu-cabeza-trax\/"},"modified":"2024-10-09T21:03:52","modified_gmt":"2024-10-10T04:03:52","slug":"preferencia-por-alimentos-picantes-solo-en-tu-cabeza-trax","status":"publish","type":"post","link":"https:\/\/noticiasya.com\/el-valle\/2024\/10\/09\/preferencia-por-alimentos-picantes-solo-en-tu-cabeza-trax\/","title":{"rendered":"Tu preferencia por los alimentos picantes puede estar solo en tu cabeza"},"content":{"rendered":"<p>(CNN) &#8212; En mi familia, oficialmente me conocen como \u201cBaby Spice\u201d. No, mis hijos adultos no me comparan con una de las Spice Girls, el grupo de m\u00fasica pop que cautiv\u00f3 a los j\u00f3venes en los a\u00f1os 90. Me gan\u00e9 ese apodo porque soy una cobarde total cuando se trata de comer algo remotamente picante.<\/p>\n<p>\u201c\u00bfEst\u00e1s segura de que esa salsa no es picante?\u201d, pregunto sin falta antes de ordenar en un restaurante. \u201cOh, no, para nada\u201d, me aseguran cada vez.<\/p>\n<p>Cuando llega la comida, todos en mi mesa ponen los ojos en blanco mientras jadeo y me ahogo buscando el agua que no ayuda.<\/p>\n<p>\u201cToma, come un trozo de pan\u201d, dice uno de mis hijos con resignaci\u00f3n. \u201cY s\u00ed, cambiar\u00e9 la comida contigo\u201d.<\/p>\n<p>Estoy segura de que no soy la \u00fanica que siente aversi\u00f3n por ello. Sin embargo, muchas personas adoran los alimentos picantes y excesivamente condimentados. Cuanto m\u00e1s picantes, mejor. Algunos incluso buscan alimentos muy picantes, entusiasmados por desafiar su digesti\u00f3n con los pimientos m\u00e1s picantes del planeta.<\/p>\n<p>\u201cNunca ha habido una especia que no pueda soportar. Tr\u00e1iganla\u201d, sol\u00eda decir mi marido. Se sentaba y com\u00eda esos alimentos con placer, con solo unas gotas de sudor en su frente.<\/p>\n<p>Estos son los 3 chiles m\u00e1s picantes del mundo<\/p>\n<p>\u00bfC\u00f3mo pueden existir tales extremos en el comportamiento humano? Seg\u00fan un nuevo estudio, estas reacciones pueden deberse a c\u00f3mo las expectativas dan forma a las experiencias sensoriales. En otras palabras, puedo encontrar la comida picante abrumadora simplemente porque espero que lo sea.<\/p>\n<p>\u201cLas expectativas son poderosas\u201d, dijo la Dra. Susan Albers, psic\u00f3loga cl\u00ednica de la Cl\u00ednica Cleveland en Ohio, que no particip\u00f3 en el estudio.<\/p>\n<p>\u201cPueden transformar una sensaci\u00f3n de ardor en una experiencia placentera o desagradable, dependiendo de c\u00f3mo anticipemos el sabor\u201d.<\/p>\n<p>M\u00e1s picante en la mente que en la realidad<\/p>\n<p>En el estudio, publicado el martes en la revista PLOS Biology, investigadores chinos escanearon los cerebros de 24 personas a las que les gustaban las comidas picantes y 22 a las que no.<\/p>\n<p>Durante la toma de im\u00e1genes cerebrales, cada persona recibi\u00f3 30 chorros de salsa picante suave y de alta intensidad, seguidos de agua, mientras se les mostraban dos pimientos de color azul. Los pimientos no dieron a los participantes ninguna pista sobre el nivel de picante de la salsa picante.<\/p>\n<p>Luego se repiti\u00f3 la prueba con las mismas salsas picantes. Esta vez, sin embargo, a los participantes se les mostraron dos pimientos rojos cuando se les roci\u00f3 en la boca la salsa m\u00e1s picante, un pimiento rojo y uno azul cuando se les administr\u00f3 la salsa m\u00e1s suave y dos pimientos azules cuando se les proporcion\u00f3 agua.<\/p>\n<p>Las partes del cerebro relacionadas con el placer se activaron en las personas que dijeron que les encantaban los alimentos calientes y picantes; en muchos casos, cuanto m\u00e1s picante era el picante, m\u00e1s intenso era el placer.<\/p>\n<p>Consumir comida picante puede prolongar la vida, seg\u00fan estudio<\/p>\n<p>No fue as\u00ed en los cerebros de quienes no les gustaba el picante: sus centros de dolor se activaron cuando se les administr\u00f3 salsa picante en ambos ensayos. Sin embargo, la experiencia de dolor aument\u00f3 dr\u00e1sticamente en el segundo ensayo, cuando el participante sab\u00eda que le dar\u00edan la salsa m\u00e1s picante.<\/p>\n<p>&#171;Me sorprendi\u00f3 la fuerza con la que las expectativas negativas amplificaron la respuesta del cerebro al dolor, aunque el est\u00edmulo fuera el mismo&#187;, dijo el autor principal Yi Luo, investigador de la escuela de psicolog\u00eda y ciencia cognitiva de la Universidad Normal del Este de China en Shangh\u00e1i.<\/p>\n<p>&#171;Esto pone de relieve c\u00f3mo nuestra anticipaci\u00f3n de la incomodidad puede intensificar significativamente la experiencia del dolor&#187;, dijo Luo en una declaraci\u00f3n.<\/p>\n<p>Existen otras razones, como la gen\u00e9tica, por las que preferimos un tipo de alimento en lugar de otro. Tomemos como ejemplo el cilantro: las personas con un gen determinado dicen que el cilantro sabe a jab\u00f3n, mientras que a otras les gusta el sabor.<\/p>\n<p>\u201cEn parte puede ser por expectativas, pero en parte tambi\u00e9n puede ser por c\u00f3mo estamos programados biol\u00f3gicamente para experimentar la comida\u201d, dijo Albers. \u201cTodos probamos exactamente los mismos alimentos de maneras completamente diferentes. Nuestras preferencias gustativas son como una huella dactilar, totalmente \u00fanicas\u201d.<\/p>\n<p>\u00bfQuieres comer alimentos m\u00e1s picantes?<\/p>\n<p>Mi familia estar\u00eda encantada si yo pasara de ser una cobarde con las especias a una amante de las especias porque entonces todos podr\u00edamos disfrutar de alimentos con un poco m\u00e1s de picante (y yo dejar\u00eda de robarles sus comidas menos picantes).<\/p>\n<p>Si tu tambi\u00e9n quieres cambiar de opini\u00f3n sobre las especias, estas son las sugerencias de Albers:<\/p>\n<p>Reformula las asociaciones negativas: si no te gusta la comida picante, ac\u00e9rcate a ella con curiosidad en lugar de aversi\u00f3n. Este cambio de mentalidad puede alterar tu percepci\u00f3n y experiencia, dice Albers.<\/p>\n<p>Experimenta con diferentes especias: conc\u00e9ntrate en la experiencia sensorial completa. Observa los sabores, las texturas y las sensaciones de picante de las distintas especias sin juzgar.<\/p>\n<p>Usa las se\u00f1ales visuales con cuidado: presta atenci\u00f3n a c\u00f3mo las se\u00f1ales visuales de un alimento, como las descripciones del men\u00fa o la presentaci\u00f3n de la comida, afectan tus expectativas. Usa esta conciencia para controlar tu anticipaci\u00f3n de la experiencia picante.<\/p>\n<p>&#171;Flamin&#8217; Hot&#187;, dirigida por Eva Longoria, relata la historia de la creaci\u00f3n de las papas picantes de Frito-Lay<\/p>\n<p>\u201cTomemos como ejemplo el piment\u00f3n. Como es rojo, algunas personas creen que ser\u00e1 picante y no lo es\u201d, dijo Albers. \u201cUn curry es un tipo de especia diferente a un chile. Recuerda que las expectativas pueden influir significativamente en su experiencia\u201d.<\/p>\n<p>Escucha a tu cuerpo: cuando comas alimentos picantes, presta atenci\u00f3n a las respuestas de tu cuerpo. Observa d\u00f3nde sientes el picante y c\u00f3mo cambia con el tiempo, para que puedas entender tu tolerancia personal y tu umbral de disfrute.<\/p>\n<p>\u201cSi quieres aumentar tu tolerancia a las especias, hazlo de forma lenta y consciente. Comienza con especias m\u00e1s suaves y ve aumentando gradualmente\u201d, dijo Albers. \u201cNo existe un nivel \u2018correcto\u2019 de picante, se trata de lo que te hace sentir bien\u201d.<\/p>\n<p>Combina los alimentos picantes de forma pensada: considera equilibrar los sabores picantes con elementos refrescantes, como un trozo de queso o pan. Al principio da peque\u00f1os bocados, dijo Albers.<\/p>\n<p>\u201cEsto puede mejorar el disfrute general y hacer que la experiencia sea m\u00e1s llevadera\u201d, afirm\u00f3.<\/p>\n<p>Atenci\u00f3n amantes de las especias<\/p>\n<p>\u00bfQu\u00e9 pasa con el equipo de las especias? Es posible que algunas cosas sean demasiado picantes.<\/p>\n<p>En la escala Scoville, que mide el picante de un pimiento, un pimiento Carolina Reaper tiene alrededor de 1,7 millones de unidades de picante Scoville, mientras que un Naga Viper tiene alrededor de 1,4 millones de unidades. Un pimiento jalape\u00f1o tiene un promedio de 3.500 a 8.000 unidades en la escala Scoville.<\/p>\n<p>\u201cLos alimentos picantes pueden aumentar el metabolismo, la frecuencia card\u00edaca, provocar v\u00f3mitos y malestar g\u00e1strico, por lo que definitivamente hay una respuesta fisiol\u00f3gica en marcha\u201d, afirm\u00f3 Albers.<\/p>\n<p>\u201cSi notas que tu frecuencia card\u00edaca se acelera muy r\u00e1pido o que empiezas a sudar profusamente, eso puede significar que la comida picante puede no ser la comida para ti\u201d.<\/p>\n<p>The-CNN-Wire<br \/>&trade; &amp; &copy; 2024 Cable News Network, Inc., a Warner Bros. Discovery Company. All rights reserved.<\/p>\n","protected":false},"excerpt":{"rendered":"<p>(CNN) &#8212; En mi familia, oficialmente me conocen como \u201cBaby Spice\u201d. No, mis hijos adultos no me comparan con una de las Spice Girls, el grupo de m\u00fasica pop que cautiv\u00f3 a los j\u00f3venes en los a\u00f1os 90. Me gan\u00e9 ese apodo porque soy una cobarde total cuando se trata de comer algo remotamente picante. [&hellip;]<\/p>\n","protected":false},"author":0,"featured_media":0,"comment_status":"open","ping_status":"open","sticky":false,"template":"","format":"standard","meta":{"_jetpack_memberships_contains_paid_content":false,"footnotes":""},"categories":[10],"tags":[],"class_list":["post-1455013","post","type-post","status-publish","format-standard","hentry","category-noticias-nacionales","market-global"],"yoast_head":"<!-- This site is optimized with the Yoast SEO plugin v24.4 - https:\/\/yoast.com\/wordpress\/plugins\/seo\/ -->\n<title>Tu preferencia por los alimentos picantes puede estar solo en tu cabeza - Noticias<\/title>\n<meta name=\"robots\" content=\"index, follow, max-snippet:-1, max-image-preview:large, max-video-preview:-1\" \/>\n<link rel=\"canonical\" href=\"https:\/\/noticiasya.com\/2024\/10\/09\/preferencia-por-alimentos-picantes-solo-en-tu-cabeza-trax\/\" \/>\n<meta property=\"og:locale\" content=\"es_ES\" \/>\n<meta property=\"og:type\" content=\"article\" \/>\n<meta property=\"og:title\" content=\"Tu preferencia por los alimentos picantes puede estar solo en tu cabeza - Noticias\" \/>\n<meta property=\"og:description\" content=\"(CNN) &#8212; En mi familia, oficialmente me conocen como \u201cBaby Spice\u201d. No, mis hijos adultos no me comparan con una de las Spice Girls, el grupo de m\u00fasica pop que cautiv\u00f3 a los j\u00f3venes en los a\u00f1os 90. Me gan\u00e9 ese apodo porque soy una cobarde total cuando se trata de comer algo remotamente picante. [&hellip;]\" \/>\n<meta property=\"og:url\" content=\"https:\/\/noticiasya.com\/2024\/10\/09\/preferencia-por-alimentos-picantes-solo-en-tu-cabeza-trax\/\" \/>\n<meta property=\"og:site_name\" content=\"Noticias\" \/>\n<meta property=\"article:published_time\" content=\"2024-10-10T04:03:52+00:00\" \/>\n<meta name=\"twitter:card\" content=\"summary_large_image\" \/>\n<meta name=\"twitter:label1\" content=\"Est. reading time\" \/>\n\t<meta name=\"twitter:data1\" content=\"6 minutos\" \/>\n<script type=\"application\/ld+json\" class=\"yoast-schema-graph\">{\"@context\":\"https:\/\/schema.org\",\"@graph\":[{\"@type\":\"Article\",\"@id\":\"https:\/\/noticiasya.com\/2024\/10\/09\/preferencia-por-alimentos-picantes-solo-en-tu-cabeza-trax\/#article\",\"isPartOf\":{\"@id\":\"https:\/\/noticiasya.com\/2024\/10\/09\/preferencia-por-alimentos-picantes-solo-en-tu-cabeza-trax\/\"},\"author\":{\"name\":\"\",\"@id\":\"\"},\"headline\":\"Tu preferencia por los alimentos picantes puede estar solo en tu cabeza\",\"datePublished\":\"2024-10-10T04:03:52+00:00\",\"mainEntityOfPage\":{\"@id\":\"https:\/\/noticiasya.com\/2024\/10\/09\/preferencia-por-alimentos-picantes-solo-en-tu-cabeza-trax\/\"},\"wordCount\":1265,\"commentCount\":0,\"publisher\":{\"@id\":\"https:\/\/noticiasya.com\/#organization\"},\"articleSection\":[\"Noticias Nacionales\"],\"inLanguage\":\"es\",\"potentialAction\":[{\"@type\":\"CommentAction\",\"name\":\"Comment\",\"target\":[\"https:\/\/noticiasya.com\/2024\/10\/09\/preferencia-por-alimentos-picantes-solo-en-tu-cabeza-trax\/#respond\"]}]},{\"@type\":\"WebPage\",\"@id\":\"https:\/\/noticiasya.com\/2024\/10\/09\/preferencia-por-alimentos-picantes-solo-en-tu-cabeza-trax\/\",\"url\":\"https:\/\/noticiasya.com\/2024\/10\/09\/preferencia-por-alimentos-picantes-solo-en-tu-cabeza-trax\/\",\"name\":\"Tu preferencia por los alimentos picantes puede estar solo en tu cabeza - Noticias\",\"isPartOf\":{\"@id\":\"https:\/\/noticiasya.com\/#website\"},\"datePublished\":\"2024-10-10T04:03:52+00:00\",\"breadcrumb\":{\"@id\":\"https:\/\/noticiasya.com\/2024\/10\/09\/preferencia-por-alimentos-picantes-solo-en-tu-cabeza-trax\/#breadcrumb\"},\"inLanguage\":\"es\",\"potentialAction\":[{\"@type\":\"ReadAction\",\"target\":[\"https:\/\/noticiasya.com\/2024\/10\/09\/preferencia-por-alimentos-picantes-solo-en-tu-cabeza-trax\/\"]}]},{\"@type\":\"BreadcrumbList\",\"@id\":\"https:\/\/noticiasya.com\/2024\/10\/09\/preferencia-por-alimentos-picantes-solo-en-tu-cabeza-trax\/#breadcrumb\",\"itemListElement\":[{\"@type\":\"ListItem\",\"position\":1,\"name\":\"Home\",\"item\":\"https:\/\/noticiasya.com\/\"},{\"@type\":\"ListItem\",\"position\":2,\"name\":\"Tu preferencia por los alimentos picantes puede estar solo en tu cabeza\"}]},{\"@type\":\"WebSite\",\"@id\":\"https:\/\/noticiasya.com\/#website\",\"url\":\"https:\/\/noticiasya.com\/\",\"name\":\"Noticias\",\"description\":\"Lo que importa\",\"publisher\":{\"@id\":\"https:\/\/noticiasya.com\/#organization\"},\"potentialAction\":[{\"@type\":\"SearchAction\",\"target\":{\"@type\":\"EntryPoint\",\"urlTemplate\":\"https:\/\/noticiasya.com\/?s={search_term_string}\"},\"query-input\":{\"@type\":\"PropertyValueSpecification\",\"valueRequired\":true,\"valueName\":\"search_term_string\"}}],\"inLanguage\":\"es\"},{\"@type\":\"Organization\",\"@id\":\"https:\/\/noticiasya.com\/#organization\",\"name\":\"Noticias\",\"url\":\"https:\/\/noticiasya.com\/\",\"logo\":{\"@type\":\"ImageObject\",\"inLanguage\":\"es\",\"@id\":\"https:\/\/noticiasya.com\/#\/schema\/logo\/image\/\",\"url\":\"https:\/\/noticiasya.com\/wp-content\/uploads\/sites\/22\/2023\/12\/logo-nacional.png\",\"contentUrl\":\"https:\/\/noticiasya.com\/wp-content\/uploads\/sites\/22\/2023\/12\/logo-nacional.png\",\"width\":1801,\"height\":691,\"caption\":\"Noticias\"},\"image\":{\"@id\":\"https:\/\/noticiasya.com\/#\/schema\/logo\/image\/\"}}]}<\/script>\n<!-- \/ Yoast SEO plugin. -->","yoast_head_json":{"title":"Tu preferencia por los alimentos picantes puede estar solo en tu cabeza - Noticias","robots":{"index":"index","follow":"follow","max-snippet":"max-snippet:-1","max-image-preview":"max-image-preview:large","max-video-preview":"max-video-preview:-1"},"canonical":"https:\/\/noticiasya.com\/2024\/10\/09\/preferencia-por-alimentos-picantes-solo-en-tu-cabeza-trax\/","og_locale":"es_ES","og_type":"article","og_title":"Tu preferencia por los alimentos picantes puede estar solo en tu cabeza - Noticias","og_description":"(CNN) &#8212; En mi familia, oficialmente me conocen como \u201cBaby Spice\u201d. No, mis hijos adultos no me comparan con una de las Spice Girls, el grupo de m\u00fasica pop que cautiv\u00f3 a los j\u00f3venes en los a\u00f1os 90. Me gan\u00e9 ese apodo porque soy una cobarde total cuando se trata de comer algo remotamente picante. [&hellip;]","og_url":"https:\/\/noticiasya.com\/2024\/10\/09\/preferencia-por-alimentos-picantes-solo-en-tu-cabeza-trax\/","og_site_name":"Noticias","article_published_time":"2024-10-10T04:03:52+00:00","twitter_card":"summary_large_image","twitter_misc":{"Est. reading time":"6 minutos"},"schema":{"@context":"https:\/\/schema.org","@graph":[{"@type":"Article","@id":"https:\/\/noticiasya.com\/2024\/10\/09\/preferencia-por-alimentos-picantes-solo-en-tu-cabeza-trax\/#article","isPartOf":{"@id":"https:\/\/noticiasya.com\/2024\/10\/09\/preferencia-por-alimentos-picantes-solo-en-tu-cabeza-trax\/"},"author":{"name":"","@id":""},"headline":"Tu preferencia por los alimentos picantes puede estar solo en tu cabeza","datePublished":"2024-10-10T04:03:52+00:00","mainEntityOfPage":{"@id":"https:\/\/noticiasya.com\/2024\/10\/09\/preferencia-por-alimentos-picantes-solo-en-tu-cabeza-trax\/"},"wordCount":1265,"commentCount":0,"publisher":{"@id":"https:\/\/noticiasya.com\/#organization"},"articleSection":["Noticias Nacionales"],"inLanguage":"es","potentialAction":[{"@type":"CommentAction","name":"Comment","target":["https:\/\/noticiasya.com\/2024\/10\/09\/preferencia-por-alimentos-picantes-solo-en-tu-cabeza-trax\/#respond"]}]},{"@type":"WebPage","@id":"https:\/\/noticiasya.com\/2024\/10\/09\/preferencia-por-alimentos-picantes-solo-en-tu-cabeza-trax\/","url":"https:\/\/noticiasya.com\/2024\/10\/09\/preferencia-por-alimentos-picantes-solo-en-tu-cabeza-trax\/","name":"Tu preferencia por los alimentos picantes puede estar solo en tu cabeza - Noticias","isPartOf":{"@id":"https:\/\/noticiasya.com\/#website"},"datePublished":"2024-10-10T04:03:52+00:00","breadcrumb":{"@id":"https:\/\/noticiasya.com\/2024\/10\/09\/preferencia-por-alimentos-picantes-solo-en-tu-cabeza-trax\/#breadcrumb"},"inLanguage":"es","potentialAction":[{"@type":"ReadAction","target":["https:\/\/noticiasya.com\/2024\/10\/09\/preferencia-por-alimentos-picantes-solo-en-tu-cabeza-trax\/"]}]},{"@type":"BreadcrumbList","@id":"https:\/\/noticiasya.com\/2024\/10\/09\/preferencia-por-alimentos-picantes-solo-en-tu-cabeza-trax\/#breadcrumb","itemListElement":[{"@type":"ListItem","position":1,"name":"Home","item":"https:\/\/noticiasya.com\/"},{"@type":"ListItem","position":2,"name":"Tu preferencia por los alimentos picantes puede estar solo en tu cabeza"}]},{"@type":"WebSite","@id":"https:\/\/noticiasya.com\/#website","url":"https:\/\/noticiasya.com\/","name":"Noticias","description":"Lo que importa","publisher":{"@id":"https:\/\/noticiasya.com\/#organization"},"potentialAction":[{"@type":"SearchAction","target":{"@type":"EntryPoint","urlTemplate":"https:\/\/noticiasya.com\/?s={search_term_string}"},"query-input":{"@type":"PropertyValueSpecification","valueRequired":true,"valueName":"search_term_string"}}],"inLanguage":"es"},{"@type":"Organization","@id":"https:\/\/noticiasya.com\/#organization","name":"Noticias","url":"https:\/\/noticiasya.com\/","logo":{"@type":"ImageObject","inLanguage":"es","@id":"https:\/\/noticiasya.com\/#\/schema\/logo\/image\/","url":"https:\/\/noticiasya.com\/wp-content\/uploads\/sites\/22\/2023\/12\/logo-nacional.png","contentUrl":"https:\/\/noticiasya.com\/wp-content\/uploads\/sites\/22\/2023\/12\/logo-nacional.png","width":1801,"height":691,"caption":"Noticias"},"image":{"@id":"https:\/\/noticiasya.com\/#\/schema\/logo\/image\/"}}]}},"parsely":{"version":"1.1.0","canonical_url":"https:\/\/noticiasya.com\/el-valle\/2024\/10\/09\/preferencia-por-alimentos-picantes-solo-en-tu-cabeza-trax\/","smart_links":{"inbound":0,"outbound":0},"traffic_boost_suggestions_count":0,"meta":{"@context":"https:\/\/schema.org","@type":"NewsArticle","headline":"Tu preferencia por los alimentos picantes puede estar solo en tu cabeza","url":"http:\/\/noticiasya.com\/el-valle\/2024\/10\/09\/preferencia-por-alimentos-picantes-solo-en-tu-cabeza-trax\/","mainEntityOfPage":{"@type":"WebPage","@id":"http:\/\/noticiasya.com\/el-valle\/2024\/10\/09\/preferencia-por-alimentos-picantes-solo-en-tu-cabeza-trax\/"},"thumbnailUrl":"","image":{"@type":"ImageObject","url":""},"articleSection":"Noticias Nacionales","author":[],"creator":[],"publisher":{"@type":"Organization","name":"Noticias","logo":""},"keywords":[],"dateCreated":"2024-10-10T04:03:52Z","datePublished":"2024-10-10T04:03:52Z","dateModified":"2024-10-10T04:03:52Z"},"rendered":"<script type=\"application\/ld+json\" class=\"wp-parsely-metadata\">{\"@context\":\"https:\\\/\\\/schema.org\",\"@type\":\"NewsArticle\",\"headline\":\"Tu preferencia por los alimentos picantes puede estar solo en tu cabeza\",\"url\":\"http:\\\/\\\/noticiasya.com\\\/el-valle\\\/2024\\\/10\\\/09\\\/preferencia-por-alimentos-picantes-solo-en-tu-cabeza-trax\\\/\",\"mainEntityOfPage\":{\"@type\":\"WebPage\",\"@id\":\"http:\\\/\\\/noticiasya.com\\\/el-valle\\\/2024\\\/10\\\/09\\\/preferencia-por-alimentos-picantes-solo-en-tu-cabeza-trax\\\/\"},\"thumbnailUrl\":\"\",\"image\":{\"@type\":\"ImageObject\",\"url\":\"\"},\"articleSection\":\"Noticias Nacionales\",\"author\":[],\"creator\":[],\"publisher\":{\"@type\":\"Organization\",\"name\":\"Noticias\",\"logo\":\"\"},\"keywords\":[],\"dateCreated\":\"2024-10-10T04:03:52Z\",\"datePublished\":\"2024-10-10T04:03:52Z\",\"dateModified\":\"2024-10-10T04:03:52Z\"}<\/script>","tracker_url":"https:\/\/cdn.parsely.com\/keys\/noticiasya.com\/p.js"},"jetpack_featured_media_url":"","jetpack-related-posts":[{"id":1468108,"url":"https:\/\/noticiasya.com\/el-valle\/2025\/11\/06\/comida-tema-politico-snap-trax\/","url_meta":{"origin":1455013,"position":0},"title":"&#171;\u00bfC\u00f3mo es posible que la comida sea un tema pol\u00edtico?&#187; Familias vulnerables enfrentan hambre ante el cierre del Gobierno","author":"","date":"noviembre 6, 2025","format":false,"excerpt":"Onita Norris est\u00e1 constantemente haciendo c\u00e1lculos para tratar de resolver un problema sin soluci\u00f3n: averiguar cu\u00e1nto podr\u00e1n comer sus dos hijos, ambos menores de cinco a\u00f1os, y cu\u00e1nto tendr\u00e1 que dejar de comer ella.Esta madre soltera de Virginia Occidental gana alrededor de US$ 2.800 al mes trabajando 40 horas semanales\u2026","rel":"","context":"In &quot;Noticias Nacionales&quot;","block_context":{"text":"Noticias Nacionales","link":"https:\/\/noticiasya.com\/el-valle\/categoria\/noticias-nacionales"},"img":{"alt_text":"","src":"","width":0,"height":0},"classes":[]},{"id":1456159,"url":"https:\/\/noticiasya.com\/el-valle\/2024\/11\/29\/monitor-glucosa-comida-ansiedad-azucar-trax\/","url_meta":{"origin":1455013,"position":1},"title":"No tengo diabetes, pero us\u00e9 un monitor de glucosa durante seis semanas. Esto es lo que aprend\u00ed sobre la comida (y la ansiedad)","author":"","date":"noviembre 29, 2024","format":false,"excerpt":"(CNN) -- Un d\u00eda de septiembre, me encontraba frente a mi refrigerador abierto, hambrienta pero incapaz de decidir qu\u00e9 deber\u00eda comer.Estaba preocupada de que cualquiera que fuera mi elecci\u00f3n alimenticia causara que la nueva aplicaci\u00f3n en mi tel\u00e9fono registrara un aumento en mis niveles de glucosa que contar\u00eda contra el\u2026","rel":"","context":"In &quot;Noticias Nacionales&quot;","block_context":{"text":"Noticias Nacionales","link":"https:\/\/noticiasya.com\/el-valle\/categoria\/noticias-nacionales"},"img":{"alt_text":"","src":"","width":0,"height":0},"classes":[]},{"id":1464983,"url":"https:\/\/noticiasya.com\/el-valle\/2025\/07\/30\/madre-palestina-temen-vida-busca-comida-trax\/","url_meta":{"origin":1455013,"position":2},"title":"&#171;No queremos que mueras&#187;: los hijos de madres palestinas temen por su vida cuando salen en busca de comida","author":"","date":"julio 30, 2025","format":false,"excerpt":"Es un camino largo y peligroso hasta el punto por donde se espera que pasen los camiones con ayuda hacia Gaza. Um Khader y otras mujeres que viven en carpas vecinas se agrupan junto a un coche en la oscuridad, rodeadas por una gran multitud de hombres.No se ven muchas\u2026","rel":"","context":"In &quot;Noticias Nacionales&quot;","block_context":{"text":"Noticias Nacionales","link":"https:\/\/noticiasya.com\/el-valle\/categoria\/noticias-nacionales"},"img":{"alt_text":"","src":"","width":0,"height":0},"classes":[]},{"id":1470394,"url":"https:\/\/noticiasya.com\/el-valle\/2026\/01\/22\/david-victoria-beckham-drama-familiar-generacion-romper-lazos-trax\/","url_meta":{"origin":1455013,"position":3},"title":"El drama de David y Victoria Beckham: por qu\u00e9 su crisis familiar conecta con la generaci\u00f3n que no teme romper lazos","author":"","date":"enero 22, 2026","format":false,"excerpt":"Durante unas horas esta semana, pareci\u00f3 que el mundo y todos sus problemas se detuvieron con un solo tema dominando internet: Brooklyn Peltz Beckham.La gente sigui\u00f3 cada detalle despu\u00e9s de que el hijo mayor de David y Victoria Beckham publicara seis historias en Instagram acusando a sus famosos padres de\u2026","rel":"","context":"In &quot;Noticias Nacionales&quot;","block_context":{"text":"Noticias Nacionales","link":"https:\/\/noticiasya.com\/el-valle\/categoria\/noticias-nacionales"},"img":{"alt_text":"","src":"","width":0,"height":0},"classes":[]},{"id":1460789,"url":"https:\/\/noticiasya.com\/el-valle\/2025\/04\/03\/shakira-gira-enrtevista-conciertos-orix\/","url_meta":{"origin":1455013,"position":4},"title":"El torbellino de Shakira en su gira mundial: la &#171;locura de los estadios&#187; y los artistas invitados que tendr\u00e1 en sus shows","author":"","date":"abril 3, 2025","format":false,"excerpt":"Shakira no se queda quieta, es un torbellino. Y no solo en el escenario. Su incansable energ\u00eda se puede observar incluso antes del show, lejos de la mirada del p\u00fablico.\u201cEstoy muy emocionada que finalmente iniciar\u00e9 mi primer tour de estadios en Estados Unidos\u201d, dijo Shakira a CNN en Espa\u00f1ol, en\u2026","rel":"","context":"In &quot;Noticias Nacionales&quot;","block_context":{"text":"Noticias Nacionales","link":"https:\/\/noticiasya.com\/el-valle\/categoria\/noticias-nacionales"},"img":{"alt_text":"","src":"","width":0,"height":0},"classes":[]},{"id":1459408,"url":"https:\/\/noticiasya.com\/el-valle\/2025\/03\/02\/zoe-saldana-discurso-dedica-oscar-abuela-inmigrantes-trax\/","url_meta":{"origin":1455013,"position":5},"title":"Zoe Salda\u00f1a dedica el Oscar a su abuela inmigrante","author":"","date":"marzo 2, 2025","format":false,"excerpt":"Aunque su abuela no estaba all\u00ed para verlo, Zoe Salda\u00f1a le dedic\u00f3 su primer Oscar a la difunta matriarca.Salda\u00f1a honr\u00f3 a su abuela al aceptar su premio a la mejor actriz de reparto por su papel en \u201cEmilia P\u00e9rez\u201d en la 97 edici\u00f3n de los Premios de la Academia el\u2026","rel":"","context":"In &quot;Noticias Nacionales&quot;","block_context":{"text":"Noticias Nacionales","link":"https:\/\/noticiasya.com\/el-valle\/categoria\/noticias-nacionales"},"img":{"alt_text":"","src":"","width":0,"height":0},"classes":[]}],"jetpack_sharing_enabled":true,"_links":{"self":[{"href":"https:\/\/noticiasya.com\/el-valle\/wp-json\/wp\/v2\/posts\/1455013","targetHints":{"allow":["GET"]}}],"collection":[{"href":"https:\/\/noticiasya.com\/el-valle\/wp-json\/wp\/v2\/posts"}],"about":[{"href":"https:\/\/noticiasya.com\/el-valle\/wp-json\/wp\/v2\/types\/post"}],"replies":[{"embeddable":true,"href":"https:\/\/noticiasya.com\/el-valle\/wp-json\/wp\/v2\/comments?post=1455013"}],"version-history":[{"count":0,"href":"https:\/\/noticiasya.com\/el-valle\/wp-json\/wp\/v2\/posts\/1455013\/revisions"}],"wp:attachment":[{"href":"https:\/\/noticiasya.com\/el-valle\/wp-json\/wp\/v2\/media?parent=1455013"}],"wp:term":[{"taxonomy":"category","embeddable":true,"href":"https:\/\/noticiasya.com\/el-valle\/wp-json\/wp\/v2\/categories?post=1455013"},{"taxonomy":"post_tag","embeddable":true,"href":"https:\/\/noticiasya.com\/el-valle\/wp-json\/wp\/v2\/tags?post=1455013"}],"curies":[{"name":"wp","href":"https:\/\/api.w.org\/{rel}","templated":true}]}}