{"id":1455039,"date":"2024-10-11T06:03:55","date_gmt":"2024-10-11T13:03:55","guid":{"rendered":"https:\/\/noticiasya.com\/2024\/10\/11\/reforma-constituacional-trenes-de-pasajeros-mexico-orix\/"},"modified":"2024-10-11T06:03:55","modified_gmt":"2024-10-11T13:03:55","slug":"reforma-constituacional-trenes-de-pasajeros-mexico-orix","status":"publish","type":"post","link":"https:\/\/noticiasya.com\/el-valle\/2024\/10\/11\/reforma-constituacional-trenes-de-pasajeros-mexico-orix\/","title":{"rendered":"Avanza reforma constitucional para revitalizar los trenes de pasajeros en M\u00e9xico"},"content":{"rendered":"<p>(CNN Espa\u00f1ol) &#8211;La C\u00e1mara de Diputados de M\u00e9xico aprob\u00f3 este martes una reforma al art\u00edculo 28 de la Constituci\u00f3n, donde establece que el transporte ferroviario de pasajeros es &#171;un \u00e1rea prioritaria para el desarrollo nacional\u201d.<\/p>\n<p>La reforma permite que los trenes de pasajeros utilicen las v\u00edas ya existentes, sin que ello afecte la prestaci\u00f3n del servicio p\u00fablico de transporte ferroviario de carga.<\/p>\n<p>El servicio de transporte de pasajeros apenas usa el 7,55% del total de las v\u00edas ferroviarias en operaci\u00f3n, seg\u00fan datos presentados en la conferencia matutina de este mi\u00e9rcoles por Andr\u00e9s Lajous Loaeza, director general de la Agencia Reguladora del Transporte Ferroviario (ARTF).<\/p>\n<p>El funcionario se\u00f1al\u00f3 que con esta reforma se busca que \u201clos 18 mil kil\u00f3metros del servicio de pasajeros puedan ser operados por entidades p\u00fablicas\u201d.<\/p>\n<p>El Gobierno Federal podr\u00e1 otorgar concesiones a empresas privadas, as\u00ed como asignaciones a estados, municipios y entidades paraestatales para operar los trenes de pasajeros en todo el pa\u00eds.<\/p>\n<p>Lajous Loaeza dijo que esta medida mejorar\u00e1 la conectividad de muchas comunidades que quedaron \u201caisladas tras la privatizaci\u00f3n\u201d de los trenes en 1995, con \u201cmayor seguridad, reducci\u00f3n en la huella de carbono\u201d y una \u201cmejor calidad de vida\u201d a los usuarios.<\/p>\n<p>Bajo la administraci\u00f3n de L\u00f3pez Obrador se pusieron en funcionamiento 2,240 kil\u00f3metros de servicio ferroviario para pasajeros, seg\u00fan Lajous Loaeza. Sheinbaum busca continuar con el plan de su antecesor y poner en operaci\u00f3n durante su sexenio m\u00e1s de 3,000 kil\u00f3metros adicionales de v\u00edas para trenes de pasajeros.<\/p>\n<p>Para estos proyectos ferroviarios, el pr\u00f3ximo a\u00f1o se destinar\u00e1n cerca de 150 millones de pesos (unos US$ 7,710,231), indic\u00f3 la mandataria en la conferencia.<\/p>\n<p>La reforma aprobada en Diputados fue enviada al Senado para su discusi\u00f3n. En caso de ser avalada, deber\u00e1 ser remitida a los congresos de las 32 entidades federativas, ya que, al tratarse de una reforma constitucional, requiere la aprobaci\u00f3n de al menos 17 legislaturas estatales.<\/p>\n<p>M\u00e9xico y su historia con los ferrocarriles<\/p>\n<p>En 1938, el presidente L\u00e1zaro C\u00e1rdenas nacionaliz\u00f3 Ferrocarriles Nacionales de M\u00e9xico, una empresa que oper\u00f3 tanto los servicios de pasajeros como los de carga.<\/p>\n<p>A pesar del impulso inicial, los Ferrocarriles Nacionales de M\u00e9xico enfrentaron problemas de gesti\u00f3n y disciplina tanto en el sector obrero como gubernamental, lo que afect\u00f3 su desempe\u00f1o y crecimiento a largo plazo, seg\u00fan el Instituto Nacional de Antropolog\u00eda e Historia.<\/p>\n<p>As\u00ed es el Tren Maya de M\u00e9xico: ruta, mapa, precios de los boletos y m\u00e1s<\/p>\n<p>\u201cEn lugar de subir las tarifas y reducir subvenciones, tanto los trabajadores como el gobierno trataron de salirse con la suya a costa de la calidad del servicio y el \u00e9xito empresarial\u201d, se\u00f1ala el INAH en su sitio web.<\/p>\n<p>Con la reforma de 1995 se inici\u00f3 el proceso de privatizaci\u00f3n de los trenes. Esto implic\u00f3 la cancelaci\u00f3n de los trenes de pasajeros y el predominio de los trenes de carga. El cambio permiti\u00f3 que el presidente de turno pudiera otorgar la concesi\u00f3n del 84,5% de las v\u00edas existentes a entidades privadas para su explotaci\u00f3n.<\/p>\n<p>De acuerdo con la iniciativa enviada al Congreso, desde la privatizaci\u00f3n hasta 2017 solo se construyeron 23 kil\u00f3metros de nuevas v\u00edas.<\/p>\n<p>A partir de 2018 inici\u00f3 la reactivaci\u00f3n del servicio de pasajeros con el Tren Maya, del tren Istmo de Tehuantepec y el tren \u2018El Insurgente\u2019, todos ya en operaci\u00f3n.<\/p>\n<p>The-CNN-Wire<br \/>&trade; &amp; &copy; 2024 Cable News Network, Inc., a Warner Bros. Discovery Company. All rights reserved.<\/p>\n","protected":false},"excerpt":{"rendered":"<p>(CNN Espa\u00f1ol) &#8211;La C\u00e1mara de Diputados de M\u00e9xico aprob\u00f3 este martes una reforma al art\u00edculo 28 de la Constituci\u00f3n, donde establece que el transporte ferroviario de pasajeros es &#171;un \u00e1rea prioritaria para el desarrollo nacional\u201d. La reforma permite que los trenes de pasajeros utilicen las v\u00edas ya existentes, sin que ello afecte la prestaci\u00f3n del [&hellip;]<\/p>\n","protected":false},"author":0,"featured_media":0,"comment_status":"open","ping_status":"open","sticky":false,"template":"","format":"standard","meta":{"_jetpack_memberships_contains_paid_content":false,"footnotes":""},"categories":[10],"tags":[],"class_list":["post-1455039","post","type-post","status-publish","format-standard","hentry","category-noticias-nacionales","market-global"],"yoast_head":"<!-- This site is optimized with the Yoast SEO plugin v24.4 - https:\/\/yoast.com\/wordpress\/plugins\/seo\/ -->\n<title>Avanza reforma constitucional para revitalizar los trenes de pasajeros en M\u00e9xico - Noticias<\/title>\n<meta name=\"robots\" content=\"index, follow, max-snippet:-1, max-image-preview:large, max-video-preview:-1\" \/>\n<link rel=\"canonical\" href=\"https:\/\/noticiasya.com\/2024\/10\/11\/reforma-constituacional-trenes-de-pasajeros-mexico-orix\/\" \/>\n<meta property=\"og:locale\" content=\"es_ES\" \/>\n<meta property=\"og:type\" content=\"article\" \/>\n<meta property=\"og:title\" content=\"Avanza reforma constitucional para revitalizar los trenes de pasajeros en M\u00e9xico - Noticias\" \/>\n<meta property=\"og:description\" content=\"(CNN Espa\u00f1ol) &#8211;La C\u00e1mara de Diputados de M\u00e9xico aprob\u00f3 este martes una reforma al art\u00edculo 28 de la Constituci\u00f3n, donde establece que el transporte ferroviario de pasajeros es &#171;un \u00e1rea prioritaria para el desarrollo nacional\u201d. La reforma permite que los trenes de pasajeros utilicen las v\u00edas ya existentes, sin que ello afecte la prestaci\u00f3n del [&hellip;]\" \/>\n<meta property=\"og:url\" content=\"https:\/\/noticiasya.com\/2024\/10\/11\/reforma-constituacional-trenes-de-pasajeros-mexico-orix\/\" \/>\n<meta property=\"og:site_name\" content=\"Noticias\" \/>\n<meta property=\"article:published_time\" content=\"2024-10-11T13:03:55+00:00\" \/>\n<meta name=\"twitter:card\" content=\"summary_large_image\" \/>\n<meta name=\"twitter:label1\" content=\"Est. reading time\" \/>\n\t<meta name=\"twitter:data1\" content=\"3 minutos\" \/>\n<script type=\"application\/ld+json\" class=\"yoast-schema-graph\">{\"@context\":\"https:\/\/schema.org\",\"@graph\":[{\"@type\":\"Article\",\"@id\":\"https:\/\/noticiasya.com\/2024\/10\/11\/reforma-constituacional-trenes-de-pasajeros-mexico-orix\/#article\",\"isPartOf\":{\"@id\":\"https:\/\/noticiasya.com\/2024\/10\/11\/reforma-constituacional-trenes-de-pasajeros-mexico-orix\/\"},\"author\":{\"name\":\"\",\"@id\":\"\"},\"headline\":\"Avanza reforma constitucional para revitalizar los trenes de pasajeros en M\u00e9xico\",\"datePublished\":\"2024-10-11T13:03:55+00:00\",\"mainEntityOfPage\":{\"@id\":\"https:\/\/noticiasya.com\/2024\/10\/11\/reforma-constituacional-trenes-de-pasajeros-mexico-orix\/\"},\"wordCount\":610,\"commentCount\":0,\"publisher\":{\"@id\":\"https:\/\/noticiasya.com\/#organization\"},\"articleSection\":[\"Noticias Nacionales\"],\"inLanguage\":\"es\",\"potentialAction\":[{\"@type\":\"CommentAction\",\"name\":\"Comment\",\"target\":[\"https:\/\/noticiasya.com\/2024\/10\/11\/reforma-constituacional-trenes-de-pasajeros-mexico-orix\/#respond\"]}]},{\"@type\":\"WebPage\",\"@id\":\"https:\/\/noticiasya.com\/2024\/10\/11\/reforma-constituacional-trenes-de-pasajeros-mexico-orix\/\",\"url\":\"https:\/\/noticiasya.com\/2024\/10\/11\/reforma-constituacional-trenes-de-pasajeros-mexico-orix\/\",\"name\":\"Avanza reforma constitucional para revitalizar los trenes de pasajeros en M\u00e9xico - Noticias\",\"isPartOf\":{\"@id\":\"https:\/\/noticiasya.com\/#website\"},\"datePublished\":\"2024-10-11T13:03:55+00:00\",\"breadcrumb\":{\"@id\":\"https:\/\/noticiasya.com\/2024\/10\/11\/reforma-constituacional-trenes-de-pasajeros-mexico-orix\/#breadcrumb\"},\"inLanguage\":\"es\",\"potentialAction\":[{\"@type\":\"ReadAction\",\"target\":[\"https:\/\/noticiasya.com\/2024\/10\/11\/reforma-constituacional-trenes-de-pasajeros-mexico-orix\/\"]}]},{\"@type\":\"BreadcrumbList\",\"@id\":\"https:\/\/noticiasya.com\/2024\/10\/11\/reforma-constituacional-trenes-de-pasajeros-mexico-orix\/#breadcrumb\",\"itemListElement\":[{\"@type\":\"ListItem\",\"position\":1,\"name\":\"Home\",\"item\":\"https:\/\/noticiasya.com\/\"},{\"@type\":\"ListItem\",\"position\":2,\"name\":\"Avanza reforma constitucional para revitalizar los trenes de pasajeros en M\u00e9xico\"}]},{\"@type\":\"WebSite\",\"@id\":\"https:\/\/noticiasya.com\/#website\",\"url\":\"https:\/\/noticiasya.com\/\",\"name\":\"Noticias\",\"description\":\"Lo que importa\",\"publisher\":{\"@id\":\"https:\/\/noticiasya.com\/#organization\"},\"potentialAction\":[{\"@type\":\"SearchAction\",\"target\":{\"@type\":\"EntryPoint\",\"urlTemplate\":\"https:\/\/noticiasya.com\/?s={search_term_string}\"},\"query-input\":{\"@type\":\"PropertyValueSpecification\",\"valueRequired\":true,\"valueName\":\"search_term_string\"}}],\"inLanguage\":\"es\"},{\"@type\":\"Organization\",\"@id\":\"https:\/\/noticiasya.com\/#organization\",\"name\":\"Noticias\",\"url\":\"https:\/\/noticiasya.com\/\",\"logo\":{\"@type\":\"ImageObject\",\"inLanguage\":\"es\",\"@id\":\"https:\/\/noticiasya.com\/#\/schema\/logo\/image\/\",\"url\":\"https:\/\/noticiasya.com\/wp-content\/uploads\/sites\/22\/2023\/12\/logo-nacional.png\",\"contentUrl\":\"https:\/\/noticiasya.com\/wp-content\/uploads\/sites\/22\/2023\/12\/logo-nacional.png\",\"width\":1801,\"height\":691,\"caption\":\"Noticias\"},\"image\":{\"@id\":\"https:\/\/noticiasya.com\/#\/schema\/logo\/image\/\"}}]}<\/script>\n<!-- \/ Yoast SEO plugin. -->","yoast_head_json":{"title":"Avanza reforma constitucional para revitalizar los trenes de pasajeros en M\u00e9xico - Noticias","robots":{"index":"index","follow":"follow","max-snippet":"max-snippet:-1","max-image-preview":"max-image-preview:large","max-video-preview":"max-video-preview:-1"},"canonical":"https:\/\/noticiasya.com\/2024\/10\/11\/reforma-constituacional-trenes-de-pasajeros-mexico-orix\/","og_locale":"es_ES","og_type":"article","og_title":"Avanza reforma constitucional para revitalizar los trenes de pasajeros en M\u00e9xico - Noticias","og_description":"(CNN Espa\u00f1ol) &#8211;La C\u00e1mara de Diputados de M\u00e9xico aprob\u00f3 este martes una reforma al art\u00edculo 28 de la Constituci\u00f3n, donde establece que el transporte ferroviario de pasajeros es &#171;un \u00e1rea prioritaria para el desarrollo nacional\u201d. La reforma permite que los trenes de pasajeros utilicen las v\u00edas ya existentes, sin que ello afecte la prestaci\u00f3n del [&hellip;]","og_url":"https:\/\/noticiasya.com\/2024\/10\/11\/reforma-constituacional-trenes-de-pasajeros-mexico-orix\/","og_site_name":"Noticias","article_published_time":"2024-10-11T13:03:55+00:00","twitter_card":"summary_large_image","twitter_misc":{"Est. reading time":"3 minutos"},"schema":{"@context":"https:\/\/schema.org","@graph":[{"@type":"Article","@id":"https:\/\/noticiasya.com\/2024\/10\/11\/reforma-constituacional-trenes-de-pasajeros-mexico-orix\/#article","isPartOf":{"@id":"https:\/\/noticiasya.com\/2024\/10\/11\/reforma-constituacional-trenes-de-pasajeros-mexico-orix\/"},"author":{"name":"","@id":""},"headline":"Avanza reforma constitucional para revitalizar los trenes de pasajeros en M\u00e9xico","datePublished":"2024-10-11T13:03:55+00:00","mainEntityOfPage":{"@id":"https:\/\/noticiasya.com\/2024\/10\/11\/reforma-constituacional-trenes-de-pasajeros-mexico-orix\/"},"wordCount":610,"commentCount":0,"publisher":{"@id":"https:\/\/noticiasya.com\/#organization"},"articleSection":["Noticias Nacionales"],"inLanguage":"es","potentialAction":[{"@type":"CommentAction","name":"Comment","target":["https:\/\/noticiasya.com\/2024\/10\/11\/reforma-constituacional-trenes-de-pasajeros-mexico-orix\/#respond"]}]},{"@type":"WebPage","@id":"https:\/\/noticiasya.com\/2024\/10\/11\/reforma-constituacional-trenes-de-pasajeros-mexico-orix\/","url":"https:\/\/noticiasya.com\/2024\/10\/11\/reforma-constituacional-trenes-de-pasajeros-mexico-orix\/","name":"Avanza reforma constitucional para revitalizar los trenes de pasajeros en M\u00e9xico - Noticias","isPartOf":{"@id":"https:\/\/noticiasya.com\/#website"},"datePublished":"2024-10-11T13:03:55+00:00","breadcrumb":{"@id":"https:\/\/noticiasya.com\/2024\/10\/11\/reforma-constituacional-trenes-de-pasajeros-mexico-orix\/#breadcrumb"},"inLanguage":"es","potentialAction":[{"@type":"ReadAction","target":["https:\/\/noticiasya.com\/2024\/10\/11\/reforma-constituacional-trenes-de-pasajeros-mexico-orix\/"]}]},{"@type":"BreadcrumbList","@id":"https:\/\/noticiasya.com\/2024\/10\/11\/reforma-constituacional-trenes-de-pasajeros-mexico-orix\/#breadcrumb","itemListElement":[{"@type":"ListItem","position":1,"name":"Home","item":"https:\/\/noticiasya.com\/"},{"@type":"ListItem","position":2,"name":"Avanza reforma constitucional para revitalizar los trenes de pasajeros en M\u00e9xico"}]},{"@type":"WebSite","@id":"https:\/\/noticiasya.com\/#website","url":"https:\/\/noticiasya.com\/","name":"Noticias","description":"Lo que importa","publisher":{"@id":"https:\/\/noticiasya.com\/#organization"},"potentialAction":[{"@type":"SearchAction","target":{"@type":"EntryPoint","urlTemplate":"https:\/\/noticiasya.com\/?s={search_term_string}"},"query-input":{"@type":"PropertyValueSpecification","valueRequired":true,"valueName":"search_term_string"}}],"inLanguage":"es"},{"@type":"Organization","@id":"https:\/\/noticiasya.com\/#organization","name":"Noticias","url":"https:\/\/noticiasya.com\/","logo":{"@type":"ImageObject","inLanguage":"es","@id":"https:\/\/noticiasya.com\/#\/schema\/logo\/image\/","url":"https:\/\/noticiasya.com\/wp-content\/uploads\/sites\/22\/2023\/12\/logo-nacional.png","contentUrl":"https:\/\/noticiasya.com\/wp-content\/uploads\/sites\/22\/2023\/12\/logo-nacional.png","width":1801,"height":691,"caption":"Noticias"},"image":{"@id":"https:\/\/noticiasya.com\/#\/schema\/logo\/image\/"}}]}},"parsely":{"version":"1.1.0","canonical_url":"https:\/\/noticiasya.com\/el-valle\/2024\/10\/11\/reforma-constituacional-trenes-de-pasajeros-mexico-orix\/","smart_links":{"inbound":0,"outbound":0},"traffic_boost_suggestions_count":0,"meta":{"@context":"https:\/\/schema.org","@type":"NewsArticle","headline":"Avanza reforma constitucional para revitalizar los trenes de pasajeros en M\u00e9xico","url":"http:\/\/noticiasya.com\/el-valle\/2024\/10\/11\/reforma-constituacional-trenes-de-pasajeros-mexico-orix\/","mainEntityOfPage":{"@type":"WebPage","@id":"http:\/\/noticiasya.com\/el-valle\/2024\/10\/11\/reforma-constituacional-trenes-de-pasajeros-mexico-orix\/"},"thumbnailUrl":"","image":{"@type":"ImageObject","url":""},"articleSection":"Noticias Nacionales","author":[],"creator":[],"publisher":{"@type":"Organization","name":"Noticias","logo":""},"keywords":[],"dateCreated":"2024-10-11T13:03:55Z","datePublished":"2024-10-11T13:03:55Z","dateModified":"2024-10-11T13:03:55Z"},"rendered":"<script type=\"application\/ld+json\" class=\"wp-parsely-metadata\">{\"@context\":\"https:\\\/\\\/schema.org\",\"@type\":\"NewsArticle\",\"headline\":\"Avanza reforma constitucional para revitalizar los trenes de pasajeros en M\\u00e9xico\",\"url\":\"http:\\\/\\\/noticiasya.com\\\/el-valle\\\/2024\\\/10\\\/11\\\/reforma-constituacional-trenes-de-pasajeros-mexico-orix\\\/\",\"mainEntityOfPage\":{\"@type\":\"WebPage\",\"@id\":\"http:\\\/\\\/noticiasya.com\\\/el-valle\\\/2024\\\/10\\\/11\\\/reforma-constituacional-trenes-de-pasajeros-mexico-orix\\\/\"},\"thumbnailUrl\":\"\",\"image\":{\"@type\":\"ImageObject\",\"url\":\"\"},\"articleSection\":\"Noticias Nacionales\",\"author\":[],\"creator\":[],\"publisher\":{\"@type\":\"Organization\",\"name\":\"Noticias\",\"logo\":\"\"},\"keywords\":[],\"dateCreated\":\"2024-10-11T13:03:55Z\",\"datePublished\":\"2024-10-11T13:03:55Z\",\"dateModified\":\"2024-10-11T13:03:55Z\"}<\/script>","tracker_url":"https:\/\/cdn.parsely.com\/keys\/noticiasya.com\/p.js"},"jetpack_featured_media_url":"","jetpack-related-posts":[{"id":1451056,"url":"https:\/\/noticiasya.com\/el-valle\/2024\/07\/11\/sheinbaum-plan-tres-nuevas-rutas-tren-pasajeros-orix\/","url_meta":{"origin":1455039,"position":0},"title":"Claudia Sheinbaum anuncia un plan para construir tres nuevas rutas de tren de pasajeros en M\u00e9xico","author":"","date":"julio 11, 2024","format":false,"excerpt":"(CNN Espa\u00f1ol) -- La ganadora de la elecci\u00f3n presidencial de M\u00e9xico, Claudia Sheinbaum, anunci\u00f3 un plan para la construcci\u00f3n de tres nuevas rutas de tren de pasajeros con un esquema similar al del Tren Maya, en el que participen ingenieros militares y empresas privadas, inform\u00f3 este mi\u00e9rcoles en una conferencia\u2026","rel":"","context":"In &quot;Noticias Nacionales&quot;","block_context":{"text":"Noticias Nacionales","link":"https:\/\/noticiasya.com\/el-valle\/categoria\/noticias-nacionales"},"img":{"alt_text":"","src":"","width":0,"height":0},"classes":[]},{"id":1433651,"url":"https:\/\/noticiasya.com\/el-valle\/2022\/10\/21\/cerraran-vias-de-tren-entre-oceanside-y-san-diego-este-fin-de-semana\/","url_meta":{"origin":1455039,"position":1},"title":"Cerrar\u00e1n vias de tren entre Oceanside y San Diego este fin de semana","author":"agomez","date":"octubre 21, 2022","format":false,"excerpt":"Prev\u00e9n retrasos en viajes para el d\u00eda lunes 24 de octubre.","rel":"","context":"In &quot;Comunidad&quot;","block_context":{"text":"Comunidad","link":"https:\/\/noticiasya.com\/el-valle\/categoria\/comunidad"},"img":{"alt_text":"","src":"","width":0,"height":0},"classes":[]},{"id":1452527,"url":"https:\/\/noticiasya.com\/el-valle\/2024\/09\/08\/interrupciones-masivas-en-trenes-dejan-a-cientos-de-personas-varadas-en-alemania\/","url_meta":{"origin":1455039,"position":2},"title":"Interrupciones masivas en trenes dejan a cientos de personas varadas en Alemania","author":"agomez","date":"septiembre 8, 2024","format":false,"excerpt":"(CNN) -- Este s\u00e1bado, las autoridades alemanas intentaron restablecer el tr\u00e1fico tras un problema t\u00e9cnico, pero desde entonces se ha reanudado parte del tr\u00e1fico.Los servicios de trenes en el centro de Alemania se han visto \u201cenormemente afectados\u201d debido a un fallo t\u00e9cnico, dijo la compa\u00f1\u00eda ferroviaria alemana Deutsche Bahn.En el\u2026","rel":"","context":"In &quot;Noticias Nacionales&quot;","block_context":{"text":"Noticias Nacionales","link":"https:\/\/noticiasya.com\/el-valle\/categoria\/noticias-nacionales"},"img":{"alt_text":"","src":"","width":0,"height":0},"classes":[]},{"id":1461713,"url":"https:\/\/noticiasya.com\/el-valle\/2025\/04\/28\/corte-electricidad-transporte-aviones-trenes-espana-portugal-trax\/","url_meta":{"origin":1455039,"position":3},"title":"\u00bfC\u00f3mo afecta el masivo corte de electricidad al transporte de Espa\u00f1a y Portugal?","author":"","date":"abril 28, 2025","format":false,"excerpt":"Este lunes por la ma\u00f1ana, toda la pen\u00ednsula Ib\u00e9rica y partes de Francia sufrieron un corte de electricidad que gener\u00f3 caos de tr\u00e1nsito, suspensi\u00f3n de actividades y afect\u00f3 severamente al funcionamiento del transporte.Los aeropuertos de Espa\u00f1a est\u00e1n operativos pero con algunos retrasos debido a los cortes de electricidad generalizados, seg\u00fan\u2026","rel":"","context":"In &quot;Noticias Nacionales&quot;","block_context":{"text":"Noticias Nacionales","link":"https:\/\/noticiasya.com\/el-valle\/categoria\/noticias-nacionales"},"img":{"alt_text":"","src":"","width":0,"height":0},"classes":[]},{"id":1455132,"url":"https:\/\/noticiasya.com\/el-valle\/2024\/10\/16\/tren-ciudad-de-mexico-queretaro-ruta-velocidad-cuando-estara-listo-orix\/","url_meta":{"origin":1455039,"position":4},"title":"Tren Ciudad de M\u00e9xico-Quer\u00e9taro: cu\u00e1l ser\u00e1 su ruta, velocidad, cu\u00e1ndo estar\u00e1 listo","author":"","date":"octubre 16, 2024","format":false,"excerpt":"(CNN Espa\u00f1ol) -- La presidenta de M\u00e9xico, Claudia Sheinbaum, dio inicio a mediados de octubre a los trabajos preliminares de la construcci\u00f3n del tren Ciudad de M\u00e9xico-Quer\u00e9taro, un proyecto ferroviario de 255 kil\u00f3metros que conectar\u00e1 la capital del pa\u00eds y el estado de Quer\u00e9taro.Claudia Sheinbaum anuncia un plan para construir\u2026","rel":"","context":"In &quot;Noticias Nacionales&quot;","block_context":{"text":"Noticias Nacionales","link":"https:\/\/noticiasya.com\/el-valle\/categoria\/noticias-nacionales"},"img":{"alt_text":"","src":"","width":0,"height":0},"classes":[]},{"id":1463063,"url":"https:\/\/noticiasya.com\/el-valle\/2025\/06\/01\/puente-tren-pasajeros-rusia-7-muertos-trax\/","url_meta":{"origin":1455039,"position":5},"title":"Se derrumban dos puentes en regiones rusas fronterizas con Ucrania, hay al menos 7 muertos","author":"","date":"junio 1, 2025","format":false,"excerpt":"Dos puentes se derrumbaron en las regiones occidentales de Rusia que limitan con Ucrania, matando a varias personas y dejando a docenas heridas, dijeron las autoridades.No estaba claro el domingo por la ma\u00f1ana si los dos incidentes (ambos con trenes involucrados) en las regiones rusas fronterizas de Bryansk y Kursk\u2026","rel":"","context":"In &quot;Noticias Nacionales&quot;","block_context":{"text":"Noticias Nacionales","link":"https:\/\/noticiasya.com\/el-valle\/categoria\/noticias-nacionales"},"img":{"alt_text":"","src":"","width":0,"height":0},"classes":[]}],"jetpack_sharing_enabled":true,"_links":{"self":[{"href":"https:\/\/noticiasya.com\/el-valle\/wp-json\/wp\/v2\/posts\/1455039","targetHints":{"allow":["GET"]}}],"collection":[{"href":"https:\/\/noticiasya.com\/el-valle\/wp-json\/wp\/v2\/posts"}],"about":[{"href":"https:\/\/noticiasya.com\/el-valle\/wp-json\/wp\/v2\/types\/post"}],"replies":[{"embeddable":true,"href":"https:\/\/noticiasya.com\/el-valle\/wp-json\/wp\/v2\/comments?post=1455039"}],"version-history":[{"count":0,"href":"https:\/\/noticiasya.com\/el-valle\/wp-json\/wp\/v2\/posts\/1455039\/revisions"}],"wp:attachment":[{"href":"https:\/\/noticiasya.com\/el-valle\/wp-json\/wp\/v2\/media?parent=1455039"}],"wp:term":[{"taxonomy":"category","embeddable":true,"href":"https:\/\/noticiasya.com\/el-valle\/wp-json\/wp\/v2\/categories?post=1455039"},{"taxonomy":"post_tag","embeddable":true,"href":"https:\/\/noticiasya.com\/el-valle\/wp-json\/wp\/v2\/tags?post=1455039"}],"curies":[{"name":"wp","href":"https:\/\/api.w.org\/{rel}","templated":true}]}}