{"id":1455040,"date":"2024-10-11T09:03:37","date_gmt":"2024-10-11T16:03:37","guid":{"rendered":"https:\/\/noticiasya.com\/2024\/10\/11\/pie-humano-everest-misterios-montanismo-trax\/"},"modified":"2024-10-11T09:03:37","modified_gmt":"2024-10-11T16:03:37","slug":"pie-humano-everest-misterios-montanismo-trax","status":"publish","type":"post","link":"https:\/\/noticiasya.com\/el-valle\/2024\/10\/11\/pie-humano-everest-misterios-montanismo-trax\/","title":{"rendered":"Un pie humano hallado en el Everest podr\u00eda develar uno de los mayores misterios del monta\u00f1ismo"},"content":{"rendered":"<p>(CNN) &#8212; Cuando un equipo documental de National Geographic descubri\u00f3 una bota y un calcet\u00edn sobresaliendo de un glaciar en proceso de deshielo en el Monte Everest en septiembre, casi de inmediato se dieron cuenta de su importancia como una pista clave en un misterio de hace un siglo.<\/p>\n<p>Una etiqueta con nombre a\u00fan cosida en el calcet\u00edn de lana dec\u00eda &#171;A.C. Irvine&#187;, revelando que probablemente pertenec\u00eda al escalador brit\u00e1nico Andrew &#171;Sandy&#187; Irvine. La desaparici\u00f3n de Irvine en el Everest en 1924, junto a su compatriota George Mallory, es uno de los mayores misterios del monta\u00f1ismo, con una soluci\u00f3n que tiene el potencial de cambiar la historia.<\/p>\n<p>La pareja desapareci\u00f3 el 8 de junio de 1924, a 250 metros debajo de la cumbre del Everest, cuando se dispusieron a completar el primer ascenso documentado de la monta\u00f1a m\u00e1s alta del mundo. Pero si llegaron a la cumbre, convirti\u00e9ndose as\u00ed en las primeras personas conocidas en alcanzar este hito antes de morir, a\u00fan se desconoce.<\/p>\n<p>Hace 100 a\u00f1os desaparecieron en el Everest. Pero \u00bfllegaron a la cima?<\/p>\n<p>Mientras que el cuerpo de Mallory fue descubierto en 1999, ni el cuerpo de Irvine ni la c\u00e1mara que los escaladores llevaban, que podr\u00eda revelar si llegaron a la cumbre, han sido encontrados.<\/p>\n<p>Eso fue hasta esta \u00faltima expedici\u00f3n, cuando el equipo de National Geographic, que inclu\u00eda al codirector de &#171;Free Solo&#187;, Jimmy Chin, descubri\u00f3 un pie dentro de lo que creen es la bota de Irvine. Mientras esperan la confirmaci\u00f3n de ADN, comparando muestras del pie con las tomadas de miembros de la familia de Irvine, esta podr\u00eda ser la primera evidencia de su muerte desde su desaparici\u00f3n.<\/p>\n<p>&#171;Es la primera evidencia real de d\u00f3nde termin\u00f3 Sandy&#187;, dijo Chin, seg\u00fan National Geographic. &#171;Han circulado muchas teor\u00edas&#187;.<\/p>\n<p>El calcet\u00edn estaba etiquetado con el nombre &#171;A.C. Irvine&#187;. (Jimmy Chin\/National Geographic\/PA Media)<\/p>\n<p>&#171;Cuando alguien desaparece y no hay evidencia de lo que le sucedi\u00f3, es duro para las familias. Y simplemente tener alguna informaci\u00f3n definitiva de d\u00f3nde podr\u00eda haber terminado Sandy es ciertamente (\u00fatil), y tambi\u00e9n una gran pista para la comunidad de escaladores sobre lo que sucedi\u00f3&#187;.<\/p>\n<p>Unos d\u00edas antes de encontrar la bota, el equipo descubri\u00f3 un cilindro de ox\u00edgeno de una expedici\u00f3n que en 1933 tambi\u00e9n hab\u00eda intentado escalar el Monte Everest. Aunque esa expedici\u00f3n fracas\u00f3, hab\u00eda encontrado un piolet perteneciente a Irvine en la cresta noreste de la monta\u00f1a, lo que llev\u00f3 al equipo de Chin a especular que podr\u00edan estar cerca de su cuerpo.<\/p>\n<p>Siguiendo esa hip\u00f3tesis, pasaron los siguientes d\u00edas rastreando el glaciar, hasta que el cineasta y escalador Erich Roepke avist\u00f3 la bota.<\/p>\n<p>&#171;Creo que literalmente se derriti\u00f3 una semana antes de que la encontr\u00e1ramos&#187;, dijo Chin.<\/p>\n<p>Irvine ten\u00eda 22 a\u00f1os cuando desapareci\u00f3 en el Everest. (Fundaci\u00f3n Monte Everest\/Royal Geographical Society v\u00eda Getty Images)<\/p>\n<p>Chin y el equipo sacaron la bota y el pie de la monta\u00f1a en una nevera cuando notaron que los p\u00e1jaros empezaban a merodear y se lo entregaron a la Asociaci\u00f3n de Monta\u00f1ismo China-T\u00edbet (CTMA).<\/p>\n<p>Poco despu\u00e9s de su descubrimiento, el equipo inform\u00f3 a la familia de Irvine, incluida su sobrina nieta Julie Summers, quien ha escrito un libro sobre el escalador.<\/p>\n<p>Summers se &#171;conmovi\u00f3 hasta las l\u00e1grimas&#187; cuando supo de la existencia de la bota en un &#171;momento extraordinario y conmovedor&#187;, dijo, seg\u00fan la agencia de noticias PA Media.<\/p>\n<p>&#171;He vivido con esta historia desde que ten\u00eda siete a\u00f1os, cuando mi padre nos cont\u00f3 sobre el misterio del t\u00edo Sandy en el Everest&#187;, agreg\u00f3.<\/p>\n<p>&#171;La historia se volvi\u00f3 m\u00e1s real cuando los escaladores encontraron el cuerpo de George Mallory en 1999, y me pregunt\u00e9 si el cuerpo de Sandy ser\u00eda descubierto en alg\u00fan momento. Un cuarto de siglo despu\u00e9s de ese descubrimiento, parec\u00eda extremadamente improbable que se encontrara algo nuevo&#187;.<\/p>\n<p>Julia Buckley de CNN contribuy\u00f3 con el reportaje.<\/p>\n<p>The-CNN-Wire<br \/>&trade; &amp; &copy; 2024 Cable News Network, Inc., a Warner Bros. Discovery Company. All rights reserved.<\/p>\n","protected":false},"excerpt":{"rendered":"<p>(CNN) &#8212; Cuando un equipo documental de National Geographic descubri\u00f3 una bota y un calcet\u00edn sobresaliendo de un glaciar en proceso de deshielo en el Monte Everest en septiembre, casi de inmediato se dieron cuenta de su importancia como una pista clave en un misterio de hace un siglo. Una etiqueta con nombre a\u00fan cosida [&hellip;]<\/p>\n","protected":false},"author":0,"featured_media":0,"comment_status":"open","ping_status":"open","sticky":false,"template":"","format":"standard","meta":{"_jetpack_memberships_contains_paid_content":false,"footnotes":""},"categories":[10],"tags":[],"class_list":["post-1455040","post","type-post","status-publish","format-standard","hentry","category-noticias-nacionales","market-global"],"yoast_head":"<!-- This site is optimized with the Yoast SEO plugin v24.4 - https:\/\/yoast.com\/wordpress\/plugins\/seo\/ -->\n<title>Un pie humano hallado en el Everest podr\u00eda develar uno de los mayores misterios del monta\u00f1ismo - Noticias<\/title>\n<meta name=\"robots\" content=\"index, follow, max-snippet:-1, max-image-preview:large, max-video-preview:-1\" \/>\n<link rel=\"canonical\" href=\"https:\/\/noticiasya.com\/2024\/10\/11\/pie-humano-everest-misterios-montanismo-trax\/\" \/>\n<meta property=\"og:locale\" content=\"es_ES\" \/>\n<meta property=\"og:type\" content=\"article\" \/>\n<meta property=\"og:title\" content=\"Un pie humano hallado en el Everest podr\u00eda develar uno de los mayores misterios del monta\u00f1ismo - Noticias\" \/>\n<meta property=\"og:description\" content=\"(CNN) &#8212; Cuando un equipo documental de National Geographic descubri\u00f3 una bota y un calcet\u00edn sobresaliendo de un glaciar en proceso de deshielo en el Monte Everest en septiembre, casi de inmediato se dieron cuenta de su importancia como una pista clave en un misterio de hace un siglo. Una etiqueta con nombre a\u00fan cosida [&hellip;]\" \/>\n<meta property=\"og:url\" content=\"https:\/\/noticiasya.com\/2024\/10\/11\/pie-humano-everest-misterios-montanismo-trax\/\" \/>\n<meta property=\"og:site_name\" content=\"Noticias\" \/>\n<meta property=\"article:published_time\" content=\"2024-10-11T16:03:37+00:00\" \/>\n<meta name=\"twitter:card\" content=\"summary_large_image\" \/>\n<meta name=\"twitter:label1\" content=\"Est. reading time\" \/>\n\t<meta name=\"twitter:data1\" content=\"4 minutos\" \/>\n<script type=\"application\/ld+json\" class=\"yoast-schema-graph\">{\"@context\":\"https:\/\/schema.org\",\"@graph\":[{\"@type\":\"Article\",\"@id\":\"https:\/\/noticiasya.com\/2024\/10\/11\/pie-humano-everest-misterios-montanismo-trax\/#article\",\"isPartOf\":{\"@id\":\"https:\/\/noticiasya.com\/2024\/10\/11\/pie-humano-everest-misterios-montanismo-trax\/\"},\"author\":{\"name\":\"\",\"@id\":\"\"},\"headline\":\"Un pie humano hallado en el Everest podr\u00eda develar uno de los mayores misterios del monta\u00f1ismo\",\"datePublished\":\"2024-10-11T16:03:37+00:00\",\"mainEntityOfPage\":{\"@id\":\"https:\/\/noticiasya.com\/2024\/10\/11\/pie-humano-everest-misterios-montanismo-trax\/\"},\"wordCount\":725,\"commentCount\":0,\"publisher\":{\"@id\":\"https:\/\/noticiasya.com\/#organization\"},\"articleSection\":[\"Noticias Nacionales\"],\"inLanguage\":\"es\",\"potentialAction\":[{\"@type\":\"CommentAction\",\"name\":\"Comment\",\"target\":[\"https:\/\/noticiasya.com\/2024\/10\/11\/pie-humano-everest-misterios-montanismo-trax\/#respond\"]}]},{\"@type\":\"WebPage\",\"@id\":\"https:\/\/noticiasya.com\/2024\/10\/11\/pie-humano-everest-misterios-montanismo-trax\/\",\"url\":\"https:\/\/noticiasya.com\/2024\/10\/11\/pie-humano-everest-misterios-montanismo-trax\/\",\"name\":\"Un pie humano hallado en el Everest podr\u00eda develar uno de los mayores misterios del monta\u00f1ismo - Noticias\",\"isPartOf\":{\"@id\":\"https:\/\/noticiasya.com\/#website\"},\"datePublished\":\"2024-10-11T16:03:37+00:00\",\"breadcrumb\":{\"@id\":\"https:\/\/noticiasya.com\/2024\/10\/11\/pie-humano-everest-misterios-montanismo-trax\/#breadcrumb\"},\"inLanguage\":\"es\",\"potentialAction\":[{\"@type\":\"ReadAction\",\"target\":[\"https:\/\/noticiasya.com\/2024\/10\/11\/pie-humano-everest-misterios-montanismo-trax\/\"]}]},{\"@type\":\"BreadcrumbList\",\"@id\":\"https:\/\/noticiasya.com\/2024\/10\/11\/pie-humano-everest-misterios-montanismo-trax\/#breadcrumb\",\"itemListElement\":[{\"@type\":\"ListItem\",\"position\":1,\"name\":\"Home\",\"item\":\"https:\/\/noticiasya.com\/\"},{\"@type\":\"ListItem\",\"position\":2,\"name\":\"Un pie humano hallado en el Everest podr\u00eda develar uno de los mayores misterios del monta\u00f1ismo\"}]},{\"@type\":\"WebSite\",\"@id\":\"https:\/\/noticiasya.com\/#website\",\"url\":\"https:\/\/noticiasya.com\/\",\"name\":\"Noticias\",\"description\":\"Lo que importa\",\"publisher\":{\"@id\":\"https:\/\/noticiasya.com\/#organization\"},\"potentialAction\":[{\"@type\":\"SearchAction\",\"target\":{\"@type\":\"EntryPoint\",\"urlTemplate\":\"https:\/\/noticiasya.com\/?s={search_term_string}\"},\"query-input\":{\"@type\":\"PropertyValueSpecification\",\"valueRequired\":true,\"valueName\":\"search_term_string\"}}],\"inLanguage\":\"es\"},{\"@type\":\"Organization\",\"@id\":\"https:\/\/noticiasya.com\/#organization\",\"name\":\"Noticias\",\"url\":\"https:\/\/noticiasya.com\/\",\"logo\":{\"@type\":\"ImageObject\",\"inLanguage\":\"es\",\"@id\":\"https:\/\/noticiasya.com\/#\/schema\/logo\/image\/\",\"url\":\"https:\/\/noticiasya.com\/wp-content\/uploads\/sites\/22\/2023\/12\/logo-nacional.png\",\"contentUrl\":\"https:\/\/noticiasya.com\/wp-content\/uploads\/sites\/22\/2023\/12\/logo-nacional.png\",\"width\":1801,\"height\":691,\"caption\":\"Noticias\"},\"image\":{\"@id\":\"https:\/\/noticiasya.com\/#\/schema\/logo\/image\/\"}}]}<\/script>\n<!-- \/ Yoast SEO plugin. -->","yoast_head_json":{"title":"Un pie humano hallado en el Everest podr\u00eda develar uno de los mayores misterios del monta\u00f1ismo - Noticias","robots":{"index":"index","follow":"follow","max-snippet":"max-snippet:-1","max-image-preview":"max-image-preview:large","max-video-preview":"max-video-preview:-1"},"canonical":"https:\/\/noticiasya.com\/2024\/10\/11\/pie-humano-everest-misterios-montanismo-trax\/","og_locale":"es_ES","og_type":"article","og_title":"Un pie humano hallado en el Everest podr\u00eda develar uno de los mayores misterios del monta\u00f1ismo - Noticias","og_description":"(CNN) &#8212; Cuando un equipo documental de National Geographic descubri\u00f3 una bota y un calcet\u00edn sobresaliendo de un glaciar en proceso de deshielo en el Monte Everest en septiembre, casi de inmediato se dieron cuenta de su importancia como una pista clave en un misterio de hace un siglo. Una etiqueta con nombre a\u00fan cosida [&hellip;]","og_url":"https:\/\/noticiasya.com\/2024\/10\/11\/pie-humano-everest-misterios-montanismo-trax\/","og_site_name":"Noticias","article_published_time":"2024-10-11T16:03:37+00:00","twitter_card":"summary_large_image","twitter_misc":{"Est. reading time":"4 minutos"},"schema":{"@context":"https:\/\/schema.org","@graph":[{"@type":"Article","@id":"https:\/\/noticiasya.com\/2024\/10\/11\/pie-humano-everest-misterios-montanismo-trax\/#article","isPartOf":{"@id":"https:\/\/noticiasya.com\/2024\/10\/11\/pie-humano-everest-misterios-montanismo-trax\/"},"author":{"name":"","@id":""},"headline":"Un pie humano hallado en el Everest podr\u00eda develar uno de los mayores misterios del monta\u00f1ismo","datePublished":"2024-10-11T16:03:37+00:00","mainEntityOfPage":{"@id":"https:\/\/noticiasya.com\/2024\/10\/11\/pie-humano-everest-misterios-montanismo-trax\/"},"wordCount":725,"commentCount":0,"publisher":{"@id":"https:\/\/noticiasya.com\/#organization"},"articleSection":["Noticias Nacionales"],"inLanguage":"es","potentialAction":[{"@type":"CommentAction","name":"Comment","target":["https:\/\/noticiasya.com\/2024\/10\/11\/pie-humano-everest-misterios-montanismo-trax\/#respond"]}]},{"@type":"WebPage","@id":"https:\/\/noticiasya.com\/2024\/10\/11\/pie-humano-everest-misterios-montanismo-trax\/","url":"https:\/\/noticiasya.com\/2024\/10\/11\/pie-humano-everest-misterios-montanismo-trax\/","name":"Un pie humano hallado en el Everest podr\u00eda develar uno de los mayores misterios del monta\u00f1ismo - Noticias","isPartOf":{"@id":"https:\/\/noticiasya.com\/#website"},"datePublished":"2024-10-11T16:03:37+00:00","breadcrumb":{"@id":"https:\/\/noticiasya.com\/2024\/10\/11\/pie-humano-everest-misterios-montanismo-trax\/#breadcrumb"},"inLanguage":"es","potentialAction":[{"@type":"ReadAction","target":["https:\/\/noticiasya.com\/2024\/10\/11\/pie-humano-everest-misterios-montanismo-trax\/"]}]},{"@type":"BreadcrumbList","@id":"https:\/\/noticiasya.com\/2024\/10\/11\/pie-humano-everest-misterios-montanismo-trax\/#breadcrumb","itemListElement":[{"@type":"ListItem","position":1,"name":"Home","item":"https:\/\/noticiasya.com\/"},{"@type":"ListItem","position":2,"name":"Un pie humano hallado en el Everest podr\u00eda develar uno de los mayores misterios del monta\u00f1ismo"}]},{"@type":"WebSite","@id":"https:\/\/noticiasya.com\/#website","url":"https:\/\/noticiasya.com\/","name":"Noticias","description":"Lo que importa","publisher":{"@id":"https:\/\/noticiasya.com\/#organization"},"potentialAction":[{"@type":"SearchAction","target":{"@type":"EntryPoint","urlTemplate":"https:\/\/noticiasya.com\/?s={search_term_string}"},"query-input":{"@type":"PropertyValueSpecification","valueRequired":true,"valueName":"search_term_string"}}],"inLanguage":"es"},{"@type":"Organization","@id":"https:\/\/noticiasya.com\/#organization","name":"Noticias","url":"https:\/\/noticiasya.com\/","logo":{"@type":"ImageObject","inLanguage":"es","@id":"https:\/\/noticiasya.com\/#\/schema\/logo\/image\/","url":"https:\/\/noticiasya.com\/wp-content\/uploads\/sites\/22\/2023\/12\/logo-nacional.png","contentUrl":"https:\/\/noticiasya.com\/wp-content\/uploads\/sites\/22\/2023\/12\/logo-nacional.png","width":1801,"height":691,"caption":"Noticias"},"image":{"@id":"https:\/\/noticiasya.com\/#\/schema\/logo\/image\/"}}]}},"parsely":{"version":"1.1.0","canonical_url":"https:\/\/noticiasya.com\/el-valle\/2024\/10\/11\/pie-humano-everest-misterios-montanismo-trax\/","smart_links":{"inbound":0,"outbound":0},"traffic_boost_suggestions_count":0,"meta":{"@context":"https:\/\/schema.org","@type":"NewsArticle","headline":"Un pie humano hallado en el Everest podr\u00eda develar uno de los mayores misterios del monta\u00f1ismo","url":"http:\/\/noticiasya.com\/el-valle\/2024\/10\/11\/pie-humano-everest-misterios-montanismo-trax\/","mainEntityOfPage":{"@type":"WebPage","@id":"http:\/\/noticiasya.com\/el-valle\/2024\/10\/11\/pie-humano-everest-misterios-montanismo-trax\/"},"thumbnailUrl":"","image":{"@type":"ImageObject","url":""},"articleSection":"Noticias Nacionales","author":[],"creator":[],"publisher":{"@type":"Organization","name":"Noticias","logo":""},"keywords":[],"dateCreated":"2024-10-11T16:03:37Z","datePublished":"2024-10-11T16:03:37Z","dateModified":"2024-10-11T16:03:37Z"},"rendered":"<script type=\"application\/ld+json\" class=\"wp-parsely-metadata\">{\"@context\":\"https:\\\/\\\/schema.org\",\"@type\":\"NewsArticle\",\"headline\":\"Un pie humano hallado en el Everest podr\\u00eda develar uno de los mayores misterios del monta\\u00f1ismo\",\"url\":\"http:\\\/\\\/noticiasya.com\\\/el-valle\\\/2024\\\/10\\\/11\\\/pie-humano-everest-misterios-montanismo-trax\\\/\",\"mainEntityOfPage\":{\"@type\":\"WebPage\",\"@id\":\"http:\\\/\\\/noticiasya.com\\\/el-valle\\\/2024\\\/10\\\/11\\\/pie-humano-everest-misterios-montanismo-trax\\\/\"},\"thumbnailUrl\":\"\",\"image\":{\"@type\":\"ImageObject\",\"url\":\"\"},\"articleSection\":\"Noticias Nacionales\",\"author\":[],\"creator\":[],\"publisher\":{\"@type\":\"Organization\",\"name\":\"Noticias\",\"logo\":\"\"},\"keywords\":[],\"dateCreated\":\"2024-10-11T16:03:37Z\",\"datePublished\":\"2024-10-11T16:03:37Z\",\"dateModified\":\"2024-10-11T16:03:37Z\"}<\/script>","tracker_url":"https:\/\/cdn.parsely.com\/keys\/noticiasya.com\/p.js"},"jetpack_featured_media_url":"","jetpack-related-posts":[{"id":1449820,"url":"https:\/\/noticiasya.com\/el-valle\/2024\/05\/28\/alpinista-monte-everest-record-ascenso-mas-rapido-realizado-por-mujer-trax\/","url_meta":{"origin":1455040,"position":0},"title":"Alpinista del Monte Everest establece r\u00e9cord de ascenso m\u00e1s r\u00e1pido realizado por una mujer","author":"","date":"mayo 28, 2024","format":false,"excerpt":"(CNN) -- \u2014 Veinticuatro horas y 26 minutos, sin parar a dormir: la nepal\u00ed Phunjo Lama acaba de batir el r\u00e9cord mundial de ascensi\u00f3n m\u00e1s r\u00e1pida al monte Everest por una mujer.Su viaje desde el campo base del Everest hasta la cima dur\u00f3 14 horas y 31 minutos, luego el\u2026","rel":"","context":"In &quot;Noticias Nacionales&quot;","block_context":{"text":"Noticias Nacionales","link":"https:\/\/noticiasya.com\/el-valle\/categoria\/noticias-nacionales"},"img":{"alt_text":"","src":"","width":0,"height":0},"classes":[]},{"id":1447719,"url":"https:\/\/noticiasya.com\/el-valle\/2024\/04\/04\/china-reabre-monte-everest-extranjeros-trax\/","url_meta":{"origin":1455040,"position":1},"title":"China reabre su acceso al monte Everest a los extranjeros","author":"","date":"abril 4, 2024","format":false,"excerpt":"(CNN) -- Por primera vez desde la pandemia, China permite a los alpinistas extranjeros acceder al monte Everest por el T\u00edbet.Adrian Ballinger, que ha hecho cumbre en el Everest ocho veces, es uno de los gu\u00edas occidentales que prefiere la ruta del T\u00edbet a la cima de la monta\u00f1a m\u00e1s\u2026","rel":"","context":"In &quot;Noticias Nacionales&quot;","block_context":{"text":"Noticias Nacionales","link":"https:\/\/noticiasya.com\/el-valle\/categoria\/noticias-nacionales"},"img":{"alt_text":"","src":"","width":0,"height":0},"classes":[]},{"id":1461433,"url":"https:\/\/noticiasya.com\/el-valle\/2025\/04\/21\/drones-suministros-monte-everest-escalada-trax\/","url_meta":{"origin":1455040,"position":2},"title":"Los drones podr\u00e1n entregar suministros en el Monte Everest este a\u00f1o y cambiar la escalada para siempre","author":"","date":"abril 21, 2025","format":false,"excerpt":"En la cima del mundo, entre glaciares blancos pr\u00edstinos y rocas imponentes, reina el silencio. De repente, lo rompe una escalera que cae del cielo.Milan Pandey est\u00e1 sentado de nuevo en el Campo Base del Everest, contemplando vistas que pocos han visto jam\u00e1s. Lleg\u00f3 all\u00ed sin necesidad de usar crampones\u2026","rel":"","context":"In &quot;Noticias Nacionales&quot;","block_context":{"text":"Noticias Nacionales","link":"https:\/\/noticiasya.com\/el-valle\/categoria\/noticias-nacionales"},"img":{"alt_text":"","src":"","width":0,"height":0},"classes":[]},{"id":1446486,"url":"https:\/\/noticiasya.com\/el-valle\/2024\/03\/04\/nepal-escaladores-monte-everest-utilizar-chip-seguimiento-trax-2\/","url_meta":{"origin":1455040,"position":3},"title":"Nepal establece una nueva condici\u00f3n para todos los que quieran escalar el Everest","author":"","date":"marzo 4, 2024","format":false,"excerpt":"(CNN) -- En el marco del inicio de la temporada de 2024 en el monte Everest, Nepal anunci\u00f3 un nuevo requisito para todos los alpinistas: deber\u00e1n alquilar y utilizar chips de seguimiento en su viaje.\"Las empresas de renombre ya los utilizaban, pero ahora es obligatorio para todos los escaladores\", dijo\u2026","rel":"","context":"In &quot;Noticias Nacionales&quot;","block_context":{"text":"Noticias Nacionales","link":"https:\/\/noticiasya.com\/el-valle\/categoria\/noticias-nacionales"},"img":{"alt_text":"","src":"","width":0,"height":0},"classes":[]},{"id":1446135,"url":"https:\/\/noticiasya.com\/el-valle\/2024\/02\/29\/nepal-escaladores-monte-everest-utilizar-chip-seguimiento-trax\/","url_meta":{"origin":1455040,"position":4},"title":"Nepal establece una nueva condici\u00f3n para todos los que quieran escalar el Everest","author":"","date":"febrero 29, 2024","format":false,"excerpt":"(CNN) -- En el marco del inicio de la temporada de 2024 en el monte Everest, Nepal anunci\u00f3 un nuevo requisito para todos los alpinistas: deber\u00e1n alquilar y utilizar chips de seguimiento en su viaje.\"Las empresas de renombre ya los utilizaban, pero ahora es obligatorio para todos los escaladores\", dijo\u2026","rel":"","context":"In &quot;Noticias Nacionales&quot;","block_context":{"text":"Noticias Nacionales","link":"https:\/\/noticiasya.com\/el-valle\/categoria\/noticias-nacionales"},"img":{"alt_text":"","src":"","width":0,"height":0},"classes":[]},{"id":1468300,"url":"https:\/\/noticiasya.com\/el-valle\/2025\/11\/13\/iphone-pocket-apple-calcetin-desconcierto-trax\/","url_meta":{"origin":1455040,"position":5},"title":"Apple causa desconcierto con el lanzamiento del iPhone Pocket, un &#171;calcet\u00edn&#187; de US$ 229,95","author":"","date":"noviembre 13, 2025","format":false,"excerpt":"Apple se ha labrado una reputaci\u00f3n gracias a sus dispositivos de vanguardia y su elegante dise\u00f1o, pero su \u00faltimo producto es decididamente bastante m\u00e1s sencillo.El iPhone Pocket es una correa de punto desarrollada en colaboraci\u00f3n con el dise\u00f1ador de moda Issey Miyake, \u201cnacida de la idea de crear un bolsillo\u2026","rel":"","context":"In &quot;Noticias Nacionales&quot;","block_context":{"text":"Noticias Nacionales","link":"https:\/\/noticiasya.com\/el-valle\/categoria\/noticias-nacionales"},"img":{"alt_text":"","src":"","width":0,"height":0},"classes":[]}],"jetpack_sharing_enabled":true,"_links":{"self":[{"href":"https:\/\/noticiasya.com\/el-valle\/wp-json\/wp\/v2\/posts\/1455040","targetHints":{"allow":["GET"]}}],"collection":[{"href":"https:\/\/noticiasya.com\/el-valle\/wp-json\/wp\/v2\/posts"}],"about":[{"href":"https:\/\/noticiasya.com\/el-valle\/wp-json\/wp\/v2\/types\/post"}],"replies":[{"embeddable":true,"href":"https:\/\/noticiasya.com\/el-valle\/wp-json\/wp\/v2\/comments?post=1455040"}],"version-history":[{"count":0,"href":"https:\/\/noticiasya.com\/el-valle\/wp-json\/wp\/v2\/posts\/1455040\/revisions"}],"wp:attachment":[{"href":"https:\/\/noticiasya.com\/el-valle\/wp-json\/wp\/v2\/media?parent=1455040"}],"wp:term":[{"taxonomy":"category","embeddable":true,"href":"https:\/\/noticiasya.com\/el-valle\/wp-json\/wp\/v2\/categories?post=1455040"},{"taxonomy":"post_tag","embeddable":true,"href":"https:\/\/noticiasya.com\/el-valle\/wp-json\/wp\/v2\/tags?post=1455040"}],"curies":[{"name":"wp","href":"https:\/\/api.w.org\/{rel}","templated":true}]}}