{"id":1455045,"date":"2024-10-11T18:03:43","date_gmt":"2024-10-12T01:03:43","guid":{"rendered":"https:\/\/noticiasya.com\/2024\/10\/11\/corea-del-norte-acusa-a-corea-del-sur-volar-drones-trax\/"},"modified":"2024-10-11T18:03:43","modified_gmt":"2024-10-12T01:03:43","slug":"corea-del-norte-acusa-a-corea-del-sur-volar-drones-trax","status":"publish","type":"post","link":"https:\/\/noticiasya.com\/el-valle\/2024\/10\/11\/corea-del-norte-acusa-a-corea-del-sur-volar-drones-trax\/","title":{"rendered":"Corea del Norte acusa a Corea del Sur de volar drones sobre Pyongyang"},"content":{"rendered":"<p>(CNN) &#8212;\u00a0Corea del Norte acus\u00f3 a Corea del Sur de volar drones llenos de propaganda sobre Pyongyang y amenaz\u00f3 con &#171;represalias&#187;, inform\u00f3 el viernes la prensa estatal.<\/p>\n<p>El Estado Mayor Conjunto de Corea del Sur no confirm\u00f3 ni neg\u00f3 las acusaciones, pero inst\u00f3 a Corea del Norte a &#171;no actuar precipitadamente&#187; y dijo que &#171;toda la responsabilidad de la reciente serie de desarrollos recae en Corea del Norte&#187;, refiri\u00e9ndose a los globos llenos de basura que Pyongyang ha estado enviando continuamente al Sur.<\/p>\n<p>El Ej\u00e9rcito surcoreano afirma haber detectado 350 globos de desechos procedentes de Corea del Norte durante la noche<\/p>\n<p>El viernes por la noche, el ministerio de relaciones exteriores de Corea del Norte afirm\u00f3 que Corea del Sur, &#171;el Estado m\u00e1s hostil y malicioso, ha llevado a cabo una grave provocaci\u00f3n pol\u00edtica y militar al infiltrar drones en Pyongyang&#187; y &#171;dispersar panfletos anti-Corea del Norte&#187; en tres ocasiones durante la \u00faltima semana, inform\u00f3 la prensa estatal.<\/p>\n<p>El ministerio advirti\u00f3 que Corea del Sur &#171;enfrentar\u00e1 una situaci\u00f3n horrible si contin\u00faa con las provocaciones&#187;, agreg\u00f3 el informe.<\/p>\n<p>La KCNA, agencia estatal de Corea del Norte, public\u00f3 im\u00e1genes de lo que afirm\u00f3 ser un dron, as\u00ed como fotos de panfletos que dec\u00edan &#171;una comparaci\u00f3n de la comida que puedes comprar&#187; y &#171;la situaci\u00f3n econ\u00f3mica de Corea del Norte cayendo al infierno&#187;.<\/p>\n<p>CNN no puede confirmar de manera independiente la presencia de drones en el espacio a\u00e9reo de Corea del Norte.<\/p>\n<p>Durante muchos a\u00f1os, activistas surcoreanos y desertores norcoreanos han enviado globos al Norte, cargados con material de propaganda criticando al l\u00edder Kim Jong Un, junto con USBs llenos de canciones de K-pop y programas de televisi\u00f3n surcoreanos, todo estrictamente prohibido en la empobrecida y altamente aislada naci\u00f3n. Algunos activistas incluso han equipado globos &#171;inteligentes&#187; con rastreadores GPS que pueden viajar cientos de kil\u00f3metros.<\/p>\n<p>Este desertor norcoreano env\u00eda globos &#171;inteligentes&#187; a su pa\u00eds. He aqu\u00ed un vistazo al interior de su sala de montaje secreta<\/p>\n<p>En 2020, Corea del Sur aprob\u00f3 una ley que criminaliza el env\u00edo de panfletos de propaganda anti-Corea del Norte a trav\u00e9s de la frontera, ya que el anterior Gobierno liberal en Se\u00fal impulsaba el compromiso con Pyongyang.<\/p>\n<p>Pero muchos activistas desafiaron la ley antes de que fuera anulada por un tribunal el a\u00f1o pasado, que calific\u00f3 la ley como una restricci\u00f3n excesiva a la libertad de expresi\u00f3n, en respuesta a una queja presentada por activistas-desertores norcoreanos en el Sur.<\/p>\n<p>En respuesta, las autoridades norcoreanas han enviado m\u00e1s de 1.000 globos hacia el Sur desde mayo, cargados con basura, desechos y gusanos, alimentando las tensiones mientras Kim Yo Jong, la poderosa hermana del l\u00edder de Corea del Norte, advert\u00eda de &#171;problemas&#187; por venir.<\/p>\n<p>En 2022, Corea del Norte envi\u00f3 cinco drones a Corea del Sur, cuatro de los cuales volaron alrededor de la isla Ganghwa y otro que sobrevol\u00f3 el espacio a\u00e9reo norte de la capital, Se\u00fal.<\/p>\n<p>The-CNN-Wire<br \/>&trade; &amp; &copy; 2024 Cable News Network, Inc., a Warner Bros. Discovery Company. All rights reserved.<\/p>\n","protected":false},"excerpt":{"rendered":"<p>(CNN) &#8212;\u00a0Corea del Norte acus\u00f3 a Corea del Sur de volar drones llenos de propaganda sobre Pyongyang y amenaz\u00f3 con &#171;represalias&#187;, inform\u00f3 el viernes la prensa estatal. El Estado Mayor Conjunto de Corea del Sur no confirm\u00f3 ni neg\u00f3 las acusaciones, pero inst\u00f3 a Corea del Norte a &#171;no actuar precipitadamente&#187; y dijo que &#171;toda [&hellip;]<\/p>\n","protected":false},"author":0,"featured_media":0,"comment_status":"open","ping_status":"open","sticky":false,"template":"","format":"standard","meta":{"_jetpack_memberships_contains_paid_content":false,"footnotes":""},"categories":[10],"tags":[],"class_list":["post-1455045","post","type-post","status-publish","format-standard","hentry","category-noticias-nacionales","market-global"],"yoast_head":"<!-- This site is optimized with the Yoast SEO plugin v24.4 - https:\/\/yoast.com\/wordpress\/plugins\/seo\/ -->\n<title>Corea del Norte acusa a Corea del Sur de volar drones sobre Pyongyang - Noticias<\/title>\n<meta name=\"robots\" content=\"index, follow, max-snippet:-1, max-image-preview:large, max-video-preview:-1\" \/>\n<link rel=\"canonical\" href=\"https:\/\/noticiasya.com\/2024\/10\/11\/corea-del-norte-acusa-a-corea-del-sur-volar-drones-trax\/\" \/>\n<meta property=\"og:locale\" content=\"es_ES\" \/>\n<meta property=\"og:type\" content=\"article\" \/>\n<meta property=\"og:title\" content=\"Corea del Norte acusa a Corea del Sur de volar drones sobre Pyongyang - Noticias\" \/>\n<meta property=\"og:description\" content=\"(CNN) &#8212;\u00a0Corea del Norte acus\u00f3 a Corea del Sur de volar drones llenos de propaganda sobre Pyongyang y amenaz\u00f3 con &#171;represalias&#187;, inform\u00f3 el viernes la prensa estatal. El Estado Mayor Conjunto de Corea del Sur no confirm\u00f3 ni neg\u00f3 las acusaciones, pero inst\u00f3 a Corea del Norte a &#171;no actuar precipitadamente&#187; y dijo que &#171;toda [&hellip;]\" \/>\n<meta property=\"og:url\" content=\"https:\/\/noticiasya.com\/2024\/10\/11\/corea-del-norte-acusa-a-corea-del-sur-volar-drones-trax\/\" \/>\n<meta property=\"og:site_name\" content=\"Noticias\" \/>\n<meta property=\"article:published_time\" content=\"2024-10-12T01:03:43+00:00\" \/>\n<meta name=\"twitter:card\" content=\"summary_large_image\" \/>\n<meta name=\"twitter:label1\" content=\"Est. reading time\" \/>\n\t<meta name=\"twitter:data1\" content=\"3 minutos\" \/>\n<script type=\"application\/ld+json\" class=\"yoast-schema-graph\">{\"@context\":\"https:\/\/schema.org\",\"@graph\":[{\"@type\":\"Article\",\"@id\":\"https:\/\/noticiasya.com\/2024\/10\/11\/corea-del-norte-acusa-a-corea-del-sur-volar-drones-trax\/#article\",\"isPartOf\":{\"@id\":\"https:\/\/noticiasya.com\/2024\/10\/11\/corea-del-norte-acusa-a-corea-del-sur-volar-drones-trax\/\"},\"author\":{\"name\":\"\",\"@id\":\"\"},\"headline\":\"Corea del Norte acusa a Corea del Sur de volar drones sobre Pyongyang\",\"datePublished\":\"2024-10-12T01:03:43+00:00\",\"mainEntityOfPage\":{\"@id\":\"https:\/\/noticiasya.com\/2024\/10\/11\/corea-del-norte-acusa-a-corea-del-sur-volar-drones-trax\/\"},\"wordCount\":536,\"commentCount\":0,\"publisher\":{\"@id\":\"https:\/\/noticiasya.com\/#organization\"},\"articleSection\":[\"Noticias Nacionales\"],\"inLanguage\":\"es\",\"potentialAction\":[{\"@type\":\"CommentAction\",\"name\":\"Comment\",\"target\":[\"https:\/\/noticiasya.com\/2024\/10\/11\/corea-del-norte-acusa-a-corea-del-sur-volar-drones-trax\/#respond\"]}]},{\"@type\":\"WebPage\",\"@id\":\"https:\/\/noticiasya.com\/2024\/10\/11\/corea-del-norte-acusa-a-corea-del-sur-volar-drones-trax\/\",\"url\":\"https:\/\/noticiasya.com\/2024\/10\/11\/corea-del-norte-acusa-a-corea-del-sur-volar-drones-trax\/\",\"name\":\"Corea del Norte acusa a Corea del Sur de volar drones sobre Pyongyang - Noticias\",\"isPartOf\":{\"@id\":\"https:\/\/noticiasya.com\/#website\"},\"datePublished\":\"2024-10-12T01:03:43+00:00\",\"breadcrumb\":{\"@id\":\"https:\/\/noticiasya.com\/2024\/10\/11\/corea-del-norte-acusa-a-corea-del-sur-volar-drones-trax\/#breadcrumb\"},\"inLanguage\":\"es\",\"potentialAction\":[{\"@type\":\"ReadAction\",\"target\":[\"https:\/\/noticiasya.com\/2024\/10\/11\/corea-del-norte-acusa-a-corea-del-sur-volar-drones-trax\/\"]}]},{\"@type\":\"BreadcrumbList\",\"@id\":\"https:\/\/noticiasya.com\/2024\/10\/11\/corea-del-norte-acusa-a-corea-del-sur-volar-drones-trax\/#breadcrumb\",\"itemListElement\":[{\"@type\":\"ListItem\",\"position\":1,\"name\":\"Home\",\"item\":\"https:\/\/noticiasya.com\/\"},{\"@type\":\"ListItem\",\"position\":2,\"name\":\"Corea del Norte acusa a Corea del Sur de volar drones sobre Pyongyang\"}]},{\"@type\":\"WebSite\",\"@id\":\"https:\/\/noticiasya.com\/#website\",\"url\":\"https:\/\/noticiasya.com\/\",\"name\":\"Noticias\",\"description\":\"Lo que importa\",\"publisher\":{\"@id\":\"https:\/\/noticiasya.com\/#organization\"},\"potentialAction\":[{\"@type\":\"SearchAction\",\"target\":{\"@type\":\"EntryPoint\",\"urlTemplate\":\"https:\/\/noticiasya.com\/?s={search_term_string}\"},\"query-input\":{\"@type\":\"PropertyValueSpecification\",\"valueRequired\":true,\"valueName\":\"search_term_string\"}}],\"inLanguage\":\"es\"},{\"@type\":\"Organization\",\"@id\":\"https:\/\/noticiasya.com\/#organization\",\"name\":\"Noticias\",\"url\":\"https:\/\/noticiasya.com\/\",\"logo\":{\"@type\":\"ImageObject\",\"inLanguage\":\"es\",\"@id\":\"https:\/\/noticiasya.com\/#\/schema\/logo\/image\/\",\"url\":\"https:\/\/noticiasya.com\/wp-content\/uploads\/sites\/22\/2023\/12\/logo-nacional.png\",\"contentUrl\":\"https:\/\/noticiasya.com\/wp-content\/uploads\/sites\/22\/2023\/12\/logo-nacional.png\",\"width\":1801,\"height\":691,\"caption\":\"Noticias\"},\"image\":{\"@id\":\"https:\/\/noticiasya.com\/#\/schema\/logo\/image\/\"}}]}<\/script>\n<!-- \/ Yoast SEO plugin. -->","yoast_head_json":{"title":"Corea del Norte acusa a Corea del Sur de volar drones sobre Pyongyang - Noticias","robots":{"index":"index","follow":"follow","max-snippet":"max-snippet:-1","max-image-preview":"max-image-preview:large","max-video-preview":"max-video-preview:-1"},"canonical":"https:\/\/noticiasya.com\/2024\/10\/11\/corea-del-norte-acusa-a-corea-del-sur-volar-drones-trax\/","og_locale":"es_ES","og_type":"article","og_title":"Corea del Norte acusa a Corea del Sur de volar drones sobre Pyongyang - Noticias","og_description":"(CNN) &#8212;\u00a0Corea del Norte acus\u00f3 a Corea del Sur de volar drones llenos de propaganda sobre Pyongyang y amenaz\u00f3 con &#171;represalias&#187;, inform\u00f3 el viernes la prensa estatal. El Estado Mayor Conjunto de Corea del Sur no confirm\u00f3 ni neg\u00f3 las acusaciones, pero inst\u00f3 a Corea del Norte a &#171;no actuar precipitadamente&#187; y dijo que &#171;toda [&hellip;]","og_url":"https:\/\/noticiasya.com\/2024\/10\/11\/corea-del-norte-acusa-a-corea-del-sur-volar-drones-trax\/","og_site_name":"Noticias","article_published_time":"2024-10-12T01:03:43+00:00","twitter_card":"summary_large_image","twitter_misc":{"Est. reading time":"3 minutos"},"schema":{"@context":"https:\/\/schema.org","@graph":[{"@type":"Article","@id":"https:\/\/noticiasya.com\/2024\/10\/11\/corea-del-norte-acusa-a-corea-del-sur-volar-drones-trax\/#article","isPartOf":{"@id":"https:\/\/noticiasya.com\/2024\/10\/11\/corea-del-norte-acusa-a-corea-del-sur-volar-drones-trax\/"},"author":{"name":"","@id":""},"headline":"Corea del Norte acusa a Corea del Sur de volar drones sobre Pyongyang","datePublished":"2024-10-12T01:03:43+00:00","mainEntityOfPage":{"@id":"https:\/\/noticiasya.com\/2024\/10\/11\/corea-del-norte-acusa-a-corea-del-sur-volar-drones-trax\/"},"wordCount":536,"commentCount":0,"publisher":{"@id":"https:\/\/noticiasya.com\/#organization"},"articleSection":["Noticias Nacionales"],"inLanguage":"es","potentialAction":[{"@type":"CommentAction","name":"Comment","target":["https:\/\/noticiasya.com\/2024\/10\/11\/corea-del-norte-acusa-a-corea-del-sur-volar-drones-trax\/#respond"]}]},{"@type":"WebPage","@id":"https:\/\/noticiasya.com\/2024\/10\/11\/corea-del-norte-acusa-a-corea-del-sur-volar-drones-trax\/","url":"https:\/\/noticiasya.com\/2024\/10\/11\/corea-del-norte-acusa-a-corea-del-sur-volar-drones-trax\/","name":"Corea del Norte acusa a Corea del Sur de volar drones sobre Pyongyang - Noticias","isPartOf":{"@id":"https:\/\/noticiasya.com\/#website"},"datePublished":"2024-10-12T01:03:43+00:00","breadcrumb":{"@id":"https:\/\/noticiasya.com\/2024\/10\/11\/corea-del-norte-acusa-a-corea-del-sur-volar-drones-trax\/#breadcrumb"},"inLanguage":"es","potentialAction":[{"@type":"ReadAction","target":["https:\/\/noticiasya.com\/2024\/10\/11\/corea-del-norte-acusa-a-corea-del-sur-volar-drones-trax\/"]}]},{"@type":"BreadcrumbList","@id":"https:\/\/noticiasya.com\/2024\/10\/11\/corea-del-norte-acusa-a-corea-del-sur-volar-drones-trax\/#breadcrumb","itemListElement":[{"@type":"ListItem","position":1,"name":"Home","item":"https:\/\/noticiasya.com\/"},{"@type":"ListItem","position":2,"name":"Corea del Norte acusa a Corea del Sur de volar drones sobre Pyongyang"}]},{"@type":"WebSite","@id":"https:\/\/noticiasya.com\/#website","url":"https:\/\/noticiasya.com\/","name":"Noticias","description":"Lo que importa","publisher":{"@id":"https:\/\/noticiasya.com\/#organization"},"potentialAction":[{"@type":"SearchAction","target":{"@type":"EntryPoint","urlTemplate":"https:\/\/noticiasya.com\/?s={search_term_string}"},"query-input":{"@type":"PropertyValueSpecification","valueRequired":true,"valueName":"search_term_string"}}],"inLanguage":"es"},{"@type":"Organization","@id":"https:\/\/noticiasya.com\/#organization","name":"Noticias","url":"https:\/\/noticiasya.com\/","logo":{"@type":"ImageObject","inLanguage":"es","@id":"https:\/\/noticiasya.com\/#\/schema\/logo\/image\/","url":"https:\/\/noticiasya.com\/wp-content\/uploads\/sites\/22\/2023\/12\/logo-nacional.png","contentUrl":"https:\/\/noticiasya.com\/wp-content\/uploads\/sites\/22\/2023\/12\/logo-nacional.png","width":1801,"height":691,"caption":"Noticias"},"image":{"@id":"https:\/\/noticiasya.com\/#\/schema\/logo\/image\/"}}]}},"parsely":{"version":"1.1.0","canonical_url":"https:\/\/noticiasya.com\/el-valle\/2024\/10\/11\/corea-del-norte-acusa-a-corea-del-sur-volar-drones-trax\/","smart_links":{"inbound":0,"outbound":0},"traffic_boost_suggestions_count":0,"meta":{"@context":"https:\/\/schema.org","@type":"NewsArticle","headline":"Corea del Norte acusa a Corea del Sur de volar drones sobre Pyongyang","url":"http:\/\/noticiasya.com\/el-valle\/2024\/10\/11\/corea-del-norte-acusa-a-corea-del-sur-volar-drones-trax\/","mainEntityOfPage":{"@type":"WebPage","@id":"http:\/\/noticiasya.com\/el-valle\/2024\/10\/11\/corea-del-norte-acusa-a-corea-del-sur-volar-drones-trax\/"},"thumbnailUrl":"","image":{"@type":"ImageObject","url":""},"articleSection":"Noticias Nacionales","author":[],"creator":[],"publisher":{"@type":"Organization","name":"Noticias","logo":""},"keywords":[],"dateCreated":"2024-10-12T01:03:43Z","datePublished":"2024-10-12T01:03:43Z","dateModified":"2024-10-12T01:03:43Z"},"rendered":"<script type=\"application\/ld+json\" class=\"wp-parsely-metadata\">{\"@context\":\"https:\\\/\\\/schema.org\",\"@type\":\"NewsArticle\",\"headline\":\"Corea del Norte acusa a Corea del Sur de volar drones sobre Pyongyang\",\"url\":\"http:\\\/\\\/noticiasya.com\\\/el-valle\\\/2024\\\/10\\\/11\\\/corea-del-norte-acusa-a-corea-del-sur-volar-drones-trax\\\/\",\"mainEntityOfPage\":{\"@type\":\"WebPage\",\"@id\":\"http:\\\/\\\/noticiasya.com\\\/el-valle\\\/2024\\\/10\\\/11\\\/corea-del-norte-acusa-a-corea-del-sur-volar-drones-trax\\\/\"},\"thumbnailUrl\":\"\",\"image\":{\"@type\":\"ImageObject\",\"url\":\"\"},\"articleSection\":\"Noticias Nacionales\",\"author\":[],\"creator\":[],\"publisher\":{\"@type\":\"Organization\",\"name\":\"Noticias\",\"logo\":\"\"},\"keywords\":[],\"dateCreated\":\"2024-10-12T01:03:43Z\",\"datePublished\":\"2024-10-12T01:03:43Z\",\"dateModified\":\"2024-10-12T01:03:43Z\"}<\/script>","tracker_url":"https:\/\/cdn.parsely.com\/keys\/noticiasya.com\/p.js"},"jetpack_featured_media_url":"","jetpack-related-posts":[{"id":1449919,"url":"https:\/\/noticiasya.com\/el-valle\/2024\/06\/01\/corea-del-norte-globos-corea-del-sur-trax\/","url_meta":{"origin":1455045,"position":0},"title":"Corea del Norte lanza m\u00e1s globos de basura hacia Corea del Sur: \u00bfPor qu\u00e9 lo hace?","author":"","date":"junio 1, 2024","format":false,"excerpt":"(CNN) --\u00a0\u00a0Corea del Norte lanz\u00f3 m\u00e1s globos de basura a Corea del Sur este s\u00e1bado, seg\u00fan inform\u00f3 el Estado Mayor Conjunto (JCS) de Corea del Sur. El lanzamiento forma parte de una nueva estrategia con la que el gobierno de Kim Jong un se enfrenta a su vecino del sur:\u2026","rel":"","context":"In &quot;Noticias Nacionales&quot;","block_context":{"text":"Noticias Nacionales","link":"https:\/\/noticiasya.com\/el-valle\/categoria\/noticias-nacionales"},"img":{"alt_text":"","src":"","width":0,"height":0},"classes":[]},{"id":1450647,"url":"https:\/\/noticiasya.com\/el-valle\/2024\/06\/24\/analisis-surcoreano-halla-parasitos-en-globos-basura-de-corea-del-norte-trax\/","url_meta":{"origin":1455045,"position":1},"title":"Un an\u00e1lisis surcoreano halla par\u00e1sitos en los globos de basura de Corea del Norte","author":"","date":"junio 24, 2024","format":false,"excerpt":"(CNN) -- Un an\u00e1lisis surcoreano del contenido transportado por globos enviados a trav\u00e9s de la frontera por Corea del Norte entre finales de mayo y principios de junio encontr\u00f3 par\u00e1sitos y genes humanos en el suelo de los globos, lo que sugiere que Pyongyang puede haber estado utilizando heces humanas\u2026","rel":"","context":"In &quot;Noticias Nacionales&quot;","block_context":{"text":"Noticias Nacionales","link":"https:\/\/noticiasya.com\/el-valle\/categoria\/noticias-nacionales"},"img":{"alt_text":"","src":"","width":0,"height":0},"classes":[]},{"id":1451368,"url":"https:\/\/noticiasya.com\/el-valle\/2024\/07\/24\/globos-basura-corea-norte-oficina-presidencial-sur-trax\/","url_meta":{"origin":1455045,"position":2},"title":"Globos de basura de Corea del Norte caen cerca de la oficina presidencial de Corea del Sur","author":"","date":"julio 24, 2024","format":false,"excerpt":"(CNN) -- Globos norcoreanos cargados de basura fueron encontrados en el recinto de la oficina presidencial de Corea del Sur, seg\u00fan informaron las autoridades este mi\u00e9rcoles, el \u00faltimo de una serie de incidentes que han elevado las tensiones y la ret\u00f3rica en la pen\u00ednsula coreana.M\u00e1s de 3.000 globos norcoreanos, a\u2026","rel":"","context":"In &quot;Noticias Nacionales&quot;","block_context":{"text":"Noticias Nacionales","link":"https:\/\/noticiasya.com\/el-valle\/categoria\/noticias-nacionales"},"img":{"alt_text":"","src":"","width":0,"height":0},"classes":[]},{"id":1455109,"url":"https:\/\/noticiasya.com\/el-valle\/2024\/10\/15\/corea-del-norte-explosion-caminos-sur-trax\/","url_meta":{"origin":1455045,"position":3},"title":"Corea del Norte vuela carreteras cerca de la frontera con el Sur tras advertir de que cortar\u00eda completamente los lazos","author":"","date":"octubre 15, 2024","format":false,"excerpt":"(CNN) -- Corea del Norte vol\u00f3 este martes partes de dos importantes carreteras conectadas con el sur de la pen\u00ednsula, seg\u00fan informaron las autoridades surcoreanas, despu\u00e9s de que Pyongyang advirtiera de que tomar\u00eda medidas para aislar completamente su territorio del Sur.Partes de las l\u00edneas Gyeongui, en la costa oeste, y\u2026","rel":"","context":"In &quot;Noticias Nacionales&quot;","block_context":{"text":"Noticias Nacionales","link":"https:\/\/noticiasya.com\/el-valle\/categoria\/noticias-nacionales"},"img":{"alt_text":"","src":"","width":0,"height":0},"classes":[]},{"id":1449929,"url":"https:\/\/noticiasya.com\/el-valle\/2024\/06\/02\/600-nuevos-globos-basura-norcoreanos-llegan-flotando-a-corea-del-sur-trax\/","url_meta":{"origin":1455045,"position":4},"title":"Llegan 600  nuevos globos de &#171;basura&#187; norcoreanos a Corea del Sur","author":"","date":"junio 2, 2024","format":false,"excerpt":"(CNN) \u2014 Corea del Norte intensific\u00f3 sus operaciones con globos de basura, y funcionarios de Se\u00fal informaron que alrededor de 600 de los desechos transportados por el aire flotaron hacia Corea del Sur, ensuciando partes del pa\u00eds con colillas de cigarrillos, papel y trozos de tela.El Estado Mayor Conjunto de\u2026","rel":"","context":"In &quot;Noticias Nacionales&quot;","block_context":{"text":"Noticias Nacionales","link":"https:\/\/noticiasya.com\/el-valle\/categoria\/noticias-nacionales"},"img":{"alt_text":"","src":"","width":0,"height":0},"classes":[]},{"id":1449822,"url":"https:\/\/noticiasya.com\/el-valle\/2024\/05\/29\/globos-basura-norcoreanos-inmundicia-sobre-corea-del-sur-trax\/","url_meta":{"origin":1455045,"position":5},"title":"Globos de basura norcoreanos arrojan &#171;inmundicia&#187; sobre Corea del Sur","author":"","date":"mayo 29, 2024","format":false,"excerpt":"(CNN) -- Corea del Norte adopt\u00f3 una nueva estrategia para enfrentarse a su vecino del sur: enviar bolsas flotantes de basura que contienen \u201cinmundicia\u201d a trav\u00e9s de la frontera, transportadas en enormes globos.El Ej\u00e9rcito de Corea del Sur comenz\u00f3 a notar la llegada de \"grandes cantidades de globos\" desde el\u2026","rel":"","context":"In &quot;Noticias Nacionales&quot;","block_context":{"text":"Noticias Nacionales","link":"https:\/\/noticiasya.com\/el-valle\/categoria\/noticias-nacionales"},"img":{"alt_text":"","src":"","width":0,"height":0},"classes":[]}],"jetpack_sharing_enabled":true,"_links":{"self":[{"href":"https:\/\/noticiasya.com\/el-valle\/wp-json\/wp\/v2\/posts\/1455045","targetHints":{"allow":["GET"]}}],"collection":[{"href":"https:\/\/noticiasya.com\/el-valle\/wp-json\/wp\/v2\/posts"}],"about":[{"href":"https:\/\/noticiasya.com\/el-valle\/wp-json\/wp\/v2\/types\/post"}],"replies":[{"embeddable":true,"href":"https:\/\/noticiasya.com\/el-valle\/wp-json\/wp\/v2\/comments?post=1455045"}],"version-history":[{"count":0,"href":"https:\/\/noticiasya.com\/el-valle\/wp-json\/wp\/v2\/posts\/1455045\/revisions"}],"wp:attachment":[{"href":"https:\/\/noticiasya.com\/el-valle\/wp-json\/wp\/v2\/media?parent=1455045"}],"wp:term":[{"taxonomy":"category","embeddable":true,"href":"https:\/\/noticiasya.com\/el-valle\/wp-json\/wp\/v2\/categories?post=1455045"},{"taxonomy":"post_tag","embeddable":true,"href":"https:\/\/noticiasya.com\/el-valle\/wp-json\/wp\/v2\/tags?post=1455045"}],"curies":[{"name":"wp","href":"https:\/\/api.w.org\/{rel}","templated":true}]}}