{"id":1455066,"date":"2024-10-13T08:03:45","date_gmt":"2024-10-13T15:03:45","guid":{"rendered":"https:\/\/noticiasya.com\/2024\/10\/13\/sao-paulo-sin-electricidad-1-3-millones-personas-brasil-orix\/"},"modified":"2024-10-13T08:03:45","modified_gmt":"2024-10-13T15:03:45","slug":"sao-paulo-sin-electricidad-1-3-millones-personas-brasil-orix","status":"publish","type":"post","link":"https:\/\/noticiasya.com\/el-valle\/2024\/10\/13\/sao-paulo-sin-electricidad-1-3-millones-personas-brasil-orix\/","title":{"rendered":"1,3 millones de personas est\u00e1n sin electricidad en Sao Paulo, Brasil, tras las lluvias y los vientos del viernes"},"content":{"rendered":"<p>(CNN Espa\u00f1ol) &#8212; Cerca de 1,3 millones de personas permanecen sin electricidad la noche de este s\u00e1bado en Sao Paulo, luego de las lluvias y los vientos de m\u00e1s de 100 km\/h que la noche del viernes afectaron al estado brasile\u00f1o, inform\u00f3 la compa\u00f1\u00eda distribuidora de energ\u00eda Enel.<\/p>\n<p>La cifra de habitantes afectados representa el 17% de la clientela de Enel, dijo la empresa concesionaria en un comunicado, en el que agreg\u00f3 que hasta las 6:40 p. m. (hora local), sus equipos hab\u00edan logrado restablecer el servicio para 750.000 clientes.<\/p>\n<p>\u201cEn algunos casos, el trabajo para restaurar la energ\u00eda es m\u00e1s complejo porque implica la reconstrucci\u00f3n de tramos enteros de la red\u201d, argument\u00f3 la compa\u00f1\u00eda, y a\u00f1adi\u00f3 que movilizar\u00e1 a m\u00e1s t\u00e9cnicos para atender el problema.<\/p>\n<p>El Tribunal Supremo de Brasil autoriza que X reanude sus operaciones en el pa\u00eds<\/p>\n<p>De acuerdo con sus datos, Sao Paulo capital es el municipio m\u00e1s afectado con 870.000 personas sin electricidad. Le siguen Taboao da Serra, con 91.000; Cotia, con 79.800; Sao Bernardo do Campo, con 70.400; y Santo Andr\u00e9, con 66.600.<\/p>\n<p>En este contexto, el Ministerio de Minas y Energ\u00eda de Brasil inform\u00f3 este s\u00e1bado en un comunicado que estableci\u00f3 una sala de situaci\u00f3n para dar seguimiento al problema y envi\u00f3 una carta a la Agencia Nacional de Energ\u00eda El\u00e9ctrica para que exija a Enel acelerar sus trabajos, \u201ca fin de garantizar el r\u00e1pido restablecimiento de la electricidad en la regi\u00f3n metropolitana de Sao Paulo\u201d.<\/p>\n<p>The-CNN-Wire<br \/>&trade; &amp; &copy; 2024 Cable News Network, Inc., a Warner Bros. Discovery Company. All rights reserved.<\/p>\n","protected":false},"excerpt":{"rendered":"<p>(CNN Espa\u00f1ol) &#8212; Cerca de 1,3 millones de personas permanecen sin electricidad la noche de este s\u00e1bado en Sao Paulo, luego de las lluvias y los vientos de m\u00e1s de 100 km\/h que la noche del viernes afectaron al estado brasile\u00f1o, inform\u00f3 la compa\u00f1\u00eda distribuidora de energ\u00eda Enel. La cifra de habitantes afectados representa el [&hellip;]<\/p>\n","protected":false},"author":0,"featured_media":0,"comment_status":"open","ping_status":"open","sticky":false,"template":"","format":"standard","meta":{"_jetpack_memberships_contains_paid_content":false,"footnotes":""},"categories":[10],"tags":[],"class_list":["post-1455066","post","type-post","status-publish","format-standard","hentry","category-noticias-nacionales","market-global"],"yoast_head":"<!-- This site is optimized with the Yoast SEO plugin v24.4 - https:\/\/yoast.com\/wordpress\/plugins\/seo\/ -->\n<title>1,3 millones de personas est\u00e1n sin electricidad en Sao Paulo, Brasil, tras las lluvias y los vientos del viernes - Noticias<\/title>\n<meta name=\"robots\" content=\"index, follow, max-snippet:-1, max-image-preview:large, max-video-preview:-1\" \/>\n<link rel=\"canonical\" href=\"https:\/\/noticiasya.com\/2024\/10\/13\/sao-paulo-sin-electricidad-1-3-millones-personas-brasil-orix\/\" \/>\n<meta property=\"og:locale\" content=\"es_ES\" \/>\n<meta property=\"og:type\" content=\"article\" \/>\n<meta property=\"og:title\" content=\"1,3 millones de personas est\u00e1n sin electricidad en Sao Paulo, Brasil, tras las lluvias y los vientos del viernes - Noticias\" \/>\n<meta property=\"og:description\" content=\"(CNN Espa\u00f1ol) &#8212; Cerca de 1,3 millones de personas permanecen sin electricidad la noche de este s\u00e1bado en Sao Paulo, luego de las lluvias y los vientos de m\u00e1s de 100 km\/h que la noche del viernes afectaron al estado brasile\u00f1o, inform\u00f3 la compa\u00f1\u00eda distribuidora de energ\u00eda Enel. La cifra de habitantes afectados representa el [&hellip;]\" \/>\n<meta property=\"og:url\" content=\"https:\/\/noticiasya.com\/2024\/10\/13\/sao-paulo-sin-electricidad-1-3-millones-personas-brasil-orix\/\" \/>\n<meta property=\"og:site_name\" content=\"Noticias\" \/>\n<meta property=\"article:published_time\" content=\"2024-10-13T15:03:45+00:00\" \/>\n<meta name=\"twitter:card\" content=\"summary_large_image\" \/>\n<meta name=\"twitter:label1\" content=\"Est. reading time\" \/>\n\t<meta name=\"twitter:data1\" content=\"1 minuto\" \/>\n<script type=\"application\/ld+json\" class=\"yoast-schema-graph\">{\"@context\":\"https:\/\/schema.org\",\"@graph\":[{\"@type\":\"Article\",\"@id\":\"https:\/\/noticiasya.com\/2024\/10\/13\/sao-paulo-sin-electricidad-1-3-millones-personas-brasil-orix\/#article\",\"isPartOf\":{\"@id\":\"https:\/\/noticiasya.com\/2024\/10\/13\/sao-paulo-sin-electricidad-1-3-millones-personas-brasil-orix\/\"},\"author\":{\"name\":\"\",\"@id\":\"\"},\"headline\":\"1,3 millones de personas est\u00e1n sin electricidad en Sao Paulo, Brasil, tras las lluvias y los vientos del viernes\",\"datePublished\":\"2024-10-13T15:03:45+00:00\",\"mainEntityOfPage\":{\"@id\":\"https:\/\/noticiasya.com\/2024\/10\/13\/sao-paulo-sin-electricidad-1-3-millones-personas-brasil-orix\/\"},\"wordCount\":292,\"commentCount\":0,\"publisher\":{\"@id\":\"https:\/\/noticiasya.com\/#organization\"},\"articleSection\":[\"Noticias Nacionales\"],\"inLanguage\":\"es\",\"potentialAction\":[{\"@type\":\"CommentAction\",\"name\":\"Comment\",\"target\":[\"https:\/\/noticiasya.com\/2024\/10\/13\/sao-paulo-sin-electricidad-1-3-millones-personas-brasil-orix\/#respond\"]}]},{\"@type\":\"WebPage\",\"@id\":\"https:\/\/noticiasya.com\/2024\/10\/13\/sao-paulo-sin-electricidad-1-3-millones-personas-brasil-orix\/\",\"url\":\"https:\/\/noticiasya.com\/2024\/10\/13\/sao-paulo-sin-electricidad-1-3-millones-personas-brasil-orix\/\",\"name\":\"1,3 millones de personas est\u00e1n sin electricidad en Sao Paulo, Brasil, tras las lluvias y los vientos del viernes - Noticias\",\"isPartOf\":{\"@id\":\"https:\/\/noticiasya.com\/#website\"},\"datePublished\":\"2024-10-13T15:03:45+00:00\",\"breadcrumb\":{\"@id\":\"https:\/\/noticiasya.com\/2024\/10\/13\/sao-paulo-sin-electricidad-1-3-millones-personas-brasil-orix\/#breadcrumb\"},\"inLanguage\":\"es\",\"potentialAction\":[{\"@type\":\"ReadAction\",\"target\":[\"https:\/\/noticiasya.com\/2024\/10\/13\/sao-paulo-sin-electricidad-1-3-millones-personas-brasil-orix\/\"]}]},{\"@type\":\"BreadcrumbList\",\"@id\":\"https:\/\/noticiasya.com\/2024\/10\/13\/sao-paulo-sin-electricidad-1-3-millones-personas-brasil-orix\/#breadcrumb\",\"itemListElement\":[{\"@type\":\"ListItem\",\"position\":1,\"name\":\"Home\",\"item\":\"https:\/\/noticiasya.com\/\"},{\"@type\":\"ListItem\",\"position\":2,\"name\":\"1,3 millones de personas est\u00e1n sin electricidad en Sao Paulo, Brasil, tras las lluvias y los vientos del viernes\"}]},{\"@type\":\"WebSite\",\"@id\":\"https:\/\/noticiasya.com\/#website\",\"url\":\"https:\/\/noticiasya.com\/\",\"name\":\"Noticias\",\"description\":\"Lo que importa\",\"publisher\":{\"@id\":\"https:\/\/noticiasya.com\/#organization\"},\"potentialAction\":[{\"@type\":\"SearchAction\",\"target\":{\"@type\":\"EntryPoint\",\"urlTemplate\":\"https:\/\/noticiasya.com\/?s={search_term_string}\"},\"query-input\":{\"@type\":\"PropertyValueSpecification\",\"valueRequired\":true,\"valueName\":\"search_term_string\"}}],\"inLanguage\":\"es\"},{\"@type\":\"Organization\",\"@id\":\"https:\/\/noticiasya.com\/#organization\",\"name\":\"Noticias\",\"url\":\"https:\/\/noticiasya.com\/\",\"logo\":{\"@type\":\"ImageObject\",\"inLanguage\":\"es\",\"@id\":\"https:\/\/noticiasya.com\/#\/schema\/logo\/image\/\",\"url\":\"https:\/\/noticiasya.com\/wp-content\/uploads\/sites\/22\/2023\/12\/logo-nacional.png\",\"contentUrl\":\"https:\/\/noticiasya.com\/wp-content\/uploads\/sites\/22\/2023\/12\/logo-nacional.png\",\"width\":1801,\"height\":691,\"caption\":\"Noticias\"},\"image\":{\"@id\":\"https:\/\/noticiasya.com\/#\/schema\/logo\/image\/\"}}]}<\/script>\n<!-- \/ Yoast SEO plugin. -->","yoast_head_json":{"title":"1,3 millones de personas est\u00e1n sin electricidad en Sao Paulo, Brasil, tras las lluvias y los vientos del viernes - Noticias","robots":{"index":"index","follow":"follow","max-snippet":"max-snippet:-1","max-image-preview":"max-image-preview:large","max-video-preview":"max-video-preview:-1"},"canonical":"https:\/\/noticiasya.com\/2024\/10\/13\/sao-paulo-sin-electricidad-1-3-millones-personas-brasil-orix\/","og_locale":"es_ES","og_type":"article","og_title":"1,3 millones de personas est\u00e1n sin electricidad en Sao Paulo, Brasil, tras las lluvias y los vientos del viernes - Noticias","og_description":"(CNN Espa\u00f1ol) &#8212; Cerca de 1,3 millones de personas permanecen sin electricidad la noche de este s\u00e1bado en Sao Paulo, luego de las lluvias y los vientos de m\u00e1s de 100 km\/h que la noche del viernes afectaron al estado brasile\u00f1o, inform\u00f3 la compa\u00f1\u00eda distribuidora de energ\u00eda Enel. La cifra de habitantes afectados representa el [&hellip;]","og_url":"https:\/\/noticiasya.com\/2024\/10\/13\/sao-paulo-sin-electricidad-1-3-millones-personas-brasil-orix\/","og_site_name":"Noticias","article_published_time":"2024-10-13T15:03:45+00:00","twitter_card":"summary_large_image","twitter_misc":{"Est. reading time":"1 minuto"},"schema":{"@context":"https:\/\/schema.org","@graph":[{"@type":"Article","@id":"https:\/\/noticiasya.com\/2024\/10\/13\/sao-paulo-sin-electricidad-1-3-millones-personas-brasil-orix\/#article","isPartOf":{"@id":"https:\/\/noticiasya.com\/2024\/10\/13\/sao-paulo-sin-electricidad-1-3-millones-personas-brasil-orix\/"},"author":{"name":"","@id":""},"headline":"1,3 millones de personas est\u00e1n sin electricidad en Sao Paulo, Brasil, tras las lluvias y los vientos del viernes","datePublished":"2024-10-13T15:03:45+00:00","mainEntityOfPage":{"@id":"https:\/\/noticiasya.com\/2024\/10\/13\/sao-paulo-sin-electricidad-1-3-millones-personas-brasil-orix\/"},"wordCount":292,"commentCount":0,"publisher":{"@id":"https:\/\/noticiasya.com\/#organization"},"articleSection":["Noticias Nacionales"],"inLanguage":"es","potentialAction":[{"@type":"CommentAction","name":"Comment","target":["https:\/\/noticiasya.com\/2024\/10\/13\/sao-paulo-sin-electricidad-1-3-millones-personas-brasil-orix\/#respond"]}]},{"@type":"WebPage","@id":"https:\/\/noticiasya.com\/2024\/10\/13\/sao-paulo-sin-electricidad-1-3-millones-personas-brasil-orix\/","url":"https:\/\/noticiasya.com\/2024\/10\/13\/sao-paulo-sin-electricidad-1-3-millones-personas-brasil-orix\/","name":"1,3 millones de personas est\u00e1n sin electricidad en Sao Paulo, Brasil, tras las lluvias y los vientos del viernes - Noticias","isPartOf":{"@id":"https:\/\/noticiasya.com\/#website"},"datePublished":"2024-10-13T15:03:45+00:00","breadcrumb":{"@id":"https:\/\/noticiasya.com\/2024\/10\/13\/sao-paulo-sin-electricidad-1-3-millones-personas-brasil-orix\/#breadcrumb"},"inLanguage":"es","potentialAction":[{"@type":"ReadAction","target":["https:\/\/noticiasya.com\/2024\/10\/13\/sao-paulo-sin-electricidad-1-3-millones-personas-brasil-orix\/"]}]},{"@type":"BreadcrumbList","@id":"https:\/\/noticiasya.com\/2024\/10\/13\/sao-paulo-sin-electricidad-1-3-millones-personas-brasil-orix\/#breadcrumb","itemListElement":[{"@type":"ListItem","position":1,"name":"Home","item":"https:\/\/noticiasya.com\/"},{"@type":"ListItem","position":2,"name":"1,3 millones de personas est\u00e1n sin electricidad en Sao Paulo, Brasil, tras las lluvias y los vientos del viernes"}]},{"@type":"WebSite","@id":"https:\/\/noticiasya.com\/#website","url":"https:\/\/noticiasya.com\/","name":"Noticias","description":"Lo que importa","publisher":{"@id":"https:\/\/noticiasya.com\/#organization"},"potentialAction":[{"@type":"SearchAction","target":{"@type":"EntryPoint","urlTemplate":"https:\/\/noticiasya.com\/?s={search_term_string}"},"query-input":{"@type":"PropertyValueSpecification","valueRequired":true,"valueName":"search_term_string"}}],"inLanguage":"es"},{"@type":"Organization","@id":"https:\/\/noticiasya.com\/#organization","name":"Noticias","url":"https:\/\/noticiasya.com\/","logo":{"@type":"ImageObject","inLanguage":"es","@id":"https:\/\/noticiasya.com\/#\/schema\/logo\/image\/","url":"https:\/\/noticiasya.com\/wp-content\/uploads\/sites\/22\/2023\/12\/logo-nacional.png","contentUrl":"https:\/\/noticiasya.com\/wp-content\/uploads\/sites\/22\/2023\/12\/logo-nacional.png","width":1801,"height":691,"caption":"Noticias"},"image":{"@id":"https:\/\/noticiasya.com\/#\/schema\/logo\/image\/"}}]}},"parsely":{"version":"1.1.0","canonical_url":"https:\/\/noticiasya.com\/el-valle\/2024\/10\/13\/sao-paulo-sin-electricidad-1-3-millones-personas-brasil-orix\/","smart_links":{"inbound":0,"outbound":0},"traffic_boost_suggestions_count":0,"meta":{"@context":"https:\/\/schema.org","@type":"NewsArticle","headline":"1,3 millones de personas est\u00e1n sin electricidad en Sao Paulo, Brasil, tras las lluvias y los vientos del viernes","url":"http:\/\/noticiasya.com\/el-valle\/2024\/10\/13\/sao-paulo-sin-electricidad-1-3-millones-personas-brasil-orix\/","mainEntityOfPage":{"@type":"WebPage","@id":"http:\/\/noticiasya.com\/el-valle\/2024\/10\/13\/sao-paulo-sin-electricidad-1-3-millones-personas-brasil-orix\/"},"thumbnailUrl":"","image":{"@type":"ImageObject","url":""},"articleSection":"Noticias Nacionales","author":[],"creator":[],"publisher":{"@type":"Organization","name":"Noticias","logo":""},"keywords":[],"dateCreated":"2024-10-13T15:03:45Z","datePublished":"2024-10-13T15:03:45Z","dateModified":"2024-10-13T15:03:45Z"},"rendered":"<script type=\"application\/ld+json\" class=\"wp-parsely-metadata\">{\"@context\":\"https:\\\/\\\/schema.org\",\"@type\":\"NewsArticle\",\"headline\":\"1,3 millones de personas est\\u00e1n sin electricidad en Sao Paulo, Brasil, tras las lluvias y los vientos del viernes\",\"url\":\"http:\\\/\\\/noticiasya.com\\\/el-valle\\\/2024\\\/10\\\/13\\\/sao-paulo-sin-electricidad-1-3-millones-personas-brasil-orix\\\/\",\"mainEntityOfPage\":{\"@type\":\"WebPage\",\"@id\":\"http:\\\/\\\/noticiasya.com\\\/el-valle\\\/2024\\\/10\\\/13\\\/sao-paulo-sin-electricidad-1-3-millones-personas-brasil-orix\\\/\"},\"thumbnailUrl\":\"\",\"image\":{\"@type\":\"ImageObject\",\"url\":\"\"},\"articleSection\":\"Noticias Nacionales\",\"author\":[],\"creator\":[],\"publisher\":{\"@type\":\"Organization\",\"name\":\"Noticias\",\"logo\":\"\"},\"keywords\":[],\"dateCreated\":\"2024-10-13T15:03:45Z\",\"datePublished\":\"2024-10-13T15:03:45Z\",\"dateModified\":\"2024-10-13T15:03:45Z\"}<\/script>","tracker_url":"https:\/\/cdn.parsely.com\/keys\/noticiasya.com\/p.js"},"jetpack_featured_media_url":"","jetpack-related-posts":[{"id":1456821,"url":"https:\/\/noticiasya.com\/el-valle\/2024\/12\/20\/lluvias-sin-electricidad-viviendas-sao-paulo-brasil-orix\/","url_meta":{"origin":1455066,"position":0},"title":"Fuertes lluvias dejan sin electricidad a unas 660.000 viviendas en Sao Paulo, Brasil","author":"","date":"diciembre 20, 2024","format":false,"excerpt":"Las fuertes lluvias que este viernes cayeron sobre la regi\u00f3n metropolitana de Sao Paulo dejaron sin energ\u00eda el\u00e9ctrica a unas 660.000 viviendas, report\u00f3 Agencia Brasil.De ese total, el 35% de los hogares afectados corresponde a la ciudad de Pirapora do Bom Jesus, 27% a las ciudades de Mau\u00e1 e Itapecerica\u2026","rel":"","context":"In &quot;Noticias Nacionales&quot;","block_context":{"text":"Noticias Nacionales","link":"https:\/\/noticiasya.com\/el-valle\/categoria\/noticias-nacionales"},"img":{"alt_text":"","src":"","width":0,"height":0},"classes":[]},{"id":1456007,"url":"https:\/\/noticiasya.com\/el-valle\/2024\/11\/21\/cortes-energia-ciclon-bomba-fin-semana-nueva-tormenta-trax\/","url_meta":{"origin":1455066,"position":1},"title":"Cortes de energ\u00eda por el cicl\u00f3n bomba en EE.UU. podr\u00edan durar hasta el fin de semana, a medida que se avecina una nueva tormenta","author":"","date":"noviembre 21, 2024","format":false,"excerpt":"(CNN) \u2014 Algunas personas en el estado de Washington podr\u00edan quedarse sin electricidad hasta al menos el s\u00e1bado tras un cicl\u00f3n bomba hist\u00f3ricamente fuerte que azot\u00f3 el noroeste del Pac\u00edfico con r\u00e1fagas de viento con fuerza de hurac\u00e1n.M\u00e1s de 300.000 personas segu\u00edan sin electricidad en todo el estado este jueves\u2026","rel":"","context":"In &quot;Noticias Nacionales&quot;","block_context":{"text":"Noticias Nacionales","link":"https:\/\/noticiasya.com\/el-valle\/categoria\/noticias-nacionales"},"img":{"alt_text":"","src":"","width":0,"height":0},"classes":[]},{"id":1449625,"url":"https:\/\/noticiasya.com\/el-valle\/2024\/05\/21\/implacable-sistema-tormentoso-medio-oeste-vientos-tornados-trax\/","url_meta":{"origin":1455066,"position":2},"title":"Un implacable sistema tormentoso impactar\u00e1 el Medio Oeste de EE.UU. este martes","author":"","date":"mayo 21, 2024","format":false,"excerpt":"(CNN) -- Granizo destructivo, vientos y tornados fuertes podr\u00edan azotar comunidades en algunas partes del Medio Oeste este martes, a medida que tormentas implacables se abren camino a trav\u00e9s de Estados Unidos esta semana.\"Hoy es probable que se produzca un brote de tormentas el\u00e9ctricas severas, incluido el potencial de tornados\u2026","rel":"","context":"In &quot;Noticias Nacionales&quot;","block_context":{"text":"Noticias Nacionales","link":"https:\/\/noticiasya.com\/el-valle\/categoria\/noticias-nacionales"},"img":{"alt_text":"","src":"","width":0,"height":0},"classes":[]},{"id":1462426,"url":"https:\/\/noticiasya.com\/el-valle\/2025\/05\/16\/millones-eeuu-amenaza-fuertes-tornados-vientos-violentos-peligro-tormentas-trax\/","url_meta":{"origin":1455066,"position":3},"title":"Millones bajo amenaza de fuertes tornados y vientos violentos a medida que aumenta el peligro de tormentas en EE.UU.","author":"","date":"mayo 16, 2025","format":false,"excerpt":"Un d\u00eda incre\u00edblemente peligroso de tormentas severas, incluyendo posibles tornados poderosos y duraderos, as\u00ed como r\u00e1fagas de viento con fuerza de hurac\u00e1n, se avecina para la mitad oriental de Estados Unidos este viernes.La amenaza de tornados y vientos da\u00f1inos se est\u00e1 intensificando despu\u00e9s de que el mismo sistema ya produjera\u2026","rel":"","context":"In &quot;Noticias Nacionales&quot;","block_context":{"text":"Noticias Nacionales","link":"https:\/\/noticiasya.com\/el-valle\/categoria\/noticias-nacionales"},"img":{"alt_text":"","src":"","width":0,"height":0},"classes":[]},{"id":1452262,"url":"https:\/\/noticiasya.com\/el-valle\/2024\/08\/29\/japon-4-millones-personas-evacuar-tifon-shanshan-amenaza-hasta-metro-lluvia-trax\/","url_meta":{"origin":1455066,"position":4},"title":"Jap\u00f3n insta a 4 millones de personas a evacuar mientras el tif\u00f3n Shanshan amenaza el sur con hasta un metro de lluvia","author":"","date":"agosto 29, 2024","format":false,"excerpt":"(CNN) -- Se inst\u00f3 a evacuar a casi 4 millones de personas en el sur de Jap\u00f3n luego de que el tif\u00f3n Shanshan toc\u00f3 tierra este jueves, dejando a miles de residentes sin electricidad y azotando la isla de Kyushu con r\u00e1fagas de viento, lluvias torrenciales y peligrosas marejadas cicl\u00f3nicas.La\u2026","rel":"","context":"In &quot;Noticias Nacionales&quot;","block_context":{"text":"Noticias Nacionales","link":"https:\/\/noticiasya.com\/el-valle\/categoria\/noticias-nacionales"},"img":{"alt_text":"","src":"","width":0,"height":0},"classes":[]},{"id":1450734,"url":"https:\/\/noticiasya.com\/el-valle\/2024\/06\/27\/la-amenaza-de-tiempo-severo-clima-lluvias-tornados-trax\/","url_meta":{"origin":1455066,"position":5},"title":"M\u00e1s de 20 millones de personas bajo la amenaza de tiempo severo este jueves","author":"","date":"junio 27, 2024","format":false,"excerpt":"(CNN) -- Seg\u00fan el Centro de Predicci\u00f3n de Tormentas, m\u00e1s de 20 millones de personas est\u00e1n bajo amenaza de mal tiempo este jueves. El riesgo m\u00e1s alto, un nivel 3 de 5, se da en partes del este de Montana hasta porciones occidentales del norte y centro de las Llanuras\u2026","rel":"","context":"In &quot;Noticias Nacionales&quot;","block_context":{"text":"Noticias Nacionales","link":"https:\/\/noticiasya.com\/el-valle\/categoria\/noticias-nacionales"},"img":{"alt_text":"","src":"","width":0,"height":0},"classes":[]}],"jetpack_sharing_enabled":true,"_links":{"self":[{"href":"https:\/\/noticiasya.com\/el-valle\/wp-json\/wp\/v2\/posts\/1455066","targetHints":{"allow":["GET"]}}],"collection":[{"href":"https:\/\/noticiasya.com\/el-valle\/wp-json\/wp\/v2\/posts"}],"about":[{"href":"https:\/\/noticiasya.com\/el-valle\/wp-json\/wp\/v2\/types\/post"}],"replies":[{"embeddable":true,"href":"https:\/\/noticiasya.com\/el-valle\/wp-json\/wp\/v2\/comments?post=1455066"}],"version-history":[{"count":0,"href":"https:\/\/noticiasya.com\/el-valle\/wp-json\/wp\/v2\/posts\/1455066\/revisions"}],"wp:attachment":[{"href":"https:\/\/noticiasya.com\/el-valle\/wp-json\/wp\/v2\/media?parent=1455066"}],"wp:term":[{"taxonomy":"category","embeddable":true,"href":"https:\/\/noticiasya.com\/el-valle\/wp-json\/wp\/v2\/categories?post=1455066"},{"taxonomy":"post_tag","embeddable":true,"href":"https:\/\/noticiasya.com\/el-valle\/wp-json\/wp\/v2\/tags?post=1455066"}],"curies":[{"name":"wp","href":"https:\/\/api.w.org\/{rel}","templated":true}]}}