{"id":1455069,"date":"2024-10-13T15:03:49","date_gmt":"2024-10-13T22:03:49","guid":{"rendered":"https:\/\/noticiasya.com\/2024\/10\/13\/abierto-cerrado-feriado-pueblos-indigenas-trax\/"},"modified":"2024-10-13T15:03:49","modified_gmt":"2024-10-13T22:03:49","slug":"abierto-cerrado-feriado-pueblos-indigenas-trax","status":"publish","type":"post","link":"https:\/\/noticiasya.com\/el-valle\/2024\/10\/13\/abierto-cerrado-feriado-pueblos-indigenas-trax\/","title":{"rendered":"\u00bfQu\u00e9 est\u00e1 abierto y qu\u00e9 cerrado en EE.UU. por el feriado del D\u00eda de los Pueblos Ind\u00edgenas de 2024?"},"content":{"rendered":"<p>(CNN) \u2013\u2013 El segundo lunes de octubre, los estadounidenses celebrar\u00e1n el D\u00eda de los Pueblos Ind\u00edgenas, tambi\u00e9n conocido como &#171;Columbus Day&#187; en ingl\u00e9s.<\/p>\n<p>El D\u00eda de los Pueblos Ind\u00edgenas reconoce las contribuciones y el legado de quienes vivieron en el pa\u00eds mucho antes de que Crist\u00f3bal Col\u00f3n afirmara err\u00f3neamente haber descubierto Am\u00e9rica. El presidente Joe Biden reconoci\u00f3 formalmente el D\u00eda de los Pueblos Ind\u00edgenas en 2021 al firmar una proclamaci\u00f3n en la que afirmaba que las pol\u00edticas federales \u201cbuscaban sistem\u00e1ticamente asimilar y desplazar a los pueblos ind\u00edgenas y erradicar las culturas ind\u00edgenas\u201d.<\/p>\n<p>Nuevo estudio revela el misterio de hace siglos sobre los verdaderos or\u00edgenes de Crist\u00f3bal Col\u00f3n<\/p>\n<p>Algunos estados celebran oficialmente el D\u00eda de los Pueblos Ind\u00edgenas y otros lo conmemoran mediante proclamaciones. M\u00e1s de 100 ciudades sustituyeron el D\u00eda de Col\u00f3n por esta festividad.<\/p>\n<p>Muchos estudiantes de todo el pa\u00eds no tendr\u00e1n clases, aunque otros puede que tengan escuela con normalidad. Otros trabajadores de oficina tambi\u00e9n tendr\u00e1n el d\u00eda libre, pero para aquellos que todav\u00eda tengan recados que hacer, aqu\u00ed les contamos qu\u00e9 estar\u00e1 abierto y qu\u00e9 cerrado el lunes 14 de octubre.<\/p>\n<p>Bancos<\/p>\n<p>El lunes es feriado bancario para la Reserva Federal. Sin embargo, los mercados estar\u00e1n abiertos: el Nasdaq y la Bolsa de Valores de Nueva York cotizar\u00e1n.<\/p>\n<p>De los principales bancos de EE.UU., las sucursales de Bank of America, Wells Fargo y Citibank estar\u00e1n cerradas.<\/p>\n<p>Chase Bank y TD Bank estar\u00e1n abiertos durante el D\u00eda de los Pueblos Ind\u00edgenas.<\/p>\n<p>Como siempre, podr\u00e1s utilizar los servicios bancarios en l\u00ednea o cajeros autom\u00e1ticos.<\/p>\n<p>Correo<\/p>\n<p>El Servicio Postal de Estados Unidos estar\u00e1 cerrado y no entregar\u00e1 correo ni paquetes.<\/p>\n<p>Sin embargo, si necesitas enviar un correo, UPS y FedEx funcionar\u00e1n en su mayor\u00eda con normalidad. FedEx Express y FedEx Ground Economy tendr\u00e1n un servicio limitado. UPS funcionar\u00e1 con total normalidad.<\/p>\n<p>Comercios minoristas<\/p>\n<p>La mayor\u00eda de las grandes cadenas minoristas, como Target, Walmart y Kroger, estar\u00e1n abiertas. Aseg\u00farate de consultar con los comercios locales sus horarios de atenci\u00f3n.<\/p>\n<p>Instituciones gubernamentales<\/p>\n<p>Dado que es un feriado gubernamental, los edificios gubernamentales estar\u00e1n cerrados (por ejemplo, el Departamento de Veh\u00edculos Motorizados, bibliotecas, tribunales y oficinas).<\/p>\n<p>The-CNN-Wire<br \/>&trade; &amp; &copy; 2024 Cable News Network, Inc., a Warner Bros. Discovery Company. All rights reserved.<\/p>\n","protected":false},"excerpt":{"rendered":"<p>(CNN) \u2013\u2013 El segundo lunes de octubre, los estadounidenses celebrar\u00e1n el D\u00eda de los Pueblos Ind\u00edgenas, tambi\u00e9n conocido como &#171;Columbus Day&#187; en ingl\u00e9s. El D\u00eda de los Pueblos Ind\u00edgenas reconoce las contribuciones y el legado de quienes vivieron en el pa\u00eds mucho antes de que Crist\u00f3bal Col\u00f3n afirmara err\u00f3neamente haber descubierto Am\u00e9rica. El presidente Joe [&hellip;]<\/p>\n","protected":false},"author":0,"featured_media":0,"comment_status":"open","ping_status":"open","sticky":false,"template":"","format":"standard","meta":{"_jetpack_memberships_contains_paid_content":false,"footnotes":""},"categories":[10],"tags":[],"class_list":["post-1455069","post","type-post","status-publish","format-standard","hentry","category-noticias-nacionales","market-global"],"yoast_head":"<!-- This site is optimized with the Yoast SEO plugin v24.4 - https:\/\/yoast.com\/wordpress\/plugins\/seo\/ -->\n<title>\u00bfQu\u00e9 est\u00e1 abierto y qu\u00e9 cerrado en EE.UU. por el feriado del D\u00eda de los Pueblos Ind\u00edgenas de 2024? - Noticias<\/title>\n<meta name=\"robots\" content=\"index, follow, max-snippet:-1, max-image-preview:large, max-video-preview:-1\" \/>\n<link rel=\"canonical\" href=\"https:\/\/noticiasya.com\/2024\/10\/13\/abierto-cerrado-feriado-pueblos-indigenas-trax\/\" \/>\n<meta property=\"og:locale\" content=\"es_ES\" \/>\n<meta property=\"og:type\" content=\"article\" \/>\n<meta property=\"og:title\" content=\"\u00bfQu\u00e9 est\u00e1 abierto y qu\u00e9 cerrado en EE.UU. por el feriado del D\u00eda de los Pueblos Ind\u00edgenas de 2024? - Noticias\" \/>\n<meta property=\"og:description\" content=\"(CNN) \u2013\u2013 El segundo lunes de octubre, los estadounidenses celebrar\u00e1n el D\u00eda de los Pueblos Ind\u00edgenas, tambi\u00e9n conocido como &#171;Columbus Day&#187; en ingl\u00e9s. El D\u00eda de los Pueblos Ind\u00edgenas reconoce las contribuciones y el legado de quienes vivieron en el pa\u00eds mucho antes de que Crist\u00f3bal Col\u00f3n afirmara err\u00f3neamente haber descubierto Am\u00e9rica. El presidente Joe [&hellip;]\" \/>\n<meta property=\"og:url\" content=\"https:\/\/noticiasya.com\/2024\/10\/13\/abierto-cerrado-feriado-pueblos-indigenas-trax\/\" \/>\n<meta property=\"og:site_name\" content=\"Noticias\" \/>\n<meta property=\"article:published_time\" content=\"2024-10-13T22:03:49+00:00\" \/>\n<meta name=\"twitter:card\" content=\"summary_large_image\" \/>\n<meta name=\"twitter:label1\" content=\"Est. reading time\" \/>\n\t<meta name=\"twitter:data1\" content=\"2 minutos\" \/>\n<script type=\"application\/ld+json\" class=\"yoast-schema-graph\">{\"@context\":\"https:\/\/schema.org\",\"@graph\":[{\"@type\":\"Article\",\"@id\":\"https:\/\/noticiasya.com\/2024\/10\/13\/abierto-cerrado-feriado-pueblos-indigenas-trax\/#article\",\"isPartOf\":{\"@id\":\"https:\/\/noticiasya.com\/2024\/10\/13\/abierto-cerrado-feriado-pueblos-indigenas-trax\/\"},\"author\":{\"name\":\"\",\"@id\":\"\"},\"headline\":\"\u00bfQu\u00e9 est\u00e1 abierto y qu\u00e9 cerrado en EE.UU. por el feriado del D\u00eda de los Pueblos Ind\u00edgenas de 2024?\",\"datePublished\":\"2024-10-13T22:03:49+00:00\",\"mainEntityOfPage\":{\"@id\":\"https:\/\/noticiasya.com\/2024\/10\/13\/abierto-cerrado-feriado-pueblos-indigenas-trax\/\"},\"wordCount\":437,\"commentCount\":0,\"publisher\":{\"@id\":\"https:\/\/noticiasya.com\/#organization\"},\"articleSection\":[\"Noticias Nacionales\"],\"inLanguage\":\"es\",\"potentialAction\":[{\"@type\":\"CommentAction\",\"name\":\"Comment\",\"target\":[\"https:\/\/noticiasya.com\/2024\/10\/13\/abierto-cerrado-feriado-pueblos-indigenas-trax\/#respond\"]}]},{\"@type\":\"WebPage\",\"@id\":\"https:\/\/noticiasya.com\/2024\/10\/13\/abierto-cerrado-feriado-pueblos-indigenas-trax\/\",\"url\":\"https:\/\/noticiasya.com\/2024\/10\/13\/abierto-cerrado-feriado-pueblos-indigenas-trax\/\",\"name\":\"\u00bfQu\u00e9 est\u00e1 abierto y qu\u00e9 cerrado en EE.UU. por el feriado del D\u00eda de los Pueblos Ind\u00edgenas de 2024? - Noticias\",\"isPartOf\":{\"@id\":\"https:\/\/noticiasya.com\/#website\"},\"datePublished\":\"2024-10-13T22:03:49+00:00\",\"breadcrumb\":{\"@id\":\"https:\/\/noticiasya.com\/2024\/10\/13\/abierto-cerrado-feriado-pueblos-indigenas-trax\/#breadcrumb\"},\"inLanguage\":\"es\",\"potentialAction\":[{\"@type\":\"ReadAction\",\"target\":[\"https:\/\/noticiasya.com\/2024\/10\/13\/abierto-cerrado-feriado-pueblos-indigenas-trax\/\"]}]},{\"@type\":\"BreadcrumbList\",\"@id\":\"https:\/\/noticiasya.com\/2024\/10\/13\/abierto-cerrado-feriado-pueblos-indigenas-trax\/#breadcrumb\",\"itemListElement\":[{\"@type\":\"ListItem\",\"position\":1,\"name\":\"Home\",\"item\":\"https:\/\/noticiasya.com\/\"},{\"@type\":\"ListItem\",\"position\":2,\"name\":\"\u00bfQu\u00e9 est\u00e1 abierto y qu\u00e9 cerrado en EE.UU. por el feriado del D\u00eda de los Pueblos Ind\u00edgenas de 2024?\"}]},{\"@type\":\"WebSite\",\"@id\":\"https:\/\/noticiasya.com\/#website\",\"url\":\"https:\/\/noticiasya.com\/\",\"name\":\"Noticias\",\"description\":\"Lo que importa\",\"publisher\":{\"@id\":\"https:\/\/noticiasya.com\/#organization\"},\"potentialAction\":[{\"@type\":\"SearchAction\",\"target\":{\"@type\":\"EntryPoint\",\"urlTemplate\":\"https:\/\/noticiasya.com\/?s={search_term_string}\"},\"query-input\":{\"@type\":\"PropertyValueSpecification\",\"valueRequired\":true,\"valueName\":\"search_term_string\"}}],\"inLanguage\":\"es\"},{\"@type\":\"Organization\",\"@id\":\"https:\/\/noticiasya.com\/#organization\",\"name\":\"Noticias\",\"url\":\"https:\/\/noticiasya.com\/\",\"logo\":{\"@type\":\"ImageObject\",\"inLanguage\":\"es\",\"@id\":\"https:\/\/noticiasya.com\/#\/schema\/logo\/image\/\",\"url\":\"https:\/\/noticiasya.com\/wp-content\/uploads\/sites\/22\/2023\/12\/logo-nacional.png\",\"contentUrl\":\"https:\/\/noticiasya.com\/wp-content\/uploads\/sites\/22\/2023\/12\/logo-nacional.png\",\"width\":1801,\"height\":691,\"caption\":\"Noticias\"},\"image\":{\"@id\":\"https:\/\/noticiasya.com\/#\/schema\/logo\/image\/\"}}]}<\/script>\n<!-- \/ Yoast SEO plugin. -->","yoast_head_json":{"title":"\u00bfQu\u00e9 est\u00e1 abierto y qu\u00e9 cerrado en EE.UU. por el feriado del D\u00eda de los Pueblos Ind\u00edgenas de 2024? - Noticias","robots":{"index":"index","follow":"follow","max-snippet":"max-snippet:-1","max-image-preview":"max-image-preview:large","max-video-preview":"max-video-preview:-1"},"canonical":"https:\/\/noticiasya.com\/2024\/10\/13\/abierto-cerrado-feriado-pueblos-indigenas-trax\/","og_locale":"es_ES","og_type":"article","og_title":"\u00bfQu\u00e9 est\u00e1 abierto y qu\u00e9 cerrado en EE.UU. por el feriado del D\u00eda de los Pueblos Ind\u00edgenas de 2024? - Noticias","og_description":"(CNN) \u2013\u2013 El segundo lunes de octubre, los estadounidenses celebrar\u00e1n el D\u00eda de los Pueblos Ind\u00edgenas, tambi\u00e9n conocido como &#171;Columbus Day&#187; en ingl\u00e9s. El D\u00eda de los Pueblos Ind\u00edgenas reconoce las contribuciones y el legado de quienes vivieron en el pa\u00eds mucho antes de que Crist\u00f3bal Col\u00f3n afirmara err\u00f3neamente haber descubierto Am\u00e9rica. El presidente Joe [&hellip;]","og_url":"https:\/\/noticiasya.com\/2024\/10\/13\/abierto-cerrado-feriado-pueblos-indigenas-trax\/","og_site_name":"Noticias","article_published_time":"2024-10-13T22:03:49+00:00","twitter_card":"summary_large_image","twitter_misc":{"Est. reading time":"2 minutos"},"schema":{"@context":"https:\/\/schema.org","@graph":[{"@type":"Article","@id":"https:\/\/noticiasya.com\/2024\/10\/13\/abierto-cerrado-feriado-pueblos-indigenas-trax\/#article","isPartOf":{"@id":"https:\/\/noticiasya.com\/2024\/10\/13\/abierto-cerrado-feriado-pueblos-indigenas-trax\/"},"author":{"name":"","@id":""},"headline":"\u00bfQu\u00e9 est\u00e1 abierto y qu\u00e9 cerrado en EE.UU. por el feriado del D\u00eda de los Pueblos Ind\u00edgenas de 2024?","datePublished":"2024-10-13T22:03:49+00:00","mainEntityOfPage":{"@id":"https:\/\/noticiasya.com\/2024\/10\/13\/abierto-cerrado-feriado-pueblos-indigenas-trax\/"},"wordCount":437,"commentCount":0,"publisher":{"@id":"https:\/\/noticiasya.com\/#organization"},"articleSection":["Noticias Nacionales"],"inLanguage":"es","potentialAction":[{"@type":"CommentAction","name":"Comment","target":["https:\/\/noticiasya.com\/2024\/10\/13\/abierto-cerrado-feriado-pueblos-indigenas-trax\/#respond"]}]},{"@type":"WebPage","@id":"https:\/\/noticiasya.com\/2024\/10\/13\/abierto-cerrado-feriado-pueblos-indigenas-trax\/","url":"https:\/\/noticiasya.com\/2024\/10\/13\/abierto-cerrado-feriado-pueblos-indigenas-trax\/","name":"\u00bfQu\u00e9 est\u00e1 abierto y qu\u00e9 cerrado en EE.UU. por el feriado del D\u00eda de los Pueblos Ind\u00edgenas de 2024? - Noticias","isPartOf":{"@id":"https:\/\/noticiasya.com\/#website"},"datePublished":"2024-10-13T22:03:49+00:00","breadcrumb":{"@id":"https:\/\/noticiasya.com\/2024\/10\/13\/abierto-cerrado-feriado-pueblos-indigenas-trax\/#breadcrumb"},"inLanguage":"es","potentialAction":[{"@type":"ReadAction","target":["https:\/\/noticiasya.com\/2024\/10\/13\/abierto-cerrado-feriado-pueblos-indigenas-trax\/"]}]},{"@type":"BreadcrumbList","@id":"https:\/\/noticiasya.com\/2024\/10\/13\/abierto-cerrado-feriado-pueblos-indigenas-trax\/#breadcrumb","itemListElement":[{"@type":"ListItem","position":1,"name":"Home","item":"https:\/\/noticiasya.com\/"},{"@type":"ListItem","position":2,"name":"\u00bfQu\u00e9 est\u00e1 abierto y qu\u00e9 cerrado en EE.UU. por el feriado del D\u00eda de los Pueblos Ind\u00edgenas de 2024?"}]},{"@type":"WebSite","@id":"https:\/\/noticiasya.com\/#website","url":"https:\/\/noticiasya.com\/","name":"Noticias","description":"Lo que importa","publisher":{"@id":"https:\/\/noticiasya.com\/#organization"},"potentialAction":[{"@type":"SearchAction","target":{"@type":"EntryPoint","urlTemplate":"https:\/\/noticiasya.com\/?s={search_term_string}"},"query-input":{"@type":"PropertyValueSpecification","valueRequired":true,"valueName":"search_term_string"}}],"inLanguage":"es"},{"@type":"Organization","@id":"https:\/\/noticiasya.com\/#organization","name":"Noticias","url":"https:\/\/noticiasya.com\/","logo":{"@type":"ImageObject","inLanguage":"es","@id":"https:\/\/noticiasya.com\/#\/schema\/logo\/image\/","url":"https:\/\/noticiasya.com\/wp-content\/uploads\/sites\/22\/2023\/12\/logo-nacional.png","contentUrl":"https:\/\/noticiasya.com\/wp-content\/uploads\/sites\/22\/2023\/12\/logo-nacional.png","width":1801,"height":691,"caption":"Noticias"},"image":{"@id":"https:\/\/noticiasya.com\/#\/schema\/logo\/image\/"}}]}},"parsely":{"version":"1.1.0","canonical_url":"https:\/\/noticiasya.com\/el-valle\/2024\/10\/13\/abierto-cerrado-feriado-pueblos-indigenas-trax\/","smart_links":{"inbound":0,"outbound":0},"traffic_boost_suggestions_count":0,"meta":{"@context":"https:\/\/schema.org","@type":"NewsArticle","headline":"\u00bfQu\u00e9 est\u00e1 abierto y qu\u00e9 cerrado en EE.UU. por el feriado del D\u00eda de los Pueblos Ind\u00edgenas de 2024?","url":"http:\/\/noticiasya.com\/el-valle\/2024\/10\/13\/abierto-cerrado-feriado-pueblos-indigenas-trax\/","mainEntityOfPage":{"@type":"WebPage","@id":"http:\/\/noticiasya.com\/el-valle\/2024\/10\/13\/abierto-cerrado-feriado-pueblos-indigenas-trax\/"},"thumbnailUrl":"","image":{"@type":"ImageObject","url":""},"articleSection":"Noticias Nacionales","author":[],"creator":[],"publisher":{"@type":"Organization","name":"Noticias","logo":""},"keywords":[],"dateCreated":"2024-10-13T22:03:49Z","datePublished":"2024-10-13T22:03:49Z","dateModified":"2024-10-13T22:03:49Z"},"rendered":"<script type=\"application\/ld+json\" class=\"wp-parsely-metadata\">{\"@context\":\"https:\\\/\\\/schema.org\",\"@type\":\"NewsArticle\",\"headline\":\"\\u00bfQu\\u00e9 est\\u00e1 abierto y qu\\u00e9 cerrado en EE.UU. por el feriado del D\\u00eda de los Pueblos Ind\\u00edgenas de 2024?\",\"url\":\"http:\\\/\\\/noticiasya.com\\\/el-valle\\\/2024\\\/10\\\/13\\\/abierto-cerrado-feriado-pueblos-indigenas-trax\\\/\",\"mainEntityOfPage\":{\"@type\":\"WebPage\",\"@id\":\"http:\\\/\\\/noticiasya.com\\\/el-valle\\\/2024\\\/10\\\/13\\\/abierto-cerrado-feriado-pueblos-indigenas-trax\\\/\"},\"thumbnailUrl\":\"\",\"image\":{\"@type\":\"ImageObject\",\"url\":\"\"},\"articleSection\":\"Noticias Nacionales\",\"author\":[],\"creator\":[],\"publisher\":{\"@type\":\"Organization\",\"name\":\"Noticias\",\"logo\":\"\"},\"keywords\":[],\"dateCreated\":\"2024-10-13T22:03:49Z\",\"datePublished\":\"2024-10-13T22:03:49Z\",\"dateModified\":\"2024-10-13T22:03:49Z\"}<\/script>","tracker_url":"https:\/\/cdn.parsely.com\/keys\/noticiasya.com\/p.js"},"jetpack_featured_media_url":"","jetpack-related-posts":[{"id":1459913,"url":"https:\/\/noticiasya.com\/el-valle\/2025\/03\/13\/corte-idh-ecuador-derechos-pueblos-indigenas-orix\/","url_meta":{"origin":1455069,"position":0},"title":"Corte Interamericana de DD.HH. declar\u00f3 responsable al Estado ecuatoriano por violar derechos de pueblos ind\u00edgenas","author":"","date":"marzo 13, 2025","format":false,"excerpt":"La Corte Interamericana de Derechos Humanos \u2014con sede en Costa Rica\u2014 hizo p\u00fablica este jueves su sentencia en la que responsabiliza al Estado ecuatoriano por la violaci\u00f3n de distintos derechos de los pueblos ind\u00edgenas tagaeri y taromenane en aislamiento voluntario.La Corte Interamericana de Derechos Humanos \u2014con sede en Costa Rica\u2014\u2026","rel":"","context":"In &quot;Noticias Nacionales&quot;","block_context":{"text":"Noticias Nacionales","link":"https:\/\/noticiasya.com\/el-valle\/categoria\/noticias-nacionales"},"img":{"alt_text":"","src":"","width":0,"height":0},"classes":[]},{"id":1467332,"url":"https:\/\/noticiasya.com\/el-valle\/2025\/10\/13\/maduro-brigadas-indigenas-milicias-sudamericanos-efe\/","url_meta":{"origin":1455069,"position":1},"title":"&#171;Brigadas ind\u00edgenas&#187;: las nuevas milicias que quiere formar Maduro para defenderse","author":"","date":"octubre 13, 2025","format":false,"excerpt":"El presidente de Venezuela, Nicol\u00e1s Maduro, orden\u00f3 este domingo conformar \u201cbrigadas milicianas\u201d de pueblos ind\u00edgenas de Sudam\u00e9rica para que vayan al pa\u00eds a defenderlo \u201csi fuese necesario\u201d, ante la \u201camenaza\u201d que, insiste, representa el despliegue militar de Estados Unidos en aguas del mar Caribe cercanas a la naci\u00f3n sudamericana.El mandatario,\u2026","rel":"","context":"In &quot;Noticias Nacionales&quot;","block_context":{"text":"Noticias Nacionales","link":"https:\/\/noticiasya.com\/el-valle\/categoria\/noticias-nacionales"},"img":{"alt_text":"","src":"","width":0,"height":0},"classes":[]},{"id":1463154,"url":"https:\/\/noticiasya.com\/el-valle\/2025\/06\/03\/perfil-hugo-aguilar-ortiz-candidato-mixteco-suprema-corte-orix\/","url_meta":{"origin":1455069,"position":2},"title":"\u00bfQui\u00e9n es Hugo Aguilar Ortiz? El candidato mixteco que se perfila a presidir la Suprema Corte de M\u00e9xico","author":"","date":"junio 3, 2025","format":false,"excerpt":"En la recta final del conteo de votos de la elecci\u00f3n del Poder Judicial en M\u00e9xico, un abogado de origen mixteco se perfila para presidir la Suprema Corte de Justicia de la Naci\u00f3n (SCJN). Se trata de Hugo Aguilar Ortiz, quien est\u00e1 a la cabeza de la elecci\u00f3n de ministros\u2026","rel":"","context":"In &quot;Noticias Nacionales&quot;","block_context":{"text":"Noticias Nacionales","link":"https:\/\/noticiasya.com\/el-valle\/categoria\/noticias-nacionales"},"img":{"alt_text":"","src":"","width":0,"height":0},"classes":[]},{"id":1457023,"url":"https:\/\/noticiasya.com\/el-valle\/2024\/12\/27\/pueblos-temen-desalojos-derogacion-emergencia-territorial-indigena-orix\/","url_meta":{"origin":1455069,"position":3},"title":"Pueblos originarios de Argentina temen por desalojos tras la derogaci\u00f3n de la emergencia territorial ind\u00edgena en el pa\u00eds","author":"","date":"diciembre 27, 2024","format":false,"excerpt":"En medio de la ola de desregulaciones que lleva adelante el Gobierno de Javier Milei, algunas comunidades ind\u00edgenas de Argentina han expresado su preocupaci\u00f3n de que una nueva medida oficial deje desprotegidos a los pueblos originarios.El anuncio del decreto de necesidad y urgencia 1083\/24 firmado a comienzos de diciembre declar\u00f3\u2026","rel":"","context":"In &quot;Noticias Nacionales&quot;","block_context":{"text":"Noticias Nacionales","link":"https:\/\/noticiasya.com\/el-valle\/categoria\/noticias-nacionales"},"img":{"alt_text":"","src":"","width":0,"height":0},"classes":[]},{"id":1469088,"url":"https:\/\/noticiasya.com\/el-valle\/2025\/12\/08\/vaticano-devuelve-artefactos-sagrados-indigenas-canada-trax\/","url_meta":{"origin":1455069,"position":4},"title":"El Vaticano devuelve artefactos sagrados retenidos durante un siglo a sus due\u00f1os ind\u00edgenas en Canad\u00e1","author":"","date":"diciembre 8, 2025","format":false,"excerpt":"L\u00edderes ind\u00edgenas esperaban en la nevada pista del Aeropuerto Internacional Pierre Elliott Trudeau de Montreal el s\u00e1bado mientras la valiosa carga era descargada de un avi\u00f3n de Air Canada.Las cajas conten\u00edan m\u00e1s de 60 valiosos artefactos culturales, incluido un raro kayak inuit de piel de foca, que fueron tomados de\u2026","rel":"","context":"In &quot;Noticias Nacionales&quot;","block_context":{"text":"Noticias Nacionales","link":"https:\/\/noticiasya.com\/el-valle\/categoria\/noticias-nacionales"},"img":{"alt_text":"","src":"","width":0,"height":0},"classes":[]},{"id":1455053,"url":"https:\/\/noticiasya.com\/el-valle\/2024\/10\/12\/mitos-y-verdades-dia-de-la-raza-dia-de-la-hispanidad-orix\/","url_meta":{"origin":1455069,"position":5},"title":"12 mitos y verdades sobre el D\u00eda de la Raza o la fiesta del D\u00eda de la Hispanidad","author":"","date":"octubre 12, 2024","format":false,"excerpt":"(CNN Espa\u00f1ol) -- En octubre muchos pa\u00edses celebran una festividad similar, aunque no se pongan de acuerdo con el nombre. En Estados Unidos se celebra el segundo lunes\u00a0de octubre, y se conoce como el D\u00eda de Crist\u00f3bal Col\u00f3n. En Latinoam\u00e9rica se celebra el 12 del mes y se llama el\u2026","rel":"","context":"In &quot;Noticias Nacionales&quot;","block_context":{"text":"Noticias Nacionales","link":"https:\/\/noticiasya.com\/el-valle\/categoria\/noticias-nacionales"},"img":{"alt_text":"","src":"","width":0,"height":0},"classes":[]}],"jetpack_sharing_enabled":true,"_links":{"self":[{"href":"https:\/\/noticiasya.com\/el-valle\/wp-json\/wp\/v2\/posts\/1455069","targetHints":{"allow":["GET"]}}],"collection":[{"href":"https:\/\/noticiasya.com\/el-valle\/wp-json\/wp\/v2\/posts"}],"about":[{"href":"https:\/\/noticiasya.com\/el-valle\/wp-json\/wp\/v2\/types\/post"}],"replies":[{"embeddable":true,"href":"https:\/\/noticiasya.com\/el-valle\/wp-json\/wp\/v2\/comments?post=1455069"}],"version-history":[{"count":0,"href":"https:\/\/noticiasya.com\/el-valle\/wp-json\/wp\/v2\/posts\/1455069\/revisions"}],"wp:attachment":[{"href":"https:\/\/noticiasya.com\/el-valle\/wp-json\/wp\/v2\/media?parent=1455069"}],"wp:term":[{"taxonomy":"category","embeddable":true,"href":"https:\/\/noticiasya.com\/el-valle\/wp-json\/wp\/v2\/categories?post=1455069"},{"taxonomy":"post_tag","embeddable":true,"href":"https:\/\/noticiasya.com\/el-valle\/wp-json\/wp\/v2\/tags?post=1455069"}],"curies":[{"name":"wp","href":"https:\/\/api.w.org\/{rel}","templated":true}]}}