{"id":1455078,"date":"2024-10-14T07:03:46","date_gmt":"2024-10-14T14:03:46","guid":{"rendered":"https:\/\/noticiasya.com\/2024\/10\/14\/periodista-ucraniana-victoria-roshchyna-muere-detencion-rusa-kyiv-trax\/"},"modified":"2024-10-14T07:03:46","modified_gmt":"2024-10-14T14:03:46","slug":"periodista-ucraniana-victoria-roshchyna-muere-detencion-rusa-kyiv-trax","status":"publish","type":"post","link":"https:\/\/noticiasya.com\/el-valle\/2024\/10\/14\/periodista-ucraniana-victoria-roshchyna-muere-detencion-rusa-kyiv-trax\/","title":{"rendered":"La periodista ucraniana Victoria Roshchyna muri\u00f3 bajo detenci\u00f3n rusa, seg\u00fan Kyiv"},"content":{"rendered":"<p>(CNN) &#8212; La periodista ucraniana Victoria Roshchyna, quien desapareci\u00f3 en una zona ocupada de su pa\u00eds, muri\u00f3 bajo detenci\u00f3n rusa el mes pasado, informaron autoridades de Ucrania esta semana.<\/p>\n<p>Ahora puedes seguirnos en\u00a0WhatsApp Channel<\/p>\n<p>Roshchyna, de 27 a\u00f1os, desapareci\u00f3 en agosto del a\u00f1o pasado durante un viaje informativo a una zona de Ucrania ocupada por Rusia. Estuvo desaparecida durante meses, sin que sus seres queridos supieran qu\u00e9 le hab\u00eda ocurrido.<\/p>\n<p>Seg\u00fan la Fiscal\u00eda General de Ucrania, Mosc\u00fa no inform\u00f3 a la familia de Roshchyna de que hab\u00eda sido detenida en Rusia hasta abril, meses despu\u00e9s de su captura.<\/p>\n<p>Miles de ucranianos han sido enviados a prisiones rusas. Ucrania dice que est\u00e1n siendo retenidos como moneda de cambio<\/p>\n<p>&#171;Tengo documentaci\u00f3n oficial de la parte rusa que confirma la muerte de la periodista ucraniana Victoria Roshchyna, que fue privada ilegalmente de su libertad por Rusia&#187;, declar\u00f3 en un comunicado el comisionado de Derechos Humanos de Ucrania, Dmytro Lubinets.<\/p>\n<p>CNN pidi\u00f3 comentarios a las autoridades rusas, pero no obtuvo respuesta.<\/p>\n<p>Los colegas de Roshchyna dijeron que viaj\u00f3 al territorio controlado por Rusia \u2013una prueba peligrosa para cualquier ucraniano\u2013 para informar sobre la vida de las personas que viven bajo la ocupaci\u00f3n. Creen que la joven periodista fue asesinada por las autoridades rusas.<\/p>\n<p>&#171;Tenemos todas las razones para creer que su muerte fue el resultado de un asesinato deliberado o el resultado del cruel trato y la violencia a la que fue sometida durante su tiempo en cautiverio ruso&#187;, dijeron periodistas ucranianos y profesionales de los medios de comunicaci\u00f3n en una declaraci\u00f3n publicada en varios medios de Ucrania.<\/p>\n<p>El comunicado a\u00f1ade que Roshchyna gozaba de buena salud antes de su encarcelamiento de un a\u00f1o.<\/p>\n<p>Los colegas de Roshchyna se re\u00fanen en un acto en memoria de la periodista en Kyiv, el 11 de octubre de 2024. (Cr\u00e9dito: Anatolii Stepanov\/AFP\/Getty Images)<\/p>\n<p>La Fiscal\u00eda General de Ucrania declar\u00f3 que investiga su muerte como crimen de guerra combinado con homicidio premeditado.<\/p>\n<p>La periodista Evgeniya Motorevskaya, que trabaj\u00f3 con Roshchyna como antigua editora de Hromadske, un medio de comunicaci\u00f3n ucraniano, declar\u00f3 que la joven reportera estaba decidida a hacer su trabajo lo mejor posible.<\/p>\n<p>&#171;Para ella no hab\u00eda nada m\u00e1s importante que el periodismo. Vika siempre estaba donde se produc\u00edan los acontecimientos m\u00e1s importantes para el pa\u00eds. Y habr\u00eda seguido haci\u00e9ndolo durante muchos a\u00f1os, pero los rusos la mataron&#187;, declar\u00f3 en un comunicado publicado en el sitio web de Hromadske, refiri\u00e9ndose a Roshchyna por su diminutivo.<\/p>\n<p>Petro Yatsenko, portavoz del Centro Ucraniano de Coordinaci\u00f3n para el Tratamiento de los Prisioneros de Guerra, declar\u00f3 en un comunicado que unos 25 periodistas ucranianos permanec\u00edan en cautiverio ruso, y varios otros se consideran desaparecidos.<\/p>\n<p>Un colega de la periodista ucraniana Victoria Roshchyna sostiene una fotograf\u00eda suya durante un acto conmemorativo en Kyiv. (Cr\u00e9dito: Anatoloo Stepanov\/AFP\/Getty Images)<\/p>\n<p>El Gobierno de Ucrania afirma que miles de ucranianos han sido detenidos arbitrariamente en Rusia. Lubinets, comisionado de Derechos Humanos de Kyiv, dijo en julio que 14.000 civiles ucranianos estaban en cautiverio ruso, algunos de los cuales han estado retenidos desde 2014, cuando estall\u00f3 la guerra en el este de Ucrania y Rusia se anexion\u00f3 Crimea.<\/p>\n<p>Yatsenko dijo que, seg\u00fan las autoridades rusas, Roshchyna muri\u00f3 mientras era trasladado desde un centro de detenci\u00f3n en la ciudad meridional rusa de Taganrog a Mosc\u00fa. Dijo que el traslado era preparatorio para su liberaci\u00f3n como parte de un intercambio de prisioneros.<\/p>\n<p>&#171;Infortunadamente, no tuvimos tiempo suficiente&#187;, dijo en el comunicado.<\/p>\n<p>Tetyana Katrychenko, de Media Initiative for Human Rights, grupo ucraniano de defensa de los derechos humanos, afirm\u00f3 que el centro de detenci\u00f3n de Taganrog era conocido por el trato cruel que dispensaba a los detenidos, seg\u00fan una declaraci\u00f3n publicada en sus redes sociales.<\/p>\n<p>CNN inform\u00f3 anteriormente sobre la tortura generalizada de prisioneros ucranianos por parte de las autoridades rusas.<\/p>\n<p>&#171;Taganrog&#8230; es conocido como uno de los lugares de detenci\u00f3n m\u00e1s brutales para los ucranianos en la Federaci\u00f3n Rusa. Se le llama el infierno en la tierra&#187;, dijo Katrychenko, a\u00f1adiendo que Roshchyna estuvo detenida en Taganrog desde al menos mayo hasta septiembre de 2024. &#171;Estuvo recluida en r\u00e9gimen de aislamiento&#187;, a\u00f1adi\u00f3.<\/p>\n<p>Roshchyna fue galardonada con el Premio al Valor en el Periodismo 2022 por la Fundaci\u00f3n Internacional de Mujeres en los Medios de Comunicaci\u00f3n. Su trabajo ha aparecido en varios medios de comunicaci\u00f3n, como Ukrayinska Pravda, Hromadske y Radio Free Europe.<\/p>\n<p>The-CNN-Wire<br \/>&trade; &amp; &copy; 2024 Cable News Network, Inc., a Warner Bros. Discovery Company. All rights reserved.<\/p>\n","protected":false},"excerpt":{"rendered":"<p>(CNN) &#8212; La periodista ucraniana Victoria Roshchyna, quien desapareci\u00f3 en una zona ocupada de su pa\u00eds, muri\u00f3 bajo detenci\u00f3n rusa el mes pasado, informaron autoridades de Ucrania esta semana. Ahora puedes seguirnos en\u00a0WhatsApp Channel Roshchyna, de 27 a\u00f1os, desapareci\u00f3 en agosto del a\u00f1o pasado durante un viaje informativo a una zona de Ucrania ocupada por [&hellip;]<\/p>\n","protected":false},"author":0,"featured_media":0,"comment_status":"open","ping_status":"open","sticky":false,"template":"","format":"standard","meta":{"_jetpack_memberships_contains_paid_content":false,"footnotes":""},"categories":[10],"tags":[],"class_list":["post-1455078","post","type-post","status-publish","format-standard","hentry","category-noticias-nacionales","market-global"],"yoast_head":"<!-- This site is optimized with the Yoast SEO plugin v24.4 - https:\/\/yoast.com\/wordpress\/plugins\/seo\/ -->\n<title>La periodista ucraniana Victoria Roshchyna muri\u00f3 bajo detenci\u00f3n rusa, seg\u00fan Kyiv - Noticias<\/title>\n<meta name=\"robots\" content=\"index, follow, max-snippet:-1, max-image-preview:large, max-video-preview:-1\" \/>\n<link rel=\"canonical\" href=\"https:\/\/noticiasya.com\/2024\/10\/14\/periodista-ucraniana-victoria-roshchyna-muere-detencion-rusa-kyiv-trax\/\" \/>\n<meta property=\"og:locale\" content=\"es_ES\" \/>\n<meta property=\"og:type\" content=\"article\" \/>\n<meta property=\"og:title\" content=\"La periodista ucraniana Victoria Roshchyna muri\u00f3 bajo detenci\u00f3n rusa, seg\u00fan Kyiv - Noticias\" \/>\n<meta property=\"og:description\" content=\"(CNN) &#8212; La periodista ucraniana Victoria Roshchyna, quien desapareci\u00f3 en una zona ocupada de su pa\u00eds, muri\u00f3 bajo detenci\u00f3n rusa el mes pasado, informaron autoridades de Ucrania esta semana. Ahora puedes seguirnos en\u00a0WhatsApp Channel Roshchyna, de 27 a\u00f1os, desapareci\u00f3 en agosto del a\u00f1o pasado durante un viaje informativo a una zona de Ucrania ocupada por [&hellip;]\" \/>\n<meta property=\"og:url\" content=\"https:\/\/noticiasya.com\/2024\/10\/14\/periodista-ucraniana-victoria-roshchyna-muere-detencion-rusa-kyiv-trax\/\" \/>\n<meta property=\"og:site_name\" content=\"Noticias\" \/>\n<meta property=\"article:published_time\" content=\"2024-10-14T14:03:46+00:00\" \/>\n<meta name=\"twitter:card\" content=\"summary_large_image\" \/>\n<meta name=\"twitter:label1\" content=\"Est. reading time\" \/>\n\t<meta name=\"twitter:data1\" content=\"4 minutos\" \/>\n<script type=\"application\/ld+json\" class=\"yoast-schema-graph\">{\"@context\":\"https:\/\/schema.org\",\"@graph\":[{\"@type\":\"Article\",\"@id\":\"https:\/\/noticiasya.com\/2024\/10\/14\/periodista-ucraniana-victoria-roshchyna-muere-detencion-rusa-kyiv-trax\/#article\",\"isPartOf\":{\"@id\":\"https:\/\/noticiasya.com\/2024\/10\/14\/periodista-ucraniana-victoria-roshchyna-muere-detencion-rusa-kyiv-trax\/\"},\"author\":{\"name\":\"\",\"@id\":\"\"},\"headline\":\"La periodista ucraniana Victoria Roshchyna muri\u00f3 bajo detenci\u00f3n rusa, seg\u00fan Kyiv\",\"datePublished\":\"2024-10-14T14:03:46+00:00\",\"mainEntityOfPage\":{\"@id\":\"https:\/\/noticiasya.com\/2024\/10\/14\/periodista-ucraniana-victoria-roshchyna-muere-detencion-rusa-kyiv-trax\/\"},\"wordCount\":796,\"commentCount\":0,\"publisher\":{\"@id\":\"https:\/\/noticiasya.com\/#organization\"},\"articleSection\":[\"Noticias Nacionales\"],\"inLanguage\":\"es\",\"potentialAction\":[{\"@type\":\"CommentAction\",\"name\":\"Comment\",\"target\":[\"https:\/\/noticiasya.com\/2024\/10\/14\/periodista-ucraniana-victoria-roshchyna-muere-detencion-rusa-kyiv-trax\/#respond\"]}]},{\"@type\":\"WebPage\",\"@id\":\"https:\/\/noticiasya.com\/2024\/10\/14\/periodista-ucraniana-victoria-roshchyna-muere-detencion-rusa-kyiv-trax\/\",\"url\":\"https:\/\/noticiasya.com\/2024\/10\/14\/periodista-ucraniana-victoria-roshchyna-muere-detencion-rusa-kyiv-trax\/\",\"name\":\"La periodista ucraniana Victoria Roshchyna muri\u00f3 bajo detenci\u00f3n rusa, seg\u00fan Kyiv - Noticias\",\"isPartOf\":{\"@id\":\"https:\/\/noticiasya.com\/#website\"},\"datePublished\":\"2024-10-14T14:03:46+00:00\",\"breadcrumb\":{\"@id\":\"https:\/\/noticiasya.com\/2024\/10\/14\/periodista-ucraniana-victoria-roshchyna-muere-detencion-rusa-kyiv-trax\/#breadcrumb\"},\"inLanguage\":\"es\",\"potentialAction\":[{\"@type\":\"ReadAction\",\"target\":[\"https:\/\/noticiasya.com\/2024\/10\/14\/periodista-ucraniana-victoria-roshchyna-muere-detencion-rusa-kyiv-trax\/\"]}]},{\"@type\":\"BreadcrumbList\",\"@id\":\"https:\/\/noticiasya.com\/2024\/10\/14\/periodista-ucraniana-victoria-roshchyna-muere-detencion-rusa-kyiv-trax\/#breadcrumb\",\"itemListElement\":[{\"@type\":\"ListItem\",\"position\":1,\"name\":\"Home\",\"item\":\"https:\/\/noticiasya.com\/\"},{\"@type\":\"ListItem\",\"position\":2,\"name\":\"La periodista ucraniana Victoria Roshchyna muri\u00f3 bajo detenci\u00f3n rusa, seg\u00fan Kyiv\"}]},{\"@type\":\"WebSite\",\"@id\":\"https:\/\/noticiasya.com\/#website\",\"url\":\"https:\/\/noticiasya.com\/\",\"name\":\"Noticias\",\"description\":\"Lo que importa\",\"publisher\":{\"@id\":\"https:\/\/noticiasya.com\/#organization\"},\"potentialAction\":[{\"@type\":\"SearchAction\",\"target\":{\"@type\":\"EntryPoint\",\"urlTemplate\":\"https:\/\/noticiasya.com\/?s={search_term_string}\"},\"query-input\":{\"@type\":\"PropertyValueSpecification\",\"valueRequired\":true,\"valueName\":\"search_term_string\"}}],\"inLanguage\":\"es\"},{\"@type\":\"Organization\",\"@id\":\"https:\/\/noticiasya.com\/#organization\",\"name\":\"Noticias\",\"url\":\"https:\/\/noticiasya.com\/\",\"logo\":{\"@type\":\"ImageObject\",\"inLanguage\":\"es\",\"@id\":\"https:\/\/noticiasya.com\/#\/schema\/logo\/image\/\",\"url\":\"https:\/\/noticiasya.com\/wp-content\/uploads\/sites\/22\/2023\/12\/logo-nacional.png\",\"contentUrl\":\"https:\/\/noticiasya.com\/wp-content\/uploads\/sites\/22\/2023\/12\/logo-nacional.png\",\"width\":1801,\"height\":691,\"caption\":\"Noticias\"},\"image\":{\"@id\":\"https:\/\/noticiasya.com\/#\/schema\/logo\/image\/\"}}]}<\/script>\n<!-- \/ Yoast SEO plugin. -->","yoast_head_json":{"title":"La periodista ucraniana Victoria Roshchyna muri\u00f3 bajo detenci\u00f3n rusa, seg\u00fan Kyiv - Noticias","robots":{"index":"index","follow":"follow","max-snippet":"max-snippet:-1","max-image-preview":"max-image-preview:large","max-video-preview":"max-video-preview:-1"},"canonical":"https:\/\/noticiasya.com\/2024\/10\/14\/periodista-ucraniana-victoria-roshchyna-muere-detencion-rusa-kyiv-trax\/","og_locale":"es_ES","og_type":"article","og_title":"La periodista ucraniana Victoria Roshchyna muri\u00f3 bajo detenci\u00f3n rusa, seg\u00fan Kyiv - Noticias","og_description":"(CNN) &#8212; La periodista ucraniana Victoria Roshchyna, quien desapareci\u00f3 en una zona ocupada de su pa\u00eds, muri\u00f3 bajo detenci\u00f3n rusa el mes pasado, informaron autoridades de Ucrania esta semana. Ahora puedes seguirnos en\u00a0WhatsApp Channel Roshchyna, de 27 a\u00f1os, desapareci\u00f3 en agosto del a\u00f1o pasado durante un viaje informativo a una zona de Ucrania ocupada por [&hellip;]","og_url":"https:\/\/noticiasya.com\/2024\/10\/14\/periodista-ucraniana-victoria-roshchyna-muere-detencion-rusa-kyiv-trax\/","og_site_name":"Noticias","article_published_time":"2024-10-14T14:03:46+00:00","twitter_card":"summary_large_image","twitter_misc":{"Est. reading time":"4 minutos"},"schema":{"@context":"https:\/\/schema.org","@graph":[{"@type":"Article","@id":"https:\/\/noticiasya.com\/2024\/10\/14\/periodista-ucraniana-victoria-roshchyna-muere-detencion-rusa-kyiv-trax\/#article","isPartOf":{"@id":"https:\/\/noticiasya.com\/2024\/10\/14\/periodista-ucraniana-victoria-roshchyna-muere-detencion-rusa-kyiv-trax\/"},"author":{"name":"","@id":""},"headline":"La periodista ucraniana Victoria Roshchyna muri\u00f3 bajo detenci\u00f3n rusa, seg\u00fan Kyiv","datePublished":"2024-10-14T14:03:46+00:00","mainEntityOfPage":{"@id":"https:\/\/noticiasya.com\/2024\/10\/14\/periodista-ucraniana-victoria-roshchyna-muere-detencion-rusa-kyiv-trax\/"},"wordCount":796,"commentCount":0,"publisher":{"@id":"https:\/\/noticiasya.com\/#organization"},"articleSection":["Noticias Nacionales"],"inLanguage":"es","potentialAction":[{"@type":"CommentAction","name":"Comment","target":["https:\/\/noticiasya.com\/2024\/10\/14\/periodista-ucraniana-victoria-roshchyna-muere-detencion-rusa-kyiv-trax\/#respond"]}]},{"@type":"WebPage","@id":"https:\/\/noticiasya.com\/2024\/10\/14\/periodista-ucraniana-victoria-roshchyna-muere-detencion-rusa-kyiv-trax\/","url":"https:\/\/noticiasya.com\/2024\/10\/14\/periodista-ucraniana-victoria-roshchyna-muere-detencion-rusa-kyiv-trax\/","name":"La periodista ucraniana Victoria Roshchyna muri\u00f3 bajo detenci\u00f3n rusa, seg\u00fan Kyiv - Noticias","isPartOf":{"@id":"https:\/\/noticiasya.com\/#website"},"datePublished":"2024-10-14T14:03:46+00:00","breadcrumb":{"@id":"https:\/\/noticiasya.com\/2024\/10\/14\/periodista-ucraniana-victoria-roshchyna-muere-detencion-rusa-kyiv-trax\/#breadcrumb"},"inLanguage":"es","potentialAction":[{"@type":"ReadAction","target":["https:\/\/noticiasya.com\/2024\/10\/14\/periodista-ucraniana-victoria-roshchyna-muere-detencion-rusa-kyiv-trax\/"]}]},{"@type":"BreadcrumbList","@id":"https:\/\/noticiasya.com\/2024\/10\/14\/periodista-ucraniana-victoria-roshchyna-muere-detencion-rusa-kyiv-trax\/#breadcrumb","itemListElement":[{"@type":"ListItem","position":1,"name":"Home","item":"https:\/\/noticiasya.com\/"},{"@type":"ListItem","position":2,"name":"La periodista ucraniana Victoria Roshchyna muri\u00f3 bajo detenci\u00f3n rusa, seg\u00fan Kyiv"}]},{"@type":"WebSite","@id":"https:\/\/noticiasya.com\/#website","url":"https:\/\/noticiasya.com\/","name":"Noticias","description":"Lo que importa","publisher":{"@id":"https:\/\/noticiasya.com\/#organization"},"potentialAction":[{"@type":"SearchAction","target":{"@type":"EntryPoint","urlTemplate":"https:\/\/noticiasya.com\/?s={search_term_string}"},"query-input":{"@type":"PropertyValueSpecification","valueRequired":true,"valueName":"search_term_string"}}],"inLanguage":"es"},{"@type":"Organization","@id":"https:\/\/noticiasya.com\/#organization","name":"Noticias","url":"https:\/\/noticiasya.com\/","logo":{"@type":"ImageObject","inLanguage":"es","@id":"https:\/\/noticiasya.com\/#\/schema\/logo\/image\/","url":"https:\/\/noticiasya.com\/wp-content\/uploads\/sites\/22\/2023\/12\/logo-nacional.png","contentUrl":"https:\/\/noticiasya.com\/wp-content\/uploads\/sites\/22\/2023\/12\/logo-nacional.png","width":1801,"height":691,"caption":"Noticias"},"image":{"@id":"https:\/\/noticiasya.com\/#\/schema\/logo\/image\/"}}]}},"parsely":{"version":"1.1.0","canonical_url":"https:\/\/noticiasya.com\/el-valle\/2024\/10\/14\/periodista-ucraniana-victoria-roshchyna-muere-detencion-rusa-kyiv-trax\/","smart_links":{"inbound":0,"outbound":0},"traffic_boost_suggestions_count":0,"meta":{"@context":"https:\/\/schema.org","@type":"NewsArticle","headline":"La periodista ucraniana Victoria Roshchyna muri\u00f3 bajo detenci\u00f3n rusa, seg\u00fan Kyiv","url":"http:\/\/noticiasya.com\/el-valle\/2024\/10\/14\/periodista-ucraniana-victoria-roshchyna-muere-detencion-rusa-kyiv-trax\/","mainEntityOfPage":{"@type":"WebPage","@id":"http:\/\/noticiasya.com\/el-valle\/2024\/10\/14\/periodista-ucraniana-victoria-roshchyna-muere-detencion-rusa-kyiv-trax\/"},"thumbnailUrl":"","image":{"@type":"ImageObject","url":""},"articleSection":"Noticias Nacionales","author":[],"creator":[],"publisher":{"@type":"Organization","name":"Noticias","logo":""},"keywords":[],"dateCreated":"2024-10-14T14:03:46Z","datePublished":"2024-10-14T14:03:46Z","dateModified":"2024-10-14T14:03:46Z"},"rendered":"<script type=\"application\/ld+json\" class=\"wp-parsely-metadata\">{\"@context\":\"https:\\\/\\\/schema.org\",\"@type\":\"NewsArticle\",\"headline\":\"La periodista ucraniana Victoria Roshchyna muri\\u00f3 bajo detenci\\u00f3n rusa, seg\\u00fan Kyiv\",\"url\":\"http:\\\/\\\/noticiasya.com\\\/el-valle\\\/2024\\\/10\\\/14\\\/periodista-ucraniana-victoria-roshchyna-muere-detencion-rusa-kyiv-trax\\\/\",\"mainEntityOfPage\":{\"@type\":\"WebPage\",\"@id\":\"http:\\\/\\\/noticiasya.com\\\/el-valle\\\/2024\\\/10\\\/14\\\/periodista-ucraniana-victoria-roshchyna-muere-detencion-rusa-kyiv-trax\\\/\"},\"thumbnailUrl\":\"\",\"image\":{\"@type\":\"ImageObject\",\"url\":\"\"},\"articleSection\":\"Noticias Nacionales\",\"author\":[],\"creator\":[],\"publisher\":{\"@type\":\"Organization\",\"name\":\"Noticias\",\"logo\":\"\"},\"keywords\":[],\"dateCreated\":\"2024-10-14T14:03:46Z\",\"datePublished\":\"2024-10-14T14:03:46Z\",\"dateModified\":\"2024-10-14T14:03:46Z\"}<\/script>","tracker_url":"https:\/\/cdn.parsely.com\/keys\/noticiasya.com\/p.js"},"jetpack_featured_media_url":"","jetpack-related-posts":[{"id":1464174,"url":"https:\/\/noticiasya.com\/el-valle\/2025\/07\/03\/ucrania-mata-general-asesinado-trax\/","url_meta":{"origin":1455078,"position":0},"title":"Ucrania mata a uno de los oficiales rusos de mayor rango en el conflicto","author":"","date":"julio 3, 2025","format":false,"excerpt":"El subjefe de la Armada rusa fue asesinado por Ucrania en la regi\u00f3n rusa de Kursk, seg\u00fan inform\u00f3 este jueves Oleg Kozhemyako, gobernador de la regi\u00f3n de Primorsky, en el extremo oriental de Rusia.El mayor general de la Guardia Mija\u00edl Gudkov, subcomandante en jefe de la Armada rusa, quien tambi\u00e9n\u2026","rel":"","context":"In &quot;Noticias Nacionales&quot;","block_context":{"text":"Noticias Nacionales","link":"https:\/\/noticiasya.com\/el-valle\/categoria\/noticias-nacionales"},"img":{"alt_text":"","src":"","width":0,"height":0},"classes":[]},{"id":1450574,"url":"https:\/\/noticiasya.com\/el-valle\/2024\/06\/21\/ucrania-ataque-drones-rusia-guerra-trax\/","url_meta":{"origin":1455078,"position":1},"title":"Ucrania lanza un ataque &#171;masivo&#187; con drones contra el sur de la regi\u00f3n rusa de Krasnodar y la Crimea ocupada &#8211; oficiales rusos","author":"","date":"junio 21, 2024","format":false,"excerpt":"(CNN) -- Rusia dijo que Ucrania lanz\u00f3 un ataque \"masivo con drones\" sobre su regi\u00f3n meridional de Krasnodar y la Crimea ocupada por Rusia durante la madrugada de este viernes, y mat\u00f3 al menos a una persona, seg\u00fan funcionarios rusos.Los sistemas de defensa antia\u00e9rea de Rusia interceptaron y destruyeron 43\u2026","rel":"","context":"In &quot;Noticias Nacionales&quot;","block_context":{"text":"Noticias Nacionales","link":"https:\/\/noticiasya.com\/el-valle\/categoria\/noticias-nacionales"},"img":{"alt_text":"","src":"","width":0,"height":0},"classes":[]},{"id":1447047,"url":"https:\/\/noticiasya.com\/el-valle\/2024\/03\/16\/ucrania-llamamiento-a-ciudadanos-bajo-ocupacion-rusa-ignoren-pseudo-elecciones-de-putin-trax\/","url_meta":{"origin":1455078,"position":2},"title":"Ucrania hace un llamamiento a los ciudadanos bajo ocupaci\u00f3n rusa para que ignoren las &#8216;pseudo elecciones&#8217; de Putin","author":"","date":"marzo 16, 2024","format":false,"excerpt":"(CNN) -- El gobierno de Ucrania inst\u00f3 a los ciudadanos que viven en territorios ocupados por Rusia a dar la espalda a lo que llaman las pseudo-elecciones de Mosc\u00fa, que culminan este domingo y se asume ampliamente que ver\u00e1n a Vladimir Putin regresar como presidente por seis a\u00f1os m\u00e1s.Para Kiev\u2026","rel":"","context":"In &quot;Noticias Nacionales&quot;","block_context":{"text":"Noticias Nacionales","link":"https:\/\/noticiasya.com\/el-valle\/categoria\/noticias-nacionales"},"img":{"alt_text":"","src":"","width":0,"height":0},"classes":[]},{"id":1448936,"url":"https:\/\/noticiasya.com\/el-valle\/2024\/05\/06\/ucranianos-enviados-prisiones-rusas-trax\/","url_meta":{"origin":1455078,"position":3},"title":"Miles de ucranianos han sido enviados a prisiones rusas. Ucrania dice que est\u00e1n siendo retenidos como moneda de cambio","author":"","date":"mayo 6, 2024","format":false,"excerpt":"Kyiv, Ucrania (CNNI -- \"Queridos mam\u00e1 y pap\u00e1, estoy vivo y bien. Estoy bien, Dima\".Escrito a mano en un peque\u00f1o trozo de papel, este es el \u00fanico mensaje que Halyna y Vasyl Khyliuk han recibido de su hijo Dmytro Khyliuk, conocido como Dima, desde que fue capturado por soldados rusos\u2026","rel":"","context":"In &quot;Noticias Nacionales&quot;","block_context":{"text":"Noticias Nacionales","link":"https:\/\/noticiasya.com\/el-valle\/categoria\/noticias-nacionales"},"img":{"alt_text":"","src":"","width":0,"height":0},"classes":[]},{"id":1445834,"url":"https:\/\/noticiasya.com\/el-valle\/2024\/02\/21\/piloto-ruso-espana-kuzminov-deserto-muerto-ucrania-trax\/","url_meta":{"origin":1455078,"position":4},"title":"Muere en Espa\u00f1a el piloto ruso que desert\u00f3 ante Ucrania en septiembre pasado, seg\u00fan la Direcci\u00f3n de Inteligencia de Defensa de Ucrania","author":"","date":"febrero 21, 2024","format":false,"excerpt":"(CNN) -- Muri\u00f3 el piloto de helic\u00f3ptero ruso Maxim Kuzminov, que desert\u00f3 en Ucrania en septiembre pasado en lo que fue una operaci\u00f3n dram\u00e1tica, le dijo a CNN la Direcci\u00f3n de Inteligencia de Defensa (GUR) de Ucrania.La noticia llega despu\u00e9s de que la Guardia Civil espa\u00f1ola en la provincia de\u2026","rel":"","context":"In &quot;Noticias Nacionales&quot;","block_context":{"text":"Noticias Nacionales","link":"https:\/\/noticiasya.com\/el-valle\/categoria\/noticias-nacionales"},"img":{"alt_text":"","src":"","width":0,"height":0},"classes":[]},{"id":1472441,"url":"https:\/\/noticiasya.com\/el-valle\/2026\/03\/22\/ferrocarril-subterraneo-ucrania-ninos-rusia-trax\/","url_meta":{"origin":1455078,"position":5},"title":"Dentro del &#171;ferrocarril subterr\u00e1neo&#187; que Ucrania est\u00e1 usando para traer de vuelta a ni\u00f1os desde Rusia","author":"","date":"marzo 22, 2026","format":false,"excerpt":"Rostyslav Lavrov sab\u00eda que ten\u00eda que escapar. Estaba atrapado en una academia naval rusa en la Crimea ocupada, adonde fue enviado a los 16 a\u00f1os despu\u00e9s de que las fuerzas de Mosc\u00fa tomaran el control de su ciudad natal en la regi\u00f3n ucraniana de Jers\u00f3n. La escuela incluso hab\u00eda intentado\u2026","rel":"","context":"In &quot;Noticias Nacionales&quot;","block_context":{"text":"Noticias Nacionales","link":"https:\/\/noticiasya.com\/el-valle\/categoria\/noticias-nacionales"},"img":{"alt_text":"","src":"","width":0,"height":0},"classes":[]}],"jetpack_sharing_enabled":true,"_links":{"self":[{"href":"https:\/\/noticiasya.com\/el-valle\/wp-json\/wp\/v2\/posts\/1455078","targetHints":{"allow":["GET"]}}],"collection":[{"href":"https:\/\/noticiasya.com\/el-valle\/wp-json\/wp\/v2\/posts"}],"about":[{"href":"https:\/\/noticiasya.com\/el-valle\/wp-json\/wp\/v2\/types\/post"}],"replies":[{"embeddable":true,"href":"https:\/\/noticiasya.com\/el-valle\/wp-json\/wp\/v2\/comments?post=1455078"}],"version-history":[{"count":0,"href":"https:\/\/noticiasya.com\/el-valle\/wp-json\/wp\/v2\/posts\/1455078\/revisions"}],"wp:attachment":[{"href":"https:\/\/noticiasya.com\/el-valle\/wp-json\/wp\/v2\/media?parent=1455078"}],"wp:term":[{"taxonomy":"category","embeddable":true,"href":"https:\/\/noticiasya.com\/el-valle\/wp-json\/wp\/v2\/categories?post=1455078"},{"taxonomy":"post_tag","embeddable":true,"href":"https:\/\/noticiasya.com\/el-valle\/wp-json\/wp\/v2\/tags?post=1455078"}],"curies":[{"name":"wp","href":"https:\/\/api.w.org\/{rel}","templated":true}]}}