{"id":1455089,"date":"2024-10-14T14:03:47","date_gmt":"2024-10-14T21:03:47","guid":{"rendered":"https:\/\/noticiasya.com\/2024\/10\/14\/desierto-del-sahara-inundo-primera-vez-trax\/"},"modified":"2024-10-14T14:03:47","modified_gmt":"2024-10-14T21:03:47","slug":"desierto-del-sahara-inundo-primera-vez-trax","status":"publish","type":"post","link":"https:\/\/noticiasya.com\/el-valle\/2024\/10\/14\/desierto-del-sahara-inundo-primera-vez-trax\/","title":{"rendered":"El desierto del Sahara se inund\u00f3 por primera vez en d\u00e9cadas. As\u00ed luce"},"content":{"rendered":"<p>(CNN) &#8212; Las impactantes im\u00e1genes del desierto del Sahara muestran grandes lagos tallados en ondulantes dunas de arena despu\u00e9s de que uno de los lugares m\u00e1s \u00e1ridos y est\u00e9riles del mundo sufriera sus primeras inundaciones en d\u00e9cadas.<\/p>\n<p>El Sahara s\u00ed recibe lluvia, pero por lo general solo unos pocos cent\u00edmetros al a\u00f1o y rara vez a finales del verano boreal. Sin embargo, durante dos d\u00edas de septiembre, cay\u00f3 una lluvia intensa en partes del desierto en el sureste de Marruecos, despu\u00e9s de que un sistema de baja presi\u00f3n avanzara por el noroeste del Sahara.<\/p>\n<p>Los datos satelitales preliminares de la NASA mostraron casi 20 cent\u00edmetros de lluvia en algunas partes de la regi\u00f3n.<\/p>\n<p>Errachidia, una ciudad des\u00e9rtica en el sureste de Marruecos, registr\u00f3 casi 7 cent\u00edmetros de lluvia, la mayor cantidad en solo dos d\u00edas el mes pasado. Eso es m\u00e1s de cuatro veces la lluvia normal para todo el mes de septiembre y equivale a m\u00e1s de medio a\u00f1o para esta zona.<\/p>\n<p>Un inusual cambio en el clima ha pintado de verde el desierto del Sahara<\/p>\n<p>&#171;Han pasado entre 30 y 50 a\u00f1os desde que tuvimos tanta lluvia en tan poco tiempo&#187;, dijo Houssine Youabeb, de la agencia meteorol\u00f3gica de Marruecos, a AP la semana pasada.<\/p>\n<p>A medida que la lluvia ca\u00eda sobre el terreno des\u00e9rtico, creaba un nuevo paisaje acu\u00e1tico entre las palmeras y la flora arbustiva.<\/p>\n<p>Algunas de las im\u00e1genes m\u00e1s notables son las de la ciudad des\u00e9rtica de Merzouga, donde el raro diluvio excav\u00f3 nuevos lagos en las dunas de arena.<\/p>\n<p>Una vista de los lagos causados \u200b\u200bpor las fuertes lluvias entre las dunas de arena en la ciudad des\u00e9rtica de Merzouga, cerca de Rachidia, sureste de Marruecos, el 2 de octubre de 2024. (AP)<\/p>\n<p>Edificios a lo largo de un lago inundado por las fuertes lluvias en la ciudad des\u00e9rtica de Merzouga el 2 de octubre de 2024. (AP)<\/p>\n<p>Los reflejos de las palmeras de la ciudad ahora brillan sobre la extensi\u00f3n de una nueva laguna enmarcada por empinadas dunas de arena.<\/p>\n<p>La lluvia tambi\u00e9n llen\u00f3 lagos que normalmente est\u00e1n secos, como uno en el Parque Nacional de Iriqui, el parque nacional m\u00e1s grande de Marruecos. Las im\u00e1genes satelitales de la NASA de la regi\u00f3n, que utilizan colores falsos para resaltar mejor las aguas de la inundaci\u00f3n, muestran lagos reci\u00e9n formados en franjas del noroeste del Sahara.<\/p>\n<p>Aunque gran parte de la lluvia cay\u00f3 en zonas remotas escasamente pobladas, otra parte cay\u00f3 en pueblos y ciudades de Marruecos, lo que caus\u00f3 inundaciones mortales el mes pasado en las que murieron m\u00e1s de una docena de personas.<\/p>\n<p>El Sahara es el desierto no polar m\u00e1s grande del mundo, con una extensi\u00f3n de 9,2 millones de kil\u00f3metros cuadrados. Las im\u00e1genes satelitales de septiembre mostraron enormes franjas del desierto cubiertas de verde a medida que las tormentas avanzaban m\u00e1s al norte de lo habitual, un fen\u00f3meno que algunos estudios han vinculado al cambio clim\u00e1tico causado por el hombre.<\/p>\n<p>Seg\u00fan una investigaci\u00f3n reciente, podr\u00edan esperarse m\u00e1s eventos de lluvias extremas en el Sahara en el futuro, a medida que la contaminaci\u00f3n por combustibles f\u00f3siles contin\u00faa calentando el planeta y alterando el ciclo del agua.<\/p>\n<p>Brandon Miller de CNN contribuy\u00f3 a este informe.<\/p>\n<p>The-CNN-Wire<br \/>&trade; &amp; &copy; 2024 Cable News Network, Inc., a Warner Bros. Discovery Company. All rights reserved.<\/p>\n","protected":false},"excerpt":{"rendered":"<p>(CNN) &#8212; Las impactantes im\u00e1genes del desierto del Sahara muestran grandes lagos tallados en ondulantes dunas de arena despu\u00e9s de que uno de los lugares m\u00e1s \u00e1ridos y est\u00e9riles del mundo sufriera sus primeras inundaciones en d\u00e9cadas. El Sahara s\u00ed recibe lluvia, pero por lo general solo unos pocos cent\u00edmetros al a\u00f1o y rara vez [&hellip;]<\/p>\n","protected":false},"author":0,"featured_media":0,"comment_status":"open","ping_status":"open","sticky":false,"template":"","format":"standard","meta":{"_jetpack_memberships_contains_paid_content":false,"footnotes":""},"categories":[10],"tags":[],"class_list":["post-1455089","post","type-post","status-publish","format-standard","hentry","category-noticias-nacionales","market-global"],"yoast_head":"<!-- This site is optimized with the Yoast SEO plugin v24.4 - https:\/\/yoast.com\/wordpress\/plugins\/seo\/ -->\n<title>El desierto del Sahara se inund\u00f3 por primera vez en d\u00e9cadas. As\u00ed luce - Noticias<\/title>\n<meta name=\"robots\" content=\"index, follow, max-snippet:-1, max-image-preview:large, max-video-preview:-1\" \/>\n<link rel=\"canonical\" href=\"https:\/\/noticiasya.com\/2024\/10\/14\/desierto-del-sahara-inundo-primera-vez-trax\/\" \/>\n<meta property=\"og:locale\" content=\"es_ES\" \/>\n<meta property=\"og:type\" content=\"article\" \/>\n<meta property=\"og:title\" content=\"El desierto del Sahara se inund\u00f3 por primera vez en d\u00e9cadas. As\u00ed luce - Noticias\" \/>\n<meta property=\"og:description\" content=\"(CNN) &#8212; Las impactantes im\u00e1genes del desierto del Sahara muestran grandes lagos tallados en ondulantes dunas de arena despu\u00e9s de que uno de los lugares m\u00e1s \u00e1ridos y est\u00e9riles del mundo sufriera sus primeras inundaciones en d\u00e9cadas. El Sahara s\u00ed recibe lluvia, pero por lo general solo unos pocos cent\u00edmetros al a\u00f1o y rara vez [&hellip;]\" \/>\n<meta property=\"og:url\" content=\"https:\/\/noticiasya.com\/2024\/10\/14\/desierto-del-sahara-inundo-primera-vez-trax\/\" \/>\n<meta property=\"og:site_name\" content=\"Noticias\" \/>\n<meta property=\"article:published_time\" content=\"2024-10-14T21:03:47+00:00\" \/>\n<meta name=\"twitter:card\" content=\"summary_large_image\" \/>\n<meta name=\"twitter:label1\" content=\"Est. reading time\" \/>\n\t<meta name=\"twitter:data1\" content=\"3 minutos\" \/>\n<script type=\"application\/ld+json\" class=\"yoast-schema-graph\">{\"@context\":\"https:\/\/schema.org\",\"@graph\":[{\"@type\":\"Article\",\"@id\":\"https:\/\/noticiasya.com\/2024\/10\/14\/desierto-del-sahara-inundo-primera-vez-trax\/#article\",\"isPartOf\":{\"@id\":\"https:\/\/noticiasya.com\/2024\/10\/14\/desierto-del-sahara-inundo-primera-vez-trax\/\"},\"author\":{\"name\":\"\",\"@id\":\"\"},\"headline\":\"El desierto del Sahara se inund\u00f3 por primera vez en d\u00e9cadas. As\u00ed luce\",\"datePublished\":\"2024-10-14T21:03:47+00:00\",\"mainEntityOfPage\":{\"@id\":\"https:\/\/noticiasya.com\/2024\/10\/14\/desierto-del-sahara-inundo-primera-vez-trax\/\"},\"wordCount\":605,\"commentCount\":0,\"publisher\":{\"@id\":\"https:\/\/noticiasya.com\/#organization\"},\"articleSection\":[\"Noticias Nacionales\"],\"inLanguage\":\"es\",\"potentialAction\":[{\"@type\":\"CommentAction\",\"name\":\"Comment\",\"target\":[\"https:\/\/noticiasya.com\/2024\/10\/14\/desierto-del-sahara-inundo-primera-vez-trax\/#respond\"]}]},{\"@type\":\"WebPage\",\"@id\":\"https:\/\/noticiasya.com\/2024\/10\/14\/desierto-del-sahara-inundo-primera-vez-trax\/\",\"url\":\"https:\/\/noticiasya.com\/2024\/10\/14\/desierto-del-sahara-inundo-primera-vez-trax\/\",\"name\":\"El desierto del Sahara se inund\u00f3 por primera vez en d\u00e9cadas. As\u00ed luce - Noticias\",\"isPartOf\":{\"@id\":\"https:\/\/noticiasya.com\/#website\"},\"datePublished\":\"2024-10-14T21:03:47+00:00\",\"breadcrumb\":{\"@id\":\"https:\/\/noticiasya.com\/2024\/10\/14\/desierto-del-sahara-inundo-primera-vez-trax\/#breadcrumb\"},\"inLanguage\":\"es\",\"potentialAction\":[{\"@type\":\"ReadAction\",\"target\":[\"https:\/\/noticiasya.com\/2024\/10\/14\/desierto-del-sahara-inundo-primera-vez-trax\/\"]}]},{\"@type\":\"BreadcrumbList\",\"@id\":\"https:\/\/noticiasya.com\/2024\/10\/14\/desierto-del-sahara-inundo-primera-vez-trax\/#breadcrumb\",\"itemListElement\":[{\"@type\":\"ListItem\",\"position\":1,\"name\":\"Home\",\"item\":\"https:\/\/noticiasya.com\/\"},{\"@type\":\"ListItem\",\"position\":2,\"name\":\"El desierto del Sahara se inund\u00f3 por primera vez en d\u00e9cadas. As\u00ed luce\"}]},{\"@type\":\"WebSite\",\"@id\":\"https:\/\/noticiasya.com\/#website\",\"url\":\"https:\/\/noticiasya.com\/\",\"name\":\"Noticias\",\"description\":\"Lo que importa\",\"publisher\":{\"@id\":\"https:\/\/noticiasya.com\/#organization\"},\"potentialAction\":[{\"@type\":\"SearchAction\",\"target\":{\"@type\":\"EntryPoint\",\"urlTemplate\":\"https:\/\/noticiasya.com\/?s={search_term_string}\"},\"query-input\":{\"@type\":\"PropertyValueSpecification\",\"valueRequired\":true,\"valueName\":\"search_term_string\"}}],\"inLanguage\":\"es\"},{\"@type\":\"Organization\",\"@id\":\"https:\/\/noticiasya.com\/#organization\",\"name\":\"Noticias\",\"url\":\"https:\/\/noticiasya.com\/\",\"logo\":{\"@type\":\"ImageObject\",\"inLanguage\":\"es\",\"@id\":\"https:\/\/noticiasya.com\/#\/schema\/logo\/image\/\",\"url\":\"https:\/\/noticiasya.com\/wp-content\/uploads\/sites\/22\/2023\/12\/logo-nacional.png\",\"contentUrl\":\"https:\/\/noticiasya.com\/wp-content\/uploads\/sites\/22\/2023\/12\/logo-nacional.png\",\"width\":1801,\"height\":691,\"caption\":\"Noticias\"},\"image\":{\"@id\":\"https:\/\/noticiasya.com\/#\/schema\/logo\/image\/\"}}]}<\/script>\n<!-- \/ Yoast SEO plugin. -->","yoast_head_json":{"title":"El desierto del Sahara se inund\u00f3 por primera vez en d\u00e9cadas. As\u00ed luce - Noticias","robots":{"index":"index","follow":"follow","max-snippet":"max-snippet:-1","max-image-preview":"max-image-preview:large","max-video-preview":"max-video-preview:-1"},"canonical":"https:\/\/noticiasya.com\/2024\/10\/14\/desierto-del-sahara-inundo-primera-vez-trax\/","og_locale":"es_ES","og_type":"article","og_title":"El desierto del Sahara se inund\u00f3 por primera vez en d\u00e9cadas. As\u00ed luce - Noticias","og_description":"(CNN) &#8212; Las impactantes im\u00e1genes del desierto del Sahara muestran grandes lagos tallados en ondulantes dunas de arena despu\u00e9s de que uno de los lugares m\u00e1s \u00e1ridos y est\u00e9riles del mundo sufriera sus primeras inundaciones en d\u00e9cadas. El Sahara s\u00ed recibe lluvia, pero por lo general solo unos pocos cent\u00edmetros al a\u00f1o y rara vez [&hellip;]","og_url":"https:\/\/noticiasya.com\/2024\/10\/14\/desierto-del-sahara-inundo-primera-vez-trax\/","og_site_name":"Noticias","article_published_time":"2024-10-14T21:03:47+00:00","twitter_card":"summary_large_image","twitter_misc":{"Est. reading time":"3 minutos"},"schema":{"@context":"https:\/\/schema.org","@graph":[{"@type":"Article","@id":"https:\/\/noticiasya.com\/2024\/10\/14\/desierto-del-sahara-inundo-primera-vez-trax\/#article","isPartOf":{"@id":"https:\/\/noticiasya.com\/2024\/10\/14\/desierto-del-sahara-inundo-primera-vez-trax\/"},"author":{"name":"","@id":""},"headline":"El desierto del Sahara se inund\u00f3 por primera vez en d\u00e9cadas. As\u00ed luce","datePublished":"2024-10-14T21:03:47+00:00","mainEntityOfPage":{"@id":"https:\/\/noticiasya.com\/2024\/10\/14\/desierto-del-sahara-inundo-primera-vez-trax\/"},"wordCount":605,"commentCount":0,"publisher":{"@id":"https:\/\/noticiasya.com\/#organization"},"articleSection":["Noticias Nacionales"],"inLanguage":"es","potentialAction":[{"@type":"CommentAction","name":"Comment","target":["https:\/\/noticiasya.com\/2024\/10\/14\/desierto-del-sahara-inundo-primera-vez-trax\/#respond"]}]},{"@type":"WebPage","@id":"https:\/\/noticiasya.com\/2024\/10\/14\/desierto-del-sahara-inundo-primera-vez-trax\/","url":"https:\/\/noticiasya.com\/2024\/10\/14\/desierto-del-sahara-inundo-primera-vez-trax\/","name":"El desierto del Sahara se inund\u00f3 por primera vez en d\u00e9cadas. As\u00ed luce - Noticias","isPartOf":{"@id":"https:\/\/noticiasya.com\/#website"},"datePublished":"2024-10-14T21:03:47+00:00","breadcrumb":{"@id":"https:\/\/noticiasya.com\/2024\/10\/14\/desierto-del-sahara-inundo-primera-vez-trax\/#breadcrumb"},"inLanguage":"es","potentialAction":[{"@type":"ReadAction","target":["https:\/\/noticiasya.com\/2024\/10\/14\/desierto-del-sahara-inundo-primera-vez-trax\/"]}]},{"@type":"BreadcrumbList","@id":"https:\/\/noticiasya.com\/2024\/10\/14\/desierto-del-sahara-inundo-primera-vez-trax\/#breadcrumb","itemListElement":[{"@type":"ListItem","position":1,"name":"Home","item":"https:\/\/noticiasya.com\/"},{"@type":"ListItem","position":2,"name":"El desierto del Sahara se inund\u00f3 por primera vez en d\u00e9cadas. As\u00ed luce"}]},{"@type":"WebSite","@id":"https:\/\/noticiasya.com\/#website","url":"https:\/\/noticiasya.com\/","name":"Noticias","description":"Lo que importa","publisher":{"@id":"https:\/\/noticiasya.com\/#organization"},"potentialAction":[{"@type":"SearchAction","target":{"@type":"EntryPoint","urlTemplate":"https:\/\/noticiasya.com\/?s={search_term_string}"},"query-input":{"@type":"PropertyValueSpecification","valueRequired":true,"valueName":"search_term_string"}}],"inLanguage":"es"},{"@type":"Organization","@id":"https:\/\/noticiasya.com\/#organization","name":"Noticias","url":"https:\/\/noticiasya.com\/","logo":{"@type":"ImageObject","inLanguage":"es","@id":"https:\/\/noticiasya.com\/#\/schema\/logo\/image\/","url":"https:\/\/noticiasya.com\/wp-content\/uploads\/sites\/22\/2023\/12\/logo-nacional.png","contentUrl":"https:\/\/noticiasya.com\/wp-content\/uploads\/sites\/22\/2023\/12\/logo-nacional.png","width":1801,"height":691,"caption":"Noticias"},"image":{"@id":"https:\/\/noticiasya.com\/#\/schema\/logo\/image\/"}}]}},"parsely":{"version":"1.1.0","canonical_url":"https:\/\/noticiasya.com\/el-valle\/2024\/10\/14\/desierto-del-sahara-inundo-primera-vez-trax\/","smart_links":{"inbound":0,"outbound":0},"traffic_boost_suggestions_count":0,"meta":{"@context":"https:\/\/schema.org","@type":"NewsArticle","headline":"El desierto del Sahara se inund\u00f3 por primera vez en d\u00e9cadas. As\u00ed luce","url":"http:\/\/noticiasya.com\/el-valle\/2024\/10\/14\/desierto-del-sahara-inundo-primera-vez-trax\/","mainEntityOfPage":{"@type":"WebPage","@id":"http:\/\/noticiasya.com\/el-valle\/2024\/10\/14\/desierto-del-sahara-inundo-primera-vez-trax\/"},"thumbnailUrl":"","image":{"@type":"ImageObject","url":""},"articleSection":"Noticias Nacionales","author":[],"creator":[],"publisher":{"@type":"Organization","name":"Noticias","logo":""},"keywords":[],"dateCreated":"2024-10-14T21:03:47Z","datePublished":"2024-10-14T21:03:47Z","dateModified":"2024-10-14T21:03:47Z"},"rendered":"<script type=\"application\/ld+json\" class=\"wp-parsely-metadata\">{\"@context\":\"https:\\\/\\\/schema.org\",\"@type\":\"NewsArticle\",\"headline\":\"El desierto del Sahara se inund\\u00f3 por primera vez en d\\u00e9cadas. As\\u00ed luce\",\"url\":\"http:\\\/\\\/noticiasya.com\\\/el-valle\\\/2024\\\/10\\\/14\\\/desierto-del-sahara-inundo-primera-vez-trax\\\/\",\"mainEntityOfPage\":{\"@type\":\"WebPage\",\"@id\":\"http:\\\/\\\/noticiasya.com\\\/el-valle\\\/2024\\\/10\\\/14\\\/desierto-del-sahara-inundo-primera-vez-trax\\\/\"},\"thumbnailUrl\":\"\",\"image\":{\"@type\":\"ImageObject\",\"url\":\"\"},\"articleSection\":\"Noticias Nacionales\",\"author\":[],\"creator\":[],\"publisher\":{\"@type\":\"Organization\",\"name\":\"Noticias\",\"logo\":\"\"},\"keywords\":[],\"dateCreated\":\"2024-10-14T21:03:47Z\",\"datePublished\":\"2024-10-14T21:03:47Z\",\"dateModified\":\"2024-10-14T21:03:47Z\"}<\/script>","tracker_url":"https:\/\/cdn.parsely.com\/keys\/noticiasya.com\/p.js"},"jetpack_featured_media_url":"","jetpack-related-posts":[{"id":1457386,"url":"https:\/\/noticiasya.com\/el-valle\/2025\/01\/09\/pronostico-tormentas-invernales-ee-uu-trax\/","url_meta":{"origin":1455089,"position":0},"title":"Tormentas invernales en EE.UU. se intensifican en las llanuras y se extienden hacia el sureste","author":"","date":"enero 9, 2025","format":false,"excerpt":"Una tormenta invernal est\u00e1 a punto de traer lluvia, hielo y nieve a gran parte de los dos tercios orientales del pa\u00eds, algunos de los cuales a\u00fan se est\u00e1n recuperando de la tormenta invernal anterior que atraves\u00f3 la regi\u00f3n durante el fin de semana y principios de esta semana. Esta\u2026","rel":"","context":"In &quot;Noticias Nacionales&quot;","block_context":{"text":"Noticias Nacionales","link":"https:\/\/noticiasya.com\/el-valle\/categoria\/noticias-nacionales"},"img":{"alt_text":"","src":"","width":0,"height":0},"classes":[]},{"id":1467199,"url":"https:\/\/noticiasya.com\/el-valle\/2025\/10\/08\/temporal-nordeste-fuertes-lluvias-costa-este-eeuu-trax\/","url_meta":{"origin":1455089,"position":1},"title":"Un temporal del noreste podr\u00eda traer fuertes lluvias, vientos e inundaciones a la costa este de EE.UU. este fin de semana","author":"","date":"octubre 8, 2025","format":false,"excerpt":"Una tormenta del noreste se est\u00e1 formando frente a la costa sureste y podr\u00eda traer graves amenazas, adem\u00e1s de un tiempo sombr\u00edo, a algunas zonas del litoral atl\u00e1ntico durante el fin de semana.Todo comienza con un potente frente fr\u00edo que se desplaza hacia el este sobre Estados Unidos esta semana,\u2026","rel":"","context":"In &quot;Noticias Nacionales&quot;","block_context":{"text":"Noticias Nacionales","link":"https:\/\/noticiasya.com\/el-valle\/categoria\/noticias-nacionales"},"img":{"alt_text":"","src":"","width":0,"height":0},"classes":[]},{"id":1470430,"url":"https:\/\/noticiasya.com\/el-valle\/2026\/01\/23\/cuando-llegara-gran-tormenta-invernal-ciudad-trax\/","url_meta":{"origin":1455089,"position":2},"title":"Cu\u00e1ndo llegar\u00e1 la gran tormenta invernal a tu ciudad","author":"","date":"enero 23, 2026","format":false,"excerpt":"Una gran tormenta invernal, una de las m\u00e1s extremas y extensas en a\u00f1os, comienza a formarse sobre las Llanuras y afectar\u00e1 a gran parte de Estados Unidos.Durante los pr\u00f3ximos d\u00edas, la tormenta dejar\u00e1 hasta 30 cent\u00edmetros de nieve y enormes cantidades de hielo en un \u00e1rea que abarca 3.200 kil\u00f3metros\u2026","rel":"","context":"In &quot;Noticias Nacionales&quot;","block_context":{"text":"Noticias Nacionales","link":"https:\/\/noticiasya.com\/el-valle\/categoria\/noticias-nacionales"},"img":{"alt_text":"","src":"","width":0,"height":0},"classes":[]},{"id":1458314,"url":"https:\/\/noticiasya.com\/el-valle\/2025\/02\/05\/tormentas-invernales-estados-unidos-trax\/","url_meta":{"origin":1455089,"position":3},"title":"Tormentas invernales casi incesantes golpear\u00e1n las mismas partes de EE.UU. durante los pr\u00f3ximos d\u00edas","author":"","date":"febrero 5, 2025","format":false,"excerpt":"Las tormentas invernales est\u00e1n a punto de atravesar la mitad oriental de Estados Unidos a un ritmo fren\u00e9tico que podr\u00eda continuar durante un par de semanas.La corriente en chorro, esencialmente un r\u00edo de aire en la atm\u00f3sfera por el que fluyen las tormentas, est\u00e1 bloqueada en una l\u00ednea casi perfecta\u2026","rel":"","context":"In &quot;Noticias Nacionales&quot;","block_context":{"text":"Noticias Nacionales","link":"https:\/\/noticiasya.com\/el-valle\/categoria\/noticias-nacionales"},"img":{"alt_text":"","src":"","width":0,"height":0},"classes":[]},{"id":1447641,"url":"https:\/\/noticiasya.com\/el-valle\/2024\/04\/02\/tormentas-tornados-granizo-sureste-valle-ohio-trax\/","url_meta":{"origin":1455089,"position":4},"title":"Pronostican tormentas fuertes con posibles tornados y granizo de gran tama\u00f1o en partes del sureste y el valle de Ohio","author":"","date":"abril 2, 2024","format":false,"excerpt":"(CNN) -- M\u00e1s de 8 millones de personas corren el riesgo de ser azotadas por potentes tornados el martes, a medida que las tormentas fuertes se intensifican desde el sureste hasta el valle de Ohio, amenazando tambi\u00e9n con vientos da\u00f1inos y granizo m\u00e1s grande que pelotas de golf en algunas\u2026","rel":"","context":"In &quot;Noticias Nacionales&quot;","block_context":{"text":"Noticias Nacionales","link":"https:\/\/noticiasya.com\/el-valle\/categoria\/noticias-nacionales"},"img":{"alt_text":"","src":"","width":0,"height":0},"classes":[]},{"id":1460714,"url":"https:\/\/noticiasya.com\/el-valle\/2025\/04\/01\/tormentas-severas-tornados-granizo-vientos-inundacion-trax\/","url_meta":{"origin":1455089,"position":5},"title":"Una inundaci\u00f3n sin precedentes podr\u00eda poner fin a las severas amenazas clim\u00e1ticas de esta semana","author":"","date":"abril 1, 2025","format":false,"excerpt":"La volatilidad del clima primaveral cobrar\u00e1 fuerza esta semana con un posible brote de tormentas el\u00e9ctricas severas e inundaciones potencialmente mortales acerc\u00e1ndose al centro y este de Estados Unidos, donde podr\u00eda afectar a decenas de millones de personas.Esta nueva amenaza clim\u00e1tica llega poco despu\u00e9s de la que arras\u00f3 el centro\u2026","rel":"","context":"In &quot;Noticias Nacionales&quot;","block_context":{"text":"Noticias Nacionales","link":"https:\/\/noticiasya.com\/el-valle\/categoria\/noticias-nacionales"},"img":{"alt_text":"","src":"","width":0,"height":0},"classes":[]}],"jetpack_sharing_enabled":true,"_links":{"self":[{"href":"https:\/\/noticiasya.com\/el-valle\/wp-json\/wp\/v2\/posts\/1455089","targetHints":{"allow":["GET"]}}],"collection":[{"href":"https:\/\/noticiasya.com\/el-valle\/wp-json\/wp\/v2\/posts"}],"about":[{"href":"https:\/\/noticiasya.com\/el-valle\/wp-json\/wp\/v2\/types\/post"}],"replies":[{"embeddable":true,"href":"https:\/\/noticiasya.com\/el-valle\/wp-json\/wp\/v2\/comments?post=1455089"}],"version-history":[{"count":0,"href":"https:\/\/noticiasya.com\/el-valle\/wp-json\/wp\/v2\/posts\/1455089\/revisions"}],"wp:attachment":[{"href":"https:\/\/noticiasya.com\/el-valle\/wp-json\/wp\/v2\/media?parent=1455089"}],"wp:term":[{"taxonomy":"category","embeddable":true,"href":"https:\/\/noticiasya.com\/el-valle\/wp-json\/wp\/v2\/categories?post=1455089"},{"taxonomy":"post_tag","embeddable":true,"href":"https:\/\/noticiasya.com\/el-valle\/wp-json\/wp\/v2\/tags?post=1455089"}],"curies":[{"name":"wp","href":"https:\/\/api.w.org\/{rel}","templated":true}]}}