{"id":1455102,"date":"2024-10-15T08:03:44","date_gmt":"2024-10-15T15:03:44","guid":{"rendered":"https:\/\/noticiasya.com\/2024\/10\/15\/lyle-erik-menendez-entrevista-director-alejandro-hartmann-orix\/"},"modified":"2024-10-15T08:03:44","modified_gmt":"2024-10-15T15:03:44","slug":"lyle-erik-menendez-entrevista-director-alejandro-hartmann-orix","status":"publish","type":"post","link":"https:\/\/noticiasya.com\/el-valle\/2024\/10\/15\/lyle-erik-menendez-entrevista-director-alejandro-hartmann-orix\/","title":{"rendered":"&#171;Creo que Lyle y Erik ya han pagado por el crimen de sus padres&#187;, dice el director de &#171;Los\u00a0hermanos Men\u00e9ndez&#187;"},"content":{"rendered":"<p>(CNN Espa\u00f1ol) \u2013 Lyle y Erik Men\u00e9ndez volvieron a estar ante los ojos del mundo despu\u00e9s de que Netflix estrenara dos proyectos en 2024 sobre sus vidas. Los hermanos, que en 1989\u00a0 confesaron haber matado\u00a0a sus padres en el interior de su mansi\u00f3n de Beverly Hills, alegaron a\u00f1os de abusos por parte de su padre e indiferencia de su madre en el juicio que los\u00a0 declar\u00f3\u00a0culpables y por el cual hoy cumplen cadena perpetua en Estados Unidos.<\/p>\n<p>En septiembre, Netflix estren\u00f3 la serie \u201cMonstruos: la historia de Lyle y Erik Men\u00e9ndez\u201d, que consta de nueve cap\u00edtulos basado en ese crimen. En una declaraci\u00f3n difundida por su esposa en redes sociales, Erik Men\u00e9ndez calific\u00f3 a la serie como una \u201crepresentaci\u00f3n deshonesta\u201d llena de &#171;mentiras horribles y flagrantes&#187;.<\/p>\n<p>El 7 de octubre, la plataforma de streaming estren\u00f3 la pel\u00edcula documental \u201cLos\u00a0hermanos Men\u00e9ndez\u201d, que recoge las voces de los protagonistas, cuenta la historia desde su punto de vista y suma los testimonios de distintas personas, como la fiscal del caso.<\/p>\n<p>Alejandro Hartmann, director del documental, habl\u00f3 con CNN en Espa\u00f1ol y dio detalles de las m\u00e1s de 20 horas en las que convers\u00f3 con los hermanos. Cont\u00f3 la intimidad de esos encuentros y dej\u00f3 en claro cu\u00e1l es su impresi\u00f3n de los cr\u00edmenes por los que fueron condenados.<\/p>\n<p>Erik Men\u00e9ndez (derecha) y su hermano Lyle escuchan los procedimientos judiciales durante una comparecencia el 17 de mayo de 1991 en el caso del asesinato con escopeta de sus padres ricos en agosto de 1989. Lee Celano\/Reuters<\/p>\n<p>CNN en Espa\u00f1ol: La serie y el documental sobre los hermanos han tenido una gran repercusi\u00f3n. Tanta, que en los \u00faltimos d\u00edas se ha hablado de una posible liberaci\u00f3n o indulto a los hermanos por parte del gobierno de Estados Unidos. \u00bfA qu\u00e9 cree\u00a0que se debe ese impacto?<\/p>\n<p>Alejandro Hartmann:\u00a0\u00a0Es un caso que tiene 30 a\u00f1os. El crimen se cometi\u00f3 en 1989 y el juicio es de los a\u00f1os 90, pero nunca perdi\u00f3 vigencia porque es una historia que conmocion\u00f3 a Estados Unidos.\u00a0Tiene caracter\u00edsticas, si se quiere, b\u00edblicas, o de tragedia griega: los hijos matan a los padres y despu\u00e9s hay una denuncia de abuso. La historia hab\u00eda vuelto un poco a la actualidad en 2020, con la pandemia, porque entonces empez\u00f3 a surgir una especie de movimiento de gente joven que en TikTok ped\u00eda por la liberaci\u00f3n de ellos. Un poco a partir de eso resurgi\u00f3 el inter\u00e9s en estos \u00faltimos a\u00f1os, con la aparici\u00f3n de la serie por el lado de ficci\u00f3n, y luego nuestro documental, que por primera vez le da voz a ellos, a los dos hermanos. Hablan juntos por primera vez en un documental. Creo que reaviv\u00f3 algo que estaba ah\u00ed, esper\u00e1ndolo.<\/p>\n<p>\u00bfQui\u00e9nes son Lyle y Erik Men\u00e9ndez? La historia real detr\u00e1s de \u201cMonstruos\u201d, la nueva serie de Netflix<\/p>\n<p>CNN en Espa\u00f1ol: \u00a0En el documental hablan los hermanos y, tambi\u00e9n, otras personas cercanas a ellos. \u00bfQu\u00e9\u00a0 le\u00a0aport\u00f3 ese proceso?<\/p>\n<p>Alejandro Hartmann: \u00a0Bueno, por un lado tuve la oportunidad de hablar con los hermanos. Mucho rato. Mucho rato. Habl\u00e9 durante meses, tuve conversaciones telef\u00f3nicas muy extensas, todas grabadas. Habl\u00e9 m\u00e1s de 20 horas con ambos hermanos. Y luego tuve la posibilidad de viajar a Estados Unidos para entrevistar a mucha de la gente que los conoci\u00f3, parientes suyos, testigos directos y periodistas. Tambi\u00e9n pude entrevistar a la fiscal, que para m\u00ed fue muy importante porque fue quien los acus\u00f3 y los llev\u00f3 a juicio. Con todo eso, la verdad es que me pude interiorizar bastante y de primera mano acerca de la historia.<\/p>\n<p>CNN en Espa\u00f1ol:\u00a0 Adem\u00e1s,\u00a0 se top\u00f3\u00a0con las contradicciones y dudas que, seguramente, tambi\u00e9n tuvieron los miembros del tribunal en el juicio. \u00bfQu\u00e9 pasaba por\u00a0 su\u00a0cabeza mientras trabajabas?<\/p>\n<p>Alejandro Hartmann:\u00a0\u00a0Siempre que hay un juicio hay dos visiones confrontadas que se ponen en discusi\u00f3n. Es algo habitual en estas historias y en los casos policiales en general, esto de que una cosa es otra cosa. En este caso no se trataba tanto de su inocencia, porque ellos confesaron haber sido los autores del crimen. Aqu\u00ed, la gran pregunta era: \u00bfpor qu\u00e9 ocurri\u00f3 este crimen? \u00bfC\u00f3mo pudo haber sucedido un crimen tan horrendo? \u00bfC\u00f3mo es posible que los hijos asesinen a sus padres y de la manera en que lo hicieron? Y eso fue lo que se puso en discusi\u00f3n en el juicio. Y yo tambi\u00e9n, de alguna manera y 30 a\u00f1os despu\u00e9s, particip\u00e9 de eso, a mi manera, porque tambi\u00e9n ten\u00eda dudas. Entonces tuve que escuchar a los hermanos, a la fiscal, a gente que estaba a favor y en contra de ellos, y entender si la excusa o lo que ellos aduc\u00edan como el motivo del crimen era simplemente una excusa o algo que ten\u00eda validez y que deb\u00eda ser tenido en cuenta.<\/p>\n<p>CNN en Espa\u00f1ol: \u00a0\u00bfQu\u00e9 cree\u00a0que puede llegar a pasar con los hermanos tras el impacto de la serie y de\u00a0 su\u00a0documental?<\/p>\n<p>Alejandro Hartmann:\u00a0\u00a0Si bien el tema siempre estaba ah\u00ed, un poquitito abierto, definitivamente esto lo reaviv\u00f3. Yo creo que algo eventualmente podr\u00eda pasar. No puedo hablar por la justicia ni por el gobierno de Estados Unidos, pero creo que lo m\u00e1s importante es que se hable de estas cosas, independientemente de Lyle y Erik. En lo personal, y esto es muy personal, creo que ellos han estado ya 30 a\u00f1os presos, creo que han pagado por el crimen de sus padres y creo que, si fueron abusados de ni\u00f1os de una manera muy horrible, eso debi\u00f3 haberse tenido en cuenta. Entonces, considero que la pena que les tocaba debi\u00f3 haber sido menor. Y me parece que, despu\u00e9s de 30 a\u00f1os, ellos ya deber\u00edan poder ser liberados, que es lo que mucha gente piensa. Pero creo que lo m\u00e1s importante es que estas historias de abuso sexual de ni\u00f1os, de abuso en general de ni\u00f1os, porque no es solo sexual, sino que es sexual, f\u00edsico y psicol\u00f3gico, salgan a la luz, que haya gente que pueda hablar de sus propias experiencias y buscar justicia o simplemente hablar y sentirse liberados. Me parece que eso ayuda. Entonces, independientemente de lo que pase con Lyle y Erik, considero muy positivo traer siempre este tipo de temas al candelero y que se vuelvan parte de la de las cuestiones de opini\u00f3n p\u00fablica.<\/p>\n<p>Erik Men\u00e9ndez, a la izquierda, y su hermano Lyle, frente a su antigua casa en Beverly Hills. Cr\u00e9dito: Los Angeles Times\/Los Angeles Times\/Getty Images<\/p>\n<p>CNN en Espa\u00f1ol: \u00bfEs verdad que con uno de los hermanos has\u00a0hablado hasta de Lionel Messi?<\/p>\n<p>Alejandro Hartmann:\u00a0\u00a0S\u00ed, s\u00ed, s\u00ed. Porque ellos eran una familia muy del deporte. El padre les inculcaba mucho el deporte y ellos han jugado f\u00fatbol y tenis, sobre todo f\u00fatbol. Y siempre les interes\u00f3 mucho el f\u00fatbol soccer, como se llama en Estados Unidos. Entonces, el primer punto de contacto con Lyle, a quien le gusta mucho el f\u00fatbol y a sabiendas de que yo soy argentino, un poco para romper el hielo fue empezar hablando de eso. Era 2022, se ven\u00eda el Mundial y \u00e9l mismo sac\u00f3 el tema de que hinchaban por Argentina. As\u00ed que terminamos hablando un poco de Messi.<\/p>\n<p>CNN en Espa\u00f1ol: \u00bfQu\u00e9 piensa\u00a0del momento social y pol\u00edtico que vive Argentina?<\/p>\n<p>Alejandro Hartmann:\u00a0\u00a0Definitivamente, es algo que a m\u00ed me resulta bastante doloroso. Yo soy miembro de la industria cinematogr\u00e1fica audiovisual y siento que hay un ataque bastante grande a eso y tambi\u00e9n a la educaci\u00f3n, que es todav\u00eda mucho m\u00e1s grave, porque bueno, el audiovisual es solo un sector. Yo considero que, sin dudas, esto que me est\u00e1 pasando a m\u00ed, el hecho de haber dirigido algo en Hollywood y poder contar una historia de estas caracter\u00edsticas est\u00e1 directamente relacionado con mi propia educaci\u00f3n. Yo me eduqu\u00e9\u00a0 \u00edntegramente en la educaci\u00f3n p\u00fablica, desde la primaria hasta el nivel terciario, que estudi\u00e9 en la escuela del Instituto de Cine, por lo cual lo que est\u00e1 pasando me resulta doloroso. Todos mis primeros trabajos los hice con el apoyo del Instituto de Cine. Entonces, para m\u00ed la relaci\u00f3n entre la educaci\u00f3n p\u00fablica y el apoyo del Estado al cine con lo que a m\u00ed me est\u00e1 pasando hoy es directa. No puedo no ver esa relaci\u00f3n.<\/p>\n<p>Con informaci\u00f3n de Betiana Fern\u00e1ndez Martino y Nacho Gir\u00f3n<\/p>\n<p>The-CNN-Wire<br \/>&trade; &amp; &copy; 2024 Cable News Network, Inc., a Warner Bros. Discovery Company. All rights reserved.<\/p>\n","protected":false},"excerpt":{"rendered":"<p>(CNN Espa\u00f1ol) \u2013 Lyle y Erik Men\u00e9ndez volvieron a estar ante los ojos del mundo despu\u00e9s de que Netflix estrenara dos proyectos en 2024 sobre sus vidas. Los hermanos, que en 1989\u00a0 confesaron haber matado\u00a0a sus padres en el interior de su mansi\u00f3n de Beverly Hills, alegaron a\u00f1os de abusos por parte de su padre [&hellip;]<\/p>\n","protected":false},"author":0,"featured_media":0,"comment_status":"open","ping_status":"open","sticky":false,"template":"","format":"standard","meta":{"_jetpack_memberships_contains_paid_content":false,"footnotes":""},"categories":[10],"tags":[],"class_list":["post-1455102","post","type-post","status-publish","format-standard","hentry","category-noticias-nacionales","market-global"],"yoast_head":"<!-- This site is optimized with the Yoast SEO plugin v24.4 - https:\/\/yoast.com\/wordpress\/plugins\/seo\/ -->\n<title>&quot;Creo que Lyle y Erik ya han pagado por el crimen de sus padres&quot;, dice el director de &quot;Los\u00a0hermanos Men\u00e9ndez&quot; - Noticias<\/title>\n<meta name=\"robots\" content=\"index, follow, max-snippet:-1, max-image-preview:large, max-video-preview:-1\" \/>\n<link rel=\"canonical\" href=\"https:\/\/noticiasya.com\/2024\/10\/15\/lyle-erik-menendez-entrevista-director-alejandro-hartmann-orix\/\" \/>\n<meta property=\"og:locale\" content=\"es_ES\" \/>\n<meta property=\"og:type\" content=\"article\" \/>\n<meta property=\"og:title\" content=\"&quot;Creo que Lyle y Erik ya han pagado por el crimen de sus padres&quot;, dice el director de &quot;Los\u00a0hermanos Men\u00e9ndez&quot; - Noticias\" \/>\n<meta property=\"og:description\" content=\"(CNN Espa\u00f1ol) \u2013 Lyle y Erik Men\u00e9ndez volvieron a estar ante los ojos del mundo despu\u00e9s de que Netflix estrenara dos proyectos en 2024 sobre sus vidas. Los hermanos, que en 1989\u00a0 confesaron haber matado\u00a0a sus padres en el interior de su mansi\u00f3n de Beverly Hills, alegaron a\u00f1os de abusos por parte de su padre [&hellip;]\" \/>\n<meta property=\"og:url\" content=\"https:\/\/noticiasya.com\/2024\/10\/15\/lyle-erik-menendez-entrevista-director-alejandro-hartmann-orix\/\" \/>\n<meta property=\"og:site_name\" content=\"Noticias\" \/>\n<meta property=\"article:published_time\" content=\"2024-10-15T15:03:44+00:00\" \/>\n<meta name=\"twitter:card\" content=\"summary_large_image\" \/>\n<meta name=\"twitter:label1\" content=\"Est. reading time\" \/>\n\t<meta name=\"twitter:data1\" content=\"7 minutos\" \/>\n<script type=\"application\/ld+json\" class=\"yoast-schema-graph\">{\"@context\":\"https:\/\/schema.org\",\"@graph\":[{\"@type\":\"Article\",\"@id\":\"https:\/\/noticiasya.com\/2024\/10\/15\/lyle-erik-menendez-entrevista-director-alejandro-hartmann-orix\/#article\",\"isPartOf\":{\"@id\":\"https:\/\/noticiasya.com\/2024\/10\/15\/lyle-erik-menendez-entrevista-director-alejandro-hartmann-orix\/\"},\"author\":{\"name\":\"\",\"@id\":\"\"},\"headline\":\"&#171;Creo que Lyle y Erik ya han pagado por el crimen de sus padres&#187;, dice el director de &#171;Los\u00a0hermanos Men\u00e9ndez&#187;\",\"datePublished\":\"2024-10-15T15:03:44+00:00\",\"mainEntityOfPage\":{\"@id\":\"https:\/\/noticiasya.com\/2024\/10\/15\/lyle-erik-menendez-entrevista-director-alejandro-hartmann-orix\/\"},\"wordCount\":1505,\"commentCount\":0,\"publisher\":{\"@id\":\"https:\/\/noticiasya.com\/#organization\"},\"articleSection\":[\"Noticias Nacionales\"],\"inLanguage\":\"es\",\"potentialAction\":[{\"@type\":\"CommentAction\",\"name\":\"Comment\",\"target\":[\"https:\/\/noticiasya.com\/2024\/10\/15\/lyle-erik-menendez-entrevista-director-alejandro-hartmann-orix\/#respond\"]}]},{\"@type\":\"WebPage\",\"@id\":\"https:\/\/noticiasya.com\/2024\/10\/15\/lyle-erik-menendez-entrevista-director-alejandro-hartmann-orix\/\",\"url\":\"https:\/\/noticiasya.com\/2024\/10\/15\/lyle-erik-menendez-entrevista-director-alejandro-hartmann-orix\/\",\"name\":\"\\\"Creo que Lyle y Erik ya han pagado por el crimen de sus padres\\\", dice el director de \\\"Los\u00a0hermanos Men\u00e9ndez\\\" - Noticias\",\"isPartOf\":{\"@id\":\"https:\/\/noticiasya.com\/#website\"},\"datePublished\":\"2024-10-15T15:03:44+00:00\",\"breadcrumb\":{\"@id\":\"https:\/\/noticiasya.com\/2024\/10\/15\/lyle-erik-menendez-entrevista-director-alejandro-hartmann-orix\/#breadcrumb\"},\"inLanguage\":\"es\",\"potentialAction\":[{\"@type\":\"ReadAction\",\"target\":[\"https:\/\/noticiasya.com\/2024\/10\/15\/lyle-erik-menendez-entrevista-director-alejandro-hartmann-orix\/\"]}]},{\"@type\":\"BreadcrumbList\",\"@id\":\"https:\/\/noticiasya.com\/2024\/10\/15\/lyle-erik-menendez-entrevista-director-alejandro-hartmann-orix\/#breadcrumb\",\"itemListElement\":[{\"@type\":\"ListItem\",\"position\":1,\"name\":\"Home\",\"item\":\"https:\/\/noticiasya.com\/\"},{\"@type\":\"ListItem\",\"position\":2,\"name\":\"&#171;Creo que Lyle y Erik ya han pagado por el crimen de sus padres&#187;, dice el director de &#171;Los\u00a0hermanos Men\u00e9ndez&#187;\"}]},{\"@type\":\"WebSite\",\"@id\":\"https:\/\/noticiasya.com\/#website\",\"url\":\"https:\/\/noticiasya.com\/\",\"name\":\"Noticias\",\"description\":\"Lo que importa\",\"publisher\":{\"@id\":\"https:\/\/noticiasya.com\/#organization\"},\"potentialAction\":[{\"@type\":\"SearchAction\",\"target\":{\"@type\":\"EntryPoint\",\"urlTemplate\":\"https:\/\/noticiasya.com\/?s={search_term_string}\"},\"query-input\":{\"@type\":\"PropertyValueSpecification\",\"valueRequired\":true,\"valueName\":\"search_term_string\"}}],\"inLanguage\":\"es\"},{\"@type\":\"Organization\",\"@id\":\"https:\/\/noticiasya.com\/#organization\",\"name\":\"Noticias\",\"url\":\"https:\/\/noticiasya.com\/\",\"logo\":{\"@type\":\"ImageObject\",\"inLanguage\":\"es\",\"@id\":\"https:\/\/noticiasya.com\/#\/schema\/logo\/image\/\",\"url\":\"https:\/\/noticiasya.com\/wp-content\/uploads\/sites\/22\/2023\/12\/logo-nacional.png\",\"contentUrl\":\"https:\/\/noticiasya.com\/wp-content\/uploads\/sites\/22\/2023\/12\/logo-nacional.png\",\"width\":1801,\"height\":691,\"caption\":\"Noticias\"},\"image\":{\"@id\":\"https:\/\/noticiasya.com\/#\/schema\/logo\/image\/\"}}]}<\/script>\n<!-- \/ Yoast SEO plugin. -->","yoast_head_json":{"title":"\"Creo que Lyle y Erik ya han pagado por el crimen de sus padres\", dice el director de \"Los\u00a0hermanos Men\u00e9ndez\" - Noticias","robots":{"index":"index","follow":"follow","max-snippet":"max-snippet:-1","max-image-preview":"max-image-preview:large","max-video-preview":"max-video-preview:-1"},"canonical":"https:\/\/noticiasya.com\/2024\/10\/15\/lyle-erik-menendez-entrevista-director-alejandro-hartmann-orix\/","og_locale":"es_ES","og_type":"article","og_title":"\"Creo que Lyle y Erik ya han pagado por el crimen de sus padres\", dice el director de \"Los\u00a0hermanos Men\u00e9ndez\" - Noticias","og_description":"(CNN Espa\u00f1ol) \u2013 Lyle y Erik Men\u00e9ndez volvieron a estar ante los ojos del mundo despu\u00e9s de que Netflix estrenara dos proyectos en 2024 sobre sus vidas. Los hermanos, que en 1989\u00a0 confesaron haber matado\u00a0a sus padres en el interior de su mansi\u00f3n de Beverly Hills, alegaron a\u00f1os de abusos por parte de su padre [&hellip;]","og_url":"https:\/\/noticiasya.com\/2024\/10\/15\/lyle-erik-menendez-entrevista-director-alejandro-hartmann-orix\/","og_site_name":"Noticias","article_published_time":"2024-10-15T15:03:44+00:00","twitter_card":"summary_large_image","twitter_misc":{"Est. reading time":"7 minutos"},"schema":{"@context":"https:\/\/schema.org","@graph":[{"@type":"Article","@id":"https:\/\/noticiasya.com\/2024\/10\/15\/lyle-erik-menendez-entrevista-director-alejandro-hartmann-orix\/#article","isPartOf":{"@id":"https:\/\/noticiasya.com\/2024\/10\/15\/lyle-erik-menendez-entrevista-director-alejandro-hartmann-orix\/"},"author":{"name":"","@id":""},"headline":"&#171;Creo que Lyle y Erik ya han pagado por el crimen de sus padres&#187;, dice el director de &#171;Los\u00a0hermanos Men\u00e9ndez&#187;","datePublished":"2024-10-15T15:03:44+00:00","mainEntityOfPage":{"@id":"https:\/\/noticiasya.com\/2024\/10\/15\/lyle-erik-menendez-entrevista-director-alejandro-hartmann-orix\/"},"wordCount":1505,"commentCount":0,"publisher":{"@id":"https:\/\/noticiasya.com\/#organization"},"articleSection":["Noticias Nacionales"],"inLanguage":"es","potentialAction":[{"@type":"CommentAction","name":"Comment","target":["https:\/\/noticiasya.com\/2024\/10\/15\/lyle-erik-menendez-entrevista-director-alejandro-hartmann-orix\/#respond"]}]},{"@type":"WebPage","@id":"https:\/\/noticiasya.com\/2024\/10\/15\/lyle-erik-menendez-entrevista-director-alejandro-hartmann-orix\/","url":"https:\/\/noticiasya.com\/2024\/10\/15\/lyle-erik-menendez-entrevista-director-alejandro-hartmann-orix\/","name":"\"Creo que Lyle y Erik ya han pagado por el crimen de sus padres\", dice el director de \"Los\u00a0hermanos Men\u00e9ndez\" - Noticias","isPartOf":{"@id":"https:\/\/noticiasya.com\/#website"},"datePublished":"2024-10-15T15:03:44+00:00","breadcrumb":{"@id":"https:\/\/noticiasya.com\/2024\/10\/15\/lyle-erik-menendez-entrevista-director-alejandro-hartmann-orix\/#breadcrumb"},"inLanguage":"es","potentialAction":[{"@type":"ReadAction","target":["https:\/\/noticiasya.com\/2024\/10\/15\/lyle-erik-menendez-entrevista-director-alejandro-hartmann-orix\/"]}]},{"@type":"BreadcrumbList","@id":"https:\/\/noticiasya.com\/2024\/10\/15\/lyle-erik-menendez-entrevista-director-alejandro-hartmann-orix\/#breadcrumb","itemListElement":[{"@type":"ListItem","position":1,"name":"Home","item":"https:\/\/noticiasya.com\/"},{"@type":"ListItem","position":2,"name":"&#171;Creo que Lyle y Erik ya han pagado por el crimen de sus padres&#187;, dice el director de &#171;Los\u00a0hermanos Men\u00e9ndez&#187;"}]},{"@type":"WebSite","@id":"https:\/\/noticiasya.com\/#website","url":"https:\/\/noticiasya.com\/","name":"Noticias","description":"Lo que importa","publisher":{"@id":"https:\/\/noticiasya.com\/#organization"},"potentialAction":[{"@type":"SearchAction","target":{"@type":"EntryPoint","urlTemplate":"https:\/\/noticiasya.com\/?s={search_term_string}"},"query-input":{"@type":"PropertyValueSpecification","valueRequired":true,"valueName":"search_term_string"}}],"inLanguage":"es"},{"@type":"Organization","@id":"https:\/\/noticiasya.com\/#organization","name":"Noticias","url":"https:\/\/noticiasya.com\/","logo":{"@type":"ImageObject","inLanguage":"es","@id":"https:\/\/noticiasya.com\/#\/schema\/logo\/image\/","url":"https:\/\/noticiasya.com\/wp-content\/uploads\/sites\/22\/2023\/12\/logo-nacional.png","contentUrl":"https:\/\/noticiasya.com\/wp-content\/uploads\/sites\/22\/2023\/12\/logo-nacional.png","width":1801,"height":691,"caption":"Noticias"},"image":{"@id":"https:\/\/noticiasya.com\/#\/schema\/logo\/image\/"}}]}},"parsely":{"version":"1.1.0","canonical_url":"https:\/\/noticiasya.com\/el-valle\/2024\/10\/15\/lyle-erik-menendez-entrevista-director-alejandro-hartmann-orix\/","smart_links":{"inbound":0,"outbound":0},"traffic_boost_suggestions_count":0,"meta":{"@context":"https:\/\/schema.org","@type":"NewsArticle","headline":"&#171;Creo que Lyle y Erik ya han pagado por el crimen de sus padres&#187;, dice el director de &#171;Los\u00a0hermanos Men\u00e9ndez&#187;","url":"http:\/\/noticiasya.com\/el-valle\/2024\/10\/15\/lyle-erik-menendez-entrevista-director-alejandro-hartmann-orix\/","mainEntityOfPage":{"@type":"WebPage","@id":"http:\/\/noticiasya.com\/el-valle\/2024\/10\/15\/lyle-erik-menendez-entrevista-director-alejandro-hartmann-orix\/"},"thumbnailUrl":"","image":{"@type":"ImageObject","url":""},"articleSection":"Noticias Nacionales","author":[],"creator":[],"publisher":{"@type":"Organization","name":"Noticias","logo":""},"keywords":[],"dateCreated":"2024-10-15T15:03:44Z","datePublished":"2024-10-15T15:03:44Z","dateModified":"2024-10-15T15:03:44Z"},"rendered":"<script type=\"application\/ld+json\" class=\"wp-parsely-metadata\">{\"@context\":\"https:\\\/\\\/schema.org\",\"@type\":\"NewsArticle\",\"headline\":\"&#171;Creo que Lyle y Erik ya han pagado por el crimen de sus padres&#187;, dice el director de &#171;Los\\u00a0hermanos Men\\u00e9ndez&#187;\",\"url\":\"http:\\\/\\\/noticiasya.com\\\/el-valle\\\/2024\\\/10\\\/15\\\/lyle-erik-menendez-entrevista-director-alejandro-hartmann-orix\\\/\",\"mainEntityOfPage\":{\"@type\":\"WebPage\",\"@id\":\"http:\\\/\\\/noticiasya.com\\\/el-valle\\\/2024\\\/10\\\/15\\\/lyle-erik-menendez-entrevista-director-alejandro-hartmann-orix\\\/\"},\"thumbnailUrl\":\"\",\"image\":{\"@type\":\"ImageObject\",\"url\":\"\"},\"articleSection\":\"Noticias Nacionales\",\"author\":[],\"creator\":[],\"publisher\":{\"@type\":\"Organization\",\"name\":\"Noticias\",\"logo\":\"\"},\"keywords\":[],\"dateCreated\":\"2024-10-15T15:03:44Z\",\"datePublished\":\"2024-10-15T15:03:44Z\",\"dateModified\":\"2024-10-15T15:03:44Z\"}<\/script>","tracker_url":"https:\/\/cdn.parsely.com\/keys\/noticiasya.com\/p.js"},"jetpack_featured_media_url":"","jetpack-related-posts":[{"id":1453098,"url":"https:\/\/noticiasya.com\/el-valle\/2024\/09\/26\/lyle-y-erik-menendez-parricidio-monstruos-netflix-orix\/","url_meta":{"origin":1455102,"position":0},"title":"\u00bfQui\u00e9nes son Lyle y Erik Men\u00e9ndez? La historia real detr\u00e1s de \u201cMonstruos\u201d, la nueva miniserie de Netflix","author":"","date":"septiembre 26, 2024","format":false,"excerpt":"(CNN Espa\u00f1ol) -- El 20 de agosto de 1989, los hermanos Lyle y Erik Men\u00e9ndez mataron a sus padres en el interior de su mansi\u00f3n de Beverly Hills, California. La serie de Netflix \u201cMonstruos: la historia de Lyle y Erik Men\u00e9ndez\u201d, que se estren\u00f3 en la plataforma el 19 de\u2026","rel":"","context":"In &quot;Noticias Nacionales&quot;","block_context":{"text":"Noticias Nacionales","link":"https:\/\/noticiasya.com\/el-valle\/categoria\/noticias-nacionales"},"img":{"alt_text":"","src":"","width":0,"height":0},"classes":[]},{"id":1465742,"url":"https:\/\/noticiasya.com\/el-valle\/2025\/08\/21\/niegan-libertad-condicional-erik-menendez-trax\/","url_meta":{"origin":1455102,"position":1},"title":"Niegan libertad condicional a Erik Men\u00e9ndez; sigue pendiente el fallo de su hermano Lyle","author":"","date":"agosto 21, 2025","format":false,"excerpt":"Una junta de libertad condicional de California ha negado la libertad condicional a Erik Men\u00e9ndez, quien fue condenado junto a su hermano Lyle por el asesinato de sus padres en 1989, asestando un duro golpe a la lucha de a\u00f1os de los hermanos por su liberaci\u00f3n.La decisi\u00f3n no augura nada\u2026","rel":"","context":"In &quot;Noticias Nacionales&quot;","block_context":{"text":"Noticias Nacionales","link":"https:\/\/noticiasya.com\/el-valle\/categoria\/noticias-nacionales"},"img":{"alt_text":"","src":"","width":0,"height":0},"classes":[]},{"id":1456063,"url":"https:\/\/noticiasya.com\/el-valle\/2024\/11\/25\/analisis-hermanos-menendez-ficcion-caso-legal-orix\/","url_meta":{"origin":1455102,"position":2},"title":"AN\u00c1LISIS | \u00bfSer\u00e1 la ficci\u00f3n la que al final cambie el rumbo legal de los hermanos Men\u00e9ndez?","author":"","date":"noviembre 25, 2024","format":false,"excerpt":"(CNN Espa\u00f1ol) -- Creo en el poder transformador de las obras de arte, sea una pel\u00edcula, una obra de teatro o un cuadro. Las historias de ficci\u00f3n o basadas en ella pueden chocar, molestar y, con la presi\u00f3n suficiente, quiz\u00e1 generar cambios sociales frente a determinada situaci\u00f3n. Entonces, \u00bfpueden una\u2026","rel":"","context":"In &quot;Noticias Nacionales&quot;","block_context":{"text":"Noticias Nacionales","link":"https:\/\/noticiasya.com\/el-valle\/categoria\/noticias-nacionales"},"img":{"alt_text":"","src":"","width":0,"height":0},"classes":[]},{"id":1456102,"url":"https:\/\/noticiasya.com\/el-valle\/2024\/11\/26\/exvecino-hermanos-menendez-fascinacion-publica-caos-efectiva-trax\/","url_meta":{"origin":1455102,"position":3},"title":"Exvecino de los hermanos Men\u00e9ndez dice que la fascinaci\u00f3n por el caso podr\u00eda impulsar una nueva sentencia","author":"","date":"noviembre 26, 2024","format":false,"excerpt":"(CNN) -- Cuando Josh, de 12 a\u00f1os, dijo que hab\u00eda escuchado m\u00faltiples disparos una noche de verano de 1989, su madre no le crey\u00f3. Despu\u00e9s de todo, los disparos eran inimaginables en su adinerado vecindario de Beverly Hills. Sin embargo, al otro d\u00eda amanecieron con la noticia de que, a\u2026","rel":"","context":"In &quot;Noticias Nacionales&quot;","block_context":{"text":"Noticias Nacionales","link":"https:\/\/noticiasya.com\/el-valle\/categoria\/noticias-nacionales"},"img":{"alt_text":"","src":"","width":0,"height":0},"classes":[]},{"id":1456077,"url":"https:\/\/noticiasya.com\/el-valle\/2024\/11\/25\/retrasan-audiencia-erik-lyle-hermanos-menendez-trax\/","url_meta":{"origin":1455102,"position":4},"title":"Juez retrasa audiencia de nueva sentencia para hermanos Men\u00e9ndez","author":"","date":"noviembre 25, 2024","format":false,"excerpt":"(CNN) \u2013\u2013 Un juez de California retras\u00f3 una audiencia la nueva sentencia programada para Lyle y Erik Men\u00e9ndez, que ser\u00e1 la primera audiencia a la que acudir\u00e1n los hermanos desde que fueron sentenciados a cadena perpetua por matar a sus padres en 1989, y el \u00faltimo paso en su intento\u2026","rel":"","context":"In &quot;Noticias Nacionales&quot;","block_context":{"text":"Noticias Nacionales","link":"https:\/\/noticiasya.com\/el-valle\/categoria\/noticias-nacionales"},"img":{"alt_text":"","src":"","width":0,"height":0},"classes":[]},{"id":1462333,"url":"https:\/\/noticiasya.com\/el-valle\/2025\/05\/14\/cronologia-asesinato-hermanos-menendez-impulso-trax\/","url_meta":{"origin":1455102,"position":5},"title":"Cronolog\u00eda del caso de los hermanos Men\u00e9ndez y el impulso para reexaminarlo","author":"","date":"mayo 14, 2025","format":false,"excerpt":"La pregunta que se plantean los fiscales al reexaminar las condenas por asesinato de Lyle y Erik Men\u00e9ndez no es si mataron a sus padres, sino cu\u00e1n culpables son realmente.\u201cNo hay duda de que cometieron el asesinato\u201d, declar\u00f3 el s\u00e1bado el fiscal de distrito del condado de Los \u00c1ngeles, George\u2026","rel":"","context":"In &quot;Noticias Nacionales&quot;","block_context":{"text":"Noticias Nacionales","link":"https:\/\/noticiasya.com\/el-valle\/categoria\/noticias-nacionales"},"img":{"alt_text":"","src":"","width":0,"height":0},"classes":[]}],"jetpack_sharing_enabled":true,"_links":{"self":[{"href":"https:\/\/noticiasya.com\/el-valle\/wp-json\/wp\/v2\/posts\/1455102","targetHints":{"allow":["GET"]}}],"collection":[{"href":"https:\/\/noticiasya.com\/el-valle\/wp-json\/wp\/v2\/posts"}],"about":[{"href":"https:\/\/noticiasya.com\/el-valle\/wp-json\/wp\/v2\/types\/post"}],"replies":[{"embeddable":true,"href":"https:\/\/noticiasya.com\/el-valle\/wp-json\/wp\/v2\/comments?post=1455102"}],"version-history":[{"count":0,"href":"https:\/\/noticiasya.com\/el-valle\/wp-json\/wp\/v2\/posts\/1455102\/revisions"}],"wp:attachment":[{"href":"https:\/\/noticiasya.com\/el-valle\/wp-json\/wp\/v2\/media?parent=1455102"}],"wp:term":[{"taxonomy":"category","embeddable":true,"href":"https:\/\/noticiasya.com\/el-valle\/wp-json\/wp\/v2\/categories?post=1455102"},{"taxonomy":"post_tag","embeddable":true,"href":"https:\/\/noticiasya.com\/el-valle\/wp-json\/wp\/v2\/tags?post=1455102"}],"curies":[{"name":"wp","href":"https:\/\/api.w.org\/{rel}","templated":true}]}}