{"id":1455110,"date":"2024-10-15T13:03:41","date_gmt":"2024-10-15T20:03:41","guid":{"rendered":"https:\/\/noticiasya.com\/2024\/10\/15\/cancilleria-venezuela-distancia-declaraciones-tarek-william-saab-lula-da-silva-orix\/"},"modified":"2024-10-15T13:03:41","modified_gmt":"2024-10-15T20:03:41","slug":"cancilleria-venezuela-distancia-declaraciones-tarek-william-saab-lula-da-silva-orix","status":"publish","type":"post","link":"https:\/\/noticiasya.com\/el-valle\/2024\/10\/15\/cancilleria-venezuela-distancia-declaraciones-tarek-william-saab-lula-da-silva-orix\/","title":{"rendered":"Canciller\u00eda de Venezuela se distancia de las declaraciones del fiscal general Tarek William Saab y reitera su &#171;respeto&#187; por Lula da Silva"},"content":{"rendered":"<p>(CNN Espa\u00f1ol) &#8212; El Ministerio de Relaciones Exteriores de Venezuela se distanci\u00f3 este martes de las declaraciones que hizo el fiscal general de Venezuela, Tarek William Saab, en una entrevista difundida por el canal Globovisi\u00f3n este domingo, donde dijo que el presidente de Brasil, Luiz In\u00e1cio Lula da Silva, era &#171;vocero&#187; de la &#171;izquierda captada por la CIA&#187;.<\/p>\n<p>Saab manifest\u00f3 en la entrevista que Lula &#171;no es el mismo que fund\u00f3 el Partido de los Trabajadores&#187;, y cuestion\u00f3 que el presidente de Brasil no acepte los resultados electorales certificados por el Tribunal Supremo de Justicia de Venezuela que le dieron la victoria a Nicol\u00e1s Maduro, a pesar de no haber publicado evidencia t\u00e9cnica que respalde esa afirmaci\u00f3n.<\/p>\n<p>Misi\u00f3n de la ONU denuncia\u00a0cr\u00edmenes de lesa humanidad\u00a0en Venezuela durante el periodo electoral 2024<\/p>\n<p>&#171;El Ministerio del Poder Popular para las Relaciones Exteriores de la Rep\u00fablica Bolivariana de Venezuela expresa a la opini\u00f3n p\u00fablica nacional e internacional, especialmente al pueblo y gobierno de la Rep\u00fablica Federativa de Brasil, que las recientes declaraciones emitidas por el Fiscal General de la Rep\u00fablica sobre el presidente Luiz In\u00e1cio Lula da Silva corresponden a opiniones de car\u00e1cter personal\u00edsimo y en ning\u00fan momento reflejan la posici\u00f3n del Ejecutivo Nacional, responsable de la pol\u00edtica exterior venezolana&#187;, sostiene un comunicado difundido en el canal de Telegram del canciller Yv\u00e1n Gil Pinto.<\/p>\n<p>El Ministerio tambi\u00e9n reafirm\u00f3 &#171;su compromiso en la construcci\u00f3n de v\u00ednculos de hermandad y solidaridad entre Brasil y Venezuela\u201d, y su \u201crespeto absoluto a la trayectoria hist\u00f3rica de Lula da Silva y su liderazgo en Brasil&#187;.<\/p>\n<p>CNN ha solicitado un comentario al Ministerio de Exteriores de Brasil para conocer su postura ante las declaraciones tanto del fiscal como de la canciller\u00eda venezolana, y est\u00e1 a la espera de una respuesta.<\/p>\n<p>Tambi\u00e9n contact\u00f3 la Fiscal\u00eda General de Venezuela para pedir comentarios sobre el comunicado de la Canciller\u00eda.<\/p>\n<p>The-CNN-Wire<br \/>&trade; &amp; &copy; 2024 Cable News Network, Inc., a Warner Bros. Discovery Company. All rights reserved.<\/p>\n","protected":false},"excerpt":{"rendered":"<p>(CNN Espa\u00f1ol) &#8212; El Ministerio de Relaciones Exteriores de Venezuela se distanci\u00f3 este martes de las declaraciones que hizo el fiscal general de Venezuela, Tarek William Saab, en una entrevista difundida por el canal Globovisi\u00f3n este domingo, donde dijo que el presidente de Brasil, Luiz In\u00e1cio Lula da Silva, era &#171;vocero&#187; de la &#171;izquierda captada [&hellip;]<\/p>\n","protected":false},"author":0,"featured_media":0,"comment_status":"open","ping_status":"open","sticky":false,"template":"","format":"standard","meta":{"_jetpack_memberships_contains_paid_content":false,"footnotes":""},"categories":[10],"tags":[],"class_list":["post-1455110","post","type-post","status-publish","format-standard","hentry","category-noticias-nacionales","market-global"],"yoast_head":"<!-- This site is optimized with the Yoast SEO plugin v24.4 - https:\/\/yoast.com\/wordpress\/plugins\/seo\/ -->\n<title>Canciller\u00eda de Venezuela se distancia de las declaraciones del fiscal general Tarek William Saab y reitera su &quot;respeto&quot; por Lula da Silva - Noticias<\/title>\n<meta name=\"robots\" content=\"index, follow, max-snippet:-1, max-image-preview:large, max-video-preview:-1\" \/>\n<link rel=\"canonical\" href=\"https:\/\/noticiasya.com\/2024\/10\/15\/cancilleria-venezuela-distancia-declaraciones-tarek-william-saab-lula-da-silva-orix\/\" \/>\n<meta property=\"og:locale\" content=\"es_ES\" \/>\n<meta property=\"og:type\" content=\"article\" \/>\n<meta property=\"og:title\" content=\"Canciller\u00eda de Venezuela se distancia de las declaraciones del fiscal general Tarek William Saab y reitera su &quot;respeto&quot; por Lula da Silva - Noticias\" \/>\n<meta property=\"og:description\" content=\"(CNN Espa\u00f1ol) &#8212; El Ministerio de Relaciones Exteriores de Venezuela se distanci\u00f3 este martes de las declaraciones que hizo el fiscal general de Venezuela, Tarek William Saab, en una entrevista difundida por el canal Globovisi\u00f3n este domingo, donde dijo que el presidente de Brasil, Luiz In\u00e1cio Lula da Silva, era &#171;vocero&#187; de la &#171;izquierda captada [&hellip;]\" \/>\n<meta property=\"og:url\" content=\"https:\/\/noticiasya.com\/2024\/10\/15\/cancilleria-venezuela-distancia-declaraciones-tarek-william-saab-lula-da-silva-orix\/\" \/>\n<meta property=\"og:site_name\" content=\"Noticias\" \/>\n<meta property=\"article:published_time\" content=\"2024-10-15T20:03:41+00:00\" \/>\n<meta name=\"twitter:card\" content=\"summary_large_image\" \/>\n<meta name=\"twitter:label1\" content=\"Est. reading time\" \/>\n\t<meta name=\"twitter:data1\" content=\"2 minutos\" \/>\n<script type=\"application\/ld+json\" class=\"yoast-schema-graph\">{\"@context\":\"https:\/\/schema.org\",\"@graph\":[{\"@type\":\"Article\",\"@id\":\"https:\/\/noticiasya.com\/2024\/10\/15\/cancilleria-venezuela-distancia-declaraciones-tarek-william-saab-lula-da-silva-orix\/#article\",\"isPartOf\":{\"@id\":\"https:\/\/noticiasya.com\/2024\/10\/15\/cancilleria-venezuela-distancia-declaraciones-tarek-william-saab-lula-da-silva-orix\/\"},\"author\":{\"name\":\"\",\"@id\":\"\"},\"headline\":\"Canciller\u00eda de Venezuela se distancia de las declaraciones del fiscal general Tarek William Saab y reitera su &#171;respeto&#187; por Lula da Silva\",\"datePublished\":\"2024-10-15T20:03:41+00:00\",\"mainEntityOfPage\":{\"@id\":\"https:\/\/noticiasya.com\/2024\/10\/15\/cancilleria-venezuela-distancia-declaraciones-tarek-william-saab-lula-da-silva-orix\/\"},\"wordCount\":375,\"commentCount\":0,\"publisher\":{\"@id\":\"https:\/\/noticiasya.com\/#organization\"},\"articleSection\":[\"Noticias Nacionales\"],\"inLanguage\":\"es\",\"potentialAction\":[{\"@type\":\"CommentAction\",\"name\":\"Comment\",\"target\":[\"https:\/\/noticiasya.com\/2024\/10\/15\/cancilleria-venezuela-distancia-declaraciones-tarek-william-saab-lula-da-silva-orix\/#respond\"]}]},{\"@type\":\"WebPage\",\"@id\":\"https:\/\/noticiasya.com\/2024\/10\/15\/cancilleria-venezuela-distancia-declaraciones-tarek-william-saab-lula-da-silva-orix\/\",\"url\":\"https:\/\/noticiasya.com\/2024\/10\/15\/cancilleria-venezuela-distancia-declaraciones-tarek-william-saab-lula-da-silva-orix\/\",\"name\":\"Canciller\u00eda de Venezuela se distancia de las declaraciones del fiscal general Tarek William Saab y reitera su \\\"respeto\\\" por Lula da Silva - Noticias\",\"isPartOf\":{\"@id\":\"https:\/\/noticiasya.com\/#website\"},\"datePublished\":\"2024-10-15T20:03:41+00:00\",\"breadcrumb\":{\"@id\":\"https:\/\/noticiasya.com\/2024\/10\/15\/cancilleria-venezuela-distancia-declaraciones-tarek-william-saab-lula-da-silva-orix\/#breadcrumb\"},\"inLanguage\":\"es\",\"potentialAction\":[{\"@type\":\"ReadAction\",\"target\":[\"https:\/\/noticiasya.com\/2024\/10\/15\/cancilleria-venezuela-distancia-declaraciones-tarek-william-saab-lula-da-silva-orix\/\"]}]},{\"@type\":\"BreadcrumbList\",\"@id\":\"https:\/\/noticiasya.com\/2024\/10\/15\/cancilleria-venezuela-distancia-declaraciones-tarek-william-saab-lula-da-silva-orix\/#breadcrumb\",\"itemListElement\":[{\"@type\":\"ListItem\",\"position\":1,\"name\":\"Home\",\"item\":\"https:\/\/noticiasya.com\/\"},{\"@type\":\"ListItem\",\"position\":2,\"name\":\"Canciller\u00eda de Venezuela se distancia de las declaraciones del fiscal general Tarek William Saab y reitera su &#171;respeto&#187; por Lula da Silva\"}]},{\"@type\":\"WebSite\",\"@id\":\"https:\/\/noticiasya.com\/#website\",\"url\":\"https:\/\/noticiasya.com\/\",\"name\":\"Noticias\",\"description\":\"Lo que importa\",\"publisher\":{\"@id\":\"https:\/\/noticiasya.com\/#organization\"},\"potentialAction\":[{\"@type\":\"SearchAction\",\"target\":{\"@type\":\"EntryPoint\",\"urlTemplate\":\"https:\/\/noticiasya.com\/?s={search_term_string}\"},\"query-input\":{\"@type\":\"PropertyValueSpecification\",\"valueRequired\":true,\"valueName\":\"search_term_string\"}}],\"inLanguage\":\"es\"},{\"@type\":\"Organization\",\"@id\":\"https:\/\/noticiasya.com\/#organization\",\"name\":\"Noticias\",\"url\":\"https:\/\/noticiasya.com\/\",\"logo\":{\"@type\":\"ImageObject\",\"inLanguage\":\"es\",\"@id\":\"https:\/\/noticiasya.com\/#\/schema\/logo\/image\/\",\"url\":\"https:\/\/noticiasya.com\/wp-content\/uploads\/sites\/22\/2023\/12\/logo-nacional.png\",\"contentUrl\":\"https:\/\/noticiasya.com\/wp-content\/uploads\/sites\/22\/2023\/12\/logo-nacional.png\",\"width\":1801,\"height\":691,\"caption\":\"Noticias\"},\"image\":{\"@id\":\"https:\/\/noticiasya.com\/#\/schema\/logo\/image\/\"}}]}<\/script>\n<!-- \/ Yoast SEO plugin. -->","yoast_head_json":{"title":"Canciller\u00eda de Venezuela se distancia de las declaraciones del fiscal general Tarek William Saab y reitera su \"respeto\" por Lula da Silva - Noticias","robots":{"index":"index","follow":"follow","max-snippet":"max-snippet:-1","max-image-preview":"max-image-preview:large","max-video-preview":"max-video-preview:-1"},"canonical":"https:\/\/noticiasya.com\/2024\/10\/15\/cancilleria-venezuela-distancia-declaraciones-tarek-william-saab-lula-da-silva-orix\/","og_locale":"es_ES","og_type":"article","og_title":"Canciller\u00eda de Venezuela se distancia de las declaraciones del fiscal general Tarek William Saab y reitera su \"respeto\" por Lula da Silva - Noticias","og_description":"(CNN Espa\u00f1ol) &#8212; El Ministerio de Relaciones Exteriores de Venezuela se distanci\u00f3 este martes de las declaraciones que hizo el fiscal general de Venezuela, Tarek William Saab, en una entrevista difundida por el canal Globovisi\u00f3n este domingo, donde dijo que el presidente de Brasil, Luiz In\u00e1cio Lula da Silva, era &#171;vocero&#187; de la &#171;izquierda captada [&hellip;]","og_url":"https:\/\/noticiasya.com\/2024\/10\/15\/cancilleria-venezuela-distancia-declaraciones-tarek-william-saab-lula-da-silva-orix\/","og_site_name":"Noticias","article_published_time":"2024-10-15T20:03:41+00:00","twitter_card":"summary_large_image","twitter_misc":{"Est. reading time":"2 minutos"},"schema":{"@context":"https:\/\/schema.org","@graph":[{"@type":"Article","@id":"https:\/\/noticiasya.com\/2024\/10\/15\/cancilleria-venezuela-distancia-declaraciones-tarek-william-saab-lula-da-silva-orix\/#article","isPartOf":{"@id":"https:\/\/noticiasya.com\/2024\/10\/15\/cancilleria-venezuela-distancia-declaraciones-tarek-william-saab-lula-da-silva-orix\/"},"author":{"name":"","@id":""},"headline":"Canciller\u00eda de Venezuela se distancia de las declaraciones del fiscal general Tarek William Saab y reitera su &#171;respeto&#187; por Lula da Silva","datePublished":"2024-10-15T20:03:41+00:00","mainEntityOfPage":{"@id":"https:\/\/noticiasya.com\/2024\/10\/15\/cancilleria-venezuela-distancia-declaraciones-tarek-william-saab-lula-da-silva-orix\/"},"wordCount":375,"commentCount":0,"publisher":{"@id":"https:\/\/noticiasya.com\/#organization"},"articleSection":["Noticias Nacionales"],"inLanguage":"es","potentialAction":[{"@type":"CommentAction","name":"Comment","target":["https:\/\/noticiasya.com\/2024\/10\/15\/cancilleria-venezuela-distancia-declaraciones-tarek-william-saab-lula-da-silva-orix\/#respond"]}]},{"@type":"WebPage","@id":"https:\/\/noticiasya.com\/2024\/10\/15\/cancilleria-venezuela-distancia-declaraciones-tarek-william-saab-lula-da-silva-orix\/","url":"https:\/\/noticiasya.com\/2024\/10\/15\/cancilleria-venezuela-distancia-declaraciones-tarek-william-saab-lula-da-silva-orix\/","name":"Canciller\u00eda de Venezuela se distancia de las declaraciones del fiscal general Tarek William Saab y reitera su \"respeto\" por Lula da Silva - Noticias","isPartOf":{"@id":"https:\/\/noticiasya.com\/#website"},"datePublished":"2024-10-15T20:03:41+00:00","breadcrumb":{"@id":"https:\/\/noticiasya.com\/2024\/10\/15\/cancilleria-venezuela-distancia-declaraciones-tarek-william-saab-lula-da-silva-orix\/#breadcrumb"},"inLanguage":"es","potentialAction":[{"@type":"ReadAction","target":["https:\/\/noticiasya.com\/2024\/10\/15\/cancilleria-venezuela-distancia-declaraciones-tarek-william-saab-lula-da-silva-orix\/"]}]},{"@type":"BreadcrumbList","@id":"https:\/\/noticiasya.com\/2024\/10\/15\/cancilleria-venezuela-distancia-declaraciones-tarek-william-saab-lula-da-silva-orix\/#breadcrumb","itemListElement":[{"@type":"ListItem","position":1,"name":"Home","item":"https:\/\/noticiasya.com\/"},{"@type":"ListItem","position":2,"name":"Canciller\u00eda de Venezuela se distancia de las declaraciones del fiscal general Tarek William Saab y reitera su &#171;respeto&#187; por Lula da Silva"}]},{"@type":"WebSite","@id":"https:\/\/noticiasya.com\/#website","url":"https:\/\/noticiasya.com\/","name":"Noticias","description":"Lo que importa","publisher":{"@id":"https:\/\/noticiasya.com\/#organization"},"potentialAction":[{"@type":"SearchAction","target":{"@type":"EntryPoint","urlTemplate":"https:\/\/noticiasya.com\/?s={search_term_string}"},"query-input":{"@type":"PropertyValueSpecification","valueRequired":true,"valueName":"search_term_string"}}],"inLanguage":"es"},{"@type":"Organization","@id":"https:\/\/noticiasya.com\/#organization","name":"Noticias","url":"https:\/\/noticiasya.com\/","logo":{"@type":"ImageObject","inLanguage":"es","@id":"https:\/\/noticiasya.com\/#\/schema\/logo\/image\/","url":"https:\/\/noticiasya.com\/wp-content\/uploads\/sites\/22\/2023\/12\/logo-nacional.png","contentUrl":"https:\/\/noticiasya.com\/wp-content\/uploads\/sites\/22\/2023\/12\/logo-nacional.png","width":1801,"height":691,"caption":"Noticias"},"image":{"@id":"https:\/\/noticiasya.com\/#\/schema\/logo\/image\/"}}]}},"parsely":{"version":"1.1.0","canonical_url":"https:\/\/noticiasya.com\/el-valle\/2024\/10\/15\/cancilleria-venezuela-distancia-declaraciones-tarek-william-saab-lula-da-silva-orix\/","smart_links":{"inbound":0,"outbound":0},"traffic_boost_suggestions_count":0,"meta":{"@context":"https:\/\/schema.org","@type":"NewsArticle","headline":"Canciller\u00eda de Venezuela se distancia de las declaraciones del fiscal general Tarek William Saab y reitera su &#171;respeto&#187; por Lula da Silva","url":"http:\/\/noticiasya.com\/el-valle\/2024\/10\/15\/cancilleria-venezuela-distancia-declaraciones-tarek-william-saab-lula-da-silva-orix\/","mainEntityOfPage":{"@type":"WebPage","@id":"http:\/\/noticiasya.com\/el-valle\/2024\/10\/15\/cancilleria-venezuela-distancia-declaraciones-tarek-william-saab-lula-da-silva-orix\/"},"thumbnailUrl":"","image":{"@type":"ImageObject","url":""},"articleSection":"Noticias Nacionales","author":[],"creator":[],"publisher":{"@type":"Organization","name":"Noticias","logo":""},"keywords":[],"dateCreated":"2024-10-15T20:03:41Z","datePublished":"2024-10-15T20:03:41Z","dateModified":"2024-10-15T20:03:41Z"},"rendered":"<script type=\"application\/ld+json\" class=\"wp-parsely-metadata\">{\"@context\":\"https:\\\/\\\/schema.org\",\"@type\":\"NewsArticle\",\"headline\":\"Canciller\\u00eda de Venezuela se distancia de las declaraciones del fiscal general Tarek William Saab y reitera su &#171;respeto&#187; por Lula da Silva\",\"url\":\"http:\\\/\\\/noticiasya.com\\\/el-valle\\\/2024\\\/10\\\/15\\\/cancilleria-venezuela-distancia-declaraciones-tarek-william-saab-lula-da-silva-orix\\\/\",\"mainEntityOfPage\":{\"@type\":\"WebPage\",\"@id\":\"http:\\\/\\\/noticiasya.com\\\/el-valle\\\/2024\\\/10\\\/15\\\/cancilleria-venezuela-distancia-declaraciones-tarek-william-saab-lula-da-silva-orix\\\/\"},\"thumbnailUrl\":\"\",\"image\":{\"@type\":\"ImageObject\",\"url\":\"\"},\"articleSection\":\"Noticias Nacionales\",\"author\":[],\"creator\":[],\"publisher\":{\"@type\":\"Organization\",\"name\":\"Noticias\",\"logo\":\"\"},\"keywords\":[],\"dateCreated\":\"2024-10-15T20:03:41Z\",\"datePublished\":\"2024-10-15T20:03:41Z\",\"dateModified\":\"2024-10-15T20:03:41Z\"}<\/script>","tracker_url":"https:\/\/cdn.parsely.com\/keys\/noticiasya.com\/p.js"},"jetpack_featured_media_url":"","jetpack-related-posts":[{"id":1471649,"url":"https:\/\/noticiasya.com\/el-valle\/2026\/02\/25\/tarek-william-saab-alfredo-ruiz-angulo-renuncias-orix\/","url_meta":{"origin":1455110,"position":0},"title":"Tarek William Saab renuncia como fiscal de Venezuela y asume como defensor del Pueblo encargado","author":"","date":"febrero 25, 2026","format":false,"excerpt":"Tarek William Saab y Alfredo Jos\u00e9 Ruiz Angulo renunciaron este mi\u00e9rcoles a sus cargos como fiscal general y defensor del Pueblo en Venezuela, respectivamente, inform\u00f3 el presidente de la Asamblea Nacional, Jorge Rodr\u00edguez.Durante la sesi\u00f3n del \u00f3rgano legislativo, Rodr\u00edguez ley\u00f3 ambas cartas de renuncia.En la suya, Ruiz Angulo dijo que\u2026","rel":"","context":"In &quot;Noticias Nacionales&quot;","block_context":{"text":"Noticias Nacionales","link":"https:\/\/noticiasya.com\/el-valle\/categoria\/noticias-nacionales"},"img":{"alt_text":"","src":"","width":0,"height":0},"classes":[]},{"id":1452465,"url":"https:\/\/noticiasya.com\/el-valle\/2024\/09\/05\/militar-detenido-venezuela-nacionalidad-mexicana-documentos-orix\/","url_meta":{"origin":1455110,"position":1},"title":"El militar de EE.UU. detenido en Venezuela tambi\u00e9n tiene nacionalidad mexicana y fue detenido por entrar al pa\u00eds sin documentos, dice el fiscal Saab","author":"","date":"septiembre 5, 2024","format":false,"excerpt":"(CNN Espa\u00f1ol) \u2013\u2013 El militar de Estados Unidos que fue detenido el 30 de agosto en Venezuela tambi\u00e9n tiene nacionalidad mexicana e ingres\u00f3 a territorio venezolano sin documentos ni motivos claros, por lo cual fue detenido, dijo este jueves el fiscal general del pa\u00eds sudamericano, Tarek William Saab.\u201cEntr\u00f3 sin ning\u00fan\u2026","rel":"","context":"In &quot;Noticias Nacionales&quot;","block_context":{"text":"Noticias Nacionales","link":"https:\/\/noticiasya.com\/el-valle\/categoria\/noticias-nacionales"},"img":{"alt_text":"","src":"","width":0,"height":0},"classes":[]},{"id":1456582,"url":"https:\/\/noticiasya.com\/el-valle\/2024\/12\/13\/derechos-humanos-onu-preocupacion-saab-orix\/","url_meta":{"origin":1455110,"position":2},"title":"El Alto Comisionado para los Derechos Humanos de la ONU expresa preocupaci\u00f3n por la situaci\u00f3n pol\u00edtica en Venezuela","author":"","date":"diciembre 13, 2024","format":false,"excerpt":"El Alto Comisionado para los Derechos Humanos de la Organizaci\u00f3n de las Naciones Unidas (ONU), Volker T\u00fcrk, dijo estar \u201cprofundamente preocupado\u201d por la situaci\u00f3n pol\u00edtica en Venezuela, a cuatro meses y medio de las controvertidas elecciones presidenciales del 28 de julio y a menos de un mes del comienzo de\u2026","rel":"","context":"In &quot;Noticias Nacionales&quot;","block_context":{"text":"Noticias Nacionales","link":"https:\/\/noticiasya.com\/el-valle\/categoria\/noticias-nacionales"},"img":{"alt_text":"","src":"","width":0,"height":0},"classes":[]},{"id":1452157,"url":"https:\/\/noticiasya.com\/el-valle\/2024\/08\/26\/actas-son-la-paz-dice-edmundo-gonzalez-ante-citacion-fiscalia-de-venezuela-orix\/","url_meta":{"origin":1455110,"position":3},"title":"Las actas son la paz, dice Edmundo Gonz\u00e1lez ante citaci\u00f3n de la Fiscal\u00eda de Venezuela","author":"","date":"agosto 26, 2024","format":false,"excerpt":"(CNN Espa\u00f1ol) -- Edmundo Gonz\u00e1lez Urrutia, candidato opositor en las elecciones presidenciales del 28 de julio en Venezuela, inform\u00f3 este domingo que no est\u00e1 claro en qu\u00e9 condiciones espera el Ministerio P\u00fablico que comparezca este lunes a la citaci\u00f3n que le hizo la semana pasada.A modo de declaraci\u00f3n p\u00fablica, Gonz\u00e1lez\u2026","rel":"","context":"In &quot;Noticias Nacionales&quot;","block_context":{"text":"Noticias Nacionales","link":"https:\/\/noticiasya.com\/el-valle\/categoria\/noticias-nacionales"},"img":{"alt_text":"","src":"","width":0,"height":0},"classes":[]},{"id":1471790,"url":"https:\/\/noticiasya.com\/el-valle\/2026\/03\/02\/quien-es-tarek-william-saab-por-que-dejo-fiscal-delcy-orix\/","url_meta":{"origin":1455110,"position":4},"title":"\u00bfQu\u00e9 hay detr\u00e1s de la salida de Tarek William Saab y de los cambios en el Gabinete de Delcy Rodr\u00edguez?","author":"","date":"marzo 2, 2026","format":false,"excerpt":"Al presentar su renuncia como fiscal general de Venezuela, un cargo que ocup\u00f3 por casi 10 a\u00f1os, Tarek William Saab fue nombrado de inmediato como defensor del pueblo encargado. Ese cargo, seg\u00fan analistas consultados por CNN, representa un cambio significativo: aunque tiene menor visibilidad p\u00fablica que en su posici\u00f3n anterior,\u2026","rel":"","context":"In &quot;Noticias Nacionales&quot;","block_context":{"text":"Noticias Nacionales","link":"https:\/\/noticiasya.com\/el-valle\/categoria\/noticias-nacionales"},"img":{"alt_text":"","src":"","width":0,"height":0},"classes":[]},{"id":1452535,"url":"https:\/\/noticiasya.com\/el-valle\/2024\/09\/08\/fiscal-venezuela-caso-gonzalez-cerrado-salida-trax\/","url_meta":{"origin":1455110,"position":5},"title":"Fiscal general de Venezuela dice que caso contra Gonz\u00e1lez ser\u00e1 cerrado tras su salida del pa\u00eds","author":"","date":"septiembre 8, 2024","format":false,"excerpt":"(CNN) \u2013\u2013 El fiscal general de Venezuela, Tarek William Saab, dijo este domingo que el caso contra el opositor Edmundo Gonz\u00e1lez ser\u00e1 cerrado, luego de que el excandidato presidencial saliera a Espa\u00f1a, donde solicit\u00f3 asilo.Saab dijo que la salida de Gonz\u00e1lez del pa\u00eds trae un \u201ccambio\u201d al proceso judicial en\u2026","rel":"","context":"In &quot;Noticias Nacionales&quot;","block_context":{"text":"Noticias Nacionales","link":"https:\/\/noticiasya.com\/el-valle\/categoria\/noticias-nacionales"},"img":{"alt_text":"","src":"","width":0,"height":0},"classes":[]}],"jetpack_sharing_enabled":true,"_links":{"self":[{"href":"https:\/\/noticiasya.com\/el-valle\/wp-json\/wp\/v2\/posts\/1455110","targetHints":{"allow":["GET"]}}],"collection":[{"href":"https:\/\/noticiasya.com\/el-valle\/wp-json\/wp\/v2\/posts"}],"about":[{"href":"https:\/\/noticiasya.com\/el-valle\/wp-json\/wp\/v2\/types\/post"}],"replies":[{"embeddable":true,"href":"https:\/\/noticiasya.com\/el-valle\/wp-json\/wp\/v2\/comments?post=1455110"}],"version-history":[{"count":0,"href":"https:\/\/noticiasya.com\/el-valle\/wp-json\/wp\/v2\/posts\/1455110\/revisions"}],"wp:attachment":[{"href":"https:\/\/noticiasya.com\/el-valle\/wp-json\/wp\/v2\/media?parent=1455110"}],"wp:term":[{"taxonomy":"category","embeddable":true,"href":"https:\/\/noticiasya.com\/el-valle\/wp-json\/wp\/v2\/categories?post=1455110"},{"taxonomy":"post_tag","embeddable":true,"href":"https:\/\/noticiasya.com\/el-valle\/wp-json\/wp\/v2\/tags?post=1455110"}],"curies":[{"name":"wp","href":"https:\/\/api.w.org\/{rel}","templated":true}]}}