{"id":1455112,"date":"2024-10-15T13:03:41","date_gmt":"2024-10-15T20:03:41","guid":{"rendered":"https:\/\/noticiasya.com\/2024\/10\/15\/trump-entrevista-cancela-cnbc-elecciones-eeuu-trax\/"},"modified":"2024-10-15T13:03:41","modified_gmt":"2024-10-15T20:03:41","slug":"trump-entrevista-cancela-cnbc-elecciones-eeuu-trax","status":"publish","type":"post","link":"https:\/\/noticiasya.com\/el-valle\/2024\/10\/15\/trump-entrevista-cancela-cnbc-elecciones-eeuu-trax\/","title":{"rendered":"Trump cancela entrevista con CNBC, la segunda este mes con la prensa convencional"},"content":{"rendered":"<p>(CNN) &#8212;\u00a0Donald Trump cancel\u00f3 una entrevista con CNBC, marcando la segunda vez este mes que el expresidente de Estados Unidos cancela una aparici\u00f3n con la prensa convencional.<\/p>\n<p>Joe Kernen, co-presentador de &#171;Squawk Box&#187;, dio la noticia de la cancelaci\u00f3n de la entrevista no anunciada durante la transmisi\u00f3n de este martes por la ma\u00f1ana.<\/p>\n<p>&#171;Bueno, Trump cancel\u00f3, y \u00e9l iba a venir&#187;, dijo.<\/p>\n<p>Kernen agreg\u00f3 que la cadena tambi\u00e9n ofreci\u00f3 una entrevista a la vicepresidenta Kamala Harris, pero dijo que &#171;ella no vendr\u00e1&#187;. Kernen brome\u00f3 diciendo que, con la decisi\u00f3n de Trump, \u201cella podr\u00eda venir y podr\u00edamos decir que se lo ofrecimos al equipo de Trump, pero no lo har\u00e1n\u201d.<\/p>\n<p>Un funcionario de la campa\u00f1a de Trump dijo a CNN que la entrevista planeada con CNBC fue cancelada debido a un conflicto de agenda, se\u00f1alando que el expresidente tiene la intenci\u00f3n de estar en Michigan el viernes.<\/p>\n<p>Un portavoz de CNBC no respondi\u00f3 de inmediato a una solicitud de comentarios de CNN.<\/p>\n<p>Tres gr\u00e1ficos que ayudan a explicar c\u00f3mo funcionar\u00edan los aranceles de Trump<\/p>\n<p>La decisi\u00f3n de Trump de cancelar la aparici\u00f3n se produce menos de dos semanas despu\u00e9s de que cancelara una entrevista en &#171;60 Minutes&#187; de CBS News con Scott Pelley.<\/p>\n<p>El expresidente ha optado por aparecer casi exclusivamente en territorios amigables, limit\u00e1ndose a apariciones en medios conservadores, incluidos Fox News, Newsmax, &#171;The Ramsey Show&#187; y Real America\u2019s Voice. Se espera que Trump tambi\u00e9n participe en asambleas p\u00fablicas esta semana con Fox News y Univision.<\/p>\n<p>&#171;Trump se retir\u00f3 del debate porque Kamala Harris lo responsabilizar\u00eda (de nuevo)&#187;, dijo Charles Kretchmer Lutvak, portavoz de la campa\u00f1a de Harris, a trav\u00e9s de X este martes. &#171;Trump se retir\u00f3 de &#8217;60 Minutes&#8217; porque ten\u00eda miedo de responder preguntas reales&#187;.<\/p>\n<p>&#171;Ahora, Trump se retir\u00f3 de Joe Kernan [sic] porque ni siquiera puede hablar con su mejor amigo en la televisi\u00f3n&#187;, escribi\u00f3 Lutvak.<\/p>\n<p>Sin debates adicionales programados antes de las elecciones de noviembre, Trump y Harris se han centrado en llegar a votantes indecisos a trav\u00e9s de plataformas no tradicionales, incluidos podcasts.<\/p>\n<p>Harris tambi\u00e9n acord\u00f3 su primera entrevista formal en Fox News, sent\u00e1ndose con el presentador Bret Baier para una entrevista programada para emitirse el mi\u00e9rcoles por la noche.<\/p>\n<p>The-CNN-Wire<br \/>&trade; &amp; &copy; 2024 Cable News Network, Inc., a Warner Bros. Discovery Company. All rights reserved.<\/p>\n","protected":false},"excerpt":{"rendered":"<p>(CNN) &#8212;\u00a0Donald Trump cancel\u00f3 una entrevista con CNBC, marcando la segunda vez este mes que el expresidente de Estados Unidos cancela una aparici\u00f3n con la prensa convencional. Joe Kernen, co-presentador de &#171;Squawk Box&#187;, dio la noticia de la cancelaci\u00f3n de la entrevista no anunciada durante la transmisi\u00f3n de este martes por la ma\u00f1ana. &#171;Bueno, Trump [&hellip;]<\/p>\n","protected":false},"author":0,"featured_media":0,"comment_status":"open","ping_status":"open","sticky":false,"template":"","format":"standard","meta":{"_jetpack_memberships_contains_paid_content":false,"footnotes":""},"categories":[10],"tags":[],"class_list":["post-1455112","post","type-post","status-publish","format-standard","hentry","category-noticias-nacionales","market-global"],"yoast_head":"<!-- This site is optimized with the Yoast SEO plugin v24.4 - https:\/\/yoast.com\/wordpress\/plugins\/seo\/ -->\n<title>Trump cancela entrevista con CNBC, la segunda este mes con la prensa convencional - Noticias<\/title>\n<meta name=\"robots\" content=\"index, follow, max-snippet:-1, max-image-preview:large, max-video-preview:-1\" \/>\n<link rel=\"canonical\" href=\"https:\/\/noticiasya.com\/2024\/10\/15\/trump-entrevista-cancela-cnbc-elecciones-eeuu-trax\/\" \/>\n<meta property=\"og:locale\" content=\"es_ES\" \/>\n<meta property=\"og:type\" content=\"article\" \/>\n<meta property=\"og:title\" content=\"Trump cancela entrevista con CNBC, la segunda este mes con la prensa convencional - Noticias\" \/>\n<meta property=\"og:description\" content=\"(CNN) &#8212;\u00a0Donald Trump cancel\u00f3 una entrevista con CNBC, marcando la segunda vez este mes que el expresidente de Estados Unidos cancela una aparici\u00f3n con la prensa convencional. Joe Kernen, co-presentador de &#171;Squawk Box&#187;, dio la noticia de la cancelaci\u00f3n de la entrevista no anunciada durante la transmisi\u00f3n de este martes por la ma\u00f1ana. &#171;Bueno, Trump [&hellip;]\" \/>\n<meta property=\"og:url\" content=\"https:\/\/noticiasya.com\/2024\/10\/15\/trump-entrevista-cancela-cnbc-elecciones-eeuu-trax\/\" \/>\n<meta property=\"og:site_name\" content=\"Noticias\" \/>\n<meta property=\"article:published_time\" content=\"2024-10-15T20:03:41+00:00\" \/>\n<meta name=\"twitter:card\" content=\"summary_large_image\" \/>\n<meta name=\"twitter:label1\" content=\"Est. reading time\" \/>\n\t<meta name=\"twitter:data1\" content=\"2 minutos\" \/>\n<script type=\"application\/ld+json\" class=\"yoast-schema-graph\">{\"@context\":\"https:\/\/schema.org\",\"@graph\":[{\"@type\":\"Article\",\"@id\":\"https:\/\/noticiasya.com\/2024\/10\/15\/trump-entrevista-cancela-cnbc-elecciones-eeuu-trax\/#article\",\"isPartOf\":{\"@id\":\"https:\/\/noticiasya.com\/2024\/10\/15\/trump-entrevista-cancela-cnbc-elecciones-eeuu-trax\/\"},\"author\":{\"name\":\"\",\"@id\":\"\"},\"headline\":\"Trump cancela entrevista con CNBC, la segunda este mes con la prensa convencional\",\"datePublished\":\"2024-10-15T20:03:41+00:00\",\"mainEntityOfPage\":{\"@id\":\"https:\/\/noticiasya.com\/2024\/10\/15\/trump-entrevista-cancela-cnbc-elecciones-eeuu-trax\/\"},\"wordCount\":424,\"commentCount\":0,\"publisher\":{\"@id\":\"https:\/\/noticiasya.com\/#organization\"},\"articleSection\":[\"Noticias Nacionales\"],\"inLanguage\":\"es\",\"potentialAction\":[{\"@type\":\"CommentAction\",\"name\":\"Comment\",\"target\":[\"https:\/\/noticiasya.com\/2024\/10\/15\/trump-entrevista-cancela-cnbc-elecciones-eeuu-trax\/#respond\"]}]},{\"@type\":\"WebPage\",\"@id\":\"https:\/\/noticiasya.com\/2024\/10\/15\/trump-entrevista-cancela-cnbc-elecciones-eeuu-trax\/\",\"url\":\"https:\/\/noticiasya.com\/2024\/10\/15\/trump-entrevista-cancela-cnbc-elecciones-eeuu-trax\/\",\"name\":\"Trump cancela entrevista con CNBC, la segunda este mes con la prensa convencional - Noticias\",\"isPartOf\":{\"@id\":\"https:\/\/noticiasya.com\/#website\"},\"datePublished\":\"2024-10-15T20:03:41+00:00\",\"breadcrumb\":{\"@id\":\"https:\/\/noticiasya.com\/2024\/10\/15\/trump-entrevista-cancela-cnbc-elecciones-eeuu-trax\/#breadcrumb\"},\"inLanguage\":\"es\",\"potentialAction\":[{\"@type\":\"ReadAction\",\"target\":[\"https:\/\/noticiasya.com\/2024\/10\/15\/trump-entrevista-cancela-cnbc-elecciones-eeuu-trax\/\"]}]},{\"@type\":\"BreadcrumbList\",\"@id\":\"https:\/\/noticiasya.com\/2024\/10\/15\/trump-entrevista-cancela-cnbc-elecciones-eeuu-trax\/#breadcrumb\",\"itemListElement\":[{\"@type\":\"ListItem\",\"position\":1,\"name\":\"Home\",\"item\":\"https:\/\/noticiasya.com\/\"},{\"@type\":\"ListItem\",\"position\":2,\"name\":\"Trump cancela entrevista con CNBC, la segunda este mes con la prensa convencional\"}]},{\"@type\":\"WebSite\",\"@id\":\"https:\/\/noticiasya.com\/#website\",\"url\":\"https:\/\/noticiasya.com\/\",\"name\":\"Noticias\",\"description\":\"Lo que importa\",\"publisher\":{\"@id\":\"https:\/\/noticiasya.com\/#organization\"},\"potentialAction\":[{\"@type\":\"SearchAction\",\"target\":{\"@type\":\"EntryPoint\",\"urlTemplate\":\"https:\/\/noticiasya.com\/?s={search_term_string}\"},\"query-input\":{\"@type\":\"PropertyValueSpecification\",\"valueRequired\":true,\"valueName\":\"search_term_string\"}}],\"inLanguage\":\"es\"},{\"@type\":\"Organization\",\"@id\":\"https:\/\/noticiasya.com\/#organization\",\"name\":\"Noticias\",\"url\":\"https:\/\/noticiasya.com\/\",\"logo\":{\"@type\":\"ImageObject\",\"inLanguage\":\"es\",\"@id\":\"https:\/\/noticiasya.com\/#\/schema\/logo\/image\/\",\"url\":\"https:\/\/noticiasya.com\/wp-content\/uploads\/sites\/22\/2023\/12\/logo-nacional.png\",\"contentUrl\":\"https:\/\/noticiasya.com\/wp-content\/uploads\/sites\/22\/2023\/12\/logo-nacional.png\",\"width\":1801,\"height\":691,\"caption\":\"Noticias\"},\"image\":{\"@id\":\"https:\/\/noticiasya.com\/#\/schema\/logo\/image\/\"}}]}<\/script>\n<!-- \/ Yoast SEO plugin. -->","yoast_head_json":{"title":"Trump cancela entrevista con CNBC, la segunda este mes con la prensa convencional - Noticias","robots":{"index":"index","follow":"follow","max-snippet":"max-snippet:-1","max-image-preview":"max-image-preview:large","max-video-preview":"max-video-preview:-1"},"canonical":"https:\/\/noticiasya.com\/2024\/10\/15\/trump-entrevista-cancela-cnbc-elecciones-eeuu-trax\/","og_locale":"es_ES","og_type":"article","og_title":"Trump cancela entrevista con CNBC, la segunda este mes con la prensa convencional - Noticias","og_description":"(CNN) &#8212;\u00a0Donald Trump cancel\u00f3 una entrevista con CNBC, marcando la segunda vez este mes que el expresidente de Estados Unidos cancela una aparici\u00f3n con la prensa convencional. Joe Kernen, co-presentador de &#171;Squawk Box&#187;, dio la noticia de la cancelaci\u00f3n de la entrevista no anunciada durante la transmisi\u00f3n de este martes por la ma\u00f1ana. &#171;Bueno, Trump [&hellip;]","og_url":"https:\/\/noticiasya.com\/2024\/10\/15\/trump-entrevista-cancela-cnbc-elecciones-eeuu-trax\/","og_site_name":"Noticias","article_published_time":"2024-10-15T20:03:41+00:00","twitter_card":"summary_large_image","twitter_misc":{"Est. reading time":"2 minutos"},"schema":{"@context":"https:\/\/schema.org","@graph":[{"@type":"Article","@id":"https:\/\/noticiasya.com\/2024\/10\/15\/trump-entrevista-cancela-cnbc-elecciones-eeuu-trax\/#article","isPartOf":{"@id":"https:\/\/noticiasya.com\/2024\/10\/15\/trump-entrevista-cancela-cnbc-elecciones-eeuu-trax\/"},"author":{"name":"","@id":""},"headline":"Trump cancela entrevista con CNBC, la segunda este mes con la prensa convencional","datePublished":"2024-10-15T20:03:41+00:00","mainEntityOfPage":{"@id":"https:\/\/noticiasya.com\/2024\/10\/15\/trump-entrevista-cancela-cnbc-elecciones-eeuu-trax\/"},"wordCount":424,"commentCount":0,"publisher":{"@id":"https:\/\/noticiasya.com\/#organization"},"articleSection":["Noticias Nacionales"],"inLanguage":"es","potentialAction":[{"@type":"CommentAction","name":"Comment","target":["https:\/\/noticiasya.com\/2024\/10\/15\/trump-entrevista-cancela-cnbc-elecciones-eeuu-trax\/#respond"]}]},{"@type":"WebPage","@id":"https:\/\/noticiasya.com\/2024\/10\/15\/trump-entrevista-cancela-cnbc-elecciones-eeuu-trax\/","url":"https:\/\/noticiasya.com\/2024\/10\/15\/trump-entrevista-cancela-cnbc-elecciones-eeuu-trax\/","name":"Trump cancela entrevista con CNBC, la segunda este mes con la prensa convencional - Noticias","isPartOf":{"@id":"https:\/\/noticiasya.com\/#website"},"datePublished":"2024-10-15T20:03:41+00:00","breadcrumb":{"@id":"https:\/\/noticiasya.com\/2024\/10\/15\/trump-entrevista-cancela-cnbc-elecciones-eeuu-trax\/#breadcrumb"},"inLanguage":"es","potentialAction":[{"@type":"ReadAction","target":["https:\/\/noticiasya.com\/2024\/10\/15\/trump-entrevista-cancela-cnbc-elecciones-eeuu-trax\/"]}]},{"@type":"BreadcrumbList","@id":"https:\/\/noticiasya.com\/2024\/10\/15\/trump-entrevista-cancela-cnbc-elecciones-eeuu-trax\/#breadcrumb","itemListElement":[{"@type":"ListItem","position":1,"name":"Home","item":"https:\/\/noticiasya.com\/"},{"@type":"ListItem","position":2,"name":"Trump cancela entrevista con CNBC, la segunda este mes con la prensa convencional"}]},{"@type":"WebSite","@id":"https:\/\/noticiasya.com\/#website","url":"https:\/\/noticiasya.com\/","name":"Noticias","description":"Lo que importa","publisher":{"@id":"https:\/\/noticiasya.com\/#organization"},"potentialAction":[{"@type":"SearchAction","target":{"@type":"EntryPoint","urlTemplate":"https:\/\/noticiasya.com\/?s={search_term_string}"},"query-input":{"@type":"PropertyValueSpecification","valueRequired":true,"valueName":"search_term_string"}}],"inLanguage":"es"},{"@type":"Organization","@id":"https:\/\/noticiasya.com\/#organization","name":"Noticias","url":"https:\/\/noticiasya.com\/","logo":{"@type":"ImageObject","inLanguage":"es","@id":"https:\/\/noticiasya.com\/#\/schema\/logo\/image\/","url":"https:\/\/noticiasya.com\/wp-content\/uploads\/sites\/22\/2023\/12\/logo-nacional.png","contentUrl":"https:\/\/noticiasya.com\/wp-content\/uploads\/sites\/22\/2023\/12\/logo-nacional.png","width":1801,"height":691,"caption":"Noticias"},"image":{"@id":"https:\/\/noticiasya.com\/#\/schema\/logo\/image\/"}}]}},"parsely":{"version":"1.1.0","canonical_url":"https:\/\/noticiasya.com\/el-valle\/2024\/10\/15\/trump-entrevista-cancela-cnbc-elecciones-eeuu-trax\/","smart_links":{"inbound":0,"outbound":0},"traffic_boost_suggestions_count":0,"meta":{"@context":"https:\/\/schema.org","@type":"NewsArticle","headline":"Trump cancela entrevista con CNBC, la segunda este mes con la prensa convencional","url":"http:\/\/noticiasya.com\/el-valle\/2024\/10\/15\/trump-entrevista-cancela-cnbc-elecciones-eeuu-trax\/","mainEntityOfPage":{"@type":"WebPage","@id":"http:\/\/noticiasya.com\/el-valle\/2024\/10\/15\/trump-entrevista-cancela-cnbc-elecciones-eeuu-trax\/"},"thumbnailUrl":"","image":{"@type":"ImageObject","url":""},"articleSection":"Noticias Nacionales","author":[],"creator":[],"publisher":{"@type":"Organization","name":"Noticias","logo":""},"keywords":[],"dateCreated":"2024-10-15T20:03:41Z","datePublished":"2024-10-15T20:03:41Z","dateModified":"2024-10-15T20:03:41Z"},"rendered":"<script type=\"application\/ld+json\" class=\"wp-parsely-metadata\">{\"@context\":\"https:\\\/\\\/schema.org\",\"@type\":\"NewsArticle\",\"headline\":\"Trump cancela entrevista con CNBC, la segunda este mes con la prensa convencional\",\"url\":\"http:\\\/\\\/noticiasya.com\\\/el-valle\\\/2024\\\/10\\\/15\\\/trump-entrevista-cancela-cnbc-elecciones-eeuu-trax\\\/\",\"mainEntityOfPage\":{\"@type\":\"WebPage\",\"@id\":\"http:\\\/\\\/noticiasya.com\\\/el-valle\\\/2024\\\/10\\\/15\\\/trump-entrevista-cancela-cnbc-elecciones-eeuu-trax\\\/\"},\"thumbnailUrl\":\"\",\"image\":{\"@type\":\"ImageObject\",\"url\":\"\"},\"articleSection\":\"Noticias Nacionales\",\"author\":[],\"creator\":[],\"publisher\":{\"@type\":\"Organization\",\"name\":\"Noticias\",\"logo\":\"\"},\"keywords\":[],\"dateCreated\":\"2024-10-15T20:03:41Z\",\"datePublished\":\"2024-10-15T20:03:41Z\",\"dateModified\":\"2024-10-15T20:03:41Z\"}<\/script>","tracker_url":"https:\/\/cdn.parsely.com\/keys\/noticiasya.com\/p.js"},"jetpack_featured_media_url":"","jetpack-related-posts":[{"id":1473365,"url":"https:\/\/noticiasya.com\/el-valle\/2026\/04\/21\/trump-afirmaciones-falsas-inflacion-ciudadania-por-nacimiento-trax\/","url_meta":{"origin":1455112,"position":0},"title":"En una entrevista este martes Trump hizo afirmaciones falsas sobre la inflaci\u00f3n y la ciudadan\u00eda por nacimiento","author":"","date":"abril 21, 2026","format":false,"excerpt":"El presidente Donald Trump hizo afirmaciones falsas sobre la inflaci\u00f3n y la ciudadan\u00eda por nacimiento en una entrevista con CNBC en la ma\u00f1ana de este martes.El presentador de CNBC Joe Kernen inform\u00f3 correctamente a Trump que, si bien hubo aumentos significativos de precios durante la administraci\u00f3n del expresidente Joe Biden,\u2026","rel":"","context":"In &quot;Noticias Nacionales&quot;","block_context":{"text":"Noticias Nacionales","link":"https:\/\/noticiasya.com\/el-valle\/categoria\/noticias-nacionales"},"img":{"alt_text":"","src":"","width":0,"height":0},"classes":[]},{"id":1459181,"url":"https:\/\/noticiasya.com\/el-valle\/2025\/02\/25\/navarro-negociaciones-mexico-canada-en-marcha-aranceles-trax\/","url_meta":{"origin":1455112,"position":1},"title":"Negociaciones con M\u00e9xico y Canad\u00e1 &#171;est\u00e1n en marcha&#187; pero EE.UU. a\u00fan podr\u00eda imponer aranceles, dice asesor de Trump","author":"","date":"febrero 25, 2025","format":false,"excerpt":"Cuestiones sin resolver en torno a la protecci\u00f3n fronteriza y el flujo de fentanilo significan que la amenaza del presidente Donald Trump de imponer aranceles del 25% a los bienes importados de Canad\u00e1 y M\u00e9xico sigue sobre la mesa, dijo Peter Navarro, un asesor clave de la Casa Blanca en\u2026","rel":"","context":"In &quot;Noticias Nacionales&quot;","block_context":{"text":"Noticias Nacionales","link":"https:\/\/noticiasya.com\/el-valle\/categoria\/noticias-nacionales"},"img":{"alt_text":"","src":"","width":0,"height":0},"classes":[]},{"id":1470309,"url":"https:\/\/noticiasya.com\/el-valle\/2026\/01\/20\/amazon-precios-altos-aranceles-trax\/","url_meta":{"origin":1455112,"position":2},"title":"El CEO de Amazon asegura que los precios han subido por los aranceles de Trump","author":"","date":"enero 20, 2026","format":false,"excerpt":"Si tu pr\u00f3ximo pedido de Amazon parece m\u00e1s caro, los amplios aranceles del presidente Donald Trump pueden ser en parte responsables, dijo el martes el CEO de Amazon, Andy Jassy.Como muchos minoristas, Amazon y su vasta red de vendedores externos acumularon inventario antes de la implementaci\u00f3n de los aranceles de\u2026","rel":"","context":"In &quot;Noticias Nacionales&quot;","block_context":{"text":"Noticias Nacionales","link":"https:\/\/noticiasya.com\/el-valle\/categoria\/noticias-nacionales"},"img":{"alt_text":"","src":"","width":0,"height":0},"classes":[]},{"id":1471351,"url":"https:\/\/noticiasya.com\/el-valle\/2026\/02\/17\/stephen-colbert-entrevista-cbs-james-talarico-trax\/","url_meta":{"origin":1455112,"position":3},"title":"Stephen Colbert dice que CBS cancel\u00f3 su entrevista con James Talarico tras amenazas de la FCC de Trump","author":"","date":"febrero 17, 2026","format":false,"excerpt":"Stephen Colbert grab\u00f3 el lunes una entrevista en \u201cLate Show\u201d con James Talarico, candidato en las primarias dem\u00f3cratas al Senado en Texas. Pero abogados de CBS intervinieron antes de que la entrevista pudiera emitirse en televisi\u00f3n.\u201cSe nos dijo en t\u00e9rminos inequ\u00edvocos por los abogados de nuestra cadena, que nos llamaron\u2026","rel":"","context":"In &quot;Noticias Nacionales&quot;","block_context":{"text":"Noticias Nacionales","link":"https:\/\/noticiasya.com\/el-valle\/categoria\/noticias-nacionales"},"img":{"alt_text":"","src":"","width":0,"height":0},"classes":[]},{"id":1467980,"url":"https:\/\/noticiasya.com\/el-valle\/2025\/11\/03\/entrevista-trump-60-minutes-cbs-trax\/","url_meta":{"origin":1455112,"position":4},"title":"Trump pas\u00f3 90 minutos con &#171;60 Minutes&#187;: esto fue lo que sucedi\u00f3","author":"","date":"noviembre 3, 2025","format":false,"excerpt":"El presidente Trump apareci\u00f3 en \u201c60 Minutes\u201d el domingo por la noche, un a\u00f1o despu\u00e9s de demandar al programa de CBS por la edici\u00f3n de una entrevista con Kamala Harris, y plenamente consciente de que sus respuestas tambi\u00e9n ser\u00edan recortadas por cuestiones de tiempo.\u201cNo tienes que usar esa\u201d, coment\u00f3 Trump\u2026","rel":"","context":"In &quot;Noticias Nacionales&quot;","block_context":{"text":"Noticias Nacionales","link":"https:\/\/noticiasya.com\/el-valle\/categoria\/noticias-nacionales"},"img":{"alt_text":"","src":"","width":0,"height":0},"classes":[]},{"id":1473686,"url":"https:\/\/noticiasya.com\/el-valle\/2026\/04\/30\/cruzada-trump-jerome-powell-contraproducente-trax\/","url_meta":{"origin":1455112,"position":5},"title":"C\u00f3mo la cruzada de Trump contra Powell le result\u00f3 contraproducente","author":"","date":"abril 30, 2026","format":false,"excerpt":"Una de las preguntas m\u00e1s grandes sobre la cruzada de represalias del Presidente Donald Trump es cu\u00e1nto de esto est\u00e1 impulsado por estrategia, es decir, convirtiendo en ejemplos de precauci\u00f3n a sus enemigos, y cu\u00e1nto de esto est\u00e1 impulsado por agravio personal y rencor.El caso del Presidente de la Reserva\u2026","rel":"","context":"In &quot;Noticias Nacionales&quot;","block_context":{"text":"Noticias Nacionales","link":"https:\/\/noticiasya.com\/el-valle\/categoria\/noticias-nacionales"},"img":{"alt_text":"","src":"","width":0,"height":0},"classes":[]}],"jetpack_sharing_enabled":true,"_links":{"self":[{"href":"https:\/\/noticiasya.com\/el-valle\/wp-json\/wp\/v2\/posts\/1455112","targetHints":{"allow":["GET"]}}],"collection":[{"href":"https:\/\/noticiasya.com\/el-valle\/wp-json\/wp\/v2\/posts"}],"about":[{"href":"https:\/\/noticiasya.com\/el-valle\/wp-json\/wp\/v2\/types\/post"}],"replies":[{"embeddable":true,"href":"https:\/\/noticiasya.com\/el-valle\/wp-json\/wp\/v2\/comments?post=1455112"}],"version-history":[{"count":0,"href":"https:\/\/noticiasya.com\/el-valle\/wp-json\/wp\/v2\/posts\/1455112\/revisions"}],"wp:attachment":[{"href":"https:\/\/noticiasya.com\/el-valle\/wp-json\/wp\/v2\/media?parent=1455112"}],"wp:term":[{"taxonomy":"category","embeddable":true,"href":"https:\/\/noticiasya.com\/el-valle\/wp-json\/wp\/v2\/categories?post=1455112"},{"taxonomy":"post_tag","embeddable":true,"href":"https:\/\/noticiasya.com\/el-valle\/wp-json\/wp\/v2\/tags?post=1455112"}],"curies":[{"name":"wp","href":"https:\/\/api.w.org\/{rel}","templated":true}]}}