{"id":1455121,"date":"2024-10-15T18:03:39","date_gmt":"2024-10-16T01:03:39","guid":{"rendered":"https:\/\/noticiasya.com\/2024\/10\/15\/genaro-garcia-luna-clemencia-al-juez-antes-sentencia-orix\/"},"modified":"2024-10-15T18:03:39","modified_gmt":"2024-10-16T01:03:39","slug":"genaro-garcia-luna-clemencia-al-juez-antes-sentencia-orix","status":"publish","type":"post","link":"https:\/\/noticiasya.com\/el-valle\/2024\/10\/15\/genaro-garcia-luna-clemencia-al-juez-antes-sentencia-orix\/","title":{"rendered":"Genaro Garc\u00eda Luna pide clemencia al juez un d\u00eda antes de su sentencia"},"content":{"rendered":"<p>(CNN Espa\u00f1ol) &#8212;\u00a0Genaro Garc\u00eda Luna, secretario de Seguridad P\u00fablica de M\u00e9xico durante la presidencia de Felipe Calder\u00f3n y juzgado en Estados Unidos por cargos de narcotr\u00e1fico y v\u00ednculos con la delincuencia organizada, pidi\u00f3 este martes clemencia al juez Brian Cogan, que dar\u00e1 sentencia de su caso.<\/p>\n<p>A un d\u00eda de su presentaci\u00f3n en la Corte de Brooklyn para escuchar su sentencia, Garc\u00eda Luna hizo p\u00fablica una carta de su pu\u00f1o y letra dirigida al juez Cogan en la que se refiere a su propia vida como producto de &#171;valores familiares&#187; que, seg\u00fan dice, los habr\u00eda recibido desde su infancia.<\/p>\n<p>\ud83d\udcc4 Haz clic aqu\u00ed para ver la carta manuscrita completa.<\/p>\n<p>En la carta, de cinco p\u00e1ginas, Garc\u00eda Luna cuenta que dentro de la prisi\u00f3n en la que ha pasado los \u00faltimos 58 meses de su cautiverio ha participado en programas para capacitaci\u00f3n de concientizaci\u00f3n de uso y abuso de drogas, as\u00ed como en un programa de Educaci\u00f3n en Prisi\u00f3n de la Universidad de Columbia.<\/p>\n<p>Adem\u00e1s, el exsecretario de Seguridad P\u00fablica subraya que cuando fue funcionario p\u00fablico tuvo conocimiento de informaci\u00f3n reservada y privilegiada que inclu\u00eda la colaboraci\u00f3n de autoridades estadounidenses de primer nivel.<\/p>\n<p>La defensa de Garc\u00eda Luna pide 20 a\u00f1os de c\u00e1rcel para su defendido, seg\u00fan documento<\/p>\n<p>Garc\u00eda Luna fue declarado culpable de participar en una empresa criminal continua, conspiraci\u00f3n para obtener, importar y distribuir miles de kilogramos de coca\u00edna en Estados Unidos y haber hecho declaraciones falsas a funcionarios estadounidenses de inmigraci\u00f3n tras su detenci\u00f3n en diciembre de 2019.<\/p>\n<p>&#171;Su se\u00f1or\u00eda, como lo indiqu\u00e9, tengo un firme respeto a la ley, le pido respetuosamente su consideraci\u00f3n para que en el marco de esta sentencia se consideren todos los factores que dieron origen a este juicio, entre otros la informaci\u00f3n falsa proporcionada por el actual gobierno de M\u00e9xico y los testigos -criminales, su complicidad en mi contra y mi responsabilidad en el combate frontal al narcotr\u00e1fico donde adem\u00e1s se enfrentan poderosos intereses pol\u00edticos&#187;, se\u00f1ala Garc\u00eda Luna en la carta.<\/p>\n<p>En septiembre, Garc\u00eda Luna revel\u00f3 que la Fiscal\u00eda de Nueva York le propuso aceptar un acuerdo de culpabilidad que supondr\u00eda pasar en prisi\u00f3n seis meses, obtener beneficios econ\u00f3micos y convertirse en testigo para se\u00f1alar a personas e instituciones de M\u00e9xico, inform\u00f3 CNN.<\/p>\n<p>El exsecretario de Seguridad P\u00fablica dijo no haber aceptado el trato porque supon\u00eda el debilitamiento \u201cdel desarrollo, la paz p\u00fablica y la vida institucional del pa\u00eds\u201d, seg\u00fan la comunicaci\u00f3n manuscrita que comparti\u00f3 su abogado con CNN.<\/p>\n<p>&#171;Su se\u00f1or\u00eda, con el m\u00e1s profundo de mis sentimientos, le solicito respetuosamente me permita regresar lo antes posible con mi familia y reincorporarme a la entra\u00f1able sociedad a la que respeto y pertenezco&#187;, concluye el exfuncionario.<\/p>\n<p>The-CNN-Wire<br \/>&trade; &amp; &copy; 2024 Cable News Network, Inc., a Warner Bros. Discovery Company. All rights reserved.<\/p>\n","protected":false},"excerpt":{"rendered":"<p>(CNN Espa\u00f1ol) &#8212;\u00a0Genaro Garc\u00eda Luna, secretario de Seguridad P\u00fablica de M\u00e9xico durante la presidencia de Felipe Calder\u00f3n y juzgado en Estados Unidos por cargos de narcotr\u00e1fico y v\u00ednculos con la delincuencia organizada, pidi\u00f3 este martes clemencia al juez Brian Cogan, que dar\u00e1 sentencia de su caso. A un d\u00eda de su presentaci\u00f3n en la Corte [&hellip;]<\/p>\n","protected":false},"author":0,"featured_media":0,"comment_status":"open","ping_status":"open","sticky":false,"template":"","format":"standard","meta":{"_jetpack_memberships_contains_paid_content":false,"footnotes":""},"categories":[10],"tags":[],"class_list":["post-1455121","post","type-post","status-publish","format-standard","hentry","category-noticias-nacionales","market-global"],"yoast_head":"<!-- This site is optimized with the Yoast SEO plugin v24.4 - https:\/\/yoast.com\/wordpress\/plugins\/seo\/ -->\n<title>Genaro Garc\u00eda Luna pide clemencia al juez un d\u00eda antes de su sentencia - Noticias<\/title>\n<meta name=\"robots\" content=\"index, follow, max-snippet:-1, max-image-preview:large, max-video-preview:-1\" \/>\n<link rel=\"canonical\" href=\"https:\/\/noticiasya.com\/2024\/10\/15\/genaro-garcia-luna-clemencia-al-juez-antes-sentencia-orix\/\" \/>\n<meta property=\"og:locale\" content=\"es_ES\" \/>\n<meta property=\"og:type\" content=\"article\" \/>\n<meta property=\"og:title\" content=\"Genaro Garc\u00eda Luna pide clemencia al juez un d\u00eda antes de su sentencia - Noticias\" \/>\n<meta property=\"og:description\" content=\"(CNN Espa\u00f1ol) &#8212;\u00a0Genaro Garc\u00eda Luna, secretario de Seguridad P\u00fablica de M\u00e9xico durante la presidencia de Felipe Calder\u00f3n y juzgado en Estados Unidos por cargos de narcotr\u00e1fico y v\u00ednculos con la delincuencia organizada, pidi\u00f3 este martes clemencia al juez Brian Cogan, que dar\u00e1 sentencia de su caso. A un d\u00eda de su presentaci\u00f3n en la Corte [&hellip;]\" \/>\n<meta property=\"og:url\" content=\"https:\/\/noticiasya.com\/2024\/10\/15\/genaro-garcia-luna-clemencia-al-juez-antes-sentencia-orix\/\" \/>\n<meta property=\"og:site_name\" content=\"Noticias\" \/>\n<meta property=\"article:published_time\" content=\"2024-10-16T01:03:39+00:00\" \/>\n<meta name=\"twitter:card\" content=\"summary_large_image\" \/>\n<meta name=\"twitter:label1\" content=\"Est. reading time\" \/>\n\t<meta name=\"twitter:data1\" content=\"3 minutos\" \/>\n<script type=\"application\/ld+json\" class=\"yoast-schema-graph\">{\"@context\":\"https:\/\/schema.org\",\"@graph\":[{\"@type\":\"Article\",\"@id\":\"https:\/\/noticiasya.com\/2024\/10\/15\/genaro-garcia-luna-clemencia-al-juez-antes-sentencia-orix\/#article\",\"isPartOf\":{\"@id\":\"https:\/\/noticiasya.com\/2024\/10\/15\/genaro-garcia-luna-clemencia-al-juez-antes-sentencia-orix\/\"},\"author\":{\"name\":\"\",\"@id\":\"\"},\"headline\":\"Genaro Garc\u00eda Luna pide clemencia al juez un d\u00eda antes de su sentencia\",\"datePublished\":\"2024-10-16T01:03:39+00:00\",\"mainEntityOfPage\":{\"@id\":\"https:\/\/noticiasya.com\/2024\/10\/15\/genaro-garcia-luna-clemencia-al-juez-antes-sentencia-orix\/\"},\"wordCount\":534,\"commentCount\":0,\"publisher\":{\"@id\":\"https:\/\/noticiasya.com\/#organization\"},\"articleSection\":[\"Noticias Nacionales\"],\"inLanguage\":\"es\",\"potentialAction\":[{\"@type\":\"CommentAction\",\"name\":\"Comment\",\"target\":[\"https:\/\/noticiasya.com\/2024\/10\/15\/genaro-garcia-luna-clemencia-al-juez-antes-sentencia-orix\/#respond\"]}]},{\"@type\":\"WebPage\",\"@id\":\"https:\/\/noticiasya.com\/2024\/10\/15\/genaro-garcia-luna-clemencia-al-juez-antes-sentencia-orix\/\",\"url\":\"https:\/\/noticiasya.com\/2024\/10\/15\/genaro-garcia-luna-clemencia-al-juez-antes-sentencia-orix\/\",\"name\":\"Genaro Garc\u00eda Luna pide clemencia al juez un d\u00eda antes de su sentencia - Noticias\",\"isPartOf\":{\"@id\":\"https:\/\/noticiasya.com\/#website\"},\"datePublished\":\"2024-10-16T01:03:39+00:00\",\"breadcrumb\":{\"@id\":\"https:\/\/noticiasya.com\/2024\/10\/15\/genaro-garcia-luna-clemencia-al-juez-antes-sentencia-orix\/#breadcrumb\"},\"inLanguage\":\"es\",\"potentialAction\":[{\"@type\":\"ReadAction\",\"target\":[\"https:\/\/noticiasya.com\/2024\/10\/15\/genaro-garcia-luna-clemencia-al-juez-antes-sentencia-orix\/\"]}]},{\"@type\":\"BreadcrumbList\",\"@id\":\"https:\/\/noticiasya.com\/2024\/10\/15\/genaro-garcia-luna-clemencia-al-juez-antes-sentencia-orix\/#breadcrumb\",\"itemListElement\":[{\"@type\":\"ListItem\",\"position\":1,\"name\":\"Home\",\"item\":\"https:\/\/noticiasya.com\/\"},{\"@type\":\"ListItem\",\"position\":2,\"name\":\"Genaro Garc\u00eda Luna pide clemencia al juez un d\u00eda antes de su sentencia\"}]},{\"@type\":\"WebSite\",\"@id\":\"https:\/\/noticiasya.com\/#website\",\"url\":\"https:\/\/noticiasya.com\/\",\"name\":\"Noticias\",\"description\":\"Lo que importa\",\"publisher\":{\"@id\":\"https:\/\/noticiasya.com\/#organization\"},\"potentialAction\":[{\"@type\":\"SearchAction\",\"target\":{\"@type\":\"EntryPoint\",\"urlTemplate\":\"https:\/\/noticiasya.com\/?s={search_term_string}\"},\"query-input\":{\"@type\":\"PropertyValueSpecification\",\"valueRequired\":true,\"valueName\":\"search_term_string\"}}],\"inLanguage\":\"es\"},{\"@type\":\"Organization\",\"@id\":\"https:\/\/noticiasya.com\/#organization\",\"name\":\"Noticias\",\"url\":\"https:\/\/noticiasya.com\/\",\"logo\":{\"@type\":\"ImageObject\",\"inLanguage\":\"es\",\"@id\":\"https:\/\/noticiasya.com\/#\/schema\/logo\/image\/\",\"url\":\"https:\/\/noticiasya.com\/wp-content\/uploads\/sites\/22\/2023\/12\/logo-nacional.png\",\"contentUrl\":\"https:\/\/noticiasya.com\/wp-content\/uploads\/sites\/22\/2023\/12\/logo-nacional.png\",\"width\":1801,\"height\":691,\"caption\":\"Noticias\"},\"image\":{\"@id\":\"https:\/\/noticiasya.com\/#\/schema\/logo\/image\/\"}}]}<\/script>\n<!-- \/ Yoast SEO plugin. -->","yoast_head_json":{"title":"Genaro Garc\u00eda Luna pide clemencia al juez un d\u00eda antes de su sentencia - Noticias","robots":{"index":"index","follow":"follow","max-snippet":"max-snippet:-1","max-image-preview":"max-image-preview:large","max-video-preview":"max-video-preview:-1"},"canonical":"https:\/\/noticiasya.com\/2024\/10\/15\/genaro-garcia-luna-clemencia-al-juez-antes-sentencia-orix\/","og_locale":"es_ES","og_type":"article","og_title":"Genaro Garc\u00eda Luna pide clemencia al juez un d\u00eda antes de su sentencia - Noticias","og_description":"(CNN Espa\u00f1ol) &#8212;\u00a0Genaro Garc\u00eda Luna, secretario de Seguridad P\u00fablica de M\u00e9xico durante la presidencia de Felipe Calder\u00f3n y juzgado en Estados Unidos por cargos de narcotr\u00e1fico y v\u00ednculos con la delincuencia organizada, pidi\u00f3 este martes clemencia al juez Brian Cogan, que dar\u00e1 sentencia de su caso. A un d\u00eda de su presentaci\u00f3n en la Corte [&hellip;]","og_url":"https:\/\/noticiasya.com\/2024\/10\/15\/genaro-garcia-luna-clemencia-al-juez-antes-sentencia-orix\/","og_site_name":"Noticias","article_published_time":"2024-10-16T01:03:39+00:00","twitter_card":"summary_large_image","twitter_misc":{"Est. reading time":"3 minutos"},"schema":{"@context":"https:\/\/schema.org","@graph":[{"@type":"Article","@id":"https:\/\/noticiasya.com\/2024\/10\/15\/genaro-garcia-luna-clemencia-al-juez-antes-sentencia-orix\/#article","isPartOf":{"@id":"https:\/\/noticiasya.com\/2024\/10\/15\/genaro-garcia-luna-clemencia-al-juez-antes-sentencia-orix\/"},"author":{"name":"","@id":""},"headline":"Genaro Garc\u00eda Luna pide clemencia al juez un d\u00eda antes de su sentencia","datePublished":"2024-10-16T01:03:39+00:00","mainEntityOfPage":{"@id":"https:\/\/noticiasya.com\/2024\/10\/15\/genaro-garcia-luna-clemencia-al-juez-antes-sentencia-orix\/"},"wordCount":534,"commentCount":0,"publisher":{"@id":"https:\/\/noticiasya.com\/#organization"},"articleSection":["Noticias Nacionales"],"inLanguage":"es","potentialAction":[{"@type":"CommentAction","name":"Comment","target":["https:\/\/noticiasya.com\/2024\/10\/15\/genaro-garcia-luna-clemencia-al-juez-antes-sentencia-orix\/#respond"]}]},{"@type":"WebPage","@id":"https:\/\/noticiasya.com\/2024\/10\/15\/genaro-garcia-luna-clemencia-al-juez-antes-sentencia-orix\/","url":"https:\/\/noticiasya.com\/2024\/10\/15\/genaro-garcia-luna-clemencia-al-juez-antes-sentencia-orix\/","name":"Genaro Garc\u00eda Luna pide clemencia al juez un d\u00eda antes de su sentencia - Noticias","isPartOf":{"@id":"https:\/\/noticiasya.com\/#website"},"datePublished":"2024-10-16T01:03:39+00:00","breadcrumb":{"@id":"https:\/\/noticiasya.com\/2024\/10\/15\/genaro-garcia-luna-clemencia-al-juez-antes-sentencia-orix\/#breadcrumb"},"inLanguage":"es","potentialAction":[{"@type":"ReadAction","target":["https:\/\/noticiasya.com\/2024\/10\/15\/genaro-garcia-luna-clemencia-al-juez-antes-sentencia-orix\/"]}]},{"@type":"BreadcrumbList","@id":"https:\/\/noticiasya.com\/2024\/10\/15\/genaro-garcia-luna-clemencia-al-juez-antes-sentencia-orix\/#breadcrumb","itemListElement":[{"@type":"ListItem","position":1,"name":"Home","item":"https:\/\/noticiasya.com\/"},{"@type":"ListItem","position":2,"name":"Genaro Garc\u00eda Luna pide clemencia al juez un d\u00eda antes de su sentencia"}]},{"@type":"WebSite","@id":"https:\/\/noticiasya.com\/#website","url":"https:\/\/noticiasya.com\/","name":"Noticias","description":"Lo que importa","publisher":{"@id":"https:\/\/noticiasya.com\/#organization"},"potentialAction":[{"@type":"SearchAction","target":{"@type":"EntryPoint","urlTemplate":"https:\/\/noticiasya.com\/?s={search_term_string}"},"query-input":{"@type":"PropertyValueSpecification","valueRequired":true,"valueName":"search_term_string"}}],"inLanguage":"es"},{"@type":"Organization","@id":"https:\/\/noticiasya.com\/#organization","name":"Noticias","url":"https:\/\/noticiasya.com\/","logo":{"@type":"ImageObject","inLanguage":"es","@id":"https:\/\/noticiasya.com\/#\/schema\/logo\/image\/","url":"https:\/\/noticiasya.com\/wp-content\/uploads\/sites\/22\/2023\/12\/logo-nacional.png","contentUrl":"https:\/\/noticiasya.com\/wp-content\/uploads\/sites\/22\/2023\/12\/logo-nacional.png","width":1801,"height":691,"caption":"Noticias"},"image":{"@id":"https:\/\/noticiasya.com\/#\/schema\/logo\/image\/"}}]}},"parsely":{"version":"1.1.0","canonical_url":"https:\/\/noticiasya.com\/el-valle\/2024\/10\/15\/genaro-garcia-luna-clemencia-al-juez-antes-sentencia-orix\/","smart_links":{"inbound":0,"outbound":0},"traffic_boost_suggestions_count":0,"meta":{"@context":"https:\/\/schema.org","@type":"NewsArticle","headline":"Genaro Garc\u00eda Luna pide clemencia al juez un d\u00eda antes de su sentencia","url":"http:\/\/noticiasya.com\/el-valle\/2024\/10\/15\/genaro-garcia-luna-clemencia-al-juez-antes-sentencia-orix\/","mainEntityOfPage":{"@type":"WebPage","@id":"http:\/\/noticiasya.com\/el-valle\/2024\/10\/15\/genaro-garcia-luna-clemencia-al-juez-antes-sentencia-orix\/"},"thumbnailUrl":"","image":{"@type":"ImageObject","url":""},"articleSection":"Noticias Nacionales","author":[],"creator":[],"publisher":{"@type":"Organization","name":"Noticias","logo":""},"keywords":[],"dateCreated":"2024-10-16T01:03:39Z","datePublished":"2024-10-16T01:03:39Z","dateModified":"2024-10-16T01:03:39Z"},"rendered":"<script type=\"application\/ld+json\" class=\"wp-parsely-metadata\">{\"@context\":\"https:\\\/\\\/schema.org\",\"@type\":\"NewsArticle\",\"headline\":\"Genaro Garc\\u00eda Luna pide clemencia al juez un d\\u00eda antes de su sentencia\",\"url\":\"http:\\\/\\\/noticiasya.com\\\/el-valle\\\/2024\\\/10\\\/15\\\/genaro-garcia-luna-clemencia-al-juez-antes-sentencia-orix\\\/\",\"mainEntityOfPage\":{\"@type\":\"WebPage\",\"@id\":\"http:\\\/\\\/noticiasya.com\\\/el-valle\\\/2024\\\/10\\\/15\\\/genaro-garcia-luna-clemencia-al-juez-antes-sentencia-orix\\\/\"},\"thumbnailUrl\":\"\",\"image\":{\"@type\":\"ImageObject\",\"url\":\"\"},\"articleSection\":\"Noticias Nacionales\",\"author\":[],\"creator\":[],\"publisher\":{\"@type\":\"Organization\",\"name\":\"Noticias\",\"logo\":\"\"},\"keywords\":[],\"dateCreated\":\"2024-10-16T01:03:39Z\",\"datePublished\":\"2024-10-16T01:03:39Z\",\"dateModified\":\"2024-10-16T01:03:39Z\"}<\/script>","tracker_url":"https:\/\/cdn.parsely.com\/keys\/noticiasya.com\/p.js"},"jetpack_featured_media_url":"","jetpack-related-posts":[{"id":1455189,"url":"https:\/\/noticiasya.com\/el-valle\/2024\/10\/17\/condena-genaro-garcia-luna-anios-prision-orix\/","url_meta":{"origin":1455121,"position":0},"title":"Una \u201cdoble vida\u201d y la comparaci\u00f3n con el Chapo Guzm\u00e1n: detr\u00e1s de la condena de Garc\u00eda Luna a m\u00e1s de 38 a\u00f1os de prisi\u00f3n","author":"","date":"octubre 17, 2024","format":false,"excerpt":"(CNN Espa\u00f1ol) -- Cuando el juez Brian Cogan conden\u00f3 al exsecretario de Seguridad P\u00fablica de M\u00e9xico, Genaro Garc\u00eda Luna, a 460 meses de c\u00e1rcel (m\u00e1s de 38 a\u00f1os de prisi\u00f3n), una multa de US$ 2 millones y cinco a\u00f1os de libertad condicional, habl\u00f3 de una \"doble vida\" del exfuncionario mexicano\u2026","rel":"","context":"In &quot;Noticias Nacionales&quot;","block_context":{"text":"Noticias Nacionales","link":"https:\/\/noticiasya.com\/el-valle\/categoria\/noticias-nacionales"},"img":{"alt_text":"","src":"","width":0,"height":0},"classes":[]},{"id":1455154,"url":"https:\/\/noticiasya.com\/el-valle\/2024\/10\/16\/sheinbaum-garcia-luna-reaccion-felipe-calderon-orix\/","url_meta":{"origin":1455121,"position":1},"title":"Sheinbaum dice que espera \u201cla sentencia de Garc\u00eda Luna y la reacci\u00f3n del expresidente Felipe Calder\u00f3n\u201d","author":"","date":"octubre 16, 2024","format":false,"excerpt":"(CNN Espa\u00f1ol) -- La presidenta de M\u00e9xico, Claudia Sheinbaum, en su rueda de prensa matutina del mi\u00e9rcoles expres\u00f3 que la carta que Genaro Garc\u00eda Luna, secretario de Seguridad P\u00fablica durante la presidencia de Felipe Calder\u00f3n y juzgado en Estados Unidos por cargos de narcotr\u00e1fico y v\u00ednculos con la delincuencia organizada,\u2026","rel":"","context":"In &quot;Noticias Nacionales&quot;","block_context":{"text":"Noticias Nacionales","link":"https:\/\/noticiasya.com\/el-valle\/categoria\/noticias-nacionales"},"img":{"alt_text":"","src":"","width":0,"height":0},"classes":[]},{"id":1452863,"url":"https:\/\/noticiasya.com\/el-valle\/2024\/09\/19\/solicitan-ee-uu-cadena-perpetua-multa-millonaria-garcia-luna-orix\/","url_meta":{"origin":1455121,"position":2},"title":"Solicitan en EE.UU. cadena perpetua y multa millonaria contra Genaro Garc\u00eda Luna","author":"","date":"septiembre 19, 2024","format":false,"excerpt":"(CNN Espa\u00f1ol) -- El Departamento de Justicia de Estados Unidos solicit\u00f3 este jueves cadena perpetua y una multa de US$ 5 millones para el exsecretario de Seguridad P\u00fablica de M\u00e9xico Genaro Garc\u00eda Luna, declarado culpable por delitos relacionados con narcotr\u00e1fico.El documento enviado a la corte del Distrito Este de Nueva\u2026","rel":"","context":"In &quot;Noticias Nacionales&quot;","block_context":{"text":"Noticias Nacionales","link":"https:\/\/noticiasya.com\/el-valle\/categoria\/noticias-nacionales"},"img":{"alt_text":"","src":"","width":0,"height":0},"classes":[]},{"id":1447161,"url":"https:\/\/noticiasya.com\/el-valle\/2024\/03\/20\/defensa-genaro-garcia-luna-vuelve-pedir-la-anulacion-veredicto-orix\/","url_meta":{"origin":1455121,"position":3},"title":"La defensa de Genaro Garc\u00eda Luna vuelve a pedir la anulaci\u00f3n del veredicto que lo conden\u00f3","author":"","date":"marzo 20, 2024","format":false,"excerpt":"(CNN Espa\u00f1ol) --\u00a0La defensa de Genaro Garc\u00eda Luna present\u00f3 este martes una nueva moci\u00f3n para insistir que se anule el juicio que conden\u00f3 al exsecretario de Seguridad Ciudadana de M\u00e9xico en Estados Unidos, seg\u00fan los documentos judiciales a los que tuvo acceso CNN.En su solicitud al juez federal Brian Cogan,\u2026","rel":"","context":"In &quot;Noticias Nacionales&quot;","block_context":{"text":"Noticias Nacionales","link":"https:\/\/noticiasya.com\/el-valle\/categoria\/noticias-nacionales"},"img":{"alt_text":"","src":"","width":0,"height":0},"classes":[]},{"id":1456567,"url":"https:\/\/noticiasya.com\/el-valle\/2024\/12\/13\/genaro-garcia-detencion-oklahoma-trax\/","url_meta":{"origin":1455121,"position":4},"title":"Genaro Garc\u00eda Luna est\u00e1 en un centro de detenci\u00f3n en Oklahoma, rumbo a la c\u00e1rcel donde cumplir\u00e1 su condena","author":"","date":"diciembre 13, 2024","format":false,"excerpt":"Genaro Garc\u00eda Luna, secretario de Seguridad P\u00fablica de M\u00e9xico durante la presidencia de Felipe Calder\u00f3n (2006-2012) y quien fue condenado por narcotr\u00e1fico en una corte de Estados Unidos a 38 a\u00f1os de c\u00e1rcel, ha sido trasladado a una prisi\u00f3n de Oklahoma, le dijo este jueves a CNN su abogado, C\u00e9sar\u2026","rel":"","context":"In &quot;Noticias Nacionales&quot;","block_context":{"text":"Noticias Nacionales","link":"https:\/\/noticiasya.com\/el-valle\/categoria\/noticias-nacionales"},"img":{"alt_text":"","src":"","width":0,"height":0},"classes":[]},{"id":1462693,"url":"https:\/\/noticiasya.com\/el-valle\/2025\/05\/22\/jueza-ee-uu-genaro-garcia-luna-pagar-2-500-millones-mexico-orix\/","url_meta":{"origin":1455121,"position":5},"title":"Jueza de EE.UU. ordena a Genaro Garc\u00eda Luna y a su esposa pagar casi US$ 2.500 millones al Gobierno de M\u00e9xico","author":"","date":"mayo 22, 2025","format":false,"excerpt":"Una jueza de Estados Unidos orden\u00f3 al exsecretario de Seguridad de M\u00e9xico Genaro Garc\u00eda Luna y a su esposa, Linda Cristina Pereyra, pagar al Gobierno mexicano casi US$ 2.500 millones por las afectaciones al erario derivadas de un esquema de contratos fraudulentos presuntamente encabezado por ambos, dijo este jueves la\u2026","rel":"","context":"In &quot;Noticias Nacionales&quot;","block_context":{"text":"Noticias Nacionales","link":"https:\/\/noticiasya.com\/el-valle\/categoria\/noticias-nacionales"},"img":{"alt_text":"","src":"","width":0,"height":0},"classes":[]}],"jetpack_sharing_enabled":true,"_links":{"self":[{"href":"https:\/\/noticiasya.com\/el-valle\/wp-json\/wp\/v2\/posts\/1455121","targetHints":{"allow":["GET"]}}],"collection":[{"href":"https:\/\/noticiasya.com\/el-valle\/wp-json\/wp\/v2\/posts"}],"about":[{"href":"https:\/\/noticiasya.com\/el-valle\/wp-json\/wp\/v2\/types\/post"}],"replies":[{"embeddable":true,"href":"https:\/\/noticiasya.com\/el-valle\/wp-json\/wp\/v2\/comments?post=1455121"}],"version-history":[{"count":0,"href":"https:\/\/noticiasya.com\/el-valle\/wp-json\/wp\/v2\/posts\/1455121\/revisions"}],"wp:attachment":[{"href":"https:\/\/noticiasya.com\/el-valle\/wp-json\/wp\/v2\/media?parent=1455121"}],"wp:term":[{"taxonomy":"category","embeddable":true,"href":"https:\/\/noticiasya.com\/el-valle\/wp-json\/wp\/v2\/categories?post=1455121"},{"taxonomy":"post_tag","embeddable":true,"href":"https:\/\/noticiasya.com\/el-valle\/wp-json\/wp\/v2\/tags?post=1455121"}],"curies":[{"name":"wp","href":"https:\/\/api.w.org\/{rel}","templated":true}]}}