{"id":1455122,"date":"2024-10-15T19:03:41","date_gmt":"2024-10-16T02:03:41","guid":{"rendered":"https:\/\/noticiasya.com\/2024\/10\/15\/dolares-blanqueo-cepo-argentina-orix\/"},"modified":"2024-10-15T19:03:41","modified_gmt":"2024-10-16T02:03:41","slug":"dolares-blanqueo-cepo-argentina-orix","status":"publish","type":"post","link":"https:\/\/noticiasya.com\/el-valle\/2024\/10\/15\/dolares-blanqueo-cepo-argentina-orix\/","title":{"rendered":"\u201cLluvia\u201d de d\u00f3lares, \u201cblanqueo\u201d y \u00bffinal del \u201ccepo\u201d en Argentina?"},"content":{"rendered":"<p>(CNN Espa\u00f1ol) &#8212; El gobierno de Argentina encontr\u00f3 en el R\u00e9gimen de regulaci\u00f3n de activos una fuente de d\u00f3lares cuya primera etapa ha terminado con un incremento.<\/p>\n<p>El monto devengado hasta ahora representa un aporte monetario mayor del que habitualmente hacen otros sectores. El \u201cblanqueo\u201d (como se conoce al r\u00e9gimen) gener\u00f3 US$ 11.900 millones hasta el \u00faltimo d\u00eda de septiembre, de acuerdo con el Banco Central de la Rep\u00fablica Argentina (BCRA).<\/p>\n<p>Reglamentada en julio de este a\u00f1o, la medida permite regularizar sin costo dinero no declarado hasta el momento, siempre que no se superen los US$ 100.000 y los recursos se mantengan en el sistema financiero hasta el 31 de diciembre de 2025 o se inviertan de diferentes maneras establecidas por el Ministerio de Econom\u00eda.<\/p>\n<p>Esto, que permite al gobierno un mejor control de las diferentes cotizaciones de la divisa estadounidense, es una \u201clluvia de d\u00f3lares\u201d si se compara, por ejemplo, con estad\u00edsticas de comercio exterior, la principal fuente de esta moneda que tiene Argentina.<\/p>\n<p>La dolarizaci\u00f3n est\u00e1 bastante lejana para Argentina, asegura experto<\/p>\n<p>Si bien es cierto que el total acumulado por exportaciones en lo que va del a\u00f1o supera al ingresado por el \u201cblanqueo\u201d, lo es tambi\u00e9n que el pa\u00eds ha conseguido m\u00e1s d\u00f3lares a partir de este r\u00e9gimen que en la relaci\u00f3n individual con cada uno de las naciones con las que comercia. Por ejemplo: Argentina hizo a Brasil, su principal socio comercial, ventas por un total de US$ 8.512 millones hasta agosto. A su segundo mercado de destino, China, fueron US$ 4.598 millones. Mientras que a Estados Unidos, su tercer socio en importancia, sum\u00f3 US$ 4.113 millones.<\/p>\n<p>No todo el dinero que ingresa por el \u201cblanqueo\u201d va a enriquecer las reservas del Banco Central. Seg\u00fan especialistas, la proporci\u00f3n es que 3 de cada 10 d\u00f3lares que entran por este r\u00e9gimen van a reservas por multas o encajes. Esto hace que, m\u00e1s all\u00e1 del buen ritmo del \u201cblanqueo\u201d, no alcance para generar previsibilidad en el frente externo y, de ese modo, avanzar con medidas clave para terminar con las restricciones cambiarias, por ejemplo.<\/p>\n<p>\u00bfY el \u201ccepo\u201d?<\/p>\n<p>Las autoridades no han puesto fecha de finalizaci\u00f3n definitiva a las restricciones cambiarias que existen desde finales de 2019 para la libre transacci\u00f3n de divisas a trav\u00e9s del Mercado \u00danico y Libre de Cambios (MULC). Ante las consultas de analistas y periodistas, los funcionarios no dan precisiones ni plazos estimados.<\/p>\n<p>El gobierno ha dado se\u00f1ales de querer regularizar la situaci\u00f3n cambiaria. La semana pasada, volvi\u00f3 a flexibilizar este tope (conocido como \u201ccepo\u201d), pero solo para los exportadores de servicios. En un comunicado, el BCRA ampli\u00f3 de cinco a 20 d\u00edas el plazo para el ingreso de divisas por este cobro.<\/p>\n<p>\u00bfQu\u00e9 condiciones deber\u00edan darse para una apertura total? El economista Nicol\u00e1s Litvinoff, director de Estudinero.org, sostiene que \u201cel equipo econ\u00f3mico tiene algunos n\u00fameros en mente para poder liberar el \u2018cepo\u2019 cambiario, sin que se repita la experiencia negativa que tuvo el gobierno de Mauricio Macri, cuando se liber\u00f3 antes de tiempo y despu\u00e9s tuvieron que volver a implementarlo\u201d.<\/p>\n<p>Seg\u00fan el experto, el gobierno debe considerar indicadores como el volumen de las reservas internacionales del BCRA, el d\u00e9ficit fiscal primario y el super\u00e1vit de cuenta corriente.<\/p>\n<p>\u201cPara ponerlo en n\u00fameros, podr\u00edamos decir que las reservas netas deber\u00edan estar entre US$ 25.000 y 30.000 millones, para tenerlas disponibles y que sirvan como un colch\u00f3n para enfrentar una demanda inicial de d\u00f3lares tras la liberaci\u00f3n del mercado cambiario\u201d, asegura.<\/p>\n<p>Subraya adem\u00e1s la importancia de que la inflaci\u00f3n est\u00e9 por debajo del 20% anual, o sea menos de 2% mensual, \u201cpara que el gobierno sepa que puede liberar el tipo de cambio sin que esa presi\u00f3n inflacionaria que haga que los inversores o la gente en general busquen refugiarse en el d\u00f3lar para mantener el poder adquisitivo\u201d.<\/p>\n<p>Litvinoff coincide con la mayor\u00eda de los especialistas, que sostienen que es clave tener super\u00e1vit del sector externo como una se\u00f1al de que el tipo de cambio puede mantenerse en los valores que estipule el gobierno.<\/p>\n<p>\u201cSe necesita un super\u00e1vit de cuenta corriente del orden del 1 al 2% del PBI, como m\u00ednimo, y eso se puede lograr con un crecimiento de las exportaciones\u201d, dice.<\/p>\n<p>Economistas como Ricardo Arriazu, Gustavo Ca\u00f1onero y Rafael Di Tella, convocados por el BCRA, aconsejaron esta semana ir hacia un levantamiento gradual del \u201ccepo\u201d, pero sin que eso implique una devaluaci\u00f3n, como proponen otros sectores ante un tipo de cambio que evolucion\u00f3 por detr\u00e1s de la inflaci\u00f3n en lo que va del a\u00f1o.<\/p>\n<p>A la vez, los dep\u00f3sitos en d\u00f3lares gozan de buena salud. Superaron en saldo al \u201cblanqueo\u201d de 2016 y preparan un escenario para la normalizaci\u00f3n del mercado cambiario en Argentina.<\/p>\n<p>The-CNN-Wire<br \/>&trade; &amp; &copy; 2024 Cable News Network, Inc., a Warner Bros. Discovery Company. All rights reserved.<\/p>\n","protected":false},"excerpt":{"rendered":"<p>(CNN Espa\u00f1ol) &#8212; El gobierno de Argentina encontr\u00f3 en el R\u00e9gimen de regulaci\u00f3n de activos una fuente de d\u00f3lares cuya primera etapa ha terminado con un incremento. El monto devengado hasta ahora representa un aporte monetario mayor del que habitualmente hacen otros sectores. El \u201cblanqueo\u201d (como se conoce al r\u00e9gimen) gener\u00f3 US$ 11.900 millones hasta [&hellip;]<\/p>\n","protected":false},"author":0,"featured_media":0,"comment_status":"open","ping_status":"open","sticky":false,"template":"","format":"standard","meta":{"_jetpack_memberships_contains_paid_content":false,"footnotes":""},"categories":[10],"tags":[],"class_list":["post-1455122","post","type-post","status-publish","format-standard","hentry","category-noticias-nacionales","market-global"],"yoast_head":"<!-- This site is optimized with the Yoast SEO plugin v24.4 - https:\/\/yoast.com\/wordpress\/plugins\/seo\/ -->\n<title>\u201cLluvia\u201d de d\u00f3lares, \u201cblanqueo\u201d y \u00bffinal del \u201ccepo\u201d en Argentina? - Noticias<\/title>\n<meta name=\"robots\" content=\"index, follow, max-snippet:-1, max-image-preview:large, max-video-preview:-1\" \/>\n<link rel=\"canonical\" href=\"https:\/\/noticiasya.com\/2024\/10\/15\/dolares-blanqueo-cepo-argentina-orix\/\" \/>\n<meta property=\"og:locale\" content=\"es_ES\" \/>\n<meta property=\"og:type\" content=\"article\" \/>\n<meta property=\"og:title\" content=\"\u201cLluvia\u201d de d\u00f3lares, \u201cblanqueo\u201d y \u00bffinal del \u201ccepo\u201d en Argentina? - Noticias\" \/>\n<meta property=\"og:description\" content=\"(CNN Espa\u00f1ol) &#8212; El gobierno de Argentina encontr\u00f3 en el R\u00e9gimen de regulaci\u00f3n de activos una fuente de d\u00f3lares cuya primera etapa ha terminado con un incremento. El monto devengado hasta ahora representa un aporte monetario mayor del que habitualmente hacen otros sectores. El \u201cblanqueo\u201d (como se conoce al r\u00e9gimen) gener\u00f3 US$ 11.900 millones hasta [&hellip;]\" \/>\n<meta property=\"og:url\" content=\"https:\/\/noticiasya.com\/2024\/10\/15\/dolares-blanqueo-cepo-argentina-orix\/\" \/>\n<meta property=\"og:site_name\" content=\"Noticias\" \/>\n<meta property=\"article:published_time\" content=\"2024-10-16T02:03:41+00:00\" \/>\n<meta name=\"twitter:card\" content=\"summary_large_image\" \/>\n<meta name=\"twitter:label1\" content=\"Est. reading time\" \/>\n\t<meta name=\"twitter:data1\" content=\"4 minutos\" \/>\n<script type=\"application\/ld+json\" class=\"yoast-schema-graph\">{\"@context\":\"https:\/\/schema.org\",\"@graph\":[{\"@type\":\"Article\",\"@id\":\"https:\/\/noticiasya.com\/2024\/10\/15\/dolares-blanqueo-cepo-argentina-orix\/#article\",\"isPartOf\":{\"@id\":\"https:\/\/noticiasya.com\/2024\/10\/15\/dolares-blanqueo-cepo-argentina-orix\/\"},\"author\":{\"name\":\"\",\"@id\":\"\"},\"headline\":\"\u201cLluvia\u201d de d\u00f3lares, \u201cblanqueo\u201d y \u00bffinal del \u201ccepo\u201d en Argentina?\",\"datePublished\":\"2024-10-16T02:03:41+00:00\",\"mainEntityOfPage\":{\"@id\":\"https:\/\/noticiasya.com\/2024\/10\/15\/dolares-blanqueo-cepo-argentina-orix\/\"},\"wordCount\":851,\"commentCount\":0,\"publisher\":{\"@id\":\"https:\/\/noticiasya.com\/#organization\"},\"articleSection\":[\"Noticias Nacionales\"],\"inLanguage\":\"es\",\"potentialAction\":[{\"@type\":\"CommentAction\",\"name\":\"Comment\",\"target\":[\"https:\/\/noticiasya.com\/2024\/10\/15\/dolares-blanqueo-cepo-argentina-orix\/#respond\"]}]},{\"@type\":\"WebPage\",\"@id\":\"https:\/\/noticiasya.com\/2024\/10\/15\/dolares-blanqueo-cepo-argentina-orix\/\",\"url\":\"https:\/\/noticiasya.com\/2024\/10\/15\/dolares-blanqueo-cepo-argentina-orix\/\",\"name\":\"\u201cLluvia\u201d de d\u00f3lares, \u201cblanqueo\u201d y \u00bffinal del \u201ccepo\u201d en Argentina? - Noticias\",\"isPartOf\":{\"@id\":\"https:\/\/noticiasya.com\/#website\"},\"datePublished\":\"2024-10-16T02:03:41+00:00\",\"breadcrumb\":{\"@id\":\"https:\/\/noticiasya.com\/2024\/10\/15\/dolares-blanqueo-cepo-argentina-orix\/#breadcrumb\"},\"inLanguage\":\"es\",\"potentialAction\":[{\"@type\":\"ReadAction\",\"target\":[\"https:\/\/noticiasya.com\/2024\/10\/15\/dolares-blanqueo-cepo-argentina-orix\/\"]}]},{\"@type\":\"BreadcrumbList\",\"@id\":\"https:\/\/noticiasya.com\/2024\/10\/15\/dolares-blanqueo-cepo-argentina-orix\/#breadcrumb\",\"itemListElement\":[{\"@type\":\"ListItem\",\"position\":1,\"name\":\"Home\",\"item\":\"https:\/\/noticiasya.com\/\"},{\"@type\":\"ListItem\",\"position\":2,\"name\":\"\u201cLluvia\u201d de d\u00f3lares, \u201cblanqueo\u201d y \u00bffinal del \u201ccepo\u201d en Argentina?\"}]},{\"@type\":\"WebSite\",\"@id\":\"https:\/\/noticiasya.com\/#website\",\"url\":\"https:\/\/noticiasya.com\/\",\"name\":\"Noticias\",\"description\":\"Lo que importa\",\"publisher\":{\"@id\":\"https:\/\/noticiasya.com\/#organization\"},\"potentialAction\":[{\"@type\":\"SearchAction\",\"target\":{\"@type\":\"EntryPoint\",\"urlTemplate\":\"https:\/\/noticiasya.com\/?s={search_term_string}\"},\"query-input\":{\"@type\":\"PropertyValueSpecification\",\"valueRequired\":true,\"valueName\":\"search_term_string\"}}],\"inLanguage\":\"es\"},{\"@type\":\"Organization\",\"@id\":\"https:\/\/noticiasya.com\/#organization\",\"name\":\"Noticias\",\"url\":\"https:\/\/noticiasya.com\/\",\"logo\":{\"@type\":\"ImageObject\",\"inLanguage\":\"es\",\"@id\":\"https:\/\/noticiasya.com\/#\/schema\/logo\/image\/\",\"url\":\"https:\/\/noticiasya.com\/wp-content\/uploads\/sites\/22\/2023\/12\/logo-nacional.png\",\"contentUrl\":\"https:\/\/noticiasya.com\/wp-content\/uploads\/sites\/22\/2023\/12\/logo-nacional.png\",\"width\":1801,\"height\":691,\"caption\":\"Noticias\"},\"image\":{\"@id\":\"https:\/\/noticiasya.com\/#\/schema\/logo\/image\/\"}}]}<\/script>\n<!-- \/ Yoast SEO plugin. -->","yoast_head_json":{"title":"\u201cLluvia\u201d de d\u00f3lares, \u201cblanqueo\u201d y \u00bffinal del \u201ccepo\u201d en Argentina? - Noticias","robots":{"index":"index","follow":"follow","max-snippet":"max-snippet:-1","max-image-preview":"max-image-preview:large","max-video-preview":"max-video-preview:-1"},"canonical":"https:\/\/noticiasya.com\/2024\/10\/15\/dolares-blanqueo-cepo-argentina-orix\/","og_locale":"es_ES","og_type":"article","og_title":"\u201cLluvia\u201d de d\u00f3lares, \u201cblanqueo\u201d y \u00bffinal del \u201ccepo\u201d en Argentina? - Noticias","og_description":"(CNN Espa\u00f1ol) &#8212; El gobierno de Argentina encontr\u00f3 en el R\u00e9gimen de regulaci\u00f3n de activos una fuente de d\u00f3lares cuya primera etapa ha terminado con un incremento. El monto devengado hasta ahora representa un aporte monetario mayor del que habitualmente hacen otros sectores. El \u201cblanqueo\u201d (como se conoce al r\u00e9gimen) gener\u00f3 US$ 11.900 millones hasta [&hellip;]","og_url":"https:\/\/noticiasya.com\/2024\/10\/15\/dolares-blanqueo-cepo-argentina-orix\/","og_site_name":"Noticias","article_published_time":"2024-10-16T02:03:41+00:00","twitter_card":"summary_large_image","twitter_misc":{"Est. reading time":"4 minutos"},"schema":{"@context":"https:\/\/schema.org","@graph":[{"@type":"Article","@id":"https:\/\/noticiasya.com\/2024\/10\/15\/dolares-blanqueo-cepo-argentina-orix\/#article","isPartOf":{"@id":"https:\/\/noticiasya.com\/2024\/10\/15\/dolares-blanqueo-cepo-argentina-orix\/"},"author":{"name":"","@id":""},"headline":"\u201cLluvia\u201d de d\u00f3lares, \u201cblanqueo\u201d y \u00bffinal del \u201ccepo\u201d en Argentina?","datePublished":"2024-10-16T02:03:41+00:00","mainEntityOfPage":{"@id":"https:\/\/noticiasya.com\/2024\/10\/15\/dolares-blanqueo-cepo-argentina-orix\/"},"wordCount":851,"commentCount":0,"publisher":{"@id":"https:\/\/noticiasya.com\/#organization"},"articleSection":["Noticias Nacionales"],"inLanguage":"es","potentialAction":[{"@type":"CommentAction","name":"Comment","target":["https:\/\/noticiasya.com\/2024\/10\/15\/dolares-blanqueo-cepo-argentina-orix\/#respond"]}]},{"@type":"WebPage","@id":"https:\/\/noticiasya.com\/2024\/10\/15\/dolares-blanqueo-cepo-argentina-orix\/","url":"https:\/\/noticiasya.com\/2024\/10\/15\/dolares-blanqueo-cepo-argentina-orix\/","name":"\u201cLluvia\u201d de d\u00f3lares, \u201cblanqueo\u201d y \u00bffinal del \u201ccepo\u201d en Argentina? - Noticias","isPartOf":{"@id":"https:\/\/noticiasya.com\/#website"},"datePublished":"2024-10-16T02:03:41+00:00","breadcrumb":{"@id":"https:\/\/noticiasya.com\/2024\/10\/15\/dolares-blanqueo-cepo-argentina-orix\/#breadcrumb"},"inLanguage":"es","potentialAction":[{"@type":"ReadAction","target":["https:\/\/noticiasya.com\/2024\/10\/15\/dolares-blanqueo-cepo-argentina-orix\/"]}]},{"@type":"BreadcrumbList","@id":"https:\/\/noticiasya.com\/2024\/10\/15\/dolares-blanqueo-cepo-argentina-orix\/#breadcrumb","itemListElement":[{"@type":"ListItem","position":1,"name":"Home","item":"https:\/\/noticiasya.com\/"},{"@type":"ListItem","position":2,"name":"\u201cLluvia\u201d de d\u00f3lares, \u201cblanqueo\u201d y \u00bffinal del \u201ccepo\u201d en Argentina?"}]},{"@type":"WebSite","@id":"https:\/\/noticiasya.com\/#website","url":"https:\/\/noticiasya.com\/","name":"Noticias","description":"Lo que importa","publisher":{"@id":"https:\/\/noticiasya.com\/#organization"},"potentialAction":[{"@type":"SearchAction","target":{"@type":"EntryPoint","urlTemplate":"https:\/\/noticiasya.com\/?s={search_term_string}"},"query-input":{"@type":"PropertyValueSpecification","valueRequired":true,"valueName":"search_term_string"}}],"inLanguage":"es"},{"@type":"Organization","@id":"https:\/\/noticiasya.com\/#organization","name":"Noticias","url":"https:\/\/noticiasya.com\/","logo":{"@type":"ImageObject","inLanguage":"es","@id":"https:\/\/noticiasya.com\/#\/schema\/logo\/image\/","url":"https:\/\/noticiasya.com\/wp-content\/uploads\/sites\/22\/2023\/12\/logo-nacional.png","contentUrl":"https:\/\/noticiasya.com\/wp-content\/uploads\/sites\/22\/2023\/12\/logo-nacional.png","width":1801,"height":691,"caption":"Noticias"},"image":{"@id":"https:\/\/noticiasya.com\/#\/schema\/logo\/image\/"}}]}},"parsely":{"version":"1.1.0","canonical_url":"https:\/\/noticiasya.com\/el-valle\/2024\/10\/15\/dolares-blanqueo-cepo-argentina-orix\/","smart_links":{"inbound":0,"outbound":0},"traffic_boost_suggestions_count":0,"meta":{"@context":"https:\/\/schema.org","@type":"NewsArticle","headline":"\u201cLluvia\u201d de d\u00f3lares, \u201cblanqueo\u201d y \u00bffinal del \u201ccepo\u201d en Argentina?","url":"http:\/\/noticiasya.com\/el-valle\/2024\/10\/15\/dolares-blanqueo-cepo-argentina-orix\/","mainEntityOfPage":{"@type":"WebPage","@id":"http:\/\/noticiasya.com\/el-valle\/2024\/10\/15\/dolares-blanqueo-cepo-argentina-orix\/"},"thumbnailUrl":"","image":{"@type":"ImageObject","url":""},"articleSection":"Noticias Nacionales","author":[],"creator":[],"publisher":{"@type":"Organization","name":"Noticias","logo":""},"keywords":[],"dateCreated":"2024-10-16T02:03:41Z","datePublished":"2024-10-16T02:03:41Z","dateModified":"2024-10-16T02:03:41Z"},"rendered":"<script type=\"application\/ld+json\" class=\"wp-parsely-metadata\">{\"@context\":\"https:\\\/\\\/schema.org\",\"@type\":\"NewsArticle\",\"headline\":\"\\u201cLluvia\\u201d de d\\u00f3lares, \\u201cblanqueo\\u201d y \\u00bffinal del \\u201ccepo\\u201d en Argentina?\",\"url\":\"http:\\\/\\\/noticiasya.com\\\/el-valle\\\/2024\\\/10\\\/15\\\/dolares-blanqueo-cepo-argentina-orix\\\/\",\"mainEntityOfPage\":{\"@type\":\"WebPage\",\"@id\":\"http:\\\/\\\/noticiasya.com\\\/el-valle\\\/2024\\\/10\\\/15\\\/dolares-blanqueo-cepo-argentina-orix\\\/\"},\"thumbnailUrl\":\"\",\"image\":{\"@type\":\"ImageObject\",\"url\":\"\"},\"articleSection\":\"Noticias Nacionales\",\"author\":[],\"creator\":[],\"publisher\":{\"@type\":\"Organization\",\"name\":\"Noticias\",\"logo\":\"\"},\"keywords\":[],\"dateCreated\":\"2024-10-16T02:03:41Z\",\"datePublished\":\"2024-10-16T02:03:41Z\",\"dateModified\":\"2024-10-16T02:03:41Z\"}<\/script>","tracker_url":"https:\/\/cdn.parsely.com\/keys\/noticiasya.com\/p.js"},"jetpack_featured_media_url":"","jetpack-related-posts":[{"id":1462824,"url":"https:\/\/noticiasya.com\/el-valle\/2025\/05\/26\/melconian-no-me-gusta-la-conduccion-economica-en-manos-de-un-financiero\/","url_meta":{"origin":1455122,"position":0},"title":"Melconian: &#171;No me gusta la conducci\u00f3n econ\u00f3mica en manos de un financiero&#187;","author":"","date":"mayo 26, 2025","format":false,"excerpt":"(CNN Radio Argentina) \u2013 Carlos Melconian, economista, dialog\u00f3 este lunes con Regreso CNN, el programa conducido por Mariana Arias y Pepe Gil Vidal, donde analiz\u00f3 las recientes medidas econ\u00f3micas del gobierno, especialmente las vinculadas con el r\u00e9gimen de informaci\u00f3n bancaria y la remonetizaci\u00f3n en d\u00f3lares.\u201cSon muy importantes algunas modificaciones sobre\u2026","rel":"","context":"In &quot;Noticias Nacionales&quot;","block_context":{"text":"Noticias Nacionales","link":"https:\/\/noticiasya.com\/el-valle\/categoria\/noticias-nacionales"},"img":{"alt_text":"","src":"","width":0,"height":0},"classes":[]},{"id":1462280,"url":"https:\/\/noticiasya.com\/el-valle\/2025\/05\/13\/alejandra-sarni-tributarista-el-nuevo-blanqueo-seria-a-prueba-de-bala-o-de-todo-costo\/","url_meta":{"origin":1455122,"position":1},"title":"Alejandra Sarni, tributarista: El nuevo blanqueo &#171;ser\u00eda a prueba de bala o de todo costo&#187;","author":"","date":"mayo 13, 2025","format":false,"excerpt":"Alejandra Sarni, tributarista y socia de Impuestos de BDO en Argentina, se refiri\u00f3 al blanqueo que propone el gobierno nacional de los ahorros en d\u00f3lares de los ciudadanos.En CNN Primera Ma\u00f1ana, afirm\u00f3 que \u201cla f\u00f3rmula jur\u00eddica en la que se podr\u00eda plasmar el anuncio no est\u00e1 definida, hay una estimaci\u00f3n\u2026","rel":"","context":"In &quot;Noticias Nacionales&quot;","block_context":{"text":"Noticias Nacionales","link":"https:\/\/noticiasya.com\/el-valle\/categoria\/noticias-nacionales"},"img":{"alt_text":"","src":"","width":0,"height":0},"classes":[]},{"id":1462001,"url":"https:\/\/noticiasya.com\/el-valle\/2025\/05\/05\/guillermo-poch-en-argentina-hay-que-generar-mayor-certidumbre-en-materia-tributaria\/","url_meta":{"origin":1455122,"position":2},"title":"Guillermo Poch: &#171;En Argentina hay que generar mayor certidumbre en materia tributaria&#187;","author":"","date":"mayo 5, 2025","format":false,"excerpt":"El especialista tributario, Guillermo Poch, visit\u00f3 este lunes los estudios de CNN Radio sobre la intenci\u00f3n del gobierno nacional en busca de m\u00e1s fondos para engrosar las reservas en el Banco Central y dijo que \u201cArgentina tiene que generar certidumbre en manera tributaria y de manera general\u201d.\u201cLa primera parte del\u2026","rel":"","context":"In &quot;Noticias Nacionales&quot;","block_context":{"text":"Noticias Nacionales","link":"https:\/\/noticiasya.com\/el-valle\/categoria\/noticias-nacionales"},"img":{"alt_text":"","src":"","width":0,"height":0},"classes":[]},{"id":1463111,"url":"https:\/\/noticiasya.com\/el-valle\/2025\/06\/02\/dolares-exportaciones-y-turismo-el-analisis-de-amilcar-collante-sobre-la-economia-argentina\/","url_meta":{"origin":1455122,"position":3},"title":"D\u00f3lares, exportaciones y turismo: el an\u00e1lisis de Am\u00edlcar Collante sobre la econom\u00eda argentina","author":"","date":"junio 2, 2025","format":false,"excerpt":"(CNN Radio Argentina) \u2013 Am\u00edlcar Collante, economista, dialog\u00f3 este lunes con CNN Econom\u00eda y Actualidad, el programa conducido por Julieta Tarr\u00e9s, y analiz\u00f3 las condiciones actuales del plan de estabilizaci\u00f3n del Gobierno, en comparaci\u00f3n con otros pa\u00edses de la regi\u00f3n.\u201cEn el marco de un plan de estabilizaci\u00f3n, si mir\u00e1s los\u2026","rel":"","context":"In &quot;Noticias Nacionales&quot;","block_context":{"text":"Noticias Nacionales","link":"https:\/\/noticiasya.com\/el-valle\/categoria\/noticias-nacionales"},"img":{"alt_text":"","src":"","width":0,"height":0},"classes":[]},{"id":1462471,"url":"https:\/\/noticiasya.com\/el-valle\/2025\/05\/17\/sebastian-dominguez-pareceria-ser-que-es-una-relajacion-de-controles\/","url_meta":{"origin":1455122,"position":4},"title":"Sebasti\u00e1n Dom\u00ednguez: &#171;Parecer\u00eda ser que es una relajaci\u00f3n de controles&#187;","author":"","date":"mayo 17, 2025","format":false,"excerpt":"Sebasti\u00e1n Dom\u00ednguez, tributarista, habl\u00f3 este domingo con CNN Radio sobre las nuevas medidas para incentivar el uso de d\u00f3lares que regir\u00e1n en los pr\u00f3ximos d\u00edas.En Dicen que Dicen con Alberto Lotuf indic\u00f3: \u201cNo, no es un blanqueo, por m\u00e1s que se lo haya llamado as\u00ed, porque el Poder Ejecutivo no\u2026","rel":"","context":"In &quot;Noticias Nacionales&quot;","block_context":{"text":"Noticias Nacionales","link":"https:\/\/noticiasya.com\/el-valle\/categoria\/noticias-nacionales"},"img":{"alt_text":"","src":"","width":0,"height":0},"classes":[]},{"id":1460386,"url":"https:\/\/noticiasya.com\/el-valle\/2025\/03\/25\/ariel-coremberg-argentina-esta-quebrada-y-esta-en-concurso-de-acreedores\/","url_meta":{"origin":1455122,"position":5},"title":"Ariel Coremberg: &#171;Argentina est\u00e1 quebrada y est\u00e1 en concurso de acreedores&#187;","author":"","date":"marzo 25, 2025","format":false,"excerpt":"Ariel Coremberg, economista, analiz\u00f3 el primer trimestre del a\u00f1o y se refiri\u00f3 al acuerdo entre el gobierno nacional y el Fondo Monetario Internacional.En CNN Primera Ma\u00f1ana, afirm\u00f3 que la aprobaci\u00f3n en el Congreso del convenio con el FMI \u201ces importante porque da un respaldo institucional y pol\u00edtico para terminar de\u2026","rel":"","context":"In &quot;Noticias Nacionales&quot;","block_context":{"text":"Noticias Nacionales","link":"https:\/\/noticiasya.com\/el-valle\/categoria\/noticias-nacionales"},"img":{"alt_text":"","src":"","width":0,"height":0},"classes":[]}],"jetpack_sharing_enabled":true,"_links":{"self":[{"href":"https:\/\/noticiasya.com\/el-valle\/wp-json\/wp\/v2\/posts\/1455122","targetHints":{"allow":["GET"]}}],"collection":[{"href":"https:\/\/noticiasya.com\/el-valle\/wp-json\/wp\/v2\/posts"}],"about":[{"href":"https:\/\/noticiasya.com\/el-valle\/wp-json\/wp\/v2\/types\/post"}],"replies":[{"embeddable":true,"href":"https:\/\/noticiasya.com\/el-valle\/wp-json\/wp\/v2\/comments?post=1455122"}],"version-history":[{"count":0,"href":"https:\/\/noticiasya.com\/el-valle\/wp-json\/wp\/v2\/posts\/1455122\/revisions"}],"wp:attachment":[{"href":"https:\/\/noticiasya.com\/el-valle\/wp-json\/wp\/v2\/media?parent=1455122"}],"wp:term":[{"taxonomy":"category","embeddable":true,"href":"https:\/\/noticiasya.com\/el-valle\/wp-json\/wp\/v2\/categories?post=1455122"},{"taxonomy":"post_tag","embeddable":true,"href":"https:\/\/noticiasya.com\/el-valle\/wp-json\/wp\/v2\/tags?post=1455122"}],"curies":[{"name":"wp","href":"https:\/\/api.w.org\/{rel}","templated":true}]}}