{"id":1455132,"date":"2024-10-16T07:03:41","date_gmt":"2024-10-16T14:03:41","guid":{"rendered":"https:\/\/noticiasya.com\/2024\/10\/16\/tren-ciudad-de-mexico-queretaro-ruta-velocidad-cuando-estara-listo-orix\/"},"modified":"2024-10-16T07:03:41","modified_gmt":"2024-10-16T14:03:41","slug":"tren-ciudad-de-mexico-queretaro-ruta-velocidad-cuando-estara-listo-orix","status":"publish","type":"post","link":"https:\/\/noticiasya.com\/el-valle\/2024\/10\/16\/tren-ciudad-de-mexico-queretaro-ruta-velocidad-cuando-estara-listo-orix\/","title":{"rendered":"Tren Ciudad de M\u00e9xico-Quer\u00e9taro: cu\u00e1l ser\u00e1 su ruta, velocidad, cu\u00e1ndo estar\u00e1 listo"},"content":{"rendered":"<p>(CNN Espa\u00f1ol) &#8212; La presidenta de M\u00e9xico, Claudia Sheinbaum, dio inicio a mediados de octubre a los trabajos preliminares de la construcci\u00f3n del tren Ciudad de M\u00e9xico-Quer\u00e9taro, un proyecto ferroviario de 255 kil\u00f3metros que conectar\u00e1 la capital del pa\u00eds y el estado de Quer\u00e9taro.<\/p>\n<p>Claudia Sheinbaum anuncia un plan para construir tres nuevas rutas de tren de pasajeros en M\u00e9xico<\/p>\n<p>La obra, que comenzar\u00e1 en abril de 2025, estar\u00e1 a cargo de los ingenieros militares que construyeron el pol\u00e9mico\u00a0 aeropuerto Felipe \u00c1ngeles (AIFA) durante el Gobierno de Andr\u00e9s Manuel L\u00f3pez Obrador. Su construcci\u00f3n durar\u00e1 tres a\u00f1os, seg\u00fan Sheinbaum, generar\u00e1 m\u00e1s de 490.000 empleos y beneficiar\u00e1 a casi 6 millones de habitantes en Ciudad de M\u00e9xico, Estado de M\u00e9xico, Hidalgo y Quer\u00e9taro.<\/p>\n<p>Conoce m\u00e1s detalles sobre el tren Ciudad de M\u00e9xico-Quer\u00e9taro: la ruta completa, c\u00f3mo operar\u00e1, su velocidad y capacidad.<\/p>\n<p>La ruta completa: estas ser\u00e1n sus estaciones principales<\/p>\n<p>En su primera etapa este tren de pasajeros conectar\u00e1 a los habitantes de la Ciudad de M\u00e9xico con los estados de M\u00e9xico, Hidalgo y Quer\u00e9taro. Se prev\u00e9 que para etapas posteriores del proyecto, el tren conecte con otras ciudades como Nuevo Laredo, Guadalajara y Nogales, ubicadas en el norte y occidente del pa\u00eds.<\/p>\n<p>El trayecto del Tren M\u00e9xico-Quer\u00e9taro recorrer\u00e1 225 kil\u00f3metros, con paradas en tres estaciones principales:<\/p>\n<p>Buenavista, en Ciudad de M\u00e9xico<br \/>\nSan Juan del R\u00edo, en Quer\u00e9taro<br \/>\nSantiago de Quer\u00e9taro (estaci\u00f3n terminal), en Quer\u00e9taro<\/p>\n<p>Adem\u00e1s de estas estaciones, habr\u00e1 paraderos en poblaciones intermedias. La ruta atravesar\u00e1 las alcald\u00edas y municipios de Cuauht\u00e9moc, Azcapotzalco, Atotonilco de Tula, Tula de Allende, Nopala de Villagr\u00e1n, Tepeji del R\u00edo de Ocampo, Cuautitl\u00e1n Izcalli, Polotitl\u00e1n, Cuautitl\u00e1n, Soyaniquilpan de Ju\u00e1rez, Tlalnepantla de Baz, Tultitl\u00e1n, Zumpango, Huehuetoca, Teoloyucan, Jilotepec, Coyotepec, Pedro Escobedo, Quer\u00e9taro, San Juan del R\u00edo, El Marqu\u00e9s y Col\u00f3n.<\/p>\n<p>Avanza reforma constitucional para revitalizar los trenes de pasajeros en M\u00e9xico<\/p>\n<p>En Ciudad de M\u00e9xico, el tren M\u00e9xico-Quer\u00e9taro tendr\u00e1 una conexi\u00f3n intermodal en la terminal Buenavista con la L\u00ednea B del Metro, las l\u00edneas 1, 3 y 4 del Metrob\u00fas y el sistema de Ecobici. En la terminal de Quer\u00e9taro tendr\u00e1 conexi\u00f3n con el Quer\u00e9taro Bus.<\/p>\n<p>Velocidad, capacidad y otras caracter\u00edsticas<\/p>\n<p>El tren M\u00e9xico-Quer\u00e9taro contar\u00e1 con dos v\u00edas exclusivas para pasajeros, adicionales a las de carga existentes, seg\u00fan detalla el gobierno en su p\u00e1gina oficial. Adem\u00e1s, se sumar\u00e1n varias obras al proyecto: 77 puentes, 12 t\u00faneles, tres viaductos, dos libramientos y dos distribuidores ferroviarios.<\/p>\n<p>El tren recorrer\u00e1 la Ciudad de M\u00e9xico, el Estado de M\u00e9xico, Hidalgo y Quer\u00e9taro en 1 hora 40 minutos, un ahorro del 40% en el tiempo de traslado que actualmente es de apr\u00f3ximadamente casi 3 horas.<\/p>\n<p>Su flota de trenes tendr\u00e1 una velocidad de hasta 160 km\/h y cada tren tendr\u00e1 una capacidad de 450 pasajeros.<\/p>\n<p>Antes de iniciar la construcci\u00f3n, la Secretar\u00eda de la Defensa Nacional (Sedena) realizar\u00e1 diversos estudios sobre el derecho de la v\u00eda actual para determinar los par\u00e1metros de dise\u00f1o, de acuerdo con Gustavo Ricardo Vallejo Su\u00e1rez, comandante del Agrupamiento de Ingenieros \u2018Felipe \u00c1ngeles\u2019.<\/p>\n<p>Una vez hechos los estudios que durar\u00e1n cinco meses, Vallejo Su\u00e1rez asegura que se contempla un tiempo de construcci\u00f3n de 36 meses a partir de marzo 2025. Se espera que los trabajos y pruebas operacionales se lleven a cabo en el primer trimestre de 2029.<\/p>\n<p>The-CNN-Wire<br \/>&trade; &amp; &copy; 2024 Cable News Network, Inc., a Warner Bros. Discovery Company. All rights reserved.<\/p>\n","protected":false},"excerpt":{"rendered":"<p>(CNN Espa\u00f1ol) &#8212; La presidenta de M\u00e9xico, Claudia Sheinbaum, dio inicio a mediados de octubre a los trabajos preliminares de la construcci\u00f3n del tren Ciudad de M\u00e9xico-Quer\u00e9taro, un proyecto ferroviario de 255 kil\u00f3metros que conectar\u00e1 la capital del pa\u00eds y el estado de Quer\u00e9taro. Claudia Sheinbaum anuncia un plan para construir tres nuevas rutas de [&hellip;]<\/p>\n","protected":false},"author":0,"featured_media":0,"comment_status":"open","ping_status":"open","sticky":false,"template":"","format":"standard","meta":{"_jetpack_memberships_contains_paid_content":false,"footnotes":""},"categories":[10],"tags":[],"class_list":["post-1455132","post","type-post","status-publish","format-standard","hentry","category-noticias-nacionales","market-global"],"yoast_head":"<!-- This site is optimized with the Yoast SEO plugin v24.4 - https:\/\/yoast.com\/wordpress\/plugins\/seo\/ -->\n<title>Tren Ciudad de M\u00e9xico-Quer\u00e9taro: cu\u00e1l ser\u00e1 su ruta, velocidad, cu\u00e1ndo estar\u00e1 listo - Noticias<\/title>\n<meta name=\"robots\" content=\"index, follow, max-snippet:-1, max-image-preview:large, max-video-preview:-1\" \/>\n<link rel=\"canonical\" href=\"https:\/\/noticiasya.com\/2024\/10\/16\/tren-ciudad-de-mexico-queretaro-ruta-velocidad-cuando-estara-listo-orix\/\" \/>\n<meta property=\"og:locale\" content=\"es_ES\" \/>\n<meta property=\"og:type\" content=\"article\" \/>\n<meta property=\"og:title\" content=\"Tren Ciudad de M\u00e9xico-Quer\u00e9taro: cu\u00e1l ser\u00e1 su ruta, velocidad, cu\u00e1ndo estar\u00e1 listo - Noticias\" \/>\n<meta property=\"og:description\" content=\"(CNN Espa\u00f1ol) &#8212; La presidenta de M\u00e9xico, Claudia Sheinbaum, dio inicio a mediados de octubre a los trabajos preliminares de la construcci\u00f3n del tren Ciudad de M\u00e9xico-Quer\u00e9taro, un proyecto ferroviario de 255 kil\u00f3metros que conectar\u00e1 la capital del pa\u00eds y el estado de Quer\u00e9taro. Claudia Sheinbaum anuncia un plan para construir tres nuevas rutas de [&hellip;]\" \/>\n<meta property=\"og:url\" content=\"https:\/\/noticiasya.com\/2024\/10\/16\/tren-ciudad-de-mexico-queretaro-ruta-velocidad-cuando-estara-listo-orix\/\" \/>\n<meta property=\"og:site_name\" content=\"Noticias\" \/>\n<meta property=\"article:published_time\" content=\"2024-10-16T14:03:41+00:00\" \/>\n<meta name=\"twitter:card\" content=\"summary_large_image\" \/>\n<meta name=\"twitter:label1\" content=\"Est. reading time\" \/>\n\t<meta name=\"twitter:data1\" content=\"3 minutos\" \/>\n<script type=\"application\/ld+json\" class=\"yoast-schema-graph\">{\"@context\":\"https:\/\/schema.org\",\"@graph\":[{\"@type\":\"Article\",\"@id\":\"https:\/\/noticiasya.com\/2024\/10\/16\/tren-ciudad-de-mexico-queretaro-ruta-velocidad-cuando-estara-listo-orix\/#article\",\"isPartOf\":{\"@id\":\"https:\/\/noticiasya.com\/2024\/10\/16\/tren-ciudad-de-mexico-queretaro-ruta-velocidad-cuando-estara-listo-orix\/\"},\"author\":{\"name\":\"\",\"@id\":\"\"},\"headline\":\"Tren Ciudad de M\u00e9xico-Quer\u00e9taro: cu\u00e1l ser\u00e1 su ruta, velocidad, cu\u00e1ndo estar\u00e1 listo\",\"datePublished\":\"2024-10-16T14:03:41+00:00\",\"mainEntityOfPage\":{\"@id\":\"https:\/\/noticiasya.com\/2024\/10\/16\/tren-ciudad-de-mexico-queretaro-ruta-velocidad-cuando-estara-listo-orix\/\"},\"wordCount\":637,\"commentCount\":0,\"publisher\":{\"@id\":\"https:\/\/noticiasya.com\/#organization\"},\"articleSection\":[\"Noticias Nacionales\"],\"inLanguage\":\"es\",\"potentialAction\":[{\"@type\":\"CommentAction\",\"name\":\"Comment\",\"target\":[\"https:\/\/noticiasya.com\/2024\/10\/16\/tren-ciudad-de-mexico-queretaro-ruta-velocidad-cuando-estara-listo-orix\/#respond\"]}]},{\"@type\":\"WebPage\",\"@id\":\"https:\/\/noticiasya.com\/2024\/10\/16\/tren-ciudad-de-mexico-queretaro-ruta-velocidad-cuando-estara-listo-orix\/\",\"url\":\"https:\/\/noticiasya.com\/2024\/10\/16\/tren-ciudad-de-mexico-queretaro-ruta-velocidad-cuando-estara-listo-orix\/\",\"name\":\"Tren Ciudad de M\u00e9xico-Quer\u00e9taro: cu\u00e1l ser\u00e1 su ruta, velocidad, cu\u00e1ndo estar\u00e1 listo - Noticias\",\"isPartOf\":{\"@id\":\"https:\/\/noticiasya.com\/#website\"},\"datePublished\":\"2024-10-16T14:03:41+00:00\",\"breadcrumb\":{\"@id\":\"https:\/\/noticiasya.com\/2024\/10\/16\/tren-ciudad-de-mexico-queretaro-ruta-velocidad-cuando-estara-listo-orix\/#breadcrumb\"},\"inLanguage\":\"es\",\"potentialAction\":[{\"@type\":\"ReadAction\",\"target\":[\"https:\/\/noticiasya.com\/2024\/10\/16\/tren-ciudad-de-mexico-queretaro-ruta-velocidad-cuando-estara-listo-orix\/\"]}]},{\"@type\":\"BreadcrumbList\",\"@id\":\"https:\/\/noticiasya.com\/2024\/10\/16\/tren-ciudad-de-mexico-queretaro-ruta-velocidad-cuando-estara-listo-orix\/#breadcrumb\",\"itemListElement\":[{\"@type\":\"ListItem\",\"position\":1,\"name\":\"Home\",\"item\":\"https:\/\/noticiasya.com\/\"},{\"@type\":\"ListItem\",\"position\":2,\"name\":\"Tren Ciudad de M\u00e9xico-Quer\u00e9taro: cu\u00e1l ser\u00e1 su ruta, velocidad, cu\u00e1ndo estar\u00e1 listo\"}]},{\"@type\":\"WebSite\",\"@id\":\"https:\/\/noticiasya.com\/#website\",\"url\":\"https:\/\/noticiasya.com\/\",\"name\":\"Noticias\",\"description\":\"Lo que importa\",\"publisher\":{\"@id\":\"https:\/\/noticiasya.com\/#organization\"},\"potentialAction\":[{\"@type\":\"SearchAction\",\"target\":{\"@type\":\"EntryPoint\",\"urlTemplate\":\"https:\/\/noticiasya.com\/?s={search_term_string}\"},\"query-input\":{\"@type\":\"PropertyValueSpecification\",\"valueRequired\":true,\"valueName\":\"search_term_string\"}}],\"inLanguage\":\"es\"},{\"@type\":\"Organization\",\"@id\":\"https:\/\/noticiasya.com\/#organization\",\"name\":\"Noticias\",\"url\":\"https:\/\/noticiasya.com\/\",\"logo\":{\"@type\":\"ImageObject\",\"inLanguage\":\"es\",\"@id\":\"https:\/\/noticiasya.com\/#\/schema\/logo\/image\/\",\"url\":\"https:\/\/noticiasya.com\/wp-content\/uploads\/sites\/22\/2023\/12\/logo-nacional.png\",\"contentUrl\":\"https:\/\/noticiasya.com\/wp-content\/uploads\/sites\/22\/2023\/12\/logo-nacional.png\",\"width\":1801,\"height\":691,\"caption\":\"Noticias\"},\"image\":{\"@id\":\"https:\/\/noticiasya.com\/#\/schema\/logo\/image\/\"}}]}<\/script>\n<!-- \/ Yoast SEO plugin. -->","yoast_head_json":{"title":"Tren Ciudad de M\u00e9xico-Quer\u00e9taro: cu\u00e1l ser\u00e1 su ruta, velocidad, cu\u00e1ndo estar\u00e1 listo - Noticias","robots":{"index":"index","follow":"follow","max-snippet":"max-snippet:-1","max-image-preview":"max-image-preview:large","max-video-preview":"max-video-preview:-1"},"canonical":"https:\/\/noticiasya.com\/2024\/10\/16\/tren-ciudad-de-mexico-queretaro-ruta-velocidad-cuando-estara-listo-orix\/","og_locale":"es_ES","og_type":"article","og_title":"Tren Ciudad de M\u00e9xico-Quer\u00e9taro: cu\u00e1l ser\u00e1 su ruta, velocidad, cu\u00e1ndo estar\u00e1 listo - Noticias","og_description":"(CNN Espa\u00f1ol) &#8212; La presidenta de M\u00e9xico, Claudia Sheinbaum, dio inicio a mediados de octubre a los trabajos preliminares de la construcci\u00f3n del tren Ciudad de M\u00e9xico-Quer\u00e9taro, un proyecto ferroviario de 255 kil\u00f3metros que conectar\u00e1 la capital del pa\u00eds y el estado de Quer\u00e9taro. Claudia Sheinbaum anuncia un plan para construir tres nuevas rutas de [&hellip;]","og_url":"https:\/\/noticiasya.com\/2024\/10\/16\/tren-ciudad-de-mexico-queretaro-ruta-velocidad-cuando-estara-listo-orix\/","og_site_name":"Noticias","article_published_time":"2024-10-16T14:03:41+00:00","twitter_card":"summary_large_image","twitter_misc":{"Est. reading time":"3 minutos"},"schema":{"@context":"https:\/\/schema.org","@graph":[{"@type":"Article","@id":"https:\/\/noticiasya.com\/2024\/10\/16\/tren-ciudad-de-mexico-queretaro-ruta-velocidad-cuando-estara-listo-orix\/#article","isPartOf":{"@id":"https:\/\/noticiasya.com\/2024\/10\/16\/tren-ciudad-de-mexico-queretaro-ruta-velocidad-cuando-estara-listo-orix\/"},"author":{"name":"","@id":""},"headline":"Tren Ciudad de M\u00e9xico-Quer\u00e9taro: cu\u00e1l ser\u00e1 su ruta, velocidad, cu\u00e1ndo estar\u00e1 listo","datePublished":"2024-10-16T14:03:41+00:00","mainEntityOfPage":{"@id":"https:\/\/noticiasya.com\/2024\/10\/16\/tren-ciudad-de-mexico-queretaro-ruta-velocidad-cuando-estara-listo-orix\/"},"wordCount":637,"commentCount":0,"publisher":{"@id":"https:\/\/noticiasya.com\/#organization"},"articleSection":["Noticias Nacionales"],"inLanguage":"es","potentialAction":[{"@type":"CommentAction","name":"Comment","target":["https:\/\/noticiasya.com\/2024\/10\/16\/tren-ciudad-de-mexico-queretaro-ruta-velocidad-cuando-estara-listo-orix\/#respond"]}]},{"@type":"WebPage","@id":"https:\/\/noticiasya.com\/2024\/10\/16\/tren-ciudad-de-mexico-queretaro-ruta-velocidad-cuando-estara-listo-orix\/","url":"https:\/\/noticiasya.com\/2024\/10\/16\/tren-ciudad-de-mexico-queretaro-ruta-velocidad-cuando-estara-listo-orix\/","name":"Tren Ciudad de M\u00e9xico-Quer\u00e9taro: cu\u00e1l ser\u00e1 su ruta, velocidad, cu\u00e1ndo estar\u00e1 listo - Noticias","isPartOf":{"@id":"https:\/\/noticiasya.com\/#website"},"datePublished":"2024-10-16T14:03:41+00:00","breadcrumb":{"@id":"https:\/\/noticiasya.com\/2024\/10\/16\/tren-ciudad-de-mexico-queretaro-ruta-velocidad-cuando-estara-listo-orix\/#breadcrumb"},"inLanguage":"es","potentialAction":[{"@type":"ReadAction","target":["https:\/\/noticiasya.com\/2024\/10\/16\/tren-ciudad-de-mexico-queretaro-ruta-velocidad-cuando-estara-listo-orix\/"]}]},{"@type":"BreadcrumbList","@id":"https:\/\/noticiasya.com\/2024\/10\/16\/tren-ciudad-de-mexico-queretaro-ruta-velocidad-cuando-estara-listo-orix\/#breadcrumb","itemListElement":[{"@type":"ListItem","position":1,"name":"Home","item":"https:\/\/noticiasya.com\/"},{"@type":"ListItem","position":2,"name":"Tren Ciudad de M\u00e9xico-Quer\u00e9taro: cu\u00e1l ser\u00e1 su ruta, velocidad, cu\u00e1ndo estar\u00e1 listo"}]},{"@type":"WebSite","@id":"https:\/\/noticiasya.com\/#website","url":"https:\/\/noticiasya.com\/","name":"Noticias","description":"Lo que importa","publisher":{"@id":"https:\/\/noticiasya.com\/#organization"},"potentialAction":[{"@type":"SearchAction","target":{"@type":"EntryPoint","urlTemplate":"https:\/\/noticiasya.com\/?s={search_term_string}"},"query-input":{"@type":"PropertyValueSpecification","valueRequired":true,"valueName":"search_term_string"}}],"inLanguage":"es"},{"@type":"Organization","@id":"https:\/\/noticiasya.com\/#organization","name":"Noticias","url":"https:\/\/noticiasya.com\/","logo":{"@type":"ImageObject","inLanguage":"es","@id":"https:\/\/noticiasya.com\/#\/schema\/logo\/image\/","url":"https:\/\/noticiasya.com\/wp-content\/uploads\/sites\/22\/2023\/12\/logo-nacional.png","contentUrl":"https:\/\/noticiasya.com\/wp-content\/uploads\/sites\/22\/2023\/12\/logo-nacional.png","width":1801,"height":691,"caption":"Noticias"},"image":{"@id":"https:\/\/noticiasya.com\/#\/schema\/logo\/image\/"}}]}},"parsely":{"version":"1.1.0","canonical_url":"https:\/\/noticiasya.com\/el-valle\/2024\/10\/16\/tren-ciudad-de-mexico-queretaro-ruta-velocidad-cuando-estara-listo-orix\/","smart_links":{"inbound":0,"outbound":0},"traffic_boost_suggestions_count":0,"meta":{"@context":"https:\/\/schema.org","@type":"NewsArticle","headline":"Tren Ciudad de M\u00e9xico-Quer\u00e9taro: cu\u00e1l ser\u00e1 su ruta, velocidad, cu\u00e1ndo estar\u00e1 listo","url":"http:\/\/noticiasya.com\/el-valle\/2024\/10\/16\/tren-ciudad-de-mexico-queretaro-ruta-velocidad-cuando-estara-listo-orix\/","mainEntityOfPage":{"@type":"WebPage","@id":"http:\/\/noticiasya.com\/el-valle\/2024\/10\/16\/tren-ciudad-de-mexico-queretaro-ruta-velocidad-cuando-estara-listo-orix\/"},"thumbnailUrl":"","image":{"@type":"ImageObject","url":""},"articleSection":"Noticias Nacionales","author":[],"creator":[],"publisher":{"@type":"Organization","name":"Noticias","logo":""},"keywords":[],"dateCreated":"2024-10-16T14:03:41Z","datePublished":"2024-10-16T14:03:41Z","dateModified":"2024-10-16T14:03:41Z"},"rendered":"<script type=\"application\/ld+json\" class=\"wp-parsely-metadata\">{\"@context\":\"https:\\\/\\\/schema.org\",\"@type\":\"NewsArticle\",\"headline\":\"Tren Ciudad de M\\u00e9xico-Quer\\u00e9taro: cu\\u00e1l ser\\u00e1 su ruta, velocidad, cu\\u00e1ndo estar\\u00e1 listo\",\"url\":\"http:\\\/\\\/noticiasya.com\\\/el-valle\\\/2024\\\/10\\\/16\\\/tren-ciudad-de-mexico-queretaro-ruta-velocidad-cuando-estara-listo-orix\\\/\",\"mainEntityOfPage\":{\"@type\":\"WebPage\",\"@id\":\"http:\\\/\\\/noticiasya.com\\\/el-valle\\\/2024\\\/10\\\/16\\\/tren-ciudad-de-mexico-queretaro-ruta-velocidad-cuando-estara-listo-orix\\\/\"},\"thumbnailUrl\":\"\",\"image\":{\"@type\":\"ImageObject\",\"url\":\"\"},\"articleSection\":\"Noticias Nacionales\",\"author\":[],\"creator\":[],\"publisher\":{\"@type\":\"Organization\",\"name\":\"Noticias\",\"logo\":\"\"},\"keywords\":[],\"dateCreated\":\"2024-10-16T14:03:41Z\",\"datePublished\":\"2024-10-16T14:03:41Z\",\"dateModified\":\"2024-10-16T14:03:41Z\"}<\/script>","tracker_url":"https:\/\/cdn.parsely.com\/keys\/noticiasya.com\/p.js"},"jetpack_featured_media_url":"","jetpack-related-posts":[{"id":1451056,"url":"https:\/\/noticiasya.com\/el-valle\/2024\/07\/11\/sheinbaum-plan-tres-nuevas-rutas-tren-pasajeros-orix\/","url_meta":{"origin":1455132,"position":0},"title":"Claudia Sheinbaum anuncia un plan para construir tres nuevas rutas de tren de pasajeros en M\u00e9xico","author":"","date":"julio 11, 2024","format":false,"excerpt":"(CNN Espa\u00f1ol) -- La ganadora de la elecci\u00f3n presidencial de M\u00e9xico, Claudia Sheinbaum, anunci\u00f3 un plan para la construcci\u00f3n de tres nuevas rutas de tren de pasajeros con un esquema similar al del Tren Maya, en el que participen ingenieros militares y empresas privadas, inform\u00f3 este mi\u00e9rcoles en una conferencia\u2026","rel":"","context":"In &quot;Noticias Nacionales&quot;","block_context":{"text":"Noticias Nacionales","link":"https:\/\/noticiasya.com\/el-valle\/categoria\/noticias-nacionales"},"img":{"alt_text":"","src":"","width":0,"height":0},"classes":[]},{"id":1465544,"url":"https:\/\/noticiasya.com\/el-valle\/2025\/08\/15\/mexico-guatemala-negociaciones-belice-tren-maya-orix\/","url_meta":{"origin":1455132,"position":1},"title":"M\u00e9xico y Guatemala quieren llevar el Tren Maya a Centroam\u00e9rica e inician negociaciones con Belice","author":"","date":"agosto 15, 2025","format":false,"excerpt":"Los gobiernos de M\u00e9xico y Guatemala acordaron este viernes impulsar el inicio de negociaciones en conjunto con Belice para llevar el Tren Maya \u2014uno de los proyectos de infraestructura insignia del sexenio de Andr\u00e9s Manuel L\u00f3pez Obrador\u2014 a esos pa\u00edses de Centroam\u00e9rica.\u201cValoramos much\u00edsimo las iniciativas de M\u00e9xico que buscan la\u2026","rel":"","context":"In &quot;Noticias Nacionales&quot;","block_context":{"text":"Noticias Nacionales","link":"https:\/\/noticiasya.com\/el-valle\/categoria\/noticias-nacionales"},"img":{"alt_text":"","src":"","width":0,"height":0},"classes":[]},{"id":1455747,"url":"https:\/\/noticiasya.com\/el-valle\/2024\/11\/11\/que-paso-masacre-bar-los-cantaritos-queretaro-esto-sabemos-orix\/","url_meta":{"origin":1455132,"position":2},"title":"\u00bfQu\u00e9 pas\u00f3 en la masacre en el bar &#171;Los Cantaritos&#187; de Quer\u00e9taro? Esto sabemos","author":"","date":"noviembre 11, 2024","format":false,"excerpt":"(CNN Espa\u00f1ol) --\u00a0Un ataque armado en un bar de la capital del estado de Quer\u00e9taro \u2014en el centro de M\u00e9xico\u2014 dej\u00f3 el s\u00e1bado un saldo de al menos 10 personas muertas y 13 heridas, una masacre que el gobernador de la entidad, Mauricio Kuri, calific\u00f3 como \"un hecho sin precedentes\"\u2026","rel":"","context":"In &quot;Noticias Nacionales&quot;","block_context":{"text":"Noticias Nacionales","link":"https:\/\/noticiasya.com\/el-valle\/categoria\/noticias-nacionales"},"img":{"alt_text":"","src":"","width":0,"height":0},"classes":[]},{"id":1467129,"url":"https:\/\/noticiasya.com\/el-valle\/2025\/10\/05\/sheinbaum-nadie-influye-politica-seguridad-orix\/","url_meta":{"origin":1455132,"position":3},"title":"Sheinbaum asegura que &#171;nadie influye&#187; en la pol\u00edtica de seguridad en M\u00e9xico: &#171;Se decide soberanamente&#187;","author":"","date":"octubre 5, 2025","format":false,"excerpt":"La presidenta de M\u00e9xico, Claudia Sheinbaum, afirm\u00f3 este domingo que la pol\u00edtica de seguridad y paz en M\u00e9xico \u201cse decide soberanamente\u201d y sin influencia externa, en referencia a las presiones del Gobierno del presidente de EE.UU. Donald Trump, en un discurso con un balance de su primer a\u00f1o de mandato,\u2026","rel":"","context":"In &quot;Noticias Nacionales&quot;","block_context":{"text":"Noticias Nacionales","link":"https:\/\/noticiasya.com\/el-valle\/categoria\/noticias-nacionales"},"img":{"alt_text":"","src":"","width":0,"height":0},"classes":[]},{"id":1468200,"url":"https:\/\/noticiasya.com\/el-valle\/2025\/11\/10\/sheinbaum-regala-boleto-mundial-2026-orix\/","url_meta":{"origin":1455132,"position":4},"title":"Sheinbaum present\u00f3 el Mundial 2026 y dijo que regalar\u00e1 su boleto para el partido inaugural a una ni\u00f1a &#171;amante del f\u00fatbol&#187;","author":"","date":"noviembre 10, 2025","format":false,"excerpt":"\u201cComo me dijo Gianni Infantino, cuando llega y pone un bal\u00f3n, hay una sonrisa de quien lo ve\u201d. Con esa frase, la presidenta de M\u00e9xico, Claudia Sheinbaum, present\u00f3 este lunes la Copa Mundial de la FIFA 2026, que ser\u00e1 organizada por su pa\u00eds, Estados Unidos y Canad\u00e1.La mandataria dijo que\u2026","rel":"","context":"In &quot;Noticias Nacionales&quot;","block_context":{"text":"Noticias Nacionales","link":"https:\/\/noticiasya.com\/el-valle\/categoria\/noticias-nacionales"},"img":{"alt_text":"","src":"","width":0,"height":0},"classes":[]},{"id":1466342,"url":"https:\/\/noticiasya.com\/el-valle\/2025\/09\/10\/sheinbaum-busca-subir-aranceles-productos-paises-asia-orix\/","url_meta":{"origin":1455132,"position":5},"title":"Gobierno de M\u00e9xico quiere subir hasta un 50 % los aranceles a casi 1.500 productos chinos, incluyendo los autos","author":"","date":"septiembre 10, 2025","format":false,"excerpt":"La presidenta de M\u00e9xico, Claudia Sheinbaum, busca subir los aranceles de casi 1.500 productos \u2013incluyendo autos\u2013 procedentes de China y de otras naciones de Asia con los que su pa\u00eds no tiene tratado comercial, de acuerdo con una iniciativa que la mandataria envi\u00f3 este martes al Congreso.El documento plantea reformar\u2026","rel":"","context":"In &quot;Noticias Nacionales&quot;","block_context":{"text":"Noticias Nacionales","link":"https:\/\/noticiasya.com\/el-valle\/categoria\/noticias-nacionales"},"img":{"alt_text":"","src":"","width":0,"height":0},"classes":[]}],"jetpack_sharing_enabled":true,"_links":{"self":[{"href":"https:\/\/noticiasya.com\/el-valle\/wp-json\/wp\/v2\/posts\/1455132","targetHints":{"allow":["GET"]}}],"collection":[{"href":"https:\/\/noticiasya.com\/el-valle\/wp-json\/wp\/v2\/posts"}],"about":[{"href":"https:\/\/noticiasya.com\/el-valle\/wp-json\/wp\/v2\/types\/post"}],"replies":[{"embeddable":true,"href":"https:\/\/noticiasya.com\/el-valle\/wp-json\/wp\/v2\/comments?post=1455132"}],"version-history":[{"count":0,"href":"https:\/\/noticiasya.com\/el-valle\/wp-json\/wp\/v2\/posts\/1455132\/revisions"}],"wp:attachment":[{"href":"https:\/\/noticiasya.com\/el-valle\/wp-json\/wp\/v2\/media?parent=1455132"}],"wp:term":[{"taxonomy":"category","embeddable":true,"href":"https:\/\/noticiasya.com\/el-valle\/wp-json\/wp\/v2\/categories?post=1455132"},{"taxonomy":"post_tag","embeddable":true,"href":"https:\/\/noticiasya.com\/el-valle\/wp-json\/wp\/v2\/tags?post=1455132"}],"curies":[{"name":"wp","href":"https:\/\/api.w.org\/{rel}","templated":true}]}}