{"id":1455156,"date":"2024-10-16T13:03:46","date_gmt":"2024-10-16T20:03:46","guid":{"rendered":"https:\/\/noticiasya.com\/2024\/10\/16\/quiero-estar-aqui-hombre-cambio-san-francisco-por-colombia\/"},"modified":"2024-10-16T13:03:46","modified_gmt":"2024-10-16T20:03:46","slug":"quiero-estar-aqui-hombre-cambio-san-francisco-por-colombia","status":"publish","type":"post","link":"https:\/\/noticiasya.com\/el-valle\/2024\/10\/16\/quiero-estar-aqui-hombre-cambio-san-francisco-por-colombia\/","title":{"rendered":"&#171;Quiero estar aqu\u00ed el resto de mi vida&#187;: por qu\u00e9 este hombre cambi\u00f3 San Francisco por Colombia"},"content":{"rendered":"<p>(CNN) &#8212; Despu\u00e9s de pasar varios a\u00f1os construyendo una vida que amaba en San Francisco, Jason Bennett, originario del \u00c1rea de la Bah\u00eda, ten\u00eda toda la intenci\u00f3n de quedarse en la ciudad californiana para siempre.<\/p>\n<p>El alto ejecutivo de marketing, que anteriormente trabaj\u00f3 para Gap Inc., dice que su principal objetivo era &#171;seguir subiendo la escalera corporativa&#187; y que realmente no pod\u00eda imaginarse estar en ning\u00fan otro lugar.<\/p>\n<p>Pero en 2018, Bennett hizo las maletas y se mud\u00f3 a Colombia de forma permanente despu\u00e9s de &#171;enamorarse perdidamente&#187; de Medell\u00edn.<\/p>\n<p>Ahora trabaja por cuenta propia dirigiendo dos empresas desde su &#171;hogar adoptivo&#187;.<\/p>\n<p>&#171;La vida te sorprende&#187;, le dijo Bennett a CNN Travel.<\/p>\n<p>Entonces, \u00bfc\u00f3mo termin\u00f3 abandonando EE.UU. y mud\u00e1ndose a un destino que ni siquiera hab\u00eda visitado hasta dos a\u00f1os antes?<\/p>\n<p>Una gran decisi\u00f3n<\/p>\n<p>Bennett posa con su mam\u00e1 durante una de las visitas de su familia a Medell\u00edn. (Cortes\u00eda de Jason Bennett)<\/p>\n<p>Bennett, que se mud\u00f3 a San Francisco en 2006, explica que hab\u00eda empezado a sentirse desconectado de su trabajo y de la ciudad, y se preguntaba si realmente quer\u00eda pasar el resto de su vida \u201cen una oficina trabajando para otras personas\u201d.<\/p>\n<p>\u201cNo lo llamar\u00eda una crisis existencial, pero lo que ten\u00eda en mi cuenta bancaria me produc\u00eda mucha menos satisfacci\u00f3n\u201d, afirma.<\/p>\n<p>\u201cY me estaba frustrando mucho con San Francisco y esas cosas ya no me cuadraban\u201d.<\/p>\n<p>Despu\u00e9s de casi una d\u00e9cada en la ciudad, Bennett, que dice que hab\u00eda estado \u201cahorrando religiosamente\u201d durante a\u00f1os, hab\u00eda podido viajar a destinos tan lejanos como L\u00edbano, India, Estonia y Argentina para ver a artistas musicales con sus amigos, y su perspectiva de la vida estaba cambiando.<\/p>\n<p>\u201cSent\u00eda optimismo y positividad en el aire de esas ciudades que, francamente, descubr\u00ed que faltaban cuando volv\u00eda\u201d, afirma.<\/p>\n<p>\u201cY empez\u00f3 a crearse en mi mente una especie de detonante y un pensamiento: \u2018Quiz\u00e1s haya algo m\u00e1s all\u00e1\u2019\u201d<\/p>\n<p>Desilusionado por la vida que cre\u00eda que quer\u00eda, Bennett renunci\u00f3 a su trabajo y fund\u00f3 su propia empresa de marketing, True Star Consulting, en 2015.<\/p>\n<p>\u201cEn alg\u00fan momento de la vida hay que dar un salto para saber si se puede o no\u201d, afirma.<\/p>\n<p>Bennett tambi\u00e9n decidi\u00f3 tomarse un descanso de EE. UU. y pasar unos meses viajando por el mundo mientras trabajaba de forma remota.<\/p>\n<p>M\u00e1s tarde ese a\u00f1o visit\u00f3 Lisboa, Portugal, antes de mudarse a Cartagena, Colombia.<\/p>\n<p>\u201cDespu\u00e9s de una semana, supe que nunca volver\u00eda a mi antigua vida\u201d, admite. \u201cPero no pens\u00e9 que alguna vez me establecer\u00eda permanentemente en otro lugar\u201d.<\/p>\n<p>Si bien Cartagena no lo cautiv\u00f3 tanto, Bennett sinti\u00f3 que algo cambi\u00f3 dentro de \u00e9l en abril de 2016 cuando lleg\u00f3 a Medell\u00edn, apodada la Ciudad de la Eterna Primavera.<\/p>\n<p>\u201cHab\u00eda una energ\u00eda que nunca hab\u00eda sentido antes\u201d, dice. \u201cLa comida y el clima eran incre\u00edbles, el metro asombrosamente pr\u00edstino\u201d.<\/p>\n<p>Plane\u00f3 otra visita y descubri\u00f3 que experiment\u00f3 la misma oleada de energ\u00eda cuando regres\u00f3 en 2018.<\/p>\n<p>\u201cPero sobre todo, me sent\u00ed especialmente atra\u00eddo e inspirado por la gente alegre y amigable, que me pareci\u00f3 completamente extraordinaria dado lo que hab\u00edan pasado\u201d.<\/p>\n<p>Al dejar Medell\u00edn para continuar sus viajes, Bennett se sinti\u00f3 abrumado por una sensaci\u00f3n de tristeza y nostalgia.<\/p>\n<p>\u201cFue entonces cuando comenc\u00e9 a decir: \u2018\u00bfRealmente necesitas irte?\u2019\u201d dice Bennett. Al mismo tiempo, se dio cuenta de que regresaba a San Francisco principalmente porque sent\u00eda que eso era lo que se esperaba de \u00e9l.<\/p>\n<p>\u201cBueno, ya no quiero hacer eso\u201d, pens\u00f3. \u201cY mis niveles de felicidad est\u00e1n por las nubes cuando estoy en Medell\u00edn\u201d.<\/p>\n<p>Finalmente, Bennett decidi\u00f3 \u201ccortar lazos\u201d con su vida en San Francisco y vendi\u00f3 su apartamento de una habitaci\u00f3n all\u00ed y compr\u00f3 una propiedad de dos habitaciones en el barrio de Castropol, en el distrito El Poblado de Medell\u00edn.<\/p>\n<p>\u201cLa suerte o el karma quiso que acept\u00e9 una oferta por mi apartamento en San Francisco el mismo fin de semana en que aceptaron mi oferta por mi apartamento en Medell\u00edn\u201d, dice antes de explicar que posteriormente tuvo \u201c45 d\u00edas para relajar\u201d su vida en EE.UU.<\/p>\n<p>Seg\u00fan Bennett, su nuevo apartamento era \u201caproximadamente un 80% m\u00e1s barato por pie cuadrado\u201d que su morada en California en ese momento.<\/p>\n<p>Despu\u00e9s de vender sus muebles, enviar algunas de sus pertenencias a Colombia v\u00eda Miami y llenar dos maletas con ropa, algunos artefactos y su adorada cafetera, Bennett se dispuso a comenzar su nueva vida en enero de 2018.<\/p>\n<p>\u201cRealmente recuerdo haber dado vuelta y cerrado esa puerta\u201d, recuerda. \u201cY emocionalmente estaba resuelto. No hab\u00eda tiempo para pensar: \u2018\u00bfEs esto lo correcto?\u2019\u201d<\/p>\n<p>Hogar adoptivo<\/p>\n<p>Bennett, en la foto con su hermana Jen, dice que se siente mucho m\u00e1s saludable desde que se mud\u00f3 a Colombia. (Cortes\u00eda de Jason Bennett)<\/p>\n<p>Bennett dice que inmediatamente se sinti\u00f3 como en casa en Medell\u00edn y recuerda c\u00f3mo la \u201ccalidez y amabilidad\u201d de su gente lo atrajeron.<\/p>\n<p>\u201cSiempre me he sentido atra\u00eddo por la gente colombiana\u201d, dice. \u201cY espec\u00edficamente por los de Medell\u00edn. Para cualquiera que no haya estado aqu\u00ed, la calidez y amabilidad son incre\u00edbles\u201d.<\/p>\n<p>Bennett dice que le impresion\u00f3 especialmente hasta qu\u00e9 punto los lugare\u00f1os estaban dispuestos a ayudar a los dem\u00e1s.<\/p>\n<p>\u201cEs mucho m\u00e1s notable teniendo en cuenta que esta ciudad hace 20 o 30 a\u00f1os era tan temida por tanta gente\u201d, dice, reflexionando sobre el pasado controvertido de Medell\u00edn.<\/p>\n<p>La ciudad, la segunda m\u00e1s grande de Colombia, fue una vez el hogar del C\u00e1rtel de Medell\u00edn que, liderado por el capo de la droga Pablo Escobar, aterroriz\u00f3 al pa\u00eds durante d\u00e9cadas. Como resultado, Medell\u00edn fue sin\u00f3nimo de coca\u00edna y asesinato hasta principios de la d\u00e9cada de 2000.<\/p>\n<p>\u201cHan elegido crear una cultura y una comunidad de amor, respeto y conectividad, en lugar de una de odio, divisi\u00f3n y rabia\u201d, agrega Bennett.<\/p>\n<p>Aunque Colombia tiene una larga relaci\u00f3n con las drogas y las pandillas, la tasa de homicidios del pa\u00eds se redujo en un 82 % entre 1993 y 2018 y las tasas de criminalidad en Medell\u00edn han disminuido significativamente con el paso de los a\u00f1os.<\/p>\n<p>\u201cMe siento m\u00e1s seguro aqu\u00ed que en Estados Unidos, sin lugar a dudas\u201d, dice Bennett, y agrega que\u00a0una de las mejores cosas de vivir en Medell\u00edn es la calidad de vida.<\/p>\n<p>\u201cEl agua potable es fenomenal\u201d, coment\u00e1. \u201cTenemos nuestro propio sistema de embalse\u2026 La comida es incre\u00edble. Podemos cultivar cualquier cosa todo el tiempo. Las frutas frescas. Es un estilo de vida muy saludable.<\/p>\n<p>\u201cEl nivel de caf\u00e9, por supuesto, est\u00e1 fuera de control. Y la cantidad de parques, puedo llevarte a 10 parques diferentes que me encantan\u201d.<\/p>\n<p>Tambi\u00e9n elogia el sistema de atenci\u00f3n m\u00e9dica del pa\u00eds: la Organizaci\u00f3n Mundial de la Salud clasific\u00f3 a Colombia en el puesto n\u00famero 22 en un an\u00e1lisis de 191 pa\u00edses\u00a0y lo describe como \u201cfenomenal\u201d.<\/p>\n<p>\u201cLa atenci\u00f3n m\u00e9dica es un derecho constitucional aqu\u00ed\u201d, dice. \u201cY hay un sistema p\u00fablico que est\u00e1 disponible para todos\u201d.<\/p>\n<p>Bennett, que paga alrededor de US$ 2.000 al a\u00f1o por un plan m\u00e9dico privado, dice que ha podido construir una relaci\u00f3n personal con sus m\u00e9dicos en Medell\u00edn.<\/p>\n<p>\u201cHe tenido acceso a los mejores m\u00e9dicos que he tenido en toda mi vida\u201d, dice.<\/p>\n<p>\u201cNo es que mis m\u00e9dicos en Estados Unidos no fueran buenos, pero (aqu\u00ed) me siento con mi m\u00e9dico durante una hora. Hablamos de la vida.<\/p>\n<p>\u201cTe sent\u00edas como si fueras un n\u00famero m\u00e1s y te llevan deprisa y corriendo en Estados Unidos\u201d.<\/p>\n<p>Bennett tambi\u00e9n es un gran admirador del sistema de metro de la ciudad que se inaugur\u00f3 en 1995.<\/p>\n<p>\u201cComenzaron a construir esta red durante lo peor de la violencia y lleg\u00f3 a ser vista como un s\u00edmbolo de esperanza para la ciudad\u201d, dice.<\/p>\n<p>\u201cAs\u00ed que es el metro m\u00e1s limpio y respetado que jam\u00e1s hayas visto en tu vida, a excepci\u00f3n, tal vez, del de Jap\u00f3n\u201d.<\/p>\n<p>Diferencias culturales<\/p>\n<p>\u201cQuiero quedarme aqu\u00ed el resto de mi vida. Es un reflejo de qui\u00e9n soy ahora\u201d, dice Bennett. (Cortes\u00eda de Jason Bennett)<\/p>\n<p>Aunque claramente le encanta estar en Medell\u00edn, hay algunos aspectos de la vida en Estados Unidos que extra\u00f1a.<\/p>\n<p>Para Bennett, el \u201cnivel de franqueza\u201d de la gente es probablemente lo m\u00e1s importante.<\/p>\n<p>\u201cLa cultura (colombiana) es tan amable que no les gusta decir \u2018no\u2019\u201d dice. \u201cAs\u00ed que haces preguntas y a menudo no obtienes una respuesta directa.<\/p>\n<p>\u201cUno dice: \u2018Vamos, puedes decirme c\u00f3mo es. No me voy a enojar contigo\u2019\u201d.<\/p>\n<p>Contin\u00faa explicando que encuentra que los colombianos son m\u00e1s relajados en general y que \u201cla gente no act\u00faa con el sentido de urgencia que se puede tener en Estados Unidos.<\/p>\n<p>\u201cEcho de menos eso\u201d, admite. \u201cPero en general, estoy rodeado de gente mucho m\u00e1s feliz. As\u00ed que siento que es un sacrificio que vale la pena\u201d.<\/p>\n<p>Bennett se\u00f1ala que puede llevar un tiempo que los reci\u00e9n llegados descubran c\u00f3mo obtener servicios importantes como cuentas bancarias y servicios de energ\u00eda en el pa\u00eds.<\/p>\n<p>\u201cLleva tiempo\u201d, se\u00f1ala. \u201cNo es tan r\u00e1pido como en Estados Unidos. No es tan r\u00e1pido como a lo que uno podr\u00eda estar acostumbrado. Hay pasos que hay que dar y hay que ser persistente\u201d.<\/p>\n<p>En cuanto a la asequibilidad, si bien Bennett se\u00f1ala que \u201cla inflaci\u00f3n ha elevado los precios de bastantes cosas en comparaci\u00f3n con lo que eran antes\u201d, a\u00fan considera que Medell\u00edn tiene una relaci\u00f3n calidad-precio incre\u00edble.<\/p>\n<p>\u201cSe pueden conseguir comidas excelentes por menos de US$ 10, Uber no es caro y el mejor caf\u00e9 del mundo cuesta menos de US$ 2 la taza\u201d, a\u00f1ade.<\/p>\n<p>Despu\u00e9s de seis a\u00f1os, Bennett est\u00e1 completamente inmerso en la experiencia de Medell\u00edn y la ciudad se siente muy parecida a su hogar.<\/p>\n<p>Todav\u00eda no habla espa\u00f1ol con fluidez, pero despu\u00e9s de estudiar el idioma durante cinco a\u00f1os, Bennett dice que su confianza est\u00e1 creciendo y es capaz de mantener conversaciones con bastante comodidad.<\/p>\n<p>\u201cComo hu\u00e9sped mi deber es aprender el idioma\u201d, afirma. \u201cLo que m\u00e1s me molesta de algunos expatriados es que no aprenden nada de espa\u00f1ol\u201d.<\/p>\n<p>Aunque tiene algunos amigos en la ciudad que son compatriotas estadounidenses, Bennett dice que intenta evitar juntarse con \u201cgrupos de expatriados\u201d y prefiere pasar tiempo con los locales.<\/p>\n<p>En 2022, Bennett lanz\u00f3 una empresa de turismo, The Vegan Paisa, ahora conocida como The Paisa Plan, con el objetivo de ayudar a otros a descubrir la \u201cmagia de Medell\u00edn\u201d.<\/p>\n<p>\u201cEl nombre se inspir\u00f3 en el apodo (Paisa) para los nacidos en Medell\u00edn\u201d, agrega.<\/p>\n<p>Bennett actualmente tiene una visa de residencia que renueva cada cinco a\u00f1os, pero planea solicitar la ciudadan\u00eda colombiana en el futuro.<\/p>\n<p>\u201cQuiero estar aqu\u00ed por el resto de mi vida. Es un reflejo de qui\u00e9n soy ahora\u201d, dice. \u201cLos valores que representa Medell\u00edn son los mismos valores que yo defiendo\u201d.<\/p>\n<p>Sin embargo, enfatiza que no tiene planes de renunciar a su ciudadan\u00eda estadounidense.<\/p>\n<p>\u201cPago impuestos con gusto al gobierno estatal de EE.UU.\u201d, dice. \u201cY nunca quiero que parezca que estoy haciendo sombra a San Francisco o a Estados Unidos en general.<\/p>\n<p>\u201cPero siento un profundo cambio de energ\u00eda cuando vuelvo a visitar a mi familia y veo un pa\u00eds con abundancia y con recursos que son el sue\u00f1o de tantos.<\/p>\n<p>\u201cY (piense) \u00bfc\u00f3mo se deriv\u00f3 en peleas constantes, conspiraciones electorales, la atenci\u00f3n m\u00e9dica no siendo un derecho, los derechos de las mujeres eliminador y armas por todas partes?<\/p>\n<p>\u201cSimplemente rompieron todos los contratos que usted como ciudadano espera de su pa\u00eds\u201d.<\/p>\n<p>Bennett regres\u00f3 a EE.UU. en mayo. Sus dos padres han viajado a Colombia para visitarlo junto con su hermana Jen en los \u00faltimos a\u00f1os.<\/p>\n<p>\u201cUna de las cosas m\u00e1s lindas que dijo mi madre fue c\u00f3mo se sinti\u00f3 segura entre multitudes por primera vez en mucho tiempo\u201d, dice Bennett.<\/p>\n<p>Si bien no ha podido explorar gran parte del resto del pa\u00eds, adem\u00e1s de las visitas a Bogot\u00e1, Cali y Cartagena, espera rectificar esto pronto.<\/p>\n<p>\u201cSin duda, tengo mucho m\u00e1s que ver en el pa\u00eds\u201d, a\u00f1ade, admitiendo que echa de menos Colombia cada vez que viaja a otro lugar.<\/p>\n<p>Bennett reconoce que muchas de las decisiones que ha tomado con respecto a su carrera y el destino en el que vive han sido m\u00e1s f\u00e1ciles debido al hecho de que es soltero y no tiene dependientes.<\/p>\n<p>\u201cNunca he querido casarme\u201d, dice. \u201cNo tengo hijos. Mi tiempo es mi tiempo. Me doy cuenta de que esa no es la realidad para mucha gente.<\/p>\n<p>\u201cHe dise\u00f1ado mi vida de esa manera&#8230; Decid\u00ed que quer\u00eda tener esa libertad de tiempo y ubicaci\u00f3n y todo eso\u201d.<\/p>\n<p>Aconseja a quienes est\u00e9n pensando en hacer una mudanza similar que dediquen alg\u00fan tiempo a trabajar en ello y a elaborar una estrategia.<\/p>\n<p>\u201cTienes que tener un plan a largo plazo\u201d, asegura.<\/p>\n<p>Desde que decidi\u00f3 mudarse a Colombia, Bennett ha notado un cambio considerable en su bienestar general y dice que no podr\u00eda estar m\u00e1s feliz con c\u00f3mo han resultado las cosas.<\/p>\n<p>\u201cA medida que me acerco a los 40, mis niveles de estr\u00e9s han disminuido enormemente\u201d, dice Bennett.<\/p>\n<p>\u201cPuedo sentir esa energ\u00eda y esa vibra y absorberla. Me ayuda a tener una salud mucho mejor f\u00edsica y mental, ya que sigo considerando a Medell\u00edn mi hogar\u201d.<\/p>\n<p>The-CNN-Wire<br \/>&trade; &amp; &copy; 2024 Cable News Network, Inc., a Warner Bros. Discovery Company. All rights reserved.<\/p>\n","protected":false},"excerpt":{"rendered":"<p>(CNN) &#8212; Despu\u00e9s de pasar varios a\u00f1os construyendo una vida que amaba en San Francisco, Jason Bennett, originario del \u00c1rea de la Bah\u00eda, ten\u00eda toda la intenci\u00f3n de quedarse en la ciudad californiana para siempre. El alto ejecutivo de marketing, que anteriormente trabaj\u00f3 para Gap Inc., dice que su principal objetivo era &#171;seguir subiendo la [&hellip;]<\/p>\n","protected":false},"author":0,"featured_media":0,"comment_status":"open","ping_status":"open","sticky":false,"template":"","format":"standard","meta":{"_jetpack_memberships_contains_paid_content":false,"footnotes":""},"categories":[10],"tags":[],"class_list":["post-1455156","post","type-post","status-publish","format-standard","hentry","category-noticias-nacionales","market-global"],"yoast_head":"<!-- This site is optimized with the Yoast SEO plugin v24.4 - https:\/\/yoast.com\/wordpress\/plugins\/seo\/ -->\n<title>&quot;Quiero estar aqu\u00ed el resto de mi vida&quot;: por qu\u00e9 este hombre cambi\u00f3 San Francisco por Colombia - Noticias<\/title>\n<meta name=\"robots\" content=\"index, follow, max-snippet:-1, max-image-preview:large, max-video-preview:-1\" \/>\n<link rel=\"canonical\" href=\"https:\/\/noticiasya.com\/2024\/10\/16\/quiero-estar-aqui-hombre-cambio-san-francisco-por-colombia\/\" \/>\n<meta property=\"og:locale\" content=\"es_ES\" \/>\n<meta property=\"og:type\" content=\"article\" \/>\n<meta property=\"og:title\" content=\"&quot;Quiero estar aqu\u00ed el resto de mi vida&quot;: por qu\u00e9 este hombre cambi\u00f3 San Francisco por Colombia - Noticias\" \/>\n<meta property=\"og:description\" content=\"(CNN) &#8212; Despu\u00e9s de pasar varios a\u00f1os construyendo una vida que amaba en San Francisco, Jason Bennett, originario del \u00c1rea de la Bah\u00eda, ten\u00eda toda la intenci\u00f3n de quedarse en la ciudad californiana para siempre. El alto ejecutivo de marketing, que anteriormente trabaj\u00f3 para Gap Inc., dice que su principal objetivo era &#171;seguir subiendo la [&hellip;]\" \/>\n<meta property=\"og:url\" content=\"https:\/\/noticiasya.com\/2024\/10\/16\/quiero-estar-aqui-hombre-cambio-san-francisco-por-colombia\/\" \/>\n<meta property=\"og:site_name\" content=\"Noticias\" \/>\n<meta property=\"article:published_time\" content=\"2024-10-16T20:03:46+00:00\" \/>\n<meta name=\"twitter:card\" content=\"summary_large_image\" \/>\n<meta name=\"twitter:label1\" content=\"Est. reading time\" \/>\n\t<meta name=\"twitter:data1\" content=\"12 minutos\" \/>\n<script type=\"application\/ld+json\" class=\"yoast-schema-graph\">{\"@context\":\"https:\/\/schema.org\",\"@graph\":[{\"@type\":\"Article\",\"@id\":\"https:\/\/noticiasya.com\/2024\/10\/16\/quiero-estar-aqui-hombre-cambio-san-francisco-por-colombia\/#article\",\"isPartOf\":{\"@id\":\"https:\/\/noticiasya.com\/2024\/10\/16\/quiero-estar-aqui-hombre-cambio-san-francisco-por-colombia\/\"},\"author\":{\"name\":\"\",\"@id\":\"\"},\"headline\":\"&#171;Quiero estar aqu\u00ed el resto de mi vida&#187;: por qu\u00e9 este hombre cambi\u00f3 San Francisco por Colombia\",\"datePublished\":\"2024-10-16T20:03:46+00:00\",\"mainEntityOfPage\":{\"@id\":\"https:\/\/noticiasya.com\/2024\/10\/16\/quiero-estar-aqui-hombre-cambio-san-francisco-por-colombia\/\"},\"wordCount\":2361,\"commentCount\":0,\"publisher\":{\"@id\":\"https:\/\/noticiasya.com\/#organization\"},\"articleSection\":[\"Noticias Nacionales\"],\"inLanguage\":\"es\",\"potentialAction\":[{\"@type\":\"CommentAction\",\"name\":\"Comment\",\"target\":[\"https:\/\/noticiasya.com\/2024\/10\/16\/quiero-estar-aqui-hombre-cambio-san-francisco-por-colombia\/#respond\"]}]},{\"@type\":\"WebPage\",\"@id\":\"https:\/\/noticiasya.com\/2024\/10\/16\/quiero-estar-aqui-hombre-cambio-san-francisco-por-colombia\/\",\"url\":\"https:\/\/noticiasya.com\/2024\/10\/16\/quiero-estar-aqui-hombre-cambio-san-francisco-por-colombia\/\",\"name\":\"\\\"Quiero estar aqu\u00ed el resto de mi vida\\\": por qu\u00e9 este hombre cambi\u00f3 San Francisco por Colombia - Noticias\",\"isPartOf\":{\"@id\":\"https:\/\/noticiasya.com\/#website\"},\"datePublished\":\"2024-10-16T20:03:46+00:00\",\"breadcrumb\":{\"@id\":\"https:\/\/noticiasya.com\/2024\/10\/16\/quiero-estar-aqui-hombre-cambio-san-francisco-por-colombia\/#breadcrumb\"},\"inLanguage\":\"es\",\"potentialAction\":[{\"@type\":\"ReadAction\",\"target\":[\"https:\/\/noticiasya.com\/2024\/10\/16\/quiero-estar-aqui-hombre-cambio-san-francisco-por-colombia\/\"]}]},{\"@type\":\"BreadcrumbList\",\"@id\":\"https:\/\/noticiasya.com\/2024\/10\/16\/quiero-estar-aqui-hombre-cambio-san-francisco-por-colombia\/#breadcrumb\",\"itemListElement\":[{\"@type\":\"ListItem\",\"position\":1,\"name\":\"Home\",\"item\":\"https:\/\/noticiasya.com\/\"},{\"@type\":\"ListItem\",\"position\":2,\"name\":\"&#171;Quiero estar aqu\u00ed el resto de mi vida&#187;: por qu\u00e9 este hombre cambi\u00f3 San Francisco por Colombia\"}]},{\"@type\":\"WebSite\",\"@id\":\"https:\/\/noticiasya.com\/#website\",\"url\":\"https:\/\/noticiasya.com\/\",\"name\":\"Noticias\",\"description\":\"Lo que importa\",\"publisher\":{\"@id\":\"https:\/\/noticiasya.com\/#organization\"},\"potentialAction\":[{\"@type\":\"SearchAction\",\"target\":{\"@type\":\"EntryPoint\",\"urlTemplate\":\"https:\/\/noticiasya.com\/?s={search_term_string}\"},\"query-input\":{\"@type\":\"PropertyValueSpecification\",\"valueRequired\":true,\"valueName\":\"search_term_string\"}}],\"inLanguage\":\"es\"},{\"@type\":\"Organization\",\"@id\":\"https:\/\/noticiasya.com\/#organization\",\"name\":\"Noticias\",\"url\":\"https:\/\/noticiasya.com\/\",\"logo\":{\"@type\":\"ImageObject\",\"inLanguage\":\"es\",\"@id\":\"https:\/\/noticiasya.com\/#\/schema\/logo\/image\/\",\"url\":\"https:\/\/noticiasya.com\/wp-content\/uploads\/sites\/22\/2023\/12\/logo-nacional.png\",\"contentUrl\":\"https:\/\/noticiasya.com\/wp-content\/uploads\/sites\/22\/2023\/12\/logo-nacional.png\",\"width\":1801,\"height\":691,\"caption\":\"Noticias\"},\"image\":{\"@id\":\"https:\/\/noticiasya.com\/#\/schema\/logo\/image\/\"}}]}<\/script>\n<!-- \/ Yoast SEO plugin. -->","yoast_head_json":{"title":"\"Quiero estar aqu\u00ed el resto de mi vida\": por qu\u00e9 este hombre cambi\u00f3 San Francisco por Colombia - Noticias","robots":{"index":"index","follow":"follow","max-snippet":"max-snippet:-1","max-image-preview":"max-image-preview:large","max-video-preview":"max-video-preview:-1"},"canonical":"https:\/\/noticiasya.com\/2024\/10\/16\/quiero-estar-aqui-hombre-cambio-san-francisco-por-colombia\/","og_locale":"es_ES","og_type":"article","og_title":"\"Quiero estar aqu\u00ed el resto de mi vida\": por qu\u00e9 este hombre cambi\u00f3 San Francisco por Colombia - Noticias","og_description":"(CNN) &#8212; Despu\u00e9s de pasar varios a\u00f1os construyendo una vida que amaba en San Francisco, Jason Bennett, originario del \u00c1rea de la Bah\u00eda, ten\u00eda toda la intenci\u00f3n de quedarse en la ciudad californiana para siempre. El alto ejecutivo de marketing, que anteriormente trabaj\u00f3 para Gap Inc., dice que su principal objetivo era &#171;seguir subiendo la [&hellip;]","og_url":"https:\/\/noticiasya.com\/2024\/10\/16\/quiero-estar-aqui-hombre-cambio-san-francisco-por-colombia\/","og_site_name":"Noticias","article_published_time":"2024-10-16T20:03:46+00:00","twitter_card":"summary_large_image","twitter_misc":{"Est. reading time":"12 minutos"},"schema":{"@context":"https:\/\/schema.org","@graph":[{"@type":"Article","@id":"https:\/\/noticiasya.com\/2024\/10\/16\/quiero-estar-aqui-hombre-cambio-san-francisco-por-colombia\/#article","isPartOf":{"@id":"https:\/\/noticiasya.com\/2024\/10\/16\/quiero-estar-aqui-hombre-cambio-san-francisco-por-colombia\/"},"author":{"name":"","@id":""},"headline":"&#171;Quiero estar aqu\u00ed el resto de mi vida&#187;: por qu\u00e9 este hombre cambi\u00f3 San Francisco por Colombia","datePublished":"2024-10-16T20:03:46+00:00","mainEntityOfPage":{"@id":"https:\/\/noticiasya.com\/2024\/10\/16\/quiero-estar-aqui-hombre-cambio-san-francisco-por-colombia\/"},"wordCount":2361,"commentCount":0,"publisher":{"@id":"https:\/\/noticiasya.com\/#organization"},"articleSection":["Noticias Nacionales"],"inLanguage":"es","potentialAction":[{"@type":"CommentAction","name":"Comment","target":["https:\/\/noticiasya.com\/2024\/10\/16\/quiero-estar-aqui-hombre-cambio-san-francisco-por-colombia\/#respond"]}]},{"@type":"WebPage","@id":"https:\/\/noticiasya.com\/2024\/10\/16\/quiero-estar-aqui-hombre-cambio-san-francisco-por-colombia\/","url":"https:\/\/noticiasya.com\/2024\/10\/16\/quiero-estar-aqui-hombre-cambio-san-francisco-por-colombia\/","name":"\"Quiero estar aqu\u00ed el resto de mi vida\": por qu\u00e9 este hombre cambi\u00f3 San Francisco por Colombia - Noticias","isPartOf":{"@id":"https:\/\/noticiasya.com\/#website"},"datePublished":"2024-10-16T20:03:46+00:00","breadcrumb":{"@id":"https:\/\/noticiasya.com\/2024\/10\/16\/quiero-estar-aqui-hombre-cambio-san-francisco-por-colombia\/#breadcrumb"},"inLanguage":"es","potentialAction":[{"@type":"ReadAction","target":["https:\/\/noticiasya.com\/2024\/10\/16\/quiero-estar-aqui-hombre-cambio-san-francisco-por-colombia\/"]}]},{"@type":"BreadcrumbList","@id":"https:\/\/noticiasya.com\/2024\/10\/16\/quiero-estar-aqui-hombre-cambio-san-francisco-por-colombia\/#breadcrumb","itemListElement":[{"@type":"ListItem","position":1,"name":"Home","item":"https:\/\/noticiasya.com\/"},{"@type":"ListItem","position":2,"name":"&#171;Quiero estar aqu\u00ed el resto de mi vida&#187;: por qu\u00e9 este hombre cambi\u00f3 San Francisco por Colombia"}]},{"@type":"WebSite","@id":"https:\/\/noticiasya.com\/#website","url":"https:\/\/noticiasya.com\/","name":"Noticias","description":"Lo que importa","publisher":{"@id":"https:\/\/noticiasya.com\/#organization"},"potentialAction":[{"@type":"SearchAction","target":{"@type":"EntryPoint","urlTemplate":"https:\/\/noticiasya.com\/?s={search_term_string}"},"query-input":{"@type":"PropertyValueSpecification","valueRequired":true,"valueName":"search_term_string"}}],"inLanguage":"es"},{"@type":"Organization","@id":"https:\/\/noticiasya.com\/#organization","name":"Noticias","url":"https:\/\/noticiasya.com\/","logo":{"@type":"ImageObject","inLanguage":"es","@id":"https:\/\/noticiasya.com\/#\/schema\/logo\/image\/","url":"https:\/\/noticiasya.com\/wp-content\/uploads\/sites\/22\/2023\/12\/logo-nacional.png","contentUrl":"https:\/\/noticiasya.com\/wp-content\/uploads\/sites\/22\/2023\/12\/logo-nacional.png","width":1801,"height":691,"caption":"Noticias"},"image":{"@id":"https:\/\/noticiasya.com\/#\/schema\/logo\/image\/"}}]}},"parsely":{"version":"1.1.0","canonical_url":"https:\/\/noticiasya.com\/el-valle\/2024\/10\/16\/quiero-estar-aqui-hombre-cambio-san-francisco-por-colombia\/","smart_links":{"inbound":0,"outbound":0},"traffic_boost_suggestions_count":0,"meta":{"@context":"https:\/\/schema.org","@type":"NewsArticle","headline":"&#171;Quiero estar aqu\u00ed el resto de mi vida&#187;: por qu\u00e9 este hombre cambi\u00f3 San Francisco por Colombia","url":"http:\/\/noticiasya.com\/el-valle\/2024\/10\/16\/quiero-estar-aqui-hombre-cambio-san-francisco-por-colombia\/","mainEntityOfPage":{"@type":"WebPage","@id":"http:\/\/noticiasya.com\/el-valle\/2024\/10\/16\/quiero-estar-aqui-hombre-cambio-san-francisco-por-colombia\/"},"thumbnailUrl":"","image":{"@type":"ImageObject","url":""},"articleSection":"Noticias Nacionales","author":[],"creator":[],"publisher":{"@type":"Organization","name":"Noticias","logo":""},"keywords":[],"dateCreated":"2024-10-16T20:03:46Z","datePublished":"2024-10-16T20:03:46Z","dateModified":"2024-10-16T20:03:46Z"},"rendered":"<script type=\"application\/ld+json\" class=\"wp-parsely-metadata\">{\"@context\":\"https:\\\/\\\/schema.org\",\"@type\":\"NewsArticle\",\"headline\":\"&#171;Quiero estar aqu\\u00ed el resto de mi vida&#187;: por qu\\u00e9 este hombre cambi\\u00f3 San Francisco por Colombia\",\"url\":\"http:\\\/\\\/noticiasya.com\\\/el-valle\\\/2024\\\/10\\\/16\\\/quiero-estar-aqui-hombre-cambio-san-francisco-por-colombia\\\/\",\"mainEntityOfPage\":{\"@type\":\"WebPage\",\"@id\":\"http:\\\/\\\/noticiasya.com\\\/el-valle\\\/2024\\\/10\\\/16\\\/quiero-estar-aqui-hombre-cambio-san-francisco-por-colombia\\\/\"},\"thumbnailUrl\":\"\",\"image\":{\"@type\":\"ImageObject\",\"url\":\"\"},\"articleSection\":\"Noticias Nacionales\",\"author\":[],\"creator\":[],\"publisher\":{\"@type\":\"Organization\",\"name\":\"Noticias\",\"logo\":\"\"},\"keywords\":[],\"dateCreated\":\"2024-10-16T20:03:46Z\",\"datePublished\":\"2024-10-16T20:03:46Z\",\"dateModified\":\"2024-10-16T20:03:46Z\"}<\/script>","tracker_url":"https:\/\/cdn.parsely.com\/keys\/noticiasya.com\/p.js"},"jetpack_featured_media_url":"","jetpack-related-posts":[{"id":1461231,"url":"https:\/\/noticiasya.com\/el-valle\/2025\/04\/15\/taxista-espana-actor-hollywood-mobland-antonio-gonzalez-orix\/","url_meta":{"origin":1455156,"position":0},"title":"Este hombre era un humilde taxista en Espa\u00f1a hace unos a\u00f1os. Ahora act\u00faa junto a los m\u00e1s grandes de Hollywood","author":"","date":"abril 15, 2025","format":false,"excerpt":"Es la t\u00edpica historia que, si Hollywood la contara, pensar\u00edamos que es producto de la imaginaci\u00f3n de uno de sus guionistas y que hasta un Tom Hanks podr\u00eda interesarse en protagonizarla: un taxista que, sin so\u00f1arlo, se convierte de repente en actor internacional.Este personaje, sin embargo, no proviene de la\u2026","rel":"","context":"In &quot;Noticias Nacionales&quot;","block_context":{"text":"Noticias Nacionales","link":"https:\/\/noticiasya.com\/el-valle\/categoria\/noticias-nacionales"},"img":{"alt_text":"","src":"","width":0,"height":0},"classes":[]},{"id":1461515,"url":"https:\/\/noticiasya.com\/el-valle\/2025\/04\/22\/vaticano-papa-francisco-argentina-historia-trax\/","url_meta":{"origin":1455156,"position":1},"title":"C\u00f3mo la vida temprana del papa Francisco en Argentina arroja luz sobre su tiempo en el Vaticano","author":"","date":"abril 22, 2025","format":false,"excerpt":"El 13 de marzo de 2013, Oscar Crespo estaba viendo la televisi\u00f3n en su natal Buenos Aires cuando vio el humo blanco apareciendo sobre la Capilla Sixtina en el Vaticano: se hab\u00eda elegido un nuevo papa.Al igual que millones de cat\u00f3licos en Latinoam\u00e9rica, ten\u00eda curiosidad por saber qui\u00e9n suceder\u00eda al\u2026","rel":"","context":"In &quot;Noticias Nacionales&quot;","block_context":{"text":"Noticias Nacionales","link":"https:\/\/noticiasya.com\/el-valle\/categoria\/noticias-nacionales"},"img":{"alt_text":"","src":"","width":0,"height":0},"classes":[]},{"id":1462542,"url":"https:\/\/noticiasya.com\/el-valle\/2025\/05\/19\/venezuela-suspension-vuelos-colombia-seguridad-orix\/","url_meta":{"origin":1455156,"position":2},"title":"Venezuela anuncia suspensi\u00f3n inmediata de los vuelos desde Colombia por razones de seguridad","author":"","date":"mayo 19, 2025","format":false,"excerpt":"El Ministro del Interior y Justicia de Venezuela, Diosdado Cabello, anunci\u00f3 este lunes la suspensi\u00f3n inmediata de los vuelos desde Colombia argumentando que el pa\u00eds sudamericano enfrenta una amenaza terrorista.Sin presentar evidencias, Cabello explic\u00f3 que por el occidente de Venezuela han ingresado mercenarios con la intenci\u00f3n de sabotear los comicios\u2026","rel":"","context":"In &quot;Noticias Nacionales&quot;","block_context":{"text":"Noticias Nacionales","link":"https:\/\/noticiasya.com\/el-valle\/categoria\/noticias-nacionales"},"img":{"alt_text":"","src":"","width":0,"height":0},"classes":[]},{"id":1457748,"url":"https:\/\/noticiasya.com\/el-valle\/2025\/01\/22\/melania-trump-planes-trax\/","url_meta":{"origin":1455156,"position":3},"title":"Melania Trump est\u00e1 llena de planes para el segundo mandato","author":"","date":"enero 22, 2025","format":false,"excerpt":"La primera dama Melania Trump regresa al ala este de la Casa Blanca reforzada por las lecciones de cuatro a\u00f1os en un puesto no electo que, seg\u00fan ha reconocido en privado, fue un torbellino de responsabilidades de las que en gran medida no era consciente.Esta vez, dice, ser\u00e1 diferente.El presidente\u2026","rel":"","context":"In &quot;Noticias Nacionales&quot;","block_context":{"text":"Noticias Nacionales","link":"https:\/\/noticiasya.com\/el-valle\/categoria\/noticias-nacionales"},"img":{"alt_text":"","src":"","width":0,"height":0},"classes":[]},{"id":1461657,"url":"https:\/\/noticiasya.com\/el-valle\/2025\/04\/26\/carnet-club-san-lorenzo-papa-francisco-trax\/","url_meta":{"origin":1455156,"position":4},"title":"El &#171;destino&#187; oculto en el carnet del club de f\u00fatbol del papa Francisco","author":"","date":"abril 26, 2025","format":false,"excerpt":"El papa Francisco nunca regres\u00f3 a su Argentina natal despu\u00e9s de convertirse en cabeza de la Iglesia cat\u00f3lica romana. Pero algunos de sus fieles creen que envi\u00f3 un \u00faltimo mensaje a casa de la forma m\u00e1s improbable, pero quiz\u00e1 m\u00e1s apropiada.Francisco fue toda su vida un aficionado al f\u00fatbol -y\u2026","rel":"","context":"In &quot;Noticias Nacionales&quot;","block_context":{"text":"Noticias Nacionales","link":"https:\/\/noticiasya.com\/el-valle\/categoria\/noticias-nacionales"},"img":{"alt_text":"","src":"","width":0,"height":0},"classes":[]},{"id":1461064,"url":"https:\/\/noticiasya.com\/el-valle\/2025\/04\/11\/5-cosas-11-abril-orix\/","url_meta":{"origin":1455156,"position":5},"title":"Las 5 cosas que debes saber este 11 de abril: EE.UU. y China, Panam\u00e1, elecciones en Ecuador y hombre deportado por error","author":"","date":"abril 11, 2025","format":false,"excerpt":"Panam\u00e1 atrapada entre EE.UU. y China. El Gobierno de EE.UU. debe \u201cfacilitar\u201d regreso de hombre deportado por error, dice la Corte Suprema. Mueren seis personas en accidente de helic\u00f3ptero en Nueva York. Cinco tecnolog\u00edas de \u201cBlack Mirror\u201d que ya est\u00e1n entre nosotros. Esto es lo que debes saber para comenzar\u2026","rel":"","context":"In &quot;Noticias Nacionales&quot;","block_context":{"text":"Noticias Nacionales","link":"https:\/\/noticiasya.com\/el-valle\/categoria\/noticias-nacionales"},"img":{"alt_text":"","src":"","width":0,"height":0},"classes":[]}],"jetpack_sharing_enabled":true,"_links":{"self":[{"href":"https:\/\/noticiasya.com\/el-valle\/wp-json\/wp\/v2\/posts\/1455156","targetHints":{"allow":["GET"]}}],"collection":[{"href":"https:\/\/noticiasya.com\/el-valle\/wp-json\/wp\/v2\/posts"}],"about":[{"href":"https:\/\/noticiasya.com\/el-valle\/wp-json\/wp\/v2\/types\/post"}],"replies":[{"embeddable":true,"href":"https:\/\/noticiasya.com\/el-valle\/wp-json\/wp\/v2\/comments?post=1455156"}],"version-history":[{"count":0,"href":"https:\/\/noticiasya.com\/el-valle\/wp-json\/wp\/v2\/posts\/1455156\/revisions"}],"wp:attachment":[{"href":"https:\/\/noticiasya.com\/el-valle\/wp-json\/wp\/v2\/media?parent=1455156"}],"wp:term":[{"taxonomy":"category","embeddable":true,"href":"https:\/\/noticiasya.com\/el-valle\/wp-json\/wp\/v2\/categories?post=1455156"},{"taxonomy":"post_tag","embeddable":true,"href":"https:\/\/noticiasya.com\/el-valle\/wp-json\/wp\/v2\/tags?post=1455156"}],"curies":[{"name":"wp","href":"https:\/\/api.w.org\/{rel}","templated":true}]}}