{"id":1455157,"date":"2024-10-16T13:03:46","date_gmt":"2024-10-16T20:03:46","guid":{"rendered":"https:\/\/noticiasya.com\/2024\/10\/16\/airbus-planea-recortar-puestos-trabajo-boeing-trax\/"},"modified":"2024-10-16T13:03:46","modified_gmt":"2024-10-16T20:03:46","slug":"airbus-planea-recortar-puestos-trabajo-boeing-trax","status":"publish","type":"post","link":"https:\/\/noticiasya.com\/el-valle\/2024\/10\/16\/airbus-planea-recortar-puestos-trabajo-boeing-trax\/","title":{"rendered":"Airbus planea recortar hasta 2.500 puestos de trabajo en su equipo de defensa y espacio"},"content":{"rendered":"<p>Londres (CNN) &#8212;\u00a0Airbus anunci\u00f3 planes para recortar hasta 2.500 puestos de trabajo en su divisi\u00f3n de defensa y espacio, tras mencionar un \u201centorno empresarial complejo\u201d marcado por desaf\u00edos que incluyen costos crecientes y \u201cr\u00e1pidos cambios en la guerra\u201d.<\/p>\n<p>El gigante aeroespacial europeo, que compite con Boeing (BA) en la fabricaci\u00f3n de aviones, dijo este mi\u00e9rcoles que espera completar los despidos a mediados de 2026. La compa\u00f1\u00eda no dijo en qu\u00e9 pa\u00edses se realizar\u00edan los recortes, que representan alrededor del 1,7% de su fuerza laboral total.<\/p>\n<p>El Airbus A340 fue construido para dominar los viajes de larga distancia. Ahora est\u00e1 desapareciendo de los cielos<\/p>\n<p>Mike Schoellhorn, director ejecutivo de Airbus Defence and Space, dijo que el sector, y por ende la divisi\u00f3n, se enfrent\u00f3 a \u201cun contexto comercial r\u00e1pidamente cambiante y muy desafiante, con cadenas de suministro interrumpidas, cambios r\u00e1pidos en la guerra y una creciente presi\u00f3n de costos debido a restricciones presupuestarias\u201d.<\/p>\n<p>Los recortes son parte de una reestructuraci\u00f3n m\u00e1s amplia, cuyo objetivo es hacer que la unidad sea \u201cm\u00e1s r\u00e1pida, m\u00e1s eficiente y m\u00e1s competitiva\u201d, dijo Schoellhorn en un comunicado.<\/p>\n<p>El anuncio de Airbus se produce en un contexto de cambio constante en la industria espacial y de defensa mundial, lo que presenta tanto desaf\u00edos como oportunidades para las empresas.<\/p>\n<p>Los gobiernos han incrementado el gasto en defensa en los \u00faltimos a\u00f1os a medida que proliferan las amenazas a la seguridad, como sucedi\u00f3 con la invasi\u00f3n a gran escala de Ucrania por parte de Rusia en 2022. Estados Unidos tambi\u00e9n est\u00e1 &#171;invirtiendo fuertemente&#187; en activos espaciales para apoyar la recopilaci\u00f3n de inteligencia y la guerra, seg\u00fan un informe de este mes de analistas de Citi.<\/p>\n<p>Sin embargo, las grandes empresas de defensa tradicionales como Airbus, que deber\u00edan beneficiarse del auge de la demanda, se enfrentan a una dura competencia. \u201cHa surgido un grupo de nuevas empresas como alternativas a los proveedores tradicionales para el r\u00e1pido desarrollo y despliegue de capacidades de &#8216;pr\u00f3xima generaci\u00f3n&#8217;\u201d, escribieron los analistas.<\/p>\n<p>Los recortes de personal previstos en Airbus no son la primera se\u00f1al de problemas en el fabricante de aviones, que, junto con Boeing, domina la producci\u00f3n mundial de aviones comerciales de tama\u00f1o completo. En junio, Airbus dijo que los problemas en la cadena de suministro la obligaron a reducir el n\u00famero de aviones que espera fabricar este a\u00f1o y el pr\u00f3ximo.<\/p>\n<p>Empeora la crisis de Boeing: la compa\u00f1\u00eda pedir\u00e1 un pr\u00e9stamo de miles de millones de d\u00f3lares<\/p>\n<p>Pero los problemas de su rival son mucho mayores. Boeing dijo a principios de este mes que recortar\u00eda 10% de su fuerza laboral global en los pr\u00f3ximos meses. El negocio de defensa de la propia compa\u00f1\u00eda registr\u00f3 una p\u00e9rdida de US$ 913 millones en los tres meses hasta finales de junio. Y en septiembre, renunci\u00f3 Ted Colbert, el jefe de la unidad llamada Defensa, Espacio y Seguridad.<\/p>\n<p>Boeing acumul\u00f3 p\u00e9rdidas operativas de m\u00e1s de US$ 33.000 millones desde 2019 y atrajo la atenci\u00f3n de los reguladores tras una serie de graves, y a veces fatales, fallos de seguridad en los \u00faltimos a\u00f1os. Unos 33.000 trabajadores tambi\u00e9n est\u00e1n actualmente en huelga por salarios y condiciones laborales.<\/p>\n<p>\u2013\u2013 Olesya Dmitracova colabor\u00f3 \u200b\u200bcon este reporte.<\/p>\n<p>The-CNN-Wire<br \/>&trade; &amp; &copy; 2024 Cable News Network, Inc., a Warner Bros. Discovery Company. All rights reserved.<\/p>\n","protected":false},"excerpt":{"rendered":"<p>Londres (CNN) &#8212;\u00a0Airbus anunci\u00f3 planes para recortar hasta 2.500 puestos de trabajo en su divisi\u00f3n de defensa y espacio, tras mencionar un \u201centorno empresarial complejo\u201d marcado por desaf\u00edos que incluyen costos crecientes y \u201cr\u00e1pidos cambios en la guerra\u201d. El gigante aeroespacial europeo, que compite con Boeing (BA) en la fabricaci\u00f3n de aviones, dijo este mi\u00e9rcoles [&hellip;]<\/p>\n","protected":false},"author":0,"featured_media":0,"comment_status":"open","ping_status":"open","sticky":false,"template":"","format":"standard","meta":{"_jetpack_memberships_contains_paid_content":false,"footnotes":""},"categories":[10],"tags":[],"class_list":["post-1455157","post","type-post","status-publish","format-standard","hentry","category-noticias-nacionales","market-global"],"yoast_head":"<!-- This site is optimized with the Yoast SEO plugin v24.4 - https:\/\/yoast.com\/wordpress\/plugins\/seo\/ -->\n<title>Airbus planea recortar hasta 2.500 puestos de trabajo en su equipo de defensa y espacio - Noticias<\/title>\n<meta name=\"robots\" content=\"index, follow, max-snippet:-1, max-image-preview:large, max-video-preview:-1\" \/>\n<link rel=\"canonical\" href=\"https:\/\/noticiasya.com\/2024\/10\/16\/airbus-planea-recortar-puestos-trabajo-boeing-trax\/\" \/>\n<meta property=\"og:locale\" content=\"es_ES\" \/>\n<meta property=\"og:type\" content=\"article\" \/>\n<meta property=\"og:title\" content=\"Airbus planea recortar hasta 2.500 puestos de trabajo en su equipo de defensa y espacio - Noticias\" \/>\n<meta property=\"og:description\" content=\"Londres (CNN) &#8212;\u00a0Airbus anunci\u00f3 planes para recortar hasta 2.500 puestos de trabajo en su divisi\u00f3n de defensa y espacio, tras mencionar un \u201centorno empresarial complejo\u201d marcado por desaf\u00edos que incluyen costos crecientes y \u201cr\u00e1pidos cambios en la guerra\u201d. El gigante aeroespacial europeo, que compite con Boeing (BA) en la fabricaci\u00f3n de aviones, dijo este mi\u00e9rcoles [&hellip;]\" \/>\n<meta property=\"og:url\" content=\"https:\/\/noticiasya.com\/2024\/10\/16\/airbus-planea-recortar-puestos-trabajo-boeing-trax\/\" \/>\n<meta property=\"og:site_name\" content=\"Noticias\" \/>\n<meta property=\"article:published_time\" content=\"2024-10-16T20:03:46+00:00\" \/>\n<meta name=\"twitter:card\" content=\"summary_large_image\" \/>\n<meta name=\"twitter:label1\" content=\"Est. reading time\" \/>\n\t<meta name=\"twitter:data1\" content=\"3 minutos\" \/>\n<script type=\"application\/ld+json\" class=\"yoast-schema-graph\">{\"@context\":\"https:\/\/schema.org\",\"@graph\":[{\"@type\":\"Article\",\"@id\":\"https:\/\/noticiasya.com\/2024\/10\/16\/airbus-planea-recortar-puestos-trabajo-boeing-trax\/#article\",\"isPartOf\":{\"@id\":\"https:\/\/noticiasya.com\/2024\/10\/16\/airbus-planea-recortar-puestos-trabajo-boeing-trax\/\"},\"author\":{\"name\":\"\",\"@id\":\"\"},\"headline\":\"Airbus planea recortar hasta 2.500 puestos de trabajo en su equipo de defensa y espacio\",\"datePublished\":\"2024-10-16T20:03:46+00:00\",\"mainEntityOfPage\":{\"@id\":\"https:\/\/noticiasya.com\/2024\/10\/16\/airbus-planea-recortar-puestos-trabajo-boeing-trax\/\"},\"wordCount\":594,\"commentCount\":0,\"publisher\":{\"@id\":\"https:\/\/noticiasya.com\/#organization\"},\"articleSection\":[\"Noticias Nacionales\"],\"inLanguage\":\"es\",\"potentialAction\":[{\"@type\":\"CommentAction\",\"name\":\"Comment\",\"target\":[\"https:\/\/noticiasya.com\/2024\/10\/16\/airbus-planea-recortar-puestos-trabajo-boeing-trax\/#respond\"]}]},{\"@type\":\"WebPage\",\"@id\":\"https:\/\/noticiasya.com\/2024\/10\/16\/airbus-planea-recortar-puestos-trabajo-boeing-trax\/\",\"url\":\"https:\/\/noticiasya.com\/2024\/10\/16\/airbus-planea-recortar-puestos-trabajo-boeing-trax\/\",\"name\":\"Airbus planea recortar hasta 2.500 puestos de trabajo en su equipo de defensa y espacio - Noticias\",\"isPartOf\":{\"@id\":\"https:\/\/noticiasya.com\/#website\"},\"datePublished\":\"2024-10-16T20:03:46+00:00\",\"breadcrumb\":{\"@id\":\"https:\/\/noticiasya.com\/2024\/10\/16\/airbus-planea-recortar-puestos-trabajo-boeing-trax\/#breadcrumb\"},\"inLanguage\":\"es\",\"potentialAction\":[{\"@type\":\"ReadAction\",\"target\":[\"https:\/\/noticiasya.com\/2024\/10\/16\/airbus-planea-recortar-puestos-trabajo-boeing-trax\/\"]}]},{\"@type\":\"BreadcrumbList\",\"@id\":\"https:\/\/noticiasya.com\/2024\/10\/16\/airbus-planea-recortar-puestos-trabajo-boeing-trax\/#breadcrumb\",\"itemListElement\":[{\"@type\":\"ListItem\",\"position\":1,\"name\":\"Home\",\"item\":\"https:\/\/noticiasya.com\/\"},{\"@type\":\"ListItem\",\"position\":2,\"name\":\"Airbus planea recortar hasta 2.500 puestos de trabajo en su equipo de defensa y espacio\"}]},{\"@type\":\"WebSite\",\"@id\":\"https:\/\/noticiasya.com\/#website\",\"url\":\"https:\/\/noticiasya.com\/\",\"name\":\"Noticias\",\"description\":\"Lo que importa\",\"publisher\":{\"@id\":\"https:\/\/noticiasya.com\/#organization\"},\"potentialAction\":[{\"@type\":\"SearchAction\",\"target\":{\"@type\":\"EntryPoint\",\"urlTemplate\":\"https:\/\/noticiasya.com\/?s={search_term_string}\"},\"query-input\":{\"@type\":\"PropertyValueSpecification\",\"valueRequired\":true,\"valueName\":\"search_term_string\"}}],\"inLanguage\":\"es\"},{\"@type\":\"Organization\",\"@id\":\"https:\/\/noticiasya.com\/#organization\",\"name\":\"Noticias\",\"url\":\"https:\/\/noticiasya.com\/\",\"logo\":{\"@type\":\"ImageObject\",\"inLanguage\":\"es\",\"@id\":\"https:\/\/noticiasya.com\/#\/schema\/logo\/image\/\",\"url\":\"https:\/\/noticiasya.com\/wp-content\/uploads\/sites\/22\/2023\/12\/logo-nacional.png\",\"contentUrl\":\"https:\/\/noticiasya.com\/wp-content\/uploads\/sites\/22\/2023\/12\/logo-nacional.png\",\"width\":1801,\"height\":691,\"caption\":\"Noticias\"},\"image\":{\"@id\":\"https:\/\/noticiasya.com\/#\/schema\/logo\/image\/\"}}]}<\/script>\n<!-- \/ Yoast SEO plugin. -->","yoast_head_json":{"title":"Airbus planea recortar hasta 2.500 puestos de trabajo en su equipo de defensa y espacio - Noticias","robots":{"index":"index","follow":"follow","max-snippet":"max-snippet:-1","max-image-preview":"max-image-preview:large","max-video-preview":"max-video-preview:-1"},"canonical":"https:\/\/noticiasya.com\/2024\/10\/16\/airbus-planea-recortar-puestos-trabajo-boeing-trax\/","og_locale":"es_ES","og_type":"article","og_title":"Airbus planea recortar hasta 2.500 puestos de trabajo en su equipo de defensa y espacio - Noticias","og_description":"Londres (CNN) &#8212;\u00a0Airbus anunci\u00f3 planes para recortar hasta 2.500 puestos de trabajo en su divisi\u00f3n de defensa y espacio, tras mencionar un \u201centorno empresarial complejo\u201d marcado por desaf\u00edos que incluyen costos crecientes y \u201cr\u00e1pidos cambios en la guerra\u201d. El gigante aeroespacial europeo, que compite con Boeing (BA) en la fabricaci\u00f3n de aviones, dijo este mi\u00e9rcoles [&hellip;]","og_url":"https:\/\/noticiasya.com\/2024\/10\/16\/airbus-planea-recortar-puestos-trabajo-boeing-trax\/","og_site_name":"Noticias","article_published_time":"2024-10-16T20:03:46+00:00","twitter_card":"summary_large_image","twitter_misc":{"Est. reading time":"3 minutos"},"schema":{"@context":"https:\/\/schema.org","@graph":[{"@type":"Article","@id":"https:\/\/noticiasya.com\/2024\/10\/16\/airbus-planea-recortar-puestos-trabajo-boeing-trax\/#article","isPartOf":{"@id":"https:\/\/noticiasya.com\/2024\/10\/16\/airbus-planea-recortar-puestos-trabajo-boeing-trax\/"},"author":{"name":"","@id":""},"headline":"Airbus planea recortar hasta 2.500 puestos de trabajo en su equipo de defensa y espacio","datePublished":"2024-10-16T20:03:46+00:00","mainEntityOfPage":{"@id":"https:\/\/noticiasya.com\/2024\/10\/16\/airbus-planea-recortar-puestos-trabajo-boeing-trax\/"},"wordCount":594,"commentCount":0,"publisher":{"@id":"https:\/\/noticiasya.com\/#organization"},"articleSection":["Noticias Nacionales"],"inLanguage":"es","potentialAction":[{"@type":"CommentAction","name":"Comment","target":["https:\/\/noticiasya.com\/2024\/10\/16\/airbus-planea-recortar-puestos-trabajo-boeing-trax\/#respond"]}]},{"@type":"WebPage","@id":"https:\/\/noticiasya.com\/2024\/10\/16\/airbus-planea-recortar-puestos-trabajo-boeing-trax\/","url":"https:\/\/noticiasya.com\/2024\/10\/16\/airbus-planea-recortar-puestos-trabajo-boeing-trax\/","name":"Airbus planea recortar hasta 2.500 puestos de trabajo en su equipo de defensa y espacio - Noticias","isPartOf":{"@id":"https:\/\/noticiasya.com\/#website"},"datePublished":"2024-10-16T20:03:46+00:00","breadcrumb":{"@id":"https:\/\/noticiasya.com\/2024\/10\/16\/airbus-planea-recortar-puestos-trabajo-boeing-trax\/#breadcrumb"},"inLanguage":"es","potentialAction":[{"@type":"ReadAction","target":["https:\/\/noticiasya.com\/2024\/10\/16\/airbus-planea-recortar-puestos-trabajo-boeing-trax\/"]}]},{"@type":"BreadcrumbList","@id":"https:\/\/noticiasya.com\/2024\/10\/16\/airbus-planea-recortar-puestos-trabajo-boeing-trax\/#breadcrumb","itemListElement":[{"@type":"ListItem","position":1,"name":"Home","item":"https:\/\/noticiasya.com\/"},{"@type":"ListItem","position":2,"name":"Airbus planea recortar hasta 2.500 puestos de trabajo en su equipo de defensa y espacio"}]},{"@type":"WebSite","@id":"https:\/\/noticiasya.com\/#website","url":"https:\/\/noticiasya.com\/","name":"Noticias","description":"Lo que importa","publisher":{"@id":"https:\/\/noticiasya.com\/#organization"},"potentialAction":[{"@type":"SearchAction","target":{"@type":"EntryPoint","urlTemplate":"https:\/\/noticiasya.com\/?s={search_term_string}"},"query-input":{"@type":"PropertyValueSpecification","valueRequired":true,"valueName":"search_term_string"}}],"inLanguage":"es"},{"@type":"Organization","@id":"https:\/\/noticiasya.com\/#organization","name":"Noticias","url":"https:\/\/noticiasya.com\/","logo":{"@type":"ImageObject","inLanguage":"es","@id":"https:\/\/noticiasya.com\/#\/schema\/logo\/image\/","url":"https:\/\/noticiasya.com\/wp-content\/uploads\/sites\/22\/2023\/12\/logo-nacional.png","contentUrl":"https:\/\/noticiasya.com\/wp-content\/uploads\/sites\/22\/2023\/12\/logo-nacional.png","width":1801,"height":691,"caption":"Noticias"},"image":{"@id":"https:\/\/noticiasya.com\/#\/schema\/logo\/image\/"}}]}},"parsely":{"version":"1.1.0","canonical_url":"https:\/\/noticiasya.com\/el-valle\/2024\/10\/16\/airbus-planea-recortar-puestos-trabajo-boeing-trax\/","smart_links":{"inbound":0,"outbound":0},"traffic_boost_suggestions_count":0,"meta":{"@context":"https:\/\/schema.org","@type":"NewsArticle","headline":"Airbus planea recortar hasta 2.500 puestos de trabajo en su equipo de defensa y espacio","url":"http:\/\/noticiasya.com\/el-valle\/2024\/10\/16\/airbus-planea-recortar-puestos-trabajo-boeing-trax\/","mainEntityOfPage":{"@type":"WebPage","@id":"http:\/\/noticiasya.com\/el-valle\/2024\/10\/16\/airbus-planea-recortar-puestos-trabajo-boeing-trax\/"},"thumbnailUrl":"","image":{"@type":"ImageObject","url":""},"articleSection":"Noticias Nacionales","author":[],"creator":[],"publisher":{"@type":"Organization","name":"Noticias","logo":""},"keywords":[],"dateCreated":"2024-10-16T20:03:46Z","datePublished":"2024-10-16T20:03:46Z","dateModified":"2024-10-16T20:03:46Z"},"rendered":"<script type=\"application\/ld+json\" class=\"wp-parsely-metadata\">{\"@context\":\"https:\\\/\\\/schema.org\",\"@type\":\"NewsArticle\",\"headline\":\"Airbus planea recortar hasta 2.500 puestos de trabajo en su equipo de defensa y espacio\",\"url\":\"http:\\\/\\\/noticiasya.com\\\/el-valle\\\/2024\\\/10\\\/16\\\/airbus-planea-recortar-puestos-trabajo-boeing-trax\\\/\",\"mainEntityOfPage\":{\"@type\":\"WebPage\",\"@id\":\"http:\\\/\\\/noticiasya.com\\\/el-valle\\\/2024\\\/10\\\/16\\\/airbus-planea-recortar-puestos-trabajo-boeing-trax\\\/\"},\"thumbnailUrl\":\"\",\"image\":{\"@type\":\"ImageObject\",\"url\":\"\"},\"articleSection\":\"Noticias Nacionales\",\"author\":[],\"creator\":[],\"publisher\":{\"@type\":\"Organization\",\"name\":\"Noticias\",\"logo\":\"\"},\"keywords\":[],\"dateCreated\":\"2024-10-16T20:03:46Z\",\"datePublished\":\"2024-10-16T20:03:46Z\",\"dateModified\":\"2024-10-16T20:03:46Z\"}<\/script>","tracker_url":"https:\/\/cdn.parsely.com\/keys\/noticiasya.com\/p.js"},"jetpack_featured_media_url":"","jetpack-related-posts":[{"id":1468799,"url":"https:\/\/noticiasya.com\/el-valle\/2025\/11\/28\/aviones-airbus-mantenimiento-tormenta-solar-trax\/","url_meta":{"origin":1455157,"position":0},"title":"Miles de aviones de pasajeros requieren mantenimiento para evitar que pilotos pierdan el control durante una tormenta solar","author":"","date":"noviembre 28, 2025","format":false,"excerpt":"Miles de aviones Airbus A320, una de las series de aeronaves de pasajeros m\u00e1s populares del mundo, requieren una intervenci\u00f3n de mantenimiento inmediato por un riesgo cr\u00edtico de seguridad.El fabricante Airbus ha descubierto que las tormentas solares intensas, como las erupciones, pueden provocar que los pilotos pierdan moment\u00e1neamente el control\u2026","rel":"","context":"In &quot;Noticias Nacionales&quot;","block_context":{"text":"Noticias Nacionales","link":"https:\/\/noticiasya.com\/el-valle\/categoria\/noticias-nacionales"},"img":{"alt_text":"","src":"","width":0,"height":0},"classes":[]},{"id":1462230,"url":"https:\/\/noticiasya.com\/el-valle\/2025\/05\/11\/trump-aceptara-avion-lujo-qatar-air-force-one-trax\/","url_meta":{"origin":1455157,"position":1},"title":"Trump aceptar\u00e1 un avi\u00f3n de lujo de Qatar para usarlo como Air Force One","author":"","date":"mayo 11, 2025","format":false,"excerpt":"El Gobierno de Trump aceptar\u00e1 un avi\u00f3n de lujo de la familia real de Qatar que ser\u00e1 reacondicionado y utilizado como el Air Force One durante el segundo mandato del presidente, dijeron a CNN dos personas familiarizadas con el acuerdo.El presidente Donald Trump comenzar\u00e1 este lunes su primer viaje internacional\u2026","rel":"","context":"In &quot;Noticias Nacionales&quot;","block_context":{"text":"Noticias Nacionales","link":"https:\/\/noticiasya.com\/el-valle\/categoria\/noticias-nacionales"},"img":{"alt_text":"","src":"","width":0,"height":0},"classes":[]},{"id":1455111,"url":"https:\/\/noticiasya.com\/el-valle\/2024\/10\/15\/crisis-boeing-prestamo-dinero-trax\/","url_meta":{"origin":1455157,"position":2},"title":"Empeora la crisis de Boeing: la compa\u00f1\u00eda pedir\u00e1 un pr\u00e9stamo de miles de millones de d\u00f3lares","author":"","date":"octubre 15, 2024","format":false,"excerpt":"(CNN) -- Boeing, que enfrenta enormes p\u00e9rdidas financieras debido a una huelga paralizante y a\u00f1os de problemas operativos y de seguridad, recurrir\u00e1 a los principales bancos y Wall Street para recaudar decenas de miles de millones de d\u00f3lares en efectivo.En una presentaci\u00f3n regulatoria el martes por la ma\u00f1ana, la compa\u00f1\u00eda\u2026","rel":"","context":"In &quot;Noticias Nacionales&quot;","block_context":{"text":"Noticias Nacionales","link":"https:\/\/noticiasya.com\/el-valle\/categoria\/noticias-nacionales"},"img":{"alt_text":"","src":"","width":0,"height":0},"classes":[]},{"id":1454934,"url":"https:\/\/noticiasya.com\/el-valle\/2024\/10\/04\/china-comac-c919-experiencia-trax\/","url_meta":{"origin":1455157,"position":3},"title":"El C919 es la respuesta china al A320. Pero, \u00bfc\u00f3mo es a bordo?","author":"","date":"octubre 4, 2024","format":false,"excerpt":"(CNN) --Vol\u00e9 m\u00e1s de un mill\u00f3n de millas con docenas de aerol\u00edneas de todo el mundo, y perd\u00ed la cuenta de cu\u00e1ntas veces me sub\u00ed a un avi\u00f3n de Air China para hacer el corto trayecto de Beijing a Shanghai.Durante la semana, las aerol\u00edneas programan m\u00e1s de 60 vuelos diarios\u2026","rel":"","context":"In &quot;Noticias Nacionales&quot;","block_context":{"text":"Noticias Nacionales","link":"https:\/\/noticiasya.com\/el-valle\/categoria\/noticias-nacionales"},"img":{"alt_text":"","src":"","width":0,"height":0},"classes":[]},{"id":1449339,"url":"https:\/\/noticiasya.com\/el-valle\/2024\/05\/09\/aviones-brasil-vuelos-corta-distancia-trax\/","url_meta":{"origin":1455157,"position":4},"title":"Por qu\u00e9 estos aviones brasile\u00f1os, adorados por los pasajeros, est\u00e1n ganando terreno en los vuelos de corta distancia","author":"","date":"mayo 9, 2024","format":false,"excerpt":"(CNN) -- Lo que una persona pierde, es la ganancia de otro, dice el refr\u00e1n, y mientras Boeing parece atrapada en una espiral de malas noticias, un fabricante de aviones est\u00e1 abri\u00e9ndose paso silenciosamente.El fabricante brasile\u00f1o Embraer, especializado en peque\u00f1os aviones de pasajeros de fuselaje estrecho, ha ido acumulando anuncios\u2026","rel":"","context":"In &quot;Noticias Nacionales&quot;","block_context":{"text":"Noticias Nacionales","link":"https:\/\/noticiasya.com\/el-valle\/categoria\/noticias-nacionales"},"img":{"alt_text":"","src":"","width":0,"height":0},"classes":[]},{"id":1442800,"url":"https:\/\/noticiasya.com\/el-valle\/2023\/12\/28\/que-viene-para-la-aviacion-en-2024-nuevos-aviones-asientos-y-mejores-aeropuertos\/","url_meta":{"origin":1455157,"position":5},"title":"\u00bfQu\u00e9 viene para la aviaci\u00f3n en 2024? Nuevos aviones, asientos y mejores aeropuertos","author":"","date":"diciembre 28, 2023","format":false,"excerpt":"(CNN) -- En 2024 los pasajeros volar\u00e1n con aerol\u00edneas que est\u00e1n poniendo en marcha sus planes posteriores al cierre por pandemia de covid-19. Eso incluye nuevos y relucientes aviones con dise\u00f1os novedosos de asientos que podr\u00edan llegar muy pronto.Una serie de nuevos aeropuertos y terminales cambiar\u00e1n las reglas del juego\u2026","rel":"","context":"In &quot;Noticias Nacionales&quot;","block_context":{"text":"Noticias Nacionales","link":"https:\/\/noticiasya.com\/el-valle\/categoria\/noticias-nacionales"},"img":{"alt_text":"","src":"","width":0,"height":0},"classes":[]}],"jetpack_sharing_enabled":true,"_links":{"self":[{"href":"https:\/\/noticiasya.com\/el-valle\/wp-json\/wp\/v2\/posts\/1455157","targetHints":{"allow":["GET"]}}],"collection":[{"href":"https:\/\/noticiasya.com\/el-valle\/wp-json\/wp\/v2\/posts"}],"about":[{"href":"https:\/\/noticiasya.com\/el-valle\/wp-json\/wp\/v2\/types\/post"}],"replies":[{"embeddable":true,"href":"https:\/\/noticiasya.com\/el-valle\/wp-json\/wp\/v2\/comments?post=1455157"}],"version-history":[{"count":0,"href":"https:\/\/noticiasya.com\/el-valle\/wp-json\/wp\/v2\/posts\/1455157\/revisions"}],"wp:attachment":[{"href":"https:\/\/noticiasya.com\/el-valle\/wp-json\/wp\/v2\/media?parent=1455157"}],"wp:term":[{"taxonomy":"category","embeddable":true,"href":"https:\/\/noticiasya.com\/el-valle\/wp-json\/wp\/v2\/categories?post=1455157"},{"taxonomy":"post_tag","embeddable":true,"href":"https:\/\/noticiasya.com\/el-valle\/wp-json\/wp\/v2\/tags?post=1455157"}],"curies":[{"name":"wp","href":"https:\/\/api.w.org\/{rel}","templated":true}]}}