{"id":1455158,"date":"2024-10-16T14:03:40","date_gmt":"2024-10-16T21:03:40","guid":{"rendered":"https:\/\/noticiasya.com\/2024\/10\/16\/ajedrez-expulsan-competicion-maestro-kirill-shevchenko-presunto-uso-celular-trax\/"},"modified":"2024-10-16T14:03:40","modified_gmt":"2024-10-16T21:03:40","slug":"ajedrez-expulsan-competicion-maestro-kirill-shevchenko-presunto-uso-celular-trax","status":"publish","type":"post","link":"https:\/\/noticiasya.com\/el-valle\/2024\/10\/16\/ajedrez-expulsan-competicion-maestro-kirill-shevchenko-presunto-uso-celular-trax\/","title":{"rendered":"Expulsan de una competici\u00f3n al gran maestro de ajedrez Kirill Shevchenko por presunto uso de un tel\u00e9fono m\u00f3vil durante las partidas"},"content":{"rendered":"<p>(CNN) \u2014 Un gran maestro de ajedrez rumano fue expulsado de una competici\u00f3n nacional tras ser acusado de utilizar un tel\u00e9fono m\u00f3vil durante las partidas, anunciaron el lunes los organizadores.<\/p>\n<p>Kirill Shevchenko, actualmente en el puesto 69 de la clasificaci\u00f3n mundial de ajedrez, compet\u00eda en el Campeonato de Espa\u00f1a por Equipos en el enclave espa\u00f1ol de Melilla cuando se produjo el supuesto caso de trampa.<\/p>\n<p>Posteriormente, sus empates en las dos primeras rondas de la competici\u00f3n para el equipo Silla \u2013 Integrant Col\u00b7lectius se convirtieron en derrotas.<\/p>\n<p>En un comunicado, la Federaci\u00f3n Espa\u00f1ola de Ajedrez (FEDA) identific\u00f3 el motivo de la expulsi\u00f3n de Shevchenko como &#171;el uso de dispositivos m\u00f3viles durante la disputa de sus partidas&#187;.<\/p>\n<p>La federaci\u00f3n a\u00f1adi\u00f3: &#171;La FEDA mantiene su firme compromiso contra las trampas en el ajedrez, actuando de la forma m\u00e1s contundente posible en cualquier caso que se detecte. Lamentamos profundamente que se hayan producido estos hechos&#8230; Tambi\u00e9n queremos manifestar que, en cualquier caso, este comportamiento individual nada tiene que ver con la impecable actuaci\u00f3n de su club y del resto de miembros de su equipo&#187;.<\/p>\n<p>Faustino Oro, el maestro internacional de ajedrez m\u00e1s joven de la historia<\/p>\n<p>En un comunicado publicado en Facebook, Silla \u2013 Integrant Col\u00b7lectius afirm\u00f3 que &#171;rechaza de la manera m\u00e1s en\u00e9rgica y contundente cualquier pr\u00e1ctica de estrategia ilegal y\/o il\u00edcita utilizada de forma antideportiva para obtener ventaja&#187;, y a\u00f1adi\u00f3 que puso fin a su relaci\u00f3n con Shevchenko.<\/p>\n<p>Seg\u00fan Chess.com, Shevchenko despert\u00f3 sospechas cuando empez\u00f3 a pasar largos per\u00edodos alejado del tablero durante las primeras rondas del torneo. De acuerdo con una declaraci\u00f3n del \u00e1rbitro jefe, \u00d3scar Bruno de Prado Rodr\u00edguez, m\u00e1s tarde se encontr\u00f3 un dispositivo m\u00f3vil en el cub\u00edculo de un retrete, junto a una nota con una letra similar a la del joven de 22 a\u00f1os, inform\u00f3 Chess.com.<\/p>\n<p>Sin embargo, el martes la Federaci\u00f3n Rumana de Ajedrez dijo en un comunicado que estaba esperando &#171;pruebas s\u00f3lidas&#187; antes de llegar a una conclusi\u00f3n sobre las acusaciones, al tiempo que afirm\u00f3 que tiene &#171;tolerancia cero con las violaciones de las reglas del juego limpio&#187;.<\/p>\n<p>El comunicado a\u00f1adi\u00f3: &#171;Esperamos los detalles del caso y estudiaremos detenidamente las pruebas que lo acompa\u00f1an. Hasta ahora, solo tenemos informes de prensa y supuestos testigos, pero ninguna comunicaci\u00f3n oficial&#187;.<\/p>\n<p>&#171;Hasta entonces, estamos del lado de nuestro ajedrecista, que niega las acusaciones que pesan sobre \u00e9l. Le apoyaremos como apoyamos a todos nuestros ajedrecistas, dentro de los l\u00edmites de la normativa vigente. Si sale a la luz m\u00e1s informaci\u00f3n, decidiremos dentro de la Federaci\u00f3n nuestros pr\u00f3ximos pasos&#187;.<\/p>\n<p>El campe\u00f3n nigeriano de ajedrez Tunde Onakoya juega durante 60 horas en Times Square y bate el r\u00e9cord de marat\u00f3n<\/p>\n<p>La Federaci\u00f3n Rumana de Ajedrez remiti\u00f3 a CNN a su declaraci\u00f3n cuando fue contactada en busca de comentarios. Chess.com tambi\u00e9n inform\u00f3 que Shevchenko neg\u00f3 las acusaciones de mala conducta cuando fue interrogado durante la competici\u00f3n.<\/p>\n<p>La FEDA dio las gracias a Silla \u2013 Integrant Col\u00b7lectius por &#171;ayudar en la investigaci\u00f3n en todo momento&#187;, y agreg\u00f3: &#171;Tambi\u00e9n apreciamos el diligente trabajo del equipo arbitral y de la Comisi\u00f3n de Apelaci\u00f3n del Campeonato&#187;.<\/p>\n<p>Shevchenko compiti\u00f3 anteriormente con Ucrania antes de cambiar a Rumania. Obtuvo su t\u00edtulo de gran maestro en 2017 y alcanz\u00f3 el mejor puesto de su carrera, el n\u00famero 39 del mundo, el a\u00f1o pasado.<\/p>\n<p>CNN se puso en contacto con la Federaci\u00f3n Internacional de Ajedrez (FIDE) para obtener comentarios sobre el incidente.<\/p>\n<p>The-CNN-Wire<br \/>&trade; &amp; &copy; 2024 Cable News Network, Inc., a Warner Bros. Discovery Company. All rights reserved.<\/p>\n","protected":false},"excerpt":{"rendered":"<p>(CNN) \u2014 Un gran maestro de ajedrez rumano fue expulsado de una competici\u00f3n nacional tras ser acusado de utilizar un tel\u00e9fono m\u00f3vil durante las partidas, anunciaron el lunes los organizadores. Kirill Shevchenko, actualmente en el puesto 69 de la clasificaci\u00f3n mundial de ajedrez, compet\u00eda en el Campeonato de Espa\u00f1a por Equipos en el enclave espa\u00f1ol [&hellip;]<\/p>\n","protected":false},"author":0,"featured_media":0,"comment_status":"open","ping_status":"open","sticky":false,"template":"","format":"standard","meta":{"_jetpack_memberships_contains_paid_content":false,"footnotes":""},"categories":[10],"tags":[],"class_list":["post-1455158","post","type-post","status-publish","format-standard","hentry","category-noticias-nacionales","market-global"],"yoast_head":"<!-- This site is optimized with the Yoast SEO plugin v24.4 - https:\/\/yoast.com\/wordpress\/plugins\/seo\/ -->\n<title>Expulsan de una competici\u00f3n al gran maestro de ajedrez Kirill Shevchenko por presunto uso de un tel\u00e9fono m\u00f3vil durante las partidas - Noticias<\/title>\n<meta name=\"robots\" content=\"index, follow, max-snippet:-1, max-image-preview:large, max-video-preview:-1\" \/>\n<link rel=\"canonical\" href=\"https:\/\/noticiasya.com\/2024\/10\/16\/ajedrez-expulsan-competicion-maestro-kirill-shevchenko-presunto-uso-celular-trax\/\" \/>\n<meta property=\"og:locale\" content=\"es_ES\" \/>\n<meta property=\"og:type\" content=\"article\" \/>\n<meta property=\"og:title\" content=\"Expulsan de una competici\u00f3n al gran maestro de ajedrez Kirill Shevchenko por presunto uso de un tel\u00e9fono m\u00f3vil durante las partidas - Noticias\" \/>\n<meta property=\"og:description\" content=\"(CNN) \u2014 Un gran maestro de ajedrez rumano fue expulsado de una competici\u00f3n nacional tras ser acusado de utilizar un tel\u00e9fono m\u00f3vil durante las partidas, anunciaron el lunes los organizadores. Kirill Shevchenko, actualmente en el puesto 69 de la clasificaci\u00f3n mundial de ajedrez, compet\u00eda en el Campeonato de Espa\u00f1a por Equipos en el enclave espa\u00f1ol [&hellip;]\" \/>\n<meta property=\"og:url\" content=\"https:\/\/noticiasya.com\/2024\/10\/16\/ajedrez-expulsan-competicion-maestro-kirill-shevchenko-presunto-uso-celular-trax\/\" \/>\n<meta property=\"og:site_name\" content=\"Noticias\" \/>\n<meta property=\"article:published_time\" content=\"2024-10-16T21:03:40+00:00\" \/>\n<meta name=\"twitter:card\" content=\"summary_large_image\" \/>\n<meta name=\"twitter:label1\" content=\"Est. reading time\" \/>\n\t<meta name=\"twitter:data1\" content=\"3 minutos\" \/>\n<script type=\"application\/ld+json\" class=\"yoast-schema-graph\">{\"@context\":\"https:\/\/schema.org\",\"@graph\":[{\"@type\":\"Article\",\"@id\":\"https:\/\/noticiasya.com\/2024\/10\/16\/ajedrez-expulsan-competicion-maestro-kirill-shevchenko-presunto-uso-celular-trax\/#article\",\"isPartOf\":{\"@id\":\"https:\/\/noticiasya.com\/2024\/10\/16\/ajedrez-expulsan-competicion-maestro-kirill-shevchenko-presunto-uso-celular-trax\/\"},\"author\":{\"name\":\"\",\"@id\":\"\"},\"headline\":\"Expulsan de una competici\u00f3n al gran maestro de ajedrez Kirill Shevchenko por presunto uso de un tel\u00e9fono m\u00f3vil durante las partidas\",\"datePublished\":\"2024-10-16T21:03:40+00:00\",\"mainEntityOfPage\":{\"@id\":\"https:\/\/noticiasya.com\/2024\/10\/16\/ajedrez-expulsan-competicion-maestro-kirill-shevchenko-presunto-uso-celular-trax\/\"},\"wordCount\":660,\"commentCount\":0,\"publisher\":{\"@id\":\"https:\/\/noticiasya.com\/#organization\"},\"articleSection\":[\"Noticias Nacionales\"],\"inLanguage\":\"es\",\"potentialAction\":[{\"@type\":\"CommentAction\",\"name\":\"Comment\",\"target\":[\"https:\/\/noticiasya.com\/2024\/10\/16\/ajedrez-expulsan-competicion-maestro-kirill-shevchenko-presunto-uso-celular-trax\/#respond\"]}]},{\"@type\":\"WebPage\",\"@id\":\"https:\/\/noticiasya.com\/2024\/10\/16\/ajedrez-expulsan-competicion-maestro-kirill-shevchenko-presunto-uso-celular-trax\/\",\"url\":\"https:\/\/noticiasya.com\/2024\/10\/16\/ajedrez-expulsan-competicion-maestro-kirill-shevchenko-presunto-uso-celular-trax\/\",\"name\":\"Expulsan de una competici\u00f3n al gran maestro de ajedrez Kirill Shevchenko por presunto uso de un tel\u00e9fono m\u00f3vil durante las partidas - Noticias\",\"isPartOf\":{\"@id\":\"https:\/\/noticiasya.com\/#website\"},\"datePublished\":\"2024-10-16T21:03:40+00:00\",\"breadcrumb\":{\"@id\":\"https:\/\/noticiasya.com\/2024\/10\/16\/ajedrez-expulsan-competicion-maestro-kirill-shevchenko-presunto-uso-celular-trax\/#breadcrumb\"},\"inLanguage\":\"es\",\"potentialAction\":[{\"@type\":\"ReadAction\",\"target\":[\"https:\/\/noticiasya.com\/2024\/10\/16\/ajedrez-expulsan-competicion-maestro-kirill-shevchenko-presunto-uso-celular-trax\/\"]}]},{\"@type\":\"BreadcrumbList\",\"@id\":\"https:\/\/noticiasya.com\/2024\/10\/16\/ajedrez-expulsan-competicion-maestro-kirill-shevchenko-presunto-uso-celular-trax\/#breadcrumb\",\"itemListElement\":[{\"@type\":\"ListItem\",\"position\":1,\"name\":\"Home\",\"item\":\"https:\/\/noticiasya.com\/\"},{\"@type\":\"ListItem\",\"position\":2,\"name\":\"Expulsan de una competici\u00f3n al gran maestro de ajedrez Kirill Shevchenko por presunto uso de un tel\u00e9fono m\u00f3vil durante las partidas\"}]},{\"@type\":\"WebSite\",\"@id\":\"https:\/\/noticiasya.com\/#website\",\"url\":\"https:\/\/noticiasya.com\/\",\"name\":\"Noticias\",\"description\":\"Lo que importa\",\"publisher\":{\"@id\":\"https:\/\/noticiasya.com\/#organization\"},\"potentialAction\":[{\"@type\":\"SearchAction\",\"target\":{\"@type\":\"EntryPoint\",\"urlTemplate\":\"https:\/\/noticiasya.com\/?s={search_term_string}\"},\"query-input\":{\"@type\":\"PropertyValueSpecification\",\"valueRequired\":true,\"valueName\":\"search_term_string\"}}],\"inLanguage\":\"es\"},{\"@type\":\"Organization\",\"@id\":\"https:\/\/noticiasya.com\/#organization\",\"name\":\"Noticias\",\"url\":\"https:\/\/noticiasya.com\/\",\"logo\":{\"@type\":\"ImageObject\",\"inLanguage\":\"es\",\"@id\":\"https:\/\/noticiasya.com\/#\/schema\/logo\/image\/\",\"url\":\"https:\/\/noticiasya.com\/wp-content\/uploads\/sites\/22\/2023\/12\/logo-nacional.png\",\"contentUrl\":\"https:\/\/noticiasya.com\/wp-content\/uploads\/sites\/22\/2023\/12\/logo-nacional.png\",\"width\":1801,\"height\":691,\"caption\":\"Noticias\"},\"image\":{\"@id\":\"https:\/\/noticiasya.com\/#\/schema\/logo\/image\/\"}}]}<\/script>\n<!-- \/ Yoast SEO plugin. -->","yoast_head_json":{"title":"Expulsan de una competici\u00f3n al gran maestro de ajedrez Kirill Shevchenko por presunto uso de un tel\u00e9fono m\u00f3vil durante las partidas - Noticias","robots":{"index":"index","follow":"follow","max-snippet":"max-snippet:-1","max-image-preview":"max-image-preview:large","max-video-preview":"max-video-preview:-1"},"canonical":"https:\/\/noticiasya.com\/2024\/10\/16\/ajedrez-expulsan-competicion-maestro-kirill-shevchenko-presunto-uso-celular-trax\/","og_locale":"es_ES","og_type":"article","og_title":"Expulsan de una competici\u00f3n al gran maestro de ajedrez Kirill Shevchenko por presunto uso de un tel\u00e9fono m\u00f3vil durante las partidas - Noticias","og_description":"(CNN) \u2014 Un gran maestro de ajedrez rumano fue expulsado de una competici\u00f3n nacional tras ser acusado de utilizar un tel\u00e9fono m\u00f3vil durante las partidas, anunciaron el lunes los organizadores. Kirill Shevchenko, actualmente en el puesto 69 de la clasificaci\u00f3n mundial de ajedrez, compet\u00eda en el Campeonato de Espa\u00f1a por Equipos en el enclave espa\u00f1ol [&hellip;]","og_url":"https:\/\/noticiasya.com\/2024\/10\/16\/ajedrez-expulsan-competicion-maestro-kirill-shevchenko-presunto-uso-celular-trax\/","og_site_name":"Noticias","article_published_time":"2024-10-16T21:03:40+00:00","twitter_card":"summary_large_image","twitter_misc":{"Est. reading time":"3 minutos"},"schema":{"@context":"https:\/\/schema.org","@graph":[{"@type":"Article","@id":"https:\/\/noticiasya.com\/2024\/10\/16\/ajedrez-expulsan-competicion-maestro-kirill-shevchenko-presunto-uso-celular-trax\/#article","isPartOf":{"@id":"https:\/\/noticiasya.com\/2024\/10\/16\/ajedrez-expulsan-competicion-maestro-kirill-shevchenko-presunto-uso-celular-trax\/"},"author":{"name":"","@id":""},"headline":"Expulsan de una competici\u00f3n al gran maestro de ajedrez Kirill Shevchenko por presunto uso de un tel\u00e9fono m\u00f3vil durante las partidas","datePublished":"2024-10-16T21:03:40+00:00","mainEntityOfPage":{"@id":"https:\/\/noticiasya.com\/2024\/10\/16\/ajedrez-expulsan-competicion-maestro-kirill-shevchenko-presunto-uso-celular-trax\/"},"wordCount":660,"commentCount":0,"publisher":{"@id":"https:\/\/noticiasya.com\/#organization"},"articleSection":["Noticias Nacionales"],"inLanguage":"es","potentialAction":[{"@type":"CommentAction","name":"Comment","target":["https:\/\/noticiasya.com\/2024\/10\/16\/ajedrez-expulsan-competicion-maestro-kirill-shevchenko-presunto-uso-celular-trax\/#respond"]}]},{"@type":"WebPage","@id":"https:\/\/noticiasya.com\/2024\/10\/16\/ajedrez-expulsan-competicion-maestro-kirill-shevchenko-presunto-uso-celular-trax\/","url":"https:\/\/noticiasya.com\/2024\/10\/16\/ajedrez-expulsan-competicion-maestro-kirill-shevchenko-presunto-uso-celular-trax\/","name":"Expulsan de una competici\u00f3n al gran maestro de ajedrez Kirill Shevchenko por presunto uso de un tel\u00e9fono m\u00f3vil durante las partidas - Noticias","isPartOf":{"@id":"https:\/\/noticiasya.com\/#website"},"datePublished":"2024-10-16T21:03:40+00:00","breadcrumb":{"@id":"https:\/\/noticiasya.com\/2024\/10\/16\/ajedrez-expulsan-competicion-maestro-kirill-shevchenko-presunto-uso-celular-trax\/#breadcrumb"},"inLanguage":"es","potentialAction":[{"@type":"ReadAction","target":["https:\/\/noticiasya.com\/2024\/10\/16\/ajedrez-expulsan-competicion-maestro-kirill-shevchenko-presunto-uso-celular-trax\/"]}]},{"@type":"BreadcrumbList","@id":"https:\/\/noticiasya.com\/2024\/10\/16\/ajedrez-expulsan-competicion-maestro-kirill-shevchenko-presunto-uso-celular-trax\/#breadcrumb","itemListElement":[{"@type":"ListItem","position":1,"name":"Home","item":"https:\/\/noticiasya.com\/"},{"@type":"ListItem","position":2,"name":"Expulsan de una competici\u00f3n al gran maestro de ajedrez Kirill Shevchenko por presunto uso de un tel\u00e9fono m\u00f3vil durante las partidas"}]},{"@type":"WebSite","@id":"https:\/\/noticiasya.com\/#website","url":"https:\/\/noticiasya.com\/","name":"Noticias","description":"Lo que importa","publisher":{"@id":"https:\/\/noticiasya.com\/#organization"},"potentialAction":[{"@type":"SearchAction","target":{"@type":"EntryPoint","urlTemplate":"https:\/\/noticiasya.com\/?s={search_term_string}"},"query-input":{"@type":"PropertyValueSpecification","valueRequired":true,"valueName":"search_term_string"}}],"inLanguage":"es"},{"@type":"Organization","@id":"https:\/\/noticiasya.com\/#organization","name":"Noticias","url":"https:\/\/noticiasya.com\/","logo":{"@type":"ImageObject","inLanguage":"es","@id":"https:\/\/noticiasya.com\/#\/schema\/logo\/image\/","url":"https:\/\/noticiasya.com\/wp-content\/uploads\/sites\/22\/2023\/12\/logo-nacional.png","contentUrl":"https:\/\/noticiasya.com\/wp-content\/uploads\/sites\/22\/2023\/12\/logo-nacional.png","width":1801,"height":691,"caption":"Noticias"},"image":{"@id":"https:\/\/noticiasya.com\/#\/schema\/logo\/image\/"}}]}},"parsely":{"version":"1.1.0","canonical_url":"https:\/\/noticiasya.com\/el-valle\/2024\/10\/16\/ajedrez-expulsan-competicion-maestro-kirill-shevchenko-presunto-uso-celular-trax\/","smart_links":{"inbound":0,"outbound":0},"traffic_boost_suggestions_count":0,"meta":{"@context":"https:\/\/schema.org","@type":"NewsArticle","headline":"Expulsan de una competici\u00f3n al gran maestro de ajedrez Kirill Shevchenko por presunto uso de un tel\u00e9fono m\u00f3vil durante las partidas","url":"http:\/\/noticiasya.com\/el-valle\/2024\/10\/16\/ajedrez-expulsan-competicion-maestro-kirill-shevchenko-presunto-uso-celular-trax\/","mainEntityOfPage":{"@type":"WebPage","@id":"http:\/\/noticiasya.com\/el-valle\/2024\/10\/16\/ajedrez-expulsan-competicion-maestro-kirill-shevchenko-presunto-uso-celular-trax\/"},"thumbnailUrl":"","image":{"@type":"ImageObject","url":""},"articleSection":"Noticias Nacionales","author":[],"creator":[],"publisher":{"@type":"Organization","name":"Noticias","logo":""},"keywords":[],"dateCreated":"2024-10-16T21:03:40Z","datePublished":"2024-10-16T21:03:40Z","dateModified":"2024-10-16T21:03:40Z"},"rendered":"<script type=\"application\/ld+json\" class=\"wp-parsely-metadata\">{\"@context\":\"https:\\\/\\\/schema.org\",\"@type\":\"NewsArticle\",\"headline\":\"Expulsan de una competici\\u00f3n al gran maestro de ajedrez Kirill Shevchenko por presunto uso de un tel\\u00e9fono m\\u00f3vil durante las partidas\",\"url\":\"http:\\\/\\\/noticiasya.com\\\/el-valle\\\/2024\\\/10\\\/16\\\/ajedrez-expulsan-competicion-maestro-kirill-shevchenko-presunto-uso-celular-trax\\\/\",\"mainEntityOfPage\":{\"@type\":\"WebPage\",\"@id\":\"http:\\\/\\\/noticiasya.com\\\/el-valle\\\/2024\\\/10\\\/16\\\/ajedrez-expulsan-competicion-maestro-kirill-shevchenko-presunto-uso-celular-trax\\\/\"},\"thumbnailUrl\":\"\",\"image\":{\"@type\":\"ImageObject\",\"url\":\"\"},\"articleSection\":\"Noticias Nacionales\",\"author\":[],\"creator\":[],\"publisher\":{\"@type\":\"Organization\",\"name\":\"Noticias\",\"logo\":\"\"},\"keywords\":[],\"dateCreated\":\"2024-10-16T21:03:40Z\",\"datePublished\":\"2024-10-16T21:03:40Z\",\"dateModified\":\"2024-10-16T21:03:40Z\"}<\/script>","tracker_url":"https:\/\/cdn.parsely.com\/keys\/noticiasya.com\/p.js"},"jetpack_featured_media_url":"","jetpack-related-posts":[{"id":1467564,"url":"https:\/\/noticiasya.com\/el-valle\/2025\/10\/21\/maestro-ajedrez-estadounidense-daniel-naroditsky-muere-29-anos-trax\/","url_meta":{"origin":1455158,"position":0},"title":"El gran maestro de ajedrez estadounidense Daniel Naroditsky muere a los 29 a\u00f1os","author":"","date":"octubre 21, 2025","format":false,"excerpt":"Daniel Naroditsky, un gran maestro de ajedrez estadounidense que atrajo un gran n\u00famero de seguidores en l\u00ednea a trav\u00e9s de sus juegos transmitidos en vivo y ense\u00f1anzas accesibles, muri\u00f3 a los 29 a\u00f1os.El Charlotte Chess Center, una academia de ajedrez en Charlotte, Carolina del Norte, donde Naroditsky fue entrenador principal,\u2026","rel":"","context":"In &quot;Noticias Nacionales&quot;","block_context":{"text":"Noticias Nacionales","link":"https:\/\/noticiasya.com\/el-valle\/categoria\/noticias-nacionales"},"img":{"alt_text":"","src":"","width":0,"height":0},"classes":[]},{"id":1465542,"url":"https:\/\/noticiasya.com\/el-valle\/2025\/08\/15\/ninia-10-anios-prodigio-ajedrez-vence-gran-maestro-trax\/","url_meta":{"origin":1455158,"position":1},"title":"Una prodigio del ajedrez de 10 a\u00f1os se convierte en la jugadora m\u00e1s joven en vencer a un gran maestro","author":"","date":"agosto 15, 2025","format":false,"excerpt":"Una ni\u00f1a brit\u00e1nica de 10 a\u00f1os ha hecho historia en el ajedrez al convertirse en la jugadora m\u00e1s joven en vencer a un gran maestro.Bodhana Sivanandan, del noroeste de Londres, derrot\u00f3 al gran maestro Pete Wells, de 60 a\u00f1os, en la ronda final del Campeonato Brit\u00e1nico de Ajedrez 2025 en\u2026","rel":"","context":"In &quot;Noticias Nacionales&quot;","block_context":{"text":"Noticias Nacionales","link":"https:\/\/noticiasya.com\/el-valle\/categoria\/noticias-nacionales"},"img":{"alt_text":"","src":"","width":0,"height":0},"classes":[]},{"id":1457193,"url":"https:\/\/noticiasya.com\/el-valle\/2025\/01\/03\/magnus-carlsen-nepomniachtchi-campeon-blitz-ajedrez-trax\/","url_meta":{"origin":1455158,"position":2},"title":"Magnus Carlsen e Ian Nepomniachtchi aceptan compartir el t\u00edtulo de Campe\u00f3n del Mundo de Blitz de ajedrez y suscitan cr\u00edticas","author":"","date":"enero 3, 2025","format":false,"excerpt":"Magnus Carlsen e Ian Nepomniachtchi han causado un gran revuelo en la comunidad del ajedrez tras acordar compartir el t\u00edtulo del Campeonato del Mundo de Blitz a principios de esta semana.La final del martes en Nueva York estaba empatada a 3,5-3,5 cuando Carlsen, n\u00famero 1 del mundo, sugiri\u00f3 a Nepomniachtchi\u2026","rel":"","context":"In &quot;Noticias Nacionales&quot;","block_context":{"text":"Noticias Nacionales","link":"https:\/\/noticiasya.com\/el-valle\/categoria\/noticias-nacionales"},"img":{"alt_text":"","src":"","width":0,"height":0},"classes":[]},{"id":1448328,"url":"https:\/\/noticiasya.com\/el-valle\/2024\/04\/21\/campeon-nigeriano-de-ajedrez-tunde-onakoya-juega-durante-60-horas-en-times-square-y-bate-el-record-de-maraton-trax\/","url_meta":{"origin":1455158,"position":3},"title":"El campe\u00f3n nigeriano de ajedrez Tunde Onakoya juega durante 60 horas en Times Square y bate el r\u00e9cord de marat\u00f3n","author":"","date":"abril 21, 2024","format":false,"excerpt":"(CNN) -- El campe\u00f3n nigeriano de ajedrez y defensor de la educaci\u00f3n infantil Tunde Onakoya ha batido el r\u00e9cord del marat\u00f3n de ajedrez m\u00e1s largo despu\u00e9s de jugar durante extraordinarias 60 horas sin parar bajo las brillantes luces de Times Square en la ciudad de Nueva York.La organizaci\u00f3n Guinness World\u2026","rel":"","context":"In &quot;Noticias Nacionales&quot;","block_context":{"text":"Noticias Nacionales","link":"https:\/\/noticiasya.com\/el-valle\/categoria\/noticias-nacionales"},"img":{"alt_text":"","src":"","width":0,"height":0},"classes":[]},{"id":1457044,"url":"https:\/\/noticiasya.com\/el-valle\/2024\/12\/28\/magnus-carlsen-ajedrez-abandona-torneo-jeans-trax\/","url_meta":{"origin":1455158,"position":4},"title":"El campe\u00f3n mundial Magnus Carlsen abandona los torneos de Ajedrez R\u00e1pido y Blitz tras negarse a cambiarse los jeans","author":"","date":"diciembre 28, 2024","format":false,"excerpt":"El n\u00famero uno del mundo, Magnus Carlsen, abandon\u00f3 el Campeonato Mundial de Ajedrez R\u00e1pido el viernes despu\u00e9s de negarse a cambiarse los jeans que llevaba puestos, seg\u00fan la Federaci\u00f3n Internacional de Ajedrez (FIDE).Carlsen, quien ha ganado cinco t\u00edtulos mundiales de ajedrez r\u00e1pido y siete de blitz en los \u00faltimos 10\u2026","rel":"","context":"In &quot;Noticias Nacionales&quot;","block_context":{"text":"Noticias Nacionales","link":"https:\/\/noticiasya.com\/el-valle\/categoria\/noticias-nacionales"},"img":{"alt_text":"","src":"","width":0,"height":0},"classes":[]},{"id":1456532,"url":"https:\/\/noticiasya.com\/el-valle\/2024\/12\/12\/gukesh-dommaraju-campeon-mundial-ajedrez-trax\/","url_meta":{"origin":1455158,"position":5},"title":"El indio Gukesh Dommaraju, de 18 a\u00f1os, se convierte en el campe\u00f3n mundial de ajedrez m\u00e1s joven de la historia","author":"","date":"diciembre 12, 2024","format":false,"excerpt":"El adolescente Gukesh Dommaraju se convirti\u00f3 en el campe\u00f3n mundial m\u00e1s joven de ajedrez cl\u00e1sico de la historia tras vencer a Ding Liren por 7,5-6,5 en la final al mejor de 14 en Singapur este jueves.Gukesh, de 18 a\u00f1os y el campe\u00f3n defensor Ding llegaron al \u00faltimo juego empatados y\u2026","rel":"","context":"In &quot;Noticias Nacionales&quot;","block_context":{"text":"Noticias Nacionales","link":"https:\/\/noticiasya.com\/el-valle\/categoria\/noticias-nacionales"},"img":{"alt_text":"","src":"","width":0,"height":0},"classes":[]}],"jetpack_sharing_enabled":true,"_links":{"self":[{"href":"https:\/\/noticiasya.com\/el-valle\/wp-json\/wp\/v2\/posts\/1455158","targetHints":{"allow":["GET"]}}],"collection":[{"href":"https:\/\/noticiasya.com\/el-valle\/wp-json\/wp\/v2\/posts"}],"about":[{"href":"https:\/\/noticiasya.com\/el-valle\/wp-json\/wp\/v2\/types\/post"}],"replies":[{"embeddable":true,"href":"https:\/\/noticiasya.com\/el-valle\/wp-json\/wp\/v2\/comments?post=1455158"}],"version-history":[{"count":0,"href":"https:\/\/noticiasya.com\/el-valle\/wp-json\/wp\/v2\/posts\/1455158\/revisions"}],"wp:attachment":[{"href":"https:\/\/noticiasya.com\/el-valle\/wp-json\/wp\/v2\/media?parent=1455158"}],"wp:term":[{"taxonomy":"category","embeddable":true,"href":"https:\/\/noticiasya.com\/el-valle\/wp-json\/wp\/v2\/categories?post=1455158"},{"taxonomy":"post_tag","embeddable":true,"href":"https:\/\/noticiasya.com\/el-valle\/wp-json\/wp\/v2\/tags?post=1455158"}],"curies":[{"name":"wp","href":"https:\/\/api.w.org\/{rel}","templated":true}]}}