{"id":1455159,"date":"2024-10-16T14:03:40","date_gmt":"2024-10-16T21:03:40","guid":{"rendered":"https:\/\/noticiasya.com\/2024\/10\/16\/capturan-bogota-integrantes-tren-aragua-ataque-orix\/"},"modified":"2024-10-16T14:03:40","modified_gmt":"2024-10-16T21:03:40","slug":"capturan-bogota-integrantes-tren-aragua-ataque-orix","status":"publish","type":"post","link":"https:\/\/noticiasya.com\/el-valle\/2024\/10\/16\/capturan-bogota-integrantes-tren-aragua-ataque-orix\/","title":{"rendered":"Capturan en Bogot\u00e1 a presuntos integrantes del Tren de Aragua por ataque con granada que dej\u00f3 dos muertos"},"content":{"rendered":"<p>(CNN Espa\u00f1ol) &#8212;\u00a0Cinco personas presuntamente vinculadas a la organizaci\u00f3n criminal transnacional Tren de Aragua, que supuestamente participaron en un ataque con granada en septiembre, fueron capturadas en Bogot\u00e1, anunci\u00f3 el alcalde de la capital colombiana, Carlos Gal\u00e1n, este mi\u00e9rcoles.<\/p>\n<p>&#171;Hoy queremos reportar un resultado muy importante en la lucha contra la extorsi\u00f3n en Bogot\u00e1&#187;, detall\u00f3 Gal\u00e1n durante una rueda de prensa en la que dijo que los detenidos son presuntos extorsionadores y que tambi\u00e9n han sido acusados de homicidio, tr\u00e1fico de estupefacientes y de armas.<\/p>\n<p>Entre los capturados, quienes solo fueron identificados por sus alias, se encuentra &#171;Francesca&#187;, presunta cabecilla de zona de la organizaci\u00f3n, seg\u00fan la Polic\u00eda Metropolitana de Bogot\u00e1. Tambi\u00e9n fue detenido \u201cBellaco\u201d, se\u00f1alado como responsable de lanzar el artefacto explosivo durante el ataque del 10 de septiembre que dej\u00f3 dos muertos y varios heridos en la localidad de Kennedy, de acuerdo con la polic\u00eda.<\/p>\n<p>\u00bfQu\u00e9 es El Tren de Aragua, qui\u00e9n lo lidera, cu\u00e1ntos miembros tiene y d\u00f3nde opera?<\/p>\n<p>Las autoridades no dieron detalles sobre los otros tres detenidos.<\/p>\n<p>El comandante de la Polic\u00eda Metropolitana de Bogot\u00e1, Daniel Gualdr\u00f3n, asegur\u00f3 que en lo que va del a\u00f1o se registran 178 capturas relacionadas con extorsi\u00f3n y que al menos 32 de estas personas pertenecen al Tren de Aragua.<\/p>\n<p>&#171;Estas bandas buscan reemplazar a los cabecillas que son capturados, pero estamos logrando llegarles cada vez m\u00e1s r\u00e1pido para que no puedan reorganizarse&#187;, dijo Gal\u00e1n.<\/p>\n<p>CNN intenta contactar a la Polic\u00eda Metropolitana de Bogot\u00e1 para conocer si los detenidos ya cuentan con defensa legal.<\/p>\n<p>El Tren de Aragua es una banda delincuencial transnacional originada en una prisi\u00f3n de Venezuela, que desde hace varios a\u00f1os opera en diferentes pa\u00edses del continente como Bolivia, Colombia, Chile y Per\u00fa. Una investigaci\u00f3n de CNN revel\u00f3 a principios de este a\u00f1o la presencia de varios miembros en Estados Unidos. El grupo criminal es considerado como el m\u00e1s grande y poderoso de Venezuela, seg\u00fan estudios de la organizaci\u00f3n Insight Crime y el Gobierno de Estados Unidos.<\/p>\n<p>\u2013\u2013 Fernando Ramos colabor\u00f3 con este reporte.<\/p>\n<p>The-CNN-Wire<br \/>&trade; &amp; &copy; 2024 Cable News Network, Inc., a Warner Bros. Discovery Company. All rights reserved.<\/p>\n","protected":false},"excerpt":{"rendered":"<p>(CNN Espa\u00f1ol) &#8212;\u00a0Cinco personas presuntamente vinculadas a la organizaci\u00f3n criminal transnacional Tren de Aragua, que supuestamente participaron en un ataque con granada en septiembre, fueron capturadas en Bogot\u00e1, anunci\u00f3 el alcalde de la capital colombiana, Carlos Gal\u00e1n, este mi\u00e9rcoles. &#171;Hoy queremos reportar un resultado muy importante en la lucha contra la extorsi\u00f3n en Bogot\u00e1&#187;, detall\u00f3 [&hellip;]<\/p>\n","protected":false},"author":0,"featured_media":0,"comment_status":"open","ping_status":"open","sticky":false,"template":"","format":"standard","meta":{"_jetpack_memberships_contains_paid_content":false,"footnotes":""},"categories":[10],"tags":[],"class_list":["post-1455159","post","type-post","status-publish","format-standard","hentry","category-noticias-nacionales","market-global"],"yoast_head":"<!-- This site is optimized with the Yoast SEO plugin v24.4 - https:\/\/yoast.com\/wordpress\/plugins\/seo\/ -->\n<title>Capturan en Bogot\u00e1 a presuntos integrantes del Tren de Aragua por ataque con granada que dej\u00f3 dos muertos - Noticias<\/title>\n<meta name=\"robots\" content=\"index, follow, max-snippet:-1, max-image-preview:large, max-video-preview:-1\" \/>\n<link rel=\"canonical\" href=\"https:\/\/noticiasya.com\/2024\/10\/16\/capturan-bogota-integrantes-tren-aragua-ataque-orix\/\" \/>\n<meta property=\"og:locale\" content=\"es_ES\" \/>\n<meta property=\"og:type\" content=\"article\" \/>\n<meta property=\"og:title\" content=\"Capturan en Bogot\u00e1 a presuntos integrantes del Tren de Aragua por ataque con granada que dej\u00f3 dos muertos - Noticias\" \/>\n<meta property=\"og:description\" content=\"(CNN Espa\u00f1ol) &#8212;\u00a0Cinco personas presuntamente vinculadas a la organizaci\u00f3n criminal transnacional Tren de Aragua, que supuestamente participaron en un ataque con granada en septiembre, fueron capturadas en Bogot\u00e1, anunci\u00f3 el alcalde de la capital colombiana, Carlos Gal\u00e1n, este mi\u00e9rcoles. &#171;Hoy queremos reportar un resultado muy importante en la lucha contra la extorsi\u00f3n en Bogot\u00e1&#187;, detall\u00f3 [&hellip;]\" \/>\n<meta property=\"og:url\" content=\"https:\/\/noticiasya.com\/2024\/10\/16\/capturan-bogota-integrantes-tren-aragua-ataque-orix\/\" \/>\n<meta property=\"og:site_name\" content=\"Noticias\" \/>\n<meta property=\"article:published_time\" content=\"2024-10-16T21:03:40+00:00\" \/>\n<meta name=\"twitter:card\" content=\"summary_large_image\" \/>\n<meta name=\"twitter:label1\" content=\"Est. reading time\" \/>\n\t<meta name=\"twitter:data1\" content=\"2 minutos\" \/>\n<script type=\"application\/ld+json\" class=\"yoast-schema-graph\">{\"@context\":\"https:\/\/schema.org\",\"@graph\":[{\"@type\":\"Article\",\"@id\":\"https:\/\/noticiasya.com\/2024\/10\/16\/capturan-bogota-integrantes-tren-aragua-ataque-orix\/#article\",\"isPartOf\":{\"@id\":\"https:\/\/noticiasya.com\/2024\/10\/16\/capturan-bogota-integrantes-tren-aragua-ataque-orix\/\"},\"author\":{\"name\":\"\",\"@id\":\"\"},\"headline\":\"Capturan en Bogot\u00e1 a presuntos integrantes del Tren de Aragua por ataque con granada que dej\u00f3 dos muertos\",\"datePublished\":\"2024-10-16T21:03:40+00:00\",\"mainEntityOfPage\":{\"@id\":\"https:\/\/noticiasya.com\/2024\/10\/16\/capturan-bogota-integrantes-tren-aragua-ataque-orix\/\"},\"wordCount\":401,\"commentCount\":0,\"publisher\":{\"@id\":\"https:\/\/noticiasya.com\/#organization\"},\"articleSection\":[\"Noticias Nacionales\"],\"inLanguage\":\"es\",\"potentialAction\":[{\"@type\":\"CommentAction\",\"name\":\"Comment\",\"target\":[\"https:\/\/noticiasya.com\/2024\/10\/16\/capturan-bogota-integrantes-tren-aragua-ataque-orix\/#respond\"]}]},{\"@type\":\"WebPage\",\"@id\":\"https:\/\/noticiasya.com\/2024\/10\/16\/capturan-bogota-integrantes-tren-aragua-ataque-orix\/\",\"url\":\"https:\/\/noticiasya.com\/2024\/10\/16\/capturan-bogota-integrantes-tren-aragua-ataque-orix\/\",\"name\":\"Capturan en Bogot\u00e1 a presuntos integrantes del Tren de Aragua por ataque con granada que dej\u00f3 dos muertos - Noticias\",\"isPartOf\":{\"@id\":\"https:\/\/noticiasya.com\/#website\"},\"datePublished\":\"2024-10-16T21:03:40+00:00\",\"breadcrumb\":{\"@id\":\"https:\/\/noticiasya.com\/2024\/10\/16\/capturan-bogota-integrantes-tren-aragua-ataque-orix\/#breadcrumb\"},\"inLanguage\":\"es\",\"potentialAction\":[{\"@type\":\"ReadAction\",\"target\":[\"https:\/\/noticiasya.com\/2024\/10\/16\/capturan-bogota-integrantes-tren-aragua-ataque-orix\/\"]}]},{\"@type\":\"BreadcrumbList\",\"@id\":\"https:\/\/noticiasya.com\/2024\/10\/16\/capturan-bogota-integrantes-tren-aragua-ataque-orix\/#breadcrumb\",\"itemListElement\":[{\"@type\":\"ListItem\",\"position\":1,\"name\":\"Home\",\"item\":\"https:\/\/noticiasya.com\/\"},{\"@type\":\"ListItem\",\"position\":2,\"name\":\"Capturan en Bogot\u00e1 a presuntos integrantes del Tren de Aragua por ataque con granada que dej\u00f3 dos muertos\"}]},{\"@type\":\"WebSite\",\"@id\":\"https:\/\/noticiasya.com\/#website\",\"url\":\"https:\/\/noticiasya.com\/\",\"name\":\"Noticias\",\"description\":\"Lo que importa\",\"publisher\":{\"@id\":\"https:\/\/noticiasya.com\/#organization\"},\"potentialAction\":[{\"@type\":\"SearchAction\",\"target\":{\"@type\":\"EntryPoint\",\"urlTemplate\":\"https:\/\/noticiasya.com\/?s={search_term_string}\"},\"query-input\":{\"@type\":\"PropertyValueSpecification\",\"valueRequired\":true,\"valueName\":\"search_term_string\"}}],\"inLanguage\":\"es\"},{\"@type\":\"Organization\",\"@id\":\"https:\/\/noticiasya.com\/#organization\",\"name\":\"Noticias\",\"url\":\"https:\/\/noticiasya.com\/\",\"logo\":{\"@type\":\"ImageObject\",\"inLanguage\":\"es\",\"@id\":\"https:\/\/noticiasya.com\/#\/schema\/logo\/image\/\",\"url\":\"https:\/\/noticiasya.com\/wp-content\/uploads\/sites\/22\/2023\/12\/logo-nacional.png\",\"contentUrl\":\"https:\/\/noticiasya.com\/wp-content\/uploads\/sites\/22\/2023\/12\/logo-nacional.png\",\"width\":1801,\"height\":691,\"caption\":\"Noticias\"},\"image\":{\"@id\":\"https:\/\/noticiasya.com\/#\/schema\/logo\/image\/\"}}]}<\/script>\n<!-- \/ Yoast SEO plugin. -->","yoast_head_json":{"title":"Capturan en Bogot\u00e1 a presuntos integrantes del Tren de Aragua por ataque con granada que dej\u00f3 dos muertos - Noticias","robots":{"index":"index","follow":"follow","max-snippet":"max-snippet:-1","max-image-preview":"max-image-preview:large","max-video-preview":"max-video-preview:-1"},"canonical":"https:\/\/noticiasya.com\/2024\/10\/16\/capturan-bogota-integrantes-tren-aragua-ataque-orix\/","og_locale":"es_ES","og_type":"article","og_title":"Capturan en Bogot\u00e1 a presuntos integrantes del Tren de Aragua por ataque con granada que dej\u00f3 dos muertos - Noticias","og_description":"(CNN Espa\u00f1ol) &#8212;\u00a0Cinco personas presuntamente vinculadas a la organizaci\u00f3n criminal transnacional Tren de Aragua, que supuestamente participaron en un ataque con granada en septiembre, fueron capturadas en Bogot\u00e1, anunci\u00f3 el alcalde de la capital colombiana, Carlos Gal\u00e1n, este mi\u00e9rcoles. &#171;Hoy queremos reportar un resultado muy importante en la lucha contra la extorsi\u00f3n en Bogot\u00e1&#187;, detall\u00f3 [&hellip;]","og_url":"https:\/\/noticiasya.com\/2024\/10\/16\/capturan-bogota-integrantes-tren-aragua-ataque-orix\/","og_site_name":"Noticias","article_published_time":"2024-10-16T21:03:40+00:00","twitter_card":"summary_large_image","twitter_misc":{"Est. reading time":"2 minutos"},"schema":{"@context":"https:\/\/schema.org","@graph":[{"@type":"Article","@id":"https:\/\/noticiasya.com\/2024\/10\/16\/capturan-bogota-integrantes-tren-aragua-ataque-orix\/#article","isPartOf":{"@id":"https:\/\/noticiasya.com\/2024\/10\/16\/capturan-bogota-integrantes-tren-aragua-ataque-orix\/"},"author":{"name":"","@id":""},"headline":"Capturan en Bogot\u00e1 a presuntos integrantes del Tren de Aragua por ataque con granada que dej\u00f3 dos muertos","datePublished":"2024-10-16T21:03:40+00:00","mainEntityOfPage":{"@id":"https:\/\/noticiasya.com\/2024\/10\/16\/capturan-bogota-integrantes-tren-aragua-ataque-orix\/"},"wordCount":401,"commentCount":0,"publisher":{"@id":"https:\/\/noticiasya.com\/#organization"},"articleSection":["Noticias Nacionales"],"inLanguage":"es","potentialAction":[{"@type":"CommentAction","name":"Comment","target":["https:\/\/noticiasya.com\/2024\/10\/16\/capturan-bogota-integrantes-tren-aragua-ataque-orix\/#respond"]}]},{"@type":"WebPage","@id":"https:\/\/noticiasya.com\/2024\/10\/16\/capturan-bogota-integrantes-tren-aragua-ataque-orix\/","url":"https:\/\/noticiasya.com\/2024\/10\/16\/capturan-bogota-integrantes-tren-aragua-ataque-orix\/","name":"Capturan en Bogot\u00e1 a presuntos integrantes del Tren de Aragua por ataque con granada que dej\u00f3 dos muertos - Noticias","isPartOf":{"@id":"https:\/\/noticiasya.com\/#website"},"datePublished":"2024-10-16T21:03:40+00:00","breadcrumb":{"@id":"https:\/\/noticiasya.com\/2024\/10\/16\/capturan-bogota-integrantes-tren-aragua-ataque-orix\/#breadcrumb"},"inLanguage":"es","potentialAction":[{"@type":"ReadAction","target":["https:\/\/noticiasya.com\/2024\/10\/16\/capturan-bogota-integrantes-tren-aragua-ataque-orix\/"]}]},{"@type":"BreadcrumbList","@id":"https:\/\/noticiasya.com\/2024\/10\/16\/capturan-bogota-integrantes-tren-aragua-ataque-orix\/#breadcrumb","itemListElement":[{"@type":"ListItem","position":1,"name":"Home","item":"https:\/\/noticiasya.com\/"},{"@type":"ListItem","position":2,"name":"Capturan en Bogot\u00e1 a presuntos integrantes del Tren de Aragua por ataque con granada que dej\u00f3 dos muertos"}]},{"@type":"WebSite","@id":"https:\/\/noticiasya.com\/#website","url":"https:\/\/noticiasya.com\/","name":"Noticias","description":"Lo que importa","publisher":{"@id":"https:\/\/noticiasya.com\/#organization"},"potentialAction":[{"@type":"SearchAction","target":{"@type":"EntryPoint","urlTemplate":"https:\/\/noticiasya.com\/?s={search_term_string}"},"query-input":{"@type":"PropertyValueSpecification","valueRequired":true,"valueName":"search_term_string"}}],"inLanguage":"es"},{"@type":"Organization","@id":"https:\/\/noticiasya.com\/#organization","name":"Noticias","url":"https:\/\/noticiasya.com\/","logo":{"@type":"ImageObject","inLanguage":"es","@id":"https:\/\/noticiasya.com\/#\/schema\/logo\/image\/","url":"https:\/\/noticiasya.com\/wp-content\/uploads\/sites\/22\/2023\/12\/logo-nacional.png","contentUrl":"https:\/\/noticiasya.com\/wp-content\/uploads\/sites\/22\/2023\/12\/logo-nacional.png","width":1801,"height":691,"caption":"Noticias"},"image":{"@id":"https:\/\/noticiasya.com\/#\/schema\/logo\/image\/"}}]}},"parsely":{"version":"1.1.0","canonical_url":"https:\/\/noticiasya.com\/el-valle\/2024\/10\/16\/capturan-bogota-integrantes-tren-aragua-ataque-orix\/","smart_links":{"inbound":0,"outbound":0},"traffic_boost_suggestions_count":0,"meta":{"@context":"https:\/\/schema.org","@type":"NewsArticle","headline":"Capturan en Bogot\u00e1 a presuntos integrantes del Tren de Aragua por ataque con granada que dej\u00f3 dos muertos","url":"http:\/\/noticiasya.com\/el-valle\/2024\/10\/16\/capturan-bogota-integrantes-tren-aragua-ataque-orix\/","mainEntityOfPage":{"@type":"WebPage","@id":"http:\/\/noticiasya.com\/el-valle\/2024\/10\/16\/capturan-bogota-integrantes-tren-aragua-ataque-orix\/"},"thumbnailUrl":"","image":{"@type":"ImageObject","url":""},"articleSection":"Noticias Nacionales","author":[],"creator":[],"publisher":{"@type":"Organization","name":"Noticias","logo":""},"keywords":[],"dateCreated":"2024-10-16T21:03:40Z","datePublished":"2024-10-16T21:03:40Z","dateModified":"2024-10-16T21:03:40Z"},"rendered":"<script type=\"application\/ld+json\" class=\"wp-parsely-metadata\">{\"@context\":\"https:\\\/\\\/schema.org\",\"@type\":\"NewsArticle\",\"headline\":\"Capturan en Bogot\\u00e1 a presuntos integrantes del Tren de Aragua por ataque con granada que dej\\u00f3 dos muertos\",\"url\":\"http:\\\/\\\/noticiasya.com\\\/el-valle\\\/2024\\\/10\\\/16\\\/capturan-bogota-integrantes-tren-aragua-ataque-orix\\\/\",\"mainEntityOfPage\":{\"@type\":\"WebPage\",\"@id\":\"http:\\\/\\\/noticiasya.com\\\/el-valle\\\/2024\\\/10\\\/16\\\/capturan-bogota-integrantes-tren-aragua-ataque-orix\\\/\"},\"thumbnailUrl\":\"\",\"image\":{\"@type\":\"ImageObject\",\"url\":\"\"},\"articleSection\":\"Noticias Nacionales\",\"author\":[],\"creator\":[],\"publisher\":{\"@type\":\"Organization\",\"name\":\"Noticias\",\"logo\":\"\"},\"keywords\":[],\"dateCreated\":\"2024-10-16T21:03:40Z\",\"datePublished\":\"2024-10-16T21:03:40Z\",\"dateModified\":\"2024-10-16T21:03:40Z\"}<\/script>","tracker_url":"https:\/\/cdn.parsely.com\/keys\/noticiasya.com\/p.js"},"jetpack_featured_media_url":"","jetpack-related-posts":[{"id":1450755,"url":"https:\/\/noticiasya.com\/el-valle\/2024\/06\/27\/policia-colombia-detiene-jefe-tren-de-aragua-bogota-soacha-orix\/","url_meta":{"origin":1455159,"position":0},"title":"La Polic\u00eda de Colombia detiene al jefe del Tren de Aragua en Bogot\u00e1 y Soacha","author":"","date":"junio 27, 2024","format":false,"excerpt":"(CNN Espa\u00f1ol) --\u00a0La Polic\u00eda Nacional de Colombia detuvo a Salom\u00f3n Fern\u00e1ndez Torres, se\u00f1alado por las autoridades como jefe m\u00e1ximo de la organizaci\u00f3n Tren de Aragua en las ciudades de Bogot\u00e1 y Soacha, inform\u00f3 la instituci\u00f3n este jueves en un comunicado.Fern\u00e1ndez Torres fue arrestado en la ciudad de Aguazul \u2015al oriente\u2026","rel":"","context":"In &quot;Noticias Nacionales&quot;","block_context":{"text":"Noticias Nacionales","link":"https:\/\/noticiasya.com\/el-valle\/categoria\/noticias-nacionales"},"img":{"alt_text":"","src":"","width":0,"height":0},"classes":[]},{"id":1460034,"url":"https:\/\/noticiasya.com\/el-valle\/2025\/03\/17\/expansion-tren-aragua-continente-america-orix\/","url_meta":{"origin":1455159,"position":1},"title":"As\u00ed ha sido la expansi\u00f3n del Tren de Aragua en el continente americano","author":"","date":"marzo 17, 2025","format":false,"excerpt":"Lo que inici\u00f3 como una pandilla formada en una c\u00e1rcel de Venezuela se ha extendido a ocho pa\u00edses del continente americano, desde el sur hasta el norte. Es el Tren de Aragua, una banda criminal dedicada al narcotr\u00e1fico, la extorsi\u00f3n, el homicidio y la trata de personas que ahora es\u2026","rel":"","context":"In &quot;Noticias Nacionales&quot;","block_context":{"text":"Noticias Nacionales","link":"https:\/\/noticiasya.com\/el-valle\/categoria\/noticias-nacionales"},"img":{"alt_text":"","src":"","width":0,"height":0},"classes":[]},{"id":1458465,"url":"https:\/\/noticiasya.com\/el-valle\/2025\/02\/08\/detiene-peru-23-presuntos-integrantes-tren-de-aragua-orix\/","url_meta":{"origin":1455159,"position":2},"title":"Detienen en Per\u00fa a 23 presuntos integrantes del Tren de Aragua, en operaci\u00f3n conjunta con EE.UU.","author":"","date":"febrero 8, 2025","format":false,"excerpt":"La Polic\u00eda Nacional de Per\u00fa detuvo a 23 personas, a las que considera posibles integrantes de la banda criminal Tren de Aragua y les atribuye delitos de explotaci\u00f3n sexual, entre otros. La Polic\u00eda inform\u00f3 este s\u00e1bado en un comunicado que en la misma operaci\u00f3n que llev\u00f3 a estos arrestos fueron\u2026","rel":"","context":"In &quot;Noticias Nacionales&quot;","block_context":{"text":"Noticias Nacionales","link":"https:\/\/noticiasya.com\/el-valle\/categoria\/noticias-nacionales"},"img":{"alt_text":"","src":"","width":0,"height":0},"classes":[]},{"id":1465668,"url":"https:\/\/noticiasya.com\/el-valle\/2025\/08\/19\/cargos-narcotrafico-presuntos-lideres-tren-aragua-orix\/","url_meta":{"origin":1455159,"position":3},"title":"EE.UU. anuncia cargos de narcotr\u00e1fico contra 30 personas, entre ellas presuntos l\u00edderes del Tren de Aragua","author":"","date":"agosto 19, 2025","format":false,"excerpt":"El Departamento de Justicia de Estados Unidos anunci\u00f3 este lunes la imputaci\u00f3n de 30 personas por cargos de narcotr\u00e1fico, conspiraci\u00f3n para el sicariato y delitos relacionados con la posesi\u00f3n de armas. Entre los se\u00f1alados hay presuntos integrantes del Tren de Aragua.La Fiscal\u00eda Federal de Colorado inform\u00f3 que un jurado investigador\u2026","rel":"","context":"In &quot;Noticias Nacionales&quot;","block_context":{"text":"Noticias Nacionales","link":"https:\/\/noticiasya.com\/el-valle\/categoria\/noticias-nacionales"},"img":{"alt_text":"","src":"","width":0,"height":0},"classes":[]},{"id":1460250,"url":"https:\/\/noticiasya.com\/el-valle\/2025\/03\/21\/ice-arrestos-400-presuntos-miembros-tren-de-aragua-trax\/","url_meta":{"origin":1455159,"position":4},"title":"ICE ha arrestado a casi 400 presuntos miembros del Tren de Aragua desde que Trump asumi\u00f3 el cargo, dice director interno","author":"","date":"marzo 21, 2025","format":false,"excerpt":"El director interino del Servicio de Inmigraci\u00f3n y Control de Aduanas de EE.UU. (ICE, por sus siglas en ingl\u00e9s) dijo este viernes que la agencia y sus socios locales han arrestado a casi 400 presuntos miembros de la pandilla venezolana Tren de Aragua desde que el presidente Trump asumi\u00f3 el\u2026","rel":"","context":"In &quot;Noticias Nacionales&quot;","block_context":{"text":"Noticias Nacionales","link":"https:\/\/noticiasya.com\/el-valle\/categoria\/noticias-nacionales"},"img":{"alt_text":"","src":"","width":0,"height":0},"classes":[]},{"id":1464622,"url":"https:\/\/noticiasya.com\/el-valle\/2025\/07\/17\/estados-unidos-nino-guerrero-tren-aragua-orix\/","url_meta":{"origin":1455159,"position":5},"title":"EE.UU. sanciona a &#171;Ni\u00f1o Guerrero&#187; y a otros cinco presuntos miembros del Tren de Aragua","author":"","date":"julio 17, 2025","format":false,"excerpt":"El Departamento del Tesoro de Estados Unidos impuso este jueves sanciones econ\u00f3micas contra H\u00e9ctor Rusthenford Guerrero Flores, alias \u201cNi\u00f1o Guerrero\u201d \u2014se\u00f1alado como el l\u00edder del Tren de Aragua\u2014 y como a otros cinco ciudadanos venezolanos, tambi\u00e9n acusados de pertenecer a la organizaci\u00f3n criminal.\u201c\u2018Ni\u00f1o Guerrero\u2019 ha hecho que el Tren de\u2026","rel":"","context":"In &quot;Noticias Nacionales&quot;","block_context":{"text":"Noticias Nacionales","link":"https:\/\/noticiasya.com\/el-valle\/categoria\/noticias-nacionales"},"img":{"alt_text":"","src":"","width":0,"height":0},"classes":[]}],"jetpack_sharing_enabled":true,"_links":{"self":[{"href":"https:\/\/noticiasya.com\/el-valle\/wp-json\/wp\/v2\/posts\/1455159","targetHints":{"allow":["GET"]}}],"collection":[{"href":"https:\/\/noticiasya.com\/el-valle\/wp-json\/wp\/v2\/posts"}],"about":[{"href":"https:\/\/noticiasya.com\/el-valle\/wp-json\/wp\/v2\/types\/post"}],"replies":[{"embeddable":true,"href":"https:\/\/noticiasya.com\/el-valle\/wp-json\/wp\/v2\/comments?post=1455159"}],"version-history":[{"count":0,"href":"https:\/\/noticiasya.com\/el-valle\/wp-json\/wp\/v2\/posts\/1455159\/revisions"}],"wp:attachment":[{"href":"https:\/\/noticiasya.com\/el-valle\/wp-json\/wp\/v2\/media?parent=1455159"}],"wp:term":[{"taxonomy":"category","embeddable":true,"href":"https:\/\/noticiasya.com\/el-valle\/wp-json\/wp\/v2\/categories?post=1455159"},{"taxonomy":"post_tag","embeddable":true,"href":"https:\/\/noticiasya.com\/el-valle\/wp-json\/wp\/v2\/tags?post=1455159"}],"curies":[{"name":"wp","href":"https:\/\/api.w.org\/{rel}","templated":true}]}}