{"id":1455188,"date":"2024-10-17T06:03:50","date_gmt":"2024-10-17T13:03:50","guid":{"rendered":"https:\/\/noticiasya.com\/2024\/10\/17\/senado-mexico-reforma-oficialista-pemex-cfe-empresas-publicas-estatales-orix\/"},"modified":"2024-10-17T06:03:50","modified_gmt":"2024-10-17T13:03:50","slug":"senado-mexico-reforma-oficialista-pemex-cfe-empresas-publicas-estatales-orix","status":"publish","type":"post","link":"https:\/\/noticiasya.com\/el-valle\/2024\/10\/17\/senado-mexico-reforma-oficialista-pemex-cfe-empresas-publicas-estatales-orix\/","title":{"rendered":"Senado de M\u00e9xico aprueba reforma oficialista sobre el sector energ\u00e9tico: Pemex y CFE volver\u00edan a ser empresas p\u00fablicas estatales"},"content":{"rendered":"<p>(CNN Espa\u00f1ol) &#8212; El pleno del Senado de M\u00e9xico aprob\u00f3 este jueves la iniciativa de reforma constitucional en materia energ\u00e9tica que da prioridad al Estado en la generaci\u00f3n de energ\u00eda el\u00e9ctrica. La reforma ahora pasa a congresos estatales para su votaci\u00f3n.<\/p>\n<p>El Senado inform\u00f3 a trav\u00e9s de su cuenta en X\u00a0este jueves que el pleno de la C\u00e1mara aprob\u00f3, en lo general y en lo particular por 86 votos y 39 en contra, el decreto que modifica los art\u00edculos 25, 27 y 28 de la Constituci\u00f3n, otorga al Estado la responsabilidad de la transici\u00f3n energ\u00e9tica hacia fuentes renovables, y establece que Petr\u00f3leos Mexicanos (Pemex) y Comisi\u00f3n Federal de Electricidad (CFE) vuelvan a considerarse empresas p\u00fablicas estatales.<\/p>\n<p>Senado de M\u00e9xico debate la reforma oficialista que fortalece el control estatal del sector energ\u00e9tico<\/p>\n<p>Adem\u00e1s, queda establecido que \u201cen ning\u00fan caso\u201d, las empresas privadas prevalecer\u00e1n sobre la estatal en diversas actividades de la industria el\u00e9ctrica. \u00a0Y que, en el caso del litio, no se otorgar\u00e1n concesiones a los privados.<\/p>\n<p>Asimismo, se establece que la CFE deber\u00e1 proveer electricidad al menos precio posible evitando el lucro para garantizar la seguridad nacional y la soberan\u00eda energ\u00e9tica del pa\u00eds.<\/p>\n<p>The-CNN-Wire<br \/>&trade; &amp; &copy; 2024 Cable News Network, Inc., a Warner Bros. Discovery Company. All rights reserved.<\/p>\n","protected":false},"excerpt":{"rendered":"<p>(CNN Espa\u00f1ol) &#8212; El pleno del Senado de M\u00e9xico aprob\u00f3 este jueves la iniciativa de reforma constitucional en materia energ\u00e9tica que da prioridad al Estado en la generaci\u00f3n de energ\u00eda el\u00e9ctrica. La reforma ahora pasa a congresos estatales para su votaci\u00f3n. El Senado inform\u00f3 a trav\u00e9s de su cuenta en X\u00a0este jueves que el pleno [&hellip;]<\/p>\n","protected":false},"author":0,"featured_media":0,"comment_status":"open","ping_status":"open","sticky":false,"template":"","format":"standard","meta":{"_jetpack_memberships_contains_paid_content":false,"footnotes":""},"categories":[10],"tags":[],"class_list":["post-1455188","post","type-post","status-publish","format-standard","hentry","category-noticias-nacionales","market-global"],"yoast_head":"<!-- This site is optimized with the Yoast SEO plugin v24.4 - https:\/\/yoast.com\/wordpress\/plugins\/seo\/ -->\n<title>Senado de M\u00e9xico aprueba reforma oficialista sobre el sector energ\u00e9tico: Pemex y CFE volver\u00edan a ser empresas p\u00fablicas estatales - Noticias<\/title>\n<meta name=\"robots\" content=\"index, follow, max-snippet:-1, max-image-preview:large, max-video-preview:-1\" \/>\n<link rel=\"canonical\" href=\"https:\/\/noticiasya.com\/2024\/10\/17\/senado-mexico-reforma-oficialista-pemex-cfe-empresas-publicas-estatales-orix\/\" \/>\n<meta property=\"og:locale\" content=\"es_ES\" \/>\n<meta property=\"og:type\" content=\"article\" \/>\n<meta property=\"og:title\" content=\"Senado de M\u00e9xico aprueba reforma oficialista sobre el sector energ\u00e9tico: Pemex y CFE volver\u00edan a ser empresas p\u00fablicas estatales - Noticias\" \/>\n<meta property=\"og:description\" content=\"(CNN Espa\u00f1ol) &#8212; El pleno del Senado de M\u00e9xico aprob\u00f3 este jueves la iniciativa de reforma constitucional en materia energ\u00e9tica que da prioridad al Estado en la generaci\u00f3n de energ\u00eda el\u00e9ctrica. La reforma ahora pasa a congresos estatales para su votaci\u00f3n. El Senado inform\u00f3 a trav\u00e9s de su cuenta en X\u00a0este jueves que el pleno [&hellip;]\" \/>\n<meta property=\"og:url\" content=\"https:\/\/noticiasya.com\/2024\/10\/17\/senado-mexico-reforma-oficialista-pemex-cfe-empresas-publicas-estatales-orix\/\" \/>\n<meta property=\"og:site_name\" content=\"Noticias\" \/>\n<meta property=\"article:published_time\" content=\"2024-10-17T13:03:50+00:00\" \/>\n<meta name=\"twitter:card\" content=\"summary_large_image\" \/>\n<meta name=\"twitter:label1\" content=\"Est. reading time\" \/>\n\t<meta name=\"twitter:data1\" content=\"1 minuto\" \/>\n<script type=\"application\/ld+json\" class=\"yoast-schema-graph\">{\"@context\":\"https:\/\/schema.org\",\"@graph\":[{\"@type\":\"Article\",\"@id\":\"https:\/\/noticiasya.com\/2024\/10\/17\/senado-mexico-reforma-oficialista-pemex-cfe-empresas-publicas-estatales-orix\/#article\",\"isPartOf\":{\"@id\":\"https:\/\/noticiasya.com\/2024\/10\/17\/senado-mexico-reforma-oficialista-pemex-cfe-empresas-publicas-estatales-orix\/\"},\"author\":{\"name\":\"\",\"@id\":\"\"},\"headline\":\"Senado de M\u00e9xico aprueba reforma oficialista sobre el sector energ\u00e9tico: Pemex y CFE volver\u00edan a ser empresas p\u00fablicas estatales\",\"datePublished\":\"2024-10-17T13:03:50+00:00\",\"mainEntityOfPage\":{\"@id\":\"https:\/\/noticiasya.com\/2024\/10\/17\/senado-mexico-reforma-oficialista-pemex-cfe-empresas-publicas-estatales-orix\/\"},\"wordCount\":254,\"commentCount\":0,\"publisher\":{\"@id\":\"https:\/\/noticiasya.com\/#organization\"},\"articleSection\":[\"Noticias Nacionales\"],\"inLanguage\":\"es\",\"potentialAction\":[{\"@type\":\"CommentAction\",\"name\":\"Comment\",\"target\":[\"https:\/\/noticiasya.com\/2024\/10\/17\/senado-mexico-reforma-oficialista-pemex-cfe-empresas-publicas-estatales-orix\/#respond\"]}]},{\"@type\":\"WebPage\",\"@id\":\"https:\/\/noticiasya.com\/2024\/10\/17\/senado-mexico-reforma-oficialista-pemex-cfe-empresas-publicas-estatales-orix\/\",\"url\":\"https:\/\/noticiasya.com\/2024\/10\/17\/senado-mexico-reforma-oficialista-pemex-cfe-empresas-publicas-estatales-orix\/\",\"name\":\"Senado de M\u00e9xico aprueba reforma oficialista sobre el sector energ\u00e9tico: Pemex y CFE volver\u00edan a ser empresas p\u00fablicas estatales - Noticias\",\"isPartOf\":{\"@id\":\"https:\/\/noticiasya.com\/#website\"},\"datePublished\":\"2024-10-17T13:03:50+00:00\",\"breadcrumb\":{\"@id\":\"https:\/\/noticiasya.com\/2024\/10\/17\/senado-mexico-reforma-oficialista-pemex-cfe-empresas-publicas-estatales-orix\/#breadcrumb\"},\"inLanguage\":\"es\",\"potentialAction\":[{\"@type\":\"ReadAction\",\"target\":[\"https:\/\/noticiasya.com\/2024\/10\/17\/senado-mexico-reforma-oficialista-pemex-cfe-empresas-publicas-estatales-orix\/\"]}]},{\"@type\":\"BreadcrumbList\",\"@id\":\"https:\/\/noticiasya.com\/2024\/10\/17\/senado-mexico-reforma-oficialista-pemex-cfe-empresas-publicas-estatales-orix\/#breadcrumb\",\"itemListElement\":[{\"@type\":\"ListItem\",\"position\":1,\"name\":\"Home\",\"item\":\"https:\/\/noticiasya.com\/\"},{\"@type\":\"ListItem\",\"position\":2,\"name\":\"Senado de M\u00e9xico aprueba reforma oficialista sobre el sector energ\u00e9tico: Pemex y CFE volver\u00edan a ser empresas p\u00fablicas estatales\"}]},{\"@type\":\"WebSite\",\"@id\":\"https:\/\/noticiasya.com\/#website\",\"url\":\"https:\/\/noticiasya.com\/\",\"name\":\"Noticias\",\"description\":\"Lo que importa\",\"publisher\":{\"@id\":\"https:\/\/noticiasya.com\/#organization\"},\"potentialAction\":[{\"@type\":\"SearchAction\",\"target\":{\"@type\":\"EntryPoint\",\"urlTemplate\":\"https:\/\/noticiasya.com\/?s={search_term_string}\"},\"query-input\":{\"@type\":\"PropertyValueSpecification\",\"valueRequired\":true,\"valueName\":\"search_term_string\"}}],\"inLanguage\":\"es\"},{\"@type\":\"Organization\",\"@id\":\"https:\/\/noticiasya.com\/#organization\",\"name\":\"Noticias\",\"url\":\"https:\/\/noticiasya.com\/\",\"logo\":{\"@type\":\"ImageObject\",\"inLanguage\":\"es\",\"@id\":\"https:\/\/noticiasya.com\/#\/schema\/logo\/image\/\",\"url\":\"https:\/\/noticiasya.com\/wp-content\/uploads\/sites\/22\/2023\/12\/logo-nacional.png\",\"contentUrl\":\"https:\/\/noticiasya.com\/wp-content\/uploads\/sites\/22\/2023\/12\/logo-nacional.png\",\"width\":1801,\"height\":691,\"caption\":\"Noticias\"},\"image\":{\"@id\":\"https:\/\/noticiasya.com\/#\/schema\/logo\/image\/\"}}]}<\/script>\n<!-- \/ Yoast SEO plugin. -->","yoast_head_json":{"title":"Senado de M\u00e9xico aprueba reforma oficialista sobre el sector energ\u00e9tico: Pemex y CFE volver\u00edan a ser empresas p\u00fablicas estatales - Noticias","robots":{"index":"index","follow":"follow","max-snippet":"max-snippet:-1","max-image-preview":"max-image-preview:large","max-video-preview":"max-video-preview:-1"},"canonical":"https:\/\/noticiasya.com\/2024\/10\/17\/senado-mexico-reforma-oficialista-pemex-cfe-empresas-publicas-estatales-orix\/","og_locale":"es_ES","og_type":"article","og_title":"Senado de M\u00e9xico aprueba reforma oficialista sobre el sector energ\u00e9tico: Pemex y CFE volver\u00edan a ser empresas p\u00fablicas estatales - Noticias","og_description":"(CNN Espa\u00f1ol) &#8212; El pleno del Senado de M\u00e9xico aprob\u00f3 este jueves la iniciativa de reforma constitucional en materia energ\u00e9tica que da prioridad al Estado en la generaci\u00f3n de energ\u00eda el\u00e9ctrica. La reforma ahora pasa a congresos estatales para su votaci\u00f3n. El Senado inform\u00f3 a trav\u00e9s de su cuenta en X\u00a0este jueves que el pleno [&hellip;]","og_url":"https:\/\/noticiasya.com\/2024\/10\/17\/senado-mexico-reforma-oficialista-pemex-cfe-empresas-publicas-estatales-orix\/","og_site_name":"Noticias","article_published_time":"2024-10-17T13:03:50+00:00","twitter_card":"summary_large_image","twitter_misc":{"Est. reading time":"1 minuto"},"schema":{"@context":"https:\/\/schema.org","@graph":[{"@type":"Article","@id":"https:\/\/noticiasya.com\/2024\/10\/17\/senado-mexico-reforma-oficialista-pemex-cfe-empresas-publicas-estatales-orix\/#article","isPartOf":{"@id":"https:\/\/noticiasya.com\/2024\/10\/17\/senado-mexico-reforma-oficialista-pemex-cfe-empresas-publicas-estatales-orix\/"},"author":{"name":"","@id":""},"headline":"Senado de M\u00e9xico aprueba reforma oficialista sobre el sector energ\u00e9tico: Pemex y CFE volver\u00edan a ser empresas p\u00fablicas estatales","datePublished":"2024-10-17T13:03:50+00:00","mainEntityOfPage":{"@id":"https:\/\/noticiasya.com\/2024\/10\/17\/senado-mexico-reforma-oficialista-pemex-cfe-empresas-publicas-estatales-orix\/"},"wordCount":254,"commentCount":0,"publisher":{"@id":"https:\/\/noticiasya.com\/#organization"},"articleSection":["Noticias Nacionales"],"inLanguage":"es","potentialAction":[{"@type":"CommentAction","name":"Comment","target":["https:\/\/noticiasya.com\/2024\/10\/17\/senado-mexico-reforma-oficialista-pemex-cfe-empresas-publicas-estatales-orix\/#respond"]}]},{"@type":"WebPage","@id":"https:\/\/noticiasya.com\/2024\/10\/17\/senado-mexico-reforma-oficialista-pemex-cfe-empresas-publicas-estatales-orix\/","url":"https:\/\/noticiasya.com\/2024\/10\/17\/senado-mexico-reforma-oficialista-pemex-cfe-empresas-publicas-estatales-orix\/","name":"Senado de M\u00e9xico aprueba reforma oficialista sobre el sector energ\u00e9tico: Pemex y CFE volver\u00edan a ser empresas p\u00fablicas estatales - Noticias","isPartOf":{"@id":"https:\/\/noticiasya.com\/#website"},"datePublished":"2024-10-17T13:03:50+00:00","breadcrumb":{"@id":"https:\/\/noticiasya.com\/2024\/10\/17\/senado-mexico-reforma-oficialista-pemex-cfe-empresas-publicas-estatales-orix\/#breadcrumb"},"inLanguage":"es","potentialAction":[{"@type":"ReadAction","target":["https:\/\/noticiasya.com\/2024\/10\/17\/senado-mexico-reforma-oficialista-pemex-cfe-empresas-publicas-estatales-orix\/"]}]},{"@type":"BreadcrumbList","@id":"https:\/\/noticiasya.com\/2024\/10\/17\/senado-mexico-reforma-oficialista-pemex-cfe-empresas-publicas-estatales-orix\/#breadcrumb","itemListElement":[{"@type":"ListItem","position":1,"name":"Home","item":"https:\/\/noticiasya.com\/"},{"@type":"ListItem","position":2,"name":"Senado de M\u00e9xico aprueba reforma oficialista sobre el sector energ\u00e9tico: Pemex y CFE volver\u00edan a ser empresas p\u00fablicas estatales"}]},{"@type":"WebSite","@id":"https:\/\/noticiasya.com\/#website","url":"https:\/\/noticiasya.com\/","name":"Noticias","description":"Lo que importa","publisher":{"@id":"https:\/\/noticiasya.com\/#organization"},"potentialAction":[{"@type":"SearchAction","target":{"@type":"EntryPoint","urlTemplate":"https:\/\/noticiasya.com\/?s={search_term_string}"},"query-input":{"@type":"PropertyValueSpecification","valueRequired":true,"valueName":"search_term_string"}}],"inLanguage":"es"},{"@type":"Organization","@id":"https:\/\/noticiasya.com\/#organization","name":"Noticias","url":"https:\/\/noticiasya.com\/","logo":{"@type":"ImageObject","inLanguage":"es","@id":"https:\/\/noticiasya.com\/#\/schema\/logo\/image\/","url":"https:\/\/noticiasya.com\/wp-content\/uploads\/sites\/22\/2023\/12\/logo-nacional.png","contentUrl":"https:\/\/noticiasya.com\/wp-content\/uploads\/sites\/22\/2023\/12\/logo-nacional.png","width":1801,"height":691,"caption":"Noticias"},"image":{"@id":"https:\/\/noticiasya.com\/#\/schema\/logo\/image\/"}}]}},"parsely":{"version":"1.1.0","canonical_url":"https:\/\/noticiasya.com\/el-valle\/2024\/10\/17\/senado-mexico-reforma-oficialista-pemex-cfe-empresas-publicas-estatales-orix\/","smart_links":{"inbound":0,"outbound":0},"traffic_boost_suggestions_count":0,"meta":{"@context":"https:\/\/schema.org","@type":"NewsArticle","headline":"Senado de M\u00e9xico aprueba reforma oficialista sobre el sector energ\u00e9tico: Pemex y CFE volver\u00edan a ser empresas p\u00fablicas estatales","url":"http:\/\/noticiasya.com\/el-valle\/2024\/10\/17\/senado-mexico-reforma-oficialista-pemex-cfe-empresas-publicas-estatales-orix\/","mainEntityOfPage":{"@type":"WebPage","@id":"http:\/\/noticiasya.com\/el-valle\/2024\/10\/17\/senado-mexico-reforma-oficialista-pemex-cfe-empresas-publicas-estatales-orix\/"},"thumbnailUrl":"","image":{"@type":"ImageObject","url":""},"articleSection":"Noticias Nacionales","author":[],"creator":[],"publisher":{"@type":"Organization","name":"Noticias","logo":""},"keywords":[],"dateCreated":"2024-10-17T13:03:50Z","datePublished":"2024-10-17T13:03:50Z","dateModified":"2024-10-17T13:03:50Z"},"rendered":"<script type=\"application\/ld+json\" class=\"wp-parsely-metadata\">{\"@context\":\"https:\\\/\\\/schema.org\",\"@type\":\"NewsArticle\",\"headline\":\"Senado de M\\u00e9xico aprueba reforma oficialista sobre el sector energ\\u00e9tico: Pemex y CFE volver\\u00edan a ser empresas p\\u00fablicas estatales\",\"url\":\"http:\\\/\\\/noticiasya.com\\\/el-valle\\\/2024\\\/10\\\/17\\\/senado-mexico-reforma-oficialista-pemex-cfe-empresas-publicas-estatales-orix\\\/\",\"mainEntityOfPage\":{\"@type\":\"WebPage\",\"@id\":\"http:\\\/\\\/noticiasya.com\\\/el-valle\\\/2024\\\/10\\\/17\\\/senado-mexico-reforma-oficialista-pemex-cfe-empresas-publicas-estatales-orix\\\/\"},\"thumbnailUrl\":\"\",\"image\":{\"@type\":\"ImageObject\",\"url\":\"\"},\"articleSection\":\"Noticias Nacionales\",\"author\":[],\"creator\":[],\"publisher\":{\"@type\":\"Organization\",\"name\":\"Noticias\",\"logo\":\"\"},\"keywords\":[],\"dateCreated\":\"2024-10-17T13:03:50Z\",\"datePublished\":\"2024-10-17T13:03:50Z\",\"dateModified\":\"2024-10-17T13:03:50Z\"}<\/script>","tracker_url":"https:\/\/cdn.parsely.com\/keys\/noticiasya.com\/p.js"},"jetpack_featured_media_url":"","jetpack-related-posts":[{"id":1455176,"url":"https:\/\/noticiasya.com\/el-valle\/2024\/10\/16\/senado-mexicano-reforma-constitucional-control-estatal-sector-energetico-orix\/","url_meta":{"origin":1455188,"position":0},"title":"Senado de M\u00e9xico debate la reforma oficialista que fortalece el control estatal del sector energ\u00e9tico","author":"","date":"octubre 16, 2024","format":false,"excerpt":"(CNN Espa\u00f1ol) --\u00a0El pleno del Senado de M\u00e9xico debate este mi\u00e9rcoles la iniciativa de reforma constitucional en materia energ\u00e9tica que da prioridad al Estado en la generaci\u00f3n de energ\u00eda el\u00e9ctrica. El proyecto ya fue aprobado en la C\u00e1mara de Diputados el 9 de octubre.La reforma, que modifica los art\u00edculos 25,\u2026","rel":"","context":"In &quot;Noticias Nacionales&quot;","block_context":{"text":"Noticias Nacionales","link":"https:\/\/noticiasya.com\/el-valle\/categoria\/noticias-nacionales"},"img":{"alt_text":"","src":"","width":0,"height":0},"classes":[]},{"id":1455033,"url":"https:\/\/noticiasya.com\/el-valle\/2024\/10\/10\/senado-mexico-aprueba-reglas-eleccion-judicial-orix\/","url_meta":{"origin":1455188,"position":1},"title":"Senado de M\u00e9xico aprueba las reglas para la elecci\u00f3n judicial en 2025","author":"","date":"octubre 10, 2024","format":false,"excerpt":"(CNN Espa\u00f1ol) \u2013\u2013 La C\u00e1mara de Senadores de M\u00e9xico aprob\u00f3 este jueves en lo general y particular el dictamen que modifica leyes secundarias de la ya promulgada reforma judicial enviadas el 7 de octubre por la presidenta de M\u00e9xico, Claudia Sheinbaum. El dictamen aprobado establece el proceso a seguir para\u2026","rel":"","context":"In &quot;Noticias Nacionales&quot;","block_context":{"text":"Noticias Nacionales","link":"https:\/\/noticiasya.com\/el-valle\/categoria\/noticias-nacionales"},"img":{"alt_text":"","src":"","width":0,"height":0},"classes":[]},{"id":1455987,"url":"https:\/\/noticiasya.com\/el-valle\/2024\/11\/20\/comisionados-mexico-riesgos-eliminan-organos-autonomos-orix\/","url_meta":{"origin":1455188,"position":2},"title":"Comisionados de transparencia de M\u00e9xico advierten riesgos si se eliminan \u00f3rganos aut\u00f3nomos","author":"","date":"noviembre 20, 2024","format":false,"excerpt":"(CNN Espa\u00f1ol) \u2013\u2013 El Pleno del Instituto Nacional de Transparencia, Acceso a la Informaci\u00f3n y Protecci\u00f3n de Datos Personales de M\u00e9xico (INAI) consider\u00f3 este mi\u00e9rcoles que la reforma en discusi\u00f3n en la C\u00e1mara de Diputados que busca eliminar siete \u00f3rganos aut\u00f3nomos \u2015incluido el INAI\u2015 atenta contra los derechos primordiales de\u2026","rel":"","context":"In &quot;Noticias Nacionales&quot;","block_context":{"text":"Noticias Nacionales","link":"https:\/\/noticiasya.com\/el-valle\/categoria\/noticias-nacionales"},"img":{"alt_text":"","src":"","width":0,"height":0},"classes":[]},{"id":1457020,"url":"https:\/\/noticiasya.com\/el-valle\/2024\/12\/27\/sheinbaum-20-reformas-proximo-periodo-legislativo-orix\/","url_meta":{"origin":1455188,"position":3},"title":"Sheinbaum dice que presentar\u00e1 &#171;alrededor de 20&#187; reformas en el pr\u00f3ximo periodo legislativo","author":"","date":"diciembre 27, 2024","format":false,"excerpt":"La presidenta de M\u00e9xico, Claudia Sheinbaum Pardo, dijo el jueves que su Gobierno presentar\u00e1 \u201calrededor de 20\u201d reformas en el pr\u00f3ximo periodo de sesiones del Congreso del pa\u00eds, el cual inicia el 1 de febrero de 2025.Sheinbaum indic\u00f3 que varias de estas reformas ser\u00e1n legales, pues se centrar\u00e1n en las\u2026","rel":"","context":"In &quot;Noticias Nacionales&quot;","block_context":{"text":"Noticias Nacionales","link":"https:\/\/noticiasya.com\/el-valle\/categoria\/noticias-nacionales"},"img":{"alt_text":"","src":"","width":0,"height":0},"classes":[]},{"id":1458396,"url":"https:\/\/noticiasya.com\/el-valle\/2025\/02\/07\/suprema-corte-rechaza-candidatos-eleccion-judicial-orix\/","url_meta":{"origin":1455188,"position":4},"title":"Suprema Corte de M\u00e9xico rechaza a casi 1.000 candidatos a Elecci\u00f3n Judicial seleccionados por el Senado mediante sorteo","author":"","date":"febrero 7, 2025","format":false,"excerpt":"La Suprema Corte de Justicia de M\u00e9xico rechaz\u00f3 este jueves un listado de casi 1.000 aspirantes a personas juzgadoras que le envi\u00f3 el Senado mexicano para la Elecci\u00f3n Judicial del pr\u00f3ximo 1 de junio, y que result\u00f3 del proceso de insaculaci\u00f3n o sorteo realizado por la Mesa Directiva de la\u2026","rel":"","context":"In &quot;Noticias Nacionales&quot;","block_context":{"text":"Noticias Nacionales","link":"https:\/\/noticiasya.com\/el-valle\/categoria\/noticias-nacionales"},"img":{"alt_text":"","src":"","width":0,"height":0},"classes":[]},{"id":1472585,"url":"https:\/\/noticiasya.com\/el-valle\/2026\/03\/26\/senado-aprueba-plan-b-reforma-electoral-sheinbaum-cambio-revocacion-mandato-orix\/","url_meta":{"origin":1455188,"position":5},"title":"Senado aprueba el &#171;plan B&#187; de reforma electoral de Sheinbaum con un cambio respecto a la revocaci\u00f3n de mandato","author":"","date":"marzo 26, 2026","format":false,"excerpt":"El Senado de M\u00e9xico aprob\u00f3 este mi\u00e9rcoles por la noche el \u201cplan B\u201d de reforma electoral de la presidenta Claudia Sheinbaum, con una sola modificaci\u00f3n respecto a la revocaci\u00f3n de mandato presidencial.El dictamen del proyecto de Sheinbaum, que busca realizar modificaciones en algunos art\u00edculos de la Constituci\u00f3n, fue aprobado por\u2026","rel":"","context":"In &quot;Noticias Nacionales&quot;","block_context":{"text":"Noticias Nacionales","link":"https:\/\/noticiasya.com\/el-valle\/categoria\/noticias-nacionales"},"img":{"alt_text":"","src":"","width":0,"height":0},"classes":[]}],"jetpack_sharing_enabled":true,"_links":{"self":[{"href":"https:\/\/noticiasya.com\/el-valle\/wp-json\/wp\/v2\/posts\/1455188","targetHints":{"allow":["GET"]}}],"collection":[{"href":"https:\/\/noticiasya.com\/el-valle\/wp-json\/wp\/v2\/posts"}],"about":[{"href":"https:\/\/noticiasya.com\/el-valle\/wp-json\/wp\/v2\/types\/post"}],"replies":[{"embeddable":true,"href":"https:\/\/noticiasya.com\/el-valle\/wp-json\/wp\/v2\/comments?post=1455188"}],"version-history":[{"count":0,"href":"https:\/\/noticiasya.com\/el-valle\/wp-json\/wp\/v2\/posts\/1455188\/revisions"}],"wp:attachment":[{"href":"https:\/\/noticiasya.com\/el-valle\/wp-json\/wp\/v2\/media?parent=1455188"}],"wp:term":[{"taxonomy":"category","embeddable":true,"href":"https:\/\/noticiasya.com\/el-valle\/wp-json\/wp\/v2\/categories?post=1455188"},{"taxonomy":"post_tag","embeddable":true,"href":"https:\/\/noticiasya.com\/el-valle\/wp-json\/wp\/v2\/tags?post=1455188"}],"curies":[{"name":"wp","href":"https:\/\/api.w.org\/{rel}","templated":true}]}}