{"id":1455295,"date":"2024-10-22T11:04:21","date_gmt":"2024-10-22T18:04:21","guid":{"rendered":"https:\/\/noticiasya.com\/2024\/10\/22\/sheinbaum-no-antecedentes-juez-eliminar-diario-oficial-orix\/"},"modified":"2024-10-22T11:04:21","modified_gmt":"2024-10-22T18:04:21","slug":"sheinbaum-no-antecedentes-juez-eliminar-diario-oficial-orix","status":"publish","type":"post","link":"https:\/\/noticiasya.com\/el-valle\/2024\/10\/22\/sheinbaum-no-antecedentes-juez-eliminar-diario-oficial-orix\/","title":{"rendered":"Sheinbaum: &#171;No hay antecedentes de que un juez haya pedido eliminar algo del Diario Oficial de la Federaci\u00f3n&#187;"},"content":{"rendered":"<p>(CNN Espa\u00f1ol) &#8212; La presidenta de M\u00e9xico Claudia Sheinbaum volvi\u00f3 a ratificar este martes la publicaci\u00f3n oficial de la reforma judicial. &#171;No hay antecedentes de que un juez haya pedido eliminar algo del Diario Oficial de la Federaci\u00f3n&#187;, dijo la mandataria en su rueda de prensa matutina.<\/p>\n<p>&#171;\u00bfLa se\u00f1ora jueza est\u00e1 pidiendo mutilar un diario oficial?&#187;, se pregunt\u00f3 Sheinbaum.<\/p>\n<p>Sheinbaum dijo que los jueces \u201cest\u00e1n en su derecho\u201d de tener conferencias de prensa<\/p>\n<p>El jueves, la jueza Nancy Ju\u00e1rez Salas, del D\u00e9cimo Noveno juzgado de distrito de Veracruz resolvi\u00f3 que la Presidencia incumpli\u00f3 la suspensi\u00f3n provisional que le orden\u00f3 no publicar en el DOF la reforma judicial.<\/p>\n<p>Sheinbaum critic\u00f3 a la jueza y dijo que ese pedido significaba &#171;arrancar la constituci\u00f3n&#187;.<\/p>\n<p>La mandataria enfatiz\u00f3 que los amparos, como el presentado en este caso, no aplican a las reformas constitucionales. A\u00f1adi\u00f3 que el Ejecutivo a\u00fan no ha sido notificado de dicha orden de quitar la reforma judicial del DOF.<\/p>\n<p>CNN intent\u00f3 contactarse con la jueza Ju\u00e1rez Salas pero a\u00fan no ha obtenido respuesta.<\/p>\n<p>La presidenta dijo la semana pasada que presentar\u00edan una denuncia contra la magistrada ante el Consejo de la Judicatura para que su accionar \u201cno quede en la impunidad\u201d.<\/p>\n<p>The-CNN-Wire<br \/>&trade; &amp; &copy; 2024 Cable News Network, Inc., a Warner Bros. Discovery Company. All rights reserved.<\/p>\n","protected":false},"excerpt":{"rendered":"<p>(CNN Espa\u00f1ol) &#8212; La presidenta de M\u00e9xico Claudia Sheinbaum volvi\u00f3 a ratificar este martes la publicaci\u00f3n oficial de la reforma judicial. &#171;No hay antecedentes de que un juez haya pedido eliminar algo del Diario Oficial de la Federaci\u00f3n&#187;, dijo la mandataria en su rueda de prensa matutina. &#171;\u00bfLa se\u00f1ora jueza est\u00e1 pidiendo mutilar un diario [&hellip;]<\/p>\n","protected":false},"author":0,"featured_media":0,"comment_status":"open","ping_status":"open","sticky":false,"template":"","format":"standard","meta":{"_jetpack_memberships_contains_paid_content":false,"footnotes":""},"categories":[10],"tags":[],"class_list":["post-1455295","post","type-post","status-publish","format-standard","hentry","category-noticias-nacionales","market-global"],"yoast_head":"<!-- This site is optimized with the Yoast SEO plugin v24.4 - https:\/\/yoast.com\/wordpress\/plugins\/seo\/ -->\n<title>Sheinbaum: &quot;No hay antecedentes de que un juez haya pedido eliminar algo del Diario Oficial de la Federaci\u00f3n&quot; - Noticias<\/title>\n<meta name=\"robots\" content=\"index, follow, max-snippet:-1, max-image-preview:large, max-video-preview:-1\" \/>\n<link rel=\"canonical\" href=\"https:\/\/noticiasya.com\/2024\/10\/22\/sheinbaum-no-antecedentes-juez-eliminar-diario-oficial-orix\/\" \/>\n<meta property=\"og:locale\" content=\"es_ES\" \/>\n<meta property=\"og:type\" content=\"article\" \/>\n<meta property=\"og:title\" content=\"Sheinbaum: &quot;No hay antecedentes de que un juez haya pedido eliminar algo del Diario Oficial de la Federaci\u00f3n&quot; - Noticias\" \/>\n<meta property=\"og:description\" content=\"(CNN Espa\u00f1ol) &#8212; La presidenta de M\u00e9xico Claudia Sheinbaum volvi\u00f3 a ratificar este martes la publicaci\u00f3n oficial de la reforma judicial. &#171;No hay antecedentes de que un juez haya pedido eliminar algo del Diario Oficial de la Federaci\u00f3n&#187;, dijo la mandataria en su rueda de prensa matutina. &#171;\u00bfLa se\u00f1ora jueza est\u00e1 pidiendo mutilar un diario [&hellip;]\" \/>\n<meta property=\"og:url\" content=\"https:\/\/noticiasya.com\/2024\/10\/22\/sheinbaum-no-antecedentes-juez-eliminar-diario-oficial-orix\/\" \/>\n<meta property=\"og:site_name\" content=\"Noticias\" \/>\n<meta property=\"article:published_time\" content=\"2024-10-22T18:04:21+00:00\" \/>\n<meta name=\"twitter:card\" content=\"summary_large_image\" \/>\n<meta name=\"twitter:label1\" content=\"Est. reading time\" \/>\n\t<meta name=\"twitter:data1\" content=\"1 minuto\" \/>\n<script type=\"application\/ld+json\" class=\"yoast-schema-graph\">{\"@context\":\"https:\/\/schema.org\",\"@graph\":[{\"@type\":\"Article\",\"@id\":\"https:\/\/noticiasya.com\/2024\/10\/22\/sheinbaum-no-antecedentes-juez-eliminar-diario-oficial-orix\/#article\",\"isPartOf\":{\"@id\":\"https:\/\/noticiasya.com\/2024\/10\/22\/sheinbaum-no-antecedentes-juez-eliminar-diario-oficial-orix\/\"},\"author\":{\"name\":\"\",\"@id\":\"\"},\"headline\":\"Sheinbaum: &#171;No hay antecedentes de que un juez haya pedido eliminar algo del Diario Oficial de la Federaci\u00f3n&#187;\",\"datePublished\":\"2024-10-22T18:04:21+00:00\",\"mainEntityOfPage\":{\"@id\":\"https:\/\/noticiasya.com\/2024\/10\/22\/sheinbaum-no-antecedentes-juez-eliminar-diario-oficial-orix\/\"},\"wordCount\":250,\"commentCount\":0,\"publisher\":{\"@id\":\"https:\/\/noticiasya.com\/#organization\"},\"articleSection\":[\"Noticias Nacionales\"],\"inLanguage\":\"es\",\"potentialAction\":[{\"@type\":\"CommentAction\",\"name\":\"Comment\",\"target\":[\"https:\/\/noticiasya.com\/2024\/10\/22\/sheinbaum-no-antecedentes-juez-eliminar-diario-oficial-orix\/#respond\"]}]},{\"@type\":\"WebPage\",\"@id\":\"https:\/\/noticiasya.com\/2024\/10\/22\/sheinbaum-no-antecedentes-juez-eliminar-diario-oficial-orix\/\",\"url\":\"https:\/\/noticiasya.com\/2024\/10\/22\/sheinbaum-no-antecedentes-juez-eliminar-diario-oficial-orix\/\",\"name\":\"Sheinbaum: \\\"No hay antecedentes de que un juez haya pedido eliminar algo del Diario Oficial de la Federaci\u00f3n\\\" - Noticias\",\"isPartOf\":{\"@id\":\"https:\/\/noticiasya.com\/#website\"},\"datePublished\":\"2024-10-22T18:04:21+00:00\",\"breadcrumb\":{\"@id\":\"https:\/\/noticiasya.com\/2024\/10\/22\/sheinbaum-no-antecedentes-juez-eliminar-diario-oficial-orix\/#breadcrumb\"},\"inLanguage\":\"es\",\"potentialAction\":[{\"@type\":\"ReadAction\",\"target\":[\"https:\/\/noticiasya.com\/2024\/10\/22\/sheinbaum-no-antecedentes-juez-eliminar-diario-oficial-orix\/\"]}]},{\"@type\":\"BreadcrumbList\",\"@id\":\"https:\/\/noticiasya.com\/2024\/10\/22\/sheinbaum-no-antecedentes-juez-eliminar-diario-oficial-orix\/#breadcrumb\",\"itemListElement\":[{\"@type\":\"ListItem\",\"position\":1,\"name\":\"Home\",\"item\":\"https:\/\/noticiasya.com\/\"},{\"@type\":\"ListItem\",\"position\":2,\"name\":\"Sheinbaum: &#171;No hay antecedentes de que un juez haya pedido eliminar algo del Diario Oficial de la Federaci\u00f3n&#187;\"}]},{\"@type\":\"WebSite\",\"@id\":\"https:\/\/noticiasya.com\/#website\",\"url\":\"https:\/\/noticiasya.com\/\",\"name\":\"Noticias\",\"description\":\"Lo que importa\",\"publisher\":{\"@id\":\"https:\/\/noticiasya.com\/#organization\"},\"potentialAction\":[{\"@type\":\"SearchAction\",\"target\":{\"@type\":\"EntryPoint\",\"urlTemplate\":\"https:\/\/noticiasya.com\/?s={search_term_string}\"},\"query-input\":{\"@type\":\"PropertyValueSpecification\",\"valueRequired\":true,\"valueName\":\"search_term_string\"}}],\"inLanguage\":\"es\"},{\"@type\":\"Organization\",\"@id\":\"https:\/\/noticiasya.com\/#organization\",\"name\":\"Noticias\",\"url\":\"https:\/\/noticiasya.com\/\",\"logo\":{\"@type\":\"ImageObject\",\"inLanguage\":\"es\",\"@id\":\"https:\/\/noticiasya.com\/#\/schema\/logo\/image\/\",\"url\":\"https:\/\/noticiasya.com\/wp-content\/uploads\/sites\/22\/2023\/12\/logo-nacional.png\",\"contentUrl\":\"https:\/\/noticiasya.com\/wp-content\/uploads\/sites\/22\/2023\/12\/logo-nacional.png\",\"width\":1801,\"height\":691,\"caption\":\"Noticias\"},\"image\":{\"@id\":\"https:\/\/noticiasya.com\/#\/schema\/logo\/image\/\"}}]}<\/script>\n<!-- \/ Yoast SEO plugin. -->","yoast_head_json":{"title":"Sheinbaum: \"No hay antecedentes de que un juez haya pedido eliminar algo del Diario Oficial de la Federaci\u00f3n\" - Noticias","robots":{"index":"index","follow":"follow","max-snippet":"max-snippet:-1","max-image-preview":"max-image-preview:large","max-video-preview":"max-video-preview:-1"},"canonical":"https:\/\/noticiasya.com\/2024\/10\/22\/sheinbaum-no-antecedentes-juez-eliminar-diario-oficial-orix\/","og_locale":"es_ES","og_type":"article","og_title":"Sheinbaum: \"No hay antecedentes de que un juez haya pedido eliminar algo del Diario Oficial de la Federaci\u00f3n\" - Noticias","og_description":"(CNN Espa\u00f1ol) &#8212; La presidenta de M\u00e9xico Claudia Sheinbaum volvi\u00f3 a ratificar este martes la publicaci\u00f3n oficial de la reforma judicial. &#171;No hay antecedentes de que un juez haya pedido eliminar algo del Diario Oficial de la Federaci\u00f3n&#187;, dijo la mandataria en su rueda de prensa matutina. &#171;\u00bfLa se\u00f1ora jueza est\u00e1 pidiendo mutilar un diario [&hellip;]","og_url":"https:\/\/noticiasya.com\/2024\/10\/22\/sheinbaum-no-antecedentes-juez-eliminar-diario-oficial-orix\/","og_site_name":"Noticias","article_published_time":"2024-10-22T18:04:21+00:00","twitter_card":"summary_large_image","twitter_misc":{"Est. reading time":"1 minuto"},"schema":{"@context":"https:\/\/schema.org","@graph":[{"@type":"Article","@id":"https:\/\/noticiasya.com\/2024\/10\/22\/sheinbaum-no-antecedentes-juez-eliminar-diario-oficial-orix\/#article","isPartOf":{"@id":"https:\/\/noticiasya.com\/2024\/10\/22\/sheinbaum-no-antecedentes-juez-eliminar-diario-oficial-orix\/"},"author":{"name":"","@id":""},"headline":"Sheinbaum: &#171;No hay antecedentes de que un juez haya pedido eliminar algo del Diario Oficial de la Federaci\u00f3n&#187;","datePublished":"2024-10-22T18:04:21+00:00","mainEntityOfPage":{"@id":"https:\/\/noticiasya.com\/2024\/10\/22\/sheinbaum-no-antecedentes-juez-eliminar-diario-oficial-orix\/"},"wordCount":250,"commentCount":0,"publisher":{"@id":"https:\/\/noticiasya.com\/#organization"},"articleSection":["Noticias Nacionales"],"inLanguage":"es","potentialAction":[{"@type":"CommentAction","name":"Comment","target":["https:\/\/noticiasya.com\/2024\/10\/22\/sheinbaum-no-antecedentes-juez-eliminar-diario-oficial-orix\/#respond"]}]},{"@type":"WebPage","@id":"https:\/\/noticiasya.com\/2024\/10\/22\/sheinbaum-no-antecedentes-juez-eliminar-diario-oficial-orix\/","url":"https:\/\/noticiasya.com\/2024\/10\/22\/sheinbaum-no-antecedentes-juez-eliminar-diario-oficial-orix\/","name":"Sheinbaum: \"No hay antecedentes de que un juez haya pedido eliminar algo del Diario Oficial de la Federaci\u00f3n\" - Noticias","isPartOf":{"@id":"https:\/\/noticiasya.com\/#website"},"datePublished":"2024-10-22T18:04:21+00:00","breadcrumb":{"@id":"https:\/\/noticiasya.com\/2024\/10\/22\/sheinbaum-no-antecedentes-juez-eliminar-diario-oficial-orix\/#breadcrumb"},"inLanguage":"es","potentialAction":[{"@type":"ReadAction","target":["https:\/\/noticiasya.com\/2024\/10\/22\/sheinbaum-no-antecedentes-juez-eliminar-diario-oficial-orix\/"]}]},{"@type":"BreadcrumbList","@id":"https:\/\/noticiasya.com\/2024\/10\/22\/sheinbaum-no-antecedentes-juez-eliminar-diario-oficial-orix\/#breadcrumb","itemListElement":[{"@type":"ListItem","position":1,"name":"Home","item":"https:\/\/noticiasya.com\/"},{"@type":"ListItem","position":2,"name":"Sheinbaum: &#171;No hay antecedentes de que un juez haya pedido eliminar algo del Diario Oficial de la Federaci\u00f3n&#187;"}]},{"@type":"WebSite","@id":"https:\/\/noticiasya.com\/#website","url":"https:\/\/noticiasya.com\/","name":"Noticias","description":"Lo que importa","publisher":{"@id":"https:\/\/noticiasya.com\/#organization"},"potentialAction":[{"@type":"SearchAction","target":{"@type":"EntryPoint","urlTemplate":"https:\/\/noticiasya.com\/?s={search_term_string}"},"query-input":{"@type":"PropertyValueSpecification","valueRequired":true,"valueName":"search_term_string"}}],"inLanguage":"es"},{"@type":"Organization","@id":"https:\/\/noticiasya.com\/#organization","name":"Noticias","url":"https:\/\/noticiasya.com\/","logo":{"@type":"ImageObject","inLanguage":"es","@id":"https:\/\/noticiasya.com\/#\/schema\/logo\/image\/","url":"https:\/\/noticiasya.com\/wp-content\/uploads\/sites\/22\/2023\/12\/logo-nacional.png","contentUrl":"https:\/\/noticiasya.com\/wp-content\/uploads\/sites\/22\/2023\/12\/logo-nacional.png","width":1801,"height":691,"caption":"Noticias"},"image":{"@id":"https:\/\/noticiasya.com\/#\/schema\/logo\/image\/"}}]}},"parsely":{"version":"1.1.0","canonical_url":"https:\/\/noticiasya.com\/el-valle\/2024\/10\/22\/sheinbaum-no-antecedentes-juez-eliminar-diario-oficial-orix\/","smart_links":{"inbound":0,"outbound":0},"traffic_boost_suggestions_count":0,"meta":{"@context":"https:\/\/schema.org","@type":"NewsArticle","headline":"Sheinbaum: &#171;No hay antecedentes de que un juez haya pedido eliminar algo del Diario Oficial de la Federaci\u00f3n&#187;","url":"http:\/\/noticiasya.com\/el-valle\/2024\/10\/22\/sheinbaum-no-antecedentes-juez-eliminar-diario-oficial-orix\/","mainEntityOfPage":{"@type":"WebPage","@id":"http:\/\/noticiasya.com\/el-valle\/2024\/10\/22\/sheinbaum-no-antecedentes-juez-eliminar-diario-oficial-orix\/"},"thumbnailUrl":"","image":{"@type":"ImageObject","url":""},"articleSection":"Noticias Nacionales","author":[],"creator":[],"publisher":{"@type":"Organization","name":"Noticias","logo":""},"keywords":[],"dateCreated":"2024-10-22T18:04:21Z","datePublished":"2024-10-22T18:04:21Z","dateModified":"2024-10-22T18:04:21Z"},"rendered":"<script type=\"application\/ld+json\" class=\"wp-parsely-metadata\">{\"@context\":\"https:\\\/\\\/schema.org\",\"@type\":\"NewsArticle\",\"headline\":\"Sheinbaum: &#171;No hay antecedentes de que un juez haya pedido eliminar algo del Diario Oficial de la Federaci\\u00f3n&#187;\",\"url\":\"http:\\\/\\\/noticiasya.com\\\/el-valle\\\/2024\\\/10\\\/22\\\/sheinbaum-no-antecedentes-juez-eliminar-diario-oficial-orix\\\/\",\"mainEntityOfPage\":{\"@type\":\"WebPage\",\"@id\":\"http:\\\/\\\/noticiasya.com\\\/el-valle\\\/2024\\\/10\\\/22\\\/sheinbaum-no-antecedentes-juez-eliminar-diario-oficial-orix\\\/\"},\"thumbnailUrl\":\"\",\"image\":{\"@type\":\"ImageObject\",\"url\":\"\"},\"articleSection\":\"Noticias Nacionales\",\"author\":[],\"creator\":[],\"publisher\":{\"@type\":\"Organization\",\"name\":\"Noticias\",\"logo\":\"\"},\"keywords\":[],\"dateCreated\":\"2024-10-22T18:04:21Z\",\"datePublished\":\"2024-10-22T18:04:21Z\",\"dateModified\":\"2024-10-22T18:04:21Z\"}<\/script>","tracker_url":"https:\/\/cdn.parsely.com\/keys\/noticiasya.com\/p.js"},"jetpack_featured_media_url":"","jetpack-related-posts":[{"id":1455317,"url":"https:\/\/noticiasya.com\/el-valle\/2024\/10\/23\/mexico-sheinbaum-qr-jueza-suspension-reforma-judicial-orix\/","url_meta":{"origin":1455295,"position":0},"title":"Sheinbaum se burla de que no funciona el c\u00f3digo QR que le envi\u00f3 la jueza que emiti\u00f3 una suspensi\u00f3n contra la reforma judicial","author":"","date":"octubre 23, 2024","format":false,"excerpt":"(CNN Espa\u00f1ol) \u2013\u2013 La presidenta de M\u00e9xico, Claudia Sheinbaum, se burl\u00f3 este mi\u00e9rcoles de que la notificaci\u00f3n judicial que le envi\u00f3 la jueza Nancy Ju\u00e1rez para eliminar la reforma judicial del Diario Oficial de la Federaci\u00f3n, hecha a trav\u00e9s de un c\u00f3digo QR, no funciona y env\u00eda a un aviso\u2026","rel":"","context":"In &quot;Noticias Nacionales&quot;","block_context":{"text":"Noticias Nacionales","link":"https:\/\/noticiasya.com\/el-valle\/categoria\/noticias-nacionales"},"img":{"alt_text":"","src":"","width":0,"height":0},"classes":[]},{"id":1455218,"url":"https:\/\/noticiasya.com\/el-valle\/2024\/10\/18\/claudia-sheinbaum-reforma-judicial-diario-oficial-orix\/","url_meta":{"origin":1455295,"position":1},"title":"Claudia Sheinbaum asegura que no van a bajar la publicaci\u00f3n de la reforma judicial del Diario Oficial de la Federaci\u00f3n","author":"","date":"octubre 18, 2024","format":false,"excerpt":"(CNN Espa\u00f1ol) --\u00a0La presidenta de M\u00e9xico, Claudia Sheinbaum, no dar\u00e1 marcha atr\u00e1s con la publicaci\u00f3n de la reforma judicial en el Diario Oficial de la Federaci\u00f3n (DOF), seg\u00fan dijo en la conferencia matutina de este viernes, luego de que una jueza ordenara bajarla en un plazo de 24 horas. \u201cJur\u00eddicamente\u2026","rel":"","context":"In &quot;Noticias Nacionales&quot;","block_context":{"text":"Noticias Nacionales","link":"https:\/\/noticiasya.com\/el-valle\/categoria\/noticias-nacionales"},"img":{"alt_text":"","src":"","width":0,"height":0},"classes":[]},{"id":1455497,"url":"https:\/\/noticiasya.com\/el-valle\/2024\/10\/31\/congreso-mexicano-declara-validez-de-la-reforma-de-supremacia-constitucional-tras-aval-en-mayoria-de-legislaturas-estatales\/","url_meta":{"origin":1455295,"position":2},"title":"Congreso mexicano declara validez de la reforma de supremac\u00eda constitucional tras aval en mayor\u00eda de legislaturas estatales","author":"","date":"octubre 31, 2024","format":false,"excerpt":"(CNN Espa\u00f1ol) -- Las C\u00e1maras de Diputados y Senadores avalaron este jueves la enmienda de supremac\u00eda constitucional, que blinda las reformas a la Constituci\u00f3n Nacional de cualquier amparo, controversia y acci\u00f3n de inconstitucionalidad, incluida la pol\u00e9mica reforma judicial, tras alcanzar los votos aprobatorios de 23 legislaturas estatales, informaron ambas c\u00e1maras\u2026","rel":"","context":"In &quot;Noticias Nacionales&quot;","block_context":{"text":"Noticias Nacionales","link":"https:\/\/noticiasya.com\/el-valle\/categoria\/noticias-nacionales"},"img":{"alt_text":"","src":"","width":0,"height":0},"classes":[]},{"id":1455310,"url":"https:\/\/noticiasya.com\/el-valle\/2024\/10\/23\/morena-iniciativa-blindar-reforma-judicial-orix\/","url_meta":{"origin":1455295,"position":3},"title":"Morena presenta iniciativa para blindar la reforma judicial y otras reformas constitucionales","author":"","date":"octubre 23, 2024","format":false,"excerpt":"(CNN Espa\u00f1ol) --\u00a0El grupo parlamentario de Morena en el Senado de M\u00e9xico propuso este martes reformas para evitar amparos contra adiciones o reformas a la Constituci\u00f3n.La iniciativa plantea modificaciones a los art\u00edculos 1, 103, 105 y 107 de la Constituci\u00f3n y detalla que \"no proceder\u00e1 el juicio de amparo contra\u2026","rel":"","context":"In &quot;Noticias Nacionales&quot;","block_context":{"text":"Noticias Nacionales","link":"https:\/\/noticiasya.com\/el-valle\/categoria\/noticias-nacionales"},"img":{"alt_text":"","src":"","width":0,"height":0},"classes":[]},{"id":1472133,"url":"https:\/\/noticiasya.com\/el-valle\/2026\/03\/12\/derrota-reforma-electoral-sheinbaum-plan-b-orix\/","url_meta":{"origin":1455295,"position":4},"title":"Tras la derrota de su reforma electoral, Sheinbaum anuncia un &#171;plan B&#187;. Esta es su propuesta","author":"","date":"marzo 12, 2026","format":false,"excerpt":"Luego de la derrota sufrida el mi\u00e9rcoles en la C\u00e1mara de Diputados, la presidenta de M\u00e9xico, Claudia Sheinbaum, anunci\u00f3 este jueves el \u201cplan B\u201d de su reforma electoral, con el cual, seg\u00fan la mandataria, buscar\u00e1n disminuir privilegios de los congresos locales y de los municipios del pa\u00eds, as\u00ed como fortalecer\u2026","rel":"","context":"In &quot;Noticias Nacionales&quot;","block_context":{"text":"Noticias Nacionales","link":"https:\/\/noticiasya.com\/el-valle\/categoria\/noticias-nacionales"},"img":{"alt_text":"","src":"","width":0,"height":0},"classes":[]},{"id":1457020,"url":"https:\/\/noticiasya.com\/el-valle\/2024\/12\/27\/sheinbaum-20-reformas-proximo-periodo-legislativo-orix\/","url_meta":{"origin":1455295,"position":5},"title":"Sheinbaum dice que presentar\u00e1 &#171;alrededor de 20&#187; reformas en el pr\u00f3ximo periodo legislativo","author":"","date":"diciembre 27, 2024","format":false,"excerpt":"La presidenta de M\u00e9xico, Claudia Sheinbaum Pardo, dijo el jueves que su Gobierno presentar\u00e1 \u201calrededor de 20\u201d reformas en el pr\u00f3ximo periodo de sesiones del Congreso del pa\u00eds, el cual inicia el 1 de febrero de 2025.Sheinbaum indic\u00f3 que varias de estas reformas ser\u00e1n legales, pues se centrar\u00e1n en las\u2026","rel":"","context":"In &quot;Noticias Nacionales&quot;","block_context":{"text":"Noticias Nacionales","link":"https:\/\/noticiasya.com\/el-valle\/categoria\/noticias-nacionales"},"img":{"alt_text":"","src":"","width":0,"height":0},"classes":[]}],"jetpack_sharing_enabled":true,"_links":{"self":[{"href":"https:\/\/noticiasya.com\/el-valle\/wp-json\/wp\/v2\/posts\/1455295","targetHints":{"allow":["GET"]}}],"collection":[{"href":"https:\/\/noticiasya.com\/el-valle\/wp-json\/wp\/v2\/posts"}],"about":[{"href":"https:\/\/noticiasya.com\/el-valle\/wp-json\/wp\/v2\/types\/post"}],"replies":[{"embeddable":true,"href":"https:\/\/noticiasya.com\/el-valle\/wp-json\/wp\/v2\/comments?post=1455295"}],"version-history":[{"count":0,"href":"https:\/\/noticiasya.com\/el-valle\/wp-json\/wp\/v2\/posts\/1455295\/revisions"}],"wp:attachment":[{"href":"https:\/\/noticiasya.com\/el-valle\/wp-json\/wp\/v2\/media?parent=1455295"}],"wp:term":[{"taxonomy":"category","embeddable":true,"href":"https:\/\/noticiasya.com\/el-valle\/wp-json\/wp\/v2\/categories?post=1455295"},{"taxonomy":"post_tag","embeddable":true,"href":"https:\/\/noticiasya.com\/el-valle\/wp-json\/wp\/v2\/tags?post=1455295"}],"curies":[{"name":"wp","href":"https:\/\/api.w.org\/{rel}","templated":true}]}}