{"id":1455341,"date":"2024-10-24T17:03:40","date_gmt":"2024-10-25T00:03:40","guid":{"rendered":"https:\/\/noticiasya.com\/2024\/10\/24\/quien-es-ivan-marquez-disidente-farc-orix\/"},"modified":"2024-10-24T17:03:40","modified_gmt":"2024-10-25T00:03:40","slug":"quien-es-ivan-marquez-disidente-farc-orix","status":"publish","type":"post","link":"https:\/\/noticiasya.com\/el-valle\/2024\/10\/24\/quien-es-ivan-marquez-disidente-farc-orix\/","title":{"rendered":"\u00bfQui\u00e9n es Iv\u00e1n M\u00e1rquez, el l\u00edder de las disidencias de las FARC?"},"content":{"rendered":"<p>(CNN Espa\u00f1ol) &#8212; Las autoridades colombianas investigan la supuesta muerte de Luciano Mar\u00edn Arango, alias \u201cIv\u00e1n M\u00e1rquez\u201d, un l\u00edder de la desmovilizada guerrilla de las Fuerzas Armadas Revolucionarias de Colombia (FARC), que en 2019 retom\u00f3 las armas y el liderazgo de las disidencias de ese grupo armado\u00a0y se refugi\u00f3 en Venezuela, seg\u00fan dijo el\u00a0Gobierno de entonces.<\/p>\n<p>El canciller de Colombia, Luis Murillo, inform\u00f3 este jueves que las autoridades venezolanas aseguraron no tener ninguna informaci\u00f3n sobre Iv\u00e1n M\u00e1rquez, ante reportes en\u00a0medios sobre la supuesta muerte del l\u00edder guerrillero colombiano en ese pa\u00eds. El comisionado de paz, Otty Pati\u00f1o, dijo\u00a0a los medios locales\u00a0el mi\u00e9rcoles que hasta el momento es solo un \u201crumor\u201d. Se trata de al menos la tercera vez en que un rumor sobre su fallecimiento es abordado por funcionarios del Gobierno desde que M\u00e1rquez retom\u00f3 la actividad insurgente.<\/p>\n<p>Actualmente Iv\u00e1n M\u00e1rquez se encuentra pr\u00f3fugo de la Justicia. En 2016, fue uno de los principales negociadores del acuerdo de paz con el Gobierno de Colombia. Antes, fue considerado el n\u00famero dos de la antigua guerrilla cuando estuvo bajo el mando de alias &#171;Timochenko&#187; y era la cabeza m\u00e1s visible del grupo en el exterior.<\/p>\n<p>Naci\u00f3 en Florencia, Caquet\u00e1, en 1955. Desde muy joven se uni\u00f3 a las juventudes comunistas, luego de cursar estudios de derecho en la Uni\u00f3n Sovi\u00e9tica,\u00a0seg\u00fan informaci\u00f3n de la Fundaci\u00f3n Paz y Reconciliaci\u00f3n\u00a0(Pares), un centro de estudios sobre conflictos armados con sede en Bogot\u00e1. Agreg\u00f3 que M\u00e1rquez se uni\u00f3 a las FARC en 1977, primero como &#171;integrante de la red de apoyo&#187; a varios frentes, luego fue cabecilla del Frente 14 y comandante del bloque Caribe. De acuerdo con la misma fuente, fue ide\u00f3logo e instructor pol\u00edtico de la guerrilla. Adem\u00e1s, en 1980 fue\u00a0congresista por Caquet\u00e1 \u2014supliendo a Henry Mill\u00e1n, quien fue asesinado\u2014\u00a0bajo el partido de la Uni\u00f3n Patri\u00f3tica, en ese momento considerado el brazo pol\u00edtico de la organizaci\u00f3n subversiva.<\/p>\n<p>Durante la presidencia de C\u00e9sar Gaviria (1990-1994), M\u00e1rquez fue negociador de las FARC en los Di\u00e1logos de Caracas y Tlaxcala, y durante la presidencia de Andr\u00e9s Pastrana (1998-2002) particip\u00f3 en las negociaciones con el gobierno en la\u00a0fallida zona de distensi\u00f3n.<\/p>\n<p>En 2008, tras la muerte del l\u00edder de las FARC Luis Edgar Devia, alias \u201cRa\u00fal Reyes\u201d, en la frontera entre Ecuador y Colombia, tom\u00f3 la vocer\u00eda internacional de la organizaci\u00f3n.<\/p>\n<p>El papel de Iv\u00e1n M\u00e1rquez en el acuerdo de paz con el Gobierno de Colombia<\/p>\n<p>Iv\u00e1n M\u00e1rquez fue integrante del secretariado de las FARC antes de su desarme en 2016, y fue uno de los jefes negociadores de la guerrilla durante las primeras conversaciones realizadas en Oslo y cuando las pl\u00e1ticas se trasladaron a La Habana en 2012.<\/p>\n<p>M\u00e1rquez fue uno de los excombatientes m\u00e1s cr\u00edticos de la implementaci\u00f3n del acuerdo, tanto as\u00ed que desde un principio\u00a0no acept\u00f3 posesionarse como congresista de Colombia, cargo que le correspond\u00eda como parte del pacto con el Gobierno, en que\u00a0se garantizaban\u00a010 esca\u00f1os a los representantes de las extintas FARC en el \u00f3rgano legislativo:\u00a0cinco para el Senado y cinco para la C\u00e1mara\u00a0durante dos periodos parlamentarios.<\/p>\n<p>Seg\u00fan una carta publicada por el partido FARC (ahora partido Comunes), M\u00e1rquez dijo que no asumir\u00eda el cargo de senador por tres circunstancias \u201cinsalvables\u201d: la investigaci\u00f3n por narcotr\u00e1fico contra su compa\u00f1ero Seuxis Paus\u00edas Hern\u00e1ndez, alias \u201cJes\u00fas Santrich\u201d, por unas modificaciones al texto de la Jurisdicci\u00f3n Especial para la Paz (JEP) pactado en el acuerdo de La Habana y porque consider\u00f3 que se incumpli\u00f3 el acuerdo de reforma pol\u00edtica tras los acuerdos de paz.<\/p>\n<p>A finales de abril de 2018, Iv\u00e1n M\u00e1rquez se fue a vivir a un denominado espacio territorial de reincorporaci\u00f3n en Miravalle, Caquet\u00e1, en el Sur de Colombia, despu\u00e9s de la captura de Jes\u00fas Santrich, acusado de narcotr\u00e1fico por una corte de EE.UU. y quien muri\u00f3 en 2021\u00a0en territorio venezolano.<\/p>\n<p>Semanas despu\u00e9s en 2018, hizo una de sus \u00faltimas apariciones p\u00fablicas en un video junto a otro l\u00edder guerrillero, Hern\u00e1n Dar\u00edo Vel\u00e1squez, alias \u201cEl Paisa\u201d, renunciando a sus escoltas proporcionadas por el Gobierno. Ni el Gobierno, ni la Justicia ni Comunes (fundado como Fuerza Alternativa Revolucionaria del Com\u00fan) ten\u00edan conocimiento de su paradero exacto.<\/p>\n<p>El regreso a las armas<\/p>\n<p>En agosto de 2019, Iv\u00e1n M\u00e1rquez y otros l\u00edderes guerrilleros agrupados en las disidencias de las FARC anunciaron que retomaban las armas. Entonces, dijo en un comunicado que hab\u00eda &#171;comenzado la segunda Marquetalia&#187;, haciendo referencia al lugar donde se fundaron las FARC en 1964, y habl\u00f3 de &#171;una nueva etapa de lucha para el despertar de las conciencias&#187;.<\/p>\n<p>El l\u00edder guerrillero manifest\u00f3 en reiteradas oportunidades su frustraci\u00f3n con el desarrollo de los acuerdos de paz y ha dicho que &#171;fue un grave error haber entregado las armas a un Estado tramposo&#187;.<\/p>\n<p>El entonces presidente de Colombia, Iv\u00e1n Duque, dijo en noviembre de 2021 que\u00a0M\u00e1rquez estaba en Venezuela\u00a0&#171;protegido por el r\u00e9gimen de Nicol\u00e1s Maduro&#187;, quien\u00a0en agosto de 2019 dijo que su pa\u00eds daba la bienvenida a Iv\u00e1n M\u00e1rquez. Sin embargo, el gobierno de Maduro no ha confirmado la presencia de Iv\u00e1n M\u00e1rquez en su territorio.<\/p>\n<p>Como firmante del acuerdo de paz, Iv\u00e1n M\u00e1rquez deb\u00eda someterse a la Justicia transicional con el compromiso de reconocimiento y la reparaci\u00f3n, pero en 2019 la Jurisdicci\u00f3n Especial para la Paz\u00a0lo excluy\u00f3\u00a0del acuerdo por incumplir el\u00a0r\u00e9gimen de condicionalidad.<\/p>\n<p>La JEP explic\u00f3 que excluy\u00f3 a M\u00e1rquez\u00a0y otros l\u00edderes guerrilleros que se rearmaron como consecuencia &#171;del grave incumplimiento de los comparecientes&#187; con el acuerdo de paz. Hasta entonces, M\u00e1rquez ten\u00eda suspensi\u00f3n de las \u00f3rdenes de captura y las libertades condicionales, que le fue revocada por incumplir con lo acordado en La Habana.<\/p>\n<p>La JEP orden\u00f3 en agosto de 2019 la captura de los exmiembros de las FARC que se rearmaron y notific\u00f3 su decisi\u00f3n a la Direcci\u00f3n de Investigaci\u00f3n Criminal e Interpol de la Polic\u00eda Nacional de Colombia.<\/p>\n<p>En\u00a0julio de 2022, luego de la difusi\u00f3n de informaciones falsas que mencionaban su muerte, el Gobierno dijo que sus servicios de inteligencia confirmaban que Iv\u00e1n M\u00e1rquez se encontraba en un hospital de Venezuela.<\/p>\n<p>En ese entonces, la Segunda Marquetalia asegur\u00f3 en un video que M\u00e1rquez hab\u00eda sido \u201cv\u00edctima de un atentado criminal dirigido desde los cuarteles del Ej\u00e9rcito y los comandos de Polic\u00eda\u201d de Colombia y que \u201csali\u00f3 ileso\u201d.<\/p>\n<p>En agosto de 2023, el entonces canciller \u00c1lvaro Leyva\u00a0desminti\u00f3 otra versi\u00f3n\u00a0de la muerte de &#171;M\u00e1rquez&#187;.<\/p>\n<p>Los delitos de los que se acusa a M\u00e1rquez<\/p>\n<p>Iv\u00e1n M\u00e1rquez tiene una orden de arresto de Interpol por\u00a0&#171;graves delitos cometidos entre los a\u00f1os 2001 y 2002&#187;.<\/p>\n<p>Estados Unidos ofrece US$ 10 millones por informaci\u00f3n que contribuya a dar con el paradero del excombatiente de las FARC, acusado en este pa\u00eds de narcoterrorismo y otros delitos.<\/p>\n<p>Seg\u00fan\u00a0la Fiscal\u00eda de Colombia, M\u00e1rquez es acusado de varios delitos, como el homicidio en persona protegida y secuestro extorsivo agravado por el caso del secuestro del teniente del Ej\u00e9rcito Nacional Wagner Harvey Tapias Torres, ocurrido el 28 de mayo de 1997 en el departamento de Antioquia. Tapias Torres fue asesinado por las FARC en mayo de 2003, seg\u00fan la Fiscal\u00eda. Tambi\u00e9n tiene orden de detenci\u00f3n por el\u00a0asesinato del pol\u00edtico \u00c1lvaro G\u00f3mez Hurtado\u00a0en 1995.<\/p>\n<p>Adem\u00e1s, se le acusa por reclutamiento forzado de menores, homicidio y desaparici\u00f3n forzada agravada, espec\u00edficamente de un adolescente de 16 a\u00f1os reclutado por las FARC en el departamento de Antioquia. Seg\u00fan la Fiscal\u00eda, fue asesinado tres a\u00f1os despu\u00e9s porque &#171;al parecer, intent\u00f3 escapar en varias oportunidades&#187;.<\/p>\n<p>En marzo de 2024, la Corte Suprema de Justicia dej\u00f3 en firme la condena contra Iv\u00e1n M\u00e1rquez\u00a0de 41 a\u00f1os de prisi\u00f3n por homicidio agravado y terrorismo agravado en relaci\u00f3n a la toma guerrillera del a\u00f1o 2000 en Roncesvalles, Tolima, en la que murieron un civil y 13 agentes de la Polic\u00eda, que fue ordenada por el l\u00edder insurgente.<\/p>\n<p>En su calidad de pr\u00f3fugo, M\u00e1rquez no se pronunci\u00f3 sobre las acusaciones de la Justicia ordinaria en su contra.<\/p>\n<p>Con informaci\u00f3n de Melissa Vel\u00e1squez, Ivonne Vald\u00e9s, Fernando Ramos, Abel Alvarado, Kiarinna Parisi y Sebasti\u00e1n Jim\u00e9nez.<\/p>\n<p>The-CNN-Wire<br \/>&trade; &amp; &copy; 2024 Cable News Network, Inc., a Warner Bros. Discovery Company. All rights reserved.<\/p>\n","protected":false},"excerpt":{"rendered":"<p>(CNN Espa\u00f1ol) &#8212; Las autoridades colombianas investigan la supuesta muerte de Luciano Mar\u00edn Arango, alias \u201cIv\u00e1n M\u00e1rquez\u201d, un l\u00edder de la desmovilizada guerrilla de las Fuerzas Armadas Revolucionarias de Colombia (FARC), que en 2019 retom\u00f3 las armas y el liderazgo de las disidencias de ese grupo armado\u00a0y se refugi\u00f3 en Venezuela, seg\u00fan dijo el\u00a0Gobierno de [&hellip;]<\/p>\n","protected":false},"author":0,"featured_media":0,"comment_status":"open","ping_status":"open","sticky":false,"template":"","format":"standard","meta":{"_jetpack_memberships_contains_paid_content":false,"footnotes":""},"categories":[10],"tags":[],"class_list":["post-1455341","post","type-post","status-publish","format-standard","hentry","category-noticias-nacionales","market-global"],"yoast_head":"<!-- This site is optimized with the Yoast SEO plugin v24.4 - https:\/\/yoast.com\/wordpress\/plugins\/seo\/ -->\n<title>\u00bfQui\u00e9n es Iv\u00e1n M\u00e1rquez, el l\u00edder de las disidencias de las FARC? - Noticias<\/title>\n<meta name=\"robots\" content=\"index, follow, max-snippet:-1, max-image-preview:large, max-video-preview:-1\" \/>\n<link rel=\"canonical\" href=\"https:\/\/noticiasya.com\/2024\/10\/24\/quien-es-ivan-marquez-disidente-farc-orix\/\" \/>\n<meta property=\"og:locale\" content=\"es_ES\" \/>\n<meta property=\"og:type\" content=\"article\" \/>\n<meta property=\"og:title\" content=\"\u00bfQui\u00e9n es Iv\u00e1n M\u00e1rquez, el l\u00edder de las disidencias de las FARC? - Noticias\" \/>\n<meta property=\"og:description\" content=\"(CNN Espa\u00f1ol) &#8212; Las autoridades colombianas investigan la supuesta muerte de Luciano Mar\u00edn Arango, alias \u201cIv\u00e1n M\u00e1rquez\u201d, un l\u00edder de la desmovilizada guerrilla de las Fuerzas Armadas Revolucionarias de Colombia (FARC), que en 2019 retom\u00f3 las armas y el liderazgo de las disidencias de ese grupo armado\u00a0y se refugi\u00f3 en Venezuela, seg\u00fan dijo el\u00a0Gobierno de [&hellip;]\" \/>\n<meta property=\"og:url\" content=\"https:\/\/noticiasya.com\/2024\/10\/24\/quien-es-ivan-marquez-disidente-farc-orix\/\" \/>\n<meta property=\"og:site_name\" content=\"Noticias\" \/>\n<meta property=\"article:published_time\" content=\"2024-10-25T00:03:40+00:00\" \/>\n<meta name=\"twitter:card\" content=\"summary_large_image\" \/>\n<meta name=\"twitter:label1\" content=\"Est. reading time\" \/>\n\t<meta name=\"twitter:data1\" content=\"7 minutos\" \/>\n<script type=\"application\/ld+json\" class=\"yoast-schema-graph\">{\"@context\":\"https:\/\/schema.org\",\"@graph\":[{\"@type\":\"Article\",\"@id\":\"https:\/\/noticiasya.com\/2024\/10\/24\/quien-es-ivan-marquez-disidente-farc-orix\/#article\",\"isPartOf\":{\"@id\":\"https:\/\/noticiasya.com\/2024\/10\/24\/quien-es-ivan-marquez-disidente-farc-orix\/\"},\"author\":{\"name\":\"\",\"@id\":\"\"},\"headline\":\"\u00bfQui\u00e9n es Iv\u00e1n M\u00e1rquez, el l\u00edder de las disidencias de las FARC?\",\"datePublished\":\"2024-10-25T00:03:40+00:00\",\"mainEntityOfPage\":{\"@id\":\"https:\/\/noticiasya.com\/2024\/10\/24\/quien-es-ivan-marquez-disidente-farc-orix\/\"},\"wordCount\":1495,\"commentCount\":0,\"publisher\":{\"@id\":\"https:\/\/noticiasya.com\/#organization\"},\"articleSection\":[\"Noticias Nacionales\"],\"inLanguage\":\"es\",\"potentialAction\":[{\"@type\":\"CommentAction\",\"name\":\"Comment\",\"target\":[\"https:\/\/noticiasya.com\/2024\/10\/24\/quien-es-ivan-marquez-disidente-farc-orix\/#respond\"]}]},{\"@type\":\"WebPage\",\"@id\":\"https:\/\/noticiasya.com\/2024\/10\/24\/quien-es-ivan-marquez-disidente-farc-orix\/\",\"url\":\"https:\/\/noticiasya.com\/2024\/10\/24\/quien-es-ivan-marquez-disidente-farc-orix\/\",\"name\":\"\u00bfQui\u00e9n es Iv\u00e1n M\u00e1rquez, el l\u00edder de las disidencias de las FARC? - Noticias\",\"isPartOf\":{\"@id\":\"https:\/\/noticiasya.com\/#website\"},\"datePublished\":\"2024-10-25T00:03:40+00:00\",\"breadcrumb\":{\"@id\":\"https:\/\/noticiasya.com\/2024\/10\/24\/quien-es-ivan-marquez-disidente-farc-orix\/#breadcrumb\"},\"inLanguage\":\"es\",\"potentialAction\":[{\"@type\":\"ReadAction\",\"target\":[\"https:\/\/noticiasya.com\/2024\/10\/24\/quien-es-ivan-marquez-disidente-farc-orix\/\"]}]},{\"@type\":\"BreadcrumbList\",\"@id\":\"https:\/\/noticiasya.com\/2024\/10\/24\/quien-es-ivan-marquez-disidente-farc-orix\/#breadcrumb\",\"itemListElement\":[{\"@type\":\"ListItem\",\"position\":1,\"name\":\"Home\",\"item\":\"https:\/\/noticiasya.com\/\"},{\"@type\":\"ListItem\",\"position\":2,\"name\":\"\u00bfQui\u00e9n es Iv\u00e1n M\u00e1rquez, el l\u00edder de las disidencias de las FARC?\"}]},{\"@type\":\"WebSite\",\"@id\":\"https:\/\/noticiasya.com\/#website\",\"url\":\"https:\/\/noticiasya.com\/\",\"name\":\"Noticias\",\"description\":\"Lo que importa\",\"publisher\":{\"@id\":\"https:\/\/noticiasya.com\/#organization\"},\"potentialAction\":[{\"@type\":\"SearchAction\",\"target\":{\"@type\":\"EntryPoint\",\"urlTemplate\":\"https:\/\/noticiasya.com\/?s={search_term_string}\"},\"query-input\":{\"@type\":\"PropertyValueSpecification\",\"valueRequired\":true,\"valueName\":\"search_term_string\"}}],\"inLanguage\":\"es\"},{\"@type\":\"Organization\",\"@id\":\"https:\/\/noticiasya.com\/#organization\",\"name\":\"Noticias\",\"url\":\"https:\/\/noticiasya.com\/\",\"logo\":{\"@type\":\"ImageObject\",\"inLanguage\":\"es\",\"@id\":\"https:\/\/noticiasya.com\/#\/schema\/logo\/image\/\",\"url\":\"https:\/\/noticiasya.com\/wp-content\/uploads\/sites\/22\/2023\/12\/logo-nacional.png\",\"contentUrl\":\"https:\/\/noticiasya.com\/wp-content\/uploads\/sites\/22\/2023\/12\/logo-nacional.png\",\"width\":1801,\"height\":691,\"caption\":\"Noticias\"},\"image\":{\"@id\":\"https:\/\/noticiasya.com\/#\/schema\/logo\/image\/\"}}]}<\/script>\n<!-- \/ Yoast SEO plugin. -->","yoast_head_json":{"title":"\u00bfQui\u00e9n es Iv\u00e1n M\u00e1rquez, el l\u00edder de las disidencias de las FARC? - Noticias","robots":{"index":"index","follow":"follow","max-snippet":"max-snippet:-1","max-image-preview":"max-image-preview:large","max-video-preview":"max-video-preview:-1"},"canonical":"https:\/\/noticiasya.com\/2024\/10\/24\/quien-es-ivan-marquez-disidente-farc-orix\/","og_locale":"es_ES","og_type":"article","og_title":"\u00bfQui\u00e9n es Iv\u00e1n M\u00e1rquez, el l\u00edder de las disidencias de las FARC? - Noticias","og_description":"(CNN Espa\u00f1ol) &#8212; Las autoridades colombianas investigan la supuesta muerte de Luciano Mar\u00edn Arango, alias \u201cIv\u00e1n M\u00e1rquez\u201d, un l\u00edder de la desmovilizada guerrilla de las Fuerzas Armadas Revolucionarias de Colombia (FARC), que en 2019 retom\u00f3 las armas y el liderazgo de las disidencias de ese grupo armado\u00a0y se refugi\u00f3 en Venezuela, seg\u00fan dijo el\u00a0Gobierno de [&hellip;]","og_url":"https:\/\/noticiasya.com\/2024\/10\/24\/quien-es-ivan-marquez-disidente-farc-orix\/","og_site_name":"Noticias","article_published_time":"2024-10-25T00:03:40+00:00","twitter_card":"summary_large_image","twitter_misc":{"Est. reading time":"7 minutos"},"schema":{"@context":"https:\/\/schema.org","@graph":[{"@type":"Article","@id":"https:\/\/noticiasya.com\/2024\/10\/24\/quien-es-ivan-marquez-disidente-farc-orix\/#article","isPartOf":{"@id":"https:\/\/noticiasya.com\/2024\/10\/24\/quien-es-ivan-marquez-disidente-farc-orix\/"},"author":{"name":"","@id":""},"headline":"\u00bfQui\u00e9n es Iv\u00e1n M\u00e1rquez, el l\u00edder de las disidencias de las FARC?","datePublished":"2024-10-25T00:03:40+00:00","mainEntityOfPage":{"@id":"https:\/\/noticiasya.com\/2024\/10\/24\/quien-es-ivan-marquez-disidente-farc-orix\/"},"wordCount":1495,"commentCount":0,"publisher":{"@id":"https:\/\/noticiasya.com\/#organization"},"articleSection":["Noticias Nacionales"],"inLanguage":"es","potentialAction":[{"@type":"CommentAction","name":"Comment","target":["https:\/\/noticiasya.com\/2024\/10\/24\/quien-es-ivan-marquez-disidente-farc-orix\/#respond"]}]},{"@type":"WebPage","@id":"https:\/\/noticiasya.com\/2024\/10\/24\/quien-es-ivan-marquez-disidente-farc-orix\/","url":"https:\/\/noticiasya.com\/2024\/10\/24\/quien-es-ivan-marquez-disidente-farc-orix\/","name":"\u00bfQui\u00e9n es Iv\u00e1n M\u00e1rquez, el l\u00edder de las disidencias de las FARC? - Noticias","isPartOf":{"@id":"https:\/\/noticiasya.com\/#website"},"datePublished":"2024-10-25T00:03:40+00:00","breadcrumb":{"@id":"https:\/\/noticiasya.com\/2024\/10\/24\/quien-es-ivan-marquez-disidente-farc-orix\/#breadcrumb"},"inLanguage":"es","potentialAction":[{"@type":"ReadAction","target":["https:\/\/noticiasya.com\/2024\/10\/24\/quien-es-ivan-marquez-disidente-farc-orix\/"]}]},{"@type":"BreadcrumbList","@id":"https:\/\/noticiasya.com\/2024\/10\/24\/quien-es-ivan-marquez-disidente-farc-orix\/#breadcrumb","itemListElement":[{"@type":"ListItem","position":1,"name":"Home","item":"https:\/\/noticiasya.com\/"},{"@type":"ListItem","position":2,"name":"\u00bfQui\u00e9n es Iv\u00e1n M\u00e1rquez, el l\u00edder de las disidencias de las FARC?"}]},{"@type":"WebSite","@id":"https:\/\/noticiasya.com\/#website","url":"https:\/\/noticiasya.com\/","name":"Noticias","description":"Lo que importa","publisher":{"@id":"https:\/\/noticiasya.com\/#organization"},"potentialAction":[{"@type":"SearchAction","target":{"@type":"EntryPoint","urlTemplate":"https:\/\/noticiasya.com\/?s={search_term_string}"},"query-input":{"@type":"PropertyValueSpecification","valueRequired":true,"valueName":"search_term_string"}}],"inLanguage":"es"},{"@type":"Organization","@id":"https:\/\/noticiasya.com\/#organization","name":"Noticias","url":"https:\/\/noticiasya.com\/","logo":{"@type":"ImageObject","inLanguage":"es","@id":"https:\/\/noticiasya.com\/#\/schema\/logo\/image\/","url":"https:\/\/noticiasya.com\/wp-content\/uploads\/sites\/22\/2023\/12\/logo-nacional.png","contentUrl":"https:\/\/noticiasya.com\/wp-content\/uploads\/sites\/22\/2023\/12\/logo-nacional.png","width":1801,"height":691,"caption":"Noticias"},"image":{"@id":"https:\/\/noticiasya.com\/#\/schema\/logo\/image\/"}}]}},"parsely":{"version":"1.1.0","canonical_url":"https:\/\/noticiasya.com\/el-valle\/2024\/10\/24\/quien-es-ivan-marquez-disidente-farc-orix\/","smart_links":{"inbound":0,"outbound":0},"traffic_boost_suggestions_count":0,"meta":{"@context":"https:\/\/schema.org","@type":"NewsArticle","headline":"\u00bfQui\u00e9n es Iv\u00e1n M\u00e1rquez, el l\u00edder de las disidencias de las FARC?","url":"http:\/\/noticiasya.com\/el-valle\/2024\/10\/24\/quien-es-ivan-marquez-disidente-farc-orix\/","mainEntityOfPage":{"@type":"WebPage","@id":"http:\/\/noticiasya.com\/el-valle\/2024\/10\/24\/quien-es-ivan-marquez-disidente-farc-orix\/"},"thumbnailUrl":"","image":{"@type":"ImageObject","url":""},"articleSection":"Noticias Nacionales","author":[],"creator":[],"publisher":{"@type":"Organization","name":"Noticias","logo":""},"keywords":[],"dateCreated":"2024-10-25T00:03:40Z","datePublished":"2024-10-25T00:03:40Z","dateModified":"2024-10-25T00:03:40Z"},"rendered":"<script type=\"application\/ld+json\" class=\"wp-parsely-metadata\">{\"@context\":\"https:\\\/\\\/schema.org\",\"@type\":\"NewsArticle\",\"headline\":\"\\u00bfQui\\u00e9n es Iv\\u00e1n M\\u00e1rquez, el l\\u00edder de las disidencias de las FARC?\",\"url\":\"http:\\\/\\\/noticiasya.com\\\/el-valle\\\/2024\\\/10\\\/24\\\/quien-es-ivan-marquez-disidente-farc-orix\\\/\",\"mainEntityOfPage\":{\"@type\":\"WebPage\",\"@id\":\"http:\\\/\\\/noticiasya.com\\\/el-valle\\\/2024\\\/10\\\/24\\\/quien-es-ivan-marquez-disidente-farc-orix\\\/\"},\"thumbnailUrl\":\"\",\"image\":{\"@type\":\"ImageObject\",\"url\":\"\"},\"articleSection\":\"Noticias Nacionales\",\"author\":[],\"creator\":[],\"publisher\":{\"@type\":\"Organization\",\"name\":\"Noticias\",\"logo\":\"\"},\"keywords\":[],\"dateCreated\":\"2024-10-25T00:03:40Z\",\"datePublished\":\"2024-10-25T00:03:40Z\",\"dateModified\":\"2024-10-25T00:03:40Z\"}<\/script>","tracker_url":"https:\/\/cdn.parsely.com\/keys\/noticiasya.com\/p.js"},"jetpack_featured_media_url":"","jetpack-related-posts":[{"id":1455331,"url":"https:\/\/noticiasya.com\/el-valle\/2024\/10\/24\/colombia-enviara-a-venezuela-nota-diplomatica-informacion-sobre-guerrillero-ivan-marquez-orix\/","url_meta":{"origin":1455341,"position":0},"title":"Colombia enviar\u00e1 a Venezuela una nota diplom\u00e1tica para pedir informaci\u00f3n sobre el l\u00edder guerrillero Iv\u00e1n M\u00e1rquez","author":"","date":"octubre 24, 2024","format":false,"excerpt":"(CNN) --\u00a0 El Gobierno de Colombia enviar\u00e1 al Gobierno de Venezuela una nota diplom\u00e1tica para pedir informaci\u00f3n sobre el l\u00edder guerrillero colombiano Iv\u00e1n M\u00e1rquez, luego de que algunos medios han difundido reportes sobre su supuesta muerte en ese pa\u00eds, inform\u00f3 este mi\u00e9rcoles el canciller colombiano Luis Gilberto Murillo.Durante un encuentro\u2026","rel":"","context":"In &quot;Noticias Nacionales&quot;","block_context":{"text":"Noticias Nacionales","link":"https:\/\/noticiasya.com\/el-valle\/categoria\/noticias-nacionales"},"img":{"alt_text":"","src":"","width":0,"height":0},"classes":[]},{"id":1465791,"url":"https:\/\/noticiasya.com\/el-valle\/2025\/08\/23\/detienen-hermano-ivan-mordisco-disidencias-farc-orix\/","url_meta":{"origin":1455341,"position":1},"title":"Detienen al hermano de &#171;Iv\u00e1n Mordisco&#187;, uno de los jefes de las disidencias de las FARC","author":"","date":"agosto 23, 2025","format":false,"excerpt":"Luis Hernando Vera Fern\u00e1ndez, hermano de \u201cIv\u00e1n Mordisco\u201d, uno de los principales jefes de las disidencias de la extinta guerrilla de las Fuerzas Armadas Revolucionarias de Colombia (FARC), fue detenido este viernes, informaron el presidente Gustavo Petro y la Polic\u00eda Nacional del pa\u00eds sudamericano.El arresto se realiz\u00f3 en el departamento\u2026","rel":"","context":"In &quot;Noticias Nacionales&quot;","block_context":{"text":"Noticias Nacionales","link":"https:\/\/noticiasya.com\/el-valle\/categoria\/noticias-nacionales"},"img":{"alt_text":"","src":"","width":0,"height":0},"classes":[]},{"id":1472511,"url":"https:\/\/noticiasya.com\/el-valle\/2026\/03\/24\/fiscalia-colombia-capturar-jefes-disidencias-farc-atentado-uribe-turbay-orix\/","url_meta":{"origin":1455341,"position":2},"title":"Fiscal\u00eda de Colombia ordena capturar a siete jefes de las disidencias de las FARC por el atentado en que muri\u00f3 Uribe Turbay","author":"","date":"marzo 24, 2026","format":false,"excerpt":"La Fiscal\u00eda de Colombia orden\u00f3 este martes la captura de siete jefes de la Segunda Marquetalia, la disidencia de las Fuerzas Armadas Revolucionarias de Colombia (FARC) que lidera alias Iv\u00e1n M\u00e1rquez, por su presunta participaci\u00f3n en el atentado por el que muri\u00f3 el senador y precandidato presidencial Miguel Uribe Turbay\u2026","rel":"","context":"In &quot;Noticias Nacionales&quot;","block_context":{"text":"Noticias Nacionales","link":"https:\/\/noticiasya.com\/el-valle\/categoria\/noticias-nacionales"},"img":{"alt_text":"","src":"","width":0,"height":0},"classes":[]},{"id":1461273,"url":"https:\/\/noticiasya.com\/el-valle\/2025\/04\/16\/ivan-mordisco-jefes-disidencias-farc-orix\/","url_meta":{"origin":1455341,"position":3},"title":"Avanza el cerco militar contra alias &#171;Iv\u00e1n Mordisco&#187;, uno de los jefes m\u00e1s peligrosos de las disidencias de las FARC","author":"","date":"abril 16, 2025","format":false,"excerpt":"Su nombre real es N\u00e9stor Gregorio Vera Fern\u00e1ndez y por informaci\u00f3n que conduzca a su captura, el gobierno del presidente de Colombia, Gustavo Petro, ofrece el equivalente en moneda local a US$ 1 mill\u00f3n. Se le acusa de terrorismo, narcotr\u00e1fico, asesinato de l\u00edderes sociales y reclutamiento forzado de menores de\u2026","rel":"","context":"In &quot;Noticias Nacionales&quot;","block_context":{"text":"Noticias Nacionales","link":"https:\/\/noticiasya.com\/el-valle\/categoria\/noticias-nacionales"},"img":{"alt_text":"","src":"","width":0,"height":0},"classes":[]},{"id":1468313,"url":"https:\/\/noticiasya.com\/el-valle\/2025\/11\/13\/petro-bombardeo-disidencias-farc-frontera-venezuela-orix\/","url_meta":{"origin":1455341,"position":4},"title":"Petro ordena bombardeo contra un jefe de las disidencias de las FARC en la frontera con Venezuela","author":"","date":"noviembre 13, 2025","format":false,"excerpt":"Las Fuerzas Militares de Colombia realizaron este jueves un bombardeo en el departamento de Arauca, ubicado en la frontera con Venezuela, contra un grupo de disidentes de las Fuerzas Armadas Revolucionarias de Colombia (FARC) bajo el mando de alias \u201cIv\u00e1n Mordisco\u201d, en una operaci\u00f3n ordenada por el presidente Gustavo Petro.El\u2026","rel":"","context":"In &quot;Noticias Nacionales&quot;","block_context":{"text":"Noticias Nacionales","link":"https:\/\/noticiasya.com\/el-valle\/categoria\/noticias-nacionales"},"img":{"alt_text":"","src":"","width":0,"height":0},"classes":[]},{"id":1468230,"url":"https:\/\/noticiasya.com\/el-valle\/2025\/11\/11\/petro-lanza-operativo-ivan-mordisco-orix\/","url_meta":{"origin":1455341,"position":5},"title":"Petro lanza una ofensiva militar contra alias &#171;Iv\u00e1n Mordisco&#187;","author":"","date":"noviembre 11, 2025","format":false,"excerpt":"El presidente de Colombia, Gustavo Petro, anunci\u00f3 este lunes que orden\u00f3 \u201cuna ofensiva militar en el Guaviare\u201d, zona selv\u00e1tica del sureste del pa\u00eds, contra alias \u201cIv\u00e1n Mordisco\u201d, jefe de las disidencias de las FARC.\u201cOfensiva militar contra Iv\u00e1n Mordisco en el Guaviare. He ordenado el bombardeo y la disoluci\u00f3n militar del\u2026","rel":"","context":"In &quot;Noticias Nacionales&quot;","block_context":{"text":"Noticias Nacionales","link":"https:\/\/noticiasya.com\/el-valle\/categoria\/noticias-nacionales"},"img":{"alt_text":"","src":"","width":0,"height":0},"classes":[]}],"jetpack_sharing_enabled":true,"_links":{"self":[{"href":"https:\/\/noticiasya.com\/el-valle\/wp-json\/wp\/v2\/posts\/1455341","targetHints":{"allow":["GET"]}}],"collection":[{"href":"https:\/\/noticiasya.com\/el-valle\/wp-json\/wp\/v2\/posts"}],"about":[{"href":"https:\/\/noticiasya.com\/el-valle\/wp-json\/wp\/v2\/types\/post"}],"replies":[{"embeddable":true,"href":"https:\/\/noticiasya.com\/el-valle\/wp-json\/wp\/v2\/comments?post=1455341"}],"version-history":[{"count":0,"href":"https:\/\/noticiasya.com\/el-valle\/wp-json\/wp\/v2\/posts\/1455341\/revisions"}],"wp:attachment":[{"href":"https:\/\/noticiasya.com\/el-valle\/wp-json\/wp\/v2\/media?parent=1455341"}],"wp:term":[{"taxonomy":"category","embeddable":true,"href":"https:\/\/noticiasya.com\/el-valle\/wp-json\/wp\/v2\/categories?post=1455341"},{"taxonomy":"post_tag","embeddable":true,"href":"https:\/\/noticiasya.com\/el-valle\/wp-json\/wp\/v2\/tags?post=1455341"}],"curies":[{"name":"wp","href":"https:\/\/api.w.org\/{rel}","templated":true}]}}