{"id":1455343,"date":"2024-10-24T17:03:40","date_gmt":"2024-10-25T00:03:40","guid":{"rendered":"https:\/\/noticiasya.com\/2024\/10\/24\/heridos-explosion-coche-bomba-guanajuato-orix\/"},"modified":"2024-10-24T17:03:40","modified_gmt":"2024-10-25T00:03:40","slug":"heridos-explosion-coche-bomba-guanajuato-orix","status":"publish","type":"post","link":"https:\/\/noticiasya.com\/el-valle\/2024\/10\/24\/heridos-explosion-coche-bomba-guanajuato-orix\/","title":{"rendered":"Tres polic\u00edas heridos tras la explosi\u00f3n de dos coches bomba en Guanajuato"},"content":{"rendered":"<p>(CNN en Espa\u00f1ol) &#8212; Al menos tres polic\u00edas resultaron heridos tras la explosi\u00f3n de un coche bomba frente a instalaciones de seguridad en la localidad de Ac\u00e1mbaro, inform\u00f3 este jueves la Fiscal\u00eda de Guanajuato.<\/p>\n<p>Horas despu\u00e9s, otro coche bomba explot\u00f3 en Jer\u00e9cuaro, dejando solo da\u00f1os materiales, de acuerdo con las autoridades.<\/p>\n<p>Tras la explosi\u00f3n, la Fiscal\u00eda de Guanajuato dijo a CNN que se reportan \u201cda\u00f1os materiales en el inmueble y da\u00f1os por expansiva\u201d.<\/p>\n<p>Libia Dennise Garc\u00eda Mu\u00f1oz Ledo, gobernadora del estado, public\u00f3 en X que \u201cen lo inmediato desplegamos un operativo por tierra y aire con las Fuerzas de Seguridad P\u00fablica del Estado, en apoyo a las polic\u00edas municipales\u201d.<\/p>\n<p>La presidenta de M\u00e9xico Claudia Sheinbaum afirm\u00f3 durante su rueda de prensa matutina de este jueves que la investigaci\u00f3n \u201cque est\u00e1 en proceso\u201d la llevar\u00e1 a cabo la Fiscal\u00eda General de M\u00e9xico.<\/p>\n<p>The-CNN-Wire<br \/>&trade; &amp; &copy; 2024 Cable News Network, Inc., a Warner Bros. Discovery Company. All rights reserved.<\/p>\n","protected":false},"excerpt":{"rendered":"<p>(CNN en Espa\u00f1ol) &#8212; Al menos tres polic\u00edas resultaron heridos tras la explosi\u00f3n de un coche bomba frente a instalaciones de seguridad en la localidad de Ac\u00e1mbaro, inform\u00f3 este jueves la Fiscal\u00eda de Guanajuato. Horas despu\u00e9s, otro coche bomba explot\u00f3 en Jer\u00e9cuaro, dejando solo da\u00f1os materiales, de acuerdo con las autoridades. Tras la explosi\u00f3n, la [&hellip;]<\/p>\n","protected":false},"author":0,"featured_media":0,"comment_status":"open","ping_status":"open","sticky":false,"template":"","format":"standard","meta":{"_jetpack_memberships_contains_paid_content":false,"footnotes":""},"categories":[10],"tags":[],"class_list":["post-1455343","post","type-post","status-publish","format-standard","hentry","category-noticias-nacionales","market-global"],"yoast_head":"<!-- This site is optimized with the Yoast SEO plugin v24.4 - https:\/\/yoast.com\/wordpress\/plugins\/seo\/ -->\n<title>Tres polic\u00edas heridos tras la explosi\u00f3n de dos coches bomba en Guanajuato - Noticias<\/title>\n<meta name=\"robots\" content=\"index, follow, max-snippet:-1, max-image-preview:large, max-video-preview:-1\" \/>\n<link rel=\"canonical\" href=\"https:\/\/noticiasya.com\/2024\/10\/24\/heridos-explosion-coche-bomba-guanajuato-orix\/\" \/>\n<meta property=\"og:locale\" content=\"es_ES\" \/>\n<meta property=\"og:type\" content=\"article\" \/>\n<meta property=\"og:title\" content=\"Tres polic\u00edas heridos tras la explosi\u00f3n de dos coches bomba en Guanajuato - Noticias\" \/>\n<meta property=\"og:description\" content=\"(CNN en Espa\u00f1ol) &#8212; Al menos tres polic\u00edas resultaron heridos tras la explosi\u00f3n de un coche bomba frente a instalaciones de seguridad en la localidad de Ac\u00e1mbaro, inform\u00f3 este jueves la Fiscal\u00eda de Guanajuato. Horas despu\u00e9s, otro coche bomba explot\u00f3 en Jer\u00e9cuaro, dejando solo da\u00f1os materiales, de acuerdo con las autoridades. Tras la explosi\u00f3n, la [&hellip;]\" \/>\n<meta property=\"og:url\" content=\"https:\/\/noticiasya.com\/2024\/10\/24\/heridos-explosion-coche-bomba-guanajuato-orix\/\" \/>\n<meta property=\"og:site_name\" content=\"Noticias\" \/>\n<meta property=\"article:published_time\" content=\"2024-10-25T00:03:40+00:00\" \/>\n<meta name=\"twitter:card\" content=\"summary_large_image\" \/>\n<meta name=\"twitter:label1\" content=\"Est. reading time\" \/>\n\t<meta name=\"twitter:data1\" content=\"1 minuto\" \/>\n<script type=\"application\/ld+json\" class=\"yoast-schema-graph\">{\"@context\":\"https:\/\/schema.org\",\"@graph\":[{\"@type\":\"Article\",\"@id\":\"https:\/\/noticiasya.com\/2024\/10\/24\/heridos-explosion-coche-bomba-guanajuato-orix\/#article\",\"isPartOf\":{\"@id\":\"https:\/\/noticiasya.com\/2024\/10\/24\/heridos-explosion-coche-bomba-guanajuato-orix\/\"},\"author\":{\"name\":\"\",\"@id\":\"\"},\"headline\":\"Tres polic\u00edas heridos tras la explosi\u00f3n de dos coches bomba en Guanajuato\",\"datePublished\":\"2024-10-25T00:03:40+00:00\",\"mainEntityOfPage\":{\"@id\":\"https:\/\/noticiasya.com\/2024\/10\/24\/heridos-explosion-coche-bomba-guanajuato-orix\/\"},\"wordCount\":191,\"commentCount\":0,\"publisher\":{\"@id\":\"https:\/\/noticiasya.com\/#organization\"},\"articleSection\":[\"Noticias Nacionales\"],\"inLanguage\":\"es\",\"potentialAction\":[{\"@type\":\"CommentAction\",\"name\":\"Comment\",\"target\":[\"https:\/\/noticiasya.com\/2024\/10\/24\/heridos-explosion-coche-bomba-guanajuato-orix\/#respond\"]}]},{\"@type\":\"WebPage\",\"@id\":\"https:\/\/noticiasya.com\/2024\/10\/24\/heridos-explosion-coche-bomba-guanajuato-orix\/\",\"url\":\"https:\/\/noticiasya.com\/2024\/10\/24\/heridos-explosion-coche-bomba-guanajuato-orix\/\",\"name\":\"Tres polic\u00edas heridos tras la explosi\u00f3n de dos coches bomba en Guanajuato - Noticias\",\"isPartOf\":{\"@id\":\"https:\/\/noticiasya.com\/#website\"},\"datePublished\":\"2024-10-25T00:03:40+00:00\",\"breadcrumb\":{\"@id\":\"https:\/\/noticiasya.com\/2024\/10\/24\/heridos-explosion-coche-bomba-guanajuato-orix\/#breadcrumb\"},\"inLanguage\":\"es\",\"potentialAction\":[{\"@type\":\"ReadAction\",\"target\":[\"https:\/\/noticiasya.com\/2024\/10\/24\/heridos-explosion-coche-bomba-guanajuato-orix\/\"]}]},{\"@type\":\"BreadcrumbList\",\"@id\":\"https:\/\/noticiasya.com\/2024\/10\/24\/heridos-explosion-coche-bomba-guanajuato-orix\/#breadcrumb\",\"itemListElement\":[{\"@type\":\"ListItem\",\"position\":1,\"name\":\"Home\",\"item\":\"https:\/\/noticiasya.com\/\"},{\"@type\":\"ListItem\",\"position\":2,\"name\":\"Tres polic\u00edas heridos tras la explosi\u00f3n de dos coches bomba en Guanajuato\"}]},{\"@type\":\"WebSite\",\"@id\":\"https:\/\/noticiasya.com\/#website\",\"url\":\"https:\/\/noticiasya.com\/\",\"name\":\"Noticias\",\"description\":\"Lo que importa\",\"publisher\":{\"@id\":\"https:\/\/noticiasya.com\/#organization\"},\"potentialAction\":[{\"@type\":\"SearchAction\",\"target\":{\"@type\":\"EntryPoint\",\"urlTemplate\":\"https:\/\/noticiasya.com\/?s={search_term_string}\"},\"query-input\":{\"@type\":\"PropertyValueSpecification\",\"valueRequired\":true,\"valueName\":\"search_term_string\"}}],\"inLanguage\":\"es\"},{\"@type\":\"Organization\",\"@id\":\"https:\/\/noticiasya.com\/#organization\",\"name\":\"Noticias\",\"url\":\"https:\/\/noticiasya.com\/\",\"logo\":{\"@type\":\"ImageObject\",\"inLanguage\":\"es\",\"@id\":\"https:\/\/noticiasya.com\/#\/schema\/logo\/image\/\",\"url\":\"https:\/\/noticiasya.com\/wp-content\/uploads\/sites\/22\/2023\/12\/logo-nacional.png\",\"contentUrl\":\"https:\/\/noticiasya.com\/wp-content\/uploads\/sites\/22\/2023\/12\/logo-nacional.png\",\"width\":1801,\"height\":691,\"caption\":\"Noticias\"},\"image\":{\"@id\":\"https:\/\/noticiasya.com\/#\/schema\/logo\/image\/\"}}]}<\/script>\n<!-- \/ Yoast SEO plugin. -->","yoast_head_json":{"title":"Tres polic\u00edas heridos tras la explosi\u00f3n de dos coches bomba en Guanajuato - Noticias","robots":{"index":"index","follow":"follow","max-snippet":"max-snippet:-1","max-image-preview":"max-image-preview:large","max-video-preview":"max-video-preview:-1"},"canonical":"https:\/\/noticiasya.com\/2024\/10\/24\/heridos-explosion-coche-bomba-guanajuato-orix\/","og_locale":"es_ES","og_type":"article","og_title":"Tres polic\u00edas heridos tras la explosi\u00f3n de dos coches bomba en Guanajuato - Noticias","og_description":"(CNN en Espa\u00f1ol) &#8212; Al menos tres polic\u00edas resultaron heridos tras la explosi\u00f3n de un coche bomba frente a instalaciones de seguridad en la localidad de Ac\u00e1mbaro, inform\u00f3 este jueves la Fiscal\u00eda de Guanajuato. Horas despu\u00e9s, otro coche bomba explot\u00f3 en Jer\u00e9cuaro, dejando solo da\u00f1os materiales, de acuerdo con las autoridades. Tras la explosi\u00f3n, la [&hellip;]","og_url":"https:\/\/noticiasya.com\/2024\/10\/24\/heridos-explosion-coche-bomba-guanajuato-orix\/","og_site_name":"Noticias","article_published_time":"2024-10-25T00:03:40+00:00","twitter_card":"summary_large_image","twitter_misc":{"Est. reading time":"1 minuto"},"schema":{"@context":"https:\/\/schema.org","@graph":[{"@type":"Article","@id":"https:\/\/noticiasya.com\/2024\/10\/24\/heridos-explosion-coche-bomba-guanajuato-orix\/#article","isPartOf":{"@id":"https:\/\/noticiasya.com\/2024\/10\/24\/heridos-explosion-coche-bomba-guanajuato-orix\/"},"author":{"name":"","@id":""},"headline":"Tres polic\u00edas heridos tras la explosi\u00f3n de dos coches bomba en Guanajuato","datePublished":"2024-10-25T00:03:40+00:00","mainEntityOfPage":{"@id":"https:\/\/noticiasya.com\/2024\/10\/24\/heridos-explosion-coche-bomba-guanajuato-orix\/"},"wordCount":191,"commentCount":0,"publisher":{"@id":"https:\/\/noticiasya.com\/#organization"},"articleSection":["Noticias Nacionales"],"inLanguage":"es","potentialAction":[{"@type":"CommentAction","name":"Comment","target":["https:\/\/noticiasya.com\/2024\/10\/24\/heridos-explosion-coche-bomba-guanajuato-orix\/#respond"]}]},{"@type":"WebPage","@id":"https:\/\/noticiasya.com\/2024\/10\/24\/heridos-explosion-coche-bomba-guanajuato-orix\/","url":"https:\/\/noticiasya.com\/2024\/10\/24\/heridos-explosion-coche-bomba-guanajuato-orix\/","name":"Tres polic\u00edas heridos tras la explosi\u00f3n de dos coches bomba en Guanajuato - Noticias","isPartOf":{"@id":"https:\/\/noticiasya.com\/#website"},"datePublished":"2024-10-25T00:03:40+00:00","breadcrumb":{"@id":"https:\/\/noticiasya.com\/2024\/10\/24\/heridos-explosion-coche-bomba-guanajuato-orix\/#breadcrumb"},"inLanguage":"es","potentialAction":[{"@type":"ReadAction","target":["https:\/\/noticiasya.com\/2024\/10\/24\/heridos-explosion-coche-bomba-guanajuato-orix\/"]}]},{"@type":"BreadcrumbList","@id":"https:\/\/noticiasya.com\/2024\/10\/24\/heridos-explosion-coche-bomba-guanajuato-orix\/#breadcrumb","itemListElement":[{"@type":"ListItem","position":1,"name":"Home","item":"https:\/\/noticiasya.com\/"},{"@type":"ListItem","position":2,"name":"Tres polic\u00edas heridos tras la explosi\u00f3n de dos coches bomba en Guanajuato"}]},{"@type":"WebSite","@id":"https:\/\/noticiasya.com\/#website","url":"https:\/\/noticiasya.com\/","name":"Noticias","description":"Lo que importa","publisher":{"@id":"https:\/\/noticiasya.com\/#organization"},"potentialAction":[{"@type":"SearchAction","target":{"@type":"EntryPoint","urlTemplate":"https:\/\/noticiasya.com\/?s={search_term_string}"},"query-input":{"@type":"PropertyValueSpecification","valueRequired":true,"valueName":"search_term_string"}}],"inLanguage":"es"},{"@type":"Organization","@id":"https:\/\/noticiasya.com\/#organization","name":"Noticias","url":"https:\/\/noticiasya.com\/","logo":{"@type":"ImageObject","inLanguage":"es","@id":"https:\/\/noticiasya.com\/#\/schema\/logo\/image\/","url":"https:\/\/noticiasya.com\/wp-content\/uploads\/sites\/22\/2023\/12\/logo-nacional.png","contentUrl":"https:\/\/noticiasya.com\/wp-content\/uploads\/sites\/22\/2023\/12\/logo-nacional.png","width":1801,"height":691,"caption":"Noticias"},"image":{"@id":"https:\/\/noticiasya.com\/#\/schema\/logo\/image\/"}}]}},"parsely":{"version":"1.1.0","canonical_url":"https:\/\/noticiasya.com\/el-valle\/2024\/10\/24\/heridos-explosion-coche-bomba-guanajuato-orix\/","smart_links":{"inbound":0,"outbound":0},"traffic_boost_suggestions_count":0,"meta":{"@context":"https:\/\/schema.org","@type":"NewsArticle","headline":"Tres polic\u00edas heridos tras la explosi\u00f3n de dos coches bomba en Guanajuato","url":"http:\/\/noticiasya.com\/el-valle\/2024\/10\/24\/heridos-explosion-coche-bomba-guanajuato-orix\/","mainEntityOfPage":{"@type":"WebPage","@id":"http:\/\/noticiasya.com\/el-valle\/2024\/10\/24\/heridos-explosion-coche-bomba-guanajuato-orix\/"},"thumbnailUrl":"","image":{"@type":"ImageObject","url":""},"articleSection":"Noticias Nacionales","author":[],"creator":[],"publisher":{"@type":"Organization","name":"Noticias","logo":""},"keywords":[],"dateCreated":"2024-10-25T00:03:40Z","datePublished":"2024-10-25T00:03:40Z","dateModified":"2024-10-25T00:03:40Z"},"rendered":"<script type=\"application\/ld+json\" class=\"wp-parsely-metadata\">{\"@context\":\"https:\\\/\\\/schema.org\",\"@type\":\"NewsArticle\",\"headline\":\"Tres polic\\u00edas heridos tras la explosi\\u00f3n de dos coches bomba en Guanajuato\",\"url\":\"http:\\\/\\\/noticiasya.com\\\/el-valle\\\/2024\\\/10\\\/24\\\/heridos-explosion-coche-bomba-guanajuato-orix\\\/\",\"mainEntityOfPage\":{\"@type\":\"WebPage\",\"@id\":\"http:\\\/\\\/noticiasya.com\\\/el-valle\\\/2024\\\/10\\\/24\\\/heridos-explosion-coche-bomba-guanajuato-orix\\\/\"},\"thumbnailUrl\":\"\",\"image\":{\"@type\":\"ImageObject\",\"url\":\"\"},\"articleSection\":\"Noticias Nacionales\",\"author\":[],\"creator\":[],\"publisher\":{\"@type\":\"Organization\",\"name\":\"Noticias\",\"logo\":\"\"},\"keywords\":[],\"dateCreated\":\"2024-10-25T00:03:40Z\",\"datePublished\":\"2024-10-25T00:03:40Z\",\"dateModified\":\"2024-10-25T00:03:40Z\"}<\/script>","tracker_url":"https:\/\/cdn.parsely.com\/keys\/noticiasya.com\/p.js"},"jetpack_featured_media_url":"","jetpack-related-posts":[{"id":1469031,"url":"https:\/\/noticiasya.com\/el-valle\/2025\/12\/06\/explosion-carro-bomba-muertos-heridos-michoacan-efe\/","url_meta":{"origin":1455343,"position":0},"title":"La explosi\u00f3n de un carro bomba deja dos muertos y siete heridos en el oeste de M\u00e9xico","author":"","date":"diciembre 6, 2025","format":false,"excerpt":"Un ataque con un carro bomba en las instalaciones de la Polic\u00eda Comunitaria del municipio de Coahuayana, en el estado mexicano de Michoac\u00e1n, dej\u00f3 un saldo preliminar de dos personas muertas y al menos siete lesionadas, inform\u00f3 este s\u00e1bado el Gabinete de Seguridad.El organismo inform\u00f3 que las autoridades realizan la\u2026","rel":"","context":"In &quot;Noticias Nacionales&quot;","block_context":{"text":"Noticias Nacionales","link":"https:\/\/noticiasya.com\/el-valle\/categoria\/noticias-nacionales"},"img":{"alt_text":"","src":"","width":0,"height":0},"classes":[]},{"id":1469085,"url":"https:\/\/noticiasya.com\/el-valle\/2025\/12\/08\/violencia-michoacan-coche-bomba-coahuayana-orix\/","url_meta":{"origin":1455343,"position":1},"title":"Violencia en Michoac\u00e1n: qu\u00e9 sabemos sobre el coche bomba que estall\u00f3 en Coahuayana","author":"","date":"diciembre 8, 2025","format":false,"excerpt":"Un veh\u00edculo cargado con explosivos deton\u00f3 el s\u00e1bado frente a la base de la Polic\u00eda Comunitaria de Coahuayana, un municipio ubicado en la costa del estado mexicano de Michoac\u00e1n, en un momento en que las autoridades federales y estatales mantienen operativos para contener la violencia que persiste en la regi\u00f3n.La\u2026","rel":"","context":"In &quot;Noticias Nacionales&quot;","block_context":{"text":"Noticias Nacionales","link":"https:\/\/noticiasya.com\/el-valle\/categoria\/noticias-nacionales"},"img":{"alt_text":"","src":"","width":0,"height":0},"classes":[]},{"id":1469535,"url":"https:\/\/noticiasya.com\/el-valle\/2025\/12\/24\/explosion-moscu-mata-dos-policias-trax\/","url_meta":{"origin":1455343,"position":2},"title":"Una explosi\u00f3n en Mosc\u00fa mata a dos polic\u00edas, d\u00edas despu\u00e9s del aparente homicidio de un general","author":"","date":"diciembre 24, 2025","format":false,"excerpt":"Dos polic\u00edas y una tercera persona murieron la madrugada del mi\u00e9rcoles por una bomba en Mosc\u00fa, cerca del lugar donde hace dos d\u00edas ocurri\u00f3 un atentado con veh\u00edculo con explosivos que mat\u00f3 a un alto general ruso.Dos agentes se acercaron a una persona sospechosa que deton\u00f3 un dispositivo explosivo cerca\u2026","rel":"","context":"In &quot;Noticias Nacionales&quot;","block_context":{"text":"Noticias Nacionales","link":"https:\/\/noticiasya.com\/el-valle\/categoria\/noticias-nacionales"},"img":{"alt_text":"","src":"","width":0,"height":0},"classes":[]},{"id":1467391,"url":"https:\/\/noticiasya.com\/el-valle\/2025\/10\/15\/explosion-coche-bomba-centro-comercial-ecuador-orix\/","url_meta":{"origin":1455343,"position":3},"title":"Un coche bomba explota frente a un centro comercial en Guayaquil y lleva la tensi\u00f3n en Ecuador a un extremo","author":"","date":"octubre 15, 2025","format":false,"excerpt":"La explosi\u00f3n de un veh\u00edculo la noche de este martes retumb\u00f3 en pleno centro financiero de Guayaquil y gener\u00f3 alarma y miedo en la poblaci\u00f3n. El estruendo se origin\u00f3 frente a un centro comercial en Guayaquil y elev\u00f3 la tensi\u00f3n en Ecuador. Una persona muri\u00f3 tras la explosi\u00f3n y al\u2026","rel":"","context":"In &quot;Noticias Nacionales&quot;","block_context":{"text":"Noticias Nacionales","link":"https:\/\/noticiasya.com\/el-valle\/categoria\/noticias-nacionales"},"img":{"alt_text":"","src":"","width":0,"height":0},"classes":[]},{"id":1466366,"url":"https:\/\/noticiasya.com\/el-valle\/2025\/09\/11\/explosion-camion-gas-mexico-que-paso-antes-despues-orix\/","url_meta":{"origin":1455343,"position":4},"title":"\u00bfQu\u00e9 pas\u00f3 antes y despu\u00e9s de la explosi\u00f3n del cami\u00f3n con gas en M\u00e9xico que dej\u00f3 muertos y heridos?","author":"","date":"septiembre 11, 2025","format":false,"excerpt":"Este mi\u00e9rcoles una explosi\u00f3n de una pipa de gas LP bajo el Puente de la Concordia, en Iztapalapa, en M\u00e9xico, provoc\u00f3 una tragedia que ha dejado hasta el momento 6 personas muertas y 90 lesionadas, entre ellas cuatro beb\u00e9s.De acuerdo con la fiscal\u00eda capitalina, la pipa, que transportaba 49.500 litros\u2026","rel":"","context":"In &quot;Noticias Nacionales&quot;","block_context":{"text":"Noticias Nacionales","link":"https:\/\/noticiasya.com\/el-valle\/categoria\/noticias-nacionales"},"img":{"alt_text":"","src":"","width":0,"height":0},"classes":[]},{"id":1467080,"url":"https:\/\/noticiasya.com\/el-valle\/2025\/10\/03\/heridos-conmemoracion-masacre-tlatelolco-zocalo-mexico-efe\/","url_meta":{"origin":1455343,"position":5},"title":"M\u00e1s de 100 heridos durante una manifestaci\u00f3n que conmemor\u00f3 la matanza de Tlatelolco en M\u00e9xico","author":"","date":"octubre 3, 2025","format":false,"excerpt":"Al menos 94 polic\u00edas resultaron heridos durante la manifestaci\u00f3n que conmemor\u00f3 el 57 aniversario de la masacre estudiantil de Tlatelolco, del 2 de octubre de 1968, inform\u00f3 este jueves la Secretar\u00eda de Seguridad Ciudadana (SSC) de la Ciudad de M\u00e9xico.Por su parte, los servicios de emergencias informaron que fueron atendidas\u2026","rel":"","context":"In &quot;Noticias Nacionales&quot;","block_context":{"text":"Noticias Nacionales","link":"https:\/\/noticiasya.com\/el-valle\/categoria\/noticias-nacionales"},"img":{"alt_text":"","src":"","width":0,"height":0},"classes":[]}],"jetpack_sharing_enabled":true,"_links":{"self":[{"href":"https:\/\/noticiasya.com\/el-valle\/wp-json\/wp\/v2\/posts\/1455343","targetHints":{"allow":["GET"]}}],"collection":[{"href":"https:\/\/noticiasya.com\/el-valle\/wp-json\/wp\/v2\/posts"}],"about":[{"href":"https:\/\/noticiasya.com\/el-valle\/wp-json\/wp\/v2\/types\/post"}],"replies":[{"embeddable":true,"href":"https:\/\/noticiasya.com\/el-valle\/wp-json\/wp\/v2\/comments?post=1455343"}],"version-history":[{"count":0,"href":"https:\/\/noticiasya.com\/el-valle\/wp-json\/wp\/v2\/posts\/1455343\/revisions"}],"wp:attachment":[{"href":"https:\/\/noticiasya.com\/el-valle\/wp-json\/wp\/v2\/media?parent=1455343"}],"wp:term":[{"taxonomy":"category","embeddable":true,"href":"https:\/\/noticiasya.com\/el-valle\/wp-json\/wp\/v2\/categories?post=1455343"},{"taxonomy":"post_tag","embeddable":true,"href":"https:\/\/noticiasya.com\/el-valle\/wp-json\/wp\/v2\/tags?post=1455343"}],"curies":[{"name":"wp","href":"https:\/\/api.w.org\/{rel}","templated":true}]}}