{"id":1455366,"date":"2024-10-25T17:03:47","date_gmt":"2024-10-26T00:03:47","guid":{"rendered":"https:\/\/noticiasya.com\/2024\/10\/25\/explosiones-teheran-iran-israel-medio-oriente-trax\/"},"modified":"2024-10-25T17:03:47","modified_gmt":"2024-10-26T00:03:47","slug":"explosiones-teheran-iran-israel-medio-oriente-trax","status":"publish","type":"post","link":"https:\/\/noticiasya.com\/el-valle\/2024\/10\/25\/explosiones-teheran-iran-israel-medio-oriente-trax\/","title":{"rendered":"Israel comenz\u00f3 sus ataques de represalia contra Ir\u00e1n, de acuerdo con un funcionario"},"content":{"rendered":"<p>(CNN) &#8212; Israel comenz\u00f3 sus ataques de represalia contra Ir\u00e1n en respuesta a un ataque desde Teher\u00e1n a principios de este mes, seg\u00fan un funcionario familiarizado con la operaci\u00f3n.<\/p>\n<p>La agencia de noticias semioficial Tasnim inform\u00f3 que se escucharon varias explosiones al oeste de la capital iran\u00ed.<\/p>\n<p>Aliados \u00e1rabes de Washington se comprometen con Ir\u00e1n mientras EE.UU. fracasa en Medio Oriente para frenar la violencia<\/p>\n<p>El s\u00e1bado por la ma\u00f1ana, hora local, se escuch\u00f3 una serie de explosiones en Teher\u00e1n, seg\u00fan la agencia de noticias semioficial iran\u00ed Fars.<\/p>\n<p>Las explosiones ocurren mientras la regi\u00f3n se prepara para una respuesta israel\u00ed al ataque de Ir\u00e1n a principios de este mes.<\/p>\n<p>Esta es una noticia en desarrollo. M\u00e1s informaci\u00f3n pr\u00f3ximamente.<\/p>\n<p>The-CNN-Wire<br \/>&trade; &amp; &copy; 2024 Cable News Network, Inc., a Warner Bros. Discovery Company. All rights reserved.<\/p>\n","protected":false},"excerpt":{"rendered":"<p>(CNN) &#8212; Israel comenz\u00f3 sus ataques de represalia contra Ir\u00e1n en respuesta a un ataque desde Teher\u00e1n a principios de este mes, seg\u00fan un funcionario familiarizado con la operaci\u00f3n. La agencia de noticias semioficial Tasnim inform\u00f3 que se escucharon varias explosiones al oeste de la capital iran\u00ed. Aliados \u00e1rabes de Washington se comprometen con Ir\u00e1n [&hellip;]<\/p>\n","protected":false},"author":0,"featured_media":0,"comment_status":"open","ping_status":"open","sticky":false,"template":"","format":"standard","meta":{"_jetpack_memberships_contains_paid_content":false,"footnotes":""},"categories":[10],"tags":[],"class_list":["post-1455366","post","type-post","status-publish","format-standard","hentry","category-noticias-nacionales","market-global"],"yoast_head":"<!-- This site is optimized with the Yoast SEO plugin v24.4 - https:\/\/yoast.com\/wordpress\/plugins\/seo\/ -->\n<title>Israel comenz\u00f3 sus ataques de represalia contra Ir\u00e1n, de acuerdo con un funcionario - Noticias<\/title>\n<meta name=\"robots\" content=\"index, follow, max-snippet:-1, max-image-preview:large, max-video-preview:-1\" \/>\n<link rel=\"canonical\" href=\"https:\/\/noticiasya.com\/2024\/10\/25\/explosiones-teheran-iran-israel-medio-oriente-trax\/\" \/>\n<meta property=\"og:locale\" content=\"es_ES\" \/>\n<meta property=\"og:type\" content=\"article\" \/>\n<meta property=\"og:title\" content=\"Israel comenz\u00f3 sus ataques de represalia contra Ir\u00e1n, de acuerdo con un funcionario - Noticias\" \/>\n<meta property=\"og:description\" content=\"(CNN) &#8212; Israel comenz\u00f3 sus ataques de represalia contra Ir\u00e1n en respuesta a un ataque desde Teher\u00e1n a principios de este mes, seg\u00fan un funcionario familiarizado con la operaci\u00f3n. La agencia de noticias semioficial Tasnim inform\u00f3 que se escucharon varias explosiones al oeste de la capital iran\u00ed. Aliados \u00e1rabes de Washington se comprometen con Ir\u00e1n [&hellip;]\" \/>\n<meta property=\"og:url\" content=\"https:\/\/noticiasya.com\/2024\/10\/25\/explosiones-teheran-iran-israel-medio-oriente-trax\/\" \/>\n<meta property=\"og:site_name\" content=\"Noticias\" \/>\n<meta property=\"article:published_time\" content=\"2024-10-26T00:03:47+00:00\" \/>\n<meta name=\"twitter:card\" content=\"summary_large_image\" \/>\n<meta name=\"twitter:label1\" content=\"Est. reading time\" \/>\n\t<meta name=\"twitter:data1\" content=\"1 minuto\" \/>\n<script type=\"application\/ld+json\" class=\"yoast-schema-graph\">{\"@context\":\"https:\/\/schema.org\",\"@graph\":[{\"@type\":\"Article\",\"@id\":\"https:\/\/noticiasya.com\/2024\/10\/25\/explosiones-teheran-iran-israel-medio-oriente-trax\/#article\",\"isPartOf\":{\"@id\":\"https:\/\/noticiasya.com\/2024\/10\/25\/explosiones-teheran-iran-israel-medio-oriente-trax\/\"},\"author\":{\"name\":\"\",\"@id\":\"\"},\"headline\":\"Israel comenz\u00f3 sus ataques de represalia contra Ir\u00e1n, de acuerdo con un funcionario\",\"datePublished\":\"2024-10-26T00:03:47+00:00\",\"mainEntityOfPage\":{\"@id\":\"https:\/\/noticiasya.com\/2024\/10\/25\/explosiones-teheran-iran-israel-medio-oriente-trax\/\"},\"wordCount\":163,\"commentCount\":0,\"publisher\":{\"@id\":\"https:\/\/noticiasya.com\/#organization\"},\"articleSection\":[\"Noticias Nacionales\"],\"inLanguage\":\"es\",\"potentialAction\":[{\"@type\":\"CommentAction\",\"name\":\"Comment\",\"target\":[\"https:\/\/noticiasya.com\/2024\/10\/25\/explosiones-teheran-iran-israel-medio-oriente-trax\/#respond\"]}]},{\"@type\":\"WebPage\",\"@id\":\"https:\/\/noticiasya.com\/2024\/10\/25\/explosiones-teheran-iran-israel-medio-oriente-trax\/\",\"url\":\"https:\/\/noticiasya.com\/2024\/10\/25\/explosiones-teheran-iran-israel-medio-oriente-trax\/\",\"name\":\"Israel comenz\u00f3 sus ataques de represalia contra Ir\u00e1n, de acuerdo con un funcionario - Noticias\",\"isPartOf\":{\"@id\":\"https:\/\/noticiasya.com\/#website\"},\"datePublished\":\"2024-10-26T00:03:47+00:00\",\"breadcrumb\":{\"@id\":\"https:\/\/noticiasya.com\/2024\/10\/25\/explosiones-teheran-iran-israel-medio-oriente-trax\/#breadcrumb\"},\"inLanguage\":\"es\",\"potentialAction\":[{\"@type\":\"ReadAction\",\"target\":[\"https:\/\/noticiasya.com\/2024\/10\/25\/explosiones-teheran-iran-israel-medio-oriente-trax\/\"]}]},{\"@type\":\"BreadcrumbList\",\"@id\":\"https:\/\/noticiasya.com\/2024\/10\/25\/explosiones-teheran-iran-israel-medio-oriente-trax\/#breadcrumb\",\"itemListElement\":[{\"@type\":\"ListItem\",\"position\":1,\"name\":\"Home\",\"item\":\"https:\/\/noticiasya.com\/\"},{\"@type\":\"ListItem\",\"position\":2,\"name\":\"Israel comenz\u00f3 sus ataques de represalia contra Ir\u00e1n, de acuerdo con un funcionario\"}]},{\"@type\":\"WebSite\",\"@id\":\"https:\/\/noticiasya.com\/#website\",\"url\":\"https:\/\/noticiasya.com\/\",\"name\":\"Noticias\",\"description\":\"Lo que importa\",\"publisher\":{\"@id\":\"https:\/\/noticiasya.com\/#organization\"},\"potentialAction\":[{\"@type\":\"SearchAction\",\"target\":{\"@type\":\"EntryPoint\",\"urlTemplate\":\"https:\/\/noticiasya.com\/?s={search_term_string}\"},\"query-input\":{\"@type\":\"PropertyValueSpecification\",\"valueRequired\":true,\"valueName\":\"search_term_string\"}}],\"inLanguage\":\"es\"},{\"@type\":\"Organization\",\"@id\":\"https:\/\/noticiasya.com\/#organization\",\"name\":\"Noticias\",\"url\":\"https:\/\/noticiasya.com\/\",\"logo\":{\"@type\":\"ImageObject\",\"inLanguage\":\"es\",\"@id\":\"https:\/\/noticiasya.com\/#\/schema\/logo\/image\/\",\"url\":\"https:\/\/noticiasya.com\/wp-content\/uploads\/sites\/22\/2023\/12\/logo-nacional.png\",\"contentUrl\":\"https:\/\/noticiasya.com\/wp-content\/uploads\/sites\/22\/2023\/12\/logo-nacional.png\",\"width\":1801,\"height\":691,\"caption\":\"Noticias\"},\"image\":{\"@id\":\"https:\/\/noticiasya.com\/#\/schema\/logo\/image\/\"}}]}<\/script>\n<!-- \/ Yoast SEO plugin. -->","yoast_head_json":{"title":"Israel comenz\u00f3 sus ataques de represalia contra Ir\u00e1n, de acuerdo con un funcionario - Noticias","robots":{"index":"index","follow":"follow","max-snippet":"max-snippet:-1","max-image-preview":"max-image-preview:large","max-video-preview":"max-video-preview:-1"},"canonical":"https:\/\/noticiasya.com\/2024\/10\/25\/explosiones-teheran-iran-israel-medio-oriente-trax\/","og_locale":"es_ES","og_type":"article","og_title":"Israel comenz\u00f3 sus ataques de represalia contra Ir\u00e1n, de acuerdo con un funcionario - Noticias","og_description":"(CNN) &#8212; Israel comenz\u00f3 sus ataques de represalia contra Ir\u00e1n en respuesta a un ataque desde Teher\u00e1n a principios de este mes, seg\u00fan un funcionario familiarizado con la operaci\u00f3n. La agencia de noticias semioficial Tasnim inform\u00f3 que se escucharon varias explosiones al oeste de la capital iran\u00ed. Aliados \u00e1rabes de Washington se comprometen con Ir\u00e1n [&hellip;]","og_url":"https:\/\/noticiasya.com\/2024\/10\/25\/explosiones-teheran-iran-israel-medio-oriente-trax\/","og_site_name":"Noticias","article_published_time":"2024-10-26T00:03:47+00:00","twitter_card":"summary_large_image","twitter_misc":{"Est. reading time":"1 minuto"},"schema":{"@context":"https:\/\/schema.org","@graph":[{"@type":"Article","@id":"https:\/\/noticiasya.com\/2024\/10\/25\/explosiones-teheran-iran-israel-medio-oriente-trax\/#article","isPartOf":{"@id":"https:\/\/noticiasya.com\/2024\/10\/25\/explosiones-teheran-iran-israel-medio-oriente-trax\/"},"author":{"name":"","@id":""},"headline":"Israel comenz\u00f3 sus ataques de represalia contra Ir\u00e1n, de acuerdo con un funcionario","datePublished":"2024-10-26T00:03:47+00:00","mainEntityOfPage":{"@id":"https:\/\/noticiasya.com\/2024\/10\/25\/explosiones-teheran-iran-israel-medio-oriente-trax\/"},"wordCount":163,"commentCount":0,"publisher":{"@id":"https:\/\/noticiasya.com\/#organization"},"articleSection":["Noticias Nacionales"],"inLanguage":"es","potentialAction":[{"@type":"CommentAction","name":"Comment","target":["https:\/\/noticiasya.com\/2024\/10\/25\/explosiones-teheran-iran-israel-medio-oriente-trax\/#respond"]}]},{"@type":"WebPage","@id":"https:\/\/noticiasya.com\/2024\/10\/25\/explosiones-teheran-iran-israel-medio-oriente-trax\/","url":"https:\/\/noticiasya.com\/2024\/10\/25\/explosiones-teheran-iran-israel-medio-oriente-trax\/","name":"Israel comenz\u00f3 sus ataques de represalia contra Ir\u00e1n, de acuerdo con un funcionario - Noticias","isPartOf":{"@id":"https:\/\/noticiasya.com\/#website"},"datePublished":"2024-10-26T00:03:47+00:00","breadcrumb":{"@id":"https:\/\/noticiasya.com\/2024\/10\/25\/explosiones-teheran-iran-israel-medio-oriente-trax\/#breadcrumb"},"inLanguage":"es","potentialAction":[{"@type":"ReadAction","target":["https:\/\/noticiasya.com\/2024\/10\/25\/explosiones-teheran-iran-israel-medio-oriente-trax\/"]}]},{"@type":"BreadcrumbList","@id":"https:\/\/noticiasya.com\/2024\/10\/25\/explosiones-teheran-iran-israel-medio-oriente-trax\/#breadcrumb","itemListElement":[{"@type":"ListItem","position":1,"name":"Home","item":"https:\/\/noticiasya.com\/"},{"@type":"ListItem","position":2,"name":"Israel comenz\u00f3 sus ataques de represalia contra Ir\u00e1n, de acuerdo con un funcionario"}]},{"@type":"WebSite","@id":"https:\/\/noticiasya.com\/#website","url":"https:\/\/noticiasya.com\/","name":"Noticias","description":"Lo que importa","publisher":{"@id":"https:\/\/noticiasya.com\/#organization"},"potentialAction":[{"@type":"SearchAction","target":{"@type":"EntryPoint","urlTemplate":"https:\/\/noticiasya.com\/?s={search_term_string}"},"query-input":{"@type":"PropertyValueSpecification","valueRequired":true,"valueName":"search_term_string"}}],"inLanguage":"es"},{"@type":"Organization","@id":"https:\/\/noticiasya.com\/#organization","name":"Noticias","url":"https:\/\/noticiasya.com\/","logo":{"@type":"ImageObject","inLanguage":"es","@id":"https:\/\/noticiasya.com\/#\/schema\/logo\/image\/","url":"https:\/\/noticiasya.com\/wp-content\/uploads\/sites\/22\/2023\/12\/logo-nacional.png","contentUrl":"https:\/\/noticiasya.com\/wp-content\/uploads\/sites\/22\/2023\/12\/logo-nacional.png","width":1801,"height":691,"caption":"Noticias"},"image":{"@id":"https:\/\/noticiasya.com\/#\/schema\/logo\/image\/"}}]}},"parsely":{"version":"1.1.0","canonical_url":"https:\/\/noticiasya.com\/el-valle\/2024\/10\/25\/explosiones-teheran-iran-israel-medio-oriente-trax\/","smart_links":{"inbound":0,"outbound":0},"traffic_boost_suggestions_count":0,"meta":{"@context":"https:\/\/schema.org","@type":"NewsArticle","headline":"Israel comenz\u00f3 sus ataques de represalia contra Ir\u00e1n, de acuerdo con un funcionario","url":"http:\/\/noticiasya.com\/el-valle\/2024\/10\/25\/explosiones-teheran-iran-israel-medio-oriente-trax\/","mainEntityOfPage":{"@type":"WebPage","@id":"http:\/\/noticiasya.com\/el-valle\/2024\/10\/25\/explosiones-teheran-iran-israel-medio-oriente-trax\/"},"thumbnailUrl":"","image":{"@type":"ImageObject","url":""},"articleSection":"Noticias Nacionales","author":[],"creator":[],"publisher":{"@type":"Organization","name":"Noticias","logo":""},"keywords":[],"dateCreated":"2024-10-26T00:03:47Z","datePublished":"2024-10-26T00:03:47Z","dateModified":"2024-10-26T00:03:47Z"},"rendered":"<script type=\"application\/ld+json\" class=\"wp-parsely-metadata\">{\"@context\":\"https:\\\/\\\/schema.org\",\"@type\":\"NewsArticle\",\"headline\":\"Israel comenz\\u00f3 sus ataques de represalia contra Ir\\u00e1n, de acuerdo con un funcionario\",\"url\":\"http:\\\/\\\/noticiasya.com\\\/el-valle\\\/2024\\\/10\\\/25\\\/explosiones-teheran-iran-israel-medio-oriente-trax\\\/\",\"mainEntityOfPage\":{\"@type\":\"WebPage\",\"@id\":\"http:\\\/\\\/noticiasya.com\\\/el-valle\\\/2024\\\/10\\\/25\\\/explosiones-teheran-iran-israel-medio-oriente-trax\\\/\"},\"thumbnailUrl\":\"\",\"image\":{\"@type\":\"ImageObject\",\"url\":\"\"},\"articleSection\":\"Noticias Nacionales\",\"author\":[],\"creator\":[],\"publisher\":{\"@type\":\"Organization\",\"name\":\"Noticias\",\"logo\":\"\"},\"keywords\":[],\"dateCreated\":\"2024-10-26T00:03:47Z\",\"datePublished\":\"2024-10-26T00:03:47Z\",\"dateModified\":\"2024-10-26T00:03:47Z\"}<\/script>","tracker_url":"https:\/\/cdn.parsely.com\/keys\/noticiasya.com\/p.js"},"jetpack_featured_media_url":"","jetpack-related-posts":[{"id":1448257,"url":"https:\/\/noticiasya.com\/el-valle\/2024\/04\/18\/explosion-ciudad-irani-isfahan-reportes-trax\/","url_meta":{"origin":1455366,"position":0},"title":"Israel lanz\u00f3 un ataque dentro de Ir\u00e1n, dice funcionario estadounidense, al tiempo que se reportan explosiones cerca de una base militar","author":"","date":"abril 18, 2024","format":false,"excerpt":"(CNN) - Israel llev\u00f3 a cabo un ataque dentro de Ir\u00e1n, dijo un funcionario estadounidense a CNN este viernes, una medida que amenaza con empujar a la regi\u00f3n a\u00fan m\u00e1s hacia el conflicto. El objetivo no es nuclear, a\u00f1adi\u00f3 el funcionario.Los sistemas de defensa antia\u00e9rea de Ir\u00e1n se activaron en\u2026","rel":"","context":"In &quot;Noticias Nacionales&quot;","block_context":{"text":"Noticias Nacionales","link":"https:\/\/noticiasya.com\/el-valle\/categoria\/noticias-nacionales"},"img":{"alt_text":"","src":"","width":0,"height":0},"classes":[]},{"id":1448266,"url":"https:\/\/noticiasya.com\/el-valle\/2024\/04\/19\/iran-drones-israel-como-trax\/","url_meta":{"origin":1455366,"position":1},"title":"Ir\u00e1n dice que derrib\u00f3 drones mientras aumentan las tensiones regionales. \u00bfC\u00f3mo se lleg\u00f3 a este punto?","author":"","date":"abril 19, 2024","format":false,"excerpt":"(CNN) -- Un ataque a\u00e9reo no reivindicado en el centro de Ir\u00e1n el viernes se produce inmediatamente despu\u00e9s de los ataques iran\u00edes e israel\u00edes (en represalia a ataques previos) a principios de este mes, lo que marca una escalada potencialmente peligrosa del conflicto de Medio Oriente.Israel llev\u00f3 a cabo el\u2026","rel":"","context":"In &quot;Noticias Nacionales&quot;","block_context":{"text":"Noticias Nacionales","link":"https:\/\/noticiasya.com\/el-valle\/categoria\/noticias-nacionales"},"img":{"alt_text":"","src":"","width":0,"height":0},"classes":[]},{"id":1463529,"url":"https:\/\/noticiasya.com\/el-valle\/2025\/06\/13\/iran-lanza-misiles-contra-israel-represalia-ataques-trax\/","url_meta":{"origin":1455366,"position":2},"title":"Ir\u00e1n lanza &#171;cientos&#187; de misiles contra Israel en represalia por ataques israel\u00edes","author":"","date":"junio 13, 2025","format":false,"excerpt":"Las Fuerzas Armadas israel\u00edes advirtieron que \u201ctodo Israel est\u00e1 bajo fuego\u201d despu\u00e9s de que Teher\u00e1n lanzara ataques de represalia este viernes, tras los ataques de Israel contra objetivos militares y nucleares iran\u00edes.Ir\u00e1n confirm\u00f3 este viernes por la noche, hora local, que hab\u00eda lanzado \u201ccientos de diversos misiles bal\u00edsticos\u201d hacia Israel,\u2026","rel":"","context":"In &quot;Noticias Nacionales&quot;","block_context":{"text":"Noticias Nacionales","link":"https:\/\/noticiasya.com\/el-valle\/categoria\/noticias-nacionales"},"img":{"alt_text":"","src":"","width":0,"height":0},"classes":[]},{"id":1443163,"url":"https:\/\/noticiasya.com\/el-valle\/2024\/01\/04\/que-paso-con-las-devastadoras-explosiones-en-iran-y-que-sabemos-del-ataque\/","url_meta":{"origin":1455366,"position":3},"title":"\u00bfQu\u00e9 pas\u00f3 con las devastadoras explosiones en Ir\u00e1n y qu\u00e9 sabemos del ataque?","author":"","date":"enero 4, 2024","format":false,"excerpt":"(CNN) -- El ataque m\u00e1s mort\u00edfero dirigido contra Ir\u00e1n desde su Revoluci\u00f3n Isl\u00e1mica de 1979 sacudi\u00f3 a la Rep\u00fablica Isl\u00e1mica y provoc\u00f3 airados llamados de venganza.\u00a0Este mi\u00e9rcoles, al menos 84 personas murieron y otras 284 resultaron heridas en la ciudad iran\u00ed de Kerman despu\u00e9s de dos explosiones cerca del lugar\u2026","rel":"","context":"In &quot;Noticias Nacionales&quot;","block_context":{"text":"Noticias Nacionales","link":"https:\/\/noticiasya.com\/el-valle\/categoria\/noticias-nacionales"},"img":{"alt_text":"","src":"","width":0,"height":0},"classes":[]},{"id":1463508,"url":"https:\/\/noticiasya.com\/el-valle\/2025\/06\/12\/israel-lanza-ataques-preventivos-iran-trax\/","url_meta":{"origin":1455366,"position":4},"title":"Israel lanza &#171;ataques preventivos&#187; contra Ir\u00e1n","author":"","date":"junio 12, 2025","format":false,"excerpt":"Israel lanz\u00f3 lo que denomin\u00f3 \u201cataques preventivos\u201d contra Ir\u00e1n y se declar\u00f3 estado de emergencia en Israel, seg\u00fan el ministro de Defensa del pa\u00eds, Israel Katz.\u201cTras el ataque preventivo del Estado de Israel contra Ir\u00e1n, se espera un ataque con misiles y drones contra el Estado de Israel y su\u2026","rel":"","context":"In &quot;Noticias Nacionales&quot;","block_context":{"text":"Noticias Nacionales","link":"https:\/\/noticiasya.com\/el-valle\/categoria\/noticias-nacionales"},"img":{"alt_text":"","src":"","width":0,"height":0},"classes":[]},{"id":1455375,"url":"https:\/\/noticiasya.com\/el-valle\/2024\/10\/26\/estados-unidos-quiere-fin-fuego-directo-israel-iran-trax\/","url_meta":{"origin":1455366,"position":5},"title":"AN\u00c1LISIS | Estados Unidos quiere que este sea &#171;el fin&#187; del fuego directo entre Israel e Ir\u00e1n. Pero puede que sea demasiado pronto para eso","author":"","date":"octubre 26, 2024","format":false,"excerpt":"(CNN) -- Despu\u00e9s del ataque de Israel a Ir\u00e1n de la madrugada de este s\u00e1bado (hora local), funcionarios estadounidenses se apresuraron a advertir a ambos pa\u00edses contra la perpetuaci\u00f3n del ciclo de violencia, aunque los analistas dicen que una desescalada duradera no est\u00e1 firme.Los ataques a\u00e9reos \"deber\u00edan ser el fin\u2026","rel":"","context":"In &quot;Noticias Nacionales&quot;","block_context":{"text":"Noticias Nacionales","link":"https:\/\/noticiasya.com\/el-valle\/categoria\/noticias-nacionales"},"img":{"alt_text":"","src":"","width":0,"height":0},"classes":[]}],"jetpack_sharing_enabled":true,"_links":{"self":[{"href":"https:\/\/noticiasya.com\/el-valle\/wp-json\/wp\/v2\/posts\/1455366","targetHints":{"allow":["GET"]}}],"collection":[{"href":"https:\/\/noticiasya.com\/el-valle\/wp-json\/wp\/v2\/posts"}],"about":[{"href":"https:\/\/noticiasya.com\/el-valle\/wp-json\/wp\/v2\/types\/post"}],"replies":[{"embeddable":true,"href":"https:\/\/noticiasya.com\/el-valle\/wp-json\/wp\/v2\/comments?post=1455366"}],"version-history":[{"count":0,"href":"https:\/\/noticiasya.com\/el-valle\/wp-json\/wp\/v2\/posts\/1455366\/revisions"}],"wp:attachment":[{"href":"https:\/\/noticiasya.com\/el-valle\/wp-json\/wp\/v2\/media?parent=1455366"}],"wp:term":[{"taxonomy":"category","embeddable":true,"href":"https:\/\/noticiasya.com\/el-valle\/wp-json\/wp\/v2\/categories?post=1455366"},{"taxonomy":"post_tag","embeddable":true,"href":"https:\/\/noticiasya.com\/el-valle\/wp-json\/wp\/v2\/tags?post=1455366"}],"curies":[{"name":"wp","href":"https:\/\/api.w.org\/{rel}","templated":true}]}}