{"id":1473522,"date":"2026-04-26T16:03:39","date_gmt":"2026-04-26T23:03:39","guid":{"rendered":"https:\/\/noticiasya.com\/2026\/04\/26\/cifra-muertos-ataques-israel-libano-trax\/"},"modified":"2026-04-26T16:03:39","modified_gmt":"2026-04-26T23:03:39","slug":"cifra-muertos-ataques-israel-libano-trax","status":"publish","type":"post","link":"https:\/\/noticiasya.com\/el-valle\/2026\/04\/26\/cifra-muertos-ataques-israel-libano-trax\/","title":{"rendered":"Los ataques de Israel en el L\u00edbano han matado a m\u00e1s de 2.500 personas desde el 2 de marzo, seg\u00fan el Ministerio de Salud"},"content":{"rendered":"<p>Al menos 2.509 personas han muerto por los ataques de Israel en el L\u00edbano desde el 2 de marzo, inform\u00f3 el ministerio de Salud liban\u00e9s en una actualizaci\u00f3n el domingo.<\/p>\n<p>Adem\u00e1s, m\u00e1s de 7.750 personas han resultado heridas en esos mismos ataques, dijo el ministerio en un comunicado.<\/p>\n<p>El fr\u00e1gil cese del fuego en el L\u00edbano est\u00e1 bajo presi\u00f3n debido a que Israel y Hezbollah, respaldado por Ir\u00e1n, han incrementado los ataques entre s\u00ed pese a una reciente extensi\u00f3n del acuerdo, negociado por EE.UU., que ten\u00eda como objetivo detener los combates por otras tres semanas.<\/p>\n<p>Las fuerzas israel\u00edes emitieron nuevas \u00f3rdenes de evacuaci\u00f3n para residentes en varias zonas del sur del L\u00edbano, pese a un fr\u00e1gil alto el fuego que fue extendido recientemente por tres semanas.<\/p>\n<p>Se emitieron \u00f3rdenes urgentes de evacuaci\u00f3n para siete aldeas en el sur del pa\u00eds, dijeron las Fuerzas de Defensa de Israel (FDI) en un comunicado el domingo. Todas las zonas parecen estar al norte del r\u00edo Litani, que atraviesa L\u00edbano.<\/p>\n<p>\u201cLas reiteradas violaciones del alto el fuego por parte de Hezbollah obligan a las FDI a actuar con determinaci\u00f3n contra su infraestructura terrorista\u201d, dijeron los militares israel\u00edes.<\/p>\n<p>The-CNN-Wire<br \/>&trade; &amp; &copy; 2026 Cable News Network, Inc., a Warner Bros. Discovery Company. All rights reserved.<\/p>\n","protected":false},"excerpt":{"rendered":"<p>Al menos 2.509 personas han muerto por los ataques de Israel en el L\u00edbano desde el 2 de marzo, inform\u00f3 el ministerio de Salud liban\u00e9s en una actualizaci\u00f3n el domingo. Adem\u00e1s, m\u00e1s de 7.750 personas han resultado heridas en esos mismos ataques, dijo el ministerio en un comunicado. El fr\u00e1gil cese del fuego en el [&hellip;]<\/p>\n","protected":false},"author":0,"featured_media":0,"comment_status":"open","ping_status":"open","sticky":false,"template":"","format":"standard","meta":{"_jetpack_memberships_contains_paid_content":false,"footnotes":""},"categories":[10],"tags":[],"class_list":["post-1473522","post","type-post","status-publish","format-standard","hentry","category-noticias-nacionales","market-global"],"yoast_head":"<!-- This site is optimized with the Yoast SEO plugin v24.4 - https:\/\/yoast.com\/wordpress\/plugins\/seo\/ -->\n<title>Los ataques de Israel en el L\u00edbano han matado a m\u00e1s de 2.500 personas desde el 2 de marzo, seg\u00fan el Ministerio de Salud - Noticias<\/title>\n<meta name=\"robots\" content=\"index, follow, max-snippet:-1, max-image-preview:large, max-video-preview:-1\" \/>\n<link rel=\"canonical\" href=\"https:\/\/noticiasya.com\/2026\/04\/26\/cifra-muertos-ataques-israel-libano-trax\/\" \/>\n<meta property=\"og:locale\" content=\"es_ES\" \/>\n<meta property=\"og:type\" content=\"article\" \/>\n<meta property=\"og:title\" content=\"Los ataques de Israel en el L\u00edbano han matado a m\u00e1s de 2.500 personas desde el 2 de marzo, seg\u00fan el Ministerio de Salud - Noticias\" \/>\n<meta property=\"og:description\" content=\"Al menos 2.509 personas han muerto por los ataques de Israel en el L\u00edbano desde el 2 de marzo, inform\u00f3 el ministerio de Salud liban\u00e9s en una actualizaci\u00f3n el domingo. Adem\u00e1s, m\u00e1s de 7.750 personas han resultado heridas en esos mismos ataques, dijo el ministerio en un comunicado. El fr\u00e1gil cese del fuego en el [&hellip;]\" \/>\n<meta property=\"og:url\" content=\"https:\/\/noticiasya.com\/2026\/04\/26\/cifra-muertos-ataques-israel-libano-trax\/\" \/>\n<meta property=\"og:site_name\" content=\"Noticias\" \/>\n<meta property=\"article:published_time\" content=\"2026-04-26T23:03:39+00:00\" \/>\n<meta name=\"twitter:card\" content=\"summary_large_image\" \/>\n<meta name=\"twitter:label1\" content=\"Est. reading time\" \/>\n\t<meta name=\"twitter:data1\" content=\"1 minuto\" \/>\n<script type=\"application\/ld+json\" class=\"yoast-schema-graph\">{\"@context\":\"https:\/\/schema.org\",\"@graph\":[{\"@type\":\"Article\",\"@id\":\"https:\/\/noticiasya.com\/2026\/04\/26\/cifra-muertos-ataques-israel-libano-trax\/#article\",\"isPartOf\":{\"@id\":\"https:\/\/noticiasya.com\/2026\/04\/26\/cifra-muertos-ataques-israel-libano-trax\/\"},\"author\":{\"name\":\"\",\"@id\":\"\"},\"headline\":\"Los ataques de Israel en el L\u00edbano han matado a m\u00e1s de 2.500 personas desde el 2 de marzo, seg\u00fan el Ministerio de Salud\",\"datePublished\":\"2026-04-26T23:03:39+00:00\",\"mainEntityOfPage\":{\"@id\":\"https:\/\/noticiasya.com\/2026\/04\/26\/cifra-muertos-ataques-israel-libano-trax\/\"},\"wordCount\":253,\"commentCount\":0,\"publisher\":{\"@id\":\"https:\/\/noticiasya.com\/#organization\"},\"articleSection\":[\"Noticias Nacionales\"],\"inLanguage\":\"es\",\"potentialAction\":[{\"@type\":\"CommentAction\",\"name\":\"Comment\",\"target\":[\"https:\/\/noticiasya.com\/2026\/04\/26\/cifra-muertos-ataques-israel-libano-trax\/#respond\"]}]},{\"@type\":\"WebPage\",\"@id\":\"https:\/\/noticiasya.com\/2026\/04\/26\/cifra-muertos-ataques-israel-libano-trax\/\",\"url\":\"https:\/\/noticiasya.com\/2026\/04\/26\/cifra-muertos-ataques-israel-libano-trax\/\",\"name\":\"Los ataques de Israel en el L\u00edbano han matado a m\u00e1s de 2.500 personas desde el 2 de marzo, seg\u00fan el Ministerio de Salud - Noticias\",\"isPartOf\":{\"@id\":\"https:\/\/noticiasya.com\/#website\"},\"datePublished\":\"2026-04-26T23:03:39+00:00\",\"breadcrumb\":{\"@id\":\"https:\/\/noticiasya.com\/2026\/04\/26\/cifra-muertos-ataques-israel-libano-trax\/#breadcrumb\"},\"inLanguage\":\"es\",\"potentialAction\":[{\"@type\":\"ReadAction\",\"target\":[\"https:\/\/noticiasya.com\/2026\/04\/26\/cifra-muertos-ataques-israel-libano-trax\/\"]}]},{\"@type\":\"BreadcrumbList\",\"@id\":\"https:\/\/noticiasya.com\/2026\/04\/26\/cifra-muertos-ataques-israel-libano-trax\/#breadcrumb\",\"itemListElement\":[{\"@type\":\"ListItem\",\"position\":1,\"name\":\"Home\",\"item\":\"https:\/\/noticiasya.com\/\"},{\"@type\":\"ListItem\",\"position\":2,\"name\":\"Los ataques de Israel en el L\u00edbano han matado a m\u00e1s de 2.500 personas desde el 2 de marzo, seg\u00fan el Ministerio de Salud\"}]},{\"@type\":\"WebSite\",\"@id\":\"https:\/\/noticiasya.com\/#website\",\"url\":\"https:\/\/noticiasya.com\/\",\"name\":\"Noticias\",\"description\":\"Lo que importa\",\"publisher\":{\"@id\":\"https:\/\/noticiasya.com\/#organization\"},\"potentialAction\":[{\"@type\":\"SearchAction\",\"target\":{\"@type\":\"EntryPoint\",\"urlTemplate\":\"https:\/\/noticiasya.com\/?s={search_term_string}\"},\"query-input\":{\"@type\":\"PropertyValueSpecification\",\"valueRequired\":true,\"valueName\":\"search_term_string\"}}],\"inLanguage\":\"es\"},{\"@type\":\"Organization\",\"@id\":\"https:\/\/noticiasya.com\/#organization\",\"name\":\"Noticias\",\"url\":\"https:\/\/noticiasya.com\/\",\"logo\":{\"@type\":\"ImageObject\",\"inLanguage\":\"es\",\"@id\":\"https:\/\/noticiasya.com\/#\/schema\/logo\/image\/\",\"url\":\"https:\/\/noticiasya.com\/wp-content\/uploads\/sites\/22\/2023\/12\/logo-nacional.png\",\"contentUrl\":\"https:\/\/noticiasya.com\/wp-content\/uploads\/sites\/22\/2023\/12\/logo-nacional.png\",\"width\":1801,\"height\":691,\"caption\":\"Noticias\"},\"image\":{\"@id\":\"https:\/\/noticiasya.com\/#\/schema\/logo\/image\/\"}}]}<\/script>\n<!-- \/ Yoast SEO plugin. -->","yoast_head_json":{"title":"Los ataques de Israel en el L\u00edbano han matado a m\u00e1s de 2.500 personas desde el 2 de marzo, seg\u00fan el Ministerio de Salud - Noticias","robots":{"index":"index","follow":"follow","max-snippet":"max-snippet:-1","max-image-preview":"max-image-preview:large","max-video-preview":"max-video-preview:-1"},"canonical":"https:\/\/noticiasya.com\/2026\/04\/26\/cifra-muertos-ataques-israel-libano-trax\/","og_locale":"es_ES","og_type":"article","og_title":"Los ataques de Israel en el L\u00edbano han matado a m\u00e1s de 2.500 personas desde el 2 de marzo, seg\u00fan el Ministerio de Salud - Noticias","og_description":"Al menos 2.509 personas han muerto por los ataques de Israel en el L\u00edbano desde el 2 de marzo, inform\u00f3 el ministerio de Salud liban\u00e9s en una actualizaci\u00f3n el domingo. Adem\u00e1s, m\u00e1s de 7.750 personas han resultado heridas en esos mismos ataques, dijo el ministerio en un comunicado. El fr\u00e1gil cese del fuego en el [&hellip;]","og_url":"https:\/\/noticiasya.com\/2026\/04\/26\/cifra-muertos-ataques-israel-libano-trax\/","og_site_name":"Noticias","article_published_time":"2026-04-26T23:03:39+00:00","twitter_card":"summary_large_image","twitter_misc":{"Est. reading time":"1 minuto"},"schema":{"@context":"https:\/\/schema.org","@graph":[{"@type":"Article","@id":"https:\/\/noticiasya.com\/2026\/04\/26\/cifra-muertos-ataques-israel-libano-trax\/#article","isPartOf":{"@id":"https:\/\/noticiasya.com\/2026\/04\/26\/cifra-muertos-ataques-israel-libano-trax\/"},"author":{"name":"","@id":""},"headline":"Los ataques de Israel en el L\u00edbano han matado a m\u00e1s de 2.500 personas desde el 2 de marzo, seg\u00fan el Ministerio de Salud","datePublished":"2026-04-26T23:03:39+00:00","mainEntityOfPage":{"@id":"https:\/\/noticiasya.com\/2026\/04\/26\/cifra-muertos-ataques-israel-libano-trax\/"},"wordCount":253,"commentCount":0,"publisher":{"@id":"https:\/\/noticiasya.com\/#organization"},"articleSection":["Noticias Nacionales"],"inLanguage":"es","potentialAction":[{"@type":"CommentAction","name":"Comment","target":["https:\/\/noticiasya.com\/2026\/04\/26\/cifra-muertos-ataques-israel-libano-trax\/#respond"]}]},{"@type":"WebPage","@id":"https:\/\/noticiasya.com\/2026\/04\/26\/cifra-muertos-ataques-israel-libano-trax\/","url":"https:\/\/noticiasya.com\/2026\/04\/26\/cifra-muertos-ataques-israel-libano-trax\/","name":"Los ataques de Israel en el L\u00edbano han matado a m\u00e1s de 2.500 personas desde el 2 de marzo, seg\u00fan el Ministerio de Salud - Noticias","isPartOf":{"@id":"https:\/\/noticiasya.com\/#website"},"datePublished":"2026-04-26T23:03:39+00:00","breadcrumb":{"@id":"https:\/\/noticiasya.com\/2026\/04\/26\/cifra-muertos-ataques-israel-libano-trax\/#breadcrumb"},"inLanguage":"es","potentialAction":[{"@type":"ReadAction","target":["https:\/\/noticiasya.com\/2026\/04\/26\/cifra-muertos-ataques-israel-libano-trax\/"]}]},{"@type":"BreadcrumbList","@id":"https:\/\/noticiasya.com\/2026\/04\/26\/cifra-muertos-ataques-israel-libano-trax\/#breadcrumb","itemListElement":[{"@type":"ListItem","position":1,"name":"Home","item":"https:\/\/noticiasya.com\/"},{"@type":"ListItem","position":2,"name":"Los ataques de Israel en el L\u00edbano han matado a m\u00e1s de 2.500 personas desde el 2 de marzo, seg\u00fan el Ministerio de Salud"}]},{"@type":"WebSite","@id":"https:\/\/noticiasya.com\/#website","url":"https:\/\/noticiasya.com\/","name":"Noticias","description":"Lo que importa","publisher":{"@id":"https:\/\/noticiasya.com\/#organization"},"potentialAction":[{"@type":"SearchAction","target":{"@type":"EntryPoint","urlTemplate":"https:\/\/noticiasya.com\/?s={search_term_string}"},"query-input":{"@type":"PropertyValueSpecification","valueRequired":true,"valueName":"search_term_string"}}],"inLanguage":"es"},{"@type":"Organization","@id":"https:\/\/noticiasya.com\/#organization","name":"Noticias","url":"https:\/\/noticiasya.com\/","logo":{"@type":"ImageObject","inLanguage":"es","@id":"https:\/\/noticiasya.com\/#\/schema\/logo\/image\/","url":"https:\/\/noticiasya.com\/wp-content\/uploads\/sites\/22\/2023\/12\/logo-nacional.png","contentUrl":"https:\/\/noticiasya.com\/wp-content\/uploads\/sites\/22\/2023\/12\/logo-nacional.png","width":1801,"height":691,"caption":"Noticias"},"image":{"@id":"https:\/\/noticiasya.com\/#\/schema\/logo\/image\/"}}]}},"parsely":{"version":"1.1.0","canonical_url":"https:\/\/noticiasya.com\/el-valle\/2026\/04\/26\/cifra-muertos-ataques-israel-libano-trax\/","smart_links":{"inbound":0,"outbound":0},"traffic_boost_suggestions_count":0,"meta":{"@context":"https:\/\/schema.org","@type":"NewsArticle","headline":"Los ataques de Israel en el L\u00edbano han matado a m\u00e1s de 2.500 personas desde el 2 de marzo, seg\u00fan el Ministerio de Salud","url":"http:\/\/noticiasya.com\/el-valle\/2026\/04\/26\/cifra-muertos-ataques-israel-libano-trax\/","mainEntityOfPage":{"@type":"WebPage","@id":"http:\/\/noticiasya.com\/el-valle\/2026\/04\/26\/cifra-muertos-ataques-israel-libano-trax\/"},"thumbnailUrl":"","image":{"@type":"ImageObject","url":""},"articleSection":"Noticias Nacionales","author":[],"creator":[],"publisher":{"@type":"Organization","name":"Noticias","logo":""},"keywords":[],"dateCreated":"2026-04-26T23:03:39Z","datePublished":"2026-04-26T23:03:39Z","dateModified":"2026-04-26T23:03:39Z"},"rendered":"<script type=\"application\/ld+json\" class=\"wp-parsely-metadata\">{\"@context\":\"https:\\\/\\\/schema.org\",\"@type\":\"NewsArticle\",\"headline\":\"Los ataques de Israel en el L\\u00edbano han matado a m\\u00e1s de 2.500 personas desde el 2 de marzo, seg\\u00fan el Ministerio de Salud\",\"url\":\"http:\\\/\\\/noticiasya.com\\\/el-valle\\\/2026\\\/04\\\/26\\\/cifra-muertos-ataques-israel-libano-trax\\\/\",\"mainEntityOfPage\":{\"@type\":\"WebPage\",\"@id\":\"http:\\\/\\\/noticiasya.com\\\/el-valle\\\/2026\\\/04\\\/26\\\/cifra-muertos-ataques-israel-libano-trax\\\/\"},\"thumbnailUrl\":\"\",\"image\":{\"@type\":\"ImageObject\",\"url\":\"\"},\"articleSection\":\"Noticias Nacionales\",\"author\":[],\"creator\":[],\"publisher\":{\"@type\":\"Organization\",\"name\":\"Noticias\",\"logo\":\"\"},\"keywords\":[],\"dateCreated\":\"2026-04-26T23:03:39Z\",\"datePublished\":\"2026-04-26T23:03:39Z\",\"dateModified\":\"2026-04-26T23:03:39Z\"}<\/script>","tracker_url":"https:\/\/cdn.parsely.com\/keys\/noticiasya.com\/p.js"},"jetpack_featured_media_url":"","jetpack-related-posts":[{"id":1460678,"url":"https:\/\/noticiasya.com\/el-valle\/2025\/04\/01\/ataque-israeli-mata-beirut-fragil-alto-fuego-hezbollah-trax\/","url_meta":{"origin":1473522,"position":0},"title":"Ataque israel\u00ed deja tres muertos en Beirut, poniendo a prueba el fr\u00e1gil alto el fuego con Hezbollah","author":"","date":"abril 1, 2025","format":false,"excerpt":"Israel lanz\u00f3 un ataque sobre Beirut por segunda vez en d\u00edas, poniendo a prueba a\u00fan m\u00e1s el precario alto el fuego con Hezbollah alcanzado hace cuatro meses.El Ministerio de Salud del L\u00edbano dijo que tres personas murieron, incluida una mujer, y siete resultaron heridas en el ataque ocurrido la madrugada\u2026","rel":"","context":"In &quot;Noticias Nacionales&quot;","block_context":{"text":"Noticias Nacionales","link":"https:\/\/noticiasya.com\/el-valle\/categoria\/noticias-nacionales"},"img":{"alt_text":"","src":"","width":0,"height":0},"classes":[]},{"id":1473003,"url":"https:\/\/noticiasya.com\/el-valle\/2026\/04\/09\/por-que-israel-ataca-libano-trax\/","url_meta":{"origin":1473522,"position":1},"title":"\u00bfQu\u00e9 es la guerra de Israel en el L\u00edbano y por qu\u00e9 podr\u00eda hacer a\u00f1icos el cese del fuego de EE.UU. con Ir\u00e1n?","author":"","date":"abril 9, 2026","format":false,"excerpt":"En el primer d\u00eda del cese del fuego entre EE.UU. e Ir\u00e1n el mi\u00e9rcoles, Israel ejecut\u00f3 su mayor andanada de bombardeos contra el L\u00edbano desde que comenz\u00f3 esta guerra y mat\u00f3 al menos a 182 personas. Fue una decisi\u00f3n que amenaza con descarrilar un acuerdo ya de por s\u00ed fr\u00e1gil.Ir\u00e1n\u2026","rel":"","context":"In &quot;Noticias Nacionales&quot;","block_context":{"text":"Noticias Nacionales","link":"https:\/\/noticiasya.com\/el-valle\/categoria\/noticias-nacionales"},"img":{"alt_text":"","src":"","width":0,"height":0},"classes":[]},{"id":1468532,"url":"https:\/\/noticiasya.com\/el-valle\/2025\/11\/20\/israel-mata-28-palestinos-gaza-hamas-trax\/","url_meta":{"origin":1473522,"position":2},"title":"Ataques israel\u00edes en Gaza dejan al menos 32 palestinos muertos, mientras Hamas advierte de una &#171;peligrosa escalada&#187;","author":"","date":"noviembre 20, 2025","format":false,"excerpt":"Los ataques israel\u00edes en Gaza han causado la muerte de al menos 32 palestinos en la \u00faltima escalada de violencia desde que entr\u00f3 en vigor el alto el fuego entre Israel y Hamas.El Ministerio de Salud palestino inform\u00f3 que entre los muertos en los ataques, que continuaron desde el mi\u00e9rcoles\u2026","rel":"","context":"In &quot;Noticias Nacionales&quot;","block_context":{"text":"Noticias Nacionales","link":"https:\/\/noticiasya.com\/el-valle\/categoria\/noticias-nacionales"},"img":{"alt_text":"","src":"","width":0,"height":0},"classes":[]},{"id":1456100,"url":"https:\/\/noticiasya.com\/el-valle\/2024\/11\/26\/israel-aprueba-acuerdo-cese-del-fuego-hezbollah-libano-trax\/","url_meta":{"origin":1473522,"position":3},"title":"Gabinete de seguridad de Israel aprueba un acuerdo de cese del fuego con Hezbollah en el L\u00edbano","author":"","date":"noviembre 26, 2024","format":false,"excerpt":"(CNN) --\u00a0El gabinete de seguridad israel\u00ed vot\u00f3 el martes a favor de aprobar un acuerdo de alto el fuego en L\u00edbano, dijo un funcionario israel\u00ed a CNN, lo que podr\u00eda poner fin a m\u00e1s de un a\u00f1o de escaramuzas transfronterizas con Hezbollah y meses de una guerra a gran escala\u2026","rel":"","context":"In &quot;Noticias Nacionales&quot;","block_context":{"text":"Noticias Nacionales","link":"https:\/\/noticiasya.com\/el-valle\/categoria\/noticias-nacionales"},"img":{"alt_text":"","src":"","width":0,"height":0},"classes":[]},{"id":1456222,"url":"https:\/\/noticiasya.com\/el-valle\/2024\/12\/03\/israel-amenaza-atacar-estado-libano-alto-fuego-hezbollah-trax\/","url_meta":{"origin":1473522,"position":4},"title":"Israel amenaza con atacar al Estado liban\u00e9s si fracasa alto el fuego con Hezbollah","author":"","date":"diciembre 3, 2024","format":false,"excerpt":"(CNN) -- El d\u00eda despu\u00e9s de que Hezbollah e Israel intercambiaran disparos por primera vez desde que se implement\u00f3 un alto el fuego la semana pasada, el ministro de Defensa de Israel present\u00f3 un ultim\u00e1tum al L\u00edbano, advirtiendo que si el acuerdo fracasa, Israel atacar\u00eda al estado liban\u00e9s, no solo\u2026","rel":"","context":"In &quot;Noticias Nacionales&quot;","block_context":{"text":"Noticias Nacionales","link":"https:\/\/noticiasya.com\/el-valle\/categoria\/noticias-nacionales"},"img":{"alt_text":"","src":"","width":0,"height":0},"classes":[]},{"id":1456143,"url":"https:\/\/noticiasya.com\/el-valle\/2024\/11\/28\/israel-y-libano-acusaciones-violaciones-alto-el-fuego-trax\/","url_meta":{"origin":1473522,"position":5},"title":"Intercambian acusaciones de violaciones del alto el fuego en el L\u00edbano; esto es lo que se sabe sobre la fr\u00e1gil tregua","author":"","date":"noviembre 28, 2024","format":false,"excerpt":"(CNN) -- El acuerdo de alto el fuego entre Israel y Hezbollah en el L\u00edbano parece mantenerse en gran medida, a pesar de las acusaciones de violaciones desde ambos lados de la frontera.El presidente de Estados Unidos, Joe Biden, dijo que el acuerdo que entr\u00f3 en vigor la madrugada del\u2026","rel":"","context":"In &quot;Noticias Nacionales&quot;","block_context":{"text":"Noticias Nacionales","link":"https:\/\/noticiasya.com\/el-valle\/categoria\/noticias-nacionales"},"img":{"alt_text":"","src":"","width":0,"height":0},"classes":[]}],"jetpack_sharing_enabled":true,"_links":{"self":[{"href":"https:\/\/noticiasya.com\/el-valle\/wp-json\/wp\/v2\/posts\/1473522","targetHints":{"allow":["GET"]}}],"collection":[{"href":"https:\/\/noticiasya.com\/el-valle\/wp-json\/wp\/v2\/posts"}],"about":[{"href":"https:\/\/noticiasya.com\/el-valle\/wp-json\/wp\/v2\/types\/post"}],"replies":[{"embeddable":true,"href":"https:\/\/noticiasya.com\/el-valle\/wp-json\/wp\/v2\/comments?post=1473522"}],"version-history":[{"count":0,"href":"https:\/\/noticiasya.com\/el-valle\/wp-json\/wp\/v2\/posts\/1473522\/revisions"}],"wp:attachment":[{"href":"https:\/\/noticiasya.com\/el-valle\/wp-json\/wp\/v2\/media?parent=1473522"}],"wp:term":[{"taxonomy":"category","embeddable":true,"href":"https:\/\/noticiasya.com\/el-valle\/wp-json\/wp\/v2\/categories?post=1473522"},{"taxonomy":"post_tag","embeddable":true,"href":"https:\/\/noticiasya.com\/el-valle\/wp-json\/wp\/v2\/tags?post=1473522"}],"curies":[{"name":"wp","href":"https:\/\/api.w.org\/{rel}","templated":true}]}}