{"id":1473532,"date":"2026-04-27T07:03:46","date_gmt":"2026-04-27T14:03:46","guid":{"rendered":"https:\/\/noticiasya.com\/2026\/04\/27\/atentado-cauca-disidencias-que-paso-orix\/"},"modified":"2026-04-27T07:03:46","modified_gmt":"2026-04-27T14:03:46","slug":"atentado-cauca-disidencias-que-paso-orix","status":"publish","type":"post","link":"https:\/\/noticiasya.com\/el-valle\/2026\/04\/27\/atentado-cauca-disidencias-que-paso-orix\/","title":{"rendered":"C\u00f3mo fue el peor atentado en Colombia en a\u00f1os: un cr\u00e1ter, varios muertos, disidencias e impacto pol\u00edtico"},"content":{"rendered":"<p>El atentado del s\u00e1bado en Colombia, el peor ataque desde la firma de un acuerdo de paz con las FARC hace casi una d\u00e9cada, dej\u00f3 al menos 20 muertos, todos civiles, en una zona muy golpeada por la violencia armada en el pa\u00eds, cuando falta poco m\u00e1s de un mes para las elecciones presidenciales del 31 de mayo.<\/p>\n<p>El Instituto de Medicina Legal report\u00f3 el domingo por la noche que entre las v\u00edctimas hay 15 mujeres y cinco hombres, todos mayores de edad, y que contin\u00faan los trabajos para identificar a cinco cuerpos que faltan entregar a las familias.<\/p>\n<p>El ataque en el departamento de Cauca fue perpetrado en un punto de la carretera Panamericana llamado El T\u00fanel, en el municipio de Cajib\u00edo. All\u00ed, un cilindro lleno de explosivos fue lanzado y cay\u00f3 sobre un autob\u00fas, lo que destruy\u00f3 tambi\u00e9n otros 15 veh\u00edculos, as\u00ed como un tramo de la v\u00eda.<\/p>\n<p>La explosi\u00f3n abri\u00f3 un enorme cr\u00e1ter y un escenario que parec\u00eda sacado de una guerra, con un gran rastro de destrucci\u00f3n y cuerpos tendidos en la zona entre hierros retorcidos. El saldo de v\u00edctimas, que inicialmente eran siete fallecidos, fue aumentando con el correr de las horas.<\/p>\n<p>El departamento del Cauca, situado entre la cordillera de los Andes y el oc\u00e9ano Pac\u00edfico, tiene una posici\u00f3n estrat\u00e9gica y es escenario de una guerra que lleva d\u00e9cadas para controlar el traslado de la coca\u00edna desde las monta\u00f1as hacia el mar.<\/p>\n<p>En los \u00faltimos d\u00edas se produjo una ola de acciones violentas en el sureste de Colombia con otros ataques explosivos de menor magnitud, todos atribuidos por el Ej\u00e9rcito a distintos grupos que componen el Estado Mayor Central (EMC), la principal disidencia de las FARC, liderada por N\u00e9stor Gregorio Vera, alias Iv\u00e1n Mordisco, el hombre m\u00e1s buscado de Colombia. Puntualmente, el ataque en Cajib\u00edo fue atribuido por los militares a la columna Jaime Mart\u00ednez. Hasta ahora, ning\u00fan grupo reivindic\u00f3 el atentado.<\/p>\n<p>El comandante de las Fuerzas Militares, el general Hugo Alejandro L\u00f3pez, explic\u00f3 que ese tramo de la Panamericana hab\u00eda \u201cun bloqueo por parte de estos terroristas de la Jaime Mart\u00ednez\u201d que manten\u00edan un enfrentamiento con una unidad el Ej\u00e9rcito a unos dos kil\u00f3metros del lugar.<\/p>\n<p>En tanto, el presidente Gustavo Petro asegur\u00f3 que \u201clos que atentaron y mataron\u201d a los civiles en Cajib\u00edo, \u201cson terroristas, fascistas y narcotraficantes\u201d, y dijo que su jefe est\u00e1 \u201cplenamente identificado por la inteligencia policial y militar\u201d. El mandatario se refiri\u00f3 a Iv\u00e1n Jacob Idrobo Arrendondo, alias Marlon, se\u00f1alado como presunto cabecilla de la columna Jaime Mart\u00ednez.<\/p>\n<p>El Ministerio de Defensa asegur\u00f3 este domingo que reforzar\u00e1 las operaciones en el Cauca y anunci\u00f3 medidas para proteger a la poblaci\u00f3n. Las autoridades anunciaron el despliegue de m\u00e1s de 13 pelotones de caballer\u00eda blindados, 12 de infanter\u00eda y capacidades policiales.<\/p>\n<p>\u201cDesplegaremos todas nuestras capacidades para capturar a los responsables de los ataques terroristas, proteger a la poblaci\u00f3n civil y anticipar nuevos hechos de violencia\u201d, afirm\u00f3 el titular de Defensa, Pedro S\u00e1nchez.<\/p>\n<p>El Gobierno de Petro tambi\u00e9n anunci\u00f3 <a href=\"https:\/\/cnnespanol.cnn.com\/2026\/04\/26\/colombia\/aumenta-recompensa-alias-marlon-farc-cauca-orix\">aumentos de las recompensas<\/a> que ofrece por los cabecillas de las disidencias. Por informaci\u00f3n que lleve a la captura de alias Marlon, las autoridades prometen hasta 5.000 millones de pesos colombianos (alrededor de US$ 1,4 millones). Tambi\u00e9n ofrecen hasta 500 millones de pesos (alrededor de US$ 140.000) por alias \u201cMax Max\u201d y 200 millones (US$ 56.000) por alias \u201cYogui\u201d, identificados por las autoridades como presuntos integrantes del mismo grupo armado.<\/p>\n<p>Adem\u00e1s, las autoridades establecieron una recompensa de hasta 200 millones de pesos (US$ 56.000) para ciudadanos que entreguen informaci\u00f3n que permita evitar nuevos atentados.<\/p>\n<p>El sangriento ataque fue condenado por todo el arco pol\u00edtico, pero tambi\u00e9n hubo lugar para se\u00f1alamientos entre los candidatos que aspiran a suceder a Petro.<\/p>\n<p>El aspirante oficialista, Iv\u00e1n Cepeda, plante\u00f3 que hay una \u201cinquietud leg\u00edtima\u201d sobre si estos hechos buscan generar un clima de miedo que favorezca a sectores de extrema derecha en medio del proceso electoral. Adem\u00e1s, dijo que es \u201cpreocupante\u201d que las acciones terroristas se presenten una regi\u00f3n \u201cdonde existe un amplio respaldo ciudadano\u201d al proyecto pol\u00edtico del Pacto Hist\u00f3rico.<\/p>\n<p>La candidata opositora Paloma Valencia, del derechista Centro Democr\u00e1tico, rechaz\u00f3 esa mirada y respondi\u00f3 con cr\u00edticas a la propuesta de \u201cpaz total\u201d del presidente Petro, que ha incluido frustrados di\u00e1logos con la guerrilla de Ej\u00e9rcito de Liberaci\u00f3n Nacional (ELN) y negociaciones con las disidencias. Lleg\u00f3 el momento de asumir, con todas las letras, que la paz total fracas\u00f3\u201d, respondi\u00f3 Valencia a Cepeda en X.<\/p>\n<p>En tanto, el ultraderechista Abelardo de la Espriella, del movimiento Firmes por la Patria, quien disputa con Valencia el pase a una eventual segunda vuelta, dijo que la violencia es consecuencia directa de esa estrategia de Petro y propuso una \u201cguerra frontal, sin tregua ni negociaci\u00f3n\u201d contra los grupos armados ilegales. Adem\u00e1s, afirm\u00f3 que la violencia es \u201cparte de un plan de desestabilizaci\u00f3n del desgobierno de Petro y de sus c\u00f3mplices\u201d, sin presentar pruebas. Petro, que ha rechazado varias veces las insinuaciones de De la Espriella, asegur\u00f3 en X que quiere \u201cla m\u00e1xima persecuci\u00f3n mundial contra este grupo narcoterrorista\u201d, en referencia a las columnas disidentes.<\/p>\n<p>The-CNN-Wire<br \/>&trade; &amp; &copy; 2026 Cable News Network, Inc., a Warner Bros. Discovery Company. All rights reserved.<\/p>\n","protected":false},"excerpt":{"rendered":"<p>El atentado del s\u00e1bado en Colombia, el peor ataque desde la firma de un acuerdo de paz con las FARC hace casi una d\u00e9cada, dej\u00f3 al menos 20 muertos, todos civiles, en una zona muy golpeada por la violencia armada en el pa\u00eds, cuando falta poco m\u00e1s de un mes para las elecciones presidenciales del [&hellip;]<\/p>\n","protected":false},"author":0,"featured_media":0,"comment_status":"open","ping_status":"open","sticky":false,"template":"","format":"standard","meta":{"_jetpack_memberships_contains_paid_content":false,"footnotes":""},"categories":[10],"tags":[],"class_list":["post-1473532","post","type-post","status-publish","format-standard","hentry","category-noticias-nacionales","market-global"],"yoast_head":"<!-- This site is optimized with the Yoast SEO plugin v24.4 - https:\/\/yoast.com\/wordpress\/plugins\/seo\/ -->\n<title>C\u00f3mo fue el peor atentado en Colombia en a\u00f1os: un cr\u00e1ter, varios muertos, disidencias e impacto pol\u00edtico - Noticias<\/title>\n<meta name=\"robots\" content=\"index, follow, max-snippet:-1, max-image-preview:large, max-video-preview:-1\" \/>\n<link rel=\"canonical\" href=\"https:\/\/noticiasya.com\/2026\/04\/27\/atentado-cauca-disidencias-que-paso-orix\/\" \/>\n<meta property=\"og:locale\" content=\"es_ES\" \/>\n<meta property=\"og:type\" content=\"article\" \/>\n<meta property=\"og:title\" content=\"C\u00f3mo fue el peor atentado en Colombia en a\u00f1os: un cr\u00e1ter, varios muertos, disidencias e impacto pol\u00edtico - Noticias\" \/>\n<meta property=\"og:description\" content=\"El atentado del s\u00e1bado en Colombia, el peor ataque desde la firma de un acuerdo de paz con las FARC hace casi una d\u00e9cada, dej\u00f3 al menos 20 muertos, todos civiles, en una zona muy golpeada por la violencia armada en el pa\u00eds, cuando falta poco m\u00e1s de un mes para las elecciones presidenciales del [&hellip;]\" \/>\n<meta property=\"og:url\" content=\"https:\/\/noticiasya.com\/2026\/04\/27\/atentado-cauca-disidencias-que-paso-orix\/\" \/>\n<meta property=\"og:site_name\" content=\"Noticias\" \/>\n<meta property=\"article:published_time\" content=\"2026-04-27T14:03:46+00:00\" \/>\n<meta name=\"twitter:card\" content=\"summary_large_image\" \/>\n<meta name=\"twitter:label1\" content=\"Est. reading time\" \/>\n\t<meta name=\"twitter:data1\" content=\"5 minutos\" \/>\n<script type=\"application\/ld+json\" class=\"yoast-schema-graph\">{\"@context\":\"https:\/\/schema.org\",\"@graph\":[{\"@type\":\"Article\",\"@id\":\"https:\/\/noticiasya.com\/2026\/04\/27\/atentado-cauca-disidencias-que-paso-orix\/#article\",\"isPartOf\":{\"@id\":\"https:\/\/noticiasya.com\/2026\/04\/27\/atentado-cauca-disidencias-que-paso-orix\/\"},\"author\":{\"name\":\"\",\"@id\":\"\"},\"headline\":\"C\u00f3mo fue el peor atentado en Colombia en a\u00f1os: un cr\u00e1ter, varios muertos, disidencias e impacto pol\u00edtico\",\"datePublished\":\"2026-04-27T14:03:46+00:00\",\"mainEntityOfPage\":{\"@id\":\"https:\/\/noticiasya.com\/2026\/04\/27\/atentado-cauca-disidencias-que-paso-orix\/\"},\"wordCount\":940,\"commentCount\":0,\"publisher\":{\"@id\":\"https:\/\/noticiasya.com\/#organization\"},\"articleSection\":[\"Noticias Nacionales\"],\"inLanguage\":\"es\",\"potentialAction\":[{\"@type\":\"CommentAction\",\"name\":\"Comment\",\"target\":[\"https:\/\/noticiasya.com\/2026\/04\/27\/atentado-cauca-disidencias-que-paso-orix\/#respond\"]}]},{\"@type\":\"WebPage\",\"@id\":\"https:\/\/noticiasya.com\/2026\/04\/27\/atentado-cauca-disidencias-que-paso-orix\/\",\"url\":\"https:\/\/noticiasya.com\/2026\/04\/27\/atentado-cauca-disidencias-que-paso-orix\/\",\"name\":\"C\u00f3mo fue el peor atentado en Colombia en a\u00f1os: un cr\u00e1ter, varios muertos, disidencias e impacto pol\u00edtico - Noticias\",\"isPartOf\":{\"@id\":\"https:\/\/noticiasya.com\/#website\"},\"datePublished\":\"2026-04-27T14:03:46+00:00\",\"breadcrumb\":{\"@id\":\"https:\/\/noticiasya.com\/2026\/04\/27\/atentado-cauca-disidencias-que-paso-orix\/#breadcrumb\"},\"inLanguage\":\"es\",\"potentialAction\":[{\"@type\":\"ReadAction\",\"target\":[\"https:\/\/noticiasya.com\/2026\/04\/27\/atentado-cauca-disidencias-que-paso-orix\/\"]}]},{\"@type\":\"BreadcrumbList\",\"@id\":\"https:\/\/noticiasya.com\/2026\/04\/27\/atentado-cauca-disidencias-que-paso-orix\/#breadcrumb\",\"itemListElement\":[{\"@type\":\"ListItem\",\"position\":1,\"name\":\"Home\",\"item\":\"https:\/\/noticiasya.com\/\"},{\"@type\":\"ListItem\",\"position\":2,\"name\":\"C\u00f3mo fue el peor atentado en Colombia en a\u00f1os: un cr\u00e1ter, varios muertos, disidencias e impacto pol\u00edtico\"}]},{\"@type\":\"WebSite\",\"@id\":\"https:\/\/noticiasya.com\/#website\",\"url\":\"https:\/\/noticiasya.com\/\",\"name\":\"Noticias\",\"description\":\"Lo que importa\",\"publisher\":{\"@id\":\"https:\/\/noticiasya.com\/#organization\"},\"potentialAction\":[{\"@type\":\"SearchAction\",\"target\":{\"@type\":\"EntryPoint\",\"urlTemplate\":\"https:\/\/noticiasya.com\/?s={search_term_string}\"},\"query-input\":{\"@type\":\"PropertyValueSpecification\",\"valueRequired\":true,\"valueName\":\"search_term_string\"}}],\"inLanguage\":\"es\"},{\"@type\":\"Organization\",\"@id\":\"https:\/\/noticiasya.com\/#organization\",\"name\":\"Noticias\",\"url\":\"https:\/\/noticiasya.com\/\",\"logo\":{\"@type\":\"ImageObject\",\"inLanguage\":\"es\",\"@id\":\"https:\/\/noticiasya.com\/#\/schema\/logo\/image\/\",\"url\":\"https:\/\/noticiasya.com\/wp-content\/uploads\/sites\/22\/2023\/12\/logo-nacional.png\",\"contentUrl\":\"https:\/\/noticiasya.com\/wp-content\/uploads\/sites\/22\/2023\/12\/logo-nacional.png\",\"width\":1801,\"height\":691,\"caption\":\"Noticias\"},\"image\":{\"@id\":\"https:\/\/noticiasya.com\/#\/schema\/logo\/image\/\"}}]}<\/script>\n<!-- \/ Yoast SEO plugin. -->","yoast_head_json":{"title":"C\u00f3mo fue el peor atentado en Colombia en a\u00f1os: un cr\u00e1ter, varios muertos, disidencias e impacto pol\u00edtico - Noticias","robots":{"index":"index","follow":"follow","max-snippet":"max-snippet:-1","max-image-preview":"max-image-preview:large","max-video-preview":"max-video-preview:-1"},"canonical":"https:\/\/noticiasya.com\/2026\/04\/27\/atentado-cauca-disidencias-que-paso-orix\/","og_locale":"es_ES","og_type":"article","og_title":"C\u00f3mo fue el peor atentado en Colombia en a\u00f1os: un cr\u00e1ter, varios muertos, disidencias e impacto pol\u00edtico - Noticias","og_description":"El atentado del s\u00e1bado en Colombia, el peor ataque desde la firma de un acuerdo de paz con las FARC hace casi una d\u00e9cada, dej\u00f3 al menos 20 muertos, todos civiles, en una zona muy golpeada por la violencia armada en el pa\u00eds, cuando falta poco m\u00e1s de un mes para las elecciones presidenciales del [&hellip;]","og_url":"https:\/\/noticiasya.com\/2026\/04\/27\/atentado-cauca-disidencias-que-paso-orix\/","og_site_name":"Noticias","article_published_time":"2026-04-27T14:03:46+00:00","twitter_card":"summary_large_image","twitter_misc":{"Est. reading time":"5 minutos"},"schema":{"@context":"https:\/\/schema.org","@graph":[{"@type":"Article","@id":"https:\/\/noticiasya.com\/2026\/04\/27\/atentado-cauca-disidencias-que-paso-orix\/#article","isPartOf":{"@id":"https:\/\/noticiasya.com\/2026\/04\/27\/atentado-cauca-disidencias-que-paso-orix\/"},"author":{"name":"","@id":""},"headline":"C\u00f3mo fue el peor atentado en Colombia en a\u00f1os: un cr\u00e1ter, varios muertos, disidencias e impacto pol\u00edtico","datePublished":"2026-04-27T14:03:46+00:00","mainEntityOfPage":{"@id":"https:\/\/noticiasya.com\/2026\/04\/27\/atentado-cauca-disidencias-que-paso-orix\/"},"wordCount":940,"commentCount":0,"publisher":{"@id":"https:\/\/noticiasya.com\/#organization"},"articleSection":["Noticias Nacionales"],"inLanguage":"es","potentialAction":[{"@type":"CommentAction","name":"Comment","target":["https:\/\/noticiasya.com\/2026\/04\/27\/atentado-cauca-disidencias-que-paso-orix\/#respond"]}]},{"@type":"WebPage","@id":"https:\/\/noticiasya.com\/2026\/04\/27\/atentado-cauca-disidencias-que-paso-orix\/","url":"https:\/\/noticiasya.com\/2026\/04\/27\/atentado-cauca-disidencias-que-paso-orix\/","name":"C\u00f3mo fue el peor atentado en Colombia en a\u00f1os: un cr\u00e1ter, varios muertos, disidencias e impacto pol\u00edtico - Noticias","isPartOf":{"@id":"https:\/\/noticiasya.com\/#website"},"datePublished":"2026-04-27T14:03:46+00:00","breadcrumb":{"@id":"https:\/\/noticiasya.com\/2026\/04\/27\/atentado-cauca-disidencias-que-paso-orix\/#breadcrumb"},"inLanguage":"es","potentialAction":[{"@type":"ReadAction","target":["https:\/\/noticiasya.com\/2026\/04\/27\/atentado-cauca-disidencias-que-paso-orix\/"]}]},{"@type":"BreadcrumbList","@id":"https:\/\/noticiasya.com\/2026\/04\/27\/atentado-cauca-disidencias-que-paso-orix\/#breadcrumb","itemListElement":[{"@type":"ListItem","position":1,"name":"Home","item":"https:\/\/noticiasya.com\/"},{"@type":"ListItem","position":2,"name":"C\u00f3mo fue el peor atentado en Colombia en a\u00f1os: un cr\u00e1ter, varios muertos, disidencias e impacto pol\u00edtico"}]},{"@type":"WebSite","@id":"https:\/\/noticiasya.com\/#website","url":"https:\/\/noticiasya.com\/","name":"Noticias","description":"Lo que importa","publisher":{"@id":"https:\/\/noticiasya.com\/#organization"},"potentialAction":[{"@type":"SearchAction","target":{"@type":"EntryPoint","urlTemplate":"https:\/\/noticiasya.com\/?s={search_term_string}"},"query-input":{"@type":"PropertyValueSpecification","valueRequired":true,"valueName":"search_term_string"}}],"inLanguage":"es"},{"@type":"Organization","@id":"https:\/\/noticiasya.com\/#organization","name":"Noticias","url":"https:\/\/noticiasya.com\/","logo":{"@type":"ImageObject","inLanguage":"es","@id":"https:\/\/noticiasya.com\/#\/schema\/logo\/image\/","url":"https:\/\/noticiasya.com\/wp-content\/uploads\/sites\/22\/2023\/12\/logo-nacional.png","contentUrl":"https:\/\/noticiasya.com\/wp-content\/uploads\/sites\/22\/2023\/12\/logo-nacional.png","width":1801,"height":691,"caption":"Noticias"},"image":{"@id":"https:\/\/noticiasya.com\/#\/schema\/logo\/image\/"}}]}},"parsely":{"version":"1.1.0","canonical_url":"https:\/\/noticiasya.com\/el-valle\/2026\/04\/27\/atentado-cauca-disidencias-que-paso-orix\/","smart_links":{"inbound":0,"outbound":0},"traffic_boost_suggestions_count":0,"meta":{"@context":"https:\/\/schema.org","@type":"NewsArticle","headline":"C\u00f3mo fue el peor atentado en Colombia en a\u00f1os: un cr\u00e1ter, varios muertos, disidencias e impacto pol\u00edtico","url":"http:\/\/noticiasya.com\/el-valle\/2026\/04\/27\/atentado-cauca-disidencias-que-paso-orix\/","mainEntityOfPage":{"@type":"WebPage","@id":"http:\/\/noticiasya.com\/el-valle\/2026\/04\/27\/atentado-cauca-disidencias-que-paso-orix\/"},"thumbnailUrl":"","image":{"@type":"ImageObject","url":""},"articleSection":"Noticias Nacionales","author":[],"creator":[],"publisher":{"@type":"Organization","name":"Noticias","logo":""},"keywords":[],"dateCreated":"2026-04-27T14:03:46Z","datePublished":"2026-04-27T14:03:46Z","dateModified":"2026-04-27T14:03:46Z"},"rendered":"<script type=\"application\/ld+json\" class=\"wp-parsely-metadata\">{\"@context\":\"https:\\\/\\\/schema.org\",\"@type\":\"NewsArticle\",\"headline\":\"C\\u00f3mo fue el peor atentado en Colombia en a\\u00f1os: un cr\\u00e1ter, varios muertos, disidencias e impacto pol\\u00edtico\",\"url\":\"http:\\\/\\\/noticiasya.com\\\/el-valle\\\/2026\\\/04\\\/27\\\/atentado-cauca-disidencias-que-paso-orix\\\/\",\"mainEntityOfPage\":{\"@type\":\"WebPage\",\"@id\":\"http:\\\/\\\/noticiasya.com\\\/el-valle\\\/2026\\\/04\\\/27\\\/atentado-cauca-disidencias-que-paso-orix\\\/\"},\"thumbnailUrl\":\"\",\"image\":{\"@type\":\"ImageObject\",\"url\":\"\"},\"articleSection\":\"Noticias Nacionales\",\"author\":[],\"creator\":[],\"publisher\":{\"@type\":\"Organization\",\"name\":\"Noticias\",\"logo\":\"\"},\"keywords\":[],\"dateCreated\":\"2026-04-27T14:03:46Z\",\"datePublished\":\"2026-04-27T14:03:46Z\",\"dateModified\":\"2026-04-27T14:03:46Z\"}<\/script>","tracker_url":"https:\/\/cdn.parsely.com\/keys\/noticiasya.com\/p.js"},"jetpack_featured_media_url":"","jetpack-related-posts":[{"id":1465792,"url":"https:\/\/noticiasya.com\/el-valle\/2025\/08\/23\/detienen-3-sospechosas-ataque-base-aerea-militar-efe\/","url_meta":{"origin":1473532,"position":0},"title":"Detienen a 3 personas se\u00f1aladas como sospechosas del ataque cerca de una base a\u00e9rea militar en Colombia","author":"","date":"agosto 23, 2025","format":false,"excerpt":"Un juez legaliz\u00f3 la captura de dos sospechosos de activar los explosivos en el atentado del jueves contra una base a\u00e9rea en la ciudad colombiana de Cali, que dej\u00f3 seis civiles muertos y decenas de heridos mientras un tercer presunto implicado fue arrestado por este ataque, informaron autoridades de Colombia.La\u2026","rel":"","context":"In &quot;Noticias Nacionales&quot;","block_context":{"text":"Noticias Nacionales","link":"https:\/\/noticiasya.com\/el-valle\/categoria\/noticias-nacionales"},"img":{"alt_text":"","src":"","width":0,"height":0},"classes":[]},{"id":1467423,"url":"https:\/\/noticiasya.com\/el-valle\/2025\/10\/16\/ataque-activistas-venezolanos-colombia-diaspora-temores-maduro-ap\/","url_meta":{"origin":1473532,"position":1},"title":"Ataque contra activistas venezolanos en Colombia intensifica entre la di\u00e1spora temores de persecuci\u00f3n del r\u00e9gimen de Maduro","author":"","date":"octubre 16, 2025","format":false,"excerpt":"El atentado contra dos activistas venezolanos en la capital de Colombia ha encendido las alarmas dentro de la di\u00e1spora venezolana, ante el temor de que la represi\u00f3n del Gobierno de Nicol\u00e1s Maduro est\u00e9 cruzando las fronteras de Venezuela.La tarde del lunes, el activista de derechos humanos Yendri Vel\u00e1squez y el\u2026","rel":"","context":"In &quot;Noticias Nacionales&quot;","block_context":{"text":"Noticias Nacionales","link":"https:\/\/noticiasya.com\/el-valle\/categoria\/noticias-nacionales"},"img":{"alt_text":"","src":"","width":0,"height":0},"classes":[]},{"id":1464959,"url":"https:\/\/noticiasya.com\/el-valle\/2025\/07\/29\/adolescente-testigo-atentado-senador-miguel-uribe-turbay-fuga-orix\/","url_meta":{"origin":1473532,"position":2},"title":"Adolescente que se present\u00f3 a declarar como testigo del atentado contra el senador Miguel Uribe Turbay se fuga de custodia","author":"","date":"julio 29, 2025","format":false,"excerpt":"Un adolescente que se hab\u00eda presentado a declarar como testigo del atentado del 7 de junio contra el senador y precandidato presidencial colombiano Miguel Uribe Turbay se fug\u00f3 de custodia, inform\u00f3 este martes la Procuradur\u00eda General de Colombia.En su cuenta de X, la Procuradur\u00eda pidi\u00f3 a las autoridades \u201ctrabajar para\u2026","rel":"","context":"In &quot;Noticias Nacionales&quot;","block_context":{"text":"Noticias Nacionales","link":"https:\/\/noticiasya.com\/el-valle\/categoria\/noticias-nacionales"},"img":{"alt_text":"","src":"","width":0,"height":0},"classes":[]},{"id":1465335,"url":"https:\/\/noticiasya.com\/el-valle\/2025\/08\/09\/que-paso-atentado-miguel-uribe-turbay-sospechosos-orix\/","url_meta":{"origin":1473532,"position":3},"title":"\u00bfQu\u00e9 pas\u00f3 en el atentado contra Miguel Uribe Turbay, senador colombiano? Lo que se sabe del ataque y los sospechosos","author":"","date":"agosto 9, 2025","format":false,"excerpt":"El senador y precandidato presidencial colombiano Miguel Uribe Turbay sufri\u00f3 un atentado en Bogot\u00e1 el 7 de junio durante un evento de campa\u00f1a. Son seis las personas detenidas por su presunta vinculaci\u00f3n con el ataque.Las im\u00e1genes de video que circularon en redes sociales mostraron al senador dando un discurso ante\u2026","rel":"","context":"In &quot;Noticias Nacionales&quot;","block_context":{"text":"Noticias Nacionales","link":"https:\/\/noticiasya.com\/el-valle\/categoria\/noticias-nacionales"},"img":{"alt_text":"","src":"","width":0,"height":0},"classes":[]},{"id":1463750,"url":"https:\/\/noticiasya.com\/el-valle\/2025\/06\/19\/arrestan-cuarta-persona-atentado-miguel-uribe-turbay-orix\/","url_meta":{"origin":1473532,"position":4},"title":"Arrestan en Colombia a una cuarta persona en relaci\u00f3n con el atentado del senador Miguel Uribe Turbay","author":"","date":"junio 19, 2025","format":false,"excerpt":"Autoridades de Colombia detuvieron este jueves a una cuarta persona presuntamente involucrada en el atentado del 7 de junio contra el senador y precandidato presidencial Miguel Uribe Turbay, dijo a CNN la Fiscal\u00eda del pa\u00eds sudamericano.El detenido fue identificado como William Fernando Gonz\u00e1lez Cruz, quien el d\u00eda del ataque presuntamente\u2026","rel":"","context":"In &quot;Noticias Nacionales&quot;","block_context":{"text":"Noticias Nacionales","link":"https:\/\/noticiasya.com\/el-valle\/categoria\/noticias-nacionales"},"img":{"alt_text":"","src":"","width":0,"height":0},"classes":[]},{"id":1469426,"url":"https:\/\/noticiasya.com\/el-valle\/2025\/12\/19\/ataque-eln-ejercito-muertos-colombia-orix\/","url_meta":{"origin":1473532,"position":5},"title":"Sube a 7 el n\u00famero de muertos tras ataque contra una base del Ej\u00e9rcito de Colombia en el norte del pa\u00eds","author":"","date":"diciembre 19, 2025","format":false,"excerpt":"Siete soldados murieron y otros resultaron heridos este jueves tras un ataque con explosivos contra una base del Ej\u00e9rcito de Colombia en el norte del pa\u00eds, seg\u00fan anunci\u00f3 la Segunda Divisi\u00f3n del Ej\u00e9rcito.El presunto atentado tuvo lugar contra la Base Militar del 27, adscrita al Batall\u00f3n de Infanter\u00eda N\u00famero 14,\u2026","rel":"","context":"In &quot;Noticias Nacionales&quot;","block_context":{"text":"Noticias Nacionales","link":"https:\/\/noticiasya.com\/el-valle\/categoria\/noticias-nacionales"},"img":{"alt_text":"","src":"","width":0,"height":0},"classes":[]}],"jetpack_sharing_enabled":true,"_links":{"self":[{"href":"https:\/\/noticiasya.com\/el-valle\/wp-json\/wp\/v2\/posts\/1473532","targetHints":{"allow":["GET"]}}],"collection":[{"href":"https:\/\/noticiasya.com\/el-valle\/wp-json\/wp\/v2\/posts"}],"about":[{"href":"https:\/\/noticiasya.com\/el-valle\/wp-json\/wp\/v2\/types\/post"}],"replies":[{"embeddable":true,"href":"https:\/\/noticiasya.com\/el-valle\/wp-json\/wp\/v2\/comments?post=1473532"}],"version-history":[{"count":0,"href":"https:\/\/noticiasya.com\/el-valle\/wp-json\/wp\/v2\/posts\/1473532\/revisions"}],"wp:attachment":[{"href":"https:\/\/noticiasya.com\/el-valle\/wp-json\/wp\/v2\/media?parent=1473532"}],"wp:term":[{"taxonomy":"category","embeddable":true,"href":"https:\/\/noticiasya.com\/el-valle\/wp-json\/wp\/v2\/categories?post=1473532"},{"taxonomy":"post_tag","embeddable":true,"href":"https:\/\/noticiasya.com\/el-valle\/wp-json\/wp\/v2\/tags?post=1473532"}],"curies":[{"name":"wp","href":"https:\/\/api.w.org\/{rel}","templated":true}]}}