{"id":1473655,"date":"2026-04-29T19:03:43","date_gmt":"2026-04-30T02:03:43","guid":{"rendered":"https:\/\/noticiasya.com\/2026\/04\/29\/fifa-mujeres-afganas-seleccion-trax\/"},"modified":"2026-04-29T19:03:43","modified_gmt":"2026-04-30T02:03:43","slug":"fifa-mujeres-afganas-seleccion-trax","status":"publish","type":"post","link":"https:\/\/noticiasya.com\/el-valle\/2026\/04\/29\/fifa-mujeres-afganas-seleccion-trax\/","title":{"rendered":"La FIFA permite a las mujeres afganas jugar por su pa\u00eds, desafiando a los talibanes"},"content":{"rendered":"<p>Durante casi cinco a\u00f1os, decenas de futbolistas afganas han vivido en el exilio \u2014dispersas por Australia, Estados Unidos y Europa\u2014, sin poder representar oficialmente a la selecci\u00f3n nacional de su pa\u00eds. Una enmienda hist\u00f3rica al reglamento del organismo rector del f\u00fatbol mundial est\u00e1 a punto de cambiar eso.<\/p>\n<p>El fallo del martes de la Federaci\u00f3n Internacional de F\u00fatbol Asociaci\u00f3n (FIFA) permite que las jugadoras afganas compitan como la selecci\u00f3n nacional femenina de Afganist\u00e1n en partidos internacionales oficiales por primera vez con pleno reconocimiento deportivo.<\/p>\n<p>La decisi\u00f3n, emitida en una reuni\u00f3n del Consejo de la FIFA en Vancouver, Canad\u00e1, reescribe una norma de larga data que exig\u00eda que la FIFA reconozca a una selecci\u00f3n nacional a trav\u00e9s de la propia federaci\u00f3n de f\u00fatbol del pa\u00eds. La federaci\u00f3n de Afganist\u00e1n, que opera bajo la influencia de los talibanes desde que el grupo islamista radical volvi\u00f3 al poder en 2021, <a href=\"https:\/\/www.cnn.com\/2021\/11\/28\/sport\/afghanistan-women-soccer-team-intl-spt-cmd\">se ha negado a reconocer el programa femenino<\/a>, manteniendo de hecho a sus jugadoras fuera del escenario internacional.<\/p>\n<p>La enmienda otorga al Consejo de la FIFA la facultad de establecer o aprobar el registro de una selecci\u00f3n nacional en circunstancias excepcionales, espec\u00edficamente para proteger a las jugadoras de ser excluidas del f\u00fatbol internacional debido a situaciones fuera de su control.<\/p>\n<p>\u201cEste es un paso poderoso y sin precedentes en el deporte mundial\u201d, dijo el presidente de la FIFA, Gianni Infantino, en un comunicado. \u201cAl permitir que las mujeres afganas compitan por su pa\u00eds en partidos oficiales, estamos convirtiendo los principios en acci\u00f3n\u201d.<\/p>\n<p>CNN se ha puesto en contacto con el gobierno afgano liderado por los talibanes para solicitar comentarios.<\/p>\n<p>El equipo, que ha jugado bajo el nombre Afghan Women United como <a href=\"https:\/\/www.cnn.com\/2025\/10\/02\/sport\/soccer-afghan-womens-squad-intl\">un conjunto de refugiadas<\/a> respaldado por la FIFA, ha estado presionando para lograr esta decisi\u00f3n desde que los talibanes regresaron al poder y suspendieron de inmediato los deportes femeninos organizados en todo el pa\u00eds. Las jugadoras se vieron obligadas a esconderse; su equipamiento y medallas fueron enterrados o abandonados, antes de que una evacuaci\u00f3n coordinada \u2014liderada en parte por la excapitana del equipo y activista Khalida Popal\u2014 sacara del pa\u00eds a decenas de jugadoras.<\/p>\n<p>Lo que sigui\u00f3 fueron a\u00f1os de lucha no solo por el derecho a jugar, sino para que la FIFA designara al grupo como la selecci\u00f3n nacional femenina oficial de Afganist\u00e1n. CNN inform\u00f3 en octubre que las jugadoras hab\u00edan crecido frustradas con la etiqueta de \u201crefugiadas\u201d que defin\u00eda a su equipo.<\/p>\n<p>\u201cEstamos cansadas de que nos llamen refugiadas\u201d, dijo a CNN Sports la jugadora Zainab Mozaffari. El fallo del martes aborda directamente esa queja.<\/p>\n<p>El equipo dio sus primeros pasos tentativos de regreso al escenario internacional en octubre, compitiendo en un torneo no oficial organizado por la FIFA en Marruecos.<\/p>\n<p>\u201cPara estas jugadoras, representar a Afganist\u00e1n tiene que ver con identidad, dignidad y esperanza\u201d, dijo Popal en un comunicado el martes. \u201cEste momento tambi\u00e9n muestra que cuando permanecemos unidas, podemos lograr m\u00e1s\u201d.<\/p>\n<p>El cambio llega demasiado tarde para que Afganist\u00e1n se clasifique para el Mundial Femenino de 2027 en Brasil, pero el equipo ahora podr\u00eda entrar en la clasificaci\u00f3n para los Juegos Ol\u00edmpicos de 2028 en Los \u00c1ngeles. Est\u00e1 previsto un campamento de entrenamiento para la primera semana de junio en Nueva Zelandia, donde el equipo se enfrentar\u00e1 a las Islas Cook. La FIFA se ha comprometido a proporcionar apoyo financiero, t\u00e9cnico y humano durante hasta dos a\u00f1os a lo largo de la transici\u00f3n.<\/p>\n<p>La enmienda de gobernanza tambi\u00e9n es m\u00e1s amplia que un solo pa\u00eds, estableciendo un precedente que podr\u00eda aplicarse a cualquier federaci\u00f3n nacional que discrimine a sus propias jugadoras en el futuro.<\/p>\n<p>The-CNN-Wire<br \/>&trade; &amp; &copy; 2026 Cable News Network, Inc., a Warner Bros. Discovery Company. All rights reserved.<\/p>\n","protected":false},"excerpt":{"rendered":"<p>Durante casi cinco a\u00f1os, decenas de futbolistas afganas han vivido en el exilio \u2014dispersas por Australia, Estados Unidos y Europa\u2014, sin poder representar oficialmente a la selecci\u00f3n nacional de su pa\u00eds. Una enmienda hist\u00f3rica al reglamento del organismo rector del f\u00fatbol mundial est\u00e1 a punto de cambiar eso. El fallo del martes de la Federaci\u00f3n [&hellip;]<\/p>\n","protected":false},"author":0,"featured_media":0,"comment_status":"open","ping_status":"open","sticky":false,"template":"","format":"standard","meta":{"_jetpack_memberships_contains_paid_content":false,"footnotes":""},"categories":[10],"tags":[],"class_list":["post-1473655","post","type-post","status-publish","format-standard","hentry","category-noticias-nacionales","market-global"],"yoast_head":"<!-- This site is optimized with the Yoast SEO plugin v24.4 - https:\/\/yoast.com\/wordpress\/plugins\/seo\/ -->\n<title>La FIFA permite a las mujeres afganas jugar por su pa\u00eds, desafiando a los talibanes - Noticias<\/title>\n<meta name=\"robots\" content=\"index, follow, max-snippet:-1, max-image-preview:large, max-video-preview:-1\" \/>\n<link rel=\"canonical\" href=\"https:\/\/noticiasya.com\/2026\/04\/29\/fifa-mujeres-afganas-seleccion-trax\/\" \/>\n<meta property=\"og:locale\" content=\"es_ES\" \/>\n<meta property=\"og:type\" content=\"article\" \/>\n<meta property=\"og:title\" content=\"La FIFA permite a las mujeres afganas jugar por su pa\u00eds, desafiando a los talibanes - Noticias\" \/>\n<meta property=\"og:description\" content=\"Durante casi cinco a\u00f1os, decenas de futbolistas afganas han vivido en el exilio \u2014dispersas por Australia, Estados Unidos y Europa\u2014, sin poder representar oficialmente a la selecci\u00f3n nacional de su pa\u00eds. Una enmienda hist\u00f3rica al reglamento del organismo rector del f\u00fatbol mundial est\u00e1 a punto de cambiar eso. El fallo del martes de la Federaci\u00f3n [&hellip;]\" \/>\n<meta property=\"og:url\" content=\"https:\/\/noticiasya.com\/2026\/04\/29\/fifa-mujeres-afganas-seleccion-trax\/\" \/>\n<meta property=\"og:site_name\" content=\"Noticias\" \/>\n<meta property=\"article:published_time\" content=\"2026-04-30T02:03:43+00:00\" \/>\n<meta name=\"twitter:card\" content=\"summary_large_image\" \/>\n<meta name=\"twitter:label1\" content=\"Est. reading time\" \/>\n\t<meta name=\"twitter:data1\" content=\"3 minutos\" \/>\n<script type=\"application\/ld+json\" class=\"yoast-schema-graph\">{\"@context\":\"https:\/\/schema.org\",\"@graph\":[{\"@type\":\"Article\",\"@id\":\"https:\/\/noticiasya.com\/2026\/04\/29\/fifa-mujeres-afganas-seleccion-trax\/#article\",\"isPartOf\":{\"@id\":\"https:\/\/noticiasya.com\/2026\/04\/29\/fifa-mujeres-afganas-seleccion-trax\/\"},\"author\":{\"name\":\"\",\"@id\":\"\"},\"headline\":\"La FIFA permite a las mujeres afganas jugar por su pa\u00eds, desafiando a los talibanes\",\"datePublished\":\"2026-04-30T02:03:43+00:00\",\"mainEntityOfPage\":{\"@id\":\"https:\/\/noticiasya.com\/2026\/04\/29\/fifa-mujeres-afganas-seleccion-trax\/\"},\"wordCount\":674,\"commentCount\":0,\"publisher\":{\"@id\":\"https:\/\/noticiasya.com\/#organization\"},\"articleSection\":[\"Noticias Nacionales\"],\"inLanguage\":\"es\",\"potentialAction\":[{\"@type\":\"CommentAction\",\"name\":\"Comment\",\"target\":[\"https:\/\/noticiasya.com\/2026\/04\/29\/fifa-mujeres-afganas-seleccion-trax\/#respond\"]}]},{\"@type\":\"WebPage\",\"@id\":\"https:\/\/noticiasya.com\/2026\/04\/29\/fifa-mujeres-afganas-seleccion-trax\/\",\"url\":\"https:\/\/noticiasya.com\/2026\/04\/29\/fifa-mujeres-afganas-seleccion-trax\/\",\"name\":\"La FIFA permite a las mujeres afganas jugar por su pa\u00eds, desafiando a los talibanes - Noticias\",\"isPartOf\":{\"@id\":\"https:\/\/noticiasya.com\/#website\"},\"datePublished\":\"2026-04-30T02:03:43+00:00\",\"breadcrumb\":{\"@id\":\"https:\/\/noticiasya.com\/2026\/04\/29\/fifa-mujeres-afganas-seleccion-trax\/#breadcrumb\"},\"inLanguage\":\"es\",\"potentialAction\":[{\"@type\":\"ReadAction\",\"target\":[\"https:\/\/noticiasya.com\/2026\/04\/29\/fifa-mujeres-afganas-seleccion-trax\/\"]}]},{\"@type\":\"BreadcrumbList\",\"@id\":\"https:\/\/noticiasya.com\/2026\/04\/29\/fifa-mujeres-afganas-seleccion-trax\/#breadcrumb\",\"itemListElement\":[{\"@type\":\"ListItem\",\"position\":1,\"name\":\"Home\",\"item\":\"https:\/\/noticiasya.com\/\"},{\"@type\":\"ListItem\",\"position\":2,\"name\":\"La FIFA permite a las mujeres afganas jugar por su pa\u00eds, desafiando a los talibanes\"}]},{\"@type\":\"WebSite\",\"@id\":\"https:\/\/noticiasya.com\/#website\",\"url\":\"https:\/\/noticiasya.com\/\",\"name\":\"Noticias\",\"description\":\"Lo que importa\",\"publisher\":{\"@id\":\"https:\/\/noticiasya.com\/#organization\"},\"potentialAction\":[{\"@type\":\"SearchAction\",\"target\":{\"@type\":\"EntryPoint\",\"urlTemplate\":\"https:\/\/noticiasya.com\/?s={search_term_string}\"},\"query-input\":{\"@type\":\"PropertyValueSpecification\",\"valueRequired\":true,\"valueName\":\"search_term_string\"}}],\"inLanguage\":\"es\"},{\"@type\":\"Organization\",\"@id\":\"https:\/\/noticiasya.com\/#organization\",\"name\":\"Noticias\",\"url\":\"https:\/\/noticiasya.com\/\",\"logo\":{\"@type\":\"ImageObject\",\"inLanguage\":\"es\",\"@id\":\"https:\/\/noticiasya.com\/#\/schema\/logo\/image\/\",\"url\":\"https:\/\/noticiasya.com\/wp-content\/uploads\/sites\/22\/2023\/12\/logo-nacional.png\",\"contentUrl\":\"https:\/\/noticiasya.com\/wp-content\/uploads\/sites\/22\/2023\/12\/logo-nacional.png\",\"width\":1801,\"height\":691,\"caption\":\"Noticias\"},\"image\":{\"@id\":\"https:\/\/noticiasya.com\/#\/schema\/logo\/image\/\"}}]}<\/script>\n<!-- \/ Yoast SEO plugin. -->","yoast_head_json":{"title":"La FIFA permite a las mujeres afganas jugar por su pa\u00eds, desafiando a los talibanes - Noticias","robots":{"index":"index","follow":"follow","max-snippet":"max-snippet:-1","max-image-preview":"max-image-preview:large","max-video-preview":"max-video-preview:-1"},"canonical":"https:\/\/noticiasya.com\/2026\/04\/29\/fifa-mujeres-afganas-seleccion-trax\/","og_locale":"es_ES","og_type":"article","og_title":"La FIFA permite a las mujeres afganas jugar por su pa\u00eds, desafiando a los talibanes - Noticias","og_description":"Durante casi cinco a\u00f1os, decenas de futbolistas afganas han vivido en el exilio \u2014dispersas por Australia, Estados Unidos y Europa\u2014, sin poder representar oficialmente a la selecci\u00f3n nacional de su pa\u00eds. Una enmienda hist\u00f3rica al reglamento del organismo rector del f\u00fatbol mundial est\u00e1 a punto de cambiar eso. El fallo del martes de la Federaci\u00f3n [&hellip;]","og_url":"https:\/\/noticiasya.com\/2026\/04\/29\/fifa-mujeres-afganas-seleccion-trax\/","og_site_name":"Noticias","article_published_time":"2026-04-30T02:03:43+00:00","twitter_card":"summary_large_image","twitter_misc":{"Est. reading time":"3 minutos"},"schema":{"@context":"https:\/\/schema.org","@graph":[{"@type":"Article","@id":"https:\/\/noticiasya.com\/2026\/04\/29\/fifa-mujeres-afganas-seleccion-trax\/#article","isPartOf":{"@id":"https:\/\/noticiasya.com\/2026\/04\/29\/fifa-mujeres-afganas-seleccion-trax\/"},"author":{"name":"","@id":""},"headline":"La FIFA permite a las mujeres afganas jugar por su pa\u00eds, desafiando a los talibanes","datePublished":"2026-04-30T02:03:43+00:00","mainEntityOfPage":{"@id":"https:\/\/noticiasya.com\/2026\/04\/29\/fifa-mujeres-afganas-seleccion-trax\/"},"wordCount":674,"commentCount":0,"publisher":{"@id":"https:\/\/noticiasya.com\/#organization"},"articleSection":["Noticias Nacionales"],"inLanguage":"es","potentialAction":[{"@type":"CommentAction","name":"Comment","target":["https:\/\/noticiasya.com\/2026\/04\/29\/fifa-mujeres-afganas-seleccion-trax\/#respond"]}]},{"@type":"WebPage","@id":"https:\/\/noticiasya.com\/2026\/04\/29\/fifa-mujeres-afganas-seleccion-trax\/","url":"https:\/\/noticiasya.com\/2026\/04\/29\/fifa-mujeres-afganas-seleccion-trax\/","name":"La FIFA permite a las mujeres afganas jugar por su pa\u00eds, desafiando a los talibanes - Noticias","isPartOf":{"@id":"https:\/\/noticiasya.com\/#website"},"datePublished":"2026-04-30T02:03:43+00:00","breadcrumb":{"@id":"https:\/\/noticiasya.com\/2026\/04\/29\/fifa-mujeres-afganas-seleccion-trax\/#breadcrumb"},"inLanguage":"es","potentialAction":[{"@type":"ReadAction","target":["https:\/\/noticiasya.com\/2026\/04\/29\/fifa-mujeres-afganas-seleccion-trax\/"]}]},{"@type":"BreadcrumbList","@id":"https:\/\/noticiasya.com\/2026\/04\/29\/fifa-mujeres-afganas-seleccion-trax\/#breadcrumb","itemListElement":[{"@type":"ListItem","position":1,"name":"Home","item":"https:\/\/noticiasya.com\/"},{"@type":"ListItem","position":2,"name":"La FIFA permite a las mujeres afganas jugar por su pa\u00eds, desafiando a los talibanes"}]},{"@type":"WebSite","@id":"https:\/\/noticiasya.com\/#website","url":"https:\/\/noticiasya.com\/","name":"Noticias","description":"Lo que importa","publisher":{"@id":"https:\/\/noticiasya.com\/#organization"},"potentialAction":[{"@type":"SearchAction","target":{"@type":"EntryPoint","urlTemplate":"https:\/\/noticiasya.com\/?s={search_term_string}"},"query-input":{"@type":"PropertyValueSpecification","valueRequired":true,"valueName":"search_term_string"}}],"inLanguage":"es"},{"@type":"Organization","@id":"https:\/\/noticiasya.com\/#organization","name":"Noticias","url":"https:\/\/noticiasya.com\/","logo":{"@type":"ImageObject","inLanguage":"es","@id":"https:\/\/noticiasya.com\/#\/schema\/logo\/image\/","url":"https:\/\/noticiasya.com\/wp-content\/uploads\/sites\/22\/2023\/12\/logo-nacional.png","contentUrl":"https:\/\/noticiasya.com\/wp-content\/uploads\/sites\/22\/2023\/12\/logo-nacional.png","width":1801,"height":691,"caption":"Noticias"},"image":{"@id":"https:\/\/noticiasya.com\/#\/schema\/logo\/image\/"}}]}},"parsely":{"version":"1.1.0","canonical_url":"https:\/\/noticiasya.com\/el-valle\/2026\/04\/29\/fifa-mujeres-afganas-seleccion-trax\/","smart_links":{"inbound":0,"outbound":0},"traffic_boost_suggestions_count":0,"meta":{"@context":"https:\/\/schema.org","@type":"NewsArticle","headline":"La FIFA permite a las mujeres afganas jugar por su pa\u00eds, desafiando a los talibanes","url":"http:\/\/noticiasya.com\/el-valle\/2026\/04\/29\/fifa-mujeres-afganas-seleccion-trax\/","mainEntityOfPage":{"@type":"WebPage","@id":"http:\/\/noticiasya.com\/el-valle\/2026\/04\/29\/fifa-mujeres-afganas-seleccion-trax\/"},"thumbnailUrl":"","image":{"@type":"ImageObject","url":""},"articleSection":"Noticias Nacionales","author":[],"creator":[],"publisher":{"@type":"Organization","name":"Noticias","logo":""},"keywords":[],"dateCreated":"2026-04-30T02:03:43Z","datePublished":"2026-04-30T02:03:43Z","dateModified":"2026-04-30T02:03:43Z"},"rendered":"<script type=\"application\/ld+json\" class=\"wp-parsely-metadata\">{\"@context\":\"https:\\\/\\\/schema.org\",\"@type\":\"NewsArticle\",\"headline\":\"La FIFA permite a las mujeres afganas jugar por su pa\\u00eds, desafiando a los talibanes\",\"url\":\"http:\\\/\\\/noticiasya.com\\\/el-valle\\\/2026\\\/04\\\/29\\\/fifa-mujeres-afganas-seleccion-trax\\\/\",\"mainEntityOfPage\":{\"@type\":\"WebPage\",\"@id\":\"http:\\\/\\\/noticiasya.com\\\/el-valle\\\/2026\\\/04\\\/29\\\/fifa-mujeres-afganas-seleccion-trax\\\/\"},\"thumbnailUrl\":\"\",\"image\":{\"@type\":\"ImageObject\",\"url\":\"\"},\"articleSection\":\"Noticias Nacionales\",\"author\":[],\"creator\":[],\"publisher\":{\"@type\":\"Organization\",\"name\":\"Noticias\",\"logo\":\"\"},\"keywords\":[],\"dateCreated\":\"2026-04-30T02:03:43Z\",\"datePublished\":\"2026-04-30T02:03:43Z\",\"dateModified\":\"2026-04-30T02:03:43Z\"}<\/script>","tracker_url":"https:\/\/cdn.parsely.com\/keys\/noticiasya.com\/p.js"},"jetpack_featured_media_url":"","jetpack-related-posts":[{"id":1462183,"url":"https:\/\/noticiasya.com\/el-valle\/2025\/05\/09\/copa-mundial-femenina-fifa-48-equipos-2031-trax\/","url_meta":{"origin":1473655,"position":0},"title":"La Copa Mundial Femenina de la FIFA se expandir\u00e1 a 48 equipos en 2031","author":"","date":"mayo 9, 2025","format":false,"excerpt":"La Copa Mundial Femenina se expandir\u00e1 a 48 equipos para la edici\u00f3n de 2031 del torneo, que podr\u00eda ser organizada por Estados Unidos.El Consejo de la FIFA decidi\u00f3 un\u00e1nimemente expandir el torneo de 32 equipos a 48 en 2031, aline\u00e1ndolo con la Copa Mundial varonil, que se expandir\u00e1 a 48\u2026","rel":"","context":"In &quot;Noticias Nacionales&quot;","block_context":{"text":"Noticias Nacionales","link":"https:\/\/noticiasya.com\/el-valle\/categoria\/noticias-nacionales"},"img":{"alt_text":"","src":"","width":0,"height":0},"classes":[]},{"id":1463344,"url":"https:\/\/noticiasya.com\/el-valle\/2025\/06\/08\/seleccion-bolivia-retrasada-venezuela-eliminatorias-orix\/","url_meta":{"origin":1473655,"position":1},"title":"Selecci\u00f3n de f\u00fatbol de Bolivia estuvo retrasada en Venezuela tras el partido de eliminatorias, asegura portavoz del equipo","author":"","date":"junio 8, 2025","format":false,"excerpt":"La selecci\u00f3n de f\u00fatbol de Bolivia estuvo retrasada durante varias horas este s\u00e1bado en el aeropuerto de Matur\u00edn, Venezuela, seg\u00fan dijo a CNN la portavoz del equipo boliviano, Gabriela Su\u00e1rez.\u201cA pesar de que en estos momentos nuestra delegaci\u00f3n ya est\u00e1 a punto de despegar, fueron ilegalmente retenidos por el gobierno\u2026","rel":"","context":"In &quot;Noticias Nacionales&quot;","block_context":{"text":"Noticias Nacionales","link":"https:\/\/noticiasya.com\/el-valle\/categoria\/noticias-nacionales"},"img":{"alt_text":"","src":"","width":0,"height":0},"classes":[]},{"id":1472092,"url":"https:\/\/noticiasya.com\/el-valle\/2026\/03\/11\/fifa-iran-mundial-bienvenido-trump-trax\/","url_meta":{"origin":1473655,"position":2},"title":"Presidente de la FIFA dice que Trump le asegur\u00f3 que Ir\u00e1n &#171;es bienvenido&#187; a competir en el Mundial en EE.UU.","author":"","date":"marzo 11, 2026","format":false,"excerpt":"El presidente de la FIFA, Gianni Infantino, dijo que el presidente de Estados Unidos, Donald Trump, le asegur\u00f3 durante una reuni\u00f3n que la selecci\u00f3n nacional de Ir\u00e1n es bienvenida a participar en los partidos de la Copa Mundial de este verano en Estados Unidos, incluso mientras la guerra con Ir\u00e1n\u2026","rel":"","context":"In &quot;Noticias Nacionales&quot;","block_context":{"text":"Noticias Nacionales","link":"https:\/\/noticiasya.com\/el-valle\/categoria\/noticias-nacionales"},"img":{"alt_text":"","src":"","width":0,"height":0},"classes":[]},{"id":1444582,"url":"https:\/\/noticiasya.com\/el-valle\/2024\/01\/28\/muere-el-goleador-panameno-luis-matador-tejada-a-los-41-anos\/","url_meta":{"origin":1473655,"position":3},"title":"Muere el goleador paname\u00f1o Luis &#171;Matador&#187; Tejada a los 41 a\u00f1os","author":"","date":"enero 28, 2024","format":false,"excerpt":"(CNN Espa\u00f1ol) -- El f\u00fatbol en Panam\u00e1 est\u00e1 de luto por el repentino deceso de uno de sus m\u00e1ximos goleadores, Luis \"Matador\" Tejada, quien falleci\u00f3 este domingo a los 41 a\u00f1os, inform\u00f3 la Federaci\u00f3n Paname\u00f1a de F\u00fatbol (Fepafut) en su cuenta de red social X.\"Matador\" Tejada, delantero y exmiembro de\u2026","rel":"","context":"In &quot;Noticias Nacionales&quot;","block_context":{"text":"Noticias Nacionales","link":"https:\/\/noticiasya.com\/el-valle\/categoria\/noticias-nacionales"},"img":{"alt_text":"","src":"","width":0,"height":0},"classes":[]},{"id":1473439,"url":"https:\/\/noticiasya.com\/el-valle\/2026\/04\/23\/italia-reemplazo-iran-mundial-trump-trax\/","url_meta":{"origin":1473655,"position":4},"title":"Es poco probable que Italia reemplace a Ir\u00e1n en el Mundial. Sugerirlo ya resulta vergonzoso","author":"","date":"abril 23, 2026","format":false,"excerpt":"Este mi\u00e9rcoles surgieron informes de que un enviado del presidente Donald Trump estaba intentando reemplazar a Ir\u00e1n por Italia en la Copa del Mundo de este a\u00f1o. Y, como era de esperar, la noticia acapar\u00f3 titulares en todo el mundo.Seg\u00fan el Financial Times, el plan es un intento de reparar\u2026","rel":"","context":"In &quot;Noticias Nacionales&quot;","block_context":{"text":"Noticias Nacionales","link":"https:\/\/noticiasya.com\/el-valle\/categoria\/noticias-nacionales"},"img":{"alt_text":"","src":"","width":0,"height":0},"classes":[]},{"id":1472044,"url":"https:\/\/noticiasya.com\/el-valle\/2026\/03\/10\/guerra-iran-iraq-mundial-2026-trax\/","url_meta":{"origin":1473655,"position":5},"title":"&#171;Muchas noches sin dormir&#187;: por qu\u00e9 la guerra en Ir\u00e1n podr\u00eda costarle a Iraq un lugar en el Mundial de 2026","author":"","date":"marzo 10, 2026","format":false,"excerpt":"La selecci\u00f3n masculina de f\u00fatbol de Iraq est\u00e1 a solo 90 minutos de clasificarse para la Copa Mundial de la FIFA por primera vez en 40 a\u00f1os, en teor\u00eda. Eventos ajenos al control del equipo han reforzado el dicho de que el \u00faltimo tramo suele ser el m\u00e1s dif\u00edcil.El 31\u2026","rel":"","context":"In &quot;Noticias Nacionales&quot;","block_context":{"text":"Noticias Nacionales","link":"https:\/\/noticiasya.com\/el-valle\/categoria\/noticias-nacionales"},"img":{"alt_text":"","src":"","width":0,"height":0},"classes":[]}],"jetpack_sharing_enabled":true,"_links":{"self":[{"href":"https:\/\/noticiasya.com\/el-valle\/wp-json\/wp\/v2\/posts\/1473655","targetHints":{"allow":["GET"]}}],"collection":[{"href":"https:\/\/noticiasya.com\/el-valle\/wp-json\/wp\/v2\/posts"}],"about":[{"href":"https:\/\/noticiasya.com\/el-valle\/wp-json\/wp\/v2\/types\/post"}],"replies":[{"embeddable":true,"href":"https:\/\/noticiasya.com\/el-valle\/wp-json\/wp\/v2\/comments?post=1473655"}],"version-history":[{"count":0,"href":"https:\/\/noticiasya.com\/el-valle\/wp-json\/wp\/v2\/posts\/1473655\/revisions"}],"wp:attachment":[{"href":"https:\/\/noticiasya.com\/el-valle\/wp-json\/wp\/v2\/media?parent=1473655"}],"wp:term":[{"taxonomy":"category","embeddable":true,"href":"https:\/\/noticiasya.com\/el-valle\/wp-json\/wp\/v2\/categories?post=1473655"},{"taxonomy":"post_tag","embeddable":true,"href":"https:\/\/noticiasya.com\/el-valle\/wp-json\/wp\/v2\/tags?post=1473655"}],"curies":[{"name":"wp","href":"https:\/\/api.w.org\/{rel}","templated":true}]}}