{"id":1450895,"date":"2024-07-05T06:03:46","date_gmt":"2024-07-05T13:03:46","guid":{"rendered":"https:\/\/noticiasya.com\/2024\/07\/05\/independencia-venezuela-origen-por-que-se-celebra-5-de-julio-orix\/"},"modified":"2024-07-05T06:03:46","modified_gmt":"2024-07-05T13:03:46","slug":"independencia-venezuela-origen-por-que-se-celebra-5-de-julio-orix","status":"publish","type":"post","link":"https:\/\/noticiasya.com\/hartford\/2024\/07\/05\/independencia-venezuela-origen-por-que-se-celebra-5-de-julio-orix\/","title":{"rendered":"Independencia de Venezuela: \u00bfcu\u00e1l es su origen y por qu\u00e9 se celebra el 5 de julio?"},"content":{"rendered":"<p>(CNN Espa\u00f1ol) \u2013 Venezuela celebra este viernes el aniversario 213 de la declaraci\u00f3n de su Independencia. A continuaci\u00f3n, te explicamos el origen de este acontecimiento y por qu\u00e9 se celebra en esta fecha.<\/p>\n<p>La Independencia de Venezuela fue un proceso militar y pol\u00edtico que inici\u00f3 el 19 de abril de 1810 cuando el pueblo venezolano buscaba poner fin a m\u00e1s de 300 a\u00f1os de sometimiento de la corona espa\u00f1ola y comenzar una patria libre y soberana a favor de las necesidades y derechos del pueblo, seg\u00fan un acuerdo de la Asamblea Nacional firmado en 2023.<\/p>\n<p>D\u00eda de la Independencia de Venezuela: 10 cosas \u00fanicas de los venezolanos<\/p>\n<p>El gobierno venezolano reconoce que aquel a\u00f1o, Caracas viv\u00eda una gran agitaci\u00f3n popular debido al descontento de los grupos sociales criollos que pose\u00edan el estatus social y econ\u00f3mico, pero no pol\u00edtico y el descontento de la poblaci\u00f3n. Los inconformes aprovecharon la abdicaci\u00f3n del Rey Fernando VII por las presiones del emperador franc\u00e9s Napole\u00f3n Bonaparte para cambiar la situaci\u00f3n pol\u00edtica.<\/p>\n<p>Los revolucionarios insurgentes decidieron romper lazos con la Capitan\u00eda General de Venezuela y el Imperio Espa\u00f1ol y convocar a un Congreso de delegados de las provincias del pa\u00eds que contaba con la soberan\u00eda para nombrar a los gobernantes, con lo que tambi\u00e9n inici\u00f3 una guerra de independencia.<\/p>\n<p>Este hist\u00f3rico acontecimiento marc\u00f3 el destino pol\u00edtico y social del pa\u00eds y al a\u00f1o siguiente, el 5 de julio de 1811, el Congreso declar\u00f3 la independencia de las provincias de Venezuela, por lo que esta fecha se celebra como su d\u00eda nacional, seg\u00fan la Asamblea Nacional del pa\u00eds.<\/p>\n<p>Con el acta de la declaraci\u00f3n de independencia tambi\u00e9n se form\u00f3 un nuevo Estado y naci\u00f3n con una forma de gobierno republicano. Este suceso tambi\u00e9n convirti\u00f3 a Venezuela en el primer pa\u00eds sudamericano en cortar lazos con Espa\u00f1a.<\/p>\n<p>La historia de independencia no termin\u00f3 ah\u00ed. Los espa\u00f1oles reaccionaron y en 1812 un ej\u00e9rcito realista recuper\u00f3 el poder, pero el general Francisco de Miranda y el comandante Sim\u00f3n Bol\u00edvar encabezaron una campa\u00f1a para ganar el control de Venezuela una vez m\u00e1s, seg\u00fan la Universidad de Kent, en el Reino Unido.<\/p>\n<p>La guerra se extendi\u00f3 durante 13 a\u00f1os m\u00e1s. En 1821, las tropas de Bol\u00edvar derrotaron al principal ej\u00e9rcito realista en la batalla de Carabobo y en 1823 las \u00faltimas fuerzas realistas se rindieron poniendo fin al conflicto.<\/p>\n<p>The-CNN-Wire<br \/>&trade; &amp; &copy; 2024 Cable News Network, Inc., a Warner Bros. Discovery Company. All rights reserved.<\/p>\n","protected":false},"excerpt":{"rendered":"<p>(CNN Espa\u00f1ol) \u2013 Venezuela celebra este viernes el aniversario 213 de la declaraci\u00f3n de su Independencia. A continuaci\u00f3n, te explicamos el origen de este acontecimiento y por qu\u00e9 se celebra en esta fecha. La Independencia de Venezuela fue un proceso militar y pol\u00edtico que inici\u00f3 el 19 de abril de 1810 cuando el pueblo venezolano [&hellip;]<\/p>\n","protected":false},"author":0,"featured_media":0,"comment_status":"open","ping_status":"open","sticky":false,"template":"","format":"standard","meta":{"_jetpack_memberships_contains_paid_content":false,"footnotes":""},"categories":[10],"tags":[],"class_list":["post-1450895","post","type-post","status-publish","format-standard","hentry","category-noticias-nacionales","market-global"],"yoast_head":"<!-- This site is optimized with the Yoast SEO plugin v24.4 - https:\/\/yoast.com\/wordpress\/plugins\/seo\/ -->\n<title>Independencia de Venezuela: \u00bfcu\u00e1l es su origen y por qu\u00e9 se celebra el 5 de julio? - Noticias<\/title>\n<meta name=\"robots\" content=\"index, follow, max-snippet:-1, max-image-preview:large, max-video-preview:-1\" \/>\n<link rel=\"canonical\" href=\"https:\/\/noticiasya.com\/2024\/07\/05\/independencia-venezuela-origen-por-que-se-celebra-5-de-julio-orix\/\" \/>\n<meta property=\"og:locale\" content=\"es_ES\" \/>\n<meta property=\"og:type\" content=\"article\" \/>\n<meta property=\"og:title\" content=\"Independencia de Venezuela: \u00bfcu\u00e1l es su origen y por qu\u00e9 se celebra el 5 de julio? - Noticias\" \/>\n<meta property=\"og:description\" content=\"(CNN Espa\u00f1ol) \u2013 Venezuela celebra este viernes el aniversario 213 de la declaraci\u00f3n de su Independencia. A continuaci\u00f3n, te explicamos el origen de este acontecimiento y por qu\u00e9 se celebra en esta fecha. La Independencia de Venezuela fue un proceso militar y pol\u00edtico que inici\u00f3 el 19 de abril de 1810 cuando el pueblo venezolano [&hellip;]\" \/>\n<meta property=\"og:url\" content=\"https:\/\/noticiasya.com\/2024\/07\/05\/independencia-venezuela-origen-por-que-se-celebra-5-de-julio-orix\/\" \/>\n<meta property=\"og:site_name\" content=\"Noticias\" \/>\n<meta property=\"article:published_time\" content=\"2024-07-05T13:03:46+00:00\" \/>\n<meta name=\"twitter:card\" content=\"summary_large_image\" \/>\n<meta name=\"twitter:label1\" content=\"Est. reading time\" \/>\n\t<meta name=\"twitter:data1\" content=\"2 minutos\" \/>\n<script type=\"application\/ld+json\" class=\"yoast-schema-graph\">{\"@context\":\"https:\/\/schema.org\",\"@graph\":[{\"@type\":\"Article\",\"@id\":\"https:\/\/noticiasya.com\/2024\/07\/05\/independencia-venezuela-origen-por-que-se-celebra-5-de-julio-orix\/#article\",\"isPartOf\":{\"@id\":\"https:\/\/noticiasya.com\/2024\/07\/05\/independencia-venezuela-origen-por-que-se-celebra-5-de-julio-orix\/\"},\"author\":{\"name\":\"\",\"@id\":\"\"},\"headline\":\"Independencia de Venezuela: \u00bfcu\u00e1l es su origen y por qu\u00e9 se celebra el 5 de julio?\",\"datePublished\":\"2024-07-05T13:03:46+00:00\",\"mainEntityOfPage\":{\"@id\":\"https:\/\/noticiasya.com\/2024\/07\/05\/independencia-venezuela-origen-por-que-se-celebra-5-de-julio-orix\/\"},\"wordCount\":456,\"commentCount\":0,\"publisher\":{\"@id\":\"https:\/\/noticiasya.com\/#organization\"},\"articleSection\":[\"Noticias Nacionales\"],\"inLanguage\":\"es\",\"potentialAction\":[{\"@type\":\"CommentAction\",\"name\":\"Comment\",\"target\":[\"https:\/\/noticiasya.com\/2024\/07\/05\/independencia-venezuela-origen-por-que-se-celebra-5-de-julio-orix\/#respond\"]}]},{\"@type\":\"WebPage\",\"@id\":\"https:\/\/noticiasya.com\/2024\/07\/05\/independencia-venezuela-origen-por-que-se-celebra-5-de-julio-orix\/\",\"url\":\"https:\/\/noticiasya.com\/2024\/07\/05\/independencia-venezuela-origen-por-que-se-celebra-5-de-julio-orix\/\",\"name\":\"Independencia de Venezuela: \u00bfcu\u00e1l es su origen y por qu\u00e9 se celebra el 5 de julio? - Noticias\",\"isPartOf\":{\"@id\":\"https:\/\/noticiasya.com\/#website\"},\"datePublished\":\"2024-07-05T13:03:46+00:00\",\"breadcrumb\":{\"@id\":\"https:\/\/noticiasya.com\/2024\/07\/05\/independencia-venezuela-origen-por-que-se-celebra-5-de-julio-orix\/#breadcrumb\"},\"inLanguage\":\"es\",\"potentialAction\":[{\"@type\":\"ReadAction\",\"target\":[\"https:\/\/noticiasya.com\/2024\/07\/05\/independencia-venezuela-origen-por-que-se-celebra-5-de-julio-orix\/\"]}]},{\"@type\":\"BreadcrumbList\",\"@id\":\"https:\/\/noticiasya.com\/2024\/07\/05\/independencia-venezuela-origen-por-que-se-celebra-5-de-julio-orix\/#breadcrumb\",\"itemListElement\":[{\"@type\":\"ListItem\",\"position\":1,\"name\":\"Home\",\"item\":\"https:\/\/noticiasya.com\/\"},{\"@type\":\"ListItem\",\"position\":2,\"name\":\"Independencia de Venezuela: \u00bfcu\u00e1l es su origen y por qu\u00e9 se celebra el 5 de julio?\"}]},{\"@type\":\"WebSite\",\"@id\":\"https:\/\/noticiasya.com\/#website\",\"url\":\"https:\/\/noticiasya.com\/\",\"name\":\"Noticias\",\"description\":\"Lo que importa\",\"publisher\":{\"@id\":\"https:\/\/noticiasya.com\/#organization\"},\"potentialAction\":[{\"@type\":\"SearchAction\",\"target\":{\"@type\":\"EntryPoint\",\"urlTemplate\":\"https:\/\/noticiasya.com\/?s={search_term_string}\"},\"query-input\":{\"@type\":\"PropertyValueSpecification\",\"valueRequired\":true,\"valueName\":\"search_term_string\"}}],\"inLanguage\":\"es\"},{\"@type\":\"Organization\",\"@id\":\"https:\/\/noticiasya.com\/#organization\",\"name\":\"Noticias\",\"url\":\"https:\/\/noticiasya.com\/\",\"logo\":{\"@type\":\"ImageObject\",\"inLanguage\":\"es\",\"@id\":\"https:\/\/noticiasya.com\/#\/schema\/logo\/image\/\",\"url\":\"https:\/\/noticiasya.com\/wp-content\/uploads\/sites\/22\/2023\/12\/logo-nacional.png\",\"contentUrl\":\"https:\/\/noticiasya.com\/wp-content\/uploads\/sites\/22\/2023\/12\/logo-nacional.png\",\"width\":1801,\"height\":691,\"caption\":\"Noticias\"},\"image\":{\"@id\":\"https:\/\/noticiasya.com\/#\/schema\/logo\/image\/\"}}]}<\/script>\n<!-- \/ Yoast SEO plugin. -->","yoast_head_json":{"title":"Independencia de Venezuela: \u00bfcu\u00e1l es su origen y por qu\u00e9 se celebra el 5 de julio? - Noticias","robots":{"index":"index","follow":"follow","max-snippet":"max-snippet:-1","max-image-preview":"max-image-preview:large","max-video-preview":"max-video-preview:-1"},"canonical":"https:\/\/noticiasya.com\/2024\/07\/05\/independencia-venezuela-origen-por-que-se-celebra-5-de-julio-orix\/","og_locale":"es_ES","og_type":"article","og_title":"Independencia de Venezuela: \u00bfcu\u00e1l es su origen y por qu\u00e9 se celebra el 5 de julio? - Noticias","og_description":"(CNN Espa\u00f1ol) \u2013 Venezuela celebra este viernes el aniversario 213 de la declaraci\u00f3n de su Independencia. A continuaci\u00f3n, te explicamos el origen de este acontecimiento y por qu\u00e9 se celebra en esta fecha. La Independencia de Venezuela fue un proceso militar y pol\u00edtico que inici\u00f3 el 19 de abril de 1810 cuando el pueblo venezolano [&hellip;]","og_url":"https:\/\/noticiasya.com\/2024\/07\/05\/independencia-venezuela-origen-por-que-se-celebra-5-de-julio-orix\/","og_site_name":"Noticias","article_published_time":"2024-07-05T13:03:46+00:00","twitter_card":"summary_large_image","twitter_misc":{"Est. reading time":"2 minutos"},"schema":{"@context":"https:\/\/schema.org","@graph":[{"@type":"Article","@id":"https:\/\/noticiasya.com\/2024\/07\/05\/independencia-venezuela-origen-por-que-se-celebra-5-de-julio-orix\/#article","isPartOf":{"@id":"https:\/\/noticiasya.com\/2024\/07\/05\/independencia-venezuela-origen-por-que-se-celebra-5-de-julio-orix\/"},"author":{"name":"","@id":""},"headline":"Independencia de Venezuela: \u00bfcu\u00e1l es su origen y por qu\u00e9 se celebra el 5 de julio?","datePublished":"2024-07-05T13:03:46+00:00","mainEntityOfPage":{"@id":"https:\/\/noticiasya.com\/2024\/07\/05\/independencia-venezuela-origen-por-que-se-celebra-5-de-julio-orix\/"},"wordCount":456,"commentCount":0,"publisher":{"@id":"https:\/\/noticiasya.com\/#organization"},"articleSection":["Noticias Nacionales"],"inLanguage":"es","potentialAction":[{"@type":"CommentAction","name":"Comment","target":["https:\/\/noticiasya.com\/2024\/07\/05\/independencia-venezuela-origen-por-que-se-celebra-5-de-julio-orix\/#respond"]}]},{"@type":"WebPage","@id":"https:\/\/noticiasya.com\/2024\/07\/05\/independencia-venezuela-origen-por-que-se-celebra-5-de-julio-orix\/","url":"https:\/\/noticiasya.com\/2024\/07\/05\/independencia-venezuela-origen-por-que-se-celebra-5-de-julio-orix\/","name":"Independencia de Venezuela: \u00bfcu\u00e1l es su origen y por qu\u00e9 se celebra el 5 de julio? - Noticias","isPartOf":{"@id":"https:\/\/noticiasya.com\/#website"},"datePublished":"2024-07-05T13:03:46+00:00","breadcrumb":{"@id":"https:\/\/noticiasya.com\/2024\/07\/05\/independencia-venezuela-origen-por-que-se-celebra-5-de-julio-orix\/#breadcrumb"},"inLanguage":"es","potentialAction":[{"@type":"ReadAction","target":["https:\/\/noticiasya.com\/2024\/07\/05\/independencia-venezuela-origen-por-que-se-celebra-5-de-julio-orix\/"]}]},{"@type":"BreadcrumbList","@id":"https:\/\/noticiasya.com\/2024\/07\/05\/independencia-venezuela-origen-por-que-se-celebra-5-de-julio-orix\/#breadcrumb","itemListElement":[{"@type":"ListItem","position":1,"name":"Home","item":"https:\/\/noticiasya.com\/"},{"@type":"ListItem","position":2,"name":"Independencia de Venezuela: \u00bfcu\u00e1l es su origen y por qu\u00e9 se celebra el 5 de julio?"}]},{"@type":"WebSite","@id":"https:\/\/noticiasya.com\/#website","url":"https:\/\/noticiasya.com\/","name":"Noticias","description":"Lo que importa","publisher":{"@id":"https:\/\/noticiasya.com\/#organization"},"potentialAction":[{"@type":"SearchAction","target":{"@type":"EntryPoint","urlTemplate":"https:\/\/noticiasya.com\/?s={search_term_string}"},"query-input":{"@type":"PropertyValueSpecification","valueRequired":true,"valueName":"search_term_string"}}],"inLanguage":"es"},{"@type":"Organization","@id":"https:\/\/noticiasya.com\/#organization","name":"Noticias","url":"https:\/\/noticiasya.com\/","logo":{"@type":"ImageObject","inLanguage":"es","@id":"https:\/\/noticiasya.com\/#\/schema\/logo\/image\/","url":"https:\/\/noticiasya.com\/wp-content\/uploads\/sites\/22\/2023\/12\/logo-nacional.png","contentUrl":"https:\/\/noticiasya.com\/wp-content\/uploads\/sites\/22\/2023\/12\/logo-nacional.png","width":1801,"height":691,"caption":"Noticias"},"image":{"@id":"https:\/\/noticiasya.com\/#\/schema\/logo\/image\/"}}]}},"parsely":{"version":"1.1.0","canonical_url":"https:\/\/noticiasya.com\/hartford\/2024\/07\/05\/independencia-venezuela-origen-por-que-se-celebra-5-de-julio-orix\/","smart_links":{"inbound":0,"outbound":0},"traffic_boost_suggestions_count":0,"meta":{"@context":"https:\/\/schema.org","@type":"NewsArticle","headline":"Independencia de Venezuela: \u00bfcu\u00e1l es su origen y por qu\u00e9 se celebra el 5 de julio?","url":"http:\/\/noticiasya.com\/hartford\/2024\/07\/05\/independencia-venezuela-origen-por-que-se-celebra-5-de-julio-orix\/","mainEntityOfPage":{"@type":"WebPage","@id":"http:\/\/noticiasya.com\/hartford\/2024\/07\/05\/independencia-venezuela-origen-por-que-se-celebra-5-de-julio-orix\/"},"thumbnailUrl":"","image":{"@type":"ImageObject","url":""},"articleSection":"Noticias Nacionales","author":[],"creator":[],"publisher":{"@type":"Organization","name":"Noticias","logo":""},"keywords":[],"dateCreated":"2024-07-05T13:03:46Z","datePublished":"2024-07-05T13:03:46Z","dateModified":"2024-07-05T13:03:46Z"},"rendered":"<script type=\"application\/ld+json\" class=\"wp-parsely-metadata\">{\"@context\":\"https:\\\/\\\/schema.org\",\"@type\":\"NewsArticle\",\"headline\":\"Independencia de Venezuela: \\u00bfcu\\u00e1l es su origen y por qu\\u00e9 se celebra el 5 de julio?\",\"url\":\"http:\\\/\\\/noticiasya.com\\\/hartford\\\/2024\\\/07\\\/05\\\/independencia-venezuela-origen-por-que-se-celebra-5-de-julio-orix\\\/\",\"mainEntityOfPage\":{\"@type\":\"WebPage\",\"@id\":\"http:\\\/\\\/noticiasya.com\\\/hartford\\\/2024\\\/07\\\/05\\\/independencia-venezuela-origen-por-que-se-celebra-5-de-julio-orix\\\/\"},\"thumbnailUrl\":\"\",\"image\":{\"@type\":\"ImageObject\",\"url\":\"\"},\"articleSection\":\"Noticias Nacionales\",\"author\":[],\"creator\":[],\"publisher\":{\"@type\":\"Organization\",\"name\":\"Noticias\",\"logo\":\"\"},\"keywords\":[],\"dateCreated\":\"2024-07-05T13:03:46Z\",\"datePublished\":\"2024-07-05T13:03:46Z\",\"dateModified\":\"2024-07-05T13:03:46Z\"}<\/script>","tracker_url":"https:\/\/cdn.parsely.com\/keys\/noticiasya.com\/p.js"},"jetpack_featured_media_url":"","jetpack-related-posts":[{"id":1469178,"url":"https:\/\/noticiasya.com\/hartford\/2025\/12\/11\/putin-llamada-telefonica-maduro-apoyo-trax\/","url_meta":{"origin":1450895,"position":0},"title":"Putin mantiene una llamada telef\u00f3nica con Maduro para expresarle su apoyo","author":"","date":"diciembre 11, 2025","format":false,"excerpt":"El presidente de Rusia, Vladimir Putin, mantuvo este jueves una conversaci\u00f3n telef\u00f3nica con su hom\u00f3logo de Venezuela, Nicol\u00e1s Maduro, en la que expres\u00f3 su solidaridad con el pueblo venezolano y reafirm\u00f3 su apoyo a las pol\u00edticas de Maduro, seg\u00fan un comunicado del Kremlin.El Kremlin tambi\u00e9n dijo que los dos l\u00edderes\u2026","rel":"","context":"In &quot;Noticias Nacionales&quot;","block_context":{"text":"Noticias Nacionales","link":"https:\/\/noticiasya.com\/hartford\/categoria\/noticias-nacionales"},"img":{"alt_text":"","src":"","width":0,"height":0},"classes":[]},{"id":1467498,"url":"https:\/\/noticiasya.com\/hartford\/2025\/10\/18\/maduro-plan-defensa-amenaza-eeuu-efe\/","url_meta":{"origin":1450895,"position":1},"title":"Maduro dice que se complet\u00f3 el plan de defensa en toda Venezuela ante la &#171;amenaza&#187; de EE.UU.","author":"","date":"octubre 18, 2025","format":false,"excerpt":"El presidente de Venezuela, Nicol\u00e1s Maduro, asegur\u00f3 este s\u00e1bado que se completaron las Zonas de Defensa Integral en el pa\u00eds, como parte del plan denominado \u201cIndependencia 200\u201d, ante lo que denuncia como \u201camenaza\u201d de Estados Unidos, que mantiene un despliegue militar en el mar Caribe cerca de la naci\u00f3n sudamericana.\u201cHoy\u2026","rel":"","context":"In &quot;Noticias Nacionales&quot;","block_context":{"text":"Noticias Nacionales","link":"https:\/\/noticiasya.com\/hartford\/categoria\/noticias-nacionales"},"img":{"alt_text":"","src":"","width":0,"height":0},"classes":[]},{"id":1457603,"url":"https:\/\/noticiasya.com\/hartford\/2025\/01\/17\/costa-rica-reitera-apoyo-edmundo-gonzalez-orix\/","url_meta":{"origin":1450895,"position":2},"title":"El Gobierno de Costa Rica reitera su apoyo a Edmundo Gonz\u00e1lez, quien tambi\u00e9n se encuentra con los venezolanos en ese pa\u00eds","author":"","date":"enero 17, 2025","format":false,"excerpt":"El presidente de Costa Rica, Rodrigo Chaves, recibi\u00f3 al l\u00edder opositor venezolano Edmundo Gonz\u00e1lez Urrutia en San Jos\u00e9 este jueves y le reiter\u00f3 su respaldo. Adem\u00e1s, afirm\u00f3 que el Gobierno del presidente Nicol\u00e1s Maduro debe publicar las actas electorales y pidi\u00f3 \u201cque se respeten los derechos humanos\u201d.Tras la reuni\u00f3n privada,\u2026","rel":"","context":"In &quot;Noticias Nacionales&quot;","block_context":{"text":"Noticias Nacionales","link":"https:\/\/noticiasya.com\/hartford\/categoria\/noticias-nacionales"},"img":{"alt_text":"","src":"","width":0,"height":0},"classes":[]},{"id":1466473,"url":"https:\/\/noticiasya.com\/hartford\/2025\/09\/15\/origen-independencia-septiembre-orix\/","url_meta":{"origin":1450895,"position":3},"title":"\u00bfPor qu\u00e9 se celebra el 16 de septiembre la Independencia de M\u00e9xico? Esto fue lo que ocurri\u00f3 en 1810","author":"","date":"septiembre 15, 2025","format":false,"excerpt":"M\u00e9xico celebra un a\u00f1o m\u00e1s de su independencia con el tradicional grito de Dolores, que marc\u00f3 el inicio de la guerra de independencia de la colonia espa\u00f1ola hace 215 a\u00f1os. Los mexicanos salen a las plazas p\u00fablicas y reviven lo que, seg\u00fan la historia oficial, ocurri\u00f3 la madrugada del 16\u2026","rel":"","context":"In &quot;Noticias Nacionales&quot;","block_context":{"text":"Noticias Nacionales","link":"https:\/\/noticiasya.com\/hartford\/categoria\/noticias-nacionales"},"img":{"alt_text":"","src":"","width":0,"height":0},"classes":[]},{"id":1452203,"url":"https:\/\/noticiasya.com\/hartford\/2024\/08\/27\/edmundo-gonzalez-no-asiste-segunda-citacion-ministerio-publico-orix\/","url_meta":{"origin":1450895,"position":4},"title":"Edmundo Gonz\u00e1lez no asiste a segunda citaci\u00f3n ante el Ministerio P\u00fablico venezolano","author":"","date":"agosto 27, 2024","format":false,"excerpt":"(CNN Espa\u00f1ol) -- El candidato presidencial opositor, Edmundo Gonz\u00e1lez Urrutia, no asisti\u00f3 este martes a la segunda citaci\u00f3n del Ministerio P\u00fablico de Venezuela (MP). Minutos antes del horario de la comparecencia, la Plataforma Unitaria Democr\u00e1tica denunci\u00f3 el \"acoso judicial\u201d al cual est\u00e1 sometido Gonz\u00e1lez Urrutia en una publicaci\u00f3n en X.\"La\u2026","rel":"","context":"In &quot;Noticias Nacionales&quot;","block_context":{"text":"Noticias Nacionales","link":"https:\/\/noticiasya.com\/hartford\/categoria\/noticias-nacionales"},"img":{"alt_text":"","src":"","width":0,"height":0},"classes":[]},{"id":1457489,"url":"https:\/\/noticiasya.com\/hartford\/2025\/01\/13\/maduro-liberar-puerto-rico-armas-gobernadora-dictador-orix\/","url_meta":{"origin":1450895,"position":5},"title":"Maduro afirma que quiere &#171;liberar&#187; Puerto Rico por las armas; Gobernadora lo califica de &#171;dictador&#187;","author":"","date":"enero 13, 2025","format":false,"excerpt":"La gobernadora de Puerto Rico, Jenniffer Gonz\u00e1lez, dijo este lunes que toma con \u201cmucha precauci\u00f3n\u201d las declaraciones del presidente de Venezuela, Nicol\u00e1s Maduro, acerca de \u201cliberar\u201d la isla utilizando \u201ctropas de Brasil\u201d.En un contexto de mucha ret\u00f3rica populista, exageraciones y reminiscencias hist\u00f3ricas, las declaraciones de Maduro se dieron este domingo\u2026","rel":"","context":"In &quot;Noticias Nacionales&quot;","block_context":{"text":"Noticias Nacionales","link":"https:\/\/noticiasya.com\/hartford\/categoria\/noticias-nacionales"},"img":{"alt_text":"","src":"","width":0,"height":0},"classes":[]}],"jetpack_sharing_enabled":true,"_links":{"self":[{"href":"https:\/\/noticiasya.com\/hartford\/wp-json\/wp\/v2\/posts\/1450895","targetHints":{"allow":["GET"]}}],"collection":[{"href":"https:\/\/noticiasya.com\/hartford\/wp-json\/wp\/v2\/posts"}],"about":[{"href":"https:\/\/noticiasya.com\/hartford\/wp-json\/wp\/v2\/types\/post"}],"replies":[{"embeddable":true,"href":"https:\/\/noticiasya.com\/hartford\/wp-json\/wp\/v2\/comments?post=1450895"}],"version-history":[{"count":0,"href":"https:\/\/noticiasya.com\/hartford\/wp-json\/wp\/v2\/posts\/1450895\/revisions"}],"wp:attachment":[{"href":"https:\/\/noticiasya.com\/hartford\/wp-json\/wp\/v2\/media?parent=1450895"}],"wp:term":[{"taxonomy":"category","embeddable":true,"href":"https:\/\/noticiasya.com\/hartford\/wp-json\/wp\/v2\/categories?post=1450895"},{"taxonomy":"post_tag","embeddable":true,"href":"https:\/\/noticiasya.com\/hartford\/wp-json\/wp\/v2\/tags?post=1450895"}],"curies":[{"name":"wp","href":"https:\/\/api.w.org\/{rel}","templated":true}]}}