{"id":1450934,"date":"2024-07-07T04:03:50","date_gmt":"2024-07-07T11:03:50","guid":{"rendered":"https:\/\/noticiasya.com\/2024\/07\/07\/el-famoso-molino-de-viento-moulin-rouge-de-paris-recupera-sus-aspas-trax\/"},"modified":"2024-07-07T04:03:50","modified_gmt":"2024-07-07T11:03:50","slug":"el-famoso-molino-de-viento-moulin-rouge-de-paris-recupera-sus-aspas-trax","status":"publish","type":"post","link":"https:\/\/noticiasya.com\/hartford\/2024\/07\/07\/el-famoso-molino-de-viento-moulin-rouge-de-paris-recupera-sus-aspas-trax\/","title":{"rendered":"El famoso molino de viento Moulin Rouge de Par\u00eds recupera sus aspas"},"content":{"rendered":"<p>(CNN) &#8212; El emblem\u00e1tico molino de viento Moulin Rouge de Par\u00eds ha sido equipado con nuevas aspas, casi tres meses despu\u00e9s de que se cayeran del monumento.<\/p>\n<p>Seg\u00fan BFMTV, afiliada de CNN, alrededor de 500 espectadores vieron la inauguraci\u00f3n de las aspas este viernes por la noche y dieron la bienvenida a la instalaci\u00f3n con un estruendoso aplauso.<\/p>\n<p>El Moulin Rouge perdi\u00f3 sus ic\u00f3nicas aspas<\/p>\n<p>Jean-Victor Clerico, director general del Moulin Rouge Par\u00eds, explic\u00f3 que el objetivo es reinstalar las aspas antes del 15 de julio, cuando la llama ol\u00edmpica pase por el recinto en su camino hacia la inauguraci\u00f3n de los Juegos de verano.<\/p>\n<p>Alrededor de 20 bailarines de canc\u00e1n actuaron para celebrar la instalaci\u00f3n, inform\u00f3 BFMTV, y agreg\u00f3 que, en este momento, las aspas del molino de viento no giran, ya que los trabajos mec\u00e1nicos no pudieron completarse antes de la fecha de inauguraci\u00f3n.<\/p>\n<p>Las nuevas aspas fueron izadas hasta el molino de viento mediante una gr\u00faa. (Cr\u00e9dito: Olumpia de Maismont\/AFP\/Getty Images)<\/p>\n<p>No est\u00e1 claro por qu\u00e9 las aspas del molino de viento se cayeron del ic\u00f3nico sal\u00f3n de baile en abril.<\/p>\n<p>Luego, el lugar dijo que hab\u00eda descartado cualquier &#171;acto malicioso&#187; y el departamento de bomberos de Par\u00eds le dijo a BFMTV que nadie hab\u00eda resultado herido.<\/p>\n<p>Los espect\u00e1culos continuaron mientras las cuchillas segu\u00edan desaparecidas.<\/p>\n<p>Situado en el barrio parisino de Montmartre y fundado en 1889, el Moulin Rouge es uno de los clubes de cabaret m\u00e1s famosos del mundo.<\/p>\n<p>El prominente molino de viento rojo ha sido un elemento b\u00e1sico del lugar desde sus inicios, aunque la estructura original se quem\u00f3 en 1915. El molino de viento actual fue construido en la d\u00e9cada de 1920.<\/p>\n<p>A lo largo de los a\u00f1os, el lugar ha sufrido incendios y ha sufrido renovaciones para mantener su grandeza, seg\u00fan el sitio web del Moulin Rouge .<\/p>\n<p>La inauguraci\u00f3n del nuevo molino de viento del Moulin Rouge coincide con el cierre de otro emblem\u00e1tico local parisino.<\/p>\n<p>Chez Michou, un club de cabaret drag parisino que ha acogido a cantantes como Liza Minnelli y Serge Gainsbourg, realiz\u00f3 su \u00faltima actuaci\u00f3n este domingo por la noche, cerrando sus puertas debido a problemas financieros.<\/p>\n<p>The-CNN-Wire<br \/>&trade; &amp; &copy; 2024 Cable News Network, Inc., a Warner Bros. Discovery Company. All rights reserved.<\/p>\n","protected":false},"excerpt":{"rendered":"<p>(CNN) &#8212; El emblem\u00e1tico molino de viento Moulin Rouge de Par\u00eds ha sido equipado con nuevas aspas, casi tres meses despu\u00e9s de que se cayeran del monumento. Seg\u00fan BFMTV, afiliada de CNN, alrededor de 500 espectadores vieron la inauguraci\u00f3n de las aspas este viernes por la noche y dieron la bienvenida a la instalaci\u00f3n con [&hellip;]<\/p>\n","protected":false},"author":0,"featured_media":0,"comment_status":"open","ping_status":"open","sticky":false,"template":"","format":"standard","meta":{"_jetpack_memberships_contains_paid_content":false,"footnotes":""},"categories":[10],"tags":[],"class_list":["post-1450934","post","type-post","status-publish","format-standard","hentry","category-noticias-nacionales","market-global"],"yoast_head":"<!-- This site is optimized with the Yoast SEO plugin v24.4 - https:\/\/yoast.com\/wordpress\/plugins\/seo\/ -->\n<title>El famoso molino de viento Moulin Rouge de Par\u00eds recupera sus aspas - Noticias<\/title>\n<meta name=\"robots\" content=\"index, follow, max-snippet:-1, max-image-preview:large, max-video-preview:-1\" \/>\n<link rel=\"canonical\" href=\"https:\/\/noticiasya.com\/2024\/07\/07\/el-famoso-molino-de-viento-moulin-rouge-de-paris-recupera-sus-aspas-trax\/\" \/>\n<meta property=\"og:locale\" content=\"es_ES\" \/>\n<meta property=\"og:type\" content=\"article\" \/>\n<meta property=\"og:title\" content=\"El famoso molino de viento Moulin Rouge de Par\u00eds recupera sus aspas - Noticias\" \/>\n<meta property=\"og:description\" content=\"(CNN) &#8212; El emblem\u00e1tico molino de viento Moulin Rouge de Par\u00eds ha sido equipado con nuevas aspas, casi tres meses despu\u00e9s de que se cayeran del monumento. Seg\u00fan BFMTV, afiliada de CNN, alrededor de 500 espectadores vieron la inauguraci\u00f3n de las aspas este viernes por la noche y dieron la bienvenida a la instalaci\u00f3n con [&hellip;]\" \/>\n<meta property=\"og:url\" content=\"https:\/\/noticiasya.com\/2024\/07\/07\/el-famoso-molino-de-viento-moulin-rouge-de-paris-recupera-sus-aspas-trax\/\" \/>\n<meta property=\"og:site_name\" content=\"Noticias\" \/>\n<meta property=\"article:published_time\" content=\"2024-07-07T11:03:50+00:00\" \/>\n<meta name=\"twitter:card\" content=\"summary_large_image\" \/>\n<meta name=\"twitter:label1\" content=\"Est. reading time\" \/>\n\t<meta name=\"twitter:data1\" content=\"2 minutos\" \/>\n<script type=\"application\/ld+json\" class=\"yoast-schema-graph\">{\"@context\":\"https:\/\/schema.org\",\"@graph\":[{\"@type\":\"Article\",\"@id\":\"https:\/\/noticiasya.com\/2024\/07\/07\/el-famoso-molino-de-viento-moulin-rouge-de-paris-recupera-sus-aspas-trax\/#article\",\"isPartOf\":{\"@id\":\"https:\/\/noticiasya.com\/2024\/07\/07\/el-famoso-molino-de-viento-moulin-rouge-de-paris-recupera-sus-aspas-trax\/\"},\"author\":{\"name\":\"\",\"@id\":\"\"},\"headline\":\"El famoso molino de viento Moulin Rouge de Par\u00eds recupera sus aspas\",\"datePublished\":\"2024-07-07T11:03:50+00:00\",\"mainEntityOfPage\":{\"@id\":\"https:\/\/noticiasya.com\/2024\/07\/07\/el-famoso-molino-de-viento-moulin-rouge-de-paris-recupera-sus-aspas-trax\/\"},\"wordCount\":415,\"commentCount\":0,\"publisher\":{\"@id\":\"https:\/\/noticiasya.com\/#organization\"},\"articleSection\":[\"Noticias Nacionales\"],\"inLanguage\":\"es\",\"potentialAction\":[{\"@type\":\"CommentAction\",\"name\":\"Comment\",\"target\":[\"https:\/\/noticiasya.com\/2024\/07\/07\/el-famoso-molino-de-viento-moulin-rouge-de-paris-recupera-sus-aspas-trax\/#respond\"]}]},{\"@type\":\"WebPage\",\"@id\":\"https:\/\/noticiasya.com\/2024\/07\/07\/el-famoso-molino-de-viento-moulin-rouge-de-paris-recupera-sus-aspas-trax\/\",\"url\":\"https:\/\/noticiasya.com\/2024\/07\/07\/el-famoso-molino-de-viento-moulin-rouge-de-paris-recupera-sus-aspas-trax\/\",\"name\":\"El famoso molino de viento Moulin Rouge de Par\u00eds recupera sus aspas - Noticias\",\"isPartOf\":{\"@id\":\"https:\/\/noticiasya.com\/#website\"},\"datePublished\":\"2024-07-07T11:03:50+00:00\",\"breadcrumb\":{\"@id\":\"https:\/\/noticiasya.com\/2024\/07\/07\/el-famoso-molino-de-viento-moulin-rouge-de-paris-recupera-sus-aspas-trax\/#breadcrumb\"},\"inLanguage\":\"es\",\"potentialAction\":[{\"@type\":\"ReadAction\",\"target\":[\"https:\/\/noticiasya.com\/2024\/07\/07\/el-famoso-molino-de-viento-moulin-rouge-de-paris-recupera-sus-aspas-trax\/\"]}]},{\"@type\":\"BreadcrumbList\",\"@id\":\"https:\/\/noticiasya.com\/2024\/07\/07\/el-famoso-molino-de-viento-moulin-rouge-de-paris-recupera-sus-aspas-trax\/#breadcrumb\",\"itemListElement\":[{\"@type\":\"ListItem\",\"position\":1,\"name\":\"Home\",\"item\":\"https:\/\/noticiasya.com\/\"},{\"@type\":\"ListItem\",\"position\":2,\"name\":\"El famoso molino de viento Moulin Rouge de Par\u00eds recupera sus aspas\"}]},{\"@type\":\"WebSite\",\"@id\":\"https:\/\/noticiasya.com\/#website\",\"url\":\"https:\/\/noticiasya.com\/\",\"name\":\"Noticias\",\"description\":\"Lo que importa\",\"publisher\":{\"@id\":\"https:\/\/noticiasya.com\/#organization\"},\"potentialAction\":[{\"@type\":\"SearchAction\",\"target\":{\"@type\":\"EntryPoint\",\"urlTemplate\":\"https:\/\/noticiasya.com\/?s={search_term_string}\"},\"query-input\":{\"@type\":\"PropertyValueSpecification\",\"valueRequired\":true,\"valueName\":\"search_term_string\"}}],\"inLanguage\":\"es\"},{\"@type\":\"Organization\",\"@id\":\"https:\/\/noticiasya.com\/#organization\",\"name\":\"Noticias\",\"url\":\"https:\/\/noticiasya.com\/\",\"logo\":{\"@type\":\"ImageObject\",\"inLanguage\":\"es\",\"@id\":\"https:\/\/noticiasya.com\/#\/schema\/logo\/image\/\",\"url\":\"https:\/\/noticiasya.com\/wp-content\/uploads\/sites\/22\/2023\/12\/logo-nacional.png\",\"contentUrl\":\"https:\/\/noticiasya.com\/wp-content\/uploads\/sites\/22\/2023\/12\/logo-nacional.png\",\"width\":1801,\"height\":691,\"caption\":\"Noticias\"},\"image\":{\"@id\":\"https:\/\/noticiasya.com\/#\/schema\/logo\/image\/\"}}]}<\/script>\n<!-- \/ Yoast SEO plugin. -->","yoast_head_json":{"title":"El famoso molino de viento Moulin Rouge de Par\u00eds recupera sus aspas - Noticias","robots":{"index":"index","follow":"follow","max-snippet":"max-snippet:-1","max-image-preview":"max-image-preview:large","max-video-preview":"max-video-preview:-1"},"canonical":"https:\/\/noticiasya.com\/2024\/07\/07\/el-famoso-molino-de-viento-moulin-rouge-de-paris-recupera-sus-aspas-trax\/","og_locale":"es_ES","og_type":"article","og_title":"El famoso molino de viento Moulin Rouge de Par\u00eds recupera sus aspas - Noticias","og_description":"(CNN) &#8212; El emblem\u00e1tico molino de viento Moulin Rouge de Par\u00eds ha sido equipado con nuevas aspas, casi tres meses despu\u00e9s de que se cayeran del monumento. Seg\u00fan BFMTV, afiliada de CNN, alrededor de 500 espectadores vieron la inauguraci\u00f3n de las aspas este viernes por la noche y dieron la bienvenida a la instalaci\u00f3n con [&hellip;]","og_url":"https:\/\/noticiasya.com\/2024\/07\/07\/el-famoso-molino-de-viento-moulin-rouge-de-paris-recupera-sus-aspas-trax\/","og_site_name":"Noticias","article_published_time":"2024-07-07T11:03:50+00:00","twitter_card":"summary_large_image","twitter_misc":{"Est. reading time":"2 minutos"},"schema":{"@context":"https:\/\/schema.org","@graph":[{"@type":"Article","@id":"https:\/\/noticiasya.com\/2024\/07\/07\/el-famoso-molino-de-viento-moulin-rouge-de-paris-recupera-sus-aspas-trax\/#article","isPartOf":{"@id":"https:\/\/noticiasya.com\/2024\/07\/07\/el-famoso-molino-de-viento-moulin-rouge-de-paris-recupera-sus-aspas-trax\/"},"author":{"name":"","@id":""},"headline":"El famoso molino de viento Moulin Rouge de Par\u00eds recupera sus aspas","datePublished":"2024-07-07T11:03:50+00:00","mainEntityOfPage":{"@id":"https:\/\/noticiasya.com\/2024\/07\/07\/el-famoso-molino-de-viento-moulin-rouge-de-paris-recupera-sus-aspas-trax\/"},"wordCount":415,"commentCount":0,"publisher":{"@id":"https:\/\/noticiasya.com\/#organization"},"articleSection":["Noticias Nacionales"],"inLanguage":"es","potentialAction":[{"@type":"CommentAction","name":"Comment","target":["https:\/\/noticiasya.com\/2024\/07\/07\/el-famoso-molino-de-viento-moulin-rouge-de-paris-recupera-sus-aspas-trax\/#respond"]}]},{"@type":"WebPage","@id":"https:\/\/noticiasya.com\/2024\/07\/07\/el-famoso-molino-de-viento-moulin-rouge-de-paris-recupera-sus-aspas-trax\/","url":"https:\/\/noticiasya.com\/2024\/07\/07\/el-famoso-molino-de-viento-moulin-rouge-de-paris-recupera-sus-aspas-trax\/","name":"El famoso molino de viento Moulin Rouge de Par\u00eds recupera sus aspas - Noticias","isPartOf":{"@id":"https:\/\/noticiasya.com\/#website"},"datePublished":"2024-07-07T11:03:50+00:00","breadcrumb":{"@id":"https:\/\/noticiasya.com\/2024\/07\/07\/el-famoso-molino-de-viento-moulin-rouge-de-paris-recupera-sus-aspas-trax\/#breadcrumb"},"inLanguage":"es","potentialAction":[{"@type":"ReadAction","target":["https:\/\/noticiasya.com\/2024\/07\/07\/el-famoso-molino-de-viento-moulin-rouge-de-paris-recupera-sus-aspas-trax\/"]}]},{"@type":"BreadcrumbList","@id":"https:\/\/noticiasya.com\/2024\/07\/07\/el-famoso-molino-de-viento-moulin-rouge-de-paris-recupera-sus-aspas-trax\/#breadcrumb","itemListElement":[{"@type":"ListItem","position":1,"name":"Home","item":"https:\/\/noticiasya.com\/"},{"@type":"ListItem","position":2,"name":"El famoso molino de viento Moulin Rouge de Par\u00eds recupera sus aspas"}]},{"@type":"WebSite","@id":"https:\/\/noticiasya.com\/#website","url":"https:\/\/noticiasya.com\/","name":"Noticias","description":"Lo que importa","publisher":{"@id":"https:\/\/noticiasya.com\/#organization"},"potentialAction":[{"@type":"SearchAction","target":{"@type":"EntryPoint","urlTemplate":"https:\/\/noticiasya.com\/?s={search_term_string}"},"query-input":{"@type":"PropertyValueSpecification","valueRequired":true,"valueName":"search_term_string"}}],"inLanguage":"es"},{"@type":"Organization","@id":"https:\/\/noticiasya.com\/#organization","name":"Noticias","url":"https:\/\/noticiasya.com\/","logo":{"@type":"ImageObject","inLanguage":"es","@id":"https:\/\/noticiasya.com\/#\/schema\/logo\/image\/","url":"https:\/\/noticiasya.com\/wp-content\/uploads\/sites\/22\/2023\/12\/logo-nacional.png","contentUrl":"https:\/\/noticiasya.com\/wp-content\/uploads\/sites\/22\/2023\/12\/logo-nacional.png","width":1801,"height":691,"caption":"Noticias"},"image":{"@id":"https:\/\/noticiasya.com\/#\/schema\/logo\/image\/"}}]}},"parsely":{"version":"1.1.0","canonical_url":"https:\/\/noticiasya.com\/hartford\/2024\/07\/07\/el-famoso-molino-de-viento-moulin-rouge-de-paris-recupera-sus-aspas-trax\/","smart_links":{"inbound":0,"outbound":0},"traffic_boost_suggestions_count":0,"meta":{"@context":"https:\/\/schema.org","@type":"NewsArticle","headline":"El famoso molino de viento Moulin Rouge de Par\u00eds recupera sus aspas","url":"http:\/\/noticiasya.com\/hartford\/2024\/07\/07\/el-famoso-molino-de-viento-moulin-rouge-de-paris-recupera-sus-aspas-trax\/","mainEntityOfPage":{"@type":"WebPage","@id":"http:\/\/noticiasya.com\/hartford\/2024\/07\/07\/el-famoso-molino-de-viento-moulin-rouge-de-paris-recupera-sus-aspas-trax\/"},"thumbnailUrl":"","image":{"@type":"ImageObject","url":""},"articleSection":"Noticias Nacionales","author":[],"creator":[],"publisher":{"@type":"Organization","name":"Noticias","logo":""},"keywords":[],"dateCreated":"2024-07-07T11:03:50Z","datePublished":"2024-07-07T11:03:50Z","dateModified":"2024-07-07T11:03:50Z"},"rendered":"<script type=\"application\/ld+json\" class=\"wp-parsely-metadata\">{\"@context\":\"https:\\\/\\\/schema.org\",\"@type\":\"NewsArticle\",\"headline\":\"El famoso molino de viento Moulin Rouge de Par\\u00eds recupera sus aspas\",\"url\":\"http:\\\/\\\/noticiasya.com\\\/hartford\\\/2024\\\/07\\\/07\\\/el-famoso-molino-de-viento-moulin-rouge-de-paris-recupera-sus-aspas-trax\\\/\",\"mainEntityOfPage\":{\"@type\":\"WebPage\",\"@id\":\"http:\\\/\\\/noticiasya.com\\\/hartford\\\/2024\\\/07\\\/07\\\/el-famoso-molino-de-viento-moulin-rouge-de-paris-recupera-sus-aspas-trax\\\/\"},\"thumbnailUrl\":\"\",\"image\":{\"@type\":\"ImageObject\",\"url\":\"\"},\"articleSection\":\"Noticias Nacionales\",\"author\":[],\"creator\":[],\"publisher\":{\"@type\":\"Organization\",\"name\":\"Noticias\",\"logo\":\"\"},\"keywords\":[],\"dateCreated\":\"2024-07-07T11:03:50Z\",\"datePublished\":\"2024-07-07T11:03:50Z\",\"dateModified\":\"2024-07-07T11:03:50Z\"}<\/script>","tracker_url":"https:\/\/cdn.parsely.com\/keys\/noticiasya.com\/p.js"},"jetpack_featured_media_url":"","jetpack-related-posts":[{"id":1472755,"url":"https:\/\/noticiasya.com\/hartford\/2026\/04\/01\/hospitalizan-megan-thee-stallion-moulin-rouge-orix\/","url_meta":{"origin":1450934,"position":0},"title":"Hospitalizan a Megan Thee Stallion tras actuar en el musical &#171;Moulin Rouge!&#187; en Nueva York","author":"","date":"abril 1, 2026","format":false,"excerpt":"La rapera y actriz Megan Jovon Ruth Pete, mejor conocida como Megan Thee Stallion, fue hospitalizada tras su actuaci\u00f3n en el musical \u201cMoulin Rouge! The Musical!\u201d en Nueva York, confirm\u00f3 el representante de la artista a Variety y The Hollywood Reporter.\u201cDurante la funci\u00f3n de la noche del martes, Megan comenz\u00f3\u2026","rel":"","context":"In &quot;Noticias Nacionales&quot;","block_context":{"text":"Noticias Nacionales","link":"https:\/\/noticiasya.com\/hartford\/categoria\/noticias-nacionales"},"img":{"alt_text":"","src":"","width":0,"height":0},"classes":[]},{"id":1451433,"url":"https:\/\/noticiasya.com\/hartford\/2024\/07\/26\/actos-malintencionados-lineas-tren-francia-viajes-apertura-juegos-olimpicos-trax\/","url_meta":{"origin":1450934,"position":1},"title":"Un &#171;sabotaje coordinado&#187; interrumpe las l\u00edneas ferroviarias francesas antes de la ceremonia de inauguraci\u00f3n de los Juegos Ol\u00edmpicos de Par\u00eds","author":"","date":"julio 26, 2024","format":false,"excerpt":"(CNN) --Las l\u00edneas de trenes de alta velocidad de Francia fueron blanco estel viernes de m\u00faltiples actos \"malintencionados\", incluidos incendios provocados, en lo que se describi\u00f3 como un \"sabotaje coordinado\" para interrumpir los viajes antes de la ceremonia de inauguraci\u00f3n de los Juegos Ol\u00edmpicos de Par\u00eds.La compa\u00f1\u00eda estatal de ferrocarriles\u2026","rel":"","context":"In &quot;Noticias Nacionales&quot;","block_context":{"text":"Noticias Nacionales","link":"https:\/\/noticiasya.com\/hartford\/categoria\/noticias-nacionales"},"img":{"alt_text":"","src":"","width":0,"height":0},"classes":[]},{"id":1473444,"url":"https:\/\/noticiasya.com\/hartford\/2026\/04\/23\/tiroteo-baton-rouge-lousiana-trax\/","url_meta":{"origin":1450934,"position":2},"title":"Agentes responden a reporte de un atacante armado en un centro comercial de Baton Rouge, Louisiana","author":"","date":"abril 23, 2026","format":false,"excerpt":"Las fuerzas del orden respondieron al reporte de un atacante armado en el Mall of Louisiana, en Baton Rouge, este jueves, informaron las autoridades.\u201cEstoy al tanto de la situaci\u00f3n de atacante armado en el Mall of Louisiana\u201d, dijo el gobernador Jeff Landry. \u201cEstoy en coordinaci\u00f3n con las fuerzas del orden\u2026","rel":"","context":"In &quot;Noticias Nacionales&quot;","block_context":{"text":"Noticias Nacionales","link":"https:\/\/noticiasya.com\/hartford\/categoria\/noticias-nacionales"},"img":{"alt_text":"","src":"","width":0,"height":0},"classes":[]},{"id":1449761,"url":"https:\/\/noticiasya.com\/hartford\/2024\/05\/25\/entradas-torre-eiffel-subenobras-renovacion-trax\/","url_meta":{"origin":1450934,"position":3},"title":"Las entradas a la Torre Eiffel subir\u00e1n un 20% para financiar las obras de renovaci\u00f3n","author":"","date":"mayo 25, 2024","format":false,"excerpt":"(CNN) -- La emblem\u00e1tica Torre Eiffel de Francia aumentar\u00e1 el precio de sus entradas en un 20%, seg\u00fan informa BFMTV, filial de CNN, para ayudar a cubrir los costos de las obras de renovaci\u00f3n y las p\u00e9rdidas financieras durante la pandemia de coronavirus.Una entrada de adulto que incluya un viaje\u2026","rel":"","context":"In &quot;Noticias Nacionales&quot;","block_context":{"text":"Noticias Nacionales","link":"https:\/\/noticiasya.com\/hartford\/categoria\/noticias-nacionales"},"img":{"alt_text":"","src":"","width":0,"height":0},"classes":[]},{"id":1448153,"url":"https:\/\/noticiasya.com\/hartford\/2024\/04\/16\/emmanuel-macron-dice-ceremonia-apertura-paris-2024-cambiarse-en-caso-de-amenaza-terrorista-trax\/","url_meta":{"origin":1450934,"position":4},"title":"Emmanuel Macron dice que la ceremonia de apertura de Par\u00eds 2024 podr\u00eda cambiarse en caso de amenaza terrorista","author":"","date":"abril 16, 2024","format":false,"excerpt":"(CNN) -- El presidente de Francia, Emmanuel Macron, ha dicho que las autoridades tendr\u00e1n un plan alternativo en caso de una amenaza terrorista en la ceremonia de apertura de los Juegos Ol\u00edmpicos de Verano de Par\u00eds 2024.\"Si creemos que hay riesgos de seguridad, tendremos el plan B, e incluso el\u2026","rel":"","context":"In &quot;Noticias Nacionales&quot;","block_context":{"text":"Noticias Nacionales","link":"https:\/\/noticiasya.com\/hartford\/categoria\/noticias-nacionales"},"img":{"alt_text":"","src":"","width":0,"height":0},"classes":[]},{"id":1450817,"url":"https:\/\/noticiasya.com\/hartford\/2024\/06\/30\/protestas-francia-paris-lyon-ultraderecha-la-primera-vuelta-elecciones-parlamentarias-trax\/","url_meta":{"origin":1450934,"position":5},"title":"Protestas en Par\u00eds y Lyon tras liderar la ultraderecha la primera vuelta de las elecciones parlamentarias","author":"","date":"junio 30, 2024","format":false,"excerpt":"(CNN) -- Manifestantes contrarios a la extrema derecha tomaron las calles de Par\u00eds en se\u00f1al de protesta este domingo por la noche.La cadena BFMTV, afiliada a CNN, inform\u00f3 de que, seg\u00fan el recuento de la prefectura de Par\u00eds, unas 5.500 personas se congregaron pac\u00edficamente en la plaza de la Rep\u00fablica.Reuters\u2026","rel":"","context":"In &quot;Noticias Nacionales&quot;","block_context":{"text":"Noticias Nacionales","link":"https:\/\/noticiasya.com\/hartford\/categoria\/noticias-nacionales"},"img":{"alt_text":"","src":"","width":0,"height":0},"classes":[]}],"jetpack_sharing_enabled":true,"_links":{"self":[{"href":"https:\/\/noticiasya.com\/hartford\/wp-json\/wp\/v2\/posts\/1450934","targetHints":{"allow":["GET"]}}],"collection":[{"href":"https:\/\/noticiasya.com\/hartford\/wp-json\/wp\/v2\/posts"}],"about":[{"href":"https:\/\/noticiasya.com\/hartford\/wp-json\/wp\/v2\/types\/post"}],"replies":[{"embeddable":true,"href":"https:\/\/noticiasya.com\/hartford\/wp-json\/wp\/v2\/comments?post=1450934"}],"version-history":[{"count":0,"href":"https:\/\/noticiasya.com\/hartford\/wp-json\/wp\/v2\/posts\/1450934\/revisions"}],"wp:attachment":[{"href":"https:\/\/noticiasya.com\/hartford\/wp-json\/wp\/v2\/media?parent=1450934"}],"wp:term":[{"taxonomy":"category","embeddable":true,"href":"https:\/\/noticiasya.com\/hartford\/wp-json\/wp\/v2\/categories?post=1450934"},{"taxonomy":"post_tag","embeddable":true,"href":"https:\/\/noticiasya.com\/hartford\/wp-json\/wp\/v2\/tags?post=1450934"}],"curies":[{"name":"wp","href":"https:\/\/api.w.org\/{rel}","templated":true}]}}