{"id":1451678,"date":"2024-08-08T09:03:48","date_gmt":"2024-08-08T16:03:48","guid":{"rendered":"https:\/\/noticiasya.com\/2024\/08\/08\/ucrania-pide-mexico-detener-cij-putin-si-asiste-toma-posesion-sheinbaum-orix\/"},"modified":"2024-08-08T09:03:48","modified_gmt":"2024-08-08T16:03:48","slug":"ucrania-pide-mexico-detener-cij-putin-si-asiste-toma-posesion-sheinbaum-orix","status":"publish","type":"post","link":"https:\/\/noticiasya.com\/hartford\/2024\/08\/08\/ucrania-pide-mexico-detener-cij-putin-si-asiste-toma-posesion-sheinbaum-orix\/","title":{"rendered":"Ucrania pide a M\u00e9xico detener y entregar a Putin a la Corte Penal Internacional si asiste a la toma de posesi\u00f3n de Sheinbaum"},"content":{"rendered":"<p>(CNN Espa\u00f1ol) &#8212; La embajada de Ucrania en M\u00e9xico se pronunci\u00f3 este mi\u00e9rcoles sobre la invitaci\u00f3n al presidente de Rusia, Vladimir Putin, para asistir a la ceremonia de toma de posesi\u00f3n de Claudia Sheinbaum, ganadora de la elecci\u00f3n presidencial, el pr\u00f3ximo 1 de octubre.<\/p>\n<p>La representaci\u00f3n diplom\u00e1tica de Ucrania reconoci\u00f3 que el Gobierno de M\u00e9xico hizo la invitaci\u00f3n a los representantes de los pa\u00edses con los que tiene relaciones diplom\u00e1ticas, y agradeci\u00f3 la invitaci\u00f3n al presidente Volodymyr Zelensky ; sin embargo, expres\u00f3 en un comunicado que &#171;el Gobierno de M\u00e9xico es conocedor del hecho de que Vladimir Putin es un criminal de guerra que sostiene una orden de arresto bajo sospecha de secuestro y traslado forzoso de ni\u00f1os ucranianos a Rusia, cuya jurisdicci\u00f3n M\u00e9xico reconoce&#187;.<\/p>\n<p>EE.UU. dice que la presencia de Putin en la toma de posesi\u00f3n de Sheinbaum ensombrecer\u00eda un \u201cmomento hist\u00f3rico\u201d<\/p>\n<p>Adem\u00e1s, detall\u00f3 que dicho se\u00f1alamiento es solo una de las numerosas razones por las que Putin y la c\u00fapula pol\u00edtica y militar de Rusia tendr\u00edan que enfrentar a la justicia por la invasi\u00f3n a gran escala en Ucrania.<\/p>\n<p>&#171;Confiamos en que el Gobierno mexicano cumplir\u00e1 en todo caso con la orden internacional de detenci\u00f3n entregando al susodicho al \u00f3rgano judicial de las Naciones Unidas en la Haya&#187;, la Corte Penal Internacional, se lee en el comunicado.<\/p>\n<p>Por otra parte, Estados Unidos consider\u00f3 que la presencia de un &#171;aut\u00f3crata restar\u00eda valor a lo que ser\u00e1 un evento hist\u00f3rico&#187; para M\u00e9xico.<\/p>\n<p>\u201cLas tomas de protesta deben ser celebraciones de la democracia y transiciones pac\u00edficas del poder. Como naci\u00f3n soberana, M\u00e9xico es quien decide a qui\u00e9n invitar a esos eventos. No obstante, la presencia de un aut\u00f3crata, responsable de tanta muerte y destrucci\u00f3n, restar\u00eda valor a lo que ser\u00e1 un momento hist\u00f3rico para M\u00e9xico\u201d, dijo a CNN un portavoz del Departamento de Estado a trav\u00e9s de un correo electr\u00f3nico.<\/p>\n<p>Los gobiernos de Ecuador y Per\u00fa no fueron invitados al evento, confirm\u00f3 Sheinbaum durante su conferencia de prensa del 31 de julio. Sheinbaum dijo que se enviaron invitaciones &#171;pr\u00e1cticamente a todo el mundo, pero aclar\u00f3 que &#171;obviamente Ecuador y Per\u00fa no porque ah\u00ed estamos de acuerdo con la pol\u00edtica que se ha tenido&#187;.<\/p>\n<p>La relaci\u00f3n diplom\u00e1tica de M\u00e9xico y Rusia de los \u00faltimos a\u00f1os<\/p>\n<p>El expresidente de M\u00e9xico Vicente Fox habla con Vladimir Putin, presidente de Rusia, durante una conferencia de prensa el 7 de junio de 2004 en la Casa Presidencial de Los Pinos en la Ciudad de M\u00e9xico. (Foto: ALFREDO ESTRELLA\/AFP v\u00eda Getty Images).<\/p>\n<p>La Secretar\u00eda de Relaciones Exteriores (SRE) de M\u00e9xico se\u00f1ala que la relaci\u00f3n pol\u00edtica y diplom\u00e1tica entre ambos pa\u00edses est\u00e1 vigente desde 1980 y que en 2004 el presidente Vladimir Putin realiz\u00f3 una visita de Estado a M\u00e9xico, durante el mandato del expresidente Vicente Fox. Dicha visita fue la primera de un mandatario ruso postsovi\u00e9tico a Am\u00e9rica Latina continental, luego de visitar el Caribe en diciembre de 2000.\u00a0 La SRE detalla que en 2005 Fox llev\u00f3 a cabo la primera visita de un mandatario mexicano a Rusia.<\/p>\n<p>Posteriormente, en 2017, el entonces presidente Enrique Pe\u00f1a Nieto se reuni\u00f3 con su hom\u00f3logo ruso en China, cuando M\u00e9xico particip\u00f3 como pa\u00eds invitado en la Cumbre de BRICS.<\/p>\n<p>En 2020, el ministro de Asuntos Exteriores de Rusia, Sergu\u00e9i Lavrov, estuvo en la capital del pa\u00eds para reunirse con el entonces canciller mexicano, Marcelo Ebrard, para tratar temas bilaterales y globales.<\/p>\n<p>Con la actual administraci\u00f3n de Andr\u00e9s Manuel L\u00f3pez Obrador, el contacto fue v\u00eda telef\u00f3nica cuando en 2021 Putin sostuvo una llamada con el presidente, en donde trataron temas econ\u00f3micos y de salud en el marco de la pandemia de covid-19.<\/p>\n<p>Paulina Nares, Ver\u00f3nica Calder\u00f3n e Ivonne Vald\u00e9s contribuyeron a este informe.<\/p>\n<p>The-CNN-Wire<br \/>&trade; &amp; &copy; 2024 Cable News Network, Inc., a Warner Bros. Discovery Company. All rights reserved.<\/p>\n","protected":false},"excerpt":{"rendered":"<p>(CNN Espa\u00f1ol) &#8212; La embajada de Ucrania en M\u00e9xico se pronunci\u00f3 este mi\u00e9rcoles sobre la invitaci\u00f3n al presidente de Rusia, Vladimir Putin, para asistir a la ceremonia de toma de posesi\u00f3n de Claudia Sheinbaum, ganadora de la elecci\u00f3n presidencial, el pr\u00f3ximo 1 de octubre. La representaci\u00f3n diplom\u00e1tica de Ucrania reconoci\u00f3 que el Gobierno de M\u00e9xico [&hellip;]<\/p>\n","protected":false},"author":0,"featured_media":0,"comment_status":"open","ping_status":"open","sticky":false,"template":"","format":"standard","meta":{"_jetpack_memberships_contains_paid_content":false,"footnotes":""},"categories":[10],"tags":[],"class_list":["post-1451678","post","type-post","status-publish","format-standard","hentry","category-noticias-nacionales","market-global"],"yoast_head":"<!-- This site is optimized with the Yoast SEO plugin v24.4 - https:\/\/yoast.com\/wordpress\/plugins\/seo\/ -->\n<title>Ucrania pide a M\u00e9xico detener y entregar a Putin a la Corte Penal Internacional si asiste a la toma de posesi\u00f3n de Sheinbaum - Noticias<\/title>\n<meta name=\"robots\" content=\"index, follow, max-snippet:-1, max-image-preview:large, max-video-preview:-1\" \/>\n<link rel=\"canonical\" href=\"https:\/\/noticiasya.com\/2024\/08\/08\/ucrania-pide-mexico-detener-cij-putin-si-asiste-toma-posesion-sheinbaum-orix\/\" \/>\n<meta property=\"og:locale\" content=\"es_ES\" \/>\n<meta property=\"og:type\" content=\"article\" \/>\n<meta property=\"og:title\" content=\"Ucrania pide a M\u00e9xico detener y entregar a Putin a la Corte Penal Internacional si asiste a la toma de posesi\u00f3n de Sheinbaum - Noticias\" \/>\n<meta property=\"og:description\" content=\"(CNN Espa\u00f1ol) &#8212; La embajada de Ucrania en M\u00e9xico se pronunci\u00f3 este mi\u00e9rcoles sobre la invitaci\u00f3n al presidente de Rusia, Vladimir Putin, para asistir a la ceremonia de toma de posesi\u00f3n de Claudia Sheinbaum, ganadora de la elecci\u00f3n presidencial, el pr\u00f3ximo 1 de octubre. La representaci\u00f3n diplom\u00e1tica de Ucrania reconoci\u00f3 que el Gobierno de M\u00e9xico [&hellip;]\" \/>\n<meta property=\"og:url\" content=\"https:\/\/noticiasya.com\/2024\/08\/08\/ucrania-pide-mexico-detener-cij-putin-si-asiste-toma-posesion-sheinbaum-orix\/\" \/>\n<meta property=\"og:site_name\" content=\"Noticias\" \/>\n<meta property=\"article:published_time\" content=\"2024-08-08T16:03:48+00:00\" \/>\n<meta name=\"twitter:card\" content=\"summary_large_image\" \/>\n<meta name=\"twitter:label1\" content=\"Est. reading time\" \/>\n\t<meta name=\"twitter:data1\" content=\"3 minutos\" \/>\n<script type=\"application\/ld+json\" class=\"yoast-schema-graph\">{\"@context\":\"https:\/\/schema.org\",\"@graph\":[{\"@type\":\"Article\",\"@id\":\"https:\/\/noticiasya.com\/2024\/08\/08\/ucrania-pide-mexico-detener-cij-putin-si-asiste-toma-posesion-sheinbaum-orix\/#article\",\"isPartOf\":{\"@id\":\"https:\/\/noticiasya.com\/2024\/08\/08\/ucrania-pide-mexico-detener-cij-putin-si-asiste-toma-posesion-sheinbaum-orix\/\"},\"author\":{\"name\":\"\",\"@id\":\"\"},\"headline\":\"Ucrania pide a M\u00e9xico detener y entregar a Putin a la Corte Penal Internacional si asiste a la toma de posesi\u00f3n de Sheinbaum\",\"datePublished\":\"2024-08-08T16:03:48+00:00\",\"mainEntityOfPage\":{\"@id\":\"https:\/\/noticiasya.com\/2024\/08\/08\/ucrania-pide-mexico-detener-cij-putin-si-asiste-toma-posesion-sheinbaum-orix\/\"},\"wordCount\":720,\"commentCount\":0,\"publisher\":{\"@id\":\"https:\/\/noticiasya.com\/#organization\"},\"articleSection\":[\"Noticias Nacionales\"],\"inLanguage\":\"es\",\"potentialAction\":[{\"@type\":\"CommentAction\",\"name\":\"Comment\",\"target\":[\"https:\/\/noticiasya.com\/2024\/08\/08\/ucrania-pide-mexico-detener-cij-putin-si-asiste-toma-posesion-sheinbaum-orix\/#respond\"]}]},{\"@type\":\"WebPage\",\"@id\":\"https:\/\/noticiasya.com\/2024\/08\/08\/ucrania-pide-mexico-detener-cij-putin-si-asiste-toma-posesion-sheinbaum-orix\/\",\"url\":\"https:\/\/noticiasya.com\/2024\/08\/08\/ucrania-pide-mexico-detener-cij-putin-si-asiste-toma-posesion-sheinbaum-orix\/\",\"name\":\"Ucrania pide a M\u00e9xico detener y entregar a Putin a la Corte Penal Internacional si asiste a la toma de posesi\u00f3n de Sheinbaum - Noticias\",\"isPartOf\":{\"@id\":\"https:\/\/noticiasya.com\/#website\"},\"datePublished\":\"2024-08-08T16:03:48+00:00\",\"breadcrumb\":{\"@id\":\"https:\/\/noticiasya.com\/2024\/08\/08\/ucrania-pide-mexico-detener-cij-putin-si-asiste-toma-posesion-sheinbaum-orix\/#breadcrumb\"},\"inLanguage\":\"es\",\"potentialAction\":[{\"@type\":\"ReadAction\",\"target\":[\"https:\/\/noticiasya.com\/2024\/08\/08\/ucrania-pide-mexico-detener-cij-putin-si-asiste-toma-posesion-sheinbaum-orix\/\"]}]},{\"@type\":\"BreadcrumbList\",\"@id\":\"https:\/\/noticiasya.com\/2024\/08\/08\/ucrania-pide-mexico-detener-cij-putin-si-asiste-toma-posesion-sheinbaum-orix\/#breadcrumb\",\"itemListElement\":[{\"@type\":\"ListItem\",\"position\":1,\"name\":\"Home\",\"item\":\"https:\/\/noticiasya.com\/\"},{\"@type\":\"ListItem\",\"position\":2,\"name\":\"Ucrania pide a M\u00e9xico detener y entregar a Putin a la Corte Penal Internacional si asiste a la toma de posesi\u00f3n de Sheinbaum\"}]},{\"@type\":\"WebSite\",\"@id\":\"https:\/\/noticiasya.com\/#website\",\"url\":\"https:\/\/noticiasya.com\/\",\"name\":\"Noticias\",\"description\":\"Lo que importa\",\"publisher\":{\"@id\":\"https:\/\/noticiasya.com\/#organization\"},\"potentialAction\":[{\"@type\":\"SearchAction\",\"target\":{\"@type\":\"EntryPoint\",\"urlTemplate\":\"https:\/\/noticiasya.com\/?s={search_term_string}\"},\"query-input\":{\"@type\":\"PropertyValueSpecification\",\"valueRequired\":true,\"valueName\":\"search_term_string\"}}],\"inLanguage\":\"es\"},{\"@type\":\"Organization\",\"@id\":\"https:\/\/noticiasya.com\/#organization\",\"name\":\"Noticias\",\"url\":\"https:\/\/noticiasya.com\/\",\"logo\":{\"@type\":\"ImageObject\",\"inLanguage\":\"es\",\"@id\":\"https:\/\/noticiasya.com\/#\/schema\/logo\/image\/\",\"url\":\"https:\/\/noticiasya.com\/wp-content\/uploads\/sites\/22\/2023\/12\/logo-nacional.png\",\"contentUrl\":\"https:\/\/noticiasya.com\/wp-content\/uploads\/sites\/22\/2023\/12\/logo-nacional.png\",\"width\":1801,\"height\":691,\"caption\":\"Noticias\"},\"image\":{\"@id\":\"https:\/\/noticiasya.com\/#\/schema\/logo\/image\/\"}}]}<\/script>\n<!-- \/ Yoast SEO plugin. -->","yoast_head_json":{"title":"Ucrania pide a M\u00e9xico detener y entregar a Putin a la Corte Penal Internacional si asiste a la toma de posesi\u00f3n de Sheinbaum - Noticias","robots":{"index":"index","follow":"follow","max-snippet":"max-snippet:-1","max-image-preview":"max-image-preview:large","max-video-preview":"max-video-preview:-1"},"canonical":"https:\/\/noticiasya.com\/2024\/08\/08\/ucrania-pide-mexico-detener-cij-putin-si-asiste-toma-posesion-sheinbaum-orix\/","og_locale":"es_ES","og_type":"article","og_title":"Ucrania pide a M\u00e9xico detener y entregar a Putin a la Corte Penal Internacional si asiste a la toma de posesi\u00f3n de Sheinbaum - Noticias","og_description":"(CNN Espa\u00f1ol) &#8212; La embajada de Ucrania en M\u00e9xico se pronunci\u00f3 este mi\u00e9rcoles sobre la invitaci\u00f3n al presidente de Rusia, Vladimir Putin, para asistir a la ceremonia de toma de posesi\u00f3n de Claudia Sheinbaum, ganadora de la elecci\u00f3n presidencial, el pr\u00f3ximo 1 de octubre. La representaci\u00f3n diplom\u00e1tica de Ucrania reconoci\u00f3 que el Gobierno de M\u00e9xico [&hellip;]","og_url":"https:\/\/noticiasya.com\/2024\/08\/08\/ucrania-pide-mexico-detener-cij-putin-si-asiste-toma-posesion-sheinbaum-orix\/","og_site_name":"Noticias","article_published_time":"2024-08-08T16:03:48+00:00","twitter_card":"summary_large_image","twitter_misc":{"Est. reading time":"3 minutos"},"schema":{"@context":"https:\/\/schema.org","@graph":[{"@type":"Article","@id":"https:\/\/noticiasya.com\/2024\/08\/08\/ucrania-pide-mexico-detener-cij-putin-si-asiste-toma-posesion-sheinbaum-orix\/#article","isPartOf":{"@id":"https:\/\/noticiasya.com\/2024\/08\/08\/ucrania-pide-mexico-detener-cij-putin-si-asiste-toma-posesion-sheinbaum-orix\/"},"author":{"name":"","@id":""},"headline":"Ucrania pide a M\u00e9xico detener y entregar a Putin a la Corte Penal Internacional si asiste a la toma de posesi\u00f3n de Sheinbaum","datePublished":"2024-08-08T16:03:48+00:00","mainEntityOfPage":{"@id":"https:\/\/noticiasya.com\/2024\/08\/08\/ucrania-pide-mexico-detener-cij-putin-si-asiste-toma-posesion-sheinbaum-orix\/"},"wordCount":720,"commentCount":0,"publisher":{"@id":"https:\/\/noticiasya.com\/#organization"},"articleSection":["Noticias Nacionales"],"inLanguage":"es","potentialAction":[{"@type":"CommentAction","name":"Comment","target":["https:\/\/noticiasya.com\/2024\/08\/08\/ucrania-pide-mexico-detener-cij-putin-si-asiste-toma-posesion-sheinbaum-orix\/#respond"]}]},{"@type":"WebPage","@id":"https:\/\/noticiasya.com\/2024\/08\/08\/ucrania-pide-mexico-detener-cij-putin-si-asiste-toma-posesion-sheinbaum-orix\/","url":"https:\/\/noticiasya.com\/2024\/08\/08\/ucrania-pide-mexico-detener-cij-putin-si-asiste-toma-posesion-sheinbaum-orix\/","name":"Ucrania pide a M\u00e9xico detener y entregar a Putin a la Corte Penal Internacional si asiste a la toma de posesi\u00f3n de Sheinbaum - Noticias","isPartOf":{"@id":"https:\/\/noticiasya.com\/#website"},"datePublished":"2024-08-08T16:03:48+00:00","breadcrumb":{"@id":"https:\/\/noticiasya.com\/2024\/08\/08\/ucrania-pide-mexico-detener-cij-putin-si-asiste-toma-posesion-sheinbaum-orix\/#breadcrumb"},"inLanguage":"es","potentialAction":[{"@type":"ReadAction","target":["https:\/\/noticiasya.com\/2024\/08\/08\/ucrania-pide-mexico-detener-cij-putin-si-asiste-toma-posesion-sheinbaum-orix\/"]}]},{"@type":"BreadcrumbList","@id":"https:\/\/noticiasya.com\/2024\/08\/08\/ucrania-pide-mexico-detener-cij-putin-si-asiste-toma-posesion-sheinbaum-orix\/#breadcrumb","itemListElement":[{"@type":"ListItem","position":1,"name":"Home","item":"https:\/\/noticiasya.com\/"},{"@type":"ListItem","position":2,"name":"Ucrania pide a M\u00e9xico detener y entregar a Putin a la Corte Penal Internacional si asiste a la toma de posesi\u00f3n de Sheinbaum"}]},{"@type":"WebSite","@id":"https:\/\/noticiasya.com\/#website","url":"https:\/\/noticiasya.com\/","name":"Noticias","description":"Lo que importa","publisher":{"@id":"https:\/\/noticiasya.com\/#organization"},"potentialAction":[{"@type":"SearchAction","target":{"@type":"EntryPoint","urlTemplate":"https:\/\/noticiasya.com\/?s={search_term_string}"},"query-input":{"@type":"PropertyValueSpecification","valueRequired":true,"valueName":"search_term_string"}}],"inLanguage":"es"},{"@type":"Organization","@id":"https:\/\/noticiasya.com\/#organization","name":"Noticias","url":"https:\/\/noticiasya.com\/","logo":{"@type":"ImageObject","inLanguage":"es","@id":"https:\/\/noticiasya.com\/#\/schema\/logo\/image\/","url":"https:\/\/noticiasya.com\/wp-content\/uploads\/sites\/22\/2023\/12\/logo-nacional.png","contentUrl":"https:\/\/noticiasya.com\/wp-content\/uploads\/sites\/22\/2023\/12\/logo-nacional.png","width":1801,"height":691,"caption":"Noticias"},"image":{"@id":"https:\/\/noticiasya.com\/#\/schema\/logo\/image\/"}}]}},"parsely":{"version":"1.1.0","canonical_url":"https:\/\/noticiasya.com\/hartford\/2024\/08\/08\/ucrania-pide-mexico-detener-cij-putin-si-asiste-toma-posesion-sheinbaum-orix\/","smart_links":{"inbound":0,"outbound":0},"traffic_boost_suggestions_count":0,"meta":{"@context":"https:\/\/schema.org","@type":"NewsArticle","headline":"Ucrania pide a M\u00e9xico detener y entregar a Putin a la Corte Penal Internacional si asiste a la toma de posesi\u00f3n de Sheinbaum","url":"http:\/\/noticiasya.com\/hartford\/2024\/08\/08\/ucrania-pide-mexico-detener-cij-putin-si-asiste-toma-posesion-sheinbaum-orix\/","mainEntityOfPage":{"@type":"WebPage","@id":"http:\/\/noticiasya.com\/hartford\/2024\/08\/08\/ucrania-pide-mexico-detener-cij-putin-si-asiste-toma-posesion-sheinbaum-orix\/"},"thumbnailUrl":"","image":{"@type":"ImageObject","url":""},"articleSection":"Noticias Nacionales","author":[],"creator":[],"publisher":{"@type":"Organization","name":"Noticias","logo":""},"keywords":[],"dateCreated":"2024-08-08T16:03:48Z","datePublished":"2024-08-08T16:03:48Z","dateModified":"2024-08-08T16:03:48Z"},"rendered":"<script type=\"application\/ld+json\" class=\"wp-parsely-metadata\">{\"@context\":\"https:\\\/\\\/schema.org\",\"@type\":\"NewsArticle\",\"headline\":\"Ucrania pide a M\\u00e9xico detener y entregar a Putin a la Corte Penal Internacional si asiste a la toma de posesi\\u00f3n de Sheinbaum\",\"url\":\"http:\\\/\\\/noticiasya.com\\\/hartford\\\/2024\\\/08\\\/08\\\/ucrania-pide-mexico-detener-cij-putin-si-asiste-toma-posesion-sheinbaum-orix\\\/\",\"mainEntityOfPage\":{\"@type\":\"WebPage\",\"@id\":\"http:\\\/\\\/noticiasya.com\\\/hartford\\\/2024\\\/08\\\/08\\\/ucrania-pide-mexico-detener-cij-putin-si-asiste-toma-posesion-sheinbaum-orix\\\/\"},\"thumbnailUrl\":\"\",\"image\":{\"@type\":\"ImageObject\",\"url\":\"\"},\"articleSection\":\"Noticias Nacionales\",\"author\":[],\"creator\":[],\"publisher\":{\"@type\":\"Organization\",\"name\":\"Noticias\",\"logo\":\"\"},\"keywords\":[],\"dateCreated\":\"2024-08-08T16:03:48Z\",\"datePublished\":\"2024-08-08T16:03:48Z\",\"dateModified\":\"2024-08-08T16:03:48Z\"}<\/script>","tracker_url":"https:\/\/cdn.parsely.com\/keys\/noticiasya.com\/p.js"},"jetpack_featured_media_url":"","jetpack-related-posts":[{"id":1452884,"url":"https:\/\/noticiasya.com\/hartford\/2024\/09\/20\/putin-no-asistira-toma-posesion-sheinbaum-mexico-orix\/","url_meta":{"origin":1451678,"position":0},"title":"Putin no asistir\u00e1 a la toma de posesi\u00f3n de Sheinbaum en M\u00e9xico, seg\u00fan el Kremlin","author":"","date":"septiembre 20, 2024","format":false,"excerpt":"(CNN Espa\u00f1ol) -- El presidente de Rusia, Vladimir Putin, no planea viajar a M\u00e9xico para asistir a la toma de posesi\u00f3n de la presidenta electa, Claudia Sheinbaum, quien asume el cargo el 1 de octubre, dijo este viernes un portavoz del Kremlin.\u201cEl presidente no ten\u00eda previsto realizar ese viaje\u201d, dijo\u2026","rel":"","context":"In &quot;Noticias Nacionales&quot;","block_context":{"text":"Noticias Nacionales","link":"https:\/\/noticiasya.com\/hartford\/categoria\/noticias-nacionales"},"img":{"alt_text":"","src":"","width":0,"height":0},"classes":[]},{"id":1452920,"url":"https:\/\/noticiasya.com\/hartford\/2024\/09\/21\/boric-petro-lula-y-jill-biden-asistentes-posesion-sheinbaum-presidenta-mexico-orix\/","url_meta":{"origin":1451678,"position":1},"title":"Jill Biden, Petro y Lula da Silva, entre los asistentes a la toma de posesi\u00f3n de Claudia Sheinbaum como presidenta de M\u00e9xico","author":"","date":"septiembre 21, 2024","format":false,"excerpt":"(CNN Espa\u00f1ol) -- Claudia Sheinbaum tomar\u00e1 posesi\u00f3n como la primera presidenta de M\u00e9xico el pr\u00f3ximo 1 de octubre en la C\u00e1mara de Diputados. Al evento asistir\u00e1n representantes de 105 pa\u00edses y 22 organismos internacionales, inform\u00f3 la presidenta electa este jueves en un comunicado publicado en X.En la lista publicada por\u2026","rel":"","context":"In &quot;Noticias Nacionales&quot;","block_context":{"text":"Noticias Nacionales","link":"https:\/\/noticiasya.com\/hartford\/categoria\/noticias-nacionales"},"img":{"alt_text":"","src":"","width":0,"height":0},"classes":[]},{"id":1453218,"url":"https:\/\/noticiasya.com\/hartford\/2024\/09\/30\/claudia-sheinbaum-toma-protesta-mexico-presidenta-como-ver-orix\/","url_meta":{"origin":1451678,"position":2},"title":"Toma de protesta de Claudia Sheinbaum como presidenta de M\u00e9xico: qu\u00e9 presidentes e invitados asisten, cu\u00e1ndo es y c\u00f3mo ver en vivo","author":"","date":"septiembre 30, 2024","format":false,"excerpt":"(CNN Espa\u00f1ol) -- Este martes 1 de octubre la presidenta electa de M\u00e9xico, Claudia Sheinbaum, tendr\u00e1 su toma de protesta. \u00bfC\u00f3mo ser\u00e1 y qui\u00e9nes estar\u00e1n presentes? Aqu\u00ed te contamos.Horario y c\u00f3mo ver la ceremoniaLa ceremonia de investidura de la primera presidenta mujer de M\u00e9xico se realizar\u00e1 este martes 1 de\u2026","rel":"","context":"In &quot;Noticias Nacionales&quot;","block_context":{"text":"Noticias Nacionales","link":"https:\/\/noticiasya.com\/hartford\/categoria\/noticias-nacionales"},"img":{"alt_text":"","src":"","width":0,"height":0},"classes":[]},{"id":1453048,"url":"https:\/\/noticiasya.com\/hartford\/2024\/09\/25\/sheinbaum-confirma-que-no-invito-al-rey-felipe-vi-a-su-juramentacion-trax\/","url_meta":{"origin":1451678,"position":3},"title":"Sheinbaum confirma que no invit\u00f3 al rey Felipe VI a su juramentaci\u00f3n, el Gobierno de Espa\u00f1a no enviar\u00e1 a ning\u00fan representante","author":"","date":"septiembre 25, 2024","format":false,"excerpt":"(CNN Espa\u00f1ol) -- La presidenta electa de M\u00e9xico, Claudia Sheinbaum, confirm\u00f3 a trav\u00e9s de un comunicado publicado en sus redes sociales que envi\u00f3 una nota diplom\u00e1tica invitando a la ceremonia de posesi\u00f3n al presidente del gobierno espa\u00f1ol, Pedro S\u00e1nchez, y no al rey Felipe VI.Sheinbaum indic\u00f3 que la raz\u00f3n de\u2026","rel":"","context":"In &quot;Noticias Nacionales&quot;","block_context":{"text":"Noticias Nacionales","link":"https:\/\/noticiasya.com\/hartford\/categoria\/noticias-nacionales"},"img":{"alt_text":"","src":"","width":0,"height":0},"classes":[]},{"id":1449003,"url":"https:\/\/noticiasya.com\/hartford\/2024\/05\/07\/putin-asume-presidente-quinto-mandato-rusia-bajo-estricto-control-trax\/","url_meta":{"origin":1451678,"position":4},"title":"Putin asume como presidente para su quinto mandato con Rusia bajo estricto control","author":"","date":"mayo 7, 2024","format":false,"excerpt":"(CNN) -- Vladimir Putin comenz\u00f3 formalmente su quinto mandato como presidente de Rusia en una ceremonia de toma de posesi\u00f3n cuidadosamente coreografiada, en un pa\u00eds al que ha moldeado a su imagen despu\u00e9s de asumir el cargo por primera vez hace casi un cuarto de siglo.Putin gan\u00f3 las elecciones organizadas\u2026","rel":"","context":"In &quot;Noticias Nacionales&quot;","block_context":{"text":"Noticias Nacionales","link":"https:\/\/noticiasya.com\/hartford\/categoria\/noticias-nacionales"},"img":{"alt_text":"","src":"","width":0,"height":0},"classes":[]},{"id":1451193,"url":"https:\/\/noticiasya.com\/hartford\/2024\/07\/17\/kremlin-trump-nada-particularmente-bueno-para-rusia-dialogo-trax\/","url_meta":{"origin":1451678,"position":5},"title":"El Kremlin dice que el gobierno de Trump no represent\u00f3 &#171;nada particularmente bueno&#187; para Rusia, pero que existi\u00f3 di\u00e1logo","author":"","date":"julio 17, 2024","format":false,"excerpt":"(CNN) -- El Kremlin dijo este mi\u00e9rcoles que no ocurri\u00f3 nada bueno para Rusia durante la presidencia de Donald Trump, pero que hubo un aspecto positivo en el di\u00e1logo continuo entre Washington y Mosc\u00fa durante la administraci\u00f3n anterior.\"Ustedes saben que bajo Trump no se hizo nada particularmente bueno para Rusia;\u2026","rel":"","context":"In &quot;Noticias Nacionales&quot;","block_context":{"text":"Noticias Nacionales","link":"https:\/\/noticiasya.com\/hartford\/categoria\/noticias-nacionales"},"img":{"alt_text":"","src":"","width":0,"height":0},"classes":[]}],"jetpack_sharing_enabled":true,"_links":{"self":[{"href":"https:\/\/noticiasya.com\/hartford\/wp-json\/wp\/v2\/posts\/1451678","targetHints":{"allow":["GET"]}}],"collection":[{"href":"https:\/\/noticiasya.com\/hartford\/wp-json\/wp\/v2\/posts"}],"about":[{"href":"https:\/\/noticiasya.com\/hartford\/wp-json\/wp\/v2\/types\/post"}],"replies":[{"embeddable":true,"href":"https:\/\/noticiasya.com\/hartford\/wp-json\/wp\/v2\/comments?post=1451678"}],"version-history":[{"count":0,"href":"https:\/\/noticiasya.com\/hartford\/wp-json\/wp\/v2\/posts\/1451678\/revisions"}],"wp:attachment":[{"href":"https:\/\/noticiasya.com\/hartford\/wp-json\/wp\/v2\/media?parent=1451678"}],"wp:term":[{"taxonomy":"category","embeddable":true,"href":"https:\/\/noticiasya.com\/hartford\/wp-json\/wp\/v2\/categories?post=1451678"},{"taxonomy":"post_tag","embeddable":true,"href":"https:\/\/noticiasya.com\/hartford\/wp-json\/wp\/v2\/tags?post=1451678"}],"curies":[{"name":"wp","href":"https:\/\/api.w.org\/{rel}","templated":true}]}}