{"id":1450671,"date":"2024-06-24T19:03:40","date_gmt":"2024-06-25T02:03:40","guid":{"rendered":"https:\/\/noticiasya.com\/2024\/06\/24\/haitianos-esperanza-llegada-fuerzas-kenya-orix\/"},"modified":"2024-06-24T19:03:40","modified_gmt":"2024-06-25T02:03:40","slug":"haitianos-esperanza-llegada-fuerzas-kenya-orix","status":"publish","type":"post","link":"https:\/\/noticiasya.com\/laredo\/2024\/06\/24\/haitianos-esperanza-llegada-fuerzas-kenya-orix\/","title":{"rendered":"Haitianos ven con esperanza la llegada de las fuerzas de Kenya a su pa\u00eds"},"content":{"rendered":"<p>(CNN Espa\u00f1ol) &#8212; Lo \u00faltimo que se pierde es la esperanza, seg\u00fan haitianos consultados este lunes en la zona fronteriza de Dajab\u00f3n, Rep\u00fablica Dominicana, que esperan la pronta llegada de la fuerza multinacional de seguridad liderada por Kenya.<\/p>\n<p>Para Willy Pie es tiempo de erradicar las pandillas y poner fin a la violencia, que se agudiza cada vez m\u00e1s en Hait\u00ed. Estos grupos violentos controlan buena parte del pa\u00eds. A principios de marzo, el 80% de la capital haitiana, Puerto Pr\u00edncipe, estaba bajo el control de estas bandas criminales, seg\u00fan estimaciones de la ONU.<\/p>\n<p>En una ciudad de Ha\u00edt\u00ed aislada del mundo, las armas y las drogas siguen fluyendo<\/p>\n<p>Pablo Lois, conductor, dice que vive con temor cada vez que tiene que transportar mercanc\u00eda hacia el pa\u00eds vecino, pero ve con gran esperanza el apoyo de la polic\u00eda keniana para enfrentar a las bandas.<\/p>\n<p>Desde el magnicidio del presidente Jovenel Mo\u00efse (en 2021), la situaci\u00f3n en el vecino pa\u00eds es cada vez peor, seg\u00fan Christian Joseph, quien espera que la llegada de las tropas se materialice lo antes posible.<\/p>\n<p>Al igual que Joseph, el l\u00edder comunitario de Wannamieth, Renao Jean, dice que el pa\u00eds no puede esperar un d\u00eda m\u00e1s.<\/p>\n<p>La misi\u00f3n de Apoyo Multinacional a la Seguridad, ampliamente conocida como MSS, tiene como objetivo reforzar a la polic\u00eda local en la lucha contra las pandillas, que actualmente invaden Puerto Pr\u00edncipe.<\/p>\n<p>Despu\u00e9s de varios retrasos, se espera que la misi\u00f3n, que fue aprobada por la ONU el a\u00f1o pasado y que ser\u00e1 encabezada por Kenya,\u00a0comience a llegar a la naci\u00f3n caribe\u00f1a esta misma semana, seg\u00fan el portavoz del Departamento de Estado de EE.UU., Matthew Miller.<\/p>\n<p>The-CNN-Wire<br \/>&trade; &amp; &copy; 2024 Cable News Network, Inc., a Warner Bros. Discovery Company. All rights reserved.<\/p>\n","protected":false},"excerpt":{"rendered":"<p>(CNN Espa\u00f1ol) &#8212; Lo \u00faltimo que se pierde es la esperanza, seg\u00fan haitianos consultados este lunes en la zona fronteriza de Dajab\u00f3n, Rep\u00fablica Dominicana, que esperan la pronta llegada de la fuerza multinacional de seguridad liderada por Kenya. Para Willy Pie es tiempo de erradicar las pandillas y poner fin a la violencia, que se [&hellip;]<\/p>\n","protected":false},"author":0,"featured_media":0,"comment_status":"open","ping_status":"open","sticky":false,"template":"","format":"standard","meta":{"_jetpack_memberships_contains_paid_content":false,"footnotes":""},"categories":[10],"tags":[],"class_list":["post-1450671","post","type-post","status-publish","format-standard","hentry","category-noticias-nacionales","market-global"],"yoast_head":"<!-- This site is optimized with the Yoast SEO plugin v24.4 - https:\/\/yoast.com\/wordpress\/plugins\/seo\/ -->\n<title>Haitianos ven con esperanza la llegada de las fuerzas de Kenya a su pa\u00eds - Noticias<\/title>\n<meta name=\"robots\" content=\"index, follow, max-snippet:-1, max-image-preview:large, max-video-preview:-1\" \/>\n<link rel=\"canonical\" href=\"https:\/\/noticiasya.com\/2024\/06\/24\/haitianos-esperanza-llegada-fuerzas-kenya-orix\/\" \/>\n<meta property=\"og:locale\" content=\"es_ES\" \/>\n<meta property=\"og:type\" content=\"article\" \/>\n<meta property=\"og:title\" content=\"Haitianos ven con esperanza la llegada de las fuerzas de Kenya a su pa\u00eds - Noticias\" \/>\n<meta property=\"og:description\" content=\"(CNN Espa\u00f1ol) &#8212; Lo \u00faltimo que se pierde es la esperanza, seg\u00fan haitianos consultados este lunes en la zona fronteriza de Dajab\u00f3n, Rep\u00fablica Dominicana, que esperan la pronta llegada de la fuerza multinacional de seguridad liderada por Kenya. Para Willy Pie es tiempo de erradicar las pandillas y poner fin a la violencia, que se [&hellip;]\" \/>\n<meta property=\"og:url\" content=\"https:\/\/noticiasya.com\/2024\/06\/24\/haitianos-esperanza-llegada-fuerzas-kenya-orix\/\" \/>\n<meta property=\"og:site_name\" content=\"Noticias\" \/>\n<meta property=\"article:published_time\" content=\"2024-06-25T02:03:40+00:00\" \/>\n<meta name=\"twitter:card\" content=\"summary_large_image\" \/>\n<meta name=\"twitter:label1\" content=\"Est. reading time\" \/>\n\t<meta name=\"twitter:data1\" content=\"2 minutos\" \/>\n<script type=\"application\/ld+json\" class=\"yoast-schema-graph\">{\"@context\":\"https:\/\/schema.org\",\"@graph\":[{\"@type\":\"Article\",\"@id\":\"https:\/\/noticiasya.com\/2024\/06\/24\/haitianos-esperanza-llegada-fuerzas-kenya-orix\/#article\",\"isPartOf\":{\"@id\":\"https:\/\/noticiasya.com\/2024\/06\/24\/haitianos-esperanza-llegada-fuerzas-kenya-orix\/\"},\"author\":{\"name\":\"\",\"@id\":\"\"},\"headline\":\"Haitianos ven con esperanza la llegada de las fuerzas de Kenya a su pa\u00eds\",\"datePublished\":\"2024-06-25T02:03:40+00:00\",\"mainEntityOfPage\":{\"@id\":\"https:\/\/noticiasya.com\/2024\/06\/24\/haitianos-esperanza-llegada-fuerzas-kenya-orix\/\"},\"wordCount\":335,\"commentCount\":0,\"publisher\":{\"@id\":\"https:\/\/noticiasya.com\/#organization\"},\"articleSection\":[\"Noticias Nacionales\"],\"inLanguage\":\"es\",\"potentialAction\":[{\"@type\":\"CommentAction\",\"name\":\"Comment\",\"target\":[\"https:\/\/noticiasya.com\/2024\/06\/24\/haitianos-esperanza-llegada-fuerzas-kenya-orix\/#respond\"]}]},{\"@type\":\"WebPage\",\"@id\":\"https:\/\/noticiasya.com\/2024\/06\/24\/haitianos-esperanza-llegada-fuerzas-kenya-orix\/\",\"url\":\"https:\/\/noticiasya.com\/2024\/06\/24\/haitianos-esperanza-llegada-fuerzas-kenya-orix\/\",\"name\":\"Haitianos ven con esperanza la llegada de las fuerzas de Kenya a su pa\u00eds - Noticias\",\"isPartOf\":{\"@id\":\"https:\/\/noticiasya.com\/#website\"},\"datePublished\":\"2024-06-25T02:03:40+00:00\",\"breadcrumb\":{\"@id\":\"https:\/\/noticiasya.com\/2024\/06\/24\/haitianos-esperanza-llegada-fuerzas-kenya-orix\/#breadcrumb\"},\"inLanguage\":\"es\",\"potentialAction\":[{\"@type\":\"ReadAction\",\"target\":[\"https:\/\/noticiasya.com\/2024\/06\/24\/haitianos-esperanza-llegada-fuerzas-kenya-orix\/\"]}]},{\"@type\":\"BreadcrumbList\",\"@id\":\"https:\/\/noticiasya.com\/2024\/06\/24\/haitianos-esperanza-llegada-fuerzas-kenya-orix\/#breadcrumb\",\"itemListElement\":[{\"@type\":\"ListItem\",\"position\":1,\"name\":\"Home\",\"item\":\"https:\/\/noticiasya.com\/\"},{\"@type\":\"ListItem\",\"position\":2,\"name\":\"Haitianos ven con esperanza la llegada de las fuerzas de Kenya a su pa\u00eds\"}]},{\"@type\":\"WebSite\",\"@id\":\"https:\/\/noticiasya.com\/#website\",\"url\":\"https:\/\/noticiasya.com\/\",\"name\":\"Noticias\",\"description\":\"Lo que importa\",\"publisher\":{\"@id\":\"https:\/\/noticiasya.com\/#organization\"},\"potentialAction\":[{\"@type\":\"SearchAction\",\"target\":{\"@type\":\"EntryPoint\",\"urlTemplate\":\"https:\/\/noticiasya.com\/?s={search_term_string}\"},\"query-input\":{\"@type\":\"PropertyValueSpecification\",\"valueRequired\":true,\"valueName\":\"search_term_string\"}}],\"inLanguage\":\"es\"},{\"@type\":\"Organization\",\"@id\":\"https:\/\/noticiasya.com\/#organization\",\"name\":\"Noticias\",\"url\":\"https:\/\/noticiasya.com\/\",\"logo\":{\"@type\":\"ImageObject\",\"inLanguage\":\"es\",\"@id\":\"https:\/\/noticiasya.com\/#\/schema\/logo\/image\/\",\"url\":\"https:\/\/noticiasya.com\/wp-content\/uploads\/sites\/22\/2023\/12\/logo-nacional.png\",\"contentUrl\":\"https:\/\/noticiasya.com\/wp-content\/uploads\/sites\/22\/2023\/12\/logo-nacional.png\",\"width\":1801,\"height\":691,\"caption\":\"Noticias\"},\"image\":{\"@id\":\"https:\/\/noticiasya.com\/#\/schema\/logo\/image\/\"}}]}<\/script>\n<!-- \/ Yoast SEO plugin. -->","yoast_head_json":{"title":"Haitianos ven con esperanza la llegada de las fuerzas de Kenya a su pa\u00eds - Noticias","robots":{"index":"index","follow":"follow","max-snippet":"max-snippet:-1","max-image-preview":"max-image-preview:large","max-video-preview":"max-video-preview:-1"},"canonical":"https:\/\/noticiasya.com\/2024\/06\/24\/haitianos-esperanza-llegada-fuerzas-kenya-orix\/","og_locale":"es_ES","og_type":"article","og_title":"Haitianos ven con esperanza la llegada de las fuerzas de Kenya a su pa\u00eds - Noticias","og_description":"(CNN Espa\u00f1ol) &#8212; Lo \u00faltimo que se pierde es la esperanza, seg\u00fan haitianos consultados este lunes en la zona fronteriza de Dajab\u00f3n, Rep\u00fablica Dominicana, que esperan la pronta llegada de la fuerza multinacional de seguridad liderada por Kenya. Para Willy Pie es tiempo de erradicar las pandillas y poner fin a la violencia, que se [&hellip;]","og_url":"https:\/\/noticiasya.com\/2024\/06\/24\/haitianos-esperanza-llegada-fuerzas-kenya-orix\/","og_site_name":"Noticias","article_published_time":"2024-06-25T02:03:40+00:00","twitter_card":"summary_large_image","twitter_misc":{"Est. reading time":"2 minutos"},"schema":{"@context":"https:\/\/schema.org","@graph":[{"@type":"Article","@id":"https:\/\/noticiasya.com\/2024\/06\/24\/haitianos-esperanza-llegada-fuerzas-kenya-orix\/#article","isPartOf":{"@id":"https:\/\/noticiasya.com\/2024\/06\/24\/haitianos-esperanza-llegada-fuerzas-kenya-orix\/"},"author":{"name":"","@id":""},"headline":"Haitianos ven con esperanza la llegada de las fuerzas de Kenya a su pa\u00eds","datePublished":"2024-06-25T02:03:40+00:00","mainEntityOfPage":{"@id":"https:\/\/noticiasya.com\/2024\/06\/24\/haitianos-esperanza-llegada-fuerzas-kenya-orix\/"},"wordCount":335,"commentCount":0,"publisher":{"@id":"https:\/\/noticiasya.com\/#organization"},"articleSection":["Noticias Nacionales"],"inLanguage":"es","potentialAction":[{"@type":"CommentAction","name":"Comment","target":["https:\/\/noticiasya.com\/2024\/06\/24\/haitianos-esperanza-llegada-fuerzas-kenya-orix\/#respond"]}]},{"@type":"WebPage","@id":"https:\/\/noticiasya.com\/2024\/06\/24\/haitianos-esperanza-llegada-fuerzas-kenya-orix\/","url":"https:\/\/noticiasya.com\/2024\/06\/24\/haitianos-esperanza-llegada-fuerzas-kenya-orix\/","name":"Haitianos ven con esperanza la llegada de las fuerzas de Kenya a su pa\u00eds - Noticias","isPartOf":{"@id":"https:\/\/noticiasya.com\/#website"},"datePublished":"2024-06-25T02:03:40+00:00","breadcrumb":{"@id":"https:\/\/noticiasya.com\/2024\/06\/24\/haitianos-esperanza-llegada-fuerzas-kenya-orix\/#breadcrumb"},"inLanguage":"es","potentialAction":[{"@type":"ReadAction","target":["https:\/\/noticiasya.com\/2024\/06\/24\/haitianos-esperanza-llegada-fuerzas-kenya-orix\/"]}]},{"@type":"BreadcrumbList","@id":"https:\/\/noticiasya.com\/2024\/06\/24\/haitianos-esperanza-llegada-fuerzas-kenya-orix\/#breadcrumb","itemListElement":[{"@type":"ListItem","position":1,"name":"Home","item":"https:\/\/noticiasya.com\/"},{"@type":"ListItem","position":2,"name":"Haitianos ven con esperanza la llegada de las fuerzas de Kenya a su pa\u00eds"}]},{"@type":"WebSite","@id":"https:\/\/noticiasya.com\/#website","url":"https:\/\/noticiasya.com\/","name":"Noticias","description":"Lo que importa","publisher":{"@id":"https:\/\/noticiasya.com\/#organization"},"potentialAction":[{"@type":"SearchAction","target":{"@type":"EntryPoint","urlTemplate":"https:\/\/noticiasya.com\/?s={search_term_string}"},"query-input":{"@type":"PropertyValueSpecification","valueRequired":true,"valueName":"search_term_string"}}],"inLanguage":"es"},{"@type":"Organization","@id":"https:\/\/noticiasya.com\/#organization","name":"Noticias","url":"https:\/\/noticiasya.com\/","logo":{"@type":"ImageObject","inLanguage":"es","@id":"https:\/\/noticiasya.com\/#\/schema\/logo\/image\/","url":"https:\/\/noticiasya.com\/wp-content\/uploads\/sites\/22\/2023\/12\/logo-nacional.png","contentUrl":"https:\/\/noticiasya.com\/wp-content\/uploads\/sites\/22\/2023\/12\/logo-nacional.png","width":1801,"height":691,"caption":"Noticias"},"image":{"@id":"https:\/\/noticiasya.com\/#\/schema\/logo\/image\/"}}]}},"parsely":{"version":"1.1.0","canonical_url":"https:\/\/noticiasya.com\/laredo\/2024\/06\/24\/haitianos-esperanza-llegada-fuerzas-kenya-orix\/","smart_links":{"inbound":0,"outbound":0},"traffic_boost_suggestions_count":0,"meta":{"@context":"https:\/\/schema.org","@type":"NewsArticle","headline":"Haitianos ven con esperanza la llegada de las fuerzas de Kenya a su pa\u00eds","url":"http:\/\/noticiasya.com\/laredo\/2024\/06\/24\/haitianos-esperanza-llegada-fuerzas-kenya-orix\/","mainEntityOfPage":{"@type":"WebPage","@id":"http:\/\/noticiasya.com\/laredo\/2024\/06\/24\/haitianos-esperanza-llegada-fuerzas-kenya-orix\/"},"thumbnailUrl":"","image":{"@type":"ImageObject","url":""},"articleSection":"Noticias Nacionales","author":[],"creator":[],"publisher":{"@type":"Organization","name":"Noticias","logo":""},"keywords":[],"dateCreated":"2024-06-25T02:03:40Z","datePublished":"2024-06-25T02:03:40Z","dateModified":"2024-06-25T02:03:40Z"},"rendered":"<script type=\"application\/ld+json\" class=\"wp-parsely-metadata\">{\"@context\":\"https:\\\/\\\/schema.org\",\"@type\":\"NewsArticle\",\"headline\":\"Haitianos ven con esperanza la llegada de las fuerzas de Kenya a su pa\\u00eds\",\"url\":\"http:\\\/\\\/noticiasya.com\\\/laredo\\\/2024\\\/06\\\/24\\\/haitianos-esperanza-llegada-fuerzas-kenya-orix\\\/\",\"mainEntityOfPage\":{\"@type\":\"WebPage\",\"@id\":\"http:\\\/\\\/noticiasya.com\\\/laredo\\\/2024\\\/06\\\/24\\\/haitianos-esperanza-llegada-fuerzas-kenya-orix\\\/\"},\"thumbnailUrl\":\"\",\"image\":{\"@type\":\"ImageObject\",\"url\":\"\"},\"articleSection\":\"Noticias Nacionales\",\"author\":[],\"creator\":[],\"publisher\":{\"@type\":\"Organization\",\"name\":\"Noticias\",\"logo\":\"\"},\"keywords\":[],\"dateCreated\":\"2024-06-25T02:03:40Z\",\"datePublished\":\"2024-06-25T02:03:40Z\",\"dateModified\":\"2024-06-25T02:03:40Z\"}<\/script>","tracker_url":"https:\/\/cdn.parsely.com\/keys\/noticiasya.com\/p.js"},"jetpack_featured_media_url":"","jetpack-related-posts":[{"id":1451266,"url":"https:\/\/noticiasya.com\/laredo\/2024\/07\/19\/barco-migrantes-incendio-haiti-al-menos-muertos-trax\/","url_meta":{"origin":1450671,"position":0},"title":"Barco de migrantes se incendia frente a la costa de Hait\u00ed; al menos 40 personas murieron, dice ONG","author":"","date":"julio 19, 2024","format":false,"excerpt":"(CNN) -- Al menos 40 personas murieron despu\u00e9s de que la embarcaci\u00f3n en la que viajaban se incendiara frente a las costas de Hait\u00ed a principios de esta semana, inform\u00f3 este viernes la Organizaci\u00f3n Internacional para las Migraciones (OIM), citando a autoridades locales.El barco sali\u00f3 de Hait\u00ed el mi\u00e9rcoles con\u2026","rel":"","context":"In &quot;Noticias Nacionales&quot;","block_context":{"text":"Noticias Nacionales","link":"https:\/\/noticiasya.com\/laredo\/categoria\/noticias-nacionales"},"img":{"alt_text":"","src":"","width":0,"height":0},"classes":[]},{"id":1464927,"url":"https:\/\/noticiasya.com\/laredo\/2025\/07\/28\/inmigrantes-haitianos-temen-deportacion-trax\/","url_meta":{"origin":1450671,"position":1},"title":"&#171;Regresar es pr\u00e1cticamente la muerte&#187;: Inmigrantes haitianos temen los intentos de Trump por enviarlos de regreso a su pa\u00eds","author":"","date":"julio 28, 2025","format":false,"excerpt":"Con ocho meses de embarazo, Titi, una inmigrante haitiana de 28 a\u00f1os, teme ser deportada a su pa\u00eds natal.Titi, quien pidi\u00f3 ser identificada solo con un seud\u00f3nimo por temor a ser objeto de las autoridades migratorias, lleg\u00f3 a Estados Unidos con su hermana menor en 2024 tras huir de la\u2026","rel":"","context":"In &quot;Noticias Nacionales&quot;","block_context":{"text":"Noticias Nacionales","link":"https:\/\/noticiasya.com\/laredo\/categoria\/noticias-nacionales"},"img":{"alt_text":"","src":"","width":0,"height":0},"classes":[]},{"id":1452464,"url":"https:\/\/noticiasya.com\/laredo\/2024\/09\/05\/expectativas-haiti-visita-blinken-orix\/","url_meta":{"origin":1450671,"position":2},"title":"Expectativas entre haitianos por la visita de Blinken","author":"","date":"septiembre 5, 2024","format":false,"excerpt":"(CNN Espa\u00f1ol) \u2013\u2013 Hay expectativas entre los haitianos de la zona fronteriza de Dajab\u00f3n por la visita del secretario de Estado de Estados Unidos, Antony Blinken, a su pa\u00eds.La esperanza, seg\u00fan los consultados por CNN, es que la visita a Puerto Pr\u00edncipe de Blinken contribuya a que las autoridades haitianas\u2026","rel":"","context":"In &quot;Noticias Nacionales&quot;","block_context":{"text":"Noticias Nacionales","link":"https:\/\/noticiasya.com\/laredo\/categoria\/noticias-nacionales"},"img":{"alt_text":"","src":"","width":0,"height":0},"classes":[]},{"id":1460759,"url":"https:\/\/noticiasya.com\/laredo\/2025\/04\/02\/republica-dominicana-haiti-retoman-dialogo-nuevo-embajador-orix\/","url_meta":{"origin":1450671,"position":3},"title":"Rep\u00fablica Dominicana y Hait\u00ed retoman di\u00e1logo tras llegada de nuevo embajador haitiano, informa canciller dominicano","author":"","date":"abril 2, 2025","format":false,"excerpt":"El Gobierno dominicano ha iniciado conversaciones con el nuevo embajador de Hait\u00ed en el pa\u00eds. As\u00ed lo confirm\u00f3 el canciller dominicano, Roberto \u00c1lvarez, quien destac\u00f3 que, aunque la comunicaci\u00f3n entre ambas naciones se vio afectada en 2023 por la construcci\u00f3n del canal de riego en el r\u00edo Dajab\u00f3n-Masacre en Hait\u00ed,\u2026","rel":"","context":"In &quot;Noticias Nacionales&quot;","block_context":{"text":"Noticias Nacionales","link":"https:\/\/noticiasya.com\/laredo\/categoria\/noticias-nacionales"},"img":{"alt_text":"","src":"","width":0,"height":0},"classes":[]},{"id":1446536,"url":"https:\/\/noticiasya.com\/laredo\/2024\/03\/05\/republica-dominicana-suspende-vuelos-desde-y-hacia-haiti-orix\/","url_meta":{"origin":1450671,"position":4},"title":"Rep\u00fablica Dominicana suspende operaciones a\u00e9reas desde y hacia Hait\u00ed por escalada de violencia en el pa\u00eds vecino","author":"","date":"marzo 5, 2024","format":false,"excerpt":"(CNN Espa\u00f1ol) -- Rep\u00fablica Dominicana suspendi\u00f3 este martes con efecto inmediato las operaciones a\u00e9reas de pasajeros y carga desde y hacia Hait\u00ed, seg\u00fan un comunicado que cita la resoluci\u00f3n No.46-2024 emitida por la Junta de Aviaci\u00f3n Civil de Rep\u00fablica Dominicana (JAC).En el mismo, el presidente de la JAC, Jos\u00e9 Ernesto\u2026","rel":"","context":"In &quot;Noticias Nacionales&quot;","block_context":{"text":"Noticias Nacionales","link":"https:\/\/noticiasya.com\/laredo\/categoria\/noticias-nacionales"},"img":{"alt_text":"","src":"","width":0,"height":0},"classes":[]},{"id":1473621,"url":"https:\/\/noticiasya.com\/laredo\/2026\/04\/28\/corte-suprema-estados-unidos-vida-haiti-trax\/","url_meta":{"origin":1450671,"position":5},"title":"La Corte Suprema de Estados Unidos podr\u00eda cortar pronto una l\u00ednea de vida para Hait\u00ed","author":"","date":"abril 28, 2026","format":false,"excerpt":"Ysmael ya est\u00e1 sintiendo el impacto del aumento de precios en Hait\u00ed. \u201cTodo ha subido\u201d, dice en un video del Programa Mundial de Alimentos, desde el precio de un billete de autob\u00fas hasta el costo de la cena, todo debido al alza de los precios del combustible relacionada con la\u2026","rel":"","context":"In &quot;Noticias Nacionales&quot;","block_context":{"text":"Noticias Nacionales","link":"https:\/\/noticiasya.com\/laredo\/categoria\/noticias-nacionales"},"img":{"alt_text":"","src":"","width":0,"height":0},"classes":[]}],"jetpack_sharing_enabled":true,"_links":{"self":[{"href":"https:\/\/noticiasya.com\/laredo\/wp-json\/wp\/v2\/posts\/1450671","targetHints":{"allow":["GET"]}}],"collection":[{"href":"https:\/\/noticiasya.com\/laredo\/wp-json\/wp\/v2\/posts"}],"about":[{"href":"https:\/\/noticiasya.com\/laredo\/wp-json\/wp\/v2\/types\/post"}],"replies":[{"embeddable":true,"href":"https:\/\/noticiasya.com\/laredo\/wp-json\/wp\/v2\/comments?post=1450671"}],"version-history":[{"count":0,"href":"https:\/\/noticiasya.com\/laredo\/wp-json\/wp\/v2\/posts\/1450671\/revisions"}],"wp:attachment":[{"href":"https:\/\/noticiasya.com\/laredo\/wp-json\/wp\/v2\/media?parent=1450671"}],"wp:term":[{"taxonomy":"category","embeddable":true,"href":"https:\/\/noticiasya.com\/laredo\/wp-json\/wp\/v2\/categories?post=1450671"},{"taxonomy":"post_tag","embeddable":true,"href":"https:\/\/noticiasya.com\/laredo\/wp-json\/wp\/v2\/tags?post=1450671"}],"curies":[{"name":"wp","href":"https:\/\/api.w.org\/{rel}","templated":true}]}}