{"id":1462597,"date":"2025-05-20T13:03:39","date_gmt":"2025-05-20T20:03:39","guid":{"rendered":"https:\/\/noticiasya.com\/2025\/05\/20\/diferencias-tps-asilo-claves-orix\/"},"modified":"2025-05-20T13:03:39","modified_gmt":"2025-05-20T20:03:39","slug":"diferencias-tps-asilo-claves-orix","status":"publish","type":"post","link":"https:\/\/noticiasya.com\/laredo\/2025\/05\/20\/diferencias-tps-asilo-claves-orix\/","title":{"rendered":"\u00bfQu\u00e9 diferencias hay entre el TPS y el asilo? Las claves para entender la situaci\u00f3n legal"},"content":{"rendered":"<p>La Corte Suprema de Justicia de <a href=\"http:\/\/ee.uu\">EE.UU<\/a>. decidi\u00f3 este lunes permitir al Gobierno de Trump revocar el Estatus de Protecci\u00f3n Temporal (TPS, por sus siglas en ingl\u00e9s), medida que afecta a m\u00e1s de 350.000 venezolanos que gozaban del beneficio.<\/p>\n<p>El TPS es un programa migratorio temporal cuya finalidad es brindar protecci\u00f3n a ciudadanos de determinados pa\u00edses que no pueden volver a su lugar de origen de manera segura, debido a situaciones como conflictos armados, desastres naturales u otras circunstancias extraordinarias y temporales. Si bien el TPS tambi\u00e9n abarca a personas de otros pa\u00edses que se encuentran bajo circunstancias de crisis, como El Salvador, Honduras y Nicaragua, el fin del TPS aplicar\u00eda, por el momento, solo para los venezolanos.<\/p>\n<p>El TPS se implement\u00f3 en 2021 y fue prorrogado en 2023. La decisi\u00f3n m\u00e1s reciente de la Corte Suprema afecta exclusivamente a quienes se inscribieron bajo la designaci\u00f3n de 2023, mientras que aquellos que lo hicieron en 2021 podr\u00e1n conservar sus permisos de trabajo y la protecci\u00f3n contra la deportaci\u00f3n.<\/p>\n<p>La revocaci\u00f3n del TPS implica que los venezolanos pierden su condici\u00f3n de estatus legal en el pa\u00eds, y con ello sus permisos de empleo, y pasan a ser candidatos para ser deportados.<\/p>\n<p>Las personas que se vean afectadas por la finalizaci\u00f3n del TPS pueden optar por solicitar asilo, seg\u00fan explic\u00f3 a CNN la abogada especializada en inmigraci\u00f3n Elizabeth Uribe.<\/p>\n<p>El asilo es una forma de protecci\u00f3n que brinda Estados Unidos a quienes sufren persecuci\u00f3n o temen ser perseguidos debido a su raza, religi\u00f3n, nacionalidad o por pertenecer a un grupo social o pol\u00edtico espec\u00edfico, <a href=\"https:\/\/www.uscis.gov\/es\/humanitarios\/asilo\">explica el<\/a> Servicio de Ciudadan\u00eda e Inmigraci\u00f3n de los Estados Unidos (USCIS, por sus siglas en ingl\u00e9s). Hay dos modalidades de asilo: el asilo afirmativo, dirigido a quienes no est\u00e1n en proceso de deportaci\u00f3n, y el asilo defensivo, que se presenta ante un juez de inmigraci\u00f3n cuando la persona enfrenta un proceso de expulsi\u00f3n.<\/p>\n<p>Si bien el TPS y el asilo comparten el mismo esp\u00edritu de acoger a aquellos migrantes que enfrentan situaciones complejas en sus pa\u00edses de origen, hay varias diferencias entre los dos programas.<\/p>\n<p>Como distinci\u00f3n primordial, el TPS es un beneficio del que gozan solamente los ciudadanos de los <a href=\"https:\/\/www.uscis.gov\/es\/programas-humanitarios\/estatus-de-proteccion-temporal\">17 pa\u00edses<\/a> que contempla ya que se considera que en esas naciones existen condiciones que hacen que regreso de sus ciudadanos a esos pa\u00edses no sea seguro. En el asilo, en cambio, no importa el pa\u00eds de origen, siempre y cuando el individuo se encuentre en una situaci\u00f3n de peligro o persecuci\u00f3n.<\/p>\n<p>Adem\u00e1s, seg\u00fan explic\u00f3 la especialista en migraci\u00f3n Lady Junek a CNN, el TPS es una protecci\u00f3n temporal por lo que \u201cderiva de resoluciones pol\u00edticas. Si bien s\u00ed es una forma de protecci\u00f3n a partir del Departamento de Seguridad Nacional (DHS, por sus siglas en ingl\u00e9s), tambi\u00e9n es una decisi\u00f3n pol\u00edtica dependiendo de las relaciones exteriores y diplom\u00e1ticas que tengan los pa\u00edses con las personas de donde son acogidas\u201d.<\/p>\n<p>\u201cEs un juego pol\u00edtico que deja en el medio a las poblaciones que tienen este estatus\u201d, declar\u00f3.<\/p>\n<p>El DHS tiene la potestad de retirar el TPS en cualquier momento si determinara que las condiciones que justificaron su otorgamiento, en este caso la crisis humanitaria en Venezuela, han mejorado o ya no existen. \u201cEso es lo que est\u00e1 diciendo (el Gobierno de Trump), que la situaci\u00f3n en Venezuela ha mejorado\u201d, coment\u00f3 Junek.<\/p>\n<p>El asilo, por otro lado, es una protecci\u00f3n vinculada al derecho internacional p\u00fablico que se solicita cuando una persona considera que est\u00e1 siendo perseguida o tiene un temor fundado. El asilo es a nivel internacional y el TPS es una pol\u00edtica migratoria nacional. Es decir, la vigencia del asilo no est\u00e1 condicionada por el inter\u00e9s de los gobiernos, ya que se sustenta en tratados y pactos internacionales.<\/p>\n<p>Por otra parte, la <a href=\"https:\/\/www.uscis.gov\/es\/programas-humanitarios\/estatus-de-proteccion-temporal\/pais-designado-al-estatus-de-proteccion-temporal-venezuela\">duraci\u00f3n<\/a> del TPS depende del pa\u00eds de origen del migrante y de si se solicit\u00f3 en la iniciativa de 2021 o de 2023. Es un beneficio temporal y renovable. En el asilo, en cambio, se analiza cada caso concreto y, una vez aprobado, la vigencia del mismo es permanente.<\/p>\n<p>Para la solicitud del TPS se abre una fecha para postularse, que se cierra en un momento determinado. \u201cNo todos los venezolanos que est\u00e1n en EE.UU. en este momento tienen TPS, porque hay una fecha espec\u00edfica para solicitarlo\u201d, puntualiz\u00f3 Junek.<\/p>\n<p>En el caso del asilo, responde a una situaci\u00f3n m\u00e1s personal o familiar, y se puede solicitar en cualquier momento. Se hace de manera m\u00e1s nuclear, no por nacionalidad.<\/p>\n<p>El proceso de solicitud del TPS es m\u00e1s r\u00e1pido y da acceso a permisos de trabajo, mientras que el asilo puede tardar a\u00f1os en aprobarse. \u201cPuedes haber recibido la aprobaci\u00f3n para el asilo y estar desde hace 5 a\u00f1os sin tu tarjeta para poder seguir con el siguiente paso\u201d, coment\u00f3 la especialista.<\/p>\n<p>Sin embargo, el TPS no habilita para solicitar luego la residencia en EE.UU., mientras que el asilo s\u00ed te lo permite.<\/p>\n<p>Pese a las divergencias entre las protecciones, aquellos a quienes se les revoc\u00f3 el TPS pueden considerar la solicitud de asilo como una alternativa para intentar evitar permanecer en el pa\u00eds, aunque el Gobierno de Trump a\u00fan no ha aclarado c\u00f3mo manejar\u00e1 las deportaciones para los venezolanos que quedaron sin estatus legal.<\/p>\n<p>The-CNN-Wire<br \/>&trade; &amp; &copy; 2025 Cable News Network, Inc., a Warner Bros. Discovery Company. All rights reserved.<\/p>\n","protected":false},"excerpt":{"rendered":"<p>La Corte Suprema de Justicia de EE.UU. decidi\u00f3 este lunes permitir al Gobierno de Trump revocar el Estatus de Protecci\u00f3n Temporal (TPS, por sus siglas en ingl\u00e9s), medida que afecta a m\u00e1s de 350.000 venezolanos que gozaban del beneficio. El TPS es un programa migratorio temporal cuya finalidad es brindar protecci\u00f3n a ciudadanos de determinados [&hellip;]<\/p>\n","protected":false},"author":0,"featured_media":0,"comment_status":"open","ping_status":"open","sticky":false,"template":"","format":"standard","meta":{"_jetpack_memberships_contains_paid_content":false,"footnotes":""},"categories":[10],"tags":[],"class_list":["post-1462597","post","type-post","status-publish","format-standard","hentry","category-noticias-nacionales","market-global"],"yoast_head":"<!-- This site is optimized with the Yoast SEO plugin v24.4 - https:\/\/yoast.com\/wordpress\/plugins\/seo\/ -->\n<title>\u00bfQu\u00e9 diferencias hay entre el TPS y el asilo? Las claves para entender la situaci\u00f3n legal - Noticias<\/title>\n<meta name=\"robots\" content=\"index, follow, max-snippet:-1, max-image-preview:large, max-video-preview:-1\" \/>\n<link rel=\"canonical\" href=\"https:\/\/noticiasya.com\/2025\/05\/20\/diferencias-tps-asilo-claves-orix\/\" \/>\n<meta property=\"og:locale\" content=\"es_ES\" \/>\n<meta property=\"og:type\" content=\"article\" \/>\n<meta property=\"og:title\" content=\"\u00bfQu\u00e9 diferencias hay entre el TPS y el asilo? Las claves para entender la situaci\u00f3n legal - Noticias\" \/>\n<meta property=\"og:description\" content=\"La Corte Suprema de Justicia de EE.UU. decidi\u00f3 este lunes permitir al Gobierno de Trump revocar el Estatus de Protecci\u00f3n Temporal (TPS, por sus siglas en ingl\u00e9s), medida que afecta a m\u00e1s de 350.000 venezolanos que gozaban del beneficio. El TPS es un programa migratorio temporal cuya finalidad es brindar protecci\u00f3n a ciudadanos de determinados [&hellip;]\" \/>\n<meta property=\"og:url\" content=\"https:\/\/noticiasya.com\/2025\/05\/20\/diferencias-tps-asilo-claves-orix\/\" \/>\n<meta property=\"og:site_name\" content=\"Noticias\" \/>\n<meta property=\"article:published_time\" content=\"2025-05-20T20:03:39+00:00\" \/>\n<meta name=\"twitter:card\" content=\"summary_large_image\" \/>\n<meta name=\"twitter:label1\" content=\"Est. reading time\" \/>\n\t<meta name=\"twitter:data1\" content=\"5 minutos\" \/>\n<script type=\"application\/ld+json\" class=\"yoast-schema-graph\">{\"@context\":\"https:\/\/schema.org\",\"@graph\":[{\"@type\":\"Article\",\"@id\":\"https:\/\/noticiasya.com\/2025\/05\/20\/diferencias-tps-asilo-claves-orix\/#article\",\"isPartOf\":{\"@id\":\"https:\/\/noticiasya.com\/2025\/05\/20\/diferencias-tps-asilo-claves-orix\/\"},\"author\":{\"name\":\"\",\"@id\":\"\"},\"headline\":\"\u00bfQu\u00e9 diferencias hay entre el TPS y el asilo? Las claves para entender la situaci\u00f3n legal\",\"datePublished\":\"2025-05-20T20:03:39+00:00\",\"mainEntityOfPage\":{\"@id\":\"https:\/\/noticiasya.com\/2025\/05\/20\/diferencias-tps-asilo-claves-orix\/\"},\"wordCount\":969,\"commentCount\":0,\"publisher\":{\"@id\":\"https:\/\/noticiasya.com\/#organization\"},\"articleSection\":[\"Noticias Nacionales\"],\"inLanguage\":\"es\",\"potentialAction\":[{\"@type\":\"CommentAction\",\"name\":\"Comment\",\"target\":[\"https:\/\/noticiasya.com\/2025\/05\/20\/diferencias-tps-asilo-claves-orix\/#respond\"]}]},{\"@type\":\"WebPage\",\"@id\":\"https:\/\/noticiasya.com\/2025\/05\/20\/diferencias-tps-asilo-claves-orix\/\",\"url\":\"https:\/\/noticiasya.com\/2025\/05\/20\/diferencias-tps-asilo-claves-orix\/\",\"name\":\"\u00bfQu\u00e9 diferencias hay entre el TPS y el asilo? Las claves para entender la situaci\u00f3n legal - Noticias\",\"isPartOf\":{\"@id\":\"https:\/\/noticiasya.com\/#website\"},\"datePublished\":\"2025-05-20T20:03:39+00:00\",\"breadcrumb\":{\"@id\":\"https:\/\/noticiasya.com\/2025\/05\/20\/diferencias-tps-asilo-claves-orix\/#breadcrumb\"},\"inLanguage\":\"es\",\"potentialAction\":[{\"@type\":\"ReadAction\",\"target\":[\"https:\/\/noticiasya.com\/2025\/05\/20\/diferencias-tps-asilo-claves-orix\/\"]}]},{\"@type\":\"BreadcrumbList\",\"@id\":\"https:\/\/noticiasya.com\/2025\/05\/20\/diferencias-tps-asilo-claves-orix\/#breadcrumb\",\"itemListElement\":[{\"@type\":\"ListItem\",\"position\":1,\"name\":\"Home\",\"item\":\"https:\/\/noticiasya.com\/\"},{\"@type\":\"ListItem\",\"position\":2,\"name\":\"\u00bfQu\u00e9 diferencias hay entre el TPS y el asilo? Las claves para entender la situaci\u00f3n legal\"}]},{\"@type\":\"WebSite\",\"@id\":\"https:\/\/noticiasya.com\/#website\",\"url\":\"https:\/\/noticiasya.com\/\",\"name\":\"Noticias\",\"description\":\"Lo que importa\",\"publisher\":{\"@id\":\"https:\/\/noticiasya.com\/#organization\"},\"potentialAction\":[{\"@type\":\"SearchAction\",\"target\":{\"@type\":\"EntryPoint\",\"urlTemplate\":\"https:\/\/noticiasya.com\/?s={search_term_string}\"},\"query-input\":{\"@type\":\"PropertyValueSpecification\",\"valueRequired\":true,\"valueName\":\"search_term_string\"}}],\"inLanguage\":\"es\"},{\"@type\":\"Organization\",\"@id\":\"https:\/\/noticiasya.com\/#organization\",\"name\":\"Noticias\",\"url\":\"https:\/\/noticiasya.com\/\",\"logo\":{\"@type\":\"ImageObject\",\"inLanguage\":\"es\",\"@id\":\"https:\/\/noticiasya.com\/#\/schema\/logo\/image\/\",\"url\":\"https:\/\/noticiasya.com\/wp-content\/uploads\/sites\/22\/2023\/12\/logo-nacional.png\",\"contentUrl\":\"https:\/\/noticiasya.com\/wp-content\/uploads\/sites\/22\/2023\/12\/logo-nacional.png\",\"width\":1801,\"height\":691,\"caption\":\"Noticias\"},\"image\":{\"@id\":\"https:\/\/noticiasya.com\/#\/schema\/logo\/image\/\"}}]}<\/script>\n<!-- \/ Yoast SEO plugin. -->","yoast_head_json":{"title":"\u00bfQu\u00e9 diferencias hay entre el TPS y el asilo? Las claves para entender la situaci\u00f3n legal - Noticias","robots":{"index":"index","follow":"follow","max-snippet":"max-snippet:-1","max-image-preview":"max-image-preview:large","max-video-preview":"max-video-preview:-1"},"canonical":"https:\/\/noticiasya.com\/2025\/05\/20\/diferencias-tps-asilo-claves-orix\/","og_locale":"es_ES","og_type":"article","og_title":"\u00bfQu\u00e9 diferencias hay entre el TPS y el asilo? Las claves para entender la situaci\u00f3n legal - Noticias","og_description":"La Corte Suprema de Justicia de EE.UU. decidi\u00f3 este lunes permitir al Gobierno de Trump revocar el Estatus de Protecci\u00f3n Temporal (TPS, por sus siglas en ingl\u00e9s), medida que afecta a m\u00e1s de 350.000 venezolanos que gozaban del beneficio. El TPS es un programa migratorio temporal cuya finalidad es brindar protecci\u00f3n a ciudadanos de determinados [&hellip;]","og_url":"https:\/\/noticiasya.com\/2025\/05\/20\/diferencias-tps-asilo-claves-orix\/","og_site_name":"Noticias","article_published_time":"2025-05-20T20:03:39+00:00","twitter_card":"summary_large_image","twitter_misc":{"Est. reading time":"5 minutos"},"schema":{"@context":"https:\/\/schema.org","@graph":[{"@type":"Article","@id":"https:\/\/noticiasya.com\/2025\/05\/20\/diferencias-tps-asilo-claves-orix\/#article","isPartOf":{"@id":"https:\/\/noticiasya.com\/2025\/05\/20\/diferencias-tps-asilo-claves-orix\/"},"author":{"name":"","@id":""},"headline":"\u00bfQu\u00e9 diferencias hay entre el TPS y el asilo? Las claves para entender la situaci\u00f3n legal","datePublished":"2025-05-20T20:03:39+00:00","mainEntityOfPage":{"@id":"https:\/\/noticiasya.com\/2025\/05\/20\/diferencias-tps-asilo-claves-orix\/"},"wordCount":969,"commentCount":0,"publisher":{"@id":"https:\/\/noticiasya.com\/#organization"},"articleSection":["Noticias Nacionales"],"inLanguage":"es","potentialAction":[{"@type":"CommentAction","name":"Comment","target":["https:\/\/noticiasya.com\/2025\/05\/20\/diferencias-tps-asilo-claves-orix\/#respond"]}]},{"@type":"WebPage","@id":"https:\/\/noticiasya.com\/2025\/05\/20\/diferencias-tps-asilo-claves-orix\/","url":"https:\/\/noticiasya.com\/2025\/05\/20\/diferencias-tps-asilo-claves-orix\/","name":"\u00bfQu\u00e9 diferencias hay entre el TPS y el asilo? Las claves para entender la situaci\u00f3n legal - Noticias","isPartOf":{"@id":"https:\/\/noticiasya.com\/#website"},"datePublished":"2025-05-20T20:03:39+00:00","breadcrumb":{"@id":"https:\/\/noticiasya.com\/2025\/05\/20\/diferencias-tps-asilo-claves-orix\/#breadcrumb"},"inLanguage":"es","potentialAction":[{"@type":"ReadAction","target":["https:\/\/noticiasya.com\/2025\/05\/20\/diferencias-tps-asilo-claves-orix\/"]}]},{"@type":"BreadcrumbList","@id":"https:\/\/noticiasya.com\/2025\/05\/20\/diferencias-tps-asilo-claves-orix\/#breadcrumb","itemListElement":[{"@type":"ListItem","position":1,"name":"Home","item":"https:\/\/noticiasya.com\/"},{"@type":"ListItem","position":2,"name":"\u00bfQu\u00e9 diferencias hay entre el TPS y el asilo? Las claves para entender la situaci\u00f3n legal"}]},{"@type":"WebSite","@id":"https:\/\/noticiasya.com\/#website","url":"https:\/\/noticiasya.com\/","name":"Noticias","description":"Lo que importa","publisher":{"@id":"https:\/\/noticiasya.com\/#organization"},"potentialAction":[{"@type":"SearchAction","target":{"@type":"EntryPoint","urlTemplate":"https:\/\/noticiasya.com\/?s={search_term_string}"},"query-input":{"@type":"PropertyValueSpecification","valueRequired":true,"valueName":"search_term_string"}}],"inLanguage":"es"},{"@type":"Organization","@id":"https:\/\/noticiasya.com\/#organization","name":"Noticias","url":"https:\/\/noticiasya.com\/","logo":{"@type":"ImageObject","inLanguage":"es","@id":"https:\/\/noticiasya.com\/#\/schema\/logo\/image\/","url":"https:\/\/noticiasya.com\/wp-content\/uploads\/sites\/22\/2023\/12\/logo-nacional.png","contentUrl":"https:\/\/noticiasya.com\/wp-content\/uploads\/sites\/22\/2023\/12\/logo-nacional.png","width":1801,"height":691,"caption":"Noticias"},"image":{"@id":"https:\/\/noticiasya.com\/#\/schema\/logo\/image\/"}}]}},"parsely":{"version":"1.1.0","canonical_url":"https:\/\/noticiasya.com\/laredo\/2025\/05\/20\/diferencias-tps-asilo-claves-orix\/","smart_links":{"inbound":0,"outbound":0},"traffic_boost_suggestions_count":0,"meta":{"@context":"https:\/\/schema.org","@type":"NewsArticle","headline":"\u00bfQu\u00e9 diferencias hay entre el TPS y el asilo? Las claves para entender la situaci\u00f3n legal","url":"http:\/\/noticiasya.com\/laredo\/2025\/05\/20\/diferencias-tps-asilo-claves-orix\/","mainEntityOfPage":{"@type":"WebPage","@id":"http:\/\/noticiasya.com\/laredo\/2025\/05\/20\/diferencias-tps-asilo-claves-orix\/"},"thumbnailUrl":"","image":{"@type":"ImageObject","url":""},"articleSection":"Noticias Nacionales","author":[],"creator":[],"publisher":{"@type":"Organization","name":"Noticias","logo":""},"keywords":[],"dateCreated":"2025-05-20T20:03:39Z","datePublished":"2025-05-20T20:03:39Z","dateModified":"2025-05-20T20:03:39Z"},"rendered":"<script type=\"application\/ld+json\" class=\"wp-parsely-metadata\">{\"@context\":\"https:\\\/\\\/schema.org\",\"@type\":\"NewsArticle\",\"headline\":\"\\u00bfQu\\u00e9 diferencias hay entre el TPS y el asilo? Las claves para entender la situaci\\u00f3n legal\",\"url\":\"http:\\\/\\\/noticiasya.com\\\/laredo\\\/2025\\\/05\\\/20\\\/diferencias-tps-asilo-claves-orix\\\/\",\"mainEntityOfPage\":{\"@type\":\"WebPage\",\"@id\":\"http:\\\/\\\/noticiasya.com\\\/laredo\\\/2025\\\/05\\\/20\\\/diferencias-tps-asilo-claves-orix\\\/\"},\"thumbnailUrl\":\"\",\"image\":{\"@type\":\"ImageObject\",\"url\":\"\"},\"articleSection\":\"Noticias Nacionales\",\"author\":[],\"creator\":[],\"publisher\":{\"@type\":\"Organization\",\"name\":\"Noticias\",\"logo\":\"\"},\"keywords\":[],\"dateCreated\":\"2025-05-20T20:03:39Z\",\"datePublished\":\"2025-05-20T20:03:39Z\",\"dateModified\":\"2025-05-20T20:03:39Z\"}<\/script>","tracker_url":"https:\/\/cdn.parsely.com\/keys\/noticiasya.com\/p.js"},"jetpack_featured_media_url":"","jetpack-related-posts":[{"id":1457436,"url":"https:\/\/noticiasya.com\/laredo\/2025\/01\/10\/estatus-de-proteccion-temporal-tps-que-es-quien-salvador-venezuela-honduras-orix\/","url_meta":{"origin":1462597,"position":0},"title":"Estatus de Protecci\u00f3n Temporal (TPS): qu\u00e9 es, qui\u00e9n es elegible, precio y c\u00f3mo solicitar","author":"","date":"enero 10, 2025","format":false,"excerpt":"(CNN Espa\u00f1ol) -- El Estatus de Protecci\u00f3n Temporal (TPS, por sus siglas en ingl\u00e9s) es un beneficio migratorio temporal que estableci\u00f3 el Gobierno de Estados Unidos para las personas de ciertas nacionalidades que no pueden regresar a sus pa\u00edses de origen de forma segura, ya sea por un conflicto armado\u2026","rel":"","context":"In &quot;Noticias Nacionales&quot;","block_context":{"text":"Noticias Nacionales","link":"https:\/\/noticiasya.com\/laredo\/categoria\/noticias-nacionales"},"img":{"alt_text":"","src":"","width":0,"height":0},"classes":[]},{"id":1450572,"url":"https:\/\/noticiasya.com\/laredo\/2024\/06\/20\/estados-unidos-extiende-empleo-beneficiarios-tps-orix\/","url_meta":{"origin":1462597,"position":1},"title":"EE.UU. extiende la autorizaci\u00f3n de empleo para los beneficiarios del TPS de El Salvador, Honduras, Nicaragua, Nepal y Sud\u00e1n","author":"","date":"junio 20, 2024","format":false,"excerpt":"(CNN Espa\u00f1ol) --\u00a0El Servicio de Ciudadan\u00eda e Inmigraci\u00f3n de Estados Unidos (USCIS, por sus siglas en ingl\u00e9s) inform\u00f3 este jueves que extendi\u00f3 hasta el 9 de marzo de 2025 la validez de los Documentos de Autorizaci\u00f3n de Empleo para los beneficiarios del Estatus de Protecci\u00f3n Temporal (TPS) originarios de El\u2026","rel":"","context":"In &quot;Noticias Nacionales&quot;","block_context":{"text":"Noticias Nacionales","link":"https:\/\/noticiasya.com\/laredo\/categoria\/noticias-nacionales"},"img":{"alt_text":"","src":"","width":0,"height":0},"classes":[]},{"id":1466135,"url":"https:\/\/noticiasya.com\/laredo\/2025\/09\/03\/dhs-afirma-fin-tps-venezolanos-trax\/","url_meta":{"origin":1462597,"position":2},"title":"Departamento de Seguridad Nacional afirma que pondr\u00e1 fin al TPS para venezolanos","author":"","date":"septiembre 3, 2025","format":false,"excerpt":"El Departamento de Seguridad Nacional anunci\u00f3 este mi\u00e9rcoles que pondr\u00e1 fin una forma de ayuda humanitaria para los venezolanos que viven en Estados Unidos, y los instar\u00e1 a que se \u201cautodeporten\u201d.La secretaria de Seguridad Nacional, Kristi Noem, ya hab\u00eda tomado medidas a principios de este a\u00f1o para poner fin a\u2026","rel":"","context":"In &quot;Noticias Nacionales&quot;","block_context":{"text":"Noticias Nacionales","link":"https:\/\/noticiasya.com\/laredo\/categoria\/noticias-nacionales"},"img":{"alt_text":"","src":"","width":0,"height":0},"classes":[]},{"id":1462529,"url":"https:\/\/noticiasya.com\/laredo\/2025\/05\/19\/corte-suprema-habilita-fin-tps-venezolanos-trax\/","url_meta":{"origin":1462597,"position":3},"title":"Corte Suprema habilita a Trump a poner fin al Estatus de Protecci\u00f3n Temporal (TPS) para venezolanos","author":"","date":"mayo 19, 2025","format":false,"excerpt":"La Corte Suprema de EE.UU. permiti\u00f3 este lunes al Gobierno del presidente Donald Trump avanzar hacia el fin del Estatus de Protecci\u00f3n Temporal (TPS) que protege a cientos de miles de venezolanos de la deportaci\u00f3n.Siete ciudadanos venezolanos amparados por el TPS y un grupo que representa a otros impugnaron la\u2026","rel":"","context":"In &quot;Noticias Nacionales&quot;","block_context":{"text":"Noticias Nacionales","link":"https:\/\/noticiasya.com\/laredo\/categoria\/noticias-nacionales"},"img":{"alt_text":"","src":"","width":0,"height":0},"classes":[]},{"id":1462543,"url":"https:\/\/noticiasya.com\/laredo\/2025\/05\/19\/fin-tps-venezolanos-eeuu-opciones-evitar-deportacion-orix\/","url_meta":{"origin":1462597,"position":4},"title":"Fin al TPS para venezolanos en EE.UU.: \u00bfqu\u00e9 opciones tienen para evitar la deportaci\u00f3n?","author":"","date":"mayo 19, 2025","format":false,"excerpt":"La decisi\u00f3n de la Corte Suprema de EE.UU. de permitir al Gobierno de Donald Trump poner fin al Estatus de Protecci\u00f3n Temporal (TPS, por sus siglas en ingl\u00e9s) deja a unos 350.000 venezolanos en Estados Unidos en riesgo de deportaci\u00f3n en medio de la ofensiva del presidente contra la inmigraci\u00f3n.La\u2026","rel":"","context":"In &quot;Noticias Nacionales&quot;","block_context":{"text":"Noticias Nacionales","link":"https:\/\/noticiasya.com\/laredo\/categoria\/noticias-nacionales"},"img":{"alt_text":"","src":"","width":0,"height":0},"classes":[]},{"id":1466345,"url":"https:\/\/noticiasya.com\/laredo\/2025\/09\/10\/denuncian-trump-inhabilito-extension-tps-venezolanos-fecha-limite-orix\/","url_meta":{"origin":1462597,"position":5},"title":"Denuncian que el Gobierno de Trump inhabilit\u00f3 el registro para la extensi\u00f3n del TPS para venezolanos antes de la fecha l\u00edmite","author":"","date":"septiembre 10, 2025","format":false,"excerpt":"La National TPS Alliance, organizaci\u00f3n que representa a los beneficiarios venezolanos del Estatus de Protecci\u00f3n Temporal (TPS, por sus siglas en ingl\u00e9s), denunci\u00f3 este mi\u00e9rcoles que el Gobierno del presidente de EE.UU., Donald Trump, inhabilit\u00f3 el registro para la extensi\u00f3n del programa en el sitio web del Servicio de Ciudadan\u00eda\u2026","rel":"","context":"In &quot;Noticias Nacionales&quot;","block_context":{"text":"Noticias Nacionales","link":"https:\/\/noticiasya.com\/laredo\/categoria\/noticias-nacionales"},"img":{"alt_text":"","src":"","width":0,"height":0},"classes":[]}],"jetpack_sharing_enabled":true,"_links":{"self":[{"href":"https:\/\/noticiasya.com\/laredo\/wp-json\/wp\/v2\/posts\/1462597","targetHints":{"allow":["GET"]}}],"collection":[{"href":"https:\/\/noticiasya.com\/laredo\/wp-json\/wp\/v2\/posts"}],"about":[{"href":"https:\/\/noticiasya.com\/laredo\/wp-json\/wp\/v2\/types\/post"}],"replies":[{"embeddable":true,"href":"https:\/\/noticiasya.com\/laredo\/wp-json\/wp\/v2\/comments?post=1462597"}],"version-history":[{"count":0,"href":"https:\/\/noticiasya.com\/laredo\/wp-json\/wp\/v2\/posts\/1462597\/revisions"}],"wp:attachment":[{"href":"https:\/\/noticiasya.com\/laredo\/wp-json\/wp\/v2\/media?parent=1462597"}],"wp:term":[{"taxonomy":"category","embeddable":true,"href":"https:\/\/noticiasya.com\/laredo\/wp-json\/wp\/v2\/categories?post=1462597"},{"taxonomy":"post_tag","embeddable":true,"href":"https:\/\/noticiasya.com\/laredo\/wp-json\/wp\/v2\/tags?post=1462597"}],"curies":[{"name":"wp","href":"https:\/\/api.w.org\/{rel}","templated":true}]}}