{"id":1450115,"date":"2024-06-06T17:03:56","date_gmt":"2024-06-07T00:03:56","guid":{"rendered":"https:\/\/noticiasya.com\/2024\/06\/06\/justicia-francesa-prohibe-subasta-balon-oro-maradona-orix\/"},"modified":"2024-06-06T17:03:56","modified_gmt":"2024-06-07T00:03:56","slug":"justicia-francesa-prohibe-subasta-balon-oro-maradona-orix","status":"publish","type":"post","link":"https:\/\/noticiasya.com\/lubbock\/2024\/06\/06\/justicia-francesa-prohibe-subasta-balon-oro-maradona-orix\/","title":{"rendered":"Justicia francesa proh\u00edbe subasta del Bal\u00f3n de Oro de Maradona"},"content":{"rendered":"<p>(CNN Espa\u00f1ol) &#8212; La justicia francesa decidi\u00f3 prohibir la subasta del Bal\u00f3n de Oro que la FIFA y France Football le entregaron a Diego Maradona en 1986 por ser el mejor jugador del Mundial de M\u00e9xico. Despu\u00e9s del fallo provisional del 30 de mayo que habilitaba la venta, el Tribunal de Apelaci\u00f3n de Versalles decidi\u00f3 confiscar el trofeo y darle un plazo de tres meses a los herederos de Maradona para que presenten su caso, de acuerdo con el fallo al que CNN obtuvo acceso.<\/p>\n<p>CNN intent\u00f3 comunicarse con el Tribunal de Apelaci\u00f3n de Versalles, pero no obtuvo respuesta. La subasta estaba pautada para este jueves 6 de junio y se esperaba que el trofeo se vendiera en una cifra millonaria.<\/p>\n<p>La disputa por la propiedad<\/p>\n<p>El problema que debe dirimir la justicia francesa es a qui\u00e9n pertenece el trofeo que le otorgaron a Maradona en 1986. El Bal\u00f3n de oro desapareci\u00f3 tras un robo al Banco de la Provincia de N\u00e1poles en 1989, donde el astro lo manten\u00eda guardado en una caja de seguridad, de acuerdo con el abogado de los herederos. Una de las pruebas que present\u00f3 la defensa de los hijos del astro fue una nota del diario La Stampa con fecha del 28 de octubre de 1989, que hace referencia al robo de las cajas de seguridad del Banco de N\u00e1poles, donde supuestamente estaba el trofeo.<\/p>\n<p>El Bal\u00f3n de Oro de Maradona: valuado en millones, los herederos quieren frenar la subasta<\/p>\n<p>El coleccionista franc\u00e9s Abdelhamid Benchaieb, actual propietario, aduce que lo adquiri\u00f3 en un lote cerrado en una subasta p\u00fablica en 2016 y no ten\u00eda conocimiento de qu\u00e9 se trataba, seg\u00fan consta en el escrito judicial. Esto, argumenta, ser\u00eda indicativo de su buena fe, que para la ley francesa es fundamental para dictaminar si alguien es due\u00f1o o no de un objeto que fue robado. Si no sab\u00eda esto y que le pertenec\u00eda a otra persona, se presupone que actu\u00f3 de buena fe y es su due\u00f1o, de acuerdo con Victoria \u00c1lvarez, doctora en derecho por La Sorbona.<\/p>\n<p>La justicia francesa tambi\u00e9n estipula un plazo de tres a\u00f1os para que la parte que se considera damnificada formule un reclamo, seg\u00fan el reciente fallo del Tribunal de Apelaciones. Este es uno de los puntos en el que se basa esta nueva decisi\u00f3n para prohibir la venta: considera que el actual propietario no provee suficientes pruebas que demuestren la adquisici\u00f3n del trofeo en ese lote de 2016, ya que \u201cel comprobante de compra se refiere desordenadamente a la adquisici\u00f3n de diferentes lotes, incluidos cuatro lotes designados respectivamente como \u20183 cajas de cobres diverso, trofeos y otros\u2019, \u2018cajas de trofeos, copas\u2019, \u2018caja de trofeos\u2019 y \u20182 cajas de cobre\u2019. No hay nada que respalde el hecho de que el trofeo del Bal\u00f3n de oro estuviera en uno de estos lotes\u201d, seg\u00fan el fallo, por lo que la propiedad est\u00e1 sujeta a una disputa seria.<\/p>\n<p>Marine Le Biham, abogada de Benchaieb, rechaz\u00f3 el fallo judicial. \u201cLa decisi\u00f3n de la Corte est\u00e1 muy mal razonada y mi cliente es el poseedor en buena fe del Bal\u00f3n de oro desde que lo adquiri\u00f3 en una subasta en 2016\u201d, se\u00f1al\u00f3 a CNN. Tambi\u00e9n dej\u00f3 en claro que no piensan en ning\u00fan tipo de acuerdo con los herederos de Maradona y espera que el litigio se resuelva su favor.<\/p>\n<p>Por su parte, la casa de subastas Aguttes, adujo, seg\u00fan el fallo de la justicia, que \u201clas acusaciones de robo est\u00e1n contradichas por rumores de que el trofeo hab\u00eda sido perdido durante un torneo de p\u00f3quer\u201d, lo cual el tribunal descart\u00f3 como meras especulaciones sin pruebas que las respalden. La casa remarc\u00f3 a CNN, a trav\u00e9s de su directora jur\u00eddica L\u00e9a du Sartel que, tomando nota de la decisi\u00f3n de posponer la venta el pasado 2 de junio, el Tribunal quiso dar tiempo a la justicia para resolver el litigio entre Maradona y el vendedor del trofeo, pero no aclara que posponer la venta sea algo definitivo.<\/p>\n<p>Por su parte, Gilles Moreau, abogado defensor de los herederos de Maradona, dijo a CNN que realizar\u00e1n las acciones legales pertinentes en los pr\u00f3ximos tres meses, que es el plazo que dictamin\u00f3 la justicia.<\/p>\n<p>El Bal\u00f3n de oro ahora lo tiene la justicia<\/p>\n<p>El Tribunal tambi\u00e9n orden\u00f3 el embargo del trofeo \u201cpara evitar cualquier riesgo de una desaparici\u00f3n\u201d, seg\u00fan el fallo. Esta medida solo se mantendr\u00e1 si los hijos de Maradona presentan un reclamo legal en el plazo de los tres meses dictados por la Corte. En caso contrario, tanto la medida de secuestro como la prohibici\u00f3n de venta quedar\u00e1n sin efecto.<\/p>\n<p>Se esperaba que el Bal\u00f3n de oro se vendiera por una cifra millonaria en la subasta. La \u00faltima vez que un art\u00edculo de Maradona de la Copa Mundial de 1986 se subast\u00f3 fue en 2022, cuando la camiseta que us\u00f3 frente a Inglaterra por los cuartos de final se vendi\u00f3 por una cifra superior a los US$ 9 millones.<\/p>\n<p>The-CNN-Wire<br \/>&trade; &amp; &copy; 2024 Cable News Network, Inc., a Warner Bros. Discovery Company. All rights reserved.<\/p>\n","protected":false},"excerpt":{"rendered":"<p>(CNN Espa\u00f1ol) &#8212; La justicia francesa decidi\u00f3 prohibir la subasta del Bal\u00f3n de Oro que la FIFA y France Football le entregaron a Diego Maradona en 1986 por ser el mejor jugador del Mundial de M\u00e9xico. Despu\u00e9s del fallo provisional del 30 de mayo que habilitaba la venta, el Tribunal de Apelaci\u00f3n de Versalles decidi\u00f3 [&hellip;]<\/p>\n","protected":false},"author":0,"featured_media":0,"comment_status":"open","ping_status":"open","sticky":false,"template":"","format":"standard","meta":{"_jetpack_memberships_contains_paid_content":false,"footnotes":""},"categories":[10],"tags":[],"class_list":["post-1450115","post","type-post","status-publish","format-standard","hentry","category-noticias-nacionales","market-global"],"yoast_head":"<!-- This site is optimized with the Yoast SEO plugin v24.4 - https:\/\/yoast.com\/wordpress\/plugins\/seo\/ -->\n<title>Justicia francesa proh\u00edbe subasta del Bal\u00f3n de Oro de Maradona - Noticias<\/title>\n<meta name=\"robots\" content=\"index, follow, max-snippet:-1, max-image-preview:large, max-video-preview:-1\" \/>\n<link rel=\"canonical\" href=\"https:\/\/noticiasya.com\/2024\/06\/06\/justicia-francesa-prohibe-subasta-balon-oro-maradona-orix\/\" \/>\n<meta property=\"og:locale\" content=\"es_ES\" \/>\n<meta property=\"og:type\" content=\"article\" \/>\n<meta property=\"og:title\" content=\"Justicia francesa proh\u00edbe subasta del Bal\u00f3n de Oro de Maradona - Noticias\" \/>\n<meta property=\"og:description\" content=\"(CNN Espa\u00f1ol) &#8212; La justicia francesa decidi\u00f3 prohibir la subasta del Bal\u00f3n de Oro que la FIFA y France Football le entregaron a Diego Maradona en 1986 por ser el mejor jugador del Mundial de M\u00e9xico. Despu\u00e9s del fallo provisional del 30 de mayo que habilitaba la venta, el Tribunal de Apelaci\u00f3n de Versalles decidi\u00f3 [&hellip;]\" \/>\n<meta property=\"og:url\" content=\"https:\/\/noticiasya.com\/2024\/06\/06\/justicia-francesa-prohibe-subasta-balon-oro-maradona-orix\/\" \/>\n<meta property=\"og:site_name\" content=\"Noticias\" \/>\n<meta property=\"article:published_time\" content=\"2024-06-07T00:03:56+00:00\" \/>\n<meta name=\"twitter:card\" content=\"summary_large_image\" \/>\n<meta name=\"twitter:label1\" content=\"Est. reading time\" \/>\n\t<meta name=\"twitter:data1\" content=\"4 minutos\" \/>\n<script type=\"application\/ld+json\" class=\"yoast-schema-graph\">{\"@context\":\"https:\/\/schema.org\",\"@graph\":[{\"@type\":\"Article\",\"@id\":\"https:\/\/noticiasya.com\/2024\/06\/06\/justicia-francesa-prohibe-subasta-balon-oro-maradona-orix\/#article\",\"isPartOf\":{\"@id\":\"https:\/\/noticiasya.com\/2024\/06\/06\/justicia-francesa-prohibe-subasta-balon-oro-maradona-orix\/\"},\"author\":{\"name\":\"\",\"@id\":\"\"},\"headline\":\"Justicia francesa proh\u00edbe subasta del Bal\u00f3n de Oro de Maradona\",\"datePublished\":\"2024-06-07T00:03:56+00:00\",\"mainEntityOfPage\":{\"@id\":\"https:\/\/noticiasya.com\/2024\/06\/06\/justicia-francesa-prohibe-subasta-balon-oro-maradona-orix\/\"},\"wordCount\":887,\"commentCount\":0,\"publisher\":{\"@id\":\"https:\/\/noticiasya.com\/#organization\"},\"articleSection\":[\"Noticias Nacionales\"],\"inLanguage\":\"es\",\"potentialAction\":[{\"@type\":\"CommentAction\",\"name\":\"Comment\",\"target\":[\"https:\/\/noticiasya.com\/2024\/06\/06\/justicia-francesa-prohibe-subasta-balon-oro-maradona-orix\/#respond\"]}]},{\"@type\":\"WebPage\",\"@id\":\"https:\/\/noticiasya.com\/2024\/06\/06\/justicia-francesa-prohibe-subasta-balon-oro-maradona-orix\/\",\"url\":\"https:\/\/noticiasya.com\/2024\/06\/06\/justicia-francesa-prohibe-subasta-balon-oro-maradona-orix\/\",\"name\":\"Justicia francesa proh\u00edbe subasta del Bal\u00f3n de Oro de Maradona - Noticias\",\"isPartOf\":{\"@id\":\"https:\/\/noticiasya.com\/#website\"},\"datePublished\":\"2024-06-07T00:03:56+00:00\",\"breadcrumb\":{\"@id\":\"https:\/\/noticiasya.com\/2024\/06\/06\/justicia-francesa-prohibe-subasta-balon-oro-maradona-orix\/#breadcrumb\"},\"inLanguage\":\"es\",\"potentialAction\":[{\"@type\":\"ReadAction\",\"target\":[\"https:\/\/noticiasya.com\/2024\/06\/06\/justicia-francesa-prohibe-subasta-balon-oro-maradona-orix\/\"]}]},{\"@type\":\"BreadcrumbList\",\"@id\":\"https:\/\/noticiasya.com\/2024\/06\/06\/justicia-francesa-prohibe-subasta-balon-oro-maradona-orix\/#breadcrumb\",\"itemListElement\":[{\"@type\":\"ListItem\",\"position\":1,\"name\":\"Home\",\"item\":\"https:\/\/noticiasya.com\/\"},{\"@type\":\"ListItem\",\"position\":2,\"name\":\"Justicia francesa proh\u00edbe subasta del Bal\u00f3n de Oro de Maradona\"}]},{\"@type\":\"WebSite\",\"@id\":\"https:\/\/noticiasya.com\/#website\",\"url\":\"https:\/\/noticiasya.com\/\",\"name\":\"Noticias\",\"description\":\"Lo que importa\",\"publisher\":{\"@id\":\"https:\/\/noticiasya.com\/#organization\"},\"potentialAction\":[{\"@type\":\"SearchAction\",\"target\":{\"@type\":\"EntryPoint\",\"urlTemplate\":\"https:\/\/noticiasya.com\/?s={search_term_string}\"},\"query-input\":{\"@type\":\"PropertyValueSpecification\",\"valueRequired\":true,\"valueName\":\"search_term_string\"}}],\"inLanguage\":\"es\"},{\"@type\":\"Organization\",\"@id\":\"https:\/\/noticiasya.com\/#organization\",\"name\":\"Noticias\",\"url\":\"https:\/\/noticiasya.com\/\",\"logo\":{\"@type\":\"ImageObject\",\"inLanguage\":\"es\",\"@id\":\"https:\/\/noticiasya.com\/#\/schema\/logo\/image\/\",\"url\":\"https:\/\/noticiasya.com\/wp-content\/uploads\/sites\/22\/2023\/12\/logo-nacional.png\",\"contentUrl\":\"https:\/\/noticiasya.com\/wp-content\/uploads\/sites\/22\/2023\/12\/logo-nacional.png\",\"width\":1801,\"height\":691,\"caption\":\"Noticias\"},\"image\":{\"@id\":\"https:\/\/noticiasya.com\/#\/schema\/logo\/image\/\"}}]}<\/script>\n<!-- \/ Yoast SEO plugin. -->","yoast_head_json":{"title":"Justicia francesa proh\u00edbe subasta del Bal\u00f3n de Oro de Maradona - Noticias","robots":{"index":"index","follow":"follow","max-snippet":"max-snippet:-1","max-image-preview":"max-image-preview:large","max-video-preview":"max-video-preview:-1"},"canonical":"https:\/\/noticiasya.com\/2024\/06\/06\/justicia-francesa-prohibe-subasta-balon-oro-maradona-orix\/","og_locale":"es_ES","og_type":"article","og_title":"Justicia francesa proh\u00edbe subasta del Bal\u00f3n de Oro de Maradona - Noticias","og_description":"(CNN Espa\u00f1ol) &#8212; La justicia francesa decidi\u00f3 prohibir la subasta del Bal\u00f3n de Oro que la FIFA y France Football le entregaron a Diego Maradona en 1986 por ser el mejor jugador del Mundial de M\u00e9xico. Despu\u00e9s del fallo provisional del 30 de mayo que habilitaba la venta, el Tribunal de Apelaci\u00f3n de Versalles decidi\u00f3 [&hellip;]","og_url":"https:\/\/noticiasya.com\/2024\/06\/06\/justicia-francesa-prohibe-subasta-balon-oro-maradona-orix\/","og_site_name":"Noticias","article_published_time":"2024-06-07T00:03:56+00:00","twitter_card":"summary_large_image","twitter_misc":{"Est. reading time":"4 minutos"},"schema":{"@context":"https:\/\/schema.org","@graph":[{"@type":"Article","@id":"https:\/\/noticiasya.com\/2024\/06\/06\/justicia-francesa-prohibe-subasta-balon-oro-maradona-orix\/#article","isPartOf":{"@id":"https:\/\/noticiasya.com\/2024\/06\/06\/justicia-francesa-prohibe-subasta-balon-oro-maradona-orix\/"},"author":{"name":"","@id":""},"headline":"Justicia francesa proh\u00edbe subasta del Bal\u00f3n de Oro de Maradona","datePublished":"2024-06-07T00:03:56+00:00","mainEntityOfPage":{"@id":"https:\/\/noticiasya.com\/2024\/06\/06\/justicia-francesa-prohibe-subasta-balon-oro-maradona-orix\/"},"wordCount":887,"commentCount":0,"publisher":{"@id":"https:\/\/noticiasya.com\/#organization"},"articleSection":["Noticias Nacionales"],"inLanguage":"es","potentialAction":[{"@type":"CommentAction","name":"Comment","target":["https:\/\/noticiasya.com\/2024\/06\/06\/justicia-francesa-prohibe-subasta-balon-oro-maradona-orix\/#respond"]}]},{"@type":"WebPage","@id":"https:\/\/noticiasya.com\/2024\/06\/06\/justicia-francesa-prohibe-subasta-balon-oro-maradona-orix\/","url":"https:\/\/noticiasya.com\/2024\/06\/06\/justicia-francesa-prohibe-subasta-balon-oro-maradona-orix\/","name":"Justicia francesa proh\u00edbe subasta del Bal\u00f3n de Oro de Maradona - Noticias","isPartOf":{"@id":"https:\/\/noticiasya.com\/#website"},"datePublished":"2024-06-07T00:03:56+00:00","breadcrumb":{"@id":"https:\/\/noticiasya.com\/2024\/06\/06\/justicia-francesa-prohibe-subasta-balon-oro-maradona-orix\/#breadcrumb"},"inLanguage":"es","potentialAction":[{"@type":"ReadAction","target":["https:\/\/noticiasya.com\/2024\/06\/06\/justicia-francesa-prohibe-subasta-balon-oro-maradona-orix\/"]}]},{"@type":"BreadcrumbList","@id":"https:\/\/noticiasya.com\/2024\/06\/06\/justicia-francesa-prohibe-subasta-balon-oro-maradona-orix\/#breadcrumb","itemListElement":[{"@type":"ListItem","position":1,"name":"Home","item":"https:\/\/noticiasya.com\/"},{"@type":"ListItem","position":2,"name":"Justicia francesa proh\u00edbe subasta del Bal\u00f3n de Oro de Maradona"}]},{"@type":"WebSite","@id":"https:\/\/noticiasya.com\/#website","url":"https:\/\/noticiasya.com\/","name":"Noticias","description":"Lo que importa","publisher":{"@id":"https:\/\/noticiasya.com\/#organization"},"potentialAction":[{"@type":"SearchAction","target":{"@type":"EntryPoint","urlTemplate":"https:\/\/noticiasya.com\/?s={search_term_string}"},"query-input":{"@type":"PropertyValueSpecification","valueRequired":true,"valueName":"search_term_string"}}],"inLanguage":"es"},{"@type":"Organization","@id":"https:\/\/noticiasya.com\/#organization","name":"Noticias","url":"https:\/\/noticiasya.com\/","logo":{"@type":"ImageObject","inLanguage":"es","@id":"https:\/\/noticiasya.com\/#\/schema\/logo\/image\/","url":"https:\/\/noticiasya.com\/wp-content\/uploads\/sites\/22\/2023\/12\/logo-nacional.png","contentUrl":"https:\/\/noticiasya.com\/wp-content\/uploads\/sites\/22\/2023\/12\/logo-nacional.png","width":1801,"height":691,"caption":"Noticias"},"image":{"@id":"https:\/\/noticiasya.com\/#\/schema\/logo\/image\/"}}]}},"parsely":{"version":"1.1.0","canonical_url":"https:\/\/noticiasya.com\/lubbock\/2024\/06\/06\/justicia-francesa-prohibe-subasta-balon-oro-maradona-orix\/","smart_links":{"inbound":0,"outbound":0},"traffic_boost_suggestions_count":0,"meta":{"@context":"https:\/\/schema.org","@type":"NewsArticle","headline":"Justicia francesa proh\u00edbe subasta del Bal\u00f3n de Oro de Maradona","url":"http:\/\/noticiasya.com\/lubbock\/2024\/06\/06\/justicia-francesa-prohibe-subasta-balon-oro-maradona-orix\/","mainEntityOfPage":{"@type":"WebPage","@id":"http:\/\/noticiasya.com\/lubbock\/2024\/06\/06\/justicia-francesa-prohibe-subasta-balon-oro-maradona-orix\/"},"thumbnailUrl":"","image":{"@type":"ImageObject","url":""},"articleSection":"Noticias Nacionales","author":[],"creator":[],"publisher":{"@type":"Organization","name":"Noticias","logo":""},"keywords":[],"dateCreated":"2024-06-07T00:03:56Z","datePublished":"2024-06-07T00:03:56Z","dateModified":"2024-06-07T00:03:56Z"},"rendered":"<script type=\"application\/ld+json\" class=\"wp-parsely-metadata\">{\"@context\":\"https:\\\/\\\/schema.org\",\"@type\":\"NewsArticle\",\"headline\":\"Justicia francesa proh\\u00edbe subasta del Bal\\u00f3n de Oro de Maradona\",\"url\":\"http:\\\/\\\/noticiasya.com\\\/lubbock\\\/2024\\\/06\\\/06\\\/justicia-francesa-prohibe-subasta-balon-oro-maradona-orix\\\/\",\"mainEntityOfPage\":{\"@type\":\"WebPage\",\"@id\":\"http:\\\/\\\/noticiasya.com\\\/lubbock\\\/2024\\\/06\\\/06\\\/justicia-francesa-prohibe-subasta-balon-oro-maradona-orix\\\/\"},\"thumbnailUrl\":\"\",\"image\":{\"@type\":\"ImageObject\",\"url\":\"\"},\"articleSection\":\"Noticias Nacionales\",\"author\":[],\"creator\":[],\"publisher\":{\"@type\":\"Organization\",\"name\":\"Noticias\",\"logo\":\"\"},\"keywords\":[],\"dateCreated\":\"2024-06-07T00:03:56Z\",\"datePublished\":\"2024-06-07T00:03:56Z\",\"dateModified\":\"2024-06-07T00:03:56Z\"}<\/script>","tracker_url":"https:\/\/cdn.parsely.com\/keys\/noticiasya.com\/p.js"},"jetpack_featured_media_url":"","jetpack-related-posts":[{"id":1449897,"url":"https:\/\/noticiasya.com\/lubbock\/2024\/05\/31\/balon-de-oro-maradona-fallo-herederos-subasta-orix\/","url_meta":{"origin":1450115,"position":0},"title":"Tribunal de Francia falla contra los herederos de Maradona y el bal\u00f3n de oro ser\u00e1 subastado","author":"","date":"mayo 31, 2024","format":false,"excerpt":"(CNN Espa\u00f1ol) -- El Tribunal de Primera Instancia de Nanterre en Francia fall\u00f3 en contra de los herederos de Diego Armando Maradona y finalmente la casa Aguttes subastar\u00e1 este 6 de junio el bal\u00f3n de oro que el campe\u00f3n del mundo obtuvo por su actuaci\u00f3n en el Mundial de M\u00e9xico\u2026","rel":"","context":"In &quot;Noticias Nacionales&quot;","block_context":{"text":"Noticias Nacionales","link":"https:\/\/noticiasya.com\/lubbock\/categoria\/noticias-nacionales"},"img":{"alt_text":"","src":"","width":0,"height":0},"classes":[]},{"id":1466631,"url":"https:\/\/noticiasya.com\/lubbock\/2025\/09\/19\/ceremonia-balon-de-oro-2025-horarios-donde-ver-trax\/","url_meta":{"origin":1450115,"position":1},"title":"Ceremonia del Bal\u00f3n de Oro 2025: presentadores, horarios y d\u00f3nde ver","author":"","date":"septiembre 19, 2025","format":false,"excerpt":"El Bal\u00f3n de Oro de la revista France Football en colaboraci\u00f3n con la UEFA premiar\u00e1 a los mejores futbolistas de la temporada 2024-2025 mediante distintas categor\u00edas. La edici\u00f3n de este a\u00f1o tendr\u00e1 tres nuevas categor\u00edas: el Trofeo Yashin femenino, el Trofeo Gerd M\u00fcller femenino y el Trofeo Kopa femenino.El premio\u2026","rel":"","context":"In &quot;Noticias Nacionales&quot;","block_context":{"text":"Noticias Nacionales","link":"https:\/\/noticiasya.com\/lubbock\/categoria\/noticias-nacionales"},"img":{"alt_text":"","src":"","width":0,"height":0},"classes":[]},{"id":1450042,"url":"https:\/\/noticiasya.com\/lubbock\/2024\/06\/04\/justicia-suspendio-juicio-muerte-diego-maradona-orix\/","url_meta":{"origin":1450115,"position":2},"title":"La justicia suspendi\u00f3 el inicio del juicio por la muerte de Diego Maradona","author":"","date":"junio 4, 2024","format":false,"excerpt":"(CNN Espa\u00f1ol) -- El Tribunal oral en lo criminal N\u00b03 de San Isidro, Buenos Aires, decidi\u00f3 suspender la audiencia de debate en el juicio por la muerte de Diego Maradona, que estaba prevista para el 4 de junio, y la reprogram\u00f3 para el 1 de octubre de 2024.El fallo al\u2026","rel":"","context":"In &quot;Noticias Nacionales&quot;","block_context":{"text":"Noticias Nacionales","link":"https:\/\/noticiasya.com\/lubbock\/categoria\/noticias-nacionales"},"img":{"alt_text":"","src":"","width":0,"height":0},"classes":[]},{"id":1459783,"url":"https:\/\/noticiasya.com\/lubbock\/2025\/03\/11\/comenzo-juicio-muerte-diego-maradona-orix\/","url_meta":{"origin":1450115,"position":3},"title":"Entre c\u00e1nticos, banderas y camisetas con el n\u00famero 10, comenz\u00f3 el juicio por la muerte de Maradona","author":"","date":"marzo 11, 2025","format":false,"excerpt":"Las canciones futboleras se escuchaban en la puerta del tribunal por parte de los simpatizantes argentinos, que portaban camisetas de la selecci\u00f3n con el n\u00famero 10 en sus espaldas. Como en las \u00e9pocas de las grandes epopeyas, los fan\u00e1ticos coreaban el apellido \u201cMaradona\u201d, pero, esta vez, las l\u00e1grimas que brotaban\u2026","rel":"","context":"In &quot;Noticias Nacionales&quot;","block_context":{"text":"Noticias Nacionales","link":"https:\/\/noticiasya.com\/lubbock\/categoria\/noticias-nacionales"},"img":{"alt_text":"","src":"","width":0,"height":0},"classes":[]},{"id":1462917,"url":"https:\/\/noticiasya.com\/lubbock\/2025\/05\/28\/caso-maradona-el-desplazamiento-de-la-jueza-makintach-y-las-criticas-al-sistema-judicial\/","url_meta":{"origin":1450115,"position":4},"title":"Caso Maradona: el desplazamiento de la jueza Makintach y las cr\u00edticas al sistema judicial","author":"","date":"mayo 28, 2025","format":false,"excerpt":"(CNN Radio Argentina) \u2013 Garret Edwards, director de Investigaciones Jur\u00eddicas de la Fundaci\u00f3n Libertad, habl\u00f3 este mi\u00e9rcoles con Regreso CNN, el programa de Mariana Arias y Pepe Gil Vidal, sobre el esc\u00e1ndalo que envuelve al juicio por la muerte de Diego Armando Maradona, tras la difusi\u00f3n de videos no autorizados\u2026","rel":"","context":"In &quot;Noticias Nacionales&quot;","block_context":{"text":"Noticias Nacionales","link":"https:\/\/noticiasya.com\/lubbock\/categoria\/noticias-nacionales"},"img":{"alt_text":"","src":"","width":0,"height":0},"classes":[]},{"id":1463029,"url":"https:\/\/noticiasya.com\/lubbock\/2025\/05\/30\/lautaro-martinez-inter-balon-oro-champions-orix\/","url_meta":{"origin":1450115,"position":5},"title":"La gran temporada de Lautaro Mart\u00ednez que lo hace candidato al Bal\u00f3n de Oro","author":"","date":"mayo 30, 2025","format":false,"excerpt":"Si bien hay varios nombres que por su rendimiento, potencial e influencia en la cancha se perfilan como posibles candidatos para ser considerados al m\u00e1ximo reconocimiento individual que un futbolista puede recibir, el Bal\u00f3n de Oro, un jugador argentino se ha consolidado en la contienda: Lautaro Mart\u00ednez.A lo largo de\u2026","rel":"","context":"In &quot;Noticias Nacionales&quot;","block_context":{"text":"Noticias Nacionales","link":"https:\/\/noticiasya.com\/lubbock\/categoria\/noticias-nacionales"},"img":{"alt_text":"","src":"","width":0,"height":0},"classes":[]}],"jetpack_sharing_enabled":true,"_links":{"self":[{"href":"https:\/\/noticiasya.com\/lubbock\/wp-json\/wp\/v2\/posts\/1450115","targetHints":{"allow":["GET"]}}],"collection":[{"href":"https:\/\/noticiasya.com\/lubbock\/wp-json\/wp\/v2\/posts"}],"about":[{"href":"https:\/\/noticiasya.com\/lubbock\/wp-json\/wp\/v2\/types\/post"}],"replies":[{"embeddable":true,"href":"https:\/\/noticiasya.com\/lubbock\/wp-json\/wp\/v2\/comments?post=1450115"}],"version-history":[{"count":0,"href":"https:\/\/noticiasya.com\/lubbock\/wp-json\/wp\/v2\/posts\/1450115\/revisions"}],"wp:attachment":[{"href":"https:\/\/noticiasya.com\/lubbock\/wp-json\/wp\/v2\/media?parent=1450115"}],"wp:term":[{"taxonomy":"category","embeddable":true,"href":"https:\/\/noticiasya.com\/lubbock\/wp-json\/wp\/v2\/categories?post=1450115"},{"taxonomy":"post_tag","embeddable":true,"href":"https:\/\/noticiasya.com\/lubbock\/wp-json\/wp\/v2\/tags?post=1450115"}],"curies":[{"name":"wp","href":"https:\/\/api.w.org\/{rel}","templated":true}]}}