{"id":1470753,"date":"2026-02-02T05:03:46","date_gmt":"2026-02-02T13:03:46","guid":{"rendered":"https:\/\/noticiasya.com\/2026\/02\/02\/avion-armada-eeuu-ushuaia-argentina-polemica-orix\/"},"modified":"2026-02-02T05:03:46","modified_gmt":"2026-02-02T13:03:46","slug":"avion-armada-eeuu-ushuaia-argentina-polemica-orix","status":"publish","type":"post","link":"https:\/\/noticiasya.com\/lubbock\/2026\/02\/02\/avion-armada-eeuu-ushuaia-argentina-polemica-orix\/","title":{"rendered":"La llegada de un avi\u00f3n de la Armada de EE.UU. al sur de Argentina desata pol\u00e9mica y cuestionamientos al Gobierno de Milei"},"content":{"rendered":"<p>Sin comunicado oficial, ni agenda difundida, ni explicaciones. El silencio rode\u00f3 la llegada de un avi\u00f3n militar de Estados Unidos a Ushuaia, en el sur de Argentina, durante el fin de semana. Un d\u00eda despu\u00e9s, la Embajada estadounidense confirm\u00f3 que se trataba de una delegaci\u00f3n de congresistas. Sin embargo, el Gobierno argentino no dio m\u00e1s informaci\u00f3n.<\/p>\n<p>El escenario de este aterrizaje no es casual. Ushuaia, ubicada a casi 3.000 kil\u00f3metros de Buenos Aires, es una ciudad clave para la conectividad naval internacional, puerta de acceso a la Ant\u00e1rtida y paso estrat\u00e9gico entre los oc\u00e9anos Atl\u00e1ntico y Pac\u00edfico. La llegada del vuelo coincidi\u00f3, adem\u00e1s, con la reciente intervenci\u00f3n del puerto local por parte del Gobierno nacional, un dato que termin\u00f3 de alimentar sospechas pol\u00edticas y cuestionamientos desde la oposici\u00f3n a la administraci\u00f3n de Javier Milei.<\/p>\n<p>Tres d\u00edas despu\u00e9s, la misma comitiva aterriz\u00f3 en Neuqu\u00e9n para visitar un yacimiento de Vaca Muerta en esa provincia.<\/p>\n<p>Tanto los equipos del gobernador de Tierra del Fuego, opositor al oficialismo nacional, Gustavo Melella, como el neuquino Rolando Figueroa, aliado del Gobierno, confirmaron a CNN la llegada del avi\u00f3n y ambas traves\u00edas. Sin embargo, ambos aseguraron no saber de antemano de la visita, ni haber participado de ninguna reuni\u00f3n con la comitiva estadounidense.<\/p>\n<p>Hasta el momento, el Gobierno de Argentina no dio detalles de esta visita. CNN consult\u00f3 a fuentes oficiales que no dieron detalles. Un comunicado de la Embajada de EE.UU. solo confirm\u00f3 que \u201cuna delegaci\u00f3n bipartidaria de miembros del Comit\u00e9 de Energ\u00eda y Comercio de la C\u00e1mara de Representantes de EE.UU.\u201d visit\u00f3 Argentina.<\/p>\n<p>\u201cLa visita incluye reuniones con funcionarios gubernamentales y actores clave para abordar la degradaci\u00f3n de entornos naturales, la tramitaci\u00f3n de permisos para la gesti\u00f3n de minas y residuos, el procesamiento de minerales cr\u00edticos, la investigaci\u00f3n en salud p\u00fablica y la seguridad m\u00e9dica\u201d, detall\u00f3 el escrito.<\/p>\n<p>El puerto de Ushuaia es uno de los principales activos econ\u00f3micos de la provincia. Desde all\u00ed operan embarcaciones tur\u00edsticas, pesqueras y de carga, adem\u00e1s de los buques que abastecen a las campa\u00f1as ant\u00e1rticas. Por sus muelles pasan cerca de 700 barcos al a\u00f1o, lo que le otorga un presupuesto anual de unos 25.000 millones de pesos (aproximadamente US$ 17.900), seg\u00fan la Direcci\u00f3n Provincial de Puertos.<\/p>\n<p>Por su parte, en Neuqu\u00e9n se asienta Vaca Muerta, una de las principales reservas de hidrocarburos no convencionales del mundo. El yacimiento es considerado el segundo en recursos de gas y el cuarto en petr\u00f3leo a nivel global, y concentra inversiones de m\u00e1s de 30 empresas nacionales e internacionales. Su potencial energ\u00e9tico convirti\u00f3 a la regi\u00f3n en un eje central de la estrategia econ\u00f3mica del pa\u00eds y en un foco de inter\u00e9s permanente para actores extranjeros vinculados a la energ\u00eda y los recursos estrat\u00e9gicos.<\/p>\n<p>La llegada del avi\u00f3n militar estadounidense coincidi\u00f3 con un momento institucional sensible en Tierra del Fuego. Desde el 20 de enero pasado, el Gobierno nacional mantiene la intervenci\u00f3n administrativa del puerto de Ushuaia, que qued\u00f3 bajo la \u00f3rbita de la Administraci\u00f3n Nacional de Puertos y Navegaci\u00f3n (ANPyN).<\/p>\n<p>La medida desplaz\u00f3 de la operatoria general a la Direcci\u00f3n Provincial de Puertos, autoridad portuaria desde 1992, y se apoy\u00f3 en una auditor\u00eda realizada en octubre de 2025 que detect\u00f3 fallas estructurales y de seguridad, falta de inversi\u00f3n en obras y presuntas irregularidades en el uso de fondos.<\/p>\n<p>Desde el gobierno fueguino rechazan los argumentos de la Naci\u00f3n y califican la intervenci\u00f3n como un \u201catropello\u201d del federalismo y una violaci\u00f3n de la Constituci\u00f3n.<\/p>\n<p>El acercamiento del gobierno de Javier Milei a Estados Unidos ya hab\u00eda tenido a Ushuaia como escenario. En abril de 2024, el presidente se reuni\u00f3 en esa ciudad con la entonces jefa del Comando Sur, la general Laura Richardson, en una visita oficial destinada a reforzar los lazos de cooperaci\u00f3n estrat\u00e9gica entre ambos pa\u00edses. Durante ese encuentro, Milei destac\u00f3 el avance de la Base Naval Integrada que se construye en el extremo sur del pa\u00eds, a la que defini\u00f3 como un centro log\u00edstico clave por su cercan\u00eda con la Ant\u00e1rtida y por su potencial para brindar apoyo a programas cient\u00edficos internacionales y al desarrollo econ\u00f3mico local.<\/p>\n<p>La relaci\u00f3n se profundiz\u00f3 durante 2025 con nuevas visitas de autoridades militares estadounidenses. El sucesor de Richardson al frente del Comando Sur, el almirante Alvin Holsey, viaj\u00f3 en dos oportunidades a la Argentina y recorri\u00f3 instalaciones navales en Ushuaia junto a representantes diplom\u00e1ticos de Estados Unidos. Seg\u00fan la informaci\u00f3n oficial, esos encuentros estuvieron orientados a observar el rol del \u00c1rea Naval Austral en la protecci\u00f3n de rutas mar\u00edtimas estrat\u00e9gicas para el comercio global, en una regi\u00f3n de creciente relevancia geopol\u00edtica.<\/p>\n<p>Tanto Richardson como Holsey aprovecharon sus visitas oficiales a la Argentina para expresar su preocupaci\u00f3n por la expansi\u00f3n de la influencia china en el Atl\u00e1ntico Sur y en la regi\u00f3n austral del pa\u00eds, un tema recurrente en la agenda del Comando Sur. En ese contexto, durante 2025 el presidente Javier Milei habilit\u00f3 por decreto la realizaci\u00f3n de ejercicios militares conjuntos y el ingreso de tropas estadounidenses al territorio argentino, con actividades previstas en Ushuaia y otras zonas estrat\u00e9gicas.<\/p>\n<p>Mientras continuaba la pol\u00e9mica por el arribo del avi\u00f3n militar y su recorrido por el sur del pa\u00eds, otra delegaci\u00f3n estadounidense lleg\u00f3 a Argentina. Seg\u00fan inform\u00f3 la Embajada de Estados Unidos, se trata de una comitiva bipartidaria del Comit\u00e9 de Educaci\u00f3n y Fuerza Laboral de la C\u00e1mara de Representantes, encabezada por el legislador republicano Tim Walberg. \u201cLa agenda incluye reuniones con funcionarios gubernamentales y otros actores clave, con el objetivo de interiorizarse sobre las pol\u00edticas argentinas de educaci\u00f3n y desarrollo de la fuerza laboral. Las conversaciones tambi\u00e9n abordar\u00e1n la capacitaci\u00f3n en ciberseguridad y los marcos de gobernanza para la inteligencia artificial\u201d, aseguraron en un segundo comunicado.<\/p>\n<p>Desde el Gobierno nacional buscaron enmarcar la visita dentro del fortalecimiento del v\u00ednculo bilateral. El ministro de Relaciones Exteriores, Pablo Quirno, celebr\u00f3 la llegada de la delegaci\u00f3n y sostuvo que el inter\u00e9s de legisladores estadounidenses responde al plan de gobierno impulsado por la administraci\u00f3n de Javier Milei y a la relaci\u00f3n estrat\u00e9gica entre ambos pa\u00edses. En ese sentido, destac\u00f3 que se celebra la visita de distintas comitivas internacionales a la Argentina.<\/p>\n<p>Sin embargo, desde la oposici\u00f3n mantienen los reclamos de falta de transparencia en la informaci\u00f3n sobre estas visitas e incluso amenazan con llevar la denuncia a la justicia.<\/p>\n<p>The-CNN-Wire<br \/>&trade; &amp; &copy; 2026 Cable News Network, Inc., a Warner Bros. Discovery Company. All rights reserved.<\/p>\n","protected":false},"excerpt":{"rendered":"<p>Sin comunicado oficial, ni agenda difundida, ni explicaciones. El silencio rode\u00f3 la llegada de un avi\u00f3n militar de Estados Unidos a Ushuaia, en el sur de Argentina, durante el fin de semana. Un d\u00eda despu\u00e9s, la Embajada estadounidense confirm\u00f3 que se trataba de una delegaci\u00f3n de congresistas. Sin embargo, el Gobierno argentino no dio m\u00e1s [&hellip;]<\/p>\n","protected":false},"author":0,"featured_media":0,"comment_status":"open","ping_status":"open","sticky":false,"template":"","format":"standard","meta":{"_jetpack_memberships_contains_paid_content":false,"footnotes":""},"categories":[10],"tags":[],"class_list":["post-1470753","post","type-post","status-publish","format-standard","hentry","category-noticias-nacionales","market-global"],"yoast_head":"<!-- This site is optimized with the Yoast SEO plugin v24.4 - https:\/\/yoast.com\/wordpress\/plugins\/seo\/ -->\n<title>La llegada de un avi\u00f3n de la Armada de EE.UU. al sur de Argentina desata pol\u00e9mica y cuestionamientos al Gobierno de Milei - Noticias<\/title>\n<meta name=\"robots\" content=\"index, follow, max-snippet:-1, max-image-preview:large, max-video-preview:-1\" \/>\n<link rel=\"canonical\" href=\"https:\/\/noticiasya.com\/2026\/02\/02\/avion-armada-eeuu-ushuaia-argentina-polemica-orix\/\" \/>\n<meta property=\"og:locale\" content=\"es_ES\" \/>\n<meta property=\"og:type\" content=\"article\" \/>\n<meta property=\"og:title\" content=\"La llegada de un avi\u00f3n de la Armada de EE.UU. al sur de Argentina desata pol\u00e9mica y cuestionamientos al Gobierno de Milei - Noticias\" \/>\n<meta property=\"og:description\" content=\"Sin comunicado oficial, ni agenda difundida, ni explicaciones. El silencio rode\u00f3 la llegada de un avi\u00f3n militar de Estados Unidos a Ushuaia, en el sur de Argentina, durante el fin de semana. Un d\u00eda despu\u00e9s, la Embajada estadounidense confirm\u00f3 que se trataba de una delegaci\u00f3n de congresistas. Sin embargo, el Gobierno argentino no dio m\u00e1s [&hellip;]\" \/>\n<meta property=\"og:url\" content=\"https:\/\/noticiasya.com\/2026\/02\/02\/avion-armada-eeuu-ushuaia-argentina-polemica-orix\/\" \/>\n<meta property=\"og:site_name\" content=\"Noticias\" \/>\n<meta property=\"article:published_time\" content=\"2026-02-02T13:03:46+00:00\" \/>\n<meta name=\"twitter:card\" content=\"summary_large_image\" \/>\n<meta name=\"twitter:label1\" content=\"Est. reading time\" \/>\n\t<meta name=\"twitter:data1\" content=\"6 minutos\" \/>\n<script type=\"application\/ld+json\" class=\"yoast-schema-graph\">{\"@context\":\"https:\/\/schema.org\",\"@graph\":[{\"@type\":\"Article\",\"@id\":\"https:\/\/noticiasya.com\/2026\/02\/02\/avion-armada-eeuu-ushuaia-argentina-polemica-orix\/#article\",\"isPartOf\":{\"@id\":\"https:\/\/noticiasya.com\/2026\/02\/02\/avion-armada-eeuu-ushuaia-argentina-polemica-orix\/\"},\"author\":{\"name\":\"\",\"@id\":\"\"},\"headline\":\"La llegada de un avi\u00f3n de la Armada de EE.UU. al sur de Argentina desata pol\u00e9mica y cuestionamientos al Gobierno de Milei\",\"datePublished\":\"2026-02-02T13:03:46+00:00\",\"mainEntityOfPage\":{\"@id\":\"https:\/\/noticiasya.com\/2026\/02\/02\/avion-armada-eeuu-ushuaia-argentina-polemica-orix\/\"},\"wordCount\":1183,\"commentCount\":0,\"publisher\":{\"@id\":\"https:\/\/noticiasya.com\/#organization\"},\"articleSection\":[\"Noticias Nacionales\"],\"inLanguage\":\"es\",\"potentialAction\":[{\"@type\":\"CommentAction\",\"name\":\"Comment\",\"target\":[\"https:\/\/noticiasya.com\/2026\/02\/02\/avion-armada-eeuu-ushuaia-argentina-polemica-orix\/#respond\"]}]},{\"@type\":\"WebPage\",\"@id\":\"https:\/\/noticiasya.com\/2026\/02\/02\/avion-armada-eeuu-ushuaia-argentina-polemica-orix\/\",\"url\":\"https:\/\/noticiasya.com\/2026\/02\/02\/avion-armada-eeuu-ushuaia-argentina-polemica-orix\/\",\"name\":\"La llegada de un avi\u00f3n de la Armada de EE.UU. al sur de Argentina desata pol\u00e9mica y cuestionamientos al Gobierno de Milei - Noticias\",\"isPartOf\":{\"@id\":\"https:\/\/noticiasya.com\/#website\"},\"datePublished\":\"2026-02-02T13:03:46+00:00\",\"breadcrumb\":{\"@id\":\"https:\/\/noticiasya.com\/2026\/02\/02\/avion-armada-eeuu-ushuaia-argentina-polemica-orix\/#breadcrumb\"},\"inLanguage\":\"es\",\"potentialAction\":[{\"@type\":\"ReadAction\",\"target\":[\"https:\/\/noticiasya.com\/2026\/02\/02\/avion-armada-eeuu-ushuaia-argentina-polemica-orix\/\"]}]},{\"@type\":\"BreadcrumbList\",\"@id\":\"https:\/\/noticiasya.com\/2026\/02\/02\/avion-armada-eeuu-ushuaia-argentina-polemica-orix\/#breadcrumb\",\"itemListElement\":[{\"@type\":\"ListItem\",\"position\":1,\"name\":\"Home\",\"item\":\"https:\/\/noticiasya.com\/\"},{\"@type\":\"ListItem\",\"position\":2,\"name\":\"La llegada de un avi\u00f3n de la Armada de EE.UU. al sur de Argentina desata pol\u00e9mica y cuestionamientos al Gobierno de Milei\"}]},{\"@type\":\"WebSite\",\"@id\":\"https:\/\/noticiasya.com\/#website\",\"url\":\"https:\/\/noticiasya.com\/\",\"name\":\"Noticias\",\"description\":\"Lo que importa\",\"publisher\":{\"@id\":\"https:\/\/noticiasya.com\/#organization\"},\"potentialAction\":[{\"@type\":\"SearchAction\",\"target\":{\"@type\":\"EntryPoint\",\"urlTemplate\":\"https:\/\/noticiasya.com\/?s={search_term_string}\"},\"query-input\":{\"@type\":\"PropertyValueSpecification\",\"valueRequired\":true,\"valueName\":\"search_term_string\"}}],\"inLanguage\":\"es\"},{\"@type\":\"Organization\",\"@id\":\"https:\/\/noticiasya.com\/#organization\",\"name\":\"Noticias\",\"url\":\"https:\/\/noticiasya.com\/\",\"logo\":{\"@type\":\"ImageObject\",\"inLanguage\":\"es\",\"@id\":\"https:\/\/noticiasya.com\/#\/schema\/logo\/image\/\",\"url\":\"https:\/\/noticiasya.com\/wp-content\/uploads\/sites\/22\/2023\/12\/logo-nacional.png\",\"contentUrl\":\"https:\/\/noticiasya.com\/wp-content\/uploads\/sites\/22\/2023\/12\/logo-nacional.png\",\"width\":1801,\"height\":691,\"caption\":\"Noticias\"},\"image\":{\"@id\":\"https:\/\/noticiasya.com\/#\/schema\/logo\/image\/\"}}]}<\/script>\n<!-- \/ Yoast SEO plugin. -->","yoast_head_json":{"title":"La llegada de un avi\u00f3n de la Armada de EE.UU. al sur de Argentina desata pol\u00e9mica y cuestionamientos al Gobierno de Milei - Noticias","robots":{"index":"index","follow":"follow","max-snippet":"max-snippet:-1","max-image-preview":"max-image-preview:large","max-video-preview":"max-video-preview:-1"},"canonical":"https:\/\/noticiasya.com\/2026\/02\/02\/avion-armada-eeuu-ushuaia-argentina-polemica-orix\/","og_locale":"es_ES","og_type":"article","og_title":"La llegada de un avi\u00f3n de la Armada de EE.UU. al sur de Argentina desata pol\u00e9mica y cuestionamientos al Gobierno de Milei - Noticias","og_description":"Sin comunicado oficial, ni agenda difundida, ni explicaciones. El silencio rode\u00f3 la llegada de un avi\u00f3n militar de Estados Unidos a Ushuaia, en el sur de Argentina, durante el fin de semana. Un d\u00eda despu\u00e9s, la Embajada estadounidense confirm\u00f3 que se trataba de una delegaci\u00f3n de congresistas. Sin embargo, el Gobierno argentino no dio m\u00e1s [&hellip;]","og_url":"https:\/\/noticiasya.com\/2026\/02\/02\/avion-armada-eeuu-ushuaia-argentina-polemica-orix\/","og_site_name":"Noticias","article_published_time":"2026-02-02T13:03:46+00:00","twitter_card":"summary_large_image","twitter_misc":{"Est. reading time":"6 minutos"},"schema":{"@context":"https:\/\/schema.org","@graph":[{"@type":"Article","@id":"https:\/\/noticiasya.com\/2026\/02\/02\/avion-armada-eeuu-ushuaia-argentina-polemica-orix\/#article","isPartOf":{"@id":"https:\/\/noticiasya.com\/2026\/02\/02\/avion-armada-eeuu-ushuaia-argentina-polemica-orix\/"},"author":{"name":"","@id":""},"headline":"La llegada de un avi\u00f3n de la Armada de EE.UU. al sur de Argentina desata pol\u00e9mica y cuestionamientos al Gobierno de Milei","datePublished":"2026-02-02T13:03:46+00:00","mainEntityOfPage":{"@id":"https:\/\/noticiasya.com\/2026\/02\/02\/avion-armada-eeuu-ushuaia-argentina-polemica-orix\/"},"wordCount":1183,"commentCount":0,"publisher":{"@id":"https:\/\/noticiasya.com\/#organization"},"articleSection":["Noticias Nacionales"],"inLanguage":"es","potentialAction":[{"@type":"CommentAction","name":"Comment","target":["https:\/\/noticiasya.com\/2026\/02\/02\/avion-armada-eeuu-ushuaia-argentina-polemica-orix\/#respond"]}]},{"@type":"WebPage","@id":"https:\/\/noticiasya.com\/2026\/02\/02\/avion-armada-eeuu-ushuaia-argentina-polemica-orix\/","url":"https:\/\/noticiasya.com\/2026\/02\/02\/avion-armada-eeuu-ushuaia-argentina-polemica-orix\/","name":"La llegada de un avi\u00f3n de la Armada de EE.UU. al sur de Argentina desata pol\u00e9mica y cuestionamientos al Gobierno de Milei - Noticias","isPartOf":{"@id":"https:\/\/noticiasya.com\/#website"},"datePublished":"2026-02-02T13:03:46+00:00","breadcrumb":{"@id":"https:\/\/noticiasya.com\/2026\/02\/02\/avion-armada-eeuu-ushuaia-argentina-polemica-orix\/#breadcrumb"},"inLanguage":"es","potentialAction":[{"@type":"ReadAction","target":["https:\/\/noticiasya.com\/2026\/02\/02\/avion-armada-eeuu-ushuaia-argentina-polemica-orix\/"]}]},{"@type":"BreadcrumbList","@id":"https:\/\/noticiasya.com\/2026\/02\/02\/avion-armada-eeuu-ushuaia-argentina-polemica-orix\/#breadcrumb","itemListElement":[{"@type":"ListItem","position":1,"name":"Home","item":"https:\/\/noticiasya.com\/"},{"@type":"ListItem","position":2,"name":"La llegada de un avi\u00f3n de la Armada de EE.UU. al sur de Argentina desata pol\u00e9mica y cuestionamientos al Gobierno de Milei"}]},{"@type":"WebSite","@id":"https:\/\/noticiasya.com\/#website","url":"https:\/\/noticiasya.com\/","name":"Noticias","description":"Lo que importa","publisher":{"@id":"https:\/\/noticiasya.com\/#organization"},"potentialAction":[{"@type":"SearchAction","target":{"@type":"EntryPoint","urlTemplate":"https:\/\/noticiasya.com\/?s={search_term_string}"},"query-input":{"@type":"PropertyValueSpecification","valueRequired":true,"valueName":"search_term_string"}}],"inLanguage":"es"},{"@type":"Organization","@id":"https:\/\/noticiasya.com\/#organization","name":"Noticias","url":"https:\/\/noticiasya.com\/","logo":{"@type":"ImageObject","inLanguage":"es","@id":"https:\/\/noticiasya.com\/#\/schema\/logo\/image\/","url":"https:\/\/noticiasya.com\/wp-content\/uploads\/sites\/22\/2023\/12\/logo-nacional.png","contentUrl":"https:\/\/noticiasya.com\/wp-content\/uploads\/sites\/22\/2023\/12\/logo-nacional.png","width":1801,"height":691,"caption":"Noticias"},"image":{"@id":"https:\/\/noticiasya.com\/#\/schema\/logo\/image\/"}}]}},"parsely":{"version":"1.1.0","canonical_url":"https:\/\/noticiasya.com\/lubbock\/2026\/02\/02\/avion-armada-eeuu-ushuaia-argentina-polemica-orix\/","smart_links":{"inbound":0,"outbound":0},"traffic_boost_suggestions_count":0,"meta":{"@context":"https:\/\/schema.org","@type":"NewsArticle","headline":"La llegada de un avi\u00f3n de la Armada de EE.UU. al sur de Argentina desata pol\u00e9mica y cuestionamientos al Gobierno de Milei","url":"http:\/\/noticiasya.com\/lubbock\/2026\/02\/02\/avion-armada-eeuu-ushuaia-argentina-polemica-orix\/","mainEntityOfPage":{"@type":"WebPage","@id":"http:\/\/noticiasya.com\/lubbock\/2026\/02\/02\/avion-armada-eeuu-ushuaia-argentina-polemica-orix\/"},"thumbnailUrl":"","image":{"@type":"ImageObject","url":""},"articleSection":"Noticias Nacionales","author":[],"creator":[],"publisher":{"@type":"Organization","name":"Noticias","logo":""},"keywords":[],"dateCreated":"2026-02-02T13:03:46Z","datePublished":"2026-02-02T13:03:46Z","dateModified":"2026-02-02T13:03:46Z"},"rendered":"<script type=\"application\/ld+json\" class=\"wp-parsely-metadata\">{\"@context\":\"https:\\\/\\\/schema.org\",\"@type\":\"NewsArticle\",\"headline\":\"La llegada de un avi\\u00f3n de la Armada de EE.UU. al sur de Argentina desata pol\\u00e9mica y cuestionamientos al Gobierno de Milei\",\"url\":\"http:\\\/\\\/noticiasya.com\\\/lubbock\\\/2026\\\/02\\\/02\\\/avion-armada-eeuu-ushuaia-argentina-polemica-orix\\\/\",\"mainEntityOfPage\":{\"@type\":\"WebPage\",\"@id\":\"http:\\\/\\\/noticiasya.com\\\/lubbock\\\/2026\\\/02\\\/02\\\/avion-armada-eeuu-ushuaia-argentina-polemica-orix\\\/\"},\"thumbnailUrl\":\"\",\"image\":{\"@type\":\"ImageObject\",\"url\":\"\"},\"articleSection\":\"Noticias Nacionales\",\"author\":[],\"creator\":[],\"publisher\":{\"@type\":\"Organization\",\"name\":\"Noticias\",\"logo\":\"\"},\"keywords\":[],\"dateCreated\":\"2026-02-02T13:03:46Z\",\"datePublished\":\"2026-02-02T13:03:46Z\",\"dateModified\":\"2026-02-02T13:03:46Z\"}<\/script>","tracker_url":"https:\/\/cdn.parsely.com\/keys\/noticiasya.com\/p.js"},"jetpack_featured_media_url":"","jetpack-related-posts":[{"id":1462433,"url":"https:\/\/noticiasya.com\/lubbock\/2025\/05\/16\/paro-por-tiempo-indeterminado-en-tierra-del-fuego-vienen-por-los-puestos-de-trabajo\/","url_meta":{"origin":1470753,"position":0},"title":"Paro por tiempo indeterminado en Tierra del Fuego: &#171;Vienen por los puestos de trabajo&#187;","author":"","date":"mayo 16, 2025","format":false,"excerpt":"(CNN Radio Argentina) \u2014 Marcos Linares, Secretario Adjunto de la UOM Tierra del Fuego, habl\u00f3 con Regreso CNN de Mariana Arias y Pepe Gil Vidal sobre las medidas de fuerza que lleva adelante el gremio tras el anuncio del Gobierno de baja de aranceles para productos electr\u00f3nicos importados.\u201cDesde el mi\u00e9rcoles\u2026","rel":"","context":"In &quot;Noticias Nacionales&quot;","block_context":{"text":"Noticias Nacionales","link":"https:\/\/noticiasya.com\/lubbock\/categoria\/noticias-nacionales"},"img":{"alt_text":"","src":"","width":0,"height":0},"classes":[]},{"id":1462281,"url":"https:\/\/noticiasya.com\/lubbock\/2025\/05\/13\/antartida-argentina-china-eeuu-orix\/","url_meta":{"origin":1470753,"position":1},"title":"La rivalidad entre EE.UU. y China llega a la Ant\u00e1rtida, donde Argentina puede jugar un rol clave","author":"","date":"mayo 13, 2025","format":false,"excerpt":"En el lejano sur del mundo existe un continente de 14,2 millones de kil\u00f3metros cuadrados cubierto en hielo, casi sin poblar y que \u2014por el momento\u2014 no le pertenece a nadie, aunque muchos pa\u00edses lo desean.Rica en recursos naturales y con una ubicaci\u00f3n geogr\u00e1fica en el extremo sur de enorme\u2026","rel":"","context":"In &quot;Noticias Nacionales&quot;","block_context":{"text":"Noticias Nacionales","link":"https:\/\/noticiasya.com\/lubbock\/categoria\/noticias-nacionales"},"img":{"alt_text":"","src":"","width":0,"height":0},"classes":[]},{"id":1469447,"url":"https:\/\/noticiasya.com\/lubbock\/2025\/12\/20\/milei-mercosur-presion-militar-eeuu-venezuela-efe\/","url_meta":{"origin":1470753,"position":2},"title":"Milei insta al Mercosur a secundar la presi\u00f3n militar de EE.UU. contra Venezuela","author":"","date":"diciembre 20, 2025","format":false,"excerpt":"El presidente de Argentina, Javier Milei, inst\u00f3 este s\u00e1bado a sus socios del Mercado Com\u00fan del Sur (Mercosur) a secundar la presi\u00f3n militar que Estados Unidos ejerce contra Venezuela y a condenar al Gobierno de Nicol\u00e1s Maduro.\u201cLa Argentina saluda la presi\u00f3n de los Estados Unidos y Donald Trump para liberar\u2026","rel":"","context":"In &quot;Noticias Nacionales&quot;","block_context":{"text":"Noticias Nacionales","link":"https:\/\/noticiasya.com\/lubbock\/categoria\/noticias-nacionales"},"img":{"alt_text":"","src":"","width":0,"height":0},"classes":[]},{"id":1455544,"url":"https:\/\/noticiasya.com\/lubbock\/2024\/11\/04\/elecciones-estados-unidos-inluye-argentina-harris-trump-milei-orix\/","url_meta":{"origin":1470753,"position":3},"title":"\u00bfC\u00f3mo puede influir un triunfo de Kamala Harris o de Donald Trump en Argentina?","author":"","date":"noviembre 4, 2024","format":false,"excerpt":"(CNN) -- \u201cFuiste un gran presidente y espero que vuelvas a serlo otra vez\u201d, le dijo Javier Milei a Donald Trump.La frase, pronunciada en un ingl\u00e9s precario y con una profunda emoci\u00f3n, form\u00f3 parte del primer encuentro cara a cara entre el presidente argentino y el expresidente de Estados Unidos.\u2026","rel":"","context":"In &quot;Noticias Nacionales&quot;","block_context":{"text":"Noticias Nacionales","link":"https:\/\/noticiasya.com\/lubbock\/categoria\/noticias-nacionales"},"img":{"alt_text":"","src":"","width":0,"height":0},"classes":[]},{"id":1472917,"url":"https:\/\/noticiasya.com\/lubbock\/2026\/04\/06\/kast-respaldo-chile-argentina-malvinas-milei-orix\/","url_meta":{"origin":1470753,"position":4},"title":"Kast reafirm\u00f3 el respaldo de Chile a Argentina en su reclamo por las Malvinas tras reunirse con Milei","author":"","date":"abril 6, 2026","format":false,"excerpt":"El presidente de Chile, Jos\u00e9 Antonio Kast, reiter\u00f3 el respaldo de su Gobierno a Argentina en su reclamo de soberan\u00eda sobre las Islas Malvinas, tras reunirse con su par argentino, Javier Milei, en Buenos Aires en un gesto que refuerza la hist\u00f3rica postura chilena ante una disputa con el Reino\u2026","rel":"","context":"In &quot;Noticias Nacionales&quot;","block_context":{"text":"Noticias Nacionales","link":"https:\/\/noticiasya.com\/lubbock\/categoria\/noticias-nacionales"},"img":{"alt_text":"","src":"","width":0,"height":0},"classes":[]},{"id":1470230,"url":"https:\/\/noticiasya.com\/lubbock\/2026\/01\/19\/sheinbaum-avion-militar-eeuu-mexico-efe\/","url_meta":{"origin":1470753,"position":5},"title":"Sheinbaum afirma que avi\u00f3n militar de EEUU aterrizado en M\u00e9xico es de &#171;capacitaci\u00f3n&#187;","author":"","date":"enero 19, 2026","format":false,"excerpt":"La presidenta de M\u00e9xico, Claudia Sheinbaum, asegur\u00f3 este lunes que el aterrizaje de un avi\u00f3n militar H\u00e9rcules C-130 de Estados Unidos el pasado s\u00e1bado en el Aeropuerto Internacional de Toluca contaba con autorizaci\u00f3n desde octubre del a\u00f1o pasado y estuvo vinculado exclusivamente a actividades de capacitaci\u00f3n.\u201c(El aterrizaje) es una autorizaci\u00f3n\u2026","rel":"","context":"In &quot;Noticias Nacionales&quot;","block_context":{"text":"Noticias Nacionales","link":"https:\/\/noticiasya.com\/lubbock\/categoria\/noticias-nacionales"},"img":{"alt_text":"","src":"","width":0,"height":0},"classes":[]}],"jetpack_sharing_enabled":true,"_links":{"self":[{"href":"https:\/\/noticiasya.com\/lubbock\/wp-json\/wp\/v2\/posts\/1470753","targetHints":{"allow":["GET"]}}],"collection":[{"href":"https:\/\/noticiasya.com\/lubbock\/wp-json\/wp\/v2\/posts"}],"about":[{"href":"https:\/\/noticiasya.com\/lubbock\/wp-json\/wp\/v2\/types\/post"}],"replies":[{"embeddable":true,"href":"https:\/\/noticiasya.com\/lubbock\/wp-json\/wp\/v2\/comments?post=1470753"}],"version-history":[{"count":0,"href":"https:\/\/noticiasya.com\/lubbock\/wp-json\/wp\/v2\/posts\/1470753\/revisions"}],"wp:attachment":[{"href":"https:\/\/noticiasya.com\/lubbock\/wp-json\/wp\/v2\/media?parent=1470753"}],"wp:term":[{"taxonomy":"category","embeddable":true,"href":"https:\/\/noticiasya.com\/lubbock\/wp-json\/wp\/v2\/categories?post=1470753"},{"taxonomy":"post_tag","embeddable":true,"href":"https:\/\/noticiasya.com\/lubbock\/wp-json\/wp\/v2\/tags?post=1470753"}],"curies":[{"name":"wp","href":"https:\/\/api.w.org\/{rel}","templated":true}]}}