{"id":1446722,"date":"2024-03-07T04:57:13","date_gmt":"2024-03-07T12:57:13","guid":{"rendered":"https:\/\/noticiasya.com\/2024\/03\/07\/guerra-entre-israel-y-hamas-en-vivo-liberacion-de-rehenes-orix-4\/"},"modified":"2024-03-07T04:57:13","modified_gmt":"2024-03-07T12:57:13","slug":"guerra-entre-israel-y-hamas-en-vivo-liberacion-de-rehenes-orix-4","status":"publish","type":"post","link":"https:\/\/noticiasya.com\/midland-odessa\/2024\/03\/07\/guerra-entre-israel-y-hamas-en-vivo-liberacion-de-rehenes-orix-4\/","title":{"rendered":"Guerra entre Israel y Hamas en vivo: noticias, liberaci\u00f3n de rehenes y m\u00e1s"},"content":{"rendered":"<p>\ud83d\udd04 Para ver las actualizaciones m\u00e1s recientes haz clic aqu\u00ed.<\/p>\n<p>(La imagen muestra contenido gr\u00e1fico) Un ni\u00f1o palestino, gravemente herido en un ataque israel\u00ed contra el campo de refugiados de Nuseirat, es visto bajo tratamiento en el Hospital de los M\u00e1rtires de Al Aqsa en Deir al Balah, Gaza, en marzo 5 de septiembre de 2024. (Foto de Ashraf Amra\/Anadolu v\u00eda Getty Images)<\/p>\n<p>The-CNN-Wire<br \/>&trade; &amp; &copy; 2024 Cable News Network, Inc., a Warner Bros. Discovery Company. All rights reserved.<\/p>\n","protected":false},"excerpt":{"rendered":"<p>\ud83d\udd04 Para ver las actualizaciones m\u00e1s recientes haz clic aqu\u00ed. (La imagen muestra contenido gr\u00e1fico) Un ni\u00f1o palestino, gravemente herido en un ataque israel\u00ed contra el campo de refugiados de Nuseirat, es visto bajo tratamiento en el Hospital de los M\u00e1rtires de Al Aqsa en Deir al Balah, Gaza, en marzo 5 de septiembre de [&hellip;]<\/p>\n","protected":false},"author":0,"featured_media":0,"comment_status":"open","ping_status":"open","sticky":false,"template":"","format":"standard","meta":{"_jetpack_memberships_contains_paid_content":false,"footnotes":""},"categories":[10],"tags":[],"class_list":["post-1446722","post","type-post","status-publish","format-standard","hentry","category-noticias-nacionales","market-global"],"yoast_head":"<!-- This site is optimized with the Yoast SEO plugin v24.4 - https:\/\/yoast.com\/wordpress\/plugins\/seo\/ -->\n<title>Guerra entre Israel y Hamas en vivo: noticias, liberaci\u00f3n de rehenes y m\u00e1s - Noticias<\/title>\n<meta name=\"robots\" content=\"index, follow, max-snippet:-1, max-image-preview:large, max-video-preview:-1\" \/>\n<link rel=\"canonical\" href=\"https:\/\/noticiasya.com\/el-valle\/2024\/03\/07\/guerra-entre-israel-y-hamas-en-vivo-liberacion-de-rehenes-orix-4\/\" \/>\n<meta property=\"og:locale\" content=\"es_ES\" \/>\n<meta property=\"og:type\" content=\"article\" \/>\n<meta property=\"og:title\" content=\"Guerra entre Israel y Hamas en vivo: noticias, liberaci\u00f3n de rehenes y m\u00e1s - Noticias\" \/>\n<meta property=\"og:description\" content=\"\ud83d\udd04 Para ver las actualizaciones m\u00e1s recientes haz clic aqu\u00ed. (La imagen muestra contenido gr\u00e1fico) Un ni\u00f1o palestino, gravemente herido en un ataque israel\u00ed contra el campo de refugiados de Nuseirat, es visto bajo tratamiento en el Hospital de los M\u00e1rtires de Al Aqsa en Deir al Balah, Gaza, en marzo 5 de septiembre de [&hellip;]\" \/>\n<meta property=\"og:url\" content=\"https:\/\/noticiasya.com\/el-valle\/2024\/03\/07\/guerra-entre-israel-y-hamas-en-vivo-liberacion-de-rehenes-orix-4\/\" \/>\n<meta property=\"og:site_name\" content=\"Noticias\" \/>\n<meta property=\"article:published_time\" content=\"2024-03-07T12:57:13+00:00\" \/>\n<meta name=\"twitter:card\" content=\"summary_large_image\" \/>\n<script type=\"application\/ld+json\" class=\"yoast-schema-graph\">{\"@context\":\"https:\/\/schema.org\",\"@graph\":[{\"@type\":\"Article\",\"@id\":\"https:\/\/noticiasya.com\/el-valle\/2024\/03\/07\/guerra-entre-israel-y-hamas-en-vivo-liberacion-de-rehenes-orix-4\/#article\",\"isPartOf\":{\"@id\":\"https:\/\/noticiasya.com\/el-valle\/2024\/03\/07\/guerra-entre-israel-y-hamas-en-vivo-liberacion-de-rehenes-orix-4\/\"},\"author\":{\"name\":\"\",\"@id\":\"\"},\"headline\":\"Guerra entre Israel y Hamas en vivo: noticias, liberaci\u00f3n de rehenes y m\u00e1s\",\"datePublished\":\"2024-03-07T12:57:13+00:00\",\"mainEntityOfPage\":{\"@id\":\"https:\/\/noticiasya.com\/el-valle\/2024\/03\/07\/guerra-entre-israel-y-hamas-en-vivo-liberacion-de-rehenes-orix-4\/\"},\"wordCount\":97,\"commentCount\":0,\"publisher\":{\"@id\":\"https:\/\/noticiasya.com\/#organization\"},\"articleSection\":[\"Noticias Nacionales\"],\"inLanguage\":\"es\",\"potentialAction\":[{\"@type\":\"CommentAction\",\"name\":\"Comment\",\"target\":[\"https:\/\/noticiasya.com\/el-valle\/2024\/03\/07\/guerra-entre-israel-y-hamas-en-vivo-liberacion-de-rehenes-orix-4\/#respond\"]}]},{\"@type\":\"WebPage\",\"@id\":\"https:\/\/noticiasya.com\/el-valle\/2024\/03\/07\/guerra-entre-israel-y-hamas-en-vivo-liberacion-de-rehenes-orix-4\/\",\"url\":\"https:\/\/noticiasya.com\/el-valle\/2024\/03\/07\/guerra-entre-israel-y-hamas-en-vivo-liberacion-de-rehenes-orix-4\/\",\"name\":\"Guerra entre Israel y Hamas en vivo: noticias, liberaci\u00f3n de rehenes y m\u00e1s - Noticias\",\"isPartOf\":{\"@id\":\"https:\/\/noticiasya.com\/#website\"},\"datePublished\":\"2024-03-07T12:57:13+00:00\",\"breadcrumb\":{\"@id\":\"https:\/\/noticiasya.com\/el-valle\/2024\/03\/07\/guerra-entre-israel-y-hamas-en-vivo-liberacion-de-rehenes-orix-4\/#breadcrumb\"},\"inLanguage\":\"es\",\"potentialAction\":[{\"@type\":\"ReadAction\",\"target\":[\"https:\/\/noticiasya.com\/el-valle\/2024\/03\/07\/guerra-entre-israel-y-hamas-en-vivo-liberacion-de-rehenes-orix-4\/\"]}]},{\"@type\":\"BreadcrumbList\",\"@id\":\"https:\/\/noticiasya.com\/el-valle\/2024\/03\/07\/guerra-entre-israel-y-hamas-en-vivo-liberacion-de-rehenes-orix-4\/#breadcrumb\",\"itemListElement\":[{\"@type\":\"ListItem\",\"position\":1,\"name\":\"Home\",\"item\":\"https:\/\/noticiasya.com\/\"},{\"@type\":\"ListItem\",\"position\":2,\"name\":\"Guerra entre Israel y Hamas en vivo: noticias, liberaci\u00f3n de rehenes y m\u00e1s\"}]},{\"@type\":\"WebSite\",\"@id\":\"https:\/\/noticiasya.com\/#website\",\"url\":\"https:\/\/noticiasya.com\/\",\"name\":\"Noticias\",\"description\":\"Lo que importa\",\"publisher\":{\"@id\":\"https:\/\/noticiasya.com\/#organization\"},\"potentialAction\":[{\"@type\":\"SearchAction\",\"target\":{\"@type\":\"EntryPoint\",\"urlTemplate\":\"https:\/\/noticiasya.com\/?s={search_term_string}\"},\"query-input\":{\"@type\":\"PropertyValueSpecification\",\"valueRequired\":true,\"valueName\":\"search_term_string\"}}],\"inLanguage\":\"es\"},{\"@type\":\"Organization\",\"@id\":\"https:\/\/noticiasya.com\/#organization\",\"name\":\"Noticias\",\"url\":\"https:\/\/noticiasya.com\/\",\"logo\":{\"@type\":\"ImageObject\",\"inLanguage\":\"es\",\"@id\":\"https:\/\/noticiasya.com\/#\/schema\/logo\/image\/\",\"url\":\"https:\/\/noticiasya.com\/wp-content\/uploads\/sites\/22\/2023\/12\/logo-nacional.png\",\"contentUrl\":\"https:\/\/noticiasya.com\/wp-content\/uploads\/sites\/22\/2023\/12\/logo-nacional.png\",\"width\":1801,\"height\":691,\"caption\":\"Noticias\"},\"image\":{\"@id\":\"https:\/\/noticiasya.com\/#\/schema\/logo\/image\/\"}}]}<\/script>\n<!-- \/ Yoast SEO plugin. -->","yoast_head_json":{"title":"Guerra entre Israel y Hamas en vivo: noticias, liberaci\u00f3n de rehenes y m\u00e1s - Noticias","robots":{"index":"index","follow":"follow","max-snippet":"max-snippet:-1","max-image-preview":"max-image-preview:large","max-video-preview":"max-video-preview:-1"},"canonical":"https:\/\/noticiasya.com\/el-valle\/2024\/03\/07\/guerra-entre-israel-y-hamas-en-vivo-liberacion-de-rehenes-orix-4\/","og_locale":"es_ES","og_type":"article","og_title":"Guerra entre Israel y Hamas en vivo: noticias, liberaci\u00f3n de rehenes y m\u00e1s - Noticias","og_description":"\ud83d\udd04 Para ver las actualizaciones m\u00e1s recientes haz clic aqu\u00ed. (La imagen muestra contenido gr\u00e1fico) Un ni\u00f1o palestino, gravemente herido en un ataque israel\u00ed contra el campo de refugiados de Nuseirat, es visto bajo tratamiento en el Hospital de los M\u00e1rtires de Al Aqsa en Deir al Balah, Gaza, en marzo 5 de septiembre de [&hellip;]","og_url":"https:\/\/noticiasya.com\/el-valle\/2024\/03\/07\/guerra-entre-israel-y-hamas-en-vivo-liberacion-de-rehenes-orix-4\/","og_site_name":"Noticias","article_published_time":"2024-03-07T12:57:13+00:00","twitter_card":"summary_large_image","schema":{"@context":"https:\/\/schema.org","@graph":[{"@type":"Article","@id":"https:\/\/noticiasya.com\/el-valle\/2024\/03\/07\/guerra-entre-israel-y-hamas-en-vivo-liberacion-de-rehenes-orix-4\/#article","isPartOf":{"@id":"https:\/\/noticiasya.com\/el-valle\/2024\/03\/07\/guerra-entre-israel-y-hamas-en-vivo-liberacion-de-rehenes-orix-4\/"},"author":{"name":"","@id":""},"headline":"Guerra entre Israel y Hamas en vivo: noticias, liberaci\u00f3n de rehenes y m\u00e1s","datePublished":"2024-03-07T12:57:13+00:00","mainEntityOfPage":{"@id":"https:\/\/noticiasya.com\/el-valle\/2024\/03\/07\/guerra-entre-israel-y-hamas-en-vivo-liberacion-de-rehenes-orix-4\/"},"wordCount":97,"commentCount":0,"publisher":{"@id":"https:\/\/noticiasya.com\/#organization"},"articleSection":["Noticias Nacionales"],"inLanguage":"es","potentialAction":[{"@type":"CommentAction","name":"Comment","target":["https:\/\/noticiasya.com\/el-valle\/2024\/03\/07\/guerra-entre-israel-y-hamas-en-vivo-liberacion-de-rehenes-orix-4\/#respond"]}]},{"@type":"WebPage","@id":"https:\/\/noticiasya.com\/el-valle\/2024\/03\/07\/guerra-entre-israel-y-hamas-en-vivo-liberacion-de-rehenes-orix-4\/","url":"https:\/\/noticiasya.com\/el-valle\/2024\/03\/07\/guerra-entre-israel-y-hamas-en-vivo-liberacion-de-rehenes-orix-4\/","name":"Guerra entre Israel y Hamas en vivo: noticias, liberaci\u00f3n de rehenes y m\u00e1s - Noticias","isPartOf":{"@id":"https:\/\/noticiasya.com\/#website"},"datePublished":"2024-03-07T12:57:13+00:00","breadcrumb":{"@id":"https:\/\/noticiasya.com\/el-valle\/2024\/03\/07\/guerra-entre-israel-y-hamas-en-vivo-liberacion-de-rehenes-orix-4\/#breadcrumb"},"inLanguage":"es","potentialAction":[{"@type":"ReadAction","target":["https:\/\/noticiasya.com\/el-valle\/2024\/03\/07\/guerra-entre-israel-y-hamas-en-vivo-liberacion-de-rehenes-orix-4\/"]}]},{"@type":"BreadcrumbList","@id":"https:\/\/noticiasya.com\/el-valle\/2024\/03\/07\/guerra-entre-israel-y-hamas-en-vivo-liberacion-de-rehenes-orix-4\/#breadcrumb","itemListElement":[{"@type":"ListItem","position":1,"name":"Home","item":"https:\/\/noticiasya.com\/"},{"@type":"ListItem","position":2,"name":"Guerra entre Israel y Hamas en vivo: noticias, liberaci\u00f3n de rehenes y m\u00e1s"}]},{"@type":"WebSite","@id":"https:\/\/noticiasya.com\/#website","url":"https:\/\/noticiasya.com\/","name":"Noticias","description":"Lo que importa","publisher":{"@id":"https:\/\/noticiasya.com\/#organization"},"potentialAction":[{"@type":"SearchAction","target":{"@type":"EntryPoint","urlTemplate":"https:\/\/noticiasya.com\/?s={search_term_string}"},"query-input":{"@type":"PropertyValueSpecification","valueRequired":true,"valueName":"search_term_string"}}],"inLanguage":"es"},{"@type":"Organization","@id":"https:\/\/noticiasya.com\/#organization","name":"Noticias","url":"https:\/\/noticiasya.com\/","logo":{"@type":"ImageObject","inLanguage":"es","@id":"https:\/\/noticiasya.com\/#\/schema\/logo\/image\/","url":"https:\/\/noticiasya.com\/wp-content\/uploads\/sites\/22\/2023\/12\/logo-nacional.png","contentUrl":"https:\/\/noticiasya.com\/wp-content\/uploads\/sites\/22\/2023\/12\/logo-nacional.png","width":1801,"height":691,"caption":"Noticias"},"image":{"@id":"https:\/\/noticiasya.com\/#\/schema\/logo\/image\/"}}]}},"parsely":{"version":"1.1.0","canonical_url":"https:\/\/noticiasya.com\/midland-odessa\/2024\/03\/07\/guerra-entre-israel-y-hamas-en-vivo-liberacion-de-rehenes-orix-4\/","smart_links":{"inbound":0,"outbound":0},"traffic_boost_suggestions_count":0,"meta":{"@context":"https:\/\/schema.org","@type":"NewsArticle","headline":"Guerra entre Israel y Hamas en vivo: noticias, liberaci\u00f3n de rehenes y m\u00e1s","url":"http:\/\/noticiasya.com\/midland-odessa\/2024\/03\/07\/guerra-entre-israel-y-hamas-en-vivo-liberacion-de-rehenes-orix-4\/","mainEntityOfPage":{"@type":"WebPage","@id":"http:\/\/noticiasya.com\/midland-odessa\/2024\/03\/07\/guerra-entre-israel-y-hamas-en-vivo-liberacion-de-rehenes-orix-4\/"},"thumbnailUrl":"","image":{"@type":"ImageObject","url":""},"articleSection":"Noticias Nacionales","author":[],"creator":[],"publisher":{"@type":"Organization","name":"Noticias","logo":""},"keywords":[],"dateCreated":"2024-03-07T12:57:13Z","datePublished":"2024-03-07T12:57:13Z","dateModified":"2024-03-07T12:57:13Z"},"rendered":"<script type=\"application\/ld+json\" class=\"wp-parsely-metadata\">{\"@context\":\"https:\\\/\\\/schema.org\",\"@type\":\"NewsArticle\",\"headline\":\"Guerra entre Israel y Hamas en vivo: noticias, liberaci\\u00f3n de rehenes y m\\u00e1s\",\"url\":\"http:\\\/\\\/noticiasya.com\\\/midland-odessa\\\/2024\\\/03\\\/07\\\/guerra-entre-israel-y-hamas-en-vivo-liberacion-de-rehenes-orix-4\\\/\",\"mainEntityOfPage\":{\"@type\":\"WebPage\",\"@id\":\"http:\\\/\\\/noticiasya.com\\\/midland-odessa\\\/2024\\\/03\\\/07\\\/guerra-entre-israel-y-hamas-en-vivo-liberacion-de-rehenes-orix-4\\\/\"},\"thumbnailUrl\":\"\",\"image\":{\"@type\":\"ImageObject\",\"url\":\"\"},\"articleSection\":\"Noticias Nacionales\",\"author\":[],\"creator\":[],\"publisher\":{\"@type\":\"Organization\",\"name\":\"Noticias\",\"logo\":\"\"},\"keywords\":[],\"dateCreated\":\"2024-03-07T12:57:13Z\",\"datePublished\":\"2024-03-07T12:57:13Z\",\"dateModified\":\"2024-03-07T12:57:13Z\"}<\/script>","tracker_url":"https:\/\/cdn.parsely.com\/keys\/noticiasya.com\/p.js"},"jetpack_featured_media_url":"","jetpack-related-posts":[{"id":1444684,"url":"https:\/\/noticiasya.com\/midland-odessa\/2024\/01\/31\/guerra-entre-israel-y-hamas-en-vivo-noticias-combates-en-gaza-muertos-y-mas-52\/","url_meta":{"origin":1446722,"position":0},"title":"Guerra entre Israel y Hamas en vivo: noticias, combates en Gaza, muertos y m\u00e1s","author":"","date":"enero 31, 2024","format":false,"excerpt":"\ud83d\udd04 Para ver las actualizaciones m\u00e1s recientes haz clic aqu\u00ed.Los combatientes levantan banderas de Iraq y de grupos paramilitares, incluidos al-Nujaba y Kataib Hezbollah, durante un funeral en Bagdad por cinco militantes asesinados un d\u00eda antes en un ataque estadounidense en el norte de Iraq, el 4 de diciembre de\u2026","rel":"","context":"In &quot;Noticias Nacionales&quot;","block_context":{"text":"Noticias Nacionales","link":"https:\/\/noticiasya.com\/midland-odessa\/categoria\/noticias-nacionales"},"img":{"alt_text":"","src":"","width":0,"height":0},"classes":[]},{"id":1445133,"url":"https:\/\/noticiasya.com\/midland-odessa\/2024\/02\/08\/guerra-entre-israel-y-hamas-en-vivo-noticias-ataques-represalia-de-ee-uu-en-iraq-y-siria-tension-en-medio-oriente-y-mas-22\/","url_meta":{"origin":1446722,"position":1},"title":"Guerra entre Israel y Hamas en vivo: noticias, ataques represalia de EE.UU. en Iraq y Siria, tensi\u00f3n en Medio Oriente y m\u00e1s","author":"","date":"febrero 8, 2024","format":false,"excerpt":"\ud83d\udd04\u00a0Para ver las actualizaciones m\u00e1s recientes haz clic aqu\u00edPalestinos identifican los cad\u00e1veres de familiares muertos en un bombardeo israel\u00ed nocturno sobre el sur de ,Gaza en el hospital Al-Najjar de Rafah el 8 de febrero de 2024 (Foto de MAHMUD HAMS\/AFP v\u00eda Getty Images)The-CNN-Wire\u2122 & \u00a9 2024 Cable News Network,\u2026","rel":"","context":"In &quot;Noticias Nacionales&quot;","block_context":{"text":"Noticias Nacionales","link":"https:\/\/noticiasya.com\/midland-odessa\/categoria\/noticias-nacionales"},"img":{"alt_text":"","src":"","width":0,"height":0},"classes":[]},{"id":1445141,"url":"https:\/\/noticiasya.com\/midland-odessa\/2024\/02\/09\/guerra-entre-israel-y-hamas-en-vivo-noticias-ataques-represalia-de-ee-uu-en-iraq-y-siria-tension-en-medio-oriente-y-mas-23\/","url_meta":{"origin":1446722,"position":2},"title":"Guerra entre Israel y Hamas en vivo: noticias, ataques represalia de EE.UU. en Iraq y Siria, tensi\u00f3n en Medio Oriente y m\u00e1s","author":"","date":"febrero 9, 2024","format":false,"excerpt":"\ud83d\udd04\u00a0Para ver las actualizaciones m\u00e1s recientes haz clic aqu\u00edPalestinos identifican los cad\u00e1veres de familiares muertos en un bombardeo israel\u00ed nocturno sobre el sur de ,Gaza en el hospital Al-Najjar de Rafah el 8 de febrero de 2024 (Foto de MAHMUD HAMS\/AFP v\u00eda Getty Images)The-CNN-Wire\u2122 & \u00a9 2024 Cable News Network,\u2026","rel":"","context":"In &quot;Noticias Nacionales&quot;","block_context":{"text":"Noticias Nacionales","link":"https:\/\/noticiasya.com\/midland-odessa\/categoria\/noticias-nacionales"},"img":{"alt_text":"","src":"","width":0,"height":0},"classes":[]},{"id":1444556,"url":"https:\/\/noticiasya.com\/midland-odessa\/2024\/01\/28\/guerra-entre-israel-y-hamas-en-vivo-noticias-combates-en-gaza-muertos-y-mas-29\/","url_meta":{"origin":1446722,"position":3},"title":"Guerra entre Israel y Hamas en vivo: noticias, combates en Gaza, muertos y m\u00e1s","author":"","date":"enero 28, 2024","format":false,"excerpt":"\ud83d\udd04 Para ver las actualizaciones m\u00e1s recientes haz clic aqu\u00ed.Un ni\u00f1o palestino herido recibe asistencia m\u00e9dica en el Hospital Al-Amal en Khan Younis, Gaza, el 23 de enero. (Foto: Ameer Abu Aisha\/Sociedad de la Media Luna Roja Palestina v\u00eda Reuters).The-CNN-Wire\u2122 & \u00a9 2024 Cable News Network, Inc., a Warner Bros.\u2026","rel":"","context":"In &quot;Noticias Nacionales&quot;","block_context":{"text":"Noticias Nacionales","link":"https:\/\/noticiasya.com\/midland-odessa\/categoria\/noticias-nacionales"},"img":{"alt_text":"","src":"","width":0,"height":0},"classes":[]},{"id":1444557,"url":"https:\/\/noticiasya.com\/midland-odessa\/2024\/01\/28\/guerra-entre-israel-y-hamas-en-vivo-noticias-combates-en-gaza-muertos-y-mas-30\/","url_meta":{"origin":1446722,"position":4},"title":"Guerra entre Israel y Hamas en vivo: noticias, combates en Gaza, muertos y m\u00e1s","author":"","date":"enero 28, 2024","format":false,"excerpt":"\ud83d\udd04 Para ver las actualizaciones m\u00e1s recientes haz clic aqu\u00ed.Un ni\u00f1o palestino herido recibe asistencia m\u00e9dica en el Hospital Al-Amal en Khan Younis, Gaza, el 23 de enero. (Foto: Ameer Abu Aisha\/Sociedad de la Media Luna Roja Palestina v\u00eda Reuters).The-CNN-Wire\u2122 & \u00a9 2024 Cable News Network, Inc., a Warner Bros.\u2026","rel":"","context":"In &quot;Noticias Nacionales&quot;","block_context":{"text":"Noticias Nacionales","link":"https:\/\/noticiasya.com\/midland-odessa\/categoria\/noticias-nacionales"},"img":{"alt_text":"","src":"","width":0,"height":0},"classes":[]},{"id":1444559,"url":"https:\/\/noticiasya.com\/midland-odessa\/2024\/01\/28\/guerra-entre-israel-y-hamas-en-vivo-noticias-combates-en-gaza-muertos-y-mas-31\/","url_meta":{"origin":1446722,"position":5},"title":"Guerra entre Israel y Hamas en vivo: noticias, combates en Gaza, muertos y m\u00e1s","author":"","date":"enero 28, 2024","format":false,"excerpt":"\ud83d\udd04 Para ver las actualizaciones m\u00e1s recientes haz clic aqu\u00ed.Un ni\u00f1o palestino herido recibe asistencia m\u00e9dica en el Hospital Al-Amal en Khan Younis, Gaza, el 23 de enero. (Foto: Ameer Abu Aisha\/Sociedad de la Media Luna Roja Palestina v\u00eda Reuters).The-CNN-Wire\u2122 & \u00a9 2024 Cable News Network, Inc., a Warner Bros.\u2026","rel":"","context":"In &quot;Noticias Nacionales&quot;","block_context":{"text":"Noticias Nacionales","link":"https:\/\/noticiasya.com\/midland-odessa\/categoria\/noticias-nacionales"},"img":{"alt_text":"","src":"","width":0,"height":0},"classes":[]}],"jetpack_sharing_enabled":true,"_links":{"self":[{"href":"https:\/\/noticiasya.com\/midland-odessa\/wp-json\/wp\/v2\/posts\/1446722","targetHints":{"allow":["GET"]}}],"collection":[{"href":"https:\/\/noticiasya.com\/midland-odessa\/wp-json\/wp\/v2\/posts"}],"about":[{"href":"https:\/\/noticiasya.com\/midland-odessa\/wp-json\/wp\/v2\/types\/post"}],"replies":[{"embeddable":true,"href":"https:\/\/noticiasya.com\/midland-odessa\/wp-json\/wp\/v2\/comments?post=1446722"}],"version-history":[{"count":0,"href":"https:\/\/noticiasya.com\/midland-odessa\/wp-json\/wp\/v2\/posts\/1446722\/revisions"}],"wp:attachment":[{"href":"https:\/\/noticiasya.com\/midland-odessa\/wp-json\/wp\/v2\/media?parent=1446722"}],"wp:term":[{"taxonomy":"category","embeddable":true,"href":"https:\/\/noticiasya.com\/midland-odessa\/wp-json\/wp\/v2\/categories?post=1446722"},{"taxonomy":"post_tag","embeddable":true,"href":"https:\/\/noticiasya.com\/midland-odessa\/wp-json\/wp\/v2\/tags?post=1446722"}],"curies":[{"name":"wp","href":"https:\/\/api.w.org\/{rel}","templated":true}]}}