{"id":1452268,"date":"2024-08-29T11:03:48","date_gmt":"2024-08-29T18:03:48","guid":{"rendered":"https:\/\/noticiasya.com\/2024\/08\/29\/de-que-murio-juan-izquierdo-futbolista-nacional-orix\/"},"modified":"2024-08-29T11:03:48","modified_gmt":"2024-08-29T18:03:48","slug":"de-que-murio-juan-izquierdo-futbolista-nacional-orix","status":"publish","type":"post","link":"https:\/\/noticiasya.com\/midland-odessa\/2024\/08\/29\/de-que-murio-juan-izquierdo-futbolista-nacional-orix\/","title":{"rendered":"\u00bfDe qu\u00e9 muri\u00f3 Juan Izquierdo, futbolista de Nacional, a los 27 a\u00f1os?"},"content":{"rendered":"<p>(CNN Espa\u00f1ol) &#8212; El defensa uruguayo Juan Izquierdo se desplom\u00f3 en el campo del estadio Morumb\u00ed el 22 de agosto. Corr\u00eda el minuto 84 del encuentro que su equipo, Nacional de Uruguay, disputaba en calidad de visitante ante el Sao Paulo de Brasil por la Copa Libertadores.<\/p>\n<p>Ahora puedes seguirnos en\u00a0WhatsApp Channel<\/p>\n<p>\t\t\t\t\tAs\u00ed rindieron homenaje en Uruguay a Juan Izquierdo 1:07<\/p>\n<p>Izquierdo fue sacado en una ambulancia y atendido en la unidad de cuidados intensivos en el Hospital Albert Einstein de Sao Paulo. Falleci\u00f3 a los 27 a\u00f1os el 27 de agosto, inform\u00f3 el club uruguayo con un comunicado divulgado en redes sociales.<\/p>\n<p>Estaba casado y era padre de dos hijos. Ser\u00e1 velado el jueves en la sede del Club Nacional, confirm\u00f3 una fuente a CNN.<\/p>\n<p>\u00bfCu\u00e1l fue la causa de muerte de Juan Izquierdo?<\/p>\n<p>El futbolista muri\u00f3 tras un \u201cparo cardiorrespiratorio asociado a su arritmia card\u00edaca\u201d, dijo el Hospital Albert Einstein en un comunicado.<\/p>\n<p>Se\u00f1al\u00f3 que el uruguayo falleci\u00f3 a las 9:38 p.m. hora local de Sao Paulo.<\/p>\n<p>Juan Izquierdo de Nacional recibi\u00f3 atenci\u00f3n m\u00e9dica tras desmayarse durante el partido de vuelta de los octavos de final de la Copa CONMEBOL Libertadores 2024 entre Sao Paulo y Nacional en el estadio Morumb\u00ed el 22 de agosto de 2024 en Sao Paulo, Brasil. Cr\u00e9dito: Alexandre Schneider\/Getty Images<\/p>\n<p>\u00bfEs com\u00fan este tipo de problemas en los deportistas?<\/p>\n<p>El cardi\u00f3logo Dami\u00e1n Spagnuolo habl\u00f3 en Primera Ma\u00f1ana de CNNE y dijo que el episodio del futbolista de Nacional es infrecuente en deportistas.<\/p>\n<p>\u201cJustamente el deporte disminuye los riesgos de episodios de estas caracter\u00edsticas. Las personas que est\u00e1n en mayor riesgo son justamente las que no hacen deporte, las que fuman, las que tienen tendencia a las diabetes\u201d, afirm\u00f3 Spagnuolo.<\/p>\n<p>Sobre el caso puntual de Izquierdo, Spagnuolo dijo que no todas las cardiopat\u00edas pueden ser detectadas con los estudios que se hacen de rutina a deportistas de \u00e9lite.<\/p>\n<p>\u201cHay un peque\u00f1o porcentaje de las cardiopat\u00edas que son silentes o no se manifiestan, que no pueden ser detectadas\u201d, coment\u00f3.<\/p>\n<p>Vista general de la entrada del Hospital Israelita Albert Einstein, donde se encontraba internado el defensa de Nacional Juan Manuel Izquierdo, Cr\u00e9dito: MIGUEL SCHINCARIOL\/AFP v\u00eda Getty Images<\/p>\n<p>Varios deportistas y exfutbolistas de Uruguay como Luis Su\u00e1rez, \u00c1lvaro Recoba, Edinson Cavani, Fernando Muslera y Diego Godin, entre otros, se pronunciaron tras la muerte de Izquierdo. De igual forma lo hicieron varios clubes del continente y la Conmebol.<\/p>\n<p>The-CNN-Wire<br \/>&trade; &amp; &copy; 2024 Cable News Network, Inc., a Warner Bros. Discovery Company. All rights reserved.<\/p>\n","protected":false},"excerpt":{"rendered":"<p>(CNN Espa\u00f1ol) &#8212; El defensa uruguayo Juan Izquierdo se desplom\u00f3 en el campo del estadio Morumb\u00ed el 22 de agosto. Corr\u00eda el minuto 84 del encuentro que su equipo, Nacional de Uruguay, disputaba en calidad de visitante ante el Sao Paulo de Brasil por la Copa Libertadores. Ahora puedes seguirnos en\u00a0WhatsApp Channel As\u00ed rindieron homenaje [&hellip;]<\/p>\n","protected":false},"author":0,"featured_media":0,"comment_status":"open","ping_status":"open","sticky":false,"template":"","format":"standard","meta":{"_jetpack_memberships_contains_paid_content":false,"footnotes":""},"categories":[10],"tags":[],"class_list":["post-1452268","post","type-post","status-publish","format-standard","hentry","category-noticias-nacionales","market-global"],"yoast_head":"<!-- This site is optimized with the Yoast SEO plugin v24.4 - https:\/\/yoast.com\/wordpress\/plugins\/seo\/ -->\n<title>\u00bfDe qu\u00e9 muri\u00f3 Juan Izquierdo, futbolista de Nacional, a los 27 a\u00f1os? - Noticias<\/title>\n<meta name=\"robots\" content=\"index, follow, max-snippet:-1, max-image-preview:large, max-video-preview:-1\" \/>\n<link rel=\"canonical\" href=\"https:\/\/noticiasya.com\/2024\/08\/29\/de-que-murio-juan-izquierdo-futbolista-nacional-orix\/\" \/>\n<meta property=\"og:locale\" content=\"es_ES\" \/>\n<meta property=\"og:type\" content=\"article\" \/>\n<meta property=\"og:title\" content=\"\u00bfDe qu\u00e9 muri\u00f3 Juan Izquierdo, futbolista de Nacional, a los 27 a\u00f1os? - Noticias\" \/>\n<meta property=\"og:description\" content=\"(CNN Espa\u00f1ol) &#8212; El defensa uruguayo Juan Izquierdo se desplom\u00f3 en el campo del estadio Morumb\u00ed el 22 de agosto. Corr\u00eda el minuto 84 del encuentro que su equipo, Nacional de Uruguay, disputaba en calidad de visitante ante el Sao Paulo de Brasil por la Copa Libertadores. Ahora puedes seguirnos en\u00a0WhatsApp Channel As\u00ed rindieron homenaje [&hellip;]\" \/>\n<meta property=\"og:url\" content=\"https:\/\/noticiasya.com\/2024\/08\/29\/de-que-murio-juan-izquierdo-futbolista-nacional-orix\/\" \/>\n<meta property=\"og:site_name\" content=\"Noticias\" \/>\n<meta property=\"article:published_time\" content=\"2024-08-29T18:03:48+00:00\" \/>\n<meta name=\"twitter:card\" content=\"summary_large_image\" \/>\n<meta name=\"twitter:label1\" content=\"Est. reading time\" \/>\n\t<meta name=\"twitter:data1\" content=\"2 minutos\" \/>\n<script type=\"application\/ld+json\" class=\"yoast-schema-graph\">{\"@context\":\"https:\/\/schema.org\",\"@graph\":[{\"@type\":\"Article\",\"@id\":\"https:\/\/noticiasya.com\/2024\/08\/29\/de-que-murio-juan-izquierdo-futbolista-nacional-orix\/#article\",\"isPartOf\":{\"@id\":\"https:\/\/noticiasya.com\/2024\/08\/29\/de-que-murio-juan-izquierdo-futbolista-nacional-orix\/\"},\"author\":{\"name\":\"\",\"@id\":\"\"},\"headline\":\"\u00bfDe qu\u00e9 muri\u00f3 Juan Izquierdo, futbolista de Nacional, a los 27 a\u00f1os?\",\"datePublished\":\"2024-08-29T18:03:48+00:00\",\"mainEntityOfPage\":{\"@id\":\"https:\/\/noticiasya.com\/2024\/08\/29\/de-que-murio-juan-izquierdo-futbolista-nacional-orix\/\"},\"wordCount\":444,\"commentCount\":0,\"publisher\":{\"@id\":\"https:\/\/noticiasya.com\/#organization\"},\"articleSection\":[\"Noticias Nacionales\"],\"inLanguage\":\"es\",\"potentialAction\":[{\"@type\":\"CommentAction\",\"name\":\"Comment\",\"target\":[\"https:\/\/noticiasya.com\/2024\/08\/29\/de-que-murio-juan-izquierdo-futbolista-nacional-orix\/#respond\"]}]},{\"@type\":\"WebPage\",\"@id\":\"https:\/\/noticiasya.com\/2024\/08\/29\/de-que-murio-juan-izquierdo-futbolista-nacional-orix\/\",\"url\":\"https:\/\/noticiasya.com\/2024\/08\/29\/de-que-murio-juan-izquierdo-futbolista-nacional-orix\/\",\"name\":\"\u00bfDe qu\u00e9 muri\u00f3 Juan Izquierdo, futbolista de Nacional, a los 27 a\u00f1os? - Noticias\",\"isPartOf\":{\"@id\":\"https:\/\/noticiasya.com\/#website\"},\"datePublished\":\"2024-08-29T18:03:48+00:00\",\"breadcrumb\":{\"@id\":\"https:\/\/noticiasya.com\/2024\/08\/29\/de-que-murio-juan-izquierdo-futbolista-nacional-orix\/#breadcrumb\"},\"inLanguage\":\"es\",\"potentialAction\":[{\"@type\":\"ReadAction\",\"target\":[\"https:\/\/noticiasya.com\/2024\/08\/29\/de-que-murio-juan-izquierdo-futbolista-nacional-orix\/\"]}]},{\"@type\":\"BreadcrumbList\",\"@id\":\"https:\/\/noticiasya.com\/2024\/08\/29\/de-que-murio-juan-izquierdo-futbolista-nacional-orix\/#breadcrumb\",\"itemListElement\":[{\"@type\":\"ListItem\",\"position\":1,\"name\":\"Home\",\"item\":\"https:\/\/noticiasya.com\/\"},{\"@type\":\"ListItem\",\"position\":2,\"name\":\"\u00bfDe qu\u00e9 muri\u00f3 Juan Izquierdo, futbolista de Nacional, a los 27 a\u00f1os?\"}]},{\"@type\":\"WebSite\",\"@id\":\"https:\/\/noticiasya.com\/#website\",\"url\":\"https:\/\/noticiasya.com\/\",\"name\":\"Noticias\",\"description\":\"Lo que importa\",\"publisher\":{\"@id\":\"https:\/\/noticiasya.com\/#organization\"},\"potentialAction\":[{\"@type\":\"SearchAction\",\"target\":{\"@type\":\"EntryPoint\",\"urlTemplate\":\"https:\/\/noticiasya.com\/?s={search_term_string}\"},\"query-input\":{\"@type\":\"PropertyValueSpecification\",\"valueRequired\":true,\"valueName\":\"search_term_string\"}}],\"inLanguage\":\"es\"},{\"@type\":\"Organization\",\"@id\":\"https:\/\/noticiasya.com\/#organization\",\"name\":\"Noticias\",\"url\":\"https:\/\/noticiasya.com\/\",\"logo\":{\"@type\":\"ImageObject\",\"inLanguage\":\"es\",\"@id\":\"https:\/\/noticiasya.com\/#\/schema\/logo\/image\/\",\"url\":\"https:\/\/noticiasya.com\/wp-content\/uploads\/sites\/22\/2023\/12\/logo-nacional.png\",\"contentUrl\":\"https:\/\/noticiasya.com\/wp-content\/uploads\/sites\/22\/2023\/12\/logo-nacional.png\",\"width\":1801,\"height\":691,\"caption\":\"Noticias\"},\"image\":{\"@id\":\"https:\/\/noticiasya.com\/#\/schema\/logo\/image\/\"}}]}<\/script>\n<!-- \/ Yoast SEO plugin. -->","yoast_head_json":{"title":"\u00bfDe qu\u00e9 muri\u00f3 Juan Izquierdo, futbolista de Nacional, a los 27 a\u00f1os? - Noticias","robots":{"index":"index","follow":"follow","max-snippet":"max-snippet:-1","max-image-preview":"max-image-preview:large","max-video-preview":"max-video-preview:-1"},"canonical":"https:\/\/noticiasya.com\/2024\/08\/29\/de-que-murio-juan-izquierdo-futbolista-nacional-orix\/","og_locale":"es_ES","og_type":"article","og_title":"\u00bfDe qu\u00e9 muri\u00f3 Juan Izquierdo, futbolista de Nacional, a los 27 a\u00f1os? - Noticias","og_description":"(CNN Espa\u00f1ol) &#8212; El defensa uruguayo Juan Izquierdo se desplom\u00f3 en el campo del estadio Morumb\u00ed el 22 de agosto. Corr\u00eda el minuto 84 del encuentro que su equipo, Nacional de Uruguay, disputaba en calidad de visitante ante el Sao Paulo de Brasil por la Copa Libertadores. Ahora puedes seguirnos en\u00a0WhatsApp Channel As\u00ed rindieron homenaje [&hellip;]","og_url":"https:\/\/noticiasya.com\/2024\/08\/29\/de-que-murio-juan-izquierdo-futbolista-nacional-orix\/","og_site_name":"Noticias","article_published_time":"2024-08-29T18:03:48+00:00","twitter_card":"summary_large_image","twitter_misc":{"Est. reading time":"2 minutos"},"schema":{"@context":"https:\/\/schema.org","@graph":[{"@type":"Article","@id":"https:\/\/noticiasya.com\/2024\/08\/29\/de-que-murio-juan-izquierdo-futbolista-nacional-orix\/#article","isPartOf":{"@id":"https:\/\/noticiasya.com\/2024\/08\/29\/de-que-murio-juan-izquierdo-futbolista-nacional-orix\/"},"author":{"name":"","@id":""},"headline":"\u00bfDe qu\u00e9 muri\u00f3 Juan Izquierdo, futbolista de Nacional, a los 27 a\u00f1os?","datePublished":"2024-08-29T18:03:48+00:00","mainEntityOfPage":{"@id":"https:\/\/noticiasya.com\/2024\/08\/29\/de-que-murio-juan-izquierdo-futbolista-nacional-orix\/"},"wordCount":444,"commentCount":0,"publisher":{"@id":"https:\/\/noticiasya.com\/#organization"},"articleSection":["Noticias Nacionales"],"inLanguage":"es","potentialAction":[{"@type":"CommentAction","name":"Comment","target":["https:\/\/noticiasya.com\/2024\/08\/29\/de-que-murio-juan-izquierdo-futbolista-nacional-orix\/#respond"]}]},{"@type":"WebPage","@id":"https:\/\/noticiasya.com\/2024\/08\/29\/de-que-murio-juan-izquierdo-futbolista-nacional-orix\/","url":"https:\/\/noticiasya.com\/2024\/08\/29\/de-que-murio-juan-izquierdo-futbolista-nacional-orix\/","name":"\u00bfDe qu\u00e9 muri\u00f3 Juan Izquierdo, futbolista de Nacional, a los 27 a\u00f1os? - Noticias","isPartOf":{"@id":"https:\/\/noticiasya.com\/#website"},"datePublished":"2024-08-29T18:03:48+00:00","breadcrumb":{"@id":"https:\/\/noticiasya.com\/2024\/08\/29\/de-que-murio-juan-izquierdo-futbolista-nacional-orix\/#breadcrumb"},"inLanguage":"es","potentialAction":[{"@type":"ReadAction","target":["https:\/\/noticiasya.com\/2024\/08\/29\/de-que-murio-juan-izquierdo-futbolista-nacional-orix\/"]}]},{"@type":"BreadcrumbList","@id":"https:\/\/noticiasya.com\/2024\/08\/29\/de-que-murio-juan-izquierdo-futbolista-nacional-orix\/#breadcrumb","itemListElement":[{"@type":"ListItem","position":1,"name":"Home","item":"https:\/\/noticiasya.com\/"},{"@type":"ListItem","position":2,"name":"\u00bfDe qu\u00e9 muri\u00f3 Juan Izquierdo, futbolista de Nacional, a los 27 a\u00f1os?"}]},{"@type":"WebSite","@id":"https:\/\/noticiasya.com\/#website","url":"https:\/\/noticiasya.com\/","name":"Noticias","description":"Lo que importa","publisher":{"@id":"https:\/\/noticiasya.com\/#organization"},"potentialAction":[{"@type":"SearchAction","target":{"@type":"EntryPoint","urlTemplate":"https:\/\/noticiasya.com\/?s={search_term_string}"},"query-input":{"@type":"PropertyValueSpecification","valueRequired":true,"valueName":"search_term_string"}}],"inLanguage":"es"},{"@type":"Organization","@id":"https:\/\/noticiasya.com\/#organization","name":"Noticias","url":"https:\/\/noticiasya.com\/","logo":{"@type":"ImageObject","inLanguage":"es","@id":"https:\/\/noticiasya.com\/#\/schema\/logo\/image\/","url":"https:\/\/noticiasya.com\/wp-content\/uploads\/sites\/22\/2023\/12\/logo-nacional.png","contentUrl":"https:\/\/noticiasya.com\/wp-content\/uploads\/sites\/22\/2023\/12\/logo-nacional.png","width":1801,"height":691,"caption":"Noticias"},"image":{"@id":"https:\/\/noticiasya.com\/#\/schema\/logo\/image\/"}}]}},"parsely":{"version":"1.1.0","canonical_url":"https:\/\/noticiasya.com\/midland-odessa\/2024\/08\/29\/de-que-murio-juan-izquierdo-futbolista-nacional-orix\/","smart_links":{"inbound":0,"outbound":0},"traffic_boost_suggestions_count":0,"meta":{"@context":"https:\/\/schema.org","@type":"NewsArticle","headline":"\u00bfDe qu\u00e9 muri\u00f3 Juan Izquierdo, futbolista de Nacional, a los 27 a\u00f1os?","url":"http:\/\/noticiasya.com\/midland-odessa\/2024\/08\/29\/de-que-murio-juan-izquierdo-futbolista-nacional-orix\/","mainEntityOfPage":{"@type":"WebPage","@id":"http:\/\/noticiasya.com\/midland-odessa\/2024\/08\/29\/de-que-murio-juan-izquierdo-futbolista-nacional-orix\/"},"thumbnailUrl":"","image":{"@type":"ImageObject","url":""},"articleSection":"Noticias Nacionales","author":[],"creator":[],"publisher":{"@type":"Organization","name":"Noticias","logo":""},"keywords":[],"dateCreated":"2024-08-29T18:03:48Z","datePublished":"2024-08-29T18:03:48Z","dateModified":"2024-08-29T18:03:48Z"},"rendered":"<script type=\"application\/ld+json\" class=\"wp-parsely-metadata\">{\"@context\":\"https:\\\/\\\/schema.org\",\"@type\":\"NewsArticle\",\"headline\":\"\\u00bfDe qu\\u00e9 muri\\u00f3 Juan Izquierdo, futbolista de Nacional, a los 27 a\\u00f1os?\",\"url\":\"http:\\\/\\\/noticiasya.com\\\/midland-odessa\\\/2024\\\/08\\\/29\\\/de-que-murio-juan-izquierdo-futbolista-nacional-orix\\\/\",\"mainEntityOfPage\":{\"@type\":\"WebPage\",\"@id\":\"http:\\\/\\\/noticiasya.com\\\/midland-odessa\\\/2024\\\/08\\\/29\\\/de-que-murio-juan-izquierdo-futbolista-nacional-orix\\\/\"},\"thumbnailUrl\":\"\",\"image\":{\"@type\":\"ImageObject\",\"url\":\"\"},\"articleSection\":\"Noticias Nacionales\",\"author\":[],\"creator\":[],\"publisher\":{\"@type\":\"Organization\",\"name\":\"Noticias\",\"logo\":\"\"},\"keywords\":[],\"dateCreated\":\"2024-08-29T18:03:48Z\",\"datePublished\":\"2024-08-29T18:03:48Z\",\"dateModified\":\"2024-08-29T18:03:48Z\"}<\/script>","tracker_url":"https:\/\/cdn.parsely.com\/keys\/noticiasya.com\/p.js"},"jetpack_featured_media_url":"","jetpack-related-posts":[{"id":1452267,"url":"https:\/\/noticiasya.com\/midland-odessa\/2024\/08\/29\/futbolista-uruguayo-muere-dias-despues-de-desplomarse-durante-partido-brasil-ap\/","url_meta":{"origin":1452268,"position":0},"title":"El futbolista uruguayo Juan Izquierdo muere d\u00edas despu\u00e9s de desplomarse durante un partido en Brasil","author":"","date":"agosto 29, 2024","format":false,"excerpt":"(CNN) -- El futbolista uruguayo Juan Izquierdo muri\u00f3 este martes en un hospital de Brasil cinco d\u00edas despu\u00e9s de desmayarse durante un partido en Sao Paulo. Ten\u00eda 27 a\u00f1os.El Hospital Albert Einstein de Sao Paulo inform\u00f3 en un comunicado que el defensa de Nacional falleci\u00f3 a las 21:38 hora local\u2026","rel":"","context":"In &quot;Noticias Nacionales&quot;","block_context":{"text":"Noticias Nacionales","link":"https:\/\/noticiasya.com\/midland-odessa\/categoria\/noticias-nacionales"},"img":{"alt_text":"","src":"","width":0,"height":0},"classes":[]},{"id":1451038,"url":"https:\/\/noticiasya.com\/midland-odessa\/2024\/07\/11\/james-rodriguez-renacimiento-colombia-copa-america-orix\/","url_meta":{"origin":1452268,"position":1},"title":"El renacimiento de James Rodr\u00edguez: as\u00ed volvi\u00f3 a ser el mejor de Colombia 10 a\u00f1os despu\u00e9s","author":"","date":"julio 11, 2024","format":false,"excerpt":"(CNN Espa\u00f1ol) -- En 2014 James Rodr\u00edguez fue la revelaci\u00f3n del Mundial de Brasil, fue el goleador del torneo y marc\u00f3 el mejor gol del a\u00f1o, lider\u00f3 a Colombia en su mejor Copa del Mundo, fue fichado por el Real Madrid y estaba en el Olimpo del f\u00fatbol. Pero luego,\u2026","rel":"","context":"In &quot;Noticias Nacionales&quot;","block_context":{"text":"Noticias Nacionales","link":"https:\/\/noticiasya.com\/midland-odessa\/categoria\/noticias-nacionales"},"img":{"alt_text":"","src":"","width":0,"height":0},"classes":[]},{"id":1455790,"url":"https:\/\/noticiasya.com\/midland-odessa\/2024\/11\/13\/muere-futbolista-ecuatoriano-marco-angulo-accidente-automovilistico-trax\/","url_meta":{"origin":1452268,"position":2},"title":"Muere el futbolista ecuatoriano Marco Angulo a los 22 a\u00f1os tras un accidente automovil\u00edstico","author":"","date":"noviembre 13, 2024","format":false,"excerpt":"(CNN) -- El futbolista ecuatoriano Marco Angulo muri\u00f3 a los 22 a\u00f1os, inform\u00f3 la Federaci\u00f3n Ecuatoriana de F\u00fatbol en un comunicado.\u201cLa Federaci\u00f3n Ecuatoriana de F\u00fatbol expresa su m\u00e1s sentido p\u00e9same por el fallecimiento de Marco Angulo, quien con su talento y dedicaci\u00f3n defendi\u00f3 los colores de nuestro pa\u00eds en cada\u2026","rel":"","context":"In &quot;Noticias Nacionales&quot;","block_context":{"text":"Noticias Nacionales","link":"https:\/\/noticiasya.com\/midland-odessa\/categoria\/noticias-nacionales"},"img":{"alt_text":"","src":"","width":0,"height":0},"classes":[]},{"id":1456265,"url":"https:\/\/noticiasya.com\/midland-odessa\/2024\/12\/04\/ecuador-investigan-presunta-desaparicion-futbolista-pedro-pablo-perlaza-orix\/","url_meta":{"origin":1452268,"position":3},"title":"Autoridades de Ecuador investigan la presunta desaparici\u00f3n del futbolista Pedro Pablo Perlaza","author":"","date":"diciembre 4, 2024","format":false,"excerpt":"La Polic\u00eda de Esmeraldas, Ecuador, investiga una denuncia por desaparici\u00f3n interpuesta por familiares del futbolista Pedro Pablo Perlaza, confirm\u00f3 el jefe de distrito del cuerpo policial, Diego Velastegu\u00ed, al canal Ecuavisa, afiliado de CNN.La estaci\u00f3n report\u00f3 que la \u00faltima vez que se supo del jugador, que pertenece al club Delf\u00edn,\u2026","rel":"","context":"In &quot;Noticias Nacionales&quot;","block_context":{"text":"Noticias Nacionales","link":"https:\/\/noticiasya.com\/midland-odessa\/categoria\/noticias-nacionales"},"img":{"alt_text":"","src":"","width":0,"height":0},"classes":[]},{"id":1469979,"url":"https:\/\/noticiasya.com\/midland-odessa\/2026\/01\/11\/carlos-gardel-controversia-nacimiento-documento-orix\/","url_meta":{"origin":1452268,"position":4},"title":"\u00bfD\u00f3nde naci\u00f3 Gardel? Un nuevo documento se suma a la larga controversia entre Uruguay, Argentina y Francia","author":"","date":"enero 11, 2026","format":false,"excerpt":"Un nuevo documento hist\u00f3rico podr\u00eda marcar un antes y un despu\u00e9s en la larga controversia sobre el lugar de nacimiento de Carlos Gardel, el cantante m\u00e1s emblem\u00e1tico del tango.Investigadores independientes de la Comisi\u00f3n Gardel Rioplatense (CGR) presentaron un registro original del Consulado de Uruguay en Buenos Aires, fechado el 8\u2026","rel":"","context":"In &quot;Noticias Nacionales&quot;","block_context":{"text":"Noticias Nacionales","link":"https:\/\/noticiasya.com\/midland-odessa\/categoria\/noticias-nacionales"},"img":{"alt_text":"","src":"","width":0,"height":0},"classes":[]},{"id":1465855,"url":"https:\/\/noticiasya.com\/midland-odessa\/2025\/08\/25\/americup-uruguay-sanciones-argentina-dominicana-orix\/","url_meta":{"origin":1452268,"position":5},"title":"AmeriCup 2025: Uruguay logr\u00f3 la haza\u00f1a ante EE.UU. y hay sanciones para Argentina y Rep. Dominicana","author":"","date":"agosto 25, 2025","format":false,"excerpt":"Cuando todo parec\u00eda salir seg\u00fan los pron\u00f3sticos y hab\u00eda poco lugar para la sorpresa, apareci\u00f3 Uruguay para patear el tablero en la Americup 2025, el torneo de baloncesto m\u00e1s importante del a\u00f1o para las Am\u00e9ricas, que se disputa esta semana en Managua, Nicaragua.El seleccionado uruguayo dio la nota a primera\u2026","rel":"","context":"In &quot;Noticias Nacionales&quot;","block_context":{"text":"Noticias Nacionales","link":"https:\/\/noticiasya.com\/midland-odessa\/categoria\/noticias-nacionales"},"img":{"alt_text":"","src":"","width":0,"height":0},"classes":[]}],"jetpack_sharing_enabled":true,"_links":{"self":[{"href":"https:\/\/noticiasya.com\/midland-odessa\/wp-json\/wp\/v2\/posts\/1452268","targetHints":{"allow":["GET"]}}],"collection":[{"href":"https:\/\/noticiasya.com\/midland-odessa\/wp-json\/wp\/v2\/posts"}],"about":[{"href":"https:\/\/noticiasya.com\/midland-odessa\/wp-json\/wp\/v2\/types\/post"}],"replies":[{"embeddable":true,"href":"https:\/\/noticiasya.com\/midland-odessa\/wp-json\/wp\/v2\/comments?post=1452268"}],"version-history":[{"count":0,"href":"https:\/\/noticiasya.com\/midland-odessa\/wp-json\/wp\/v2\/posts\/1452268\/revisions"}],"wp:attachment":[{"href":"https:\/\/noticiasya.com\/midland-odessa\/wp-json\/wp\/v2\/media?parent=1452268"}],"wp:term":[{"taxonomy":"category","embeddable":true,"href":"https:\/\/noticiasya.com\/midland-odessa\/wp-json\/wp\/v2\/categories?post=1452268"},{"taxonomy":"post_tag","embeddable":true,"href":"https:\/\/noticiasya.com\/midland-odessa\/wp-json\/wp\/v2\/tags?post=1452268"}],"curies":[{"name":"wp","href":"https:\/\/api.w.org\/{rel}","templated":true}]}}