{"id":1452353,"date":"2024-09-02T13:03:43","date_gmt":"2024-09-02T20:03:43","guid":{"rendered":"https:\/\/noticiasya.com\/2024\/09\/02\/polemicas-rodolfo-hernandez-colombia-muere-orix\/"},"modified":"2024-09-02T13:03:43","modified_gmt":"2024-09-02T20:03:43","slug":"polemicas-rodolfo-hernandez-colombia-muere-orix","status":"publish","type":"post","link":"https:\/\/noticiasya.com\/midland-odessa\/2024\/09\/02\/polemicas-rodolfo-hernandez-colombia-muere-orix\/","title":{"rendered":"Las 5 pol\u00e9micas en las que estuvo involucrado Rodolfo Hern\u00e1ndez, excandidato presidencial de Colombia"},"content":{"rendered":"<p>(CNN Espa\u00f1ol) &#8212; Una palabra podr\u00eda resumir la trayectoria pol\u00edtica de Rodolfo Hern\u00e1ndez, quien compiti\u00f3 por la presidencia de Colombia contra Gustavo Petro en 2022: pol\u00e9mica.<\/p>\n<p>Hern\u00e1ndez fue un empresario devenido en pol\u00edtico que salt\u00f3 a la fama con un discurso anticorrupci\u00f3n, y se hab\u00eda impuesto como rival de Petro para la segunda vuelta por encima de otros contrincantes mucho m\u00e1s conocidos como &#8216;Fico&#8217; Guti\u00e9rrez.<\/p>\n<p>Muere el excandidato presidencial de Colombia Rodolfo Hern\u00e1ndez, rival de Gustavo Petro en las pasadas elecciones<\/p>\n<p>La trayectoria del exalcalde de Bucaramanga estuvo cargada de dichos y hechos pol\u00e9micos, pero sobre todo dichos, que revelaban su visi\u00f3n sobre un pa\u00eds marcado por una historia de violencia, corrupci\u00f3n y desigualdad. Aqu\u00ed, un repaso de algunos de los m\u00e1s significativos desde 2016, cuando asumi\u00f3 la alcald\u00eda de la ciudad oriental.<\/p>\n<p>2022: los pobres son &#171;el mejor negocio del mundo&#187;<\/p>\n<p>Hern\u00e1ndez, proveniente de una familia de clase obrera, hizo su fortuna entrando en el negocio de la construcci\u00f3n de vivienda de inter\u00e9s social, destinada a las familias m\u00e1s pobres, en los a\u00f1os 90, cuando Colombia atravesaba una crisis de construcci\u00f3n.<\/p>\n<p>En ese entonces, &#171;ante una eventual insolvencia para pagar los cr\u00e9ditos adquiridos&#187;, dice su p\u00e1gina web, cre\u00f3 el PLAN 100, mediante el que las familias pod\u00edan comprar una casa en 100 cuotas mensuales que le pagaban directamente a \u00e9l. La empresa de Hern\u00e1ndez era constructora y banco a la vez, ganando intereses por la financiaci\u00f3n propia.<\/p>\n<p>Su visi\u00f3n sobre el lugar de los &#171;pobres&#187; y de los &#171;empresarios&#187; en Colombia, uno de los pa\u00edses m\u00e1s desiguales de Am\u00e9rica Latina, gener\u00f3 una profunda pol\u00e9mica.<\/p>\n<p>&#171;Necesitamos que los empresarios entiendan que el mejor negocio del mundo es tener gente pobre con capacidad de consumo, porque los pobres consumen toda la plata&#187;, hab\u00eda dicho en enero de 2022 en una transmisi\u00f3n en redes sociales.<\/p>\n<p>Tambi\u00e9n explic\u00f3 el concepto en una entrevista con Semana: &#171;A los ricos les va mejor cuando los pobres tienen plata en el bolsillo, porque los ricos son los que arman la producci\u00f3n, los que hacen la oferta de bienes y servicios. Los pobres son consumidores&#187;. Y sigui\u00f3:\u00a0&#171;El empresariado es una joya que tiene el pa\u00eds que hay que cuidarla&#187;.<\/p>\n<p>2021: un candidato &#8216;anticorrupci\u00f3n&#8217; acusado de corrupci\u00f3n<\/p>\n<p>&#171;Yo me defino como Rodolfo Hern\u00e1ndez, un ingeniero que quiere sacar los ladrones del gobierno. Eso es todo&#187;.\u00a0&#171;La corrupci\u00f3n es el mayor impuesto que nos toca pagar a todos los colombianos&#187;. &#171;La corrupci\u00f3n es una enfermedad que solo puede curarse con cirug\u00eda y sin anestesia&#187;. Esos son algunos de los postulados que Hern\u00e1ndez exhib\u00eda en su web cuando era candidato. Obtuvo casi seis millones de votos con la &#8216;Liga de Gobernantes Anticorrupci\u00f3n&#8217;. Pero \u00e9l era, al mismo tiempo, un exgobernante investigado por presunta corrupci\u00f3n.<\/p>\n<p>La Fiscal\u00eda acus\u00f3 en 2021 a Hern\u00e1ndez de &#171;inter\u00e9s indebido&#187; en el marco del sonado caso de Vitalogic, que tuvo lugar cuando a\u00fan era alcalde de Bucaramanga.<\/p>\n<p>La acusaci\u00f3n, de la que se declar\u00f3 inocente, apuntaba a que hubo presuntas irregularidades en un contrato de consultor\u00eda sobre las tecnolog\u00edas para el manejo de los residuos en el relleno sanitario de El Carrasco, en Bucaramanga, cuando era alcalde. El valor de ese contrato ascendi\u00f3 a 336 millones de pesos colombianos (casi US$ 80.400 al valor actual).<\/p>\n<p>Hern\u00e1ndez ha dicho reiteradas veces que nunca se ha robado &#171;un peso&#187; y en una audiencia de 2021 no acept\u00f3 cargos como falsedad ideol\u00f3gica, contrato sin cumplimiento de requisitos legales e inter\u00e9s indebido en la celebraci\u00f3n de contratos, seg\u00fan la Fiscal\u00eda.<\/p>\n<p>Sus esc\u00e1ndalos con las autoridades tambi\u00e9n le valieron m\u00faltiples sanciones disciplinarias por parte de la Procuradur\u00eda. Seg\u00fan reportes, para 2019 Hern\u00e1ndez ten\u00eda abiertas 34 investigaciones disciplinarias en el organismo. CNN se comunic\u00f3 con esa entidad para solicitar informaci\u00f3n sobre esto, pero no ha recibido respuesta. Ese a\u00f1o, alegando persecuci\u00f3n pol\u00edtica y cuando la procuradur\u00eda lo sancion\u00f3 por presunta participaci\u00f3n indebida en pol\u00edtica, renunci\u00f3 a su cargo como alcalde de Bucaramanga.<\/p>\n<p>2019: las venezolanas son una &#8216;f\u00e1brica de hacer chinitos pobres&#8217;<\/p>\n<p>De todas sus declaraciones que generaron pol\u00e9mica y rechazo por parte de amplios sectores de la poblaci\u00f3n, una de las m\u00e1s recordadas la hizo en 2019, cuando durante una entrevista con Blu Radio dijo que las venezolanas eran &#171;una f\u00e1brica de hacer chinitos (ni\u00f1os) pobres&#187;.<\/p>\n<p>Hern\u00e1ndez estaba hablando sobre la atenci\u00f3n a las mujeres que llegaban embarazadas desde el pa\u00eds vecino y declar\u00f3: &#171;Mujeres embarazadas las atendemos antes del parto, parto y posparto en el ISABU (Instituto de Salud de Bucaramanga), hasta ah\u00ed llegamos. No podemos hacer nada. Con plata de la alcald\u00eda de todos nosotros, sin cobrar nada m\u00e1s estamos atendiendo. Y los partos que han tenido son como 400 al a\u00f1o, una f\u00e1brica de hacer chinitos pobres&#187;.<\/p>\n<p>Luego, seg\u00fan consiga El Tiempo, afirm\u00f3 en una transmisi\u00f3n de Facebook Live que las iba a seguir admitiendo con &#171;amor&#187; y &#171;cari\u00f1o&#187; pero que les aconsejaban evitar &#171;todos esos partos que los pueden evitar a trav\u00e9s de las metodolog\u00eda que hay&#187; porque son &#171;ni\u00f1os que no van a tener ninguna esperanza de progreso&#187; y &#171;eso es cierto&#187;.<\/p>\n<p>Sus declaraciones generaron fuertes cr\u00edticas, inclusive del exprocurador Fernando Carrillo, quien dijo que &#171;el machismo, la xenofobia y la aporofobia son malos consejeros de personajes p\u00fablicos que deben dar buen ejemplo&#187; y calific\u00f3 los dichos de Hern\u00e1ndez como un &#171;burdo ataque&#187;.<\/p>\n<p>Sin embargo, sus ataques a los venezolanos que llegaban en medio de una de las mayores crisis migratorias no eran nuevos: en 2017 ya hab\u00eda dicho que quienes llegaban a Bucaramanga eran &#171;los limosneros, la prostituci\u00f3n y los desocupados&#187; pero que &#171;tocaba&#187; recibirlos. &#171;Aqu\u00ed no los podemos matar ni echarles plomo, toca recibirlos as\u00ed como Venezuela recibi\u00f3 a m\u00e1s de cuatro millones de colombianos que se iban de aqu\u00ed porque no ten\u00edan oportunidades de trabajo y se fueron para all\u00e1 y all\u00e1 les fue bien&#187;.<\/p>\n<p>El programa de Hern\u00e1ndez afirmaba que hab\u00eda que dise\u00f1ar una pol\u00edtica migratoria solidaria &#171;preservando los intereses y necesidades de los colombianos&#187;, as\u00ed como restablecer las relaciones diplom\u00e1ticas y consulares con Venezuela. Y una vez esto sucediera, que se concerte un programa para que sea el gobierno de Venezuela el que &#171;financie la sostenibilidad de su poblaci\u00f3n radicada en Colombia&#187;.<\/p>\n<p>Rodolfo Hern\u00e1ndez ha sido una sorpresa en la contienda presidencial y esto propone 5:37<\/p>\n<p>2018: un golpe frente a las c\u00e1maras<\/p>\n<p>En noviembre de 2018, el entonces alcalde de Bucaramanga acus\u00f3 a un concejal opositor, Jhon Claro, de no dejarlo hablar y de tener una &#171;dictadura&#187;. Le dijo &#171;sinverg\u00fcenza&#187; y lo acus\u00f3 de estar aliado con corruptos. En ese intercambio de palabras, Hern\u00e1ndez se levant\u00f3 de la silla y le dio un golpe en la cabeza y adem\u00e1s descarg\u00f3 una andanada de improperios que iban desde calificativos hasta vulgaridades.<\/p>\n<p>Fue &#171;un error humano provocado&#187;, se excus\u00f3, cuando la Procuradur\u00eda lo suspendi\u00f3 por tres meses y un juez, en segunda instancia, lo oblig\u00f3 a pagar una multa de unos 95 millones de pesos (unos US$ 22.700 a la cotizaci\u00f3n actual) que \u00e9l pidi\u00f3 pagar en 190 cuotas, reportaron medios locales.<\/p>\n<p>En el video del episodio puede verse c\u00f3mo incluso interviene un polic\u00eda para mantener la distancia entre ambos despu\u00e9s del golpe.<\/p>\n<p>2016: cuando se proclam\u00f3 seguidor de Adolf Hitler<\/p>\n<p>&#171;Yo soy seguidor de un gran pensador alem\u00e1n. Se llama Adolf Hitler&#187;, dijo en una entrevista con la cadena radial RCN en el a\u00f1o 2016, cuando era alcalde de Bucaramanga. Y cit\u00f3 lo que afirm\u00f3 que era una recomendaci\u00f3n de tal pensador: &#171;No pretenda que las cosas cambien si hacemos siempre lo mismo&#187;.<\/p>\n<p>A\u00f1os despu\u00e9s, en 2021, cuando ya echaba a andar su carrera a la presidencia, Hern\u00e1ndez pidi\u00f3 disculpas y dijo que hab\u00eda tenido un lapsus: &#171;Frente a lo de Hitler pido mil disculpas, cualquiera tiene un lapsus y me equivoqu\u00e9. La frase no era de \u00e9l, era de Einstein. Pido mil disculpas a la comunidad jud\u00eda y a todo el pueblo colombiano&#187;.<\/p>\n<p>Este informe ha sido actualizado con informaci\u00f3n adicional.<\/p>\n<p>The-CNN-Wire<br \/>&trade; &amp; &copy; 2024 Cable News Network, Inc., a Warner Bros. Discovery Company. All rights reserved.<\/p>\n","protected":false},"excerpt":{"rendered":"<p>(CNN Espa\u00f1ol) &#8212; Una palabra podr\u00eda resumir la trayectoria pol\u00edtica de Rodolfo Hern\u00e1ndez, quien compiti\u00f3 por la presidencia de Colombia contra Gustavo Petro en 2022: pol\u00e9mica. Hern\u00e1ndez fue un empresario devenido en pol\u00edtico que salt\u00f3 a la fama con un discurso anticorrupci\u00f3n, y se hab\u00eda impuesto como rival de Petro para la segunda vuelta por [&hellip;]<\/p>\n","protected":false},"author":0,"featured_media":0,"comment_status":"open","ping_status":"open","sticky":false,"template":"","format":"standard","meta":{"_jetpack_memberships_contains_paid_content":false,"footnotes":""},"categories":[10],"tags":[],"class_list":["post-1452353","post","type-post","status-publish","format-standard","hentry","category-noticias-nacionales","market-global"],"yoast_head":"<!-- This site is optimized with the Yoast SEO plugin v24.4 - https:\/\/yoast.com\/wordpress\/plugins\/seo\/ -->\n<title>Las 5 pol\u00e9micas en las que estuvo involucrado Rodolfo Hern\u00e1ndez, excandidato presidencial de Colombia - Noticias<\/title>\n<meta name=\"robots\" content=\"index, follow, max-snippet:-1, max-image-preview:large, max-video-preview:-1\" \/>\n<link rel=\"canonical\" href=\"https:\/\/noticiasya.com\/2024\/09\/02\/polemicas-rodolfo-hernandez-colombia-muere-orix\/\" \/>\n<meta property=\"og:locale\" content=\"es_ES\" \/>\n<meta property=\"og:type\" content=\"article\" \/>\n<meta property=\"og:title\" content=\"Las 5 pol\u00e9micas en las que estuvo involucrado Rodolfo Hern\u00e1ndez, excandidato presidencial de Colombia - Noticias\" \/>\n<meta property=\"og:description\" content=\"(CNN Espa\u00f1ol) &#8212; Una palabra podr\u00eda resumir la trayectoria pol\u00edtica de Rodolfo Hern\u00e1ndez, quien compiti\u00f3 por la presidencia de Colombia contra Gustavo Petro en 2022: pol\u00e9mica. Hern\u00e1ndez fue un empresario devenido en pol\u00edtico que salt\u00f3 a la fama con un discurso anticorrupci\u00f3n, y se hab\u00eda impuesto como rival de Petro para la segunda vuelta por [&hellip;]\" \/>\n<meta property=\"og:url\" content=\"https:\/\/noticiasya.com\/2024\/09\/02\/polemicas-rodolfo-hernandez-colombia-muere-orix\/\" \/>\n<meta property=\"og:site_name\" content=\"Noticias\" \/>\n<meta property=\"article:published_time\" content=\"2024-09-02T20:03:43+00:00\" \/>\n<meta name=\"twitter:card\" content=\"summary_large_image\" \/>\n<meta name=\"twitter:label1\" content=\"Est. reading time\" \/>\n\t<meta name=\"twitter:data1\" content=\"7 minutos\" \/>\n<script type=\"application\/ld+json\" class=\"yoast-schema-graph\">{\"@context\":\"https:\/\/schema.org\",\"@graph\":[{\"@type\":\"Article\",\"@id\":\"https:\/\/noticiasya.com\/2024\/09\/02\/polemicas-rodolfo-hernandez-colombia-muere-orix\/#article\",\"isPartOf\":{\"@id\":\"https:\/\/noticiasya.com\/2024\/09\/02\/polemicas-rodolfo-hernandez-colombia-muere-orix\/\"},\"author\":{\"name\":\"\",\"@id\":\"\"},\"headline\":\"Las 5 pol\u00e9micas en las que estuvo involucrado Rodolfo Hern\u00e1ndez, excandidato presidencial de Colombia\",\"datePublished\":\"2024-09-02T20:03:43+00:00\",\"mainEntityOfPage\":{\"@id\":\"https:\/\/noticiasya.com\/2024\/09\/02\/polemicas-rodolfo-hernandez-colombia-muere-orix\/\"},\"wordCount\":1443,\"commentCount\":0,\"publisher\":{\"@id\":\"https:\/\/noticiasya.com\/#organization\"},\"articleSection\":[\"Noticias Nacionales\"],\"inLanguage\":\"es\",\"potentialAction\":[{\"@type\":\"CommentAction\",\"name\":\"Comment\",\"target\":[\"https:\/\/noticiasya.com\/2024\/09\/02\/polemicas-rodolfo-hernandez-colombia-muere-orix\/#respond\"]}]},{\"@type\":\"WebPage\",\"@id\":\"https:\/\/noticiasya.com\/2024\/09\/02\/polemicas-rodolfo-hernandez-colombia-muere-orix\/\",\"url\":\"https:\/\/noticiasya.com\/2024\/09\/02\/polemicas-rodolfo-hernandez-colombia-muere-orix\/\",\"name\":\"Las 5 pol\u00e9micas en las que estuvo involucrado Rodolfo Hern\u00e1ndez, excandidato presidencial de Colombia - Noticias\",\"isPartOf\":{\"@id\":\"https:\/\/noticiasya.com\/#website\"},\"datePublished\":\"2024-09-02T20:03:43+00:00\",\"breadcrumb\":{\"@id\":\"https:\/\/noticiasya.com\/2024\/09\/02\/polemicas-rodolfo-hernandez-colombia-muere-orix\/#breadcrumb\"},\"inLanguage\":\"es\",\"potentialAction\":[{\"@type\":\"ReadAction\",\"target\":[\"https:\/\/noticiasya.com\/2024\/09\/02\/polemicas-rodolfo-hernandez-colombia-muere-orix\/\"]}]},{\"@type\":\"BreadcrumbList\",\"@id\":\"https:\/\/noticiasya.com\/2024\/09\/02\/polemicas-rodolfo-hernandez-colombia-muere-orix\/#breadcrumb\",\"itemListElement\":[{\"@type\":\"ListItem\",\"position\":1,\"name\":\"Home\",\"item\":\"https:\/\/noticiasya.com\/\"},{\"@type\":\"ListItem\",\"position\":2,\"name\":\"Las 5 pol\u00e9micas en las que estuvo involucrado Rodolfo Hern\u00e1ndez, excandidato presidencial de Colombia\"}]},{\"@type\":\"WebSite\",\"@id\":\"https:\/\/noticiasya.com\/#website\",\"url\":\"https:\/\/noticiasya.com\/\",\"name\":\"Noticias\",\"description\":\"Lo que importa\",\"publisher\":{\"@id\":\"https:\/\/noticiasya.com\/#organization\"},\"potentialAction\":[{\"@type\":\"SearchAction\",\"target\":{\"@type\":\"EntryPoint\",\"urlTemplate\":\"https:\/\/noticiasya.com\/?s={search_term_string}\"},\"query-input\":{\"@type\":\"PropertyValueSpecification\",\"valueRequired\":true,\"valueName\":\"search_term_string\"}}],\"inLanguage\":\"es\"},{\"@type\":\"Organization\",\"@id\":\"https:\/\/noticiasya.com\/#organization\",\"name\":\"Noticias\",\"url\":\"https:\/\/noticiasya.com\/\",\"logo\":{\"@type\":\"ImageObject\",\"inLanguage\":\"es\",\"@id\":\"https:\/\/noticiasya.com\/#\/schema\/logo\/image\/\",\"url\":\"https:\/\/noticiasya.com\/wp-content\/uploads\/sites\/22\/2023\/12\/logo-nacional.png\",\"contentUrl\":\"https:\/\/noticiasya.com\/wp-content\/uploads\/sites\/22\/2023\/12\/logo-nacional.png\",\"width\":1801,\"height\":691,\"caption\":\"Noticias\"},\"image\":{\"@id\":\"https:\/\/noticiasya.com\/#\/schema\/logo\/image\/\"}}]}<\/script>\n<!-- \/ Yoast SEO plugin. -->","yoast_head_json":{"title":"Las 5 pol\u00e9micas en las que estuvo involucrado Rodolfo Hern\u00e1ndez, excandidato presidencial de Colombia - Noticias","robots":{"index":"index","follow":"follow","max-snippet":"max-snippet:-1","max-image-preview":"max-image-preview:large","max-video-preview":"max-video-preview:-1"},"canonical":"https:\/\/noticiasya.com\/2024\/09\/02\/polemicas-rodolfo-hernandez-colombia-muere-orix\/","og_locale":"es_ES","og_type":"article","og_title":"Las 5 pol\u00e9micas en las que estuvo involucrado Rodolfo Hern\u00e1ndez, excandidato presidencial de Colombia - Noticias","og_description":"(CNN Espa\u00f1ol) &#8212; Una palabra podr\u00eda resumir la trayectoria pol\u00edtica de Rodolfo Hern\u00e1ndez, quien compiti\u00f3 por la presidencia de Colombia contra Gustavo Petro en 2022: pol\u00e9mica. Hern\u00e1ndez fue un empresario devenido en pol\u00edtico que salt\u00f3 a la fama con un discurso anticorrupci\u00f3n, y se hab\u00eda impuesto como rival de Petro para la segunda vuelta por [&hellip;]","og_url":"https:\/\/noticiasya.com\/2024\/09\/02\/polemicas-rodolfo-hernandez-colombia-muere-orix\/","og_site_name":"Noticias","article_published_time":"2024-09-02T20:03:43+00:00","twitter_card":"summary_large_image","twitter_misc":{"Est. reading time":"7 minutos"},"schema":{"@context":"https:\/\/schema.org","@graph":[{"@type":"Article","@id":"https:\/\/noticiasya.com\/2024\/09\/02\/polemicas-rodolfo-hernandez-colombia-muere-orix\/#article","isPartOf":{"@id":"https:\/\/noticiasya.com\/2024\/09\/02\/polemicas-rodolfo-hernandez-colombia-muere-orix\/"},"author":{"name":"","@id":""},"headline":"Las 5 pol\u00e9micas en las que estuvo involucrado Rodolfo Hern\u00e1ndez, excandidato presidencial de Colombia","datePublished":"2024-09-02T20:03:43+00:00","mainEntityOfPage":{"@id":"https:\/\/noticiasya.com\/2024\/09\/02\/polemicas-rodolfo-hernandez-colombia-muere-orix\/"},"wordCount":1443,"commentCount":0,"publisher":{"@id":"https:\/\/noticiasya.com\/#organization"},"articleSection":["Noticias Nacionales"],"inLanguage":"es","potentialAction":[{"@type":"CommentAction","name":"Comment","target":["https:\/\/noticiasya.com\/2024\/09\/02\/polemicas-rodolfo-hernandez-colombia-muere-orix\/#respond"]}]},{"@type":"WebPage","@id":"https:\/\/noticiasya.com\/2024\/09\/02\/polemicas-rodolfo-hernandez-colombia-muere-orix\/","url":"https:\/\/noticiasya.com\/2024\/09\/02\/polemicas-rodolfo-hernandez-colombia-muere-orix\/","name":"Las 5 pol\u00e9micas en las que estuvo involucrado Rodolfo Hern\u00e1ndez, excandidato presidencial de Colombia - Noticias","isPartOf":{"@id":"https:\/\/noticiasya.com\/#website"},"datePublished":"2024-09-02T20:03:43+00:00","breadcrumb":{"@id":"https:\/\/noticiasya.com\/2024\/09\/02\/polemicas-rodolfo-hernandez-colombia-muere-orix\/#breadcrumb"},"inLanguage":"es","potentialAction":[{"@type":"ReadAction","target":["https:\/\/noticiasya.com\/2024\/09\/02\/polemicas-rodolfo-hernandez-colombia-muere-orix\/"]}]},{"@type":"BreadcrumbList","@id":"https:\/\/noticiasya.com\/2024\/09\/02\/polemicas-rodolfo-hernandez-colombia-muere-orix\/#breadcrumb","itemListElement":[{"@type":"ListItem","position":1,"name":"Home","item":"https:\/\/noticiasya.com\/"},{"@type":"ListItem","position":2,"name":"Las 5 pol\u00e9micas en las que estuvo involucrado Rodolfo Hern\u00e1ndez, excandidato presidencial de Colombia"}]},{"@type":"WebSite","@id":"https:\/\/noticiasya.com\/#website","url":"https:\/\/noticiasya.com\/","name":"Noticias","description":"Lo que importa","publisher":{"@id":"https:\/\/noticiasya.com\/#organization"},"potentialAction":[{"@type":"SearchAction","target":{"@type":"EntryPoint","urlTemplate":"https:\/\/noticiasya.com\/?s={search_term_string}"},"query-input":{"@type":"PropertyValueSpecification","valueRequired":true,"valueName":"search_term_string"}}],"inLanguage":"es"},{"@type":"Organization","@id":"https:\/\/noticiasya.com\/#organization","name":"Noticias","url":"https:\/\/noticiasya.com\/","logo":{"@type":"ImageObject","inLanguage":"es","@id":"https:\/\/noticiasya.com\/#\/schema\/logo\/image\/","url":"https:\/\/noticiasya.com\/wp-content\/uploads\/sites\/22\/2023\/12\/logo-nacional.png","contentUrl":"https:\/\/noticiasya.com\/wp-content\/uploads\/sites\/22\/2023\/12\/logo-nacional.png","width":1801,"height":691,"caption":"Noticias"},"image":{"@id":"https:\/\/noticiasya.com\/#\/schema\/logo\/image\/"}}]}},"parsely":{"version":"1.1.0","canonical_url":"https:\/\/noticiasya.com\/midland-odessa\/2024\/09\/02\/polemicas-rodolfo-hernandez-colombia-muere-orix\/","smart_links":{"inbound":0,"outbound":0},"traffic_boost_suggestions_count":0,"meta":{"@context":"https:\/\/schema.org","@type":"NewsArticle","headline":"Las 5 pol\u00e9micas en las que estuvo involucrado Rodolfo Hern\u00e1ndez, excandidato presidencial de Colombia","url":"http:\/\/noticiasya.com\/midland-odessa\/2024\/09\/02\/polemicas-rodolfo-hernandez-colombia-muere-orix\/","mainEntityOfPage":{"@type":"WebPage","@id":"http:\/\/noticiasya.com\/midland-odessa\/2024\/09\/02\/polemicas-rodolfo-hernandez-colombia-muere-orix\/"},"thumbnailUrl":"","image":{"@type":"ImageObject","url":""},"articleSection":"Noticias Nacionales","author":[],"creator":[],"publisher":{"@type":"Organization","name":"Noticias","logo":""},"keywords":[],"dateCreated":"2024-09-02T20:03:43Z","datePublished":"2024-09-02T20:03:43Z","dateModified":"2024-09-02T20:03:43Z"},"rendered":"<script type=\"application\/ld+json\" class=\"wp-parsely-metadata\">{\"@context\":\"https:\\\/\\\/schema.org\",\"@type\":\"NewsArticle\",\"headline\":\"Las 5 pol\\u00e9micas en las que estuvo involucrado Rodolfo Hern\\u00e1ndez, excandidato presidencial de Colombia\",\"url\":\"http:\\\/\\\/noticiasya.com\\\/midland-odessa\\\/2024\\\/09\\\/02\\\/polemicas-rodolfo-hernandez-colombia-muere-orix\\\/\",\"mainEntityOfPage\":{\"@type\":\"WebPage\",\"@id\":\"http:\\\/\\\/noticiasya.com\\\/midland-odessa\\\/2024\\\/09\\\/02\\\/polemicas-rodolfo-hernandez-colombia-muere-orix\\\/\"},\"thumbnailUrl\":\"\",\"image\":{\"@type\":\"ImageObject\",\"url\":\"\"},\"articleSection\":\"Noticias Nacionales\",\"author\":[],\"creator\":[],\"publisher\":{\"@type\":\"Organization\",\"name\":\"Noticias\",\"logo\":\"\"},\"keywords\":[],\"dateCreated\":\"2024-09-02T20:03:43Z\",\"datePublished\":\"2024-09-02T20:03:43Z\",\"dateModified\":\"2024-09-02T20:03:43Z\"}<\/script>","tracker_url":"https:\/\/cdn.parsely.com\/keys\/noticiasya.com\/p.js"},"jetpack_featured_media_url":"","jetpack-related-posts":[{"id":1452362,"url":"https:\/\/noticiasya.com\/midland-odessa\/2024\/09\/02\/muere-excandidato-colombia-presidencial-rodolfo-hernandez-orix\/","url_meta":{"origin":1452353,"position":0},"title":"Muere el excandidato presidencial de Colombia Rodolfo Hern\u00e1ndez, rival de Gustavo Petro en las pasadas elecciones","author":"","date":"septiembre 2, 2024","format":false,"excerpt":"(CNN Espa\u00f1ol) -- El excandidato presidencial Rodolfo Hern\u00e1ndez muri\u00f3 este lunes en la ciudad colombiana de Bucaramanga debido a las complicaciones derivadas de un c\u00e1ncer de colon, de acuerdo con un comunicado del Hospital Internacional de Colombia.Hern\u00e1ndez, de 79 a\u00f1os, era ingeniero de profesi\u00f3n y estaba en cuidados intensivos desde\u2026","rel":"","context":"In &quot;Noticias Nacionales&quot;","block_context":{"text":"Noticias Nacionales","link":"https:\/\/noticiasya.com\/midland-odessa\/categoria\/noticias-nacionales"},"img":{"alt_text":"","src":"","width":0,"height":0},"classes":[]},{"id":1450336,"url":"https:\/\/noticiasya.com\/midland-odessa\/2024\/06\/13\/condenan-64-meses-prision-colombia-rodolfo-hernandez-orix\/","url_meta":{"origin":1452353,"position":1},"title":"Condenan a 64 meses de prisi\u00f3n al excandidato presidencial colombiano Rodolfo Hern\u00e1ndez","author":"","date":"junio 13, 2024","format":false,"excerpt":"(CNN Espa\u00f1ol) -- El juzgado d\u00e9cimo penal del circuito de Bucaramanga conden\u00f3 este jueves a 5 a\u00f1os y 4 meses de prisi\u00f3n al excandidato presidencial por el movimiento pol\u00edtico Liga de Gobernantes Anticorrupci\u00f3n, Rodolfo Hern\u00e1ndez, en el marco de una investigaci\u00f3n cuando se desempe\u00f1\u00f3 como alcalde de Bucaramanga en 2016.\u2026","rel":"","context":"In &quot;Noticias Nacionales&quot;","block_context":{"text":"Noticias Nacionales","link":"https:\/\/noticiasya.com\/midland-odessa\/categoria\/noticias-nacionales"},"img":{"alt_text":"","src":"","width":0,"height":0},"classes":[]},{"id":1472144,"url":"https:\/\/noticiasya.com\/midland-odessa\/2026\/03\/12\/trump-petro-llamada-energia-narcotrafico-trax\/","url_meta":{"origin":1452353,"position":2},"title":"Trump y Petro hablan por tel\u00e9fono sobre energ\u00eda, narcotr\u00e1fico y Venezuela","author":"","date":"marzo 12, 2026","format":false,"excerpt":"El presidente de Estados Unidos, Donald Trump, sostuvo una llamada telef\u00f3nica de casi media hora la tarde de este jueves con el presidente de Colombia, Gustavo Petro, seg\u00fan inform\u00f3 el asesor presidencial colombiano Andr\u00e9s Hern\u00e1ndez Ram\u00edrez.La conversaci\u00f3n se centr\u00f3 en la cooperaci\u00f3n energ\u00e9tica, los esfuerzos para combatir el narcotr\u00e1fico y\u2026","rel":"","context":"In &quot;Noticias Nacionales&quot;","block_context":{"text":"Noticias Nacionales","link":"https:\/\/noticiasya.com\/midland-odessa\/categoria\/noticias-nacionales"},"img":{"alt_text":"","src":"","width":0,"height":0},"classes":[]},{"id":1464193,"url":"https:\/\/noticiasya.com\/midland-odessa\/2025\/07\/03\/ee-uu-consultas-negocios-colombia-petro-responde-orix\/","url_meta":{"origin":1452353,"position":3},"title":"EE.UU. llama a consultas a su encargado de negocios en Colombia. Petro responde con la misma medida","author":"","date":"julio 3, 2025","format":false,"excerpt":"El Gobierno de Estados Unidos llam\u00f3 este jueves a consultas a su encargado de negocios en Colombia, John McNamara, en represalia por lo que consider\u00f3 \u201cdeclaraciones infundadas y reprobables de los m\u00e1s altos niveles del Gobierno de Colombia\u201d.El secretario de Estado de Estados Unidos, Marco Rubio, dijo en un comunicado\u2026","rel":"","context":"In &quot;Noticias Nacionales&quot;","block_context":{"text":"Noticias Nacionales","link":"https:\/\/noticiasya.com\/midland-odessa\/categoria\/noticias-nacionales"},"img":{"alt_text":"","src":"","width":0,"height":0},"classes":[]},{"id":1472338,"url":"https:\/\/noticiasya.com\/midland-odessa\/2026\/03\/19\/colombia-mexico-captura-alias-lobo-menor-asesinato-fernando-villavicencio-ecuador-orix\/","url_meta":{"origin":1452353,"position":4},"title":"C\u00f3mo M\u00e9xico y Colombia detuvieron a un pr\u00f3fugo por el crimen de Fernando Villavicencio, excandidato presidencial de Ecuador","author":"","date":"marzo 19, 2026","format":false,"excerpt":"Una operaci\u00f3n de seguridad conjunta entre M\u00e9xico y Colombia logr\u00f3 la captura en Ciudad de M\u00e9xico de \u00c1ngel Esteban Aguilar Morales, alias \u201cLobo Menor\u201d, procesado como uno de los presuntos autores intelectuales en el caso del asesinato del excandidato presidencial de Ecuador, Fernando Villavicencio, seg\u00fan se\u00f1alaron este mi\u00e9rcoles los gobiernos\u2026","rel":"","context":"In &quot;Noticias Nacionales&quot;","block_context":{"text":"Noticias Nacionales","link":"https:\/\/noticiasya.com\/midland-odessa\/categoria\/noticias-nacionales"},"img":{"alt_text":"","src":"","width":0,"height":0},"classes":[]},{"id":1467730,"url":"https:\/\/noticiasya.com\/midland-odessa\/2025\/10\/25\/razones-sanciones-petro-orix\/","url_meta":{"origin":1452353,"position":5},"title":"Las razones por las que el Departamento del Tesoro de EE.UU. sancion\u00f3 a Petro y a su familia en Colombia","author":"","date":"octubre 25, 2025","format":false,"excerpt":"La Oficina de Control de Activos Extranjeros (OFAC, por sus siglas en ingl\u00e9s) del Departamento del Tesoro de Estados Unidos sancion\u00f3 este viernes al presidente de Colombia Gustavo Petro por su presunto rol en el tr\u00e1fico il\u00edcito global de drogas, junto a su esposa, su hijo y el ministro del\u2026","rel":"","context":"In &quot;Noticias Nacionales&quot;","block_context":{"text":"Noticias Nacionales","link":"https:\/\/noticiasya.com\/midland-odessa\/categoria\/noticias-nacionales"},"img":{"alt_text":"","src":"","width":0,"height":0},"classes":[]}],"jetpack_sharing_enabled":true,"_links":{"self":[{"href":"https:\/\/noticiasya.com\/midland-odessa\/wp-json\/wp\/v2\/posts\/1452353","targetHints":{"allow":["GET"]}}],"collection":[{"href":"https:\/\/noticiasya.com\/midland-odessa\/wp-json\/wp\/v2\/posts"}],"about":[{"href":"https:\/\/noticiasya.com\/midland-odessa\/wp-json\/wp\/v2\/types\/post"}],"replies":[{"embeddable":true,"href":"https:\/\/noticiasya.com\/midland-odessa\/wp-json\/wp\/v2\/comments?post=1452353"}],"version-history":[{"count":0,"href":"https:\/\/noticiasya.com\/midland-odessa\/wp-json\/wp\/v2\/posts\/1452353\/revisions"}],"wp:attachment":[{"href":"https:\/\/noticiasya.com\/midland-odessa\/wp-json\/wp\/v2\/media?parent=1452353"}],"wp:term":[{"taxonomy":"category","embeddable":true,"href":"https:\/\/noticiasya.com\/midland-odessa\/wp-json\/wp\/v2\/categories?post=1452353"},{"taxonomy":"post_tag","embeddable":true,"href":"https:\/\/noticiasya.com\/midland-odessa\/wp-json\/wp\/v2\/tags?post=1452353"}],"curies":[{"name":"wp","href":"https:\/\/api.w.org\/{rel}","templated":true}]}}