{"id":1452491,"date":"2024-09-06T15:03:41","date_gmt":"2024-09-06T22:03:41","guid":{"rendered":"https:\/\/noticiasya.com\/2024\/09\/06\/sheinbaum-anuncia-secretarios-defensa-nacional-marina-mexico-orix\/"},"modified":"2024-09-06T15:03:41","modified_gmt":"2024-09-06T22:03:41","slug":"sheinbaum-anuncia-secretarios-defensa-nacional-marina-mexico-orix","status":"publish","type":"post","link":"https:\/\/noticiasya.com\/midland-odessa\/2024\/09\/06\/sheinbaum-anuncia-secretarios-defensa-nacional-marina-mexico-orix\/","title":{"rendered":"Claudia Sheinbaum anuncia a los nuevos secretarios para la Defensa Nacional y de Marina en M\u00e9xico"},"content":{"rendered":"<p>(CNN Espa\u00f1ol) &#8212; La presidenta electa de M\u00e9xico, Claudia Sheinbaum, inform\u00f3 este viernes en un comunicado los nombres de las personas que asumir\u00e1n el liderazgo de las secretar\u00edas de la Defensa Nacional y de Marina durante su Gobierno, que inicia el 1 de octubre.<\/p>\n<p>El nuevo secretario de la Defensa Nacional ser\u00e1 el general de divisi\u00f3n Ricardo Trevilla Trejo, mientras que el secretario de Marina ser\u00e1 el almirante Raymundo Pedro Morales \u00c1ngeles.<\/p>\n<p>Estos son los nuevos miembros del gabinete de Sheinbaum<\/p>\n<p>The-CNN-Wire<br \/>&trade; &amp; &copy; 2024 Cable News Network, Inc., a Warner Bros. Discovery Company. All rights reserved.<\/p>\n","protected":false},"excerpt":{"rendered":"<p>(CNN Espa\u00f1ol) &#8212; La presidenta electa de M\u00e9xico, Claudia Sheinbaum, inform\u00f3 este viernes en un comunicado los nombres de las personas que asumir\u00e1n el liderazgo de las secretar\u00edas de la Defensa Nacional y de Marina durante su Gobierno, que inicia el 1 de octubre. El nuevo secretario de la Defensa Nacional ser\u00e1 el general de [&hellip;]<\/p>\n","protected":false},"author":0,"featured_media":0,"comment_status":"open","ping_status":"open","sticky":false,"template":"","format":"standard","meta":{"_jetpack_memberships_contains_paid_content":false,"footnotes":""},"categories":[10],"tags":[],"class_list":["post-1452491","post","type-post","status-publish","format-standard","hentry","category-noticias-nacionales","market-global"],"yoast_head":"<!-- This site is optimized with the Yoast SEO plugin v24.4 - https:\/\/yoast.com\/wordpress\/plugins\/seo\/ -->\n<title>Claudia Sheinbaum anuncia a los nuevos secretarios para la Defensa Nacional y de Marina en M\u00e9xico - Noticias<\/title>\n<meta name=\"robots\" content=\"index, follow, max-snippet:-1, max-image-preview:large, max-video-preview:-1\" \/>\n<link rel=\"canonical\" href=\"https:\/\/noticiasya.com\/2024\/09\/06\/sheinbaum-anuncia-secretarios-defensa-nacional-marina-mexico-orix\/\" \/>\n<meta property=\"og:locale\" content=\"es_ES\" \/>\n<meta property=\"og:type\" content=\"article\" \/>\n<meta property=\"og:title\" content=\"Claudia Sheinbaum anuncia a los nuevos secretarios para la Defensa Nacional y de Marina en M\u00e9xico - Noticias\" \/>\n<meta property=\"og:description\" content=\"(CNN Espa\u00f1ol) &#8212; La presidenta electa de M\u00e9xico, Claudia Sheinbaum, inform\u00f3 este viernes en un comunicado los nombres de las personas que asumir\u00e1n el liderazgo de las secretar\u00edas de la Defensa Nacional y de Marina durante su Gobierno, que inicia el 1 de octubre. El nuevo secretario de la Defensa Nacional ser\u00e1 el general de [&hellip;]\" \/>\n<meta property=\"og:url\" content=\"https:\/\/noticiasya.com\/2024\/09\/06\/sheinbaum-anuncia-secretarios-defensa-nacional-marina-mexico-orix\/\" \/>\n<meta property=\"og:site_name\" content=\"Noticias\" \/>\n<meta property=\"article:published_time\" content=\"2024-09-06T22:03:41+00:00\" \/>\n<meta name=\"twitter:card\" content=\"summary_large_image\" \/>\n<meta name=\"twitter:label1\" content=\"Est. reading time\" \/>\n\t<meta name=\"twitter:data1\" content=\"1 minuto\" \/>\n<script type=\"application\/ld+json\" class=\"yoast-schema-graph\">{\"@context\":\"https:\/\/schema.org\",\"@graph\":[{\"@type\":\"Article\",\"@id\":\"https:\/\/noticiasya.com\/2024\/09\/06\/sheinbaum-anuncia-secretarios-defensa-nacional-marina-mexico-orix\/#article\",\"isPartOf\":{\"@id\":\"https:\/\/noticiasya.com\/2024\/09\/06\/sheinbaum-anuncia-secretarios-defensa-nacional-marina-mexico-orix\/\"},\"author\":{\"name\":\"\",\"@id\":\"\"},\"headline\":\"Claudia Sheinbaum anuncia a los nuevos secretarios para la Defensa Nacional y de Marina en M\u00e9xico\",\"datePublished\":\"2024-09-06T22:03:41+00:00\",\"mainEntityOfPage\":{\"@id\":\"https:\/\/noticiasya.com\/2024\/09\/06\/sheinbaum-anuncia-secretarios-defensa-nacional-marina-mexico-orix\/\"},\"wordCount\":118,\"commentCount\":0,\"publisher\":{\"@id\":\"https:\/\/noticiasya.com\/#organization\"},\"articleSection\":[\"Noticias Nacionales\"],\"inLanguage\":\"es\",\"potentialAction\":[{\"@type\":\"CommentAction\",\"name\":\"Comment\",\"target\":[\"https:\/\/noticiasya.com\/2024\/09\/06\/sheinbaum-anuncia-secretarios-defensa-nacional-marina-mexico-orix\/#respond\"]}]},{\"@type\":\"WebPage\",\"@id\":\"https:\/\/noticiasya.com\/2024\/09\/06\/sheinbaum-anuncia-secretarios-defensa-nacional-marina-mexico-orix\/\",\"url\":\"https:\/\/noticiasya.com\/2024\/09\/06\/sheinbaum-anuncia-secretarios-defensa-nacional-marina-mexico-orix\/\",\"name\":\"Claudia Sheinbaum anuncia a los nuevos secretarios para la Defensa Nacional y de Marina en M\u00e9xico - Noticias\",\"isPartOf\":{\"@id\":\"https:\/\/noticiasya.com\/#website\"},\"datePublished\":\"2024-09-06T22:03:41+00:00\",\"breadcrumb\":{\"@id\":\"https:\/\/noticiasya.com\/2024\/09\/06\/sheinbaum-anuncia-secretarios-defensa-nacional-marina-mexico-orix\/#breadcrumb\"},\"inLanguage\":\"es\",\"potentialAction\":[{\"@type\":\"ReadAction\",\"target\":[\"https:\/\/noticiasya.com\/2024\/09\/06\/sheinbaum-anuncia-secretarios-defensa-nacional-marina-mexico-orix\/\"]}]},{\"@type\":\"BreadcrumbList\",\"@id\":\"https:\/\/noticiasya.com\/2024\/09\/06\/sheinbaum-anuncia-secretarios-defensa-nacional-marina-mexico-orix\/#breadcrumb\",\"itemListElement\":[{\"@type\":\"ListItem\",\"position\":1,\"name\":\"Home\",\"item\":\"https:\/\/noticiasya.com\/\"},{\"@type\":\"ListItem\",\"position\":2,\"name\":\"Claudia Sheinbaum anuncia a los nuevos secretarios para la Defensa Nacional y de Marina en M\u00e9xico\"}]},{\"@type\":\"WebSite\",\"@id\":\"https:\/\/noticiasya.com\/#website\",\"url\":\"https:\/\/noticiasya.com\/\",\"name\":\"Noticias\",\"description\":\"Lo que importa\",\"publisher\":{\"@id\":\"https:\/\/noticiasya.com\/#organization\"},\"potentialAction\":[{\"@type\":\"SearchAction\",\"target\":{\"@type\":\"EntryPoint\",\"urlTemplate\":\"https:\/\/noticiasya.com\/?s={search_term_string}\"},\"query-input\":{\"@type\":\"PropertyValueSpecification\",\"valueRequired\":true,\"valueName\":\"search_term_string\"}}],\"inLanguage\":\"es\"},{\"@type\":\"Organization\",\"@id\":\"https:\/\/noticiasya.com\/#organization\",\"name\":\"Noticias\",\"url\":\"https:\/\/noticiasya.com\/\",\"logo\":{\"@type\":\"ImageObject\",\"inLanguage\":\"es\",\"@id\":\"https:\/\/noticiasya.com\/#\/schema\/logo\/image\/\",\"url\":\"https:\/\/noticiasya.com\/wp-content\/uploads\/sites\/22\/2023\/12\/logo-nacional.png\",\"contentUrl\":\"https:\/\/noticiasya.com\/wp-content\/uploads\/sites\/22\/2023\/12\/logo-nacional.png\",\"width\":1801,\"height\":691,\"caption\":\"Noticias\"},\"image\":{\"@id\":\"https:\/\/noticiasya.com\/#\/schema\/logo\/image\/\"}}]}<\/script>\n<!-- \/ Yoast SEO plugin. -->","yoast_head_json":{"title":"Claudia Sheinbaum anuncia a los nuevos secretarios para la Defensa Nacional y de Marina en M\u00e9xico - Noticias","robots":{"index":"index","follow":"follow","max-snippet":"max-snippet:-1","max-image-preview":"max-image-preview:large","max-video-preview":"max-video-preview:-1"},"canonical":"https:\/\/noticiasya.com\/2024\/09\/06\/sheinbaum-anuncia-secretarios-defensa-nacional-marina-mexico-orix\/","og_locale":"es_ES","og_type":"article","og_title":"Claudia Sheinbaum anuncia a los nuevos secretarios para la Defensa Nacional y de Marina en M\u00e9xico - Noticias","og_description":"(CNN Espa\u00f1ol) &#8212; La presidenta electa de M\u00e9xico, Claudia Sheinbaum, inform\u00f3 este viernes en un comunicado los nombres de las personas que asumir\u00e1n el liderazgo de las secretar\u00edas de la Defensa Nacional y de Marina durante su Gobierno, que inicia el 1 de octubre. El nuevo secretario de la Defensa Nacional ser\u00e1 el general de [&hellip;]","og_url":"https:\/\/noticiasya.com\/2024\/09\/06\/sheinbaum-anuncia-secretarios-defensa-nacional-marina-mexico-orix\/","og_site_name":"Noticias","article_published_time":"2024-09-06T22:03:41+00:00","twitter_card":"summary_large_image","twitter_misc":{"Est. reading time":"1 minuto"},"schema":{"@context":"https:\/\/schema.org","@graph":[{"@type":"Article","@id":"https:\/\/noticiasya.com\/2024\/09\/06\/sheinbaum-anuncia-secretarios-defensa-nacional-marina-mexico-orix\/#article","isPartOf":{"@id":"https:\/\/noticiasya.com\/2024\/09\/06\/sheinbaum-anuncia-secretarios-defensa-nacional-marina-mexico-orix\/"},"author":{"name":"","@id":""},"headline":"Claudia Sheinbaum anuncia a los nuevos secretarios para la Defensa Nacional y de Marina en M\u00e9xico","datePublished":"2024-09-06T22:03:41+00:00","mainEntityOfPage":{"@id":"https:\/\/noticiasya.com\/2024\/09\/06\/sheinbaum-anuncia-secretarios-defensa-nacional-marina-mexico-orix\/"},"wordCount":118,"commentCount":0,"publisher":{"@id":"https:\/\/noticiasya.com\/#organization"},"articleSection":["Noticias Nacionales"],"inLanguage":"es","potentialAction":[{"@type":"CommentAction","name":"Comment","target":["https:\/\/noticiasya.com\/2024\/09\/06\/sheinbaum-anuncia-secretarios-defensa-nacional-marina-mexico-orix\/#respond"]}]},{"@type":"WebPage","@id":"https:\/\/noticiasya.com\/2024\/09\/06\/sheinbaum-anuncia-secretarios-defensa-nacional-marina-mexico-orix\/","url":"https:\/\/noticiasya.com\/2024\/09\/06\/sheinbaum-anuncia-secretarios-defensa-nacional-marina-mexico-orix\/","name":"Claudia Sheinbaum anuncia a los nuevos secretarios para la Defensa Nacional y de Marina en M\u00e9xico - Noticias","isPartOf":{"@id":"https:\/\/noticiasya.com\/#website"},"datePublished":"2024-09-06T22:03:41+00:00","breadcrumb":{"@id":"https:\/\/noticiasya.com\/2024\/09\/06\/sheinbaum-anuncia-secretarios-defensa-nacional-marina-mexico-orix\/#breadcrumb"},"inLanguage":"es","potentialAction":[{"@type":"ReadAction","target":["https:\/\/noticiasya.com\/2024\/09\/06\/sheinbaum-anuncia-secretarios-defensa-nacional-marina-mexico-orix\/"]}]},{"@type":"BreadcrumbList","@id":"https:\/\/noticiasya.com\/2024\/09\/06\/sheinbaum-anuncia-secretarios-defensa-nacional-marina-mexico-orix\/#breadcrumb","itemListElement":[{"@type":"ListItem","position":1,"name":"Home","item":"https:\/\/noticiasya.com\/"},{"@type":"ListItem","position":2,"name":"Claudia Sheinbaum anuncia a los nuevos secretarios para la Defensa Nacional y de Marina en M\u00e9xico"}]},{"@type":"WebSite","@id":"https:\/\/noticiasya.com\/#website","url":"https:\/\/noticiasya.com\/","name":"Noticias","description":"Lo que importa","publisher":{"@id":"https:\/\/noticiasya.com\/#organization"},"potentialAction":[{"@type":"SearchAction","target":{"@type":"EntryPoint","urlTemplate":"https:\/\/noticiasya.com\/?s={search_term_string}"},"query-input":{"@type":"PropertyValueSpecification","valueRequired":true,"valueName":"search_term_string"}}],"inLanguage":"es"},{"@type":"Organization","@id":"https:\/\/noticiasya.com\/#organization","name":"Noticias","url":"https:\/\/noticiasya.com\/","logo":{"@type":"ImageObject","inLanguage":"es","@id":"https:\/\/noticiasya.com\/#\/schema\/logo\/image\/","url":"https:\/\/noticiasya.com\/wp-content\/uploads\/sites\/22\/2023\/12\/logo-nacional.png","contentUrl":"https:\/\/noticiasya.com\/wp-content\/uploads\/sites\/22\/2023\/12\/logo-nacional.png","width":1801,"height":691,"caption":"Noticias"},"image":{"@id":"https:\/\/noticiasya.com\/#\/schema\/logo\/image\/"}}]}},"parsely":{"version":"1.1.0","canonical_url":"https:\/\/noticiasya.com\/midland-odessa\/2024\/09\/06\/sheinbaum-anuncia-secretarios-defensa-nacional-marina-mexico-orix\/","smart_links":{"inbound":0,"outbound":0},"traffic_boost_suggestions_count":0,"meta":{"@context":"https:\/\/schema.org","@type":"NewsArticle","headline":"Claudia Sheinbaum anuncia a los nuevos secretarios para la Defensa Nacional y de Marina en M\u00e9xico","url":"http:\/\/noticiasya.com\/midland-odessa\/2024\/09\/06\/sheinbaum-anuncia-secretarios-defensa-nacional-marina-mexico-orix\/","mainEntityOfPage":{"@type":"WebPage","@id":"http:\/\/noticiasya.com\/midland-odessa\/2024\/09\/06\/sheinbaum-anuncia-secretarios-defensa-nacional-marina-mexico-orix\/"},"thumbnailUrl":"","image":{"@type":"ImageObject","url":""},"articleSection":"Noticias Nacionales","author":[],"creator":[],"publisher":{"@type":"Organization","name":"Noticias","logo":""},"keywords":[],"dateCreated":"2024-09-06T22:03:41Z","datePublished":"2024-09-06T22:03:41Z","dateModified":"2024-09-06T22:03:41Z"},"rendered":"<script type=\"application\/ld+json\" class=\"wp-parsely-metadata\">{\"@context\":\"https:\\\/\\\/schema.org\",\"@type\":\"NewsArticle\",\"headline\":\"Claudia Sheinbaum anuncia a los nuevos secretarios para la Defensa Nacional y de Marina en M\\u00e9xico\",\"url\":\"http:\\\/\\\/noticiasya.com\\\/midland-odessa\\\/2024\\\/09\\\/06\\\/sheinbaum-anuncia-secretarios-defensa-nacional-marina-mexico-orix\\\/\",\"mainEntityOfPage\":{\"@type\":\"WebPage\",\"@id\":\"http:\\\/\\\/noticiasya.com\\\/midland-odessa\\\/2024\\\/09\\\/06\\\/sheinbaum-anuncia-secretarios-defensa-nacional-marina-mexico-orix\\\/\"},\"thumbnailUrl\":\"\",\"image\":{\"@type\":\"ImageObject\",\"url\":\"\"},\"articleSection\":\"Noticias Nacionales\",\"author\":[],\"creator\":[],\"publisher\":{\"@type\":\"Organization\",\"name\":\"Noticias\",\"logo\":\"\"},\"keywords\":[],\"dateCreated\":\"2024-09-06T22:03:41Z\",\"datePublished\":\"2024-09-06T22:03:41Z\",\"dateModified\":\"2024-09-06T22:03:41Z\"}<\/script>","tracker_url":"https:\/\/cdn.parsely.com\/keys\/noticiasya.com\/p.js"},"jetpack_featured_media_url":"","jetpack-related-posts":[{"id":1450742,"url":"https:\/\/noticiasya.com\/midland-odessa\/2024\/06\/27\/gabinete-sheinbaum-anuncio-orix\/","url_meta":{"origin":1452491,"position":0},"title":"Claudia Sheinbaum anunci\u00f3 m\u00e1s miembros de su futuro gabinete en M\u00e9xico","author":"","date":"junio 27, 2024","format":false,"excerpt":"(CNN Espa\u00f1ol) -- Claudia Sheinbaum, ganadora de la elecci\u00f3n presidencial de M\u00e9xico, anunci\u00f3 este jueves los nombres de m\u00e1s integrantes de su futuro gabinete con lo que, hasta el momento, se conocen 12 de los titulares de dependencias que trabajar\u00e1n a su lado para la transici\u00f3n con el gobierno del\u2026","rel":"","context":"In &quot;Noticias Nacionales&quot;","block_context":{"text":"Noticias Nacionales","link":"https:\/\/noticiasya.com\/midland-odessa\/categoria\/noticias-nacionales"},"img":{"alt_text":"","src":"","width":0,"height":0},"classes":[]},{"id":1451039,"url":"https:\/\/noticiasya.com\/midland-odessa\/2024\/07\/11\/claudia-sheinbaum-gabinete-nuevo-miembro-mexico-orix\/","url_meta":{"origin":1452491,"position":1},"title":"Claudia Sheinbaum anuncia un nuevo miembro para su gabinete","author":"","date":"julio 11, 2024","format":false,"excerpt":"(CNN Espa\u00f1ol) -- La ganadora de las \u00faltimas elecciones presidenciales de M\u00e9xico, Claudia Sheinbaum, anuncia este jueves un nuevo miembro designado para lo que ser\u00e1 su gabinete cuando asuma el cargo.Este es el cuarto anuncio oficial que hace Sheinbaum respecto a qui\u00e9nes la acompa\u00f1ar\u00e1n en su gesti\u00f3n. Hasta el momento,\u2026","rel":"","context":"In &quot;Noticias Nacionales&quot;","block_context":{"text":"Noticias Nacionales","link":"https:\/\/noticiasya.com\/midland-odessa\/categoria\/noticias-nacionales"},"img":{"alt_text":"","src":"","width":0,"height":0},"classes":[]},{"id":1452614,"url":"https:\/\/noticiasya.com\/midland-odessa\/2024\/09\/12\/quien-es-raymundo-pedro-morales-angeles-marina-mexico-orix\/","url_meta":{"origin":1452491,"position":2},"title":"Qui\u00e9n es Raymundo Pedro Morales \u00c1ngeles, el pr\u00f3ximo titular de la Marina de M\u00e9xico","author":"","date":"septiembre 12, 2024","format":false,"excerpt":"(CNN Espa\u00f1ol) -- El vicealmirante Raymundo Pedro Morales \u00c1ngeles ser\u00e1 el pr\u00f3ximo titular de la Secretar\u00eda de Marina (Semar). La presidenta electa de M\u00e9xico, Claudia Sheinbaum, hizo el nombramiento el pasado 6 de septiembre a trav\u00e9s de un comunicado en el que destac\u00f3 su trayectoria.El cargo m\u00e1s reciente de Morales\u2026","rel":"","context":"In &quot;Noticias Nacionales&quot;","block_context":{"text":"Noticias Nacionales","link":"https:\/\/noticiasya.com\/midland-odessa\/categoria\/noticias-nacionales"},"img":{"alt_text":"","src":"","width":0,"height":0},"classes":[]},{"id":1467877,"url":"https:\/\/noticiasya.com\/midland-odessa\/2025\/10\/30\/mexico-coordinacion-maritima-ee-uu-sobreviviente-orix\/","url_meta":{"origin":1452491,"position":3},"title":"M\u00e9xico busca coordinaci\u00f3n mar\u00edtima con EE.UU. y no hay novedades del sobreviviente, dice Sheinbaum tras el ataque del lunes","author":"","date":"octubre 30, 2025","format":false,"excerpt":"La presidenta de M\u00e9xico, Claudia Sheinbaum, dijo que su Gobierno busca mantener la coordinaci\u00f3n con Estados Unidos en materia mar\u00edtima, tras el ataque a una embarcaci\u00f3n presuntamente cargada con droga en aguas internacionales ocurrido este lunes. Sheinbaum dijo que a\u00fan no hay novedades sobre el presunto sobreviviente al ataque y\u2026","rel":"","context":"In &quot;Noticias Nacionales&quot;","block_context":{"text":"Noticias Nacionales","link":"https:\/\/noticiasya.com\/midland-odessa\/categoria\/noticias-nacionales"},"img":{"alt_text":"","src":"","width":0,"height":0},"classes":[]},{"id":1451046,"url":"https:\/\/noticiasya.com\/midland-odessa\/2024\/07\/11\/lazaro-cardenas-batel-jefe-oficina-presidencia-mexico-sheinbaum-orix\/","url_meta":{"origin":1452491,"position":4},"title":"Qui\u00e9n es L\u00e1zaro C\u00e1rdenas Batel, futuro jefe de la Oficina de Presidencia de M\u00e9xico","author":"","date":"julio 11, 2024","format":false,"excerpt":"(CNN Espa\u00f1ol) --\u00a0 L\u00e1zaro C\u00e1rdenas Batel ser\u00e1 jefe de la Oficina de Presidencia de Claudia Sheinbaum, seg\u00fan lo anunci\u00f3 este jueves la ganadora de la elecci\u00f3n presidencial de M\u00e9xico.\u00bfQui\u00e9n es Lazaro C\u00e1rdenas?L\u00e1zaro C\u00e1rdenas Batel naci\u00f3 el 2 de abril de 1964 en Jiquilpan, Michoac\u00e1n. Estudi\u00f3 antropolog\u00eda en la Escuela Nacional\u2026","rel":"","context":"In &quot;Noticias Nacionales&quot;","block_context":{"text":"Noticias Nacionales","link":"https:\/\/noticiasya.com\/midland-odessa\/categoria\/noticias-nacionales"},"img":{"alt_text":"","src":"","width":0,"height":0},"classes":[]},{"id":1451555,"url":"https:\/\/noticiasya.com\/midland-odessa\/2024\/08\/01\/claudia-sheinbaum-coordnadores-gobierno-intergubernamentales-bienestar-orix\/","url_meta":{"origin":1452491,"position":5},"title":"Claudia Sheinbaum anunci\u00f3 a Arturo Zald\u00edvar y Leticia Ram\u00edrez como nuevos miembros de su gabinete","author":"","date":"agosto 1, 2024","format":false,"excerpt":"(CNN Espa\u00f1ol) -- La pr\u00f3xima presidenta de M\u00e9xico, Claudia\u00a0Sheinbaum, anunci\u00f3 este jueves a\u00a0otros dos integrantes de su\u00a0gabinete\u00a0ampliado.El ministro en retiro y\u00a0expresidente de la Suprema Corte de Justicia de la Naci\u00f3n, Arturo\u00a0Zald\u00edvar, ser\u00e1 el coordinador de Pol\u00edtica y\u00a0Gobierno. Sheinbaum\u00a0dijo que ayudar\u00e1 a\u00a0dar seguimiento a\u00a0las reformas constitucionales en tr\u00e1mite en el Congreso,\u2026","rel":"","context":"In &quot;Noticias Nacionales&quot;","block_context":{"text":"Noticias Nacionales","link":"https:\/\/noticiasya.com\/midland-odessa\/categoria\/noticias-nacionales"},"img":{"alt_text":"","src":"","width":0,"height":0},"classes":[]}],"jetpack_sharing_enabled":true,"_links":{"self":[{"href":"https:\/\/noticiasya.com\/midland-odessa\/wp-json\/wp\/v2\/posts\/1452491","targetHints":{"allow":["GET"]}}],"collection":[{"href":"https:\/\/noticiasya.com\/midland-odessa\/wp-json\/wp\/v2\/posts"}],"about":[{"href":"https:\/\/noticiasya.com\/midland-odessa\/wp-json\/wp\/v2\/types\/post"}],"replies":[{"embeddable":true,"href":"https:\/\/noticiasya.com\/midland-odessa\/wp-json\/wp\/v2\/comments?post=1452491"}],"version-history":[{"count":0,"href":"https:\/\/noticiasya.com\/midland-odessa\/wp-json\/wp\/v2\/posts\/1452491\/revisions"}],"wp:attachment":[{"href":"https:\/\/noticiasya.com\/midland-odessa\/wp-json\/wp\/v2\/media?parent=1452491"}],"wp:term":[{"taxonomy":"category","embeddable":true,"href":"https:\/\/noticiasya.com\/midland-odessa\/wp-json\/wp\/v2\/categories?post=1452491"},{"taxonomy":"post_tag","embeddable":true,"href":"https:\/\/noticiasya.com\/midland-odessa\/wp-json\/wp\/v2\/tags?post=1452491"}],"curies":[{"name":"wp","href":"https:\/\/api.w.org\/{rel}","templated":true}]}}