{"id":1452577,"date":"2024-09-10T06:03:49","date_gmt":"2024-09-10T13:03:49","guid":{"rendered":"https:\/\/noticiasya.com\/2024\/09\/10\/menores-detenidos-venezuela-protestas-orix\/"},"modified":"2024-09-10T06:03:49","modified_gmt":"2024-09-10T13:03:49","slug":"menores-detenidos-venezuela-protestas-orix","status":"publish","type":"post","link":"https:\/\/noticiasya.com\/midland-odessa\/2024\/09\/10\/menores-detenidos-venezuela-protestas-orix\/","title":{"rendered":"\u00bfCu\u00e1ntos menores siguen presos tras las protestas postelectorales en Venezuela?"},"content":{"rendered":"<p>(CNN Espa\u00f1ol) &#8212; Al menos 58 menores de entre 14 y 17 a\u00f1os siguen detenidos en Venezuela desde el 29 de julio pasado, seg\u00fan datos de la organizaci\u00f3n no gubernamental de derechos humanos Foro Penal.<\/p>\n<p>Las detenciones se dieron en el contexto de las protestas postelectorales en el pa\u00eds, luego de que el Consejo Nacional Electoral (CNE) anunciara como ganador a Nicol\u00e1s Maduro sin presentar los resultados detallados por centro y mesa de votaci\u00f3n.<\/p>\n<p>Abogado de Edmundo Gonz\u00e1lez desmiente al fiscal general de Venezuela quien dijo a CNN que el candidato opositor no asisti\u00f3 a citatorios gubernamentales por &#171;presiones externas&#187;<\/p>\n<p>El Gobierno afirma que las protestas son impulsadas por la oposici\u00f3n para generar violencia y desestabilizar al pa\u00eds, mientras que las fuerzas opositoras lo niegan y acusan al oficialismo de reprimir manifestaciones e intentar concretar lo que consideran un fraude electoral, ya que aseguran que el candidato ganador es Edmundo Gonz\u00e1lez Urrutia, el principal rival de Maduro en la contienda.<\/p>\n<p>Gonzalo Himiob, abogado y director de Foro Penal, dijo a CNN que desde el 29 de julio y hasta este lunes lograron confirmar el arresto de 142 adolescentes, de los cuales 58 siguen presos.<\/p>\n<p>\u201cSon datos que tenemos que seguir contrastando y corroborando continuamente porque no hay acceso oficial a la informaci\u00f3n\u201d, explic\u00f3 Himiob.<\/p>\n<p>CNN hizo llegar una serie de preguntas al fiscal general de Venezuela, Tarek William Saab, para indagar sobre la situaci\u00f3n de los menores detenidos en el pa\u00eds, que tienen diferentes edades y condiciones, pero no obtuvo respuestas.<\/p>\n<p>Los delitos por los que est\u00e1n imputados estos adolescentes son \u201cincitaci\u00f3n al odio\u201d y \u201cterrorismo\u201d, aunque en muchos casos hay variaciones. \u201cEn algunos hay incitaci\u00f3n al odio y obstrucci\u00f3n de la v\u00eda p\u00fablica, en algunos casos es terrorismo y destrucci\u00f3n de la propiedad p\u00fablica-privada\u201d, dijo el director de Foro Penal.<\/p>\n<p>De acuerdo con la legislaci\u00f3n venezolana, son adolescentes todos aquellos menores de 18 a\u00f1os y mayores de 12, es decir, que tengan entre 12 y 17 a\u00f1os. Pero solo son imputables a partir de los 14.<\/p>\n<p>En esos casos, las modalidades de enjuiciamiento son distintas a las de los adultos. Deben ser m\u00e1s r\u00e1pidas: ser presentados ante el tribunal dentro de las 24 horas siguientes a su arresto, y las dos audiencias del proceso (una de presentaci\u00f3n, primero, y luego otra preliminar, despu\u00e9s) deben ser como m\u00e1ximo en los 10 d\u00edas siguientes a su detenci\u00f3n, explic\u00f3 Himiob.<\/p>\n<p>Estas condiciones, asegura, no se respetaron en los casos de estos menores. Incluso Himiob dijo que pudieron constatar casos de adolescentes de 13 a\u00f1os que, aunque ya fueron liberados, permanecieron detenidos pese a no ser imputables penalmente. \u201cEso refleja c\u00f3mo fue de indiscriminado y generalizado\u201d el procedimiento, apunt\u00f3.<\/p>\n<p>\u201cTenemos incluso adolescentes con discapacidad que ni siquiera estaban participando de las protestas\u201d, afirm\u00f3.<\/p>\n<p>El abogado mencion\u00f3 el caso de un menor que est\u00e1 dentro del espectro autista y fue detenido el 29 de julio en Los Nuevos Teques, en el estado Miranda. Estaba en la puerta de su casa cuando ocurr\u00edan las manifestaciones, sin participar de la protesta. Foro Penal constat\u00f3 que hasta el jueves segu\u00eda privado de su libertad.<\/p>\n<p>Yanire Jaimes, madre de un menor de 15 a\u00f1os detenido en el estado Barinas el 2 de agosto, y excarcelado el 23 de agosto, denunci\u00f3 en un video que el joven fue apresado \u201csin ninguna prueba\u201d y que su hijo, que tiene par\u00e1lisis facial, \u201cfue golpeado y maltratado\u201d.<\/p>\n<p>\u201cLo \u00fanico que se llevaron fue una bandera de Venezuela, una m\u00e1scara de Spiderman y una pistolita de un ni\u00f1o de 5 a\u00f1os\u201d, dice Jaimes en el video con l\u00e1grimas en los ojos. \u201cSi ustedes lo ven, ni siquiera se ha desarrollado\u201d, agrega la mam\u00e1 del joven.<\/p>\n<p>La \u00faltima excarcelaci\u00f3n de un grupo de menores que verific\u00f3 Foro Penal ocurri\u00f3 el s\u00e1bado 31 de agosto, cuando 19 adolescentes fueron liberados tras sus audiencias judiciales.<\/p>\n<p>La organizaci\u00f3n Justicia, Encuentro y Perd\u00f3n, que monitorea y atiende los casos de violaciones a los derechos humanos en Venezuela, consider\u00f3 que \u201ces inaceptable que menores de edad sean objeto de detenciones arbitrarias y abusos en el contexto de su derecho a la protesta pac\u00edfica\u201d, y exigi\u00f3 la \u201cliberaci\u00f3n \u201cinmediata\u201d de quienes a\u00fan est\u00e1n privados de su libertad, \u201cas\u00ed como el respeto a sus derechos conforme a lo establecido en la Ley Org\u00e1nica para la Protecci\u00f3n de Ni\u00f1os, Ni\u00f1as y Adolescentes (Lopnna) y en la Constituci\u00f3n\u201d.<\/p>\n<p>Pero estos 142 casos de adolescentes que pudo constatar Foro Penal podr\u00edan no ser los \u00fanicos.<\/p>\n<p>\u201cDefinitivamente es posible que haya m\u00e1s casos que todav\u00eda no conozcamos. El miedo ha jugado un papel importante en la dificultad para obtener los datos\u201d, agreg\u00f3 Himiob.<\/p>\n<p>Esto puede explicarse en parte porque en muchos casos son personas \u201cen una situaci\u00f3n de particular vulnerabilidad\u201d, algo que tambi\u00e9n ocurre en las detenciones de adultos. \u201cEl 99% de las personas detenidas en general, adolescentes y adultos, son personas muy humildes, viven en las zonas menos favorecidas econ\u00f3micamente de todos los estados del pa\u00eds\u201d, se\u00f1al\u00f3 Himiob.<\/p>\n<p>El otro factor es el miedo a reportarlo por la posibilidad de enfrentar represalias. El director de Foro Penal afirma que los cuerpos de seguridad y las fiscal\u00edas de los tribunales \u201cles dicen que si reportan sus casos les va a ir peor, van a ir presos, o los van a condenar a la pena m\u00e1xima\u201d.<\/p>\n<p>Adem\u00e1s, algunos familiares y defensores privados y de las oeneg\u00e9s denuncian impedimentos\u202fpara acceder a los expedientes, permitiendo solo que un defensor p\u00fablico asuma el caso. Esto dificulta el acceso a informaci\u00f3n precisa y certera, que en ocasiones se ve en situaciones como traslados de los que no hay aviso.<\/p>\n<p>Desde Foro Penal montaron un operativo donde los representantes legales que tienen en los distintos estados averiguan en las c\u00e1rceles si hay menores detenidos all\u00ed, \u201cpero las c\u00e1rceles no dan la informaci\u00f3n\u201d, afirma Himiob. Seg\u00fan su visi\u00f3n, \u201chay una evidente pol\u00edtica de Estado para impedir que cualquier persona que no sea un defensor p\u00fablico se involucre en estas causas\u201d.<\/p>\n<p>D\u00f3nde est\u00e1n detenidos los 58 menores que registra Foro Penal<\/p>\n<p>\u201cLo que tenemos de ellos es cu\u00e1l fue su \u00faltimo centro de reclusi\u00f3n conocido, porque en muchos casos hubo traslados sin avisar a nadie. No podemos afirmar con certeza absoluta que siguen en esos centros porque ni a nosotros ni a los padres nos dan la informaci\u00f3n\u201d, dijo Himiob sobre la ubicaci\u00f3n de los menores a\u00fan detenidos.<\/p>\n<p>De acuerdo con esa informaci\u00f3n, gran parte de los menores fueron trasladados a los centros especializados en responsabilidad penal para adolescentes.<\/p>\n<p>Algunos fueron llevados al ret\u00e9n de menores de Caraballeda, en el estado La Guaira; y otro grupo importante fue llevado al Centro de Internamiento de Menores \u201cLos Cocos\u201d, en el municipio Mari\u00f1o, estado Nueva Esparta, detall\u00f3 Himiob.<\/p>\n<p>Qu\u00e9 procesos enfrentan los menores excarcelados en Venezuela<\/p>\n<p>Quienes han salido en libertad \u201cno tienen una libertad plena\u201d, ya que salieron de la c\u00e1rcel con medidas cautelares, aclar\u00f3 Himiob.<\/p>\n<p>Como el proceso sigue en curso, los menores tienen la obligaci\u00f3n de presentarse cada cierto tiempo ante el tribunal, m\u00e1s o menos cada semana; la obligaci\u00f3n de comparecer a las citaciones; y se les proh\u00edbe participar en manifestaciones o en actos p\u00fablicos.<\/p>\n<p>Eventualmente podr\u00edan ser hasta condenados y volver a prisi\u00f3n, advirti\u00f3 el director de Foro Penal.<\/p>\n<p>The-CNN-Wire<br \/>&trade; &amp; &copy; 2024 Cable News Network, Inc., a Warner Bros. Discovery Company. All rights reserved.<\/p>\n","protected":false},"excerpt":{"rendered":"<p>(CNN Espa\u00f1ol) &#8212; Al menos 58 menores de entre 14 y 17 a\u00f1os siguen detenidos en Venezuela desde el 29 de julio pasado, seg\u00fan datos de la organizaci\u00f3n no gubernamental de derechos humanos Foro Penal. Las detenciones se dieron en el contexto de las protestas postelectorales en el pa\u00eds, luego de que el Consejo Nacional [&hellip;]<\/p>\n","protected":false},"author":0,"featured_media":0,"comment_status":"open","ping_status":"open","sticky":false,"template":"","format":"standard","meta":{"_jetpack_memberships_contains_paid_content":false,"footnotes":""},"categories":[10],"tags":[],"class_list":["post-1452577","post","type-post","status-publish","format-standard","hentry","category-noticias-nacionales","market-global"],"yoast_head":"<!-- This site is optimized with the Yoast SEO plugin v24.4 - https:\/\/yoast.com\/wordpress\/plugins\/seo\/ -->\n<title>\u00bfCu\u00e1ntos menores siguen presos tras las protestas postelectorales en Venezuela? - Noticias<\/title>\n<meta name=\"robots\" content=\"index, follow, max-snippet:-1, max-image-preview:large, max-video-preview:-1\" \/>\n<link rel=\"canonical\" href=\"https:\/\/noticiasya.com\/2024\/09\/10\/menores-detenidos-venezuela-protestas-orix\/\" \/>\n<meta property=\"og:locale\" content=\"es_ES\" \/>\n<meta property=\"og:type\" content=\"article\" \/>\n<meta property=\"og:title\" content=\"\u00bfCu\u00e1ntos menores siguen presos tras las protestas postelectorales en Venezuela? - Noticias\" \/>\n<meta property=\"og:description\" content=\"(CNN Espa\u00f1ol) &#8212; Al menos 58 menores de entre 14 y 17 a\u00f1os siguen detenidos en Venezuela desde el 29 de julio pasado, seg\u00fan datos de la organizaci\u00f3n no gubernamental de derechos humanos Foro Penal. Las detenciones se dieron en el contexto de las protestas postelectorales en el pa\u00eds, luego de que el Consejo Nacional [&hellip;]\" \/>\n<meta property=\"og:url\" content=\"https:\/\/noticiasya.com\/2024\/09\/10\/menores-detenidos-venezuela-protestas-orix\/\" \/>\n<meta property=\"og:site_name\" content=\"Noticias\" \/>\n<meta property=\"article:published_time\" content=\"2024-09-10T13:03:49+00:00\" \/>\n<meta name=\"twitter:card\" content=\"summary_large_image\" \/>\n<meta name=\"twitter:label1\" content=\"Est. reading time\" \/>\n\t<meta name=\"twitter:data1\" content=\"6 minutos\" \/>\n<script type=\"application\/ld+json\" class=\"yoast-schema-graph\">{\"@context\":\"https:\/\/schema.org\",\"@graph\":[{\"@type\":\"Article\",\"@id\":\"https:\/\/noticiasya.com\/2024\/09\/10\/menores-detenidos-venezuela-protestas-orix\/#article\",\"isPartOf\":{\"@id\":\"https:\/\/noticiasya.com\/2024\/09\/10\/menores-detenidos-venezuela-protestas-orix\/\"},\"author\":{\"name\":\"\",\"@id\":\"\"},\"headline\":\"\u00bfCu\u00e1ntos menores siguen presos tras las protestas postelectorales en Venezuela?\",\"datePublished\":\"2024-09-10T13:03:49+00:00\",\"mainEntityOfPage\":{\"@id\":\"https:\/\/noticiasya.com\/2024\/09\/10\/menores-detenidos-venezuela-protestas-orix\/\"},\"wordCount\":1296,\"commentCount\":0,\"publisher\":{\"@id\":\"https:\/\/noticiasya.com\/#organization\"},\"articleSection\":[\"Noticias Nacionales\"],\"inLanguage\":\"es\",\"potentialAction\":[{\"@type\":\"CommentAction\",\"name\":\"Comment\",\"target\":[\"https:\/\/noticiasya.com\/2024\/09\/10\/menores-detenidos-venezuela-protestas-orix\/#respond\"]}]},{\"@type\":\"WebPage\",\"@id\":\"https:\/\/noticiasya.com\/2024\/09\/10\/menores-detenidos-venezuela-protestas-orix\/\",\"url\":\"https:\/\/noticiasya.com\/2024\/09\/10\/menores-detenidos-venezuela-protestas-orix\/\",\"name\":\"\u00bfCu\u00e1ntos menores siguen presos tras las protestas postelectorales en Venezuela? - Noticias\",\"isPartOf\":{\"@id\":\"https:\/\/noticiasya.com\/#website\"},\"datePublished\":\"2024-09-10T13:03:49+00:00\",\"breadcrumb\":{\"@id\":\"https:\/\/noticiasya.com\/2024\/09\/10\/menores-detenidos-venezuela-protestas-orix\/#breadcrumb\"},\"inLanguage\":\"es\",\"potentialAction\":[{\"@type\":\"ReadAction\",\"target\":[\"https:\/\/noticiasya.com\/2024\/09\/10\/menores-detenidos-venezuela-protestas-orix\/\"]}]},{\"@type\":\"BreadcrumbList\",\"@id\":\"https:\/\/noticiasya.com\/2024\/09\/10\/menores-detenidos-venezuela-protestas-orix\/#breadcrumb\",\"itemListElement\":[{\"@type\":\"ListItem\",\"position\":1,\"name\":\"Home\",\"item\":\"https:\/\/noticiasya.com\/\"},{\"@type\":\"ListItem\",\"position\":2,\"name\":\"\u00bfCu\u00e1ntos menores siguen presos tras las protestas postelectorales en Venezuela?\"}]},{\"@type\":\"WebSite\",\"@id\":\"https:\/\/noticiasya.com\/#website\",\"url\":\"https:\/\/noticiasya.com\/\",\"name\":\"Noticias\",\"description\":\"Lo que importa\",\"publisher\":{\"@id\":\"https:\/\/noticiasya.com\/#organization\"},\"potentialAction\":[{\"@type\":\"SearchAction\",\"target\":{\"@type\":\"EntryPoint\",\"urlTemplate\":\"https:\/\/noticiasya.com\/?s={search_term_string}\"},\"query-input\":{\"@type\":\"PropertyValueSpecification\",\"valueRequired\":true,\"valueName\":\"search_term_string\"}}],\"inLanguage\":\"es\"},{\"@type\":\"Organization\",\"@id\":\"https:\/\/noticiasya.com\/#organization\",\"name\":\"Noticias\",\"url\":\"https:\/\/noticiasya.com\/\",\"logo\":{\"@type\":\"ImageObject\",\"inLanguage\":\"es\",\"@id\":\"https:\/\/noticiasya.com\/#\/schema\/logo\/image\/\",\"url\":\"https:\/\/noticiasya.com\/wp-content\/uploads\/sites\/22\/2023\/12\/logo-nacional.png\",\"contentUrl\":\"https:\/\/noticiasya.com\/wp-content\/uploads\/sites\/22\/2023\/12\/logo-nacional.png\",\"width\":1801,\"height\":691,\"caption\":\"Noticias\"},\"image\":{\"@id\":\"https:\/\/noticiasya.com\/#\/schema\/logo\/image\/\"}}]}<\/script>\n<!-- \/ Yoast SEO plugin. -->","yoast_head_json":{"title":"\u00bfCu\u00e1ntos menores siguen presos tras las protestas postelectorales en Venezuela? - Noticias","robots":{"index":"index","follow":"follow","max-snippet":"max-snippet:-1","max-image-preview":"max-image-preview:large","max-video-preview":"max-video-preview:-1"},"canonical":"https:\/\/noticiasya.com\/2024\/09\/10\/menores-detenidos-venezuela-protestas-orix\/","og_locale":"es_ES","og_type":"article","og_title":"\u00bfCu\u00e1ntos menores siguen presos tras las protestas postelectorales en Venezuela? - Noticias","og_description":"(CNN Espa\u00f1ol) &#8212; Al menos 58 menores de entre 14 y 17 a\u00f1os siguen detenidos en Venezuela desde el 29 de julio pasado, seg\u00fan datos de la organizaci\u00f3n no gubernamental de derechos humanos Foro Penal. Las detenciones se dieron en el contexto de las protestas postelectorales en el pa\u00eds, luego de que el Consejo Nacional [&hellip;]","og_url":"https:\/\/noticiasya.com\/2024\/09\/10\/menores-detenidos-venezuela-protestas-orix\/","og_site_name":"Noticias","article_published_time":"2024-09-10T13:03:49+00:00","twitter_card":"summary_large_image","twitter_misc":{"Est. reading time":"6 minutos"},"schema":{"@context":"https:\/\/schema.org","@graph":[{"@type":"Article","@id":"https:\/\/noticiasya.com\/2024\/09\/10\/menores-detenidos-venezuela-protestas-orix\/#article","isPartOf":{"@id":"https:\/\/noticiasya.com\/2024\/09\/10\/menores-detenidos-venezuela-protestas-orix\/"},"author":{"name":"","@id":""},"headline":"\u00bfCu\u00e1ntos menores siguen presos tras las protestas postelectorales en Venezuela?","datePublished":"2024-09-10T13:03:49+00:00","mainEntityOfPage":{"@id":"https:\/\/noticiasya.com\/2024\/09\/10\/menores-detenidos-venezuela-protestas-orix\/"},"wordCount":1296,"commentCount":0,"publisher":{"@id":"https:\/\/noticiasya.com\/#organization"},"articleSection":["Noticias Nacionales"],"inLanguage":"es","potentialAction":[{"@type":"CommentAction","name":"Comment","target":["https:\/\/noticiasya.com\/2024\/09\/10\/menores-detenidos-venezuela-protestas-orix\/#respond"]}]},{"@type":"WebPage","@id":"https:\/\/noticiasya.com\/2024\/09\/10\/menores-detenidos-venezuela-protestas-orix\/","url":"https:\/\/noticiasya.com\/2024\/09\/10\/menores-detenidos-venezuela-protestas-orix\/","name":"\u00bfCu\u00e1ntos menores siguen presos tras las protestas postelectorales en Venezuela? - Noticias","isPartOf":{"@id":"https:\/\/noticiasya.com\/#website"},"datePublished":"2024-09-10T13:03:49+00:00","breadcrumb":{"@id":"https:\/\/noticiasya.com\/2024\/09\/10\/menores-detenidos-venezuela-protestas-orix\/#breadcrumb"},"inLanguage":"es","potentialAction":[{"@type":"ReadAction","target":["https:\/\/noticiasya.com\/2024\/09\/10\/menores-detenidos-venezuela-protestas-orix\/"]}]},{"@type":"BreadcrumbList","@id":"https:\/\/noticiasya.com\/2024\/09\/10\/menores-detenidos-venezuela-protestas-orix\/#breadcrumb","itemListElement":[{"@type":"ListItem","position":1,"name":"Home","item":"https:\/\/noticiasya.com\/"},{"@type":"ListItem","position":2,"name":"\u00bfCu\u00e1ntos menores siguen presos tras las protestas postelectorales en Venezuela?"}]},{"@type":"WebSite","@id":"https:\/\/noticiasya.com\/#website","url":"https:\/\/noticiasya.com\/","name":"Noticias","description":"Lo que importa","publisher":{"@id":"https:\/\/noticiasya.com\/#organization"},"potentialAction":[{"@type":"SearchAction","target":{"@type":"EntryPoint","urlTemplate":"https:\/\/noticiasya.com\/?s={search_term_string}"},"query-input":{"@type":"PropertyValueSpecification","valueRequired":true,"valueName":"search_term_string"}}],"inLanguage":"es"},{"@type":"Organization","@id":"https:\/\/noticiasya.com\/#organization","name":"Noticias","url":"https:\/\/noticiasya.com\/","logo":{"@type":"ImageObject","inLanguage":"es","@id":"https:\/\/noticiasya.com\/#\/schema\/logo\/image\/","url":"https:\/\/noticiasya.com\/wp-content\/uploads\/sites\/22\/2023\/12\/logo-nacional.png","contentUrl":"https:\/\/noticiasya.com\/wp-content\/uploads\/sites\/22\/2023\/12\/logo-nacional.png","width":1801,"height":691,"caption":"Noticias"},"image":{"@id":"https:\/\/noticiasya.com\/#\/schema\/logo\/image\/"}}]}},"parsely":{"version":"1.1.0","canonical_url":"https:\/\/noticiasya.com\/midland-odessa\/2024\/09\/10\/menores-detenidos-venezuela-protestas-orix\/","smart_links":{"inbound":0,"outbound":0},"traffic_boost_suggestions_count":0,"meta":{"@context":"https:\/\/schema.org","@type":"NewsArticle","headline":"\u00bfCu\u00e1ntos menores siguen presos tras las protestas postelectorales en Venezuela?","url":"http:\/\/noticiasya.com\/midland-odessa\/2024\/09\/10\/menores-detenidos-venezuela-protestas-orix\/","mainEntityOfPage":{"@type":"WebPage","@id":"http:\/\/noticiasya.com\/midland-odessa\/2024\/09\/10\/menores-detenidos-venezuela-protestas-orix\/"},"thumbnailUrl":"","image":{"@type":"ImageObject","url":""},"articleSection":"Noticias Nacionales","author":[],"creator":[],"publisher":{"@type":"Organization","name":"Noticias","logo":""},"keywords":[],"dateCreated":"2024-09-10T13:03:49Z","datePublished":"2024-09-10T13:03:49Z","dateModified":"2024-09-10T13:03:49Z"},"rendered":"<script type=\"application\/ld+json\" class=\"wp-parsely-metadata\">{\"@context\":\"https:\\\/\\\/schema.org\",\"@type\":\"NewsArticle\",\"headline\":\"\\u00bfCu\\u00e1ntos menores siguen presos tras las protestas postelectorales en Venezuela?\",\"url\":\"http:\\\/\\\/noticiasya.com\\\/midland-odessa\\\/2024\\\/09\\\/10\\\/menores-detenidos-venezuela-protestas-orix\\\/\",\"mainEntityOfPage\":{\"@type\":\"WebPage\",\"@id\":\"http:\\\/\\\/noticiasya.com\\\/midland-odessa\\\/2024\\\/09\\\/10\\\/menores-detenidos-venezuela-protestas-orix\\\/\"},\"thumbnailUrl\":\"\",\"image\":{\"@type\":\"ImageObject\",\"url\":\"\"},\"articleSection\":\"Noticias Nacionales\",\"author\":[],\"creator\":[],\"publisher\":{\"@type\":\"Organization\",\"name\":\"Noticias\",\"logo\":\"\"},\"keywords\":[],\"dateCreated\":\"2024-09-10T13:03:49Z\",\"datePublished\":\"2024-09-10T13:03:49Z\",\"dateModified\":\"2024-09-10T13:03:49Z\"}<\/script>","tracker_url":"https:\/\/cdn.parsely.com\/keys\/noticiasya.com\/p.js"},"jetpack_featured_media_url":"","jetpack-related-posts":[{"id":1456496,"url":"https:\/\/noticiasya.com\/midland-odessa\/2024\/12\/11\/liberan-14-detenidos-protestas-postelectorales-orix\/","url_meta":{"origin":1452577,"position":0},"title":"Liberan a 14 personas detenidas en las protestas poselectorales en Venezuela, seg\u00fan Foro Penal","author":"","date":"diciembre 11, 2024","format":false,"excerpt":"Al menos 14 detenidos durante la crisis poselectoral en Venezuela han salido de la c\u00e1rcel entre este martes y mi\u00e9rcoles, inform\u00f3 en redes sociales el director de la organizaci\u00f3n no gubernamental Foro Penal, Alfredo Romero.La ONG, que promueve la defensa de los derechos humanos y la asistencia a v\u00edctimas y\u2026","rel":"","context":"In &quot;Noticias Nacionales&quot;","block_context":{"text":"Noticias Nacionales","link":"https:\/\/noticiasya.com\/midland-odessa\/categoria\/noticias-nacionales"},"img":{"alt_text":"","src":"","width":0,"height":0},"classes":[]},{"id":1456200,"url":"https:\/\/noticiasya.com\/midland-odessa\/2024\/12\/02\/fiscal-corte-penal-internacional-maduro-libere-menores-civiles-motivos-politicos-orix\/","url_meta":{"origin":1452577,"position":1},"title":"Fiscal de Corte Penal Internacional pide al Gobierno de Maduro que libere a menores y civiles \u201cdetenidos por motivos pol\u00edticos\u201d","author":"","date":"diciembre 2, 2024","format":false,"excerpt":"(CNN Espa\u00f1ol) -- El fiscal de la Corte Penal Internacional (CPI), Karim Khan, pidi\u00f3 este lunes al Gobierno del presidente Nicol\u00e1s Maduro liberar a menores y civiles detenidos en Venezuela \u201cpor motivos pol\u00edticos\u201d.\u201cDespu\u00e9s de las elecciones de este a\u00f1o, insist\u00ed en mis comunicaciones con Venezuela y en declaraciones p\u00fablicas sobre\u2026","rel":"","context":"In &quot;Noticias Nacionales&quot;","block_context":{"text":"Noticias Nacionales","link":"https:\/\/noticiasya.com\/midland-odessa\/categoria\/noticias-nacionales"},"img":{"alt_text":"","src":"","width":0,"height":0},"classes":[]},{"id":1453101,"url":"https:\/\/noticiasya.com\/midland-odessa\/2024\/09\/26\/familiares-menores-detenidos-venezuela-fiscalia-orix\/","url_meta":{"origin":1452577,"position":2},"title":"Familiares de menores detenidos en Venezuela protestan frente a la Fiscal\u00eda","author":"","date":"septiembre 26, 2024","format":false,"excerpt":"(CNN Espa\u00f1ol) --\u00a0Madres y padres de adolescentes detenidos en el contexto de las protestas postelectorales realizaron este jueves un plant\u00f3n en el Parque Carabobo en Caracas, frente a la sede de la Fiscal\u00eda General de Venezuela, para exigir la liberaci\u00f3n de sus familiares.\"Son inocentes\", gritaron los asistentes a la concentraci\u00f3n\u2026","rel":"","context":"In &quot;Noticias Nacionales&quot;","block_context":{"text":"Noticias Nacionales","link":"https:\/\/noticiasya.com\/midland-odessa\/categoria\/noticias-nacionales"},"img":{"alt_text":"","src":"","width":0,"height":0},"classes":[]},{"id":1455757,"url":"https:\/\/noticiasya.com\/midland-odessa\/2024\/11\/11\/fiscal-general-venezuela-ninos-detenidos-elecciones-adolescentes-orix\/","url_meta":{"origin":1452577,"position":3},"title":"El fiscal general de Venezuela rechaza que haya ni\u00f1os detenidos tras las elecciones, pero admite que hay adolescentes","author":"","date":"noviembre 11, 2024","format":false,"excerpt":"(CNN Espa\u00f1ol) -- El fiscal general de Venezuela, Tarek William Saab, afirm\u00f3 este lunes a la prensa que en Venezuela no hay ni\u00f1os detenidos tras las protestas postelectorales, pero a la vez reconoci\u00f3 que los menores tras las rejas son \u201cunos pocos\u201d adolescentes cuyas edades oscilan entre los 16 y\u2026","rel":"","context":"In &quot;Noticias Nacionales&quot;","block_context":{"text":"Noticias Nacionales","link":"https:\/\/noticiasya.com\/midland-odessa\/categoria\/noticias-nacionales"},"img":{"alt_text":"","src":"","width":0,"height":0},"classes":[]},{"id":1452761,"url":"https:\/\/noticiasya.com\/midland-odessa\/2024\/09\/17\/venezuela-informe-onu-violaciones-derechos-humanos-orix\/","url_meta":{"origin":1452577,"position":4},"title":"La represi\u00f3n ordenada por Maduro tras las elecciones en Venezuela podr\u00eda constituir cr\u00edmenes contra la humanidad, seg\u00fan un informe de la ONU","author":"","date":"septiembre 17, 2024","format":false,"excerpt":"(CNN Espa\u00f1ol) -- Un nuevo informe de la Misi\u00f3n Internacional Independiente de Determinaci\u00f3n de los Hechos de la ONU sobre la Rep\u00fablica Bolivariana de Venezuela afirma que la represi\u00f3n ordenada por el Gobierno del presidente Nicol\u00e1s Maduro entre el 1 de septiembre de 2023 y el 31 de agosto de\u2026","rel":"","context":"In &quot;Noticias Nacionales&quot;","block_context":{"text":"Noticias Nacionales","link":"https:\/\/noticiasya.com\/midland-odessa\/categoria\/noticias-nacionales"},"img":{"alt_text":"","src":"","width":0,"height":0},"classes":[]},{"id":1455857,"url":"https:\/\/noticiasya.com\/midland-odessa\/2024\/11\/15\/venezuela-lamenta-el-fallecimiento-en-prision-jesus-manuel-martinez-medina-orix\/","url_meta":{"origin":1452577,"position":5},"title":"El Ministerio P\u00fablico de Venezuela lamenta el fallecimiento en prisi\u00f3n preventiva de opositor","author":"","date":"noviembre 15, 2024","format":false,"excerpt":"(CNN) -- El Ministerio P\u00fablico de Venezuela lament\u00f3 este viernes el fallecimiento en prisi\u00f3n preventiva de Jes\u00fas Manuel Mart\u00ednez Medina, miembro del partido opositor Vente Venezuela y testigo en los comicios del 28 de julio, quien estaba detenido desde el 2 de agosto acusado de haber participado en hechos violentos\u2026","rel":"","context":"In &quot;Noticias Nacionales&quot;","block_context":{"text":"Noticias Nacionales","link":"https:\/\/noticiasya.com\/midland-odessa\/categoria\/noticias-nacionales"},"img":{"alt_text":"","src":"","width":0,"height":0},"classes":[]}],"jetpack_sharing_enabled":true,"_links":{"self":[{"href":"https:\/\/noticiasya.com\/midland-odessa\/wp-json\/wp\/v2\/posts\/1452577","targetHints":{"allow":["GET"]}}],"collection":[{"href":"https:\/\/noticiasya.com\/midland-odessa\/wp-json\/wp\/v2\/posts"}],"about":[{"href":"https:\/\/noticiasya.com\/midland-odessa\/wp-json\/wp\/v2\/types\/post"}],"replies":[{"embeddable":true,"href":"https:\/\/noticiasya.com\/midland-odessa\/wp-json\/wp\/v2\/comments?post=1452577"}],"version-history":[{"count":0,"href":"https:\/\/noticiasya.com\/midland-odessa\/wp-json\/wp\/v2\/posts\/1452577\/revisions"}],"wp:attachment":[{"href":"https:\/\/noticiasya.com\/midland-odessa\/wp-json\/wp\/v2\/media?parent=1452577"}],"wp:term":[{"taxonomy":"category","embeddable":true,"href":"https:\/\/noticiasya.com\/midland-odessa\/wp-json\/wp\/v2\/categories?post=1452577"},{"taxonomy":"post_tag","embeddable":true,"href":"https:\/\/noticiasya.com\/midland-odessa\/wp-json\/wp\/v2\/tags?post=1452577"}],"curies":[{"name":"wp","href":"https:\/\/api.w.org\/{rel}","templated":true}]}}