{"id":1452578,"date":"2024-09-10T06:03:50","date_gmt":"2024-09-10T13:03:50","guid":{"rendered":"https:\/\/noticiasya.com\/2024\/09\/10\/maduro-dice-respeta-decision-gonzalez-urrutia-salir-venezuela-pedir-asilo-espana-orix\/"},"modified":"2024-09-10T06:03:50","modified_gmt":"2024-09-10T13:03:50","slug":"maduro-dice-respeta-decision-gonzalez-urrutia-salir-venezuela-pedir-asilo-espana-orix","status":"publish","type":"post","link":"https:\/\/noticiasya.com\/midland-odessa\/2024\/09\/10\/maduro-dice-respeta-decision-gonzalez-urrutia-salir-venezuela-pedir-asilo-espana-orix\/","title":{"rendered":"Maduro dice que \u201crespeta\u201d decisi\u00f3n de Gonz\u00e1lez Urrutia de salir de Venezuela y pedir asilo en Espa\u00f1a"},"content":{"rendered":"<p>(CNN Espa\u00f1ol) &#8212; El presidente de Venezuela, Nicol\u00e1s Maduro, dijo este lunes que respeta la decisi\u00f3n del l\u00edder opositor Edmundo Gonz\u00e1lez Urrutia de salir de Venezuela y pedir asilo en Espa\u00f1a.<\/p>\n<p>&#171;Yo le puedo decir al embajador Gonz\u00e1lez Urrutia con el cual he confrontado duro despu\u00e9s del 29 de julio, que he estado atento a todo esto y comprendo el paso que ha dado y lo respeto&#187;, dijo Maduro durante su programa semanal transmitido los lunes por la televisora estatal VTV.<\/p>\n<p>Edmundo Gonzalez, del dicho al hecho. \u00bfC\u00f3mo se precipit\u00f3 su decisi\u00f3n de pedir asilo en Espa\u00f1a?<\/p>\n<p>El mandatario agreg\u00f3 que espera que a Gonz\u00e1lez &#171;le vaya bien en su camino y en su nueva vida, y que tenga la seguridad que sus deseos de paz y concordia para el pa\u00eds se van a cumplir&#187;.<\/p>\n<p>Maduro evadi\u00f3 dar detalles del proceso de negociaci\u00f3n con el Gobierno de Espa\u00f1a para otorgar los salvoconductos a Gonz\u00e1lez Urrutia, alegando que se trataba de un \u201csecreto de Estado\u201d.<\/p>\n<p>Este s\u00e1bado, Gonz\u00e1lez Urrutia, candidato de la mayor\u00eda opositora, viaj\u00f3 a Espa\u00f1a donde obtuvo asilo pol\u00edtico. En un comunicado, el candidato dijo que as\u00ed lo decidi\u00f3 al pensar en su familia y en todas las familias venezolanas en &#171;este momento de tanta tensi\u00f3n y angustia&#187;, tras semanas de insistir en que gan\u00f3 las elecciones del 28 de julio. Las autoridades dieron como ganador a Maduro, sin presentar los resultados detallados, como piden varios pa\u00edses.<\/p>\n<p>The-CNN-Wire<br \/>&trade; &amp; &copy; 2024 Cable News Network, Inc., a Warner Bros. Discovery Company. All rights reserved.<\/p>\n","protected":false},"excerpt":{"rendered":"<p>(CNN Espa\u00f1ol) &#8212; El presidente de Venezuela, Nicol\u00e1s Maduro, dijo este lunes que respeta la decisi\u00f3n del l\u00edder opositor Edmundo Gonz\u00e1lez Urrutia de salir de Venezuela y pedir asilo en Espa\u00f1a. &#171;Yo le puedo decir al embajador Gonz\u00e1lez Urrutia con el cual he confrontado duro despu\u00e9s del 29 de julio, que he estado atento a [&hellip;]<\/p>\n","protected":false},"author":0,"featured_media":0,"comment_status":"open","ping_status":"open","sticky":false,"template":"","format":"standard","meta":{"_jetpack_memberships_contains_paid_content":false,"footnotes":""},"categories":[10],"tags":[],"class_list":["post-1452578","post","type-post","status-publish","format-standard","hentry","category-noticias-nacionales","market-global"],"yoast_head":"<!-- This site is optimized with the Yoast SEO plugin v24.4 - https:\/\/yoast.com\/wordpress\/plugins\/seo\/ -->\n<title>Maduro dice que \u201crespeta\u201d decisi\u00f3n de Gonz\u00e1lez Urrutia de salir de Venezuela y pedir asilo en Espa\u00f1a - Noticias<\/title>\n<meta name=\"robots\" content=\"index, follow, max-snippet:-1, max-image-preview:large, max-video-preview:-1\" \/>\n<link rel=\"canonical\" href=\"https:\/\/noticiasya.com\/2024\/09\/10\/maduro-dice-respeta-decision-gonzalez-urrutia-salir-venezuela-pedir-asilo-espana-orix\/\" \/>\n<meta property=\"og:locale\" content=\"es_ES\" \/>\n<meta property=\"og:type\" content=\"article\" \/>\n<meta property=\"og:title\" content=\"Maduro dice que \u201crespeta\u201d decisi\u00f3n de Gonz\u00e1lez Urrutia de salir de Venezuela y pedir asilo en Espa\u00f1a - Noticias\" \/>\n<meta property=\"og:description\" content=\"(CNN Espa\u00f1ol) &#8212; El presidente de Venezuela, Nicol\u00e1s Maduro, dijo este lunes que respeta la decisi\u00f3n del l\u00edder opositor Edmundo Gonz\u00e1lez Urrutia de salir de Venezuela y pedir asilo en Espa\u00f1a. &#171;Yo le puedo decir al embajador Gonz\u00e1lez Urrutia con el cual he confrontado duro despu\u00e9s del 29 de julio, que he estado atento a [&hellip;]\" \/>\n<meta property=\"og:url\" content=\"https:\/\/noticiasya.com\/2024\/09\/10\/maduro-dice-respeta-decision-gonzalez-urrutia-salir-venezuela-pedir-asilo-espana-orix\/\" \/>\n<meta property=\"og:site_name\" content=\"Noticias\" \/>\n<meta property=\"article:published_time\" content=\"2024-09-10T13:03:50+00:00\" \/>\n<meta name=\"twitter:card\" content=\"summary_large_image\" \/>\n<meta name=\"twitter:label1\" content=\"Est. reading time\" \/>\n\t<meta name=\"twitter:data1\" content=\"1 minuto\" \/>\n<script type=\"application\/ld+json\" class=\"yoast-schema-graph\">{\"@context\":\"https:\/\/schema.org\",\"@graph\":[{\"@type\":\"Article\",\"@id\":\"https:\/\/noticiasya.com\/2024\/09\/10\/maduro-dice-respeta-decision-gonzalez-urrutia-salir-venezuela-pedir-asilo-espana-orix\/#article\",\"isPartOf\":{\"@id\":\"https:\/\/noticiasya.com\/2024\/09\/10\/maduro-dice-respeta-decision-gonzalez-urrutia-salir-venezuela-pedir-asilo-espana-orix\/\"},\"author\":{\"name\":\"\",\"@id\":\"\"},\"headline\":\"Maduro dice que \u201crespeta\u201d decisi\u00f3n de Gonz\u00e1lez Urrutia de salir de Venezuela y pedir asilo en Espa\u00f1a\",\"datePublished\":\"2024-09-10T13:03:50+00:00\",\"mainEntityOfPage\":{\"@id\":\"https:\/\/noticiasya.com\/2024\/09\/10\/maduro-dice-respeta-decision-gonzalez-urrutia-salir-venezuela-pedir-asilo-espana-orix\/\"},\"wordCount\":295,\"commentCount\":0,\"publisher\":{\"@id\":\"https:\/\/noticiasya.com\/#organization\"},\"articleSection\":[\"Noticias Nacionales\"],\"inLanguage\":\"es\",\"potentialAction\":[{\"@type\":\"CommentAction\",\"name\":\"Comment\",\"target\":[\"https:\/\/noticiasya.com\/2024\/09\/10\/maduro-dice-respeta-decision-gonzalez-urrutia-salir-venezuela-pedir-asilo-espana-orix\/#respond\"]}]},{\"@type\":\"WebPage\",\"@id\":\"https:\/\/noticiasya.com\/2024\/09\/10\/maduro-dice-respeta-decision-gonzalez-urrutia-salir-venezuela-pedir-asilo-espana-orix\/\",\"url\":\"https:\/\/noticiasya.com\/2024\/09\/10\/maduro-dice-respeta-decision-gonzalez-urrutia-salir-venezuela-pedir-asilo-espana-orix\/\",\"name\":\"Maduro dice que \u201crespeta\u201d decisi\u00f3n de Gonz\u00e1lez Urrutia de salir de Venezuela y pedir asilo en Espa\u00f1a - Noticias\",\"isPartOf\":{\"@id\":\"https:\/\/noticiasya.com\/#website\"},\"datePublished\":\"2024-09-10T13:03:50+00:00\",\"breadcrumb\":{\"@id\":\"https:\/\/noticiasya.com\/2024\/09\/10\/maduro-dice-respeta-decision-gonzalez-urrutia-salir-venezuela-pedir-asilo-espana-orix\/#breadcrumb\"},\"inLanguage\":\"es\",\"potentialAction\":[{\"@type\":\"ReadAction\",\"target\":[\"https:\/\/noticiasya.com\/2024\/09\/10\/maduro-dice-respeta-decision-gonzalez-urrutia-salir-venezuela-pedir-asilo-espana-orix\/\"]}]},{\"@type\":\"BreadcrumbList\",\"@id\":\"https:\/\/noticiasya.com\/2024\/09\/10\/maduro-dice-respeta-decision-gonzalez-urrutia-salir-venezuela-pedir-asilo-espana-orix\/#breadcrumb\",\"itemListElement\":[{\"@type\":\"ListItem\",\"position\":1,\"name\":\"Home\",\"item\":\"https:\/\/noticiasya.com\/\"},{\"@type\":\"ListItem\",\"position\":2,\"name\":\"Maduro dice que \u201crespeta\u201d decisi\u00f3n de Gonz\u00e1lez Urrutia de salir de Venezuela y pedir asilo en Espa\u00f1a\"}]},{\"@type\":\"WebSite\",\"@id\":\"https:\/\/noticiasya.com\/#website\",\"url\":\"https:\/\/noticiasya.com\/\",\"name\":\"Noticias\",\"description\":\"Lo que importa\",\"publisher\":{\"@id\":\"https:\/\/noticiasya.com\/#organization\"},\"potentialAction\":[{\"@type\":\"SearchAction\",\"target\":{\"@type\":\"EntryPoint\",\"urlTemplate\":\"https:\/\/noticiasya.com\/?s={search_term_string}\"},\"query-input\":{\"@type\":\"PropertyValueSpecification\",\"valueRequired\":true,\"valueName\":\"search_term_string\"}}],\"inLanguage\":\"es\"},{\"@type\":\"Organization\",\"@id\":\"https:\/\/noticiasya.com\/#organization\",\"name\":\"Noticias\",\"url\":\"https:\/\/noticiasya.com\/\",\"logo\":{\"@type\":\"ImageObject\",\"inLanguage\":\"es\",\"@id\":\"https:\/\/noticiasya.com\/#\/schema\/logo\/image\/\",\"url\":\"https:\/\/noticiasya.com\/wp-content\/uploads\/sites\/22\/2023\/12\/logo-nacional.png\",\"contentUrl\":\"https:\/\/noticiasya.com\/wp-content\/uploads\/sites\/22\/2023\/12\/logo-nacional.png\",\"width\":1801,\"height\":691,\"caption\":\"Noticias\"},\"image\":{\"@id\":\"https:\/\/noticiasya.com\/#\/schema\/logo\/image\/\"}}]}<\/script>\n<!-- \/ Yoast SEO plugin. -->","yoast_head_json":{"title":"Maduro dice que \u201crespeta\u201d decisi\u00f3n de Gonz\u00e1lez Urrutia de salir de Venezuela y pedir asilo en Espa\u00f1a - Noticias","robots":{"index":"index","follow":"follow","max-snippet":"max-snippet:-1","max-image-preview":"max-image-preview:large","max-video-preview":"max-video-preview:-1"},"canonical":"https:\/\/noticiasya.com\/2024\/09\/10\/maduro-dice-respeta-decision-gonzalez-urrutia-salir-venezuela-pedir-asilo-espana-orix\/","og_locale":"es_ES","og_type":"article","og_title":"Maduro dice que \u201crespeta\u201d decisi\u00f3n de Gonz\u00e1lez Urrutia de salir de Venezuela y pedir asilo en Espa\u00f1a - Noticias","og_description":"(CNN Espa\u00f1ol) &#8212; El presidente de Venezuela, Nicol\u00e1s Maduro, dijo este lunes que respeta la decisi\u00f3n del l\u00edder opositor Edmundo Gonz\u00e1lez Urrutia de salir de Venezuela y pedir asilo en Espa\u00f1a. &#171;Yo le puedo decir al embajador Gonz\u00e1lez Urrutia con el cual he confrontado duro despu\u00e9s del 29 de julio, que he estado atento a [&hellip;]","og_url":"https:\/\/noticiasya.com\/2024\/09\/10\/maduro-dice-respeta-decision-gonzalez-urrutia-salir-venezuela-pedir-asilo-espana-orix\/","og_site_name":"Noticias","article_published_time":"2024-09-10T13:03:50+00:00","twitter_card":"summary_large_image","twitter_misc":{"Est. reading time":"1 minuto"},"schema":{"@context":"https:\/\/schema.org","@graph":[{"@type":"Article","@id":"https:\/\/noticiasya.com\/2024\/09\/10\/maduro-dice-respeta-decision-gonzalez-urrutia-salir-venezuela-pedir-asilo-espana-orix\/#article","isPartOf":{"@id":"https:\/\/noticiasya.com\/2024\/09\/10\/maduro-dice-respeta-decision-gonzalez-urrutia-salir-venezuela-pedir-asilo-espana-orix\/"},"author":{"name":"","@id":""},"headline":"Maduro dice que \u201crespeta\u201d decisi\u00f3n de Gonz\u00e1lez Urrutia de salir de Venezuela y pedir asilo en Espa\u00f1a","datePublished":"2024-09-10T13:03:50+00:00","mainEntityOfPage":{"@id":"https:\/\/noticiasya.com\/2024\/09\/10\/maduro-dice-respeta-decision-gonzalez-urrutia-salir-venezuela-pedir-asilo-espana-orix\/"},"wordCount":295,"commentCount":0,"publisher":{"@id":"https:\/\/noticiasya.com\/#organization"},"articleSection":["Noticias Nacionales"],"inLanguage":"es","potentialAction":[{"@type":"CommentAction","name":"Comment","target":["https:\/\/noticiasya.com\/2024\/09\/10\/maduro-dice-respeta-decision-gonzalez-urrutia-salir-venezuela-pedir-asilo-espana-orix\/#respond"]}]},{"@type":"WebPage","@id":"https:\/\/noticiasya.com\/2024\/09\/10\/maduro-dice-respeta-decision-gonzalez-urrutia-salir-venezuela-pedir-asilo-espana-orix\/","url":"https:\/\/noticiasya.com\/2024\/09\/10\/maduro-dice-respeta-decision-gonzalez-urrutia-salir-venezuela-pedir-asilo-espana-orix\/","name":"Maduro dice que \u201crespeta\u201d decisi\u00f3n de Gonz\u00e1lez Urrutia de salir de Venezuela y pedir asilo en Espa\u00f1a - Noticias","isPartOf":{"@id":"https:\/\/noticiasya.com\/#website"},"datePublished":"2024-09-10T13:03:50+00:00","breadcrumb":{"@id":"https:\/\/noticiasya.com\/2024\/09\/10\/maduro-dice-respeta-decision-gonzalez-urrutia-salir-venezuela-pedir-asilo-espana-orix\/#breadcrumb"},"inLanguage":"es","potentialAction":[{"@type":"ReadAction","target":["https:\/\/noticiasya.com\/2024\/09\/10\/maduro-dice-respeta-decision-gonzalez-urrutia-salir-venezuela-pedir-asilo-espana-orix\/"]}]},{"@type":"BreadcrumbList","@id":"https:\/\/noticiasya.com\/2024\/09\/10\/maduro-dice-respeta-decision-gonzalez-urrutia-salir-venezuela-pedir-asilo-espana-orix\/#breadcrumb","itemListElement":[{"@type":"ListItem","position":1,"name":"Home","item":"https:\/\/noticiasya.com\/"},{"@type":"ListItem","position":2,"name":"Maduro dice que \u201crespeta\u201d decisi\u00f3n de Gonz\u00e1lez Urrutia de salir de Venezuela y pedir asilo en Espa\u00f1a"}]},{"@type":"WebSite","@id":"https:\/\/noticiasya.com\/#website","url":"https:\/\/noticiasya.com\/","name":"Noticias","description":"Lo que importa","publisher":{"@id":"https:\/\/noticiasya.com\/#organization"},"potentialAction":[{"@type":"SearchAction","target":{"@type":"EntryPoint","urlTemplate":"https:\/\/noticiasya.com\/?s={search_term_string}"},"query-input":{"@type":"PropertyValueSpecification","valueRequired":true,"valueName":"search_term_string"}}],"inLanguage":"es"},{"@type":"Organization","@id":"https:\/\/noticiasya.com\/#organization","name":"Noticias","url":"https:\/\/noticiasya.com\/","logo":{"@type":"ImageObject","inLanguage":"es","@id":"https:\/\/noticiasya.com\/#\/schema\/logo\/image\/","url":"https:\/\/noticiasya.com\/wp-content\/uploads\/sites\/22\/2023\/12\/logo-nacional.png","contentUrl":"https:\/\/noticiasya.com\/wp-content\/uploads\/sites\/22\/2023\/12\/logo-nacional.png","width":1801,"height":691,"caption":"Noticias"},"image":{"@id":"https:\/\/noticiasya.com\/#\/schema\/logo\/image\/"}}]}},"parsely":{"version":"1.1.0","canonical_url":"https:\/\/noticiasya.com\/midland-odessa\/2024\/09\/10\/maduro-dice-respeta-decision-gonzalez-urrutia-salir-venezuela-pedir-asilo-espana-orix\/","smart_links":{"inbound":0,"outbound":0},"traffic_boost_suggestions_count":0,"meta":{"@context":"https:\/\/schema.org","@type":"NewsArticle","headline":"Maduro dice que \u201crespeta\u201d decisi\u00f3n de Gonz\u00e1lez Urrutia de salir de Venezuela y pedir asilo en Espa\u00f1a","url":"http:\/\/noticiasya.com\/midland-odessa\/2024\/09\/10\/maduro-dice-respeta-decision-gonzalez-urrutia-salir-venezuela-pedir-asilo-espana-orix\/","mainEntityOfPage":{"@type":"WebPage","@id":"http:\/\/noticiasya.com\/midland-odessa\/2024\/09\/10\/maduro-dice-respeta-decision-gonzalez-urrutia-salir-venezuela-pedir-asilo-espana-orix\/"},"thumbnailUrl":"","image":{"@type":"ImageObject","url":""},"articleSection":"Noticias Nacionales","author":[],"creator":[],"publisher":{"@type":"Organization","name":"Noticias","logo":""},"keywords":[],"dateCreated":"2024-09-10T13:03:50Z","datePublished":"2024-09-10T13:03:50Z","dateModified":"2024-09-10T13:03:50Z"},"rendered":"<script type=\"application\/ld+json\" class=\"wp-parsely-metadata\">{\"@context\":\"https:\\\/\\\/schema.org\",\"@type\":\"NewsArticle\",\"headline\":\"Maduro dice que \\u201crespeta\\u201d decisi\\u00f3n de Gonz\\u00e1lez Urrutia de salir de Venezuela y pedir asilo en Espa\\u00f1a\",\"url\":\"http:\\\/\\\/noticiasya.com\\\/midland-odessa\\\/2024\\\/09\\\/10\\\/maduro-dice-respeta-decision-gonzalez-urrutia-salir-venezuela-pedir-asilo-espana-orix\\\/\",\"mainEntityOfPage\":{\"@type\":\"WebPage\",\"@id\":\"http:\\\/\\\/noticiasya.com\\\/midland-odessa\\\/2024\\\/09\\\/10\\\/maduro-dice-respeta-decision-gonzalez-urrutia-salir-venezuela-pedir-asilo-espana-orix\\\/\"},\"thumbnailUrl\":\"\",\"image\":{\"@type\":\"ImageObject\",\"url\":\"\"},\"articleSection\":\"Noticias Nacionales\",\"author\":[],\"creator\":[],\"publisher\":{\"@type\":\"Organization\",\"name\":\"Noticias\",\"logo\":\"\"},\"keywords\":[],\"dateCreated\":\"2024-09-10T13:03:50Z\",\"datePublished\":\"2024-09-10T13:03:50Z\",\"dateModified\":\"2024-09-10T13:03:50Z\"}<\/script>","tracker_url":"https:\/\/cdn.parsely.com\/keys\/noticiasya.com\/p.js"},"jetpack_featured_media_url":"","jetpack-related-posts":[{"id":1452836,"url":"https:\/\/noticiasya.com\/midland-odessa\/2024\/09\/19\/venezuela-edmundo-gonzalez-carta-orix\/","url_meta":{"origin":1452578,"position":0},"title":"Edmundo Gonz\u00e1lez dice que fue coaccionado para firmar carta en la que acatar\u00eda decisi\u00f3n del TSJ que ratifica victoria de Maduro","author":"","date":"septiembre 19, 2024","format":false,"excerpt":"(CNN Espa\u00f1ol) -- El presidente de la Asamblea Nacional de Venezuela, Jorge Rodr\u00edguez, mostr\u00f3 este mi\u00e9rcoles una carta supuestamente firmada por el candidato de la Mesa de la Unidad Democr\u00e1tica, Edmundo Gonz\u00e1lez, en la que acata la sentencia de la Sala Electoral del Tribunal Supremo de Justicia de Venezuela (TSJ)\u2026","rel":"","context":"In &quot;Noticias Nacionales&quot;","block_context":{"text":"Noticias Nacionales","link":"https:\/\/noticiasya.com\/midland-odessa\/categoria\/noticias-nacionales"},"img":{"alt_text":"","src":"","width":0,"height":0},"classes":[]},{"id":1452554,"url":"https:\/\/noticiasya.com\/midland-odessa\/2024\/09\/09\/edmundo-gonzalez-decision-venezuela-espana-asilo-orix\/","url_meta":{"origin":1452578,"position":1},"title":"Edmundo Gonzalez, del dicho al hecho. \u00bfC\u00f3mo se precipit\u00f3 su decisi\u00f3n de pedir asilo en Espa\u00f1a?","author":"","date":"septiembre 9, 2024","format":false,"excerpt":"(CNN Espa\u00f1ol) - -En la medianoche de este s\u00e1bado, una noticia sorprendi\u00f3 a los venezolanos: Edmundo Gonz\u00e1lez Urrutia, candidato opositor a la presidencia, estaba en un avi\u00f3n con destino a Espa\u00f1a.Fue la vicepresidenta ejecutiva del pa\u00eds, Delcy Rodr\u00edguez, qui\u00e9n difundi\u00f3 esta informaci\u00f3n en Instagram, en un mensaje en el que\u2026","rel":"","context":"In &quot;Noticias Nacionales&quot;","block_context":{"text":"Noticias Nacionales","link":"https:\/\/noticiasya.com\/midland-odessa\/categoria\/noticias-nacionales"},"img":{"alt_text":"","src":"","width":0,"height":0},"classes":[]},{"id":1457160,"url":"https:\/\/noticiasya.com\/midland-odessa\/2025\/01\/02\/gobierno-recompensa-arresto-edmundo-gonzalez-orix\/","url_meta":{"origin":1452578,"position":2},"title":"El Gobierno de Venezuela ofrece recompensa de US$ 100.000 por informaci\u00f3n que lleve al arresto de Edmundo Gonz\u00e1lez Urrutia","author":"","date":"enero 2, 2025","format":false,"excerpt":"El Cuerpo de Investigaciones Cient\u00edficas, Penales y Criminal\u00edsticas de Venezuela (CICPC) ofreci\u00f3 este jueves una recompensa de US$ 100.000 por informaci\u00f3n que lleve al arresto del l\u00edder opositor Edmundo Gonz\u00e1lez Urrutia, quien en las elecciones presidenciales del 28 de julio compiti\u00f3 contra el presidente Nicol\u00e1s Maduro y en septiembre se\u2026","rel":"","context":"In &quot;Noticias Nacionales&quot;","block_context":{"text":"Noticias Nacionales","link":"https:\/\/noticiasya.com\/midland-odessa\/categoria\/noticias-nacionales"},"img":{"alt_text":"","src":"","width":0,"height":0},"classes":[]},{"id":1452862,"url":"https:\/\/noticiasya.com\/midland-odessa\/2024\/09\/19\/edmundo-gonzalez-niega-coaccionado-espana-venezuela-orix\/","url_meta":{"origin":1452578,"position":3},"title":"Edmundo Gonz\u00e1lez niega haber sido coaccionado por funcionarios de Espa\u00f1a y agradece las gestiones para su salida de Venezuela","author":"","date":"septiembre 19, 2024","format":false,"excerpt":"(CNN Espa\u00f1ol) --\u00a0El candidato presidencial de la mayor\u00eda opositora venezolana, Edmundo Gonz\u00e1lez Urrutia, neg\u00f3 este jueves haber sido coaccionado por funcionarios de Espa\u00f1a cuando estuvo en la embajada de ese pa\u00eds en Caracas, como se\u00f1al\u00f3 el l\u00edder del opositor Partido Popular espa\u00f1ol (PP), Alberto N\u00fa\u00f1ez Feij\u00f3o.\u201cNo he sido coaccionado ni\u2026","rel":"","context":"In &quot;Noticias Nacionales&quot;","block_context":{"text":"Noticias Nacionales","link":"https:\/\/noticiasya.com\/midland-odessa\/categoria\/noticias-nacionales"},"img":{"alt_text":"","src":"","width":0,"height":0},"classes":[]},{"id":1452847,"url":"https:\/\/noticiasya.com\/midland-odessa\/2024\/09\/19\/asamblea-nacional-venezuela-repudia-resolucion-parlamento-europeo-gonzalez-presidente-electo-orix\/","url_meta":{"origin":1452578,"position":4},"title":"La Asamblea Nacional de Venezuela repudia la resoluci\u00f3n del Parlamento Europeo que reconoce a Edmundo Gonz\u00e1lez como presidente electo","author":"","date":"septiembre 19, 2024","format":false,"excerpt":"(CNN Espa\u00f1ol) --\u00a0La Asamblea Nacional de Venezuela, de mayor\u00eda oficialista, aprob\u00f3 este jueves un acuerdo que repudia la resoluci\u00f3n del Parlamento Europeo que, horas antes, reconoci\u00f3 al l\u00edder opositor Edmundo Gonz\u00e1lez Urrutia como presidente electo de Venezuela.El documento aprobado califica la decisi\u00f3n como una \u201cgrosera intromisi\u00f3n en los asuntos internos\u2026","rel":"","context":"In &quot;Noticias Nacionales&quot;","block_context":{"text":"Noticias Nacionales","link":"https:\/\/noticiasya.com\/midland-odessa\/categoria\/noticias-nacionales"},"img":{"alt_text":"","src":"","width":0,"height":0},"classes":[]},{"id":1457367,"url":"https:\/\/noticiasya.com\/midland-odessa\/2025\/01\/08\/maduro-edmundo-gonzalez-urrutia-posesion-presidencia-orix\/","url_meta":{"origin":1452578,"position":5},"title":"As\u00ed lleg\u00f3 Venezuela a este punto: tanto Maduro como Gonz\u00e1lez Urrutia apuntan a tomar posesi\u00f3n de la Presidencia","author":"","date":"enero 8, 2025","format":false,"excerpt":"El 10 de enero, seg\u00fan la Constituci\u00f3n de Venezuela, comienza el nuevo per\u00edodo de gobierno, pero la controversia por los resultados de la elecci\u00f3n del 28 de julio se mantiene viva. Tanto Nicol\u00e1s Maduro como Edmundo Gonz\u00e1lez aseguran que prestar\u00e1n juramento este viernes. \u00bfC\u00f3mo lleg\u00f3 Venezuela a este punto?El Poder\u2026","rel":"","context":"In &quot;Noticias Nacionales&quot;","block_context":{"text":"Noticias Nacionales","link":"https:\/\/noticiasya.com\/midland-odessa\/categoria\/noticias-nacionales"},"img":{"alt_text":"","src":"","width":0,"height":0},"classes":[]}],"jetpack_sharing_enabled":true,"_links":{"self":[{"href":"https:\/\/noticiasya.com\/midland-odessa\/wp-json\/wp\/v2\/posts\/1452578","targetHints":{"allow":["GET"]}}],"collection":[{"href":"https:\/\/noticiasya.com\/midland-odessa\/wp-json\/wp\/v2\/posts"}],"about":[{"href":"https:\/\/noticiasya.com\/midland-odessa\/wp-json\/wp\/v2\/types\/post"}],"replies":[{"embeddable":true,"href":"https:\/\/noticiasya.com\/midland-odessa\/wp-json\/wp\/v2\/comments?post=1452578"}],"version-history":[{"count":0,"href":"https:\/\/noticiasya.com\/midland-odessa\/wp-json\/wp\/v2\/posts\/1452578\/revisions"}],"wp:attachment":[{"href":"https:\/\/noticiasya.com\/midland-odessa\/wp-json\/wp\/v2\/media?parent=1452578"}],"wp:term":[{"taxonomy":"category","embeddable":true,"href":"https:\/\/noticiasya.com\/midland-odessa\/wp-json\/wp\/v2\/categories?post=1452578"},{"taxonomy":"post_tag","embeddable":true,"href":"https:\/\/noticiasya.com\/midland-odessa\/wp-json\/wp\/v2\/tags?post=1452578"}],"curies":[{"name":"wp","href":"https:\/\/api.w.org\/{rel}","templated":true}]}}