{"id":1452583,"date":"2024-09-10T09:03:41","date_gmt":"2024-09-10T16:03:41","guid":{"rendered":"https:\/\/noticiasya.com\/2024\/09\/10\/universidad-sinaloa-clases-virtuales-ola-de-violencia-orix\/"},"modified":"2024-09-10T09:03:41","modified_gmt":"2024-09-10T16:03:41","slug":"universidad-sinaloa-clases-virtuales-ola-de-violencia-orix","status":"publish","type":"post","link":"https:\/\/noticiasya.com\/midland-odessa\/2024\/09\/10\/universidad-sinaloa-clases-virtuales-ola-de-violencia-orix\/","title":{"rendered":"La Universidad Aut\u00f3noma de Sinaloa llama a clases virtuales ante ola de violencia"},"content":{"rendered":"<p>(CNN Espa\u00f1ol) &#8212; La Universidad Aut\u00f3noma de Sinaloa anunci\u00f3 este lunes que como medida &#171;preventiva&#187;, convocar\u00eda de forma virtual sus clases en todos los niveles por la ola de violencia. La UAS tiene unos 5.333 alumnos, de acuerdo con cifras oficiales de 2019.<\/p>\n<p>&#171;Como medida preventiva y ante los hechos violentos que se registran en Culiac\u00e1n, Badiraguato, Navolato, Elota y Eldorado, se le informa a la comunidad universitaria que este 10 de septiembre las clases se llevar\u00e1n a cabo de manera virtual en todos los niveles\u201d, se\u00f1ala el comunicado&#187;.<\/p>\n<p>Atenci\u00f3n \u26a0\ufe0f pic.twitter.com\/T8UfGqERvd<br \/>\n\u2014 UAS Oficial (@uasoficialmx) September 10, 2024<\/p>\n<p>Al menos una persona muri\u00f3 y dos militares resultaron heridos este lunes luego de lo que las autoridades locales reportaron como enfrentamientos entre civiles armados en dos ciudades del estado de Sinaloa.<\/p>\n<p>\u00bfQu\u00e9 est\u00e1 pasando en Culiac\u00e1n, Sinaloa? Tensi\u00f3n, bloqueo y ataque a militares<\/p>\n<p>El gobernador de Sinaloa, Rub\u00e9n Rocha Moya, report\u00f3 en la red social X que a las 6 a.m. hora local, efectivos del Ej\u00e9rcito fueron atacados con armas de fuego en una colonia de la cuidad de Culiac\u00e1n.<\/p>\n<p>El presidente de M\u00e9xico, Andr\u00e9s Manuel L\u00f3pez Obrador, dijo este martes que \u201ces muy posible\u201d que los enfrentamientos en Sinaloa registrados este lunes est\u00e9n vinculados al arresto de Israel \u201cel Mayo\u201d Zambada, ocurrido el pasado 25 de julio.<\/p>\n<p>A fines de agosto, Culiac\u00e1n, capital de Sinaloa, fue escenario de ataques a militares y bloqueos de carreteras, aunque no es la primera vez. En 2019, la ciudad ya hab\u00eda sido testigo del llamado &#171;Culianacazo&#187;, una jornada de violencia entre el Cartel de Sinaloa y el Ej\u00e9rcito de M\u00e9xico por la detenci\u00f3n y posterior liberaci\u00f3n de Ovidio Guzm\u00e1n L\u00f3pez, hijo del narcotraficante mexicano Joaqu\u00edn &#171;El Chapo&#187; Guzm\u00e1n Loera.<\/p>\n<p>Con informaci\u00f3n de Fidel Guti\u00e9rrez y Marlon Sorto<\/p>\n<p>The-CNN-Wire<br \/>&trade; &amp; &copy; 2024 Cable News Network, Inc., a Warner Bros. Discovery Company. All rights reserved.<\/p>\n","protected":false},"excerpt":{"rendered":"<p>(CNN Espa\u00f1ol) &#8212; La Universidad Aut\u00f3noma de Sinaloa anunci\u00f3 este lunes que como medida &#171;preventiva&#187;, convocar\u00eda de forma virtual sus clases en todos los niveles por la ola de violencia. La UAS tiene unos 5.333 alumnos, de acuerdo con cifras oficiales de 2019. &#171;Como medida preventiva y ante los hechos violentos que se registran en [&hellip;]<\/p>\n","protected":false},"author":0,"featured_media":0,"comment_status":"open","ping_status":"open","sticky":false,"template":"","format":"standard","meta":{"_jetpack_memberships_contains_paid_content":false,"footnotes":""},"categories":[10],"tags":[],"class_list":["post-1452583","post","type-post","status-publish","format-standard","hentry","category-noticias-nacionales","market-global"],"yoast_head":"<!-- This site is optimized with the Yoast SEO plugin v24.4 - https:\/\/yoast.com\/wordpress\/plugins\/seo\/ -->\n<title>La Universidad Aut\u00f3noma de Sinaloa llama a clases virtuales ante ola de violencia - Noticias<\/title>\n<meta name=\"robots\" content=\"index, follow, max-snippet:-1, max-image-preview:large, max-video-preview:-1\" \/>\n<link rel=\"canonical\" href=\"https:\/\/noticiasya.com\/2024\/09\/10\/universidad-sinaloa-clases-virtuales-ola-de-violencia-orix\/\" \/>\n<meta property=\"og:locale\" content=\"es_ES\" \/>\n<meta property=\"og:type\" content=\"article\" \/>\n<meta property=\"og:title\" content=\"La Universidad Aut\u00f3noma de Sinaloa llama a clases virtuales ante ola de violencia - Noticias\" \/>\n<meta property=\"og:description\" content=\"(CNN Espa\u00f1ol) &#8212; La Universidad Aut\u00f3noma de Sinaloa anunci\u00f3 este lunes que como medida &#171;preventiva&#187;, convocar\u00eda de forma virtual sus clases en todos los niveles por la ola de violencia. La UAS tiene unos 5.333 alumnos, de acuerdo con cifras oficiales de 2019. &#171;Como medida preventiva y ante los hechos violentos que se registran en [&hellip;]\" \/>\n<meta property=\"og:url\" content=\"https:\/\/noticiasya.com\/2024\/09\/10\/universidad-sinaloa-clases-virtuales-ola-de-violencia-orix\/\" \/>\n<meta property=\"og:site_name\" content=\"Noticias\" \/>\n<meta property=\"article:published_time\" content=\"2024-09-10T16:03:41+00:00\" \/>\n<meta name=\"twitter:card\" content=\"summary_large_image\" \/>\n<meta name=\"twitter:label1\" content=\"Est. reading time\" \/>\n\t<meta name=\"twitter:data1\" content=\"2 minutos\" \/>\n<script type=\"application\/ld+json\" class=\"yoast-schema-graph\">{\"@context\":\"https:\/\/schema.org\",\"@graph\":[{\"@type\":\"Article\",\"@id\":\"https:\/\/noticiasya.com\/2024\/09\/10\/universidad-sinaloa-clases-virtuales-ola-de-violencia-orix\/#article\",\"isPartOf\":{\"@id\":\"https:\/\/noticiasya.com\/2024\/09\/10\/universidad-sinaloa-clases-virtuales-ola-de-violencia-orix\/\"},\"author\":{\"name\":\"\",\"@id\":\"\"},\"headline\":\"La Universidad Aut\u00f3noma de Sinaloa llama a clases virtuales ante ola de violencia\",\"datePublished\":\"2024-09-10T16:03:41+00:00\",\"mainEntityOfPage\":{\"@id\":\"https:\/\/noticiasya.com\/2024\/09\/10\/universidad-sinaloa-clases-virtuales-ola-de-violencia-orix\/\"},\"wordCount\":347,\"commentCount\":0,\"publisher\":{\"@id\":\"https:\/\/noticiasya.com\/#organization\"},\"articleSection\":[\"Noticias Nacionales\"],\"inLanguage\":\"es\",\"potentialAction\":[{\"@type\":\"CommentAction\",\"name\":\"Comment\",\"target\":[\"https:\/\/noticiasya.com\/2024\/09\/10\/universidad-sinaloa-clases-virtuales-ola-de-violencia-orix\/#respond\"]}]},{\"@type\":\"WebPage\",\"@id\":\"https:\/\/noticiasya.com\/2024\/09\/10\/universidad-sinaloa-clases-virtuales-ola-de-violencia-orix\/\",\"url\":\"https:\/\/noticiasya.com\/2024\/09\/10\/universidad-sinaloa-clases-virtuales-ola-de-violencia-orix\/\",\"name\":\"La Universidad Aut\u00f3noma de Sinaloa llama a clases virtuales ante ola de violencia - Noticias\",\"isPartOf\":{\"@id\":\"https:\/\/noticiasya.com\/#website\"},\"datePublished\":\"2024-09-10T16:03:41+00:00\",\"breadcrumb\":{\"@id\":\"https:\/\/noticiasya.com\/2024\/09\/10\/universidad-sinaloa-clases-virtuales-ola-de-violencia-orix\/#breadcrumb\"},\"inLanguage\":\"es\",\"potentialAction\":[{\"@type\":\"ReadAction\",\"target\":[\"https:\/\/noticiasya.com\/2024\/09\/10\/universidad-sinaloa-clases-virtuales-ola-de-violencia-orix\/\"]}]},{\"@type\":\"BreadcrumbList\",\"@id\":\"https:\/\/noticiasya.com\/2024\/09\/10\/universidad-sinaloa-clases-virtuales-ola-de-violencia-orix\/#breadcrumb\",\"itemListElement\":[{\"@type\":\"ListItem\",\"position\":1,\"name\":\"Home\",\"item\":\"https:\/\/noticiasya.com\/\"},{\"@type\":\"ListItem\",\"position\":2,\"name\":\"La Universidad Aut\u00f3noma de Sinaloa llama a clases virtuales ante ola de violencia\"}]},{\"@type\":\"WebSite\",\"@id\":\"https:\/\/noticiasya.com\/#website\",\"url\":\"https:\/\/noticiasya.com\/\",\"name\":\"Noticias\",\"description\":\"Lo que importa\",\"publisher\":{\"@id\":\"https:\/\/noticiasya.com\/#organization\"},\"potentialAction\":[{\"@type\":\"SearchAction\",\"target\":{\"@type\":\"EntryPoint\",\"urlTemplate\":\"https:\/\/noticiasya.com\/?s={search_term_string}\"},\"query-input\":{\"@type\":\"PropertyValueSpecification\",\"valueRequired\":true,\"valueName\":\"search_term_string\"}}],\"inLanguage\":\"es\"},{\"@type\":\"Organization\",\"@id\":\"https:\/\/noticiasya.com\/#organization\",\"name\":\"Noticias\",\"url\":\"https:\/\/noticiasya.com\/\",\"logo\":{\"@type\":\"ImageObject\",\"inLanguage\":\"es\",\"@id\":\"https:\/\/noticiasya.com\/#\/schema\/logo\/image\/\",\"url\":\"https:\/\/noticiasya.com\/wp-content\/uploads\/sites\/22\/2023\/12\/logo-nacional.png\",\"contentUrl\":\"https:\/\/noticiasya.com\/wp-content\/uploads\/sites\/22\/2023\/12\/logo-nacional.png\",\"width\":1801,\"height\":691,\"caption\":\"Noticias\"},\"image\":{\"@id\":\"https:\/\/noticiasya.com\/#\/schema\/logo\/image\/\"}}]}<\/script>\n<!-- \/ Yoast SEO plugin. -->","yoast_head_json":{"title":"La Universidad Aut\u00f3noma de Sinaloa llama a clases virtuales ante ola de violencia - Noticias","robots":{"index":"index","follow":"follow","max-snippet":"max-snippet:-1","max-image-preview":"max-image-preview:large","max-video-preview":"max-video-preview:-1"},"canonical":"https:\/\/noticiasya.com\/2024\/09\/10\/universidad-sinaloa-clases-virtuales-ola-de-violencia-orix\/","og_locale":"es_ES","og_type":"article","og_title":"La Universidad Aut\u00f3noma de Sinaloa llama a clases virtuales ante ola de violencia - Noticias","og_description":"(CNN Espa\u00f1ol) &#8212; La Universidad Aut\u00f3noma de Sinaloa anunci\u00f3 este lunes que como medida &#171;preventiva&#187;, convocar\u00eda de forma virtual sus clases en todos los niveles por la ola de violencia. La UAS tiene unos 5.333 alumnos, de acuerdo con cifras oficiales de 2019. &#171;Como medida preventiva y ante los hechos violentos que se registran en [&hellip;]","og_url":"https:\/\/noticiasya.com\/2024\/09\/10\/universidad-sinaloa-clases-virtuales-ola-de-violencia-orix\/","og_site_name":"Noticias","article_published_time":"2024-09-10T16:03:41+00:00","twitter_card":"summary_large_image","twitter_misc":{"Est. reading time":"2 minutos"},"schema":{"@context":"https:\/\/schema.org","@graph":[{"@type":"Article","@id":"https:\/\/noticiasya.com\/2024\/09\/10\/universidad-sinaloa-clases-virtuales-ola-de-violencia-orix\/#article","isPartOf":{"@id":"https:\/\/noticiasya.com\/2024\/09\/10\/universidad-sinaloa-clases-virtuales-ola-de-violencia-orix\/"},"author":{"name":"","@id":""},"headline":"La Universidad Aut\u00f3noma de Sinaloa llama a clases virtuales ante ola de violencia","datePublished":"2024-09-10T16:03:41+00:00","mainEntityOfPage":{"@id":"https:\/\/noticiasya.com\/2024\/09\/10\/universidad-sinaloa-clases-virtuales-ola-de-violencia-orix\/"},"wordCount":347,"commentCount":0,"publisher":{"@id":"https:\/\/noticiasya.com\/#organization"},"articleSection":["Noticias Nacionales"],"inLanguage":"es","potentialAction":[{"@type":"CommentAction","name":"Comment","target":["https:\/\/noticiasya.com\/2024\/09\/10\/universidad-sinaloa-clases-virtuales-ola-de-violencia-orix\/#respond"]}]},{"@type":"WebPage","@id":"https:\/\/noticiasya.com\/2024\/09\/10\/universidad-sinaloa-clases-virtuales-ola-de-violencia-orix\/","url":"https:\/\/noticiasya.com\/2024\/09\/10\/universidad-sinaloa-clases-virtuales-ola-de-violencia-orix\/","name":"La Universidad Aut\u00f3noma de Sinaloa llama a clases virtuales ante ola de violencia - Noticias","isPartOf":{"@id":"https:\/\/noticiasya.com\/#website"},"datePublished":"2024-09-10T16:03:41+00:00","breadcrumb":{"@id":"https:\/\/noticiasya.com\/2024\/09\/10\/universidad-sinaloa-clases-virtuales-ola-de-violencia-orix\/#breadcrumb"},"inLanguage":"es","potentialAction":[{"@type":"ReadAction","target":["https:\/\/noticiasya.com\/2024\/09\/10\/universidad-sinaloa-clases-virtuales-ola-de-violencia-orix\/"]}]},{"@type":"BreadcrumbList","@id":"https:\/\/noticiasya.com\/2024\/09\/10\/universidad-sinaloa-clases-virtuales-ola-de-violencia-orix\/#breadcrumb","itemListElement":[{"@type":"ListItem","position":1,"name":"Home","item":"https:\/\/noticiasya.com\/"},{"@type":"ListItem","position":2,"name":"La Universidad Aut\u00f3noma de Sinaloa llama a clases virtuales ante ola de violencia"}]},{"@type":"WebSite","@id":"https:\/\/noticiasya.com\/#website","url":"https:\/\/noticiasya.com\/","name":"Noticias","description":"Lo que importa","publisher":{"@id":"https:\/\/noticiasya.com\/#organization"},"potentialAction":[{"@type":"SearchAction","target":{"@type":"EntryPoint","urlTemplate":"https:\/\/noticiasya.com\/?s={search_term_string}"},"query-input":{"@type":"PropertyValueSpecification","valueRequired":true,"valueName":"search_term_string"}}],"inLanguage":"es"},{"@type":"Organization","@id":"https:\/\/noticiasya.com\/#organization","name":"Noticias","url":"https:\/\/noticiasya.com\/","logo":{"@type":"ImageObject","inLanguage":"es","@id":"https:\/\/noticiasya.com\/#\/schema\/logo\/image\/","url":"https:\/\/noticiasya.com\/wp-content\/uploads\/sites\/22\/2023\/12\/logo-nacional.png","contentUrl":"https:\/\/noticiasya.com\/wp-content\/uploads\/sites\/22\/2023\/12\/logo-nacional.png","width":1801,"height":691,"caption":"Noticias"},"image":{"@id":"https:\/\/noticiasya.com\/#\/schema\/logo\/image\/"}}]}},"parsely":{"version":"1.1.0","canonical_url":"https:\/\/noticiasya.com\/midland-odessa\/2024\/09\/10\/universidad-sinaloa-clases-virtuales-ola-de-violencia-orix\/","smart_links":{"inbound":0,"outbound":0},"traffic_boost_suggestions_count":0,"meta":{"@context":"https:\/\/schema.org","@type":"NewsArticle","headline":"La Universidad Aut\u00f3noma de Sinaloa llama a clases virtuales ante ola de violencia","url":"http:\/\/noticiasya.com\/midland-odessa\/2024\/09\/10\/universidad-sinaloa-clases-virtuales-ola-de-violencia-orix\/","mainEntityOfPage":{"@type":"WebPage","@id":"http:\/\/noticiasya.com\/midland-odessa\/2024\/09\/10\/universidad-sinaloa-clases-virtuales-ola-de-violencia-orix\/"},"thumbnailUrl":"","image":{"@type":"ImageObject","url":""},"articleSection":"Noticias Nacionales","author":[],"creator":[],"publisher":{"@type":"Organization","name":"Noticias","logo":""},"keywords":[],"dateCreated":"2024-09-10T16:03:41Z","datePublished":"2024-09-10T16:03:41Z","dateModified":"2024-09-10T16:03:41Z"},"rendered":"<script type=\"application\/ld+json\" class=\"wp-parsely-metadata\">{\"@context\":\"https:\\\/\\\/schema.org\",\"@type\":\"NewsArticle\",\"headline\":\"La Universidad Aut\\u00f3noma de Sinaloa llama a clases virtuales ante ola de violencia\",\"url\":\"http:\\\/\\\/noticiasya.com\\\/midland-odessa\\\/2024\\\/09\\\/10\\\/universidad-sinaloa-clases-virtuales-ola-de-violencia-orix\\\/\",\"mainEntityOfPage\":{\"@type\":\"WebPage\",\"@id\":\"http:\\\/\\\/noticiasya.com\\\/midland-odessa\\\/2024\\\/09\\\/10\\\/universidad-sinaloa-clases-virtuales-ola-de-violencia-orix\\\/\"},\"thumbnailUrl\":\"\",\"image\":{\"@type\":\"ImageObject\",\"url\":\"\"},\"articleSection\":\"Noticias Nacionales\",\"author\":[],\"creator\":[],\"publisher\":{\"@type\":\"Organization\",\"name\":\"Noticias\",\"logo\":\"\"},\"keywords\":[],\"dateCreated\":\"2024-09-10T16:03:41Z\",\"datePublished\":\"2024-09-10T16:03:41Z\",\"dateModified\":\"2024-09-10T16:03:41Z\"}<\/script>","tracker_url":"https:\/\/cdn.parsely.com\/keys\/noticiasya.com\/p.js"},"jetpack_featured_media_url":"","jetpack-related-posts":[{"id":1452610,"url":"https:\/\/noticiasya.com\/midland-odessa\/2024\/09\/12\/gobernador-sinaloa-suspension-clases-cinco-municipios-violencia-orix\/","url_meta":{"origin":1452583,"position":0},"title":"Gobernador de Sinaloa ordena la suspensi\u00f3n de clases en cinco municipios y de los festejos por la independencia debido a la violencia","author":"","date":"septiembre 12, 2024","format":false,"excerpt":"(CNN Espa\u00f1ol) -- El gobernador de Sinaloa, Rub\u00e9n Rocha Moya, anunci\u00f3 este jueves la suspensi\u00f3n de clases en todos los niveles en cinco municipios de su estado, en el noroeste del pa\u00eds, entre ellos la capital, Culiac\u00e1n, y de los festejos por el Grito del 15 de septiembre, debido a\u2026","rel":"","context":"In &quot;Noticias Nacionales&quot;","block_context":{"text":"Noticias Nacionales","link":"https:\/\/noticiasya.com\/midland-odessa\/categoria\/noticias-nacionales"},"img":{"alt_text":"","src":"","width":0,"height":0},"classes":[]},{"id":1452674,"url":"https:\/\/noticiasya.com\/midland-odessa\/2024\/09\/14\/violencia-sinaloa-muertos-ultimas-24-horas-trax\/","url_meta":{"origin":1452583,"position":1},"title":"La violencia en Sinaloa deja al menos siete muertos en las \u00faltimas 24 horas, seg\u00fan fiscal\u00eda","author":"","date":"septiembre 14, 2024","format":false,"excerpt":"(CNN) --\u00a0 Al menos siete personas han muerto en las \u00faltimas 24 horas en Sinaloa, en el noroeste de M\u00e9xico, seg\u00fan inform\u00f3 el viernes la fiscal\u00eda del estado.Sinaloa, y en particular su capital, Culiac\u00e1n, y sus alrededores, enfrentan un aumento en la violencia desde el lunes 9 de septiembre debido\u2026","rel":"","context":"In &quot;Noticias Nacionales&quot;","block_context":{"text":"Noticias Nacionales","link":"https:\/\/noticiasya.com\/midland-odessa\/categoria\/noticias-nacionales"},"img":{"alt_text":"","src":"","width":0,"height":0},"classes":[]},{"id":1451873,"url":"https:\/\/noticiasya.com\/midland-odessa\/2024\/08\/14\/muerto-desaparecido-piloto-incognitas-arresto-caso-zambada-orix\/","url_meta":{"origin":1452583,"position":2},"title":"Un muerto, un desaparecido y un piloto sin identificar, algunas de las inc\u00f3gnitas en la trama que rodea el caso Zambada","author":"","date":"agosto 14, 2024","format":false,"excerpt":"(CNN Espa\u00f1ol) -- A tres semanas del arresto en Estados Unidos de los presuntos narcotraficantes Ismael \u201cel Mayo\u201d Zambada y Joaqu\u00edn Guzm\u00e1n L\u00f3pez, hijo de Joaqu\u00edn \u201cel Chapo\u201d Guzm\u00e1n, el Gobierno de M\u00e9xico est\u00e1 insatisfecho con la versi\u00f3n que ofreci\u00f3 el Gobierno estadounidense y decidi\u00f3 abrir su propia investigaci\u00f3n a\u2026","rel":"","context":"In &quot;Noticias Nacionales&quot;","block_context":{"text":"Noticias Nacionales","link":"https:\/\/noticiasya.com\/midland-odessa\/categoria\/noticias-nacionales"},"img":{"alt_text":"","src":"","width":0,"height":0},"classes":[]},{"id":1452722,"url":"https:\/\/noticiasya.com\/midland-odessa\/2024\/09\/16\/diocesis-culiacan-en-mexico-mantenerse-unidos-escalada-violencia\/","url_meta":{"origin":1452583,"position":3},"title":"Di\u00f3cesis de Culiac\u00e1n en M\u00e9xico llama a &#171;mantenerse unidos&#187; ante la escalada de violencia","author":"","date":"septiembre 16, 2024","format":false,"excerpt":"(CNN Espa\u00f1ol) --\u00a0La di\u00f3cesis de Culiac\u00e1n en Sinaloa encabez\u00f3 una misa por la paz este domingo tras un fin de semana azotado por la violencia que dej\u00f3 un saldo de m\u00e1s de 10 homicidios.Jes\u00fas Herrera Qui\u00f1onez, obispo de Culiac\u00e1n, dijo este domingo que no hay que dejar \u201cque un grupo\u2026","rel":"","context":"In &quot;Noticias Nacionales&quot;","block_context":{"text":"Noticias Nacionales","link":"https:\/\/noticiasya.com\/midland-odessa\/categoria\/noticias-nacionales"},"img":{"alt_text":"","src":"","width":0,"height":0},"classes":[]},{"id":1419451,"url":"https:\/\/noticiasya.com\/midland-odessa\/2022\/08\/12\/video-panico-en-juarez-los-lugares-cerrados-durante-este-viernes\/","url_meta":{"origin":1452583,"position":4},"title":"Hechos violentos en Ju\u00e1rez provoca compras de p\u00e1nico","author":"agomez","date":"agosto 12, 2022","format":"video","excerpt":"Tiendas como OXXO, Superette, Smart y Del R\u00edo cerraran hasta nuevo aviso tras ser incendiados algunos locales.","rel":"","context":"In &quot;Comunidad&quot;","block_context":{"text":"Comunidad","link":"https:\/\/noticiasya.com\/midland-odessa\/categoria\/comunidad"},"img":{"alt_text":"","src":"http:\/\/www.dailymotion.com\/thumbnail\/video\/x8d0b4n","width":350,"height":200},"classes":[]},{"id":1466547,"url":"https:\/\/noticiasya.com\/midland-odessa\/2025\/09\/17\/kirk-estudiantes-universidad-valle-de-utah-clases-trax\/","url_meta":{"origin":1452583,"position":5},"title":"Una semana despu\u00e9s del asesinato de Charlie Kirk, los estudiantes de la Universidad del Valle de Utah regresan a clases","author":"agomez","date":"septiembre 17, 2025","format":false,"excerpt":"Los estudiantes de la Universidad del Valle de Utah (UVU) regresaron a clases este mi\u00e9rcoles, pocos d\u00edas despu\u00e9s del asesinato del destacado activista conservador Charlie Kirk de un disparo en un evento en el campus, lo que puso a la comunidad en el centro de la atenci\u00f3n nacional.Nyasha Paradzai, estudiante\u2026","rel":"","context":"In &quot;Noticias Nacionales&quot;","block_context":{"text":"Noticias Nacionales","link":"https:\/\/noticiasya.com\/midland-odessa\/categoria\/noticias-nacionales"},"img":{"alt_text":"","src":"","width":0,"height":0},"classes":[]}],"jetpack_sharing_enabled":true,"_links":{"self":[{"href":"https:\/\/noticiasya.com\/midland-odessa\/wp-json\/wp\/v2\/posts\/1452583","targetHints":{"allow":["GET"]}}],"collection":[{"href":"https:\/\/noticiasya.com\/midland-odessa\/wp-json\/wp\/v2\/posts"}],"about":[{"href":"https:\/\/noticiasya.com\/midland-odessa\/wp-json\/wp\/v2\/types\/post"}],"replies":[{"embeddable":true,"href":"https:\/\/noticiasya.com\/midland-odessa\/wp-json\/wp\/v2\/comments?post=1452583"}],"version-history":[{"count":0,"href":"https:\/\/noticiasya.com\/midland-odessa\/wp-json\/wp\/v2\/posts\/1452583\/revisions"}],"wp:attachment":[{"href":"https:\/\/noticiasya.com\/midland-odessa\/wp-json\/wp\/v2\/media?parent=1452583"}],"wp:term":[{"taxonomy":"category","embeddable":true,"href":"https:\/\/noticiasya.com\/midland-odessa\/wp-json\/wp\/v2\/categories?post=1452583"},{"taxonomy":"post_tag","embeddable":true,"href":"https:\/\/noticiasya.com\/midland-odessa\/wp-json\/wp\/v2\/tags?post=1452583"}],"curies":[{"name":"wp","href":"https:\/\/api.w.org\/{rel}","templated":true}]}}