{"id":1452607,"date":"2024-09-12T14:04:04","date_gmt":"2024-09-12T21:04:04","guid":{"rendered":"https:\/\/noticiasya.com\/2024\/09\/12\/nayiv-bukele-criticos-dictadura-libres-trax\/"},"modified":"2024-09-12T14:04:04","modified_gmt":"2024-09-12T21:04:04","slug":"nayiv-bukele-criticos-dictadura-libres-trax","status":"publish","type":"post","link":"https:\/\/noticiasya.com\/midland-odessa\/2024\/09\/12\/nayiv-bukele-criticos-dictadura-libres-trax\/","title":{"rendered":"Los cr\u00edticos denuncian que el gobierno de Nayib Bukele es una dictadura. Pero estas personas dicen que nunca se han sentido tan libres."},"content":{"rendered":"<p>San Salvador, El Salvador (CNN)&#8211;Durante d\u00e9cadas, las opciones de vida para muchos en El Salvador fueron sombr\u00edas: irse o morir. Apodada la \u201ccapital mundial del asesinato\u201d, hubo un promedio de un homicidio por hora a principios de 2016, en este pa\u00eds de solo 6 millones de habitantes, dos millones menos de los que viven en la ciudad de Nueva York. La guerra entre pandillas provoc\u00f3 un \u00e9xodo de salvadore\u00f1os, en su mayor\u00eda hacia el norte, hacia Estados Unidos. Pero ahora, la situaci\u00f3n de seguridad es tan diferente que la gente est\u00e1 regresando, incluso despu\u00e9s de construir buenas vidas durante d\u00e9cadas en Estados Unidos.<\/p>\n<p>La transformaci\u00f3n se debe al presidente Nayib Bukele y su creciente control del poder que le ha permitido llevar la paz a las calles, aunque con un costo. Algunos derechos constitucionales, como el debido proceso, han sido suspendidos bajo medidas de emergencia, lo que ha provocado un aumento masivo del encarcelamiento y la protesta de los grupos de derechos humanos. CNN viaj\u00f3 al pa\u00eds para ver y escuchar lo que piensan los salvadore\u00f1os.<\/p>\n<p>Deportado y ahora agradecido<\/p>\n<p>Cuando V\u00edctor Bola\u00f1os y su esposa Blanca perdieron su caso de asilo en un tribunal de inmigraci\u00f3n de Estados Unidos, su \u201csue\u00f1o americano\u201d se derrumb\u00f3. Cuando aceptaron una orden de salida voluntaria, la pareja supo que ten\u00edan que dejar atr\u00e1s la vida que hab\u00edan estado construyendo durante m\u00e1s de 15 a\u00f1os en Denver y regresar a su natal El Salvador y las condiciones que los hab\u00edan hecho huir.<\/p>\n<p>La CIDH pide a Nayib Bukele que derogue el r\u00e9gimen de excepci\u00f3n y combata a la criminalidad con otras medidas<\/p>\n<p>\u201cRegresamos hace 6 a\u00f1os y todo era inseguro\u201d, recuerda V\u00edctor, sentado en la modesta casa que la pareja ahora comparte en la capital, San Salvador. A sus 65 a\u00f1os, su voz lleva el peso de lo que enfrentaron a su regreso en 2018. \u201cCuando regresamos la situaci\u00f3n parec\u00eda dif\u00edcil por la inseguridad, muchos robos, muchas pandillas\u201d.<\/p>\n<p>Blanca y V\u00edctor Bola\u00f1os montaron un negocio desde casa luego de regresar a El Salvador. Evelio Contreras\/CNN<\/p>\n<p>Pero un par de a\u00f1os despu\u00e9s de su regreso, sucedi\u00f3 algo inesperado. La implacable violencia diaria disminuy\u00f3 y las calles comenzaron a calmarse. El miedo asfixiante que hab\u00eda definido la vida cotidiana empez\u00f3 a desvanecerse.<\/p>\n<p>El Salvador, que alguna vez fue sin\u00f3nimo de violencia y olas de emigraci\u00f3n, experiment\u00f3 una ca\u00edda dram\u00e1tica en la criminalidad. Para muchos ciudadanos, este cambio ofreci\u00f3 algo m\u00e1s que seguridad: ofreci\u00f3 una esperanza muy necesaria. El mundo tambi\u00e9n se dio cuenta. De repente, la peque\u00f1a naci\u00f3n centroamericana parec\u00eda estar reinvent\u00e1ndose bajo el gobierno de Bukele, quien fue elegido presidente en 2019 a la edad de 37 a\u00f1os. Cuando su partido Nuevas Ideas tom\u00f3 el control del Congreso, fue m\u00e1s f\u00e1cil que las reglas se doblaran o rompieran. Bukele gan\u00f3 la reelecci\u00f3n, a pesar de que la constituci\u00f3n del pa\u00eds prohib\u00eda a cualquiera presentarse a un segundo mandato. Ya hace m\u00e1s de dos a\u00f1os que existe un estado de emergencia \u201ctemporal\u201d que otorga poderes autoritarios de detenci\u00f3n. Human Rights Watch dice que incluso los ni\u00f1os se ven atrapados en \u201cgraves violaciones de derechos humanos\u201d.<\/p>\n<p>Sin embargo, en San Salvador, Blanca se sienta en su sala de estar, elaborando cuidadosamente joyas hechas a mano. \u201cAhora uno se siente seguro, la libertad se siente en nuestro pa\u00eds\u201d, dice.<\/p>\n<p>Ella y su esposo, V\u00edctor, dicen que la mejora de la seguridad les ha permitido iniciar un peque\u00f1o negocio de joyer\u00eda desde su casa, algo que antes parec\u00eda imposible. \u201cAhora puedes tener un negocio, si miras, hay emprendedores en todo el pa\u00eds\u201d, dice Blanca, reflexionando sobre c\u00f3mo, no hace mucho, la extorsi\u00f3n de las pandillas habr\u00eda paralizado cualquier emprendimiento de este tipo.<\/p>\n<p>Durante d\u00e9cadas, personas de Centroam\u00e9rica, particularmente del Tri\u00e1ngulo Norte de El Salvador, Honduras y Guatemala, han huido de la violencia y la inseguridad, buscando protecci\u00f3n y oportunidades en Estados Unidos. Pero nuevos datos de la Oficina de Aduanas y Protecci\u00f3n Fronteriza (CBP, por sus siglas en ingl\u00e9s) de Estados Unidos revelan una tendencia sorprendente: cada vez menos salvadore\u00f1os se dirigen al norte.<\/p>\n<p>En 2022, la CBP registr\u00f3 m\u00e1s de 97.000 encuentros con ciudadanos salvadore\u00f1os en la Frontera Sur de Estados Unidos. Para 2023, esa cifra se redujo a poco m\u00e1s de 61.000, y 2024 est\u00e1 en camino de una disminuci\u00f3n adicional en comparaci\u00f3n con 2023.<\/p>\n<p>Si bien estas cifras pueden parecer prometedoras, las causas profundas de la migraci\u00f3n siguen siendo complejas.\u202f Muchos salvadore\u00f1os todav\u00eda abandonan su pa\u00eds debido a las dificultades econ\u00f3micas y la falta de oportunidades. Aunque la econom\u00eda de El Salvador ha mostrado un crecimiento lento y constante desde que Bukele asumi\u00f3 el cargo, seg\u00fan el Banco Mundial, el pa\u00eds todav\u00eda lucha por brindar suficientes oportunidades a sus ciudadanos.<\/p>\n<p>Dejar Houston para construir un resort de playa<\/p>\n<p>Durante los \u00faltimos 27 a\u00f1os, Diego Morales ha construido una vida lejos de casa. Este inversionista inmobiliario de 48 a\u00f1os, esposo y padre de tres hijos, abandon\u00f3 El Salvador en 1997 en busca de la seguridad, la estabilidad y las oportunidades que Estados Unidos ten\u00eda para ofrecer. La idea de regresar nunca se le hab\u00eda pasado por la cabeza, hasta que las sombr\u00edas historias de violencia que hab\u00edan perseguido su tierra natal durante tantos a\u00f1os fueron reemplazadas por historias de nueva seguridad.<\/p>\n<p>La infancia de Diego estuvo marcada por una constante sensaci\u00f3n de peligro.\u202f \u201cMe despertaba, iba a la escuela y encontraba gente muerta en la calle\u201d, recuerda, con su voz cargando el peso de los dolorosos recuerdos mientras est\u00e1 sentado dentro de su bien cuidada casa en los suburbios de Houston.<\/p>\n<p>Pero hoy, El Salvador ya no es el pa\u00eds del que huy\u00f3. \u201cAhora es seguro y mucha gente est\u00e1 regresando\u201d, dice Diego, y sus palabras son un reflejo del optimismo que se est\u00e1 extendiendo entre los salvadore\u00f1os y otros en el extranjero.<\/p>\n<p>La reputaci\u00f3n del pa\u00eds ha cambiado dram\u00e1ticamente. Alguna vez conocido por su violencia, El Salvador ahora est\u00e1 atrayendo oleadas de inversionistas. &#171;Mucha gente, incluso estadounidenses&#8230; tenemos amigos de Florida, de Austin, de Hawai, que buscan comprar (propiedad)&#187;, dice, una se\u00f1al de lo lejos que ha llegado la naci\u00f3n.<\/p>\n<p>El propio Diego se est\u00e1 preparando para regresar a la tierra que una vez dej\u00f3 atr\u00e1s. Ya invirti\u00f3 en Tamanique, su ciudad natal a aproximadamente una hora en auto de la capital, donde construy\u00f3 un resort de playa que ahora administra de forma remota.<\/p>\n<p>A lo largo de la costa salvadore\u00f1a, se pueden encontrar pueblos costeros como El Tunco, El Zonte y La Libertad repletos de nuevas construcciones, captando la atenci\u00f3n de turistas y desarrolladores inmobiliarios ansiosos por capitalizar el renacimiento del pa\u00eds. Los acantilados que alguna vez fueron miradores de pandillas ahora se consideran lugares pintorescos para hoteles.<\/p>\n<p>\u201cTan pronto como el presidente Bukele trajo seguridad a este pa\u00eds, todo subi\u00f3 (de valor)\u201d, dice Diego, y agrega que los terrenos que costaban alrededor de 100.000 d\u00f3lares hace cinco a\u00f1os ahora se venden por diez veces ese precio.<\/p>\n<p>Diego Morales huy\u00f3 siendo joven. Ahora sus hijos nacidos en Estados Unidos podr\u00edan seguirlo de regreso a El Salvador. Evelio Contreras\/CNN<\/p>\n<p>Y el sue\u00f1o salvadore\u00f1o no es s\u00f3lo suyo: su hijo Jairo, de 23 a\u00f1os, ciudadano estadounidense por nacimiento, tambi\u00e9n planea seguir los pasos de su padre. \u201cHemos tenido conversaciones\u2026 ya est\u00e1 empezando\u201d, dice Jairo, con los ojos iluminados por la promesa de volver a sus ra\u00edces.<\/p>\n<p>El gobierno de El Salvador est\u00e1 cortejando a quienes se fueron con un programa de exenciones de impuestos sobre pertenencias y veh\u00edculos para los ciudadanos que regresan a casa. Desde 2022, casi 19.000 salvadore\u00f1os han regresado bajo esta iniciativa, seg\u00fan cifras del gobierno.<\/p>\n<p>&#8216;Sin piedad&#8217; para los pandilleros<\/p>\n<p>Hace aproximadamente una d\u00e9cada, pandillas como MS-13 y Barrio 18 aterrorizaron a las comunidades, extorsionaron a las empresas y libraron brutales guerras territoriales por el control de los vecindarios, y El Salvador era la naci\u00f3n m\u00e1s violenta del hemisferio occidental, seg\u00fan Insight Crime.<\/p>\n<p>Pero desde entonces ha sucedido algo extraordinario. Para 2022, el n\u00famero de asesinatos comenz\u00f3 a disminuir dr\u00e1sticamente y al a\u00f1o siguiente hubo 154 homicidios, una asombrosa disminuci\u00f3n del 97,7% en comparaci\u00f3n con 2015, seg\u00fan cifras del gobierno. Bukele incluso tuite\u00f3 que la tasa de homicidios de su pa\u00eds era la m\u00e1s baja de toda Am\u00e9rica.<\/p>\n<p>La fuerte ca\u00edda se produjo despu\u00e9s de que Bukele adoptara medidas de emergencia que otorgaran a la polic\u00eda el poder de detener a sospechosos sin cargos por hasta 15 d\u00edas y desplegara al ej\u00e9rcito en todo el pa\u00eds. Las nuevas normas, que todav\u00eda est\u00e1n en vigor, permitieron una represi\u00f3n sin precedentes contra la actividad de las pandillas, con m\u00e1s de 80.000 personas detenidas desde que comenz\u00f3 el estado de emergencia en marzo de 2022.<\/p>\n<p>Un elemento central de este esfuerzo es el reci\u00e9n construido \u201cCentro de Confinamiento de Terroristas\u201d (Cecot), un enorme complejo penitenciario con capacidad para albergar hasta 40.000 reclusos. La prisi\u00f3n de m\u00e1xima seguridad alberga actualmente a 14.000 pandilleros, todos acusados \u200b\u200bde haber asesinado al menos a una persona. Las im\u00e1genes del Cecot muestran a hombres tatuados con la cabeza afeitada en una sala de hormig\u00f3n del tama\u00f1o de un almac\u00e9n llena de literas de metal, o sentados en hileras apretadas en el suelo, vestidos \u00fanicamente con pantalones cortos blancos, la cabeza inclinada y las manos detr\u00e1s de la espalda. Y, seg\u00fan las autoridades salvadore\u00f1as, los enviados al Cecot nunca ser\u00e1n liberados.<\/p>\n<p>\u201cNo tenemos piedad en los cr\u00edmenes relacionados con la vida\u201d, dijo a CNN el ministro de Seguridad, Gustavo Villatoro. \u201cCreo que esta es la manera de enfrentarse a un asesino en serie. Hay que trabajar, hay que preparar sus leyes, para que cuando los metan presos nunca salgan libres, porque la sociedad no se merece eso\u201d, afirm\u00f3. \u201cAlguien que todos los d\u00edas mata gente, viola a nuestras ni\u00f1as\u2026 \u00bfC\u00f3mo puedes hacerles cambiar de opini\u00f3n? No somos est\u00fapidos\u201d.<\/p>\n<p>Las palabras de Villatoro hacen eco de la brutal realidad que El Salvador ha enfrentado durante a\u00f1os. Afirma que a los pandilleros se les exigi\u00f3 que mataran al menos a una persona como parte de su iniciaci\u00f3n en grupos como MS-13 o Barrio 18.<\/p>\n<p>\u201cImag\u00ednese a un asesino en serie en su estado, en su comunidad, siendo liberado por un juez, \u00bfc\u00f3mo se sentir\u00eda usted como ciudadano?\u201d pregunta. \u201cNo tenemos datos de que alguien pueda cambiar la opini\u00f3n de un asesino en serie, y tenemos m\u00e1s de 40.000 en El Salvador\u201d.<\/p>\n<p>El ministro de Seguridad, Gustavo Villatoro, dijo que estudi\u00f3 a las pandillas antes de enfrentarlas. Evelio Contreras\/CNN<\/p>\n<p>El enfoque de l\u00ednea dura del gobierno no fue espont\u00e1neo; fue meticulosamente planeado. Villatoro y miembros del gabinete de Bukele hab\u00edan comenzado a estudiar las pandillas ya en 2017.<\/p>\n<p>&#171;Antes de iniciar una guerra, debes conocer a tu enemigo&#187;, explic\u00f3.<\/p>\n<p>Si bien muchos han elogiado la incesante campa\u00f1a del gobierno por restablecer la paz, tambi\u00e9n ha atra\u00eddo importantes cr\u00edticas. Grupos de derechos humanos han acusado al gobierno de Bukele de abusos generalizados en su batalla contra las pandillas. Villatoro, sin embargo, rechaza estas afirmaciones y afirma que la atenci\u00f3n deber\u00eda centrarse en las v\u00edctimas, no en los criminales.<\/p>\n<p>\u201c\u00bfQu\u00e9 pasa con la sociedad, los buenos ciudadanos que hay en el pa\u00eds\u2026 \u00bfD\u00f3nde estaban (estos grupos de derechos humanos) cuando perdimos 30 salvadore\u00f1os en nuestro pa\u00eds por d\u00eda?\u201d, pregunta intencionadamente.<\/p>\n<p>El propio Bukele ha sido inquebrantable en su ret\u00f3rica. En 2022, desafi\u00f3 a los defensores de los derechos humanos, dici\u00e9ndoles que \u201cse llevaran\u201d a los pandilleros si tanto les importaba. \u201cVengan a recogerlos, se los daremos, dos por el precio de uno\u201d, declar\u00f3.<\/p>\n<p>La estrategia\u00a0de mano dura del presidente en materia de seguridad le ha valido elogios de algunos conservadores estadounidenses, que han aplaudido abiertamente las t\u00e1cticas de Bukele. Sin embargo, en la Convenci\u00f3n Nacional Republicana de este a\u00f1o, el expresidente estadounidense Donald Trump le dio un golpe inesperado a Bukele al abordar la nueva seguridad del pa\u00eds.<\/p>\n<p>\u201cEn El Salvador los asesinatos han bajado un 70%. \u00bfPor qu\u00e9 han disminuido? Han disminuido porque est\u00e1n enviando a sus asesinos a Estados Unidos\u201d, afirm\u00f3 Trump, sin ofrecer pruebas que respalden su afirmaci\u00f3n.<\/p>\n<p>CNN pregunt\u00f3 al ministro de Seguridad si la afirmaci\u00f3n de Trump era cierta.<\/p>\n<p>\u201cNo\u201d, respondi\u00f3 Villatoro. &#171;El problema con eso es que (Trump) no tiene hechos, no tiene pruebas, pero nosotros tenemos pruebas de d\u00f3nde ponemos a nuestros terroristas&#187;, dijo el ministro, refiri\u00e9ndose al Cecot, la enorme prisi\u00f3n donde miles de de pandilleros est\u00e1n detenidos<\/p>\n<p>Durante meses, CNN ha buscado acceso al Cecot, pero el gobierno salvadore\u00f1o ha negado repetidamente las solicitudes de entrar.<\/p>\n<p>En otros centros de detenci\u00f3n, pandilleros de menor rango y otros delincuentes tienen la tarea de arreglar lo que las pandillas rompieron y borrar su presencia. Algunos reclusos son enviados a reconstruir casas, mientras que otros destruyen l\u00e1pidas que conmemoran a los l\u00edderes del hampa.<\/p>\n<p>Encarcelado \u201cpor tener el pelo largo y tatuajes\u201d<\/p>\n<p>A principios de 2024, Juan Carlos Cornejo se vio envuelto en los arrestos masivos de Bukele despu\u00e9s de que una llamada an\u00f3nima a la polic\u00eda lo acusara de \u201casociaci\u00f3n il\u00edcita\u201d. Horas m\u00e1s tarde estaba en la c\u00e1rcel, confundido y aterrorizado.<\/p>\n<p>Juan Carlos cree que lo atacaron simplemente por su apariencia.<\/p>\n<p>\u201cMe acusaron de asociaci\u00f3n il\u00edcita, pero no tengo nada que ver con eso. Me gusta la m\u00fasica, el rock, por eso mi apariencia era diferente. Ten\u00eda el pelo largo\u201d, dijo desde su casa poco iluminada y plagada de mosquitos en Santa Ana, una ciudad a unas 56 kil\u00f3metros de la capital. \u201cTengo tatuajes, pero son expresiones art\u00edsticas\u201d, dijo, con su frustraci\u00f3n palpable.<\/p>\n<p>\u201cNo hubo ninguna investigaci\u00f3n, nada\u201d, afirma.<\/p>\n<p>Juan Carlos estuvo en prisi\u00f3n cinco largos meses. Antes de su detenci\u00f3n, hab\u00eda trabajado como asistente veterinario, atendiendo a mascotas enfermas o heridas, e insiste en que nunca antes lo hab\u00edan arrestado.<\/p>\n<p>Juan Carlos Cornejo dijo que sus tatuajes no tienen nada que ver con las pandillas. Evelio Contreras\/CNN<\/p>\n<p>Su liberaci\u00f3n se produjo s\u00f3lo despu\u00e9s de que Socorro Jur\u00eddico Humanitario (SJH), un grupo dedicado a brindar asesor\u00eda legal en casos de violaciones de derechos humanos, presentara con \u00e9xito un recurso de h\u00e1beas corpus en su nombre. Pero la historia de Cornejo est\u00e1 lejos de ser \u00fanica. Seg\u00fan el SJH, entre 33.000 y 35.000 personas han sido \u201cdetenidas de manera arbitraria y sin justificaci\u00f3n alguna\u201d desde que comenz\u00f3 el estado de emergencia.<\/p>\n<p>\u201cEl \u00fanico argumento que se dio\u2026 es que su arresto se debi\u00f3 a una \u2018llamada an\u00f3nima\u2019 que se hab\u00eda recibido, sin embargo, nunca se mostr\u00f3 prueba alguna de esta supuesta llamada\u201d, dijo la organizaci\u00f3n a CNN.<\/p>\n<p>A pesar de las cr\u00edticas generalizadas a estas t\u00e1cticas, el gobierno de Bukele se mantiene firme. Los funcionarios argumentan que estas medidas, aunque duras, se aplican legalmente y son necesarias para asegurar el futuro del pa\u00eds. Y destacan los esfuerzos para rehabilitar a decenas de miles de reclusos condenados por delitos menores.<\/p>\n<p>Soldados armados en las calles y agradecidos<\/p>\n<p>Los cr\u00edticos argumentan que los salvadore\u00f1os han cambiado la libertad por la seguridad, pero las personas que conocimos dicen que nunca se hab\u00edan sentido tan libres. Est\u00e1 la madre ri\u00e9ndose mientras lleva a su peque\u00f1o al parque, sin miedo a quedar atrapada en un tiroteo o tropezar con un cad\u00e1ver o tener que pagar el \u201calquiler\u201d de extorsi\u00f3n de las pandillas para simplemente entrar a su propio vecindario. Est\u00e1 el padre, al que ya no le preocupa que su hijo sea reclutado por las pandillas. A diferencia de lugares como Cuba o China, donde los residentes pueden parecer nerviosos al criticar reg\u00edmenes represivos, en El Salvador el optimismo parece real.<\/p>\n<p>Los soldados patrullan una calle. Evelio Contreras\/CNN<\/p>\n<p>Teresa Lilian Guti\u00e9rrez est\u00e1 atrapada en el medio y su experiencia muestra las muchas complejidades de la vida en El Salvador hoy.<\/p>\n<p>\u201cAhora es seguro, es tranquilo\u201d, nos dijo en una calle de La Campanera, que alguna vez estuvo entre los barrios m\u00e1s peligrosos de San Salvador. \u201cAntes nadie nos visitaba, ni siquiera la familia\u201d.<\/p>\n<p>Pero su hijo, que la ayud\u00f3 econ\u00f3micamente, no puede visitarla, dijo.<\/p>\n<p>\u201cEst\u00e1 detenido desde hace dos a\u00f1os en Mariona (c\u00e1rcel). No es pandillero, fue capturado en estado de emergencia\u201d, dijo, mostrando fotograf\u00edas de su hijo trabajando como cajero en un restaurante.<\/p>\n<p>\u201cLe pido al gobierno que lo saque, por favor&#8230; Habl\u00e9 con la abogada el a\u00f1o pasado porque lo iban a soltar, pero ella dijo que no, no me lo van a dar\u201d, dijo.<\/p>\n<p>El presidente Bukele disfruta de uno de los \u00edndices de aprobaci\u00f3n m\u00e1s altos de Am\u00e9rica Latina, un sentimiento que comparten las personas que conocemos mientras el ej\u00e9rcito salvadore\u00f1o recorre una zona que alguna vez estuvo infestada de pandillas en las afueras de San Salvador.<\/p>\n<p>Los veh\u00edculos blindados y los soldados uniformados ya no son motivos aterradores para correr, sino oportunidades para que los ni\u00f1os curiosos hagan preguntas o para que los seguidores se tomen una selfie.<\/p>\n<p>\u201cAntes era tan malo que no se pod\u00eda ir a ning\u00fan lado\u201d, dice una mujer, sonriendo mientras se toma una foto con el ministro de Defensa, Ren\u00e9 Merino, quien se ha convertido en un s\u00edmbolo de la estrategia de seguridad de l\u00ednea dura del gobierno. Hace unos a\u00f1os, nadie en esta zona habr\u00eda mirado a los ojos a los miembros de la polic\u00eda o del ej\u00e9rcito, dijo Merino, pero ahora todo ha cambiado. Momentos despu\u00e9s, otro residente da un paso adelante, agradece al ministro y posa para una foto, disculp\u00e1ndose por interrumpir nuestra entrevista.\u202f En lo que parece m\u00e1s un desfile de la victoria que una patrulla policial, nos detenemos docenas de veces en el transcurso de un par de horas mientras los residentes expresan con entusiasmo su gratitud.<\/p>\n<p>\u201cS\u00f3lo (Dios) sabe c\u00f3mo est\u00e1bamos antes\u201d, dijo una mujer a CNN, con la voz temblorosa y los ojos llenos de l\u00e1grimas. Sus emociones revelan las profundas cicatrices dejadas por la violencia que alguna vez consumi\u00f3 su vida diaria y el alivio que sigui\u00f3.<\/p>\n<p>Pero la pregunta que surge es: \u00bfQu\u00e9 pasar\u00e1 despu\u00e9s de 2029, cuando finalice el mandato de Bukele? En una entrevista reciente, el presidente declar\u00f3 que no buscar\u00eda un tercer mandato, lo que dej\u00f3 a muchos pregunt\u00e1ndose sobre el futuro.<\/p>\n<p>Para algunos, como Blanca Bola\u00f1os, la respuesta ya es clara. \u201cVot\u00e9 por Nayib esta vez, y la \u00faltima, y \u200b\u200bsi se presenta nuevamente, votar\u00e9 por \u00e9l\u201d, dice con inquebrantable convicci\u00f3n.<\/p>\n<p>Mientras el pa\u00eds lidia con su transformaci\u00f3n, el legado y las t\u00e1cticas controvertidas de Bukele se pondr\u00e1n a prueba. Si la reci\u00e9n descubierta estabilidad de El Salvador perdura o flaquea, s\u00f3lo el tiempo lo dir\u00e1. Pero por ahora, entre quienes dicen que sus vidas han cambiado, hay pocas dudas: creen en Bukele y lo seguir\u00edan nuevamente.<\/p>\n<p>The-CNN-Wire<br \/>&trade; &amp; &copy; 2024 Cable News Network, Inc., a Warner Bros. Discovery Company. All rights reserved.<\/p>\n","protected":false},"excerpt":{"rendered":"<p>San Salvador, El Salvador (CNN)&#8211;Durante d\u00e9cadas, las opciones de vida para muchos en El Salvador fueron sombr\u00edas: irse o morir. Apodada la \u201ccapital mundial del asesinato\u201d, hubo un promedio de un homicidio por hora a principios de 2016, en este pa\u00eds de solo 6 millones de habitantes, dos millones menos de los que viven en [&hellip;]<\/p>\n","protected":false},"author":0,"featured_media":0,"comment_status":"open","ping_status":"open","sticky":false,"template":"","format":"standard","meta":{"_jetpack_memberships_contains_paid_content":false,"footnotes":""},"categories":[10],"tags":[],"class_list":["post-1452607","post","type-post","status-publish","format-standard","hentry","category-noticias-nacionales","market-global"],"yoast_head":"<!-- This site is optimized with the Yoast SEO plugin v24.4 - https:\/\/yoast.com\/wordpress\/plugins\/seo\/ -->\n<title>Los cr\u00edticos denuncian que el gobierno de Nayib Bukele es una dictadura. Pero estas personas dicen que nunca se han sentido tan libres. - Noticias<\/title>\n<meta name=\"robots\" content=\"index, follow, max-snippet:-1, max-image-preview:large, max-video-preview:-1\" \/>\n<link rel=\"canonical\" href=\"https:\/\/noticiasya.com\/2024\/09\/12\/nayiv-bukele-criticos-dictadura-libres-trax\/\" \/>\n<meta property=\"og:locale\" content=\"es_ES\" \/>\n<meta property=\"og:type\" content=\"article\" \/>\n<meta property=\"og:title\" content=\"Los cr\u00edticos denuncian que el gobierno de Nayib Bukele es una dictadura. Pero estas personas dicen que nunca se han sentido tan libres. - Noticias\" \/>\n<meta property=\"og:description\" content=\"San Salvador, El Salvador (CNN)&#8211;Durante d\u00e9cadas, las opciones de vida para muchos en El Salvador fueron sombr\u00edas: irse o morir. Apodada la \u201ccapital mundial del asesinato\u201d, hubo un promedio de un homicidio por hora a principios de 2016, en este pa\u00eds de solo 6 millones de habitantes, dos millones menos de los que viven en [&hellip;]\" \/>\n<meta property=\"og:url\" content=\"https:\/\/noticiasya.com\/2024\/09\/12\/nayiv-bukele-criticos-dictadura-libres-trax\/\" \/>\n<meta property=\"og:site_name\" content=\"Noticias\" \/>\n<meta property=\"article:published_time\" content=\"2024-09-12T21:04:04+00:00\" \/>\n<meta name=\"twitter:card\" content=\"summary_large_image\" \/>\n<meta name=\"twitter:label1\" content=\"Est. reading time\" \/>\n\t<meta name=\"twitter:data1\" content=\"17 minutos\" \/>\n<script type=\"application\/ld+json\" class=\"yoast-schema-graph\">{\"@context\":\"https:\/\/schema.org\",\"@graph\":[{\"@type\":\"Article\",\"@id\":\"https:\/\/noticiasya.com\/2024\/09\/12\/nayiv-bukele-criticos-dictadura-libres-trax\/#article\",\"isPartOf\":{\"@id\":\"https:\/\/noticiasya.com\/2024\/09\/12\/nayiv-bukele-criticos-dictadura-libres-trax\/\"},\"author\":{\"name\":\"\",\"@id\":\"\"},\"headline\":\"Los cr\u00edticos denuncian que el gobierno de Nayib Bukele es una dictadura. Pero estas personas dicen que nunca se han sentido tan libres.\",\"datePublished\":\"2024-09-12T21:04:04+00:00\",\"mainEntityOfPage\":{\"@id\":\"https:\/\/noticiasya.com\/2024\/09\/12\/nayiv-bukele-criticos-dictadura-libres-trax\/\"},\"wordCount\":3357,\"commentCount\":0,\"publisher\":{\"@id\":\"https:\/\/noticiasya.com\/#organization\"},\"articleSection\":[\"Noticias Nacionales\"],\"inLanguage\":\"es\",\"potentialAction\":[{\"@type\":\"CommentAction\",\"name\":\"Comment\",\"target\":[\"https:\/\/noticiasya.com\/2024\/09\/12\/nayiv-bukele-criticos-dictadura-libres-trax\/#respond\"]}]},{\"@type\":\"WebPage\",\"@id\":\"https:\/\/noticiasya.com\/2024\/09\/12\/nayiv-bukele-criticos-dictadura-libres-trax\/\",\"url\":\"https:\/\/noticiasya.com\/2024\/09\/12\/nayiv-bukele-criticos-dictadura-libres-trax\/\",\"name\":\"Los cr\u00edticos denuncian que el gobierno de Nayib Bukele es una dictadura. Pero estas personas dicen que nunca se han sentido tan libres. - Noticias\",\"isPartOf\":{\"@id\":\"https:\/\/noticiasya.com\/#website\"},\"datePublished\":\"2024-09-12T21:04:04+00:00\",\"breadcrumb\":{\"@id\":\"https:\/\/noticiasya.com\/2024\/09\/12\/nayiv-bukele-criticos-dictadura-libres-trax\/#breadcrumb\"},\"inLanguage\":\"es\",\"potentialAction\":[{\"@type\":\"ReadAction\",\"target\":[\"https:\/\/noticiasya.com\/2024\/09\/12\/nayiv-bukele-criticos-dictadura-libres-trax\/\"]}]},{\"@type\":\"BreadcrumbList\",\"@id\":\"https:\/\/noticiasya.com\/2024\/09\/12\/nayiv-bukele-criticos-dictadura-libres-trax\/#breadcrumb\",\"itemListElement\":[{\"@type\":\"ListItem\",\"position\":1,\"name\":\"Home\",\"item\":\"https:\/\/noticiasya.com\/\"},{\"@type\":\"ListItem\",\"position\":2,\"name\":\"Los cr\u00edticos denuncian que el gobierno de Nayib Bukele es una dictadura. Pero estas personas dicen que nunca se han sentido tan libres.\"}]},{\"@type\":\"WebSite\",\"@id\":\"https:\/\/noticiasya.com\/#website\",\"url\":\"https:\/\/noticiasya.com\/\",\"name\":\"Noticias\",\"description\":\"Lo que importa\",\"publisher\":{\"@id\":\"https:\/\/noticiasya.com\/#organization\"},\"potentialAction\":[{\"@type\":\"SearchAction\",\"target\":{\"@type\":\"EntryPoint\",\"urlTemplate\":\"https:\/\/noticiasya.com\/?s={search_term_string}\"},\"query-input\":{\"@type\":\"PropertyValueSpecification\",\"valueRequired\":true,\"valueName\":\"search_term_string\"}}],\"inLanguage\":\"es\"},{\"@type\":\"Organization\",\"@id\":\"https:\/\/noticiasya.com\/#organization\",\"name\":\"Noticias\",\"url\":\"https:\/\/noticiasya.com\/\",\"logo\":{\"@type\":\"ImageObject\",\"inLanguage\":\"es\",\"@id\":\"https:\/\/noticiasya.com\/#\/schema\/logo\/image\/\",\"url\":\"https:\/\/noticiasya.com\/wp-content\/uploads\/sites\/22\/2023\/12\/logo-nacional.png\",\"contentUrl\":\"https:\/\/noticiasya.com\/wp-content\/uploads\/sites\/22\/2023\/12\/logo-nacional.png\",\"width\":1801,\"height\":691,\"caption\":\"Noticias\"},\"image\":{\"@id\":\"https:\/\/noticiasya.com\/#\/schema\/logo\/image\/\"}}]}<\/script>\n<!-- \/ Yoast SEO plugin. -->","yoast_head_json":{"title":"Los cr\u00edticos denuncian que el gobierno de Nayib Bukele es una dictadura. Pero estas personas dicen que nunca se han sentido tan libres. - Noticias","robots":{"index":"index","follow":"follow","max-snippet":"max-snippet:-1","max-image-preview":"max-image-preview:large","max-video-preview":"max-video-preview:-1"},"canonical":"https:\/\/noticiasya.com\/2024\/09\/12\/nayiv-bukele-criticos-dictadura-libres-trax\/","og_locale":"es_ES","og_type":"article","og_title":"Los cr\u00edticos denuncian que el gobierno de Nayib Bukele es una dictadura. Pero estas personas dicen que nunca se han sentido tan libres. - Noticias","og_description":"San Salvador, El Salvador (CNN)&#8211;Durante d\u00e9cadas, las opciones de vida para muchos en El Salvador fueron sombr\u00edas: irse o morir. Apodada la \u201ccapital mundial del asesinato\u201d, hubo un promedio de un homicidio por hora a principios de 2016, en este pa\u00eds de solo 6 millones de habitantes, dos millones menos de los que viven en [&hellip;]","og_url":"https:\/\/noticiasya.com\/2024\/09\/12\/nayiv-bukele-criticos-dictadura-libres-trax\/","og_site_name":"Noticias","article_published_time":"2024-09-12T21:04:04+00:00","twitter_card":"summary_large_image","twitter_misc":{"Est. reading time":"17 minutos"},"schema":{"@context":"https:\/\/schema.org","@graph":[{"@type":"Article","@id":"https:\/\/noticiasya.com\/2024\/09\/12\/nayiv-bukele-criticos-dictadura-libres-trax\/#article","isPartOf":{"@id":"https:\/\/noticiasya.com\/2024\/09\/12\/nayiv-bukele-criticos-dictadura-libres-trax\/"},"author":{"name":"","@id":""},"headline":"Los cr\u00edticos denuncian que el gobierno de Nayib Bukele es una dictadura. Pero estas personas dicen que nunca se han sentido tan libres.","datePublished":"2024-09-12T21:04:04+00:00","mainEntityOfPage":{"@id":"https:\/\/noticiasya.com\/2024\/09\/12\/nayiv-bukele-criticos-dictadura-libres-trax\/"},"wordCount":3357,"commentCount":0,"publisher":{"@id":"https:\/\/noticiasya.com\/#organization"},"articleSection":["Noticias Nacionales"],"inLanguage":"es","potentialAction":[{"@type":"CommentAction","name":"Comment","target":["https:\/\/noticiasya.com\/2024\/09\/12\/nayiv-bukele-criticos-dictadura-libres-trax\/#respond"]}]},{"@type":"WebPage","@id":"https:\/\/noticiasya.com\/2024\/09\/12\/nayiv-bukele-criticos-dictadura-libres-trax\/","url":"https:\/\/noticiasya.com\/2024\/09\/12\/nayiv-bukele-criticos-dictadura-libres-trax\/","name":"Los cr\u00edticos denuncian que el gobierno de Nayib Bukele es una dictadura. Pero estas personas dicen que nunca se han sentido tan libres. - Noticias","isPartOf":{"@id":"https:\/\/noticiasya.com\/#website"},"datePublished":"2024-09-12T21:04:04+00:00","breadcrumb":{"@id":"https:\/\/noticiasya.com\/2024\/09\/12\/nayiv-bukele-criticos-dictadura-libres-trax\/#breadcrumb"},"inLanguage":"es","potentialAction":[{"@type":"ReadAction","target":["https:\/\/noticiasya.com\/2024\/09\/12\/nayiv-bukele-criticos-dictadura-libres-trax\/"]}]},{"@type":"BreadcrumbList","@id":"https:\/\/noticiasya.com\/2024\/09\/12\/nayiv-bukele-criticos-dictadura-libres-trax\/#breadcrumb","itemListElement":[{"@type":"ListItem","position":1,"name":"Home","item":"https:\/\/noticiasya.com\/"},{"@type":"ListItem","position":2,"name":"Los cr\u00edticos denuncian que el gobierno de Nayib Bukele es una dictadura. Pero estas personas dicen que nunca se han sentido tan libres."}]},{"@type":"WebSite","@id":"https:\/\/noticiasya.com\/#website","url":"https:\/\/noticiasya.com\/","name":"Noticias","description":"Lo que importa","publisher":{"@id":"https:\/\/noticiasya.com\/#organization"},"potentialAction":[{"@type":"SearchAction","target":{"@type":"EntryPoint","urlTemplate":"https:\/\/noticiasya.com\/?s={search_term_string}"},"query-input":{"@type":"PropertyValueSpecification","valueRequired":true,"valueName":"search_term_string"}}],"inLanguage":"es"},{"@type":"Organization","@id":"https:\/\/noticiasya.com\/#organization","name":"Noticias","url":"https:\/\/noticiasya.com\/","logo":{"@type":"ImageObject","inLanguage":"es","@id":"https:\/\/noticiasya.com\/#\/schema\/logo\/image\/","url":"https:\/\/noticiasya.com\/wp-content\/uploads\/sites\/22\/2023\/12\/logo-nacional.png","contentUrl":"https:\/\/noticiasya.com\/wp-content\/uploads\/sites\/22\/2023\/12\/logo-nacional.png","width":1801,"height":691,"caption":"Noticias"},"image":{"@id":"https:\/\/noticiasya.com\/#\/schema\/logo\/image\/"}}]}},"parsely":{"version":"1.1.0","canonical_url":"https:\/\/noticiasya.com\/midland-odessa\/2024\/09\/12\/nayiv-bukele-criticos-dictadura-libres-trax\/","smart_links":{"inbound":0,"outbound":0},"traffic_boost_suggestions_count":0,"meta":{"@context":"https:\/\/schema.org","@type":"NewsArticle","headline":"Los cr\u00edticos denuncian que el gobierno de Nayib Bukele es una dictadura. Pero estas personas dicen que nunca se han sentido tan libres.","url":"http:\/\/noticiasya.com\/midland-odessa\/2024\/09\/12\/nayiv-bukele-criticos-dictadura-libres-trax\/","mainEntityOfPage":{"@type":"WebPage","@id":"http:\/\/noticiasya.com\/midland-odessa\/2024\/09\/12\/nayiv-bukele-criticos-dictadura-libres-trax\/"},"thumbnailUrl":"","image":{"@type":"ImageObject","url":""},"articleSection":"Noticias Nacionales","author":[],"creator":[],"publisher":{"@type":"Organization","name":"Noticias","logo":""},"keywords":[],"dateCreated":"2024-09-12T21:04:04Z","datePublished":"2024-09-12T21:04:04Z","dateModified":"2024-09-12T21:04:04Z"},"rendered":"<script type=\"application\/ld+json\" class=\"wp-parsely-metadata\">{\"@context\":\"https:\\\/\\\/schema.org\",\"@type\":\"NewsArticle\",\"headline\":\"Los cr\\u00edticos denuncian que el gobierno de Nayib Bukele es una dictadura. Pero estas personas dicen que nunca se han sentido tan libres.\",\"url\":\"http:\\\/\\\/noticiasya.com\\\/midland-odessa\\\/2024\\\/09\\\/12\\\/nayiv-bukele-criticos-dictadura-libres-trax\\\/\",\"mainEntityOfPage\":{\"@type\":\"WebPage\",\"@id\":\"http:\\\/\\\/noticiasya.com\\\/midland-odessa\\\/2024\\\/09\\\/12\\\/nayiv-bukele-criticos-dictadura-libres-trax\\\/\"},\"thumbnailUrl\":\"\",\"image\":{\"@type\":\"ImageObject\",\"url\":\"\"},\"articleSection\":\"Noticias Nacionales\",\"author\":[],\"creator\":[],\"publisher\":{\"@type\":\"Organization\",\"name\":\"Noticias\",\"logo\":\"\"},\"keywords\":[],\"dateCreated\":\"2024-09-12T21:04:04Z\",\"datePublished\":\"2024-09-12T21:04:04Z\",\"dateModified\":\"2024-09-12T21:04:04Z\"}<\/script>","tracker_url":"https:\/\/cdn.parsely.com\/keys\/noticiasya.com\/p.js"},"jetpack_featured_media_url":"","jetpack-related-posts":[{"id":1457806,"url":"https:\/\/noticiasya.com\/midland-odessa\/2025\/01\/23\/trump-llamada-el-salvador-nayib-bukele-trax\/","url_meta":{"origin":1452607,"position":0},"title":"Trump hablar\u00e1 este jueves con el presidente de El Salvador, Nayib Bukele","author":"","date":"enero 23, 2025","format":false,"excerpt":"El presidente de Estados Unidos, Donald Trump, hablar\u00e1 este jueves con su par de El Salvador, Nayib Bukele. Se trata la segunda conversaci\u00f3n que se le conoce con un l\u00edder extranjero de mano dura desde que asumi\u00f3 el cargo esta semana.Bukele, que goza de una gran popularidad en su pa\u00eds,\u2026","rel":"","context":"In &quot;Noticias Nacionales&quot;","block_context":{"text":"Noticias Nacionales","link":"https:\/\/noticiasya.com\/midland-odessa\/categoria\/noticias-nacionales"},"img":{"alt_text":"","src":"","width":0,"height":0},"classes":[]},{"id":1456297,"url":"https:\/\/noticiasya.com\/midland-odessa\/2024\/12\/05\/nayib-bukele-celebra-aumento-valor-bitcoin-orix\/","url_meta":{"origin":1452607,"position":1},"title":"Presidente de El Salvador, Nayib Bukele, celebra el aumento del valor del bitcoin","author":"","date":"diciembre 5, 2024","format":false,"excerpt":"El presidente de El Salvador, Nayib Bukele, celebr\u00f3 este jueves el aumento de la cotizaci\u00f3n del bitcoin, que alcanz\u00f3 los US$ 100.000 este mi\u00e9rcoles.\u201cLas reservas de Bitcoin de nuestro pa\u00eds ahora valen un 127,30% m\u00e1s de lo que pagamos por ellas, lo que significa un incremento de m\u00e1s de US$\u2026","rel":"","context":"In &quot;Noticias Nacionales&quot;","block_context":{"text":"Noticias Nacionales","link":"https:\/\/noticiasya.com\/midland-odessa\/categoria\/noticias-nacionales"},"img":{"alt_text":"","src":"","width":0,"height":0},"classes":[]},{"id":1455829,"url":"https:\/\/noticiasya.com\/midland-odessa\/2024\/11\/14\/matt-gaetz-carceles-el-salvador-modelo-a-seguir-trax\/","url_meta":{"origin":1452607,"position":2},"title":"Matt Gaetz, quien supervisar\u00eda prisiones de EE.UU., piensa que las c\u00e1rceles de El Salvador son un modelo a seguir","author":"","date":"noviembre 14, 2024","format":false,"excerpt":"(CNN) --\u00a0Mientras estaba dentro de la resonante sala de la prisi\u00f3n, Matt Gaetz parec\u00eda impresionado.\"Hay mucha m\u00e1s disciplina en esta prisi\u00f3n de la que vemos en muchas de las prisiones en Estados Unidos\", dijo Gaetz, entonces congresista, ahora anunciado como la elecci\u00f3n del presidente electo Donald Trump para secretario de\u2026","rel":"","context":"In &quot;Noticias Nacionales&quot;","block_context":{"text":"Noticias Nacionales","link":"https:\/\/noticiasya.com\/midland-odessa\/categoria\/noticias-nacionales"},"img":{"alt_text":"","src":"","width":0,"height":0},"classes":[]},{"id":1459994,"url":"https:\/\/noticiasya.com\/midland-odessa\/2025\/03\/16\/el-salvador-miembros-tren-aragua-megaprision-bukele-orix\/","url_meta":{"origin":1452607,"position":3},"title":"El Salvador recibe a 238 supuestos miembros del Tren de Aragua y los env\u00eda a la megaprisi\u00f3n de Bukele","author":"","date":"marzo 16, 2025","format":false,"excerpt":"El presidente de El Salvador, Nayib Bukele, anunci\u00f3 este domingo que su pa\u00eds ha recibido a 238 supuestos miembros de la organizaci\u00f3n criminal Tren de Aragua, quienes fueron trasladados desde Estados Unidos bajo \u00f3rdenes del presidente Donald Trump.\u201cQuiero expresar mi sincero agradecimiento al presidente Nayib Bukele de El Salvador por\u2026","rel":"","context":"In &quot;Noticias Nacionales&quot;","block_context":{"text":"Noticias Nacionales","link":"https:\/\/noticiasya.com\/midland-odessa\/categoria\/noticias-nacionales"},"img":{"alt_text":"","src":"","width":0,"height":0},"classes":[]},{"id":1461347,"url":"https:\/\/noticiasya.com\/midland-odessa\/2025\/04\/18\/kilmar-abrego-garcia-nayib-bukele-tuit-orix\/","url_meta":{"origin":1452607,"position":4},"title":"El pol\u00e9mico tuit de Bukele sobre \u00c1brego Garc\u00eda: &#171;Milagrosamente resucitado de los \u2018campos de muerte\u2019 y \u2018tortura\u2019&#187;","author":"","date":"abril 18, 2025","format":false,"excerpt":"Mientras la situaci\u00f3n de Kilmar \u00c1brego Garc\u00eda, el salvadore\u00f1o deportado de Estados Unidos por error, sigue su curso en los tribunales, el senador dem\u00f3crata Chris Van Hollen logr\u00f3 reunirse con \u00e9l en El Salvador este jueves. El presidente Nayib Bukele aprovech\u00f3 la oportunidad para ironizar sobre la situaci\u00f3n.\u201c\u00a1Kilmar \u00c1brego Garc\u00eda,\u2026","rel":"","context":"In &quot;Noticias Nacionales&quot;","block_context":{"text":"Noticias Nacionales","link":"https:\/\/noticiasya.com\/midland-odessa\/categoria\/noticias-nacionales"},"img":{"alt_text":"","src":"","width":0,"height":0},"classes":[]},{"id":1446119,"url":"https:\/\/noticiasya.com\/midland-odessa\/2024\/02\/29\/nayib-bukele-felix-ulloa-reciben-credenciales-triunfo-electoral-el-salvador-orix\/","url_meta":{"origin":1452607,"position":5},"title":"Nayib Bukele y F\u00e9lix Ulloa reciben credenciales de triunfo electoral en El Salvador","author":"","date":"febrero 29, 2024","format":false,"excerpt":"(CNN Espa\u00f1ol) \u2013\u2013\u00a0El Tribunal Supremo Electoral de El Salvador entreg\u00f3 este jueves las credenciales de triunfo como presidente y vicepresidente electos a Nayib Bukele y F\u00e9lix Ulloa para el periodo 2024-2029.Con la certificaci\u00f3n de los resultados de las elecciones presidenciales, Bukele y Ulloa est\u00e1n listos para asumir los cargos para\u2026","rel":"","context":"In &quot;Noticias Nacionales&quot;","block_context":{"text":"Noticias Nacionales","link":"https:\/\/noticiasya.com\/midland-odessa\/categoria\/noticias-nacionales"},"img":{"alt_text":"","src":"","width":0,"height":0},"classes":[]}],"jetpack_sharing_enabled":true,"_links":{"self":[{"href":"https:\/\/noticiasya.com\/midland-odessa\/wp-json\/wp\/v2\/posts\/1452607","targetHints":{"allow":["GET"]}}],"collection":[{"href":"https:\/\/noticiasya.com\/midland-odessa\/wp-json\/wp\/v2\/posts"}],"about":[{"href":"https:\/\/noticiasya.com\/midland-odessa\/wp-json\/wp\/v2\/types\/post"}],"replies":[{"embeddable":true,"href":"https:\/\/noticiasya.com\/midland-odessa\/wp-json\/wp\/v2\/comments?post=1452607"}],"version-history":[{"count":0,"href":"https:\/\/noticiasya.com\/midland-odessa\/wp-json\/wp\/v2\/posts\/1452607\/revisions"}],"wp:attachment":[{"href":"https:\/\/noticiasya.com\/midland-odessa\/wp-json\/wp\/v2\/media?parent=1452607"}],"wp:term":[{"taxonomy":"category","embeddable":true,"href":"https:\/\/noticiasya.com\/midland-odessa\/wp-json\/wp\/v2\/categories?post=1452607"},{"taxonomy":"post_tag","embeddable":true,"href":"https:\/\/noticiasya.com\/midland-odessa\/wp-json\/wp\/v2\/tags?post=1452607"}],"curies":[{"name":"wp","href":"https:\/\/api.w.org\/{rel}","templated":true}]}}