{"id":1452610,"date":"2024-09-12T14:04:04","date_gmt":"2024-09-12T21:04:04","guid":{"rendered":"https:\/\/noticiasya.com\/2024\/09\/12\/gobernador-sinaloa-suspension-clases-cinco-municipios-violencia-orix\/"},"modified":"2024-09-12T14:04:04","modified_gmt":"2024-09-12T21:04:04","slug":"gobernador-sinaloa-suspension-clases-cinco-municipios-violencia-orix","status":"publish","type":"post","link":"https:\/\/noticiasya.com\/midland-odessa\/2024\/09\/12\/gobernador-sinaloa-suspension-clases-cinco-municipios-violencia-orix\/","title":{"rendered":"Gobernador de Sinaloa ordena la suspensi\u00f3n de clases en cinco municipios y de los festejos por la independencia debido a la violencia"},"content":{"rendered":"<p>(CNN Espa\u00f1ol) &#8212; El gobernador de Sinaloa, Rub\u00e9n Rocha Moya, anunci\u00f3 este jueves la suspensi\u00f3n de clases en todos los niveles en cinco municipios de su estado, en el noroeste del pa\u00eds, entre ellos la capital, Culiac\u00e1n, y de los festejos por el Grito del 15 de septiembre, debido a la creciente violencia.<\/p>\n<p>&#171;Informo a la sociedad sinaloense, que se suspenden las actividades escolares en los municipios de Culiac\u00e1n, Elota, Cosal\u00e1 y San Ignacio, el d\u00eda de hoy 12 de septiembre de 2024, en todos los niveles y modalidades educativas&#187;, indic\u00f3 Rocha Moya en una publicaci\u00f3n de X, antes Twitter.<\/p>\n<p>Cronolog\u00eda del caso del Mayo Zambada y Joaqu\u00edn Guzm\u00e1n L\u00f3pez: de las detenciones en El Paso hasta una acusaci\u00f3n de secuestro<\/p>\n<p>Rocha Moya tambi\u00e9n suspendi\u00f3 los festejos por el Grito del 15 de septiembre en Sinaloa, en el noroeste de M\u00e9xico, y advirti\u00f3 que se podr\u00edan presentar enfrentamientos entre bandas criminales en el estado, en el noroeste de M\u00e9xico.<\/p>\n<p>\u201cHemos resuelto que el festejo del Grito del 15 de septiembre va a ser suspendido. No habr\u00e1 festejo alguno, ni p\u00fablico ni privado\u201d, anunci\u00f3 en un video publicado en su cuenta de X.<\/p>\n<p>Adem\u00e1s, Rocha Moya agreg\u00f3 que tomaron la medida preventiva de suspender clases hasta el pr\u00f3ximo martes 17 de septiembre en los cinco municipios de Sinaloa.<\/p>\n<p>Por su parte el presidente de M\u00e9xico, Andr\u00e9s Manuel L\u00f3pez Obrador, dijo tambi\u00e9n este jueves que su Gobierno cuenta con \u201cpresencia suficiente para garantizar la paz y tranquilidad\u201d en Sinaloa, y asegur\u00f3 tambi\u00e9n que la violencia responde a enfrentamientos \u201centre dos grupos\u201d.<\/p>\n<p>Foco de violencia<\/p>\n<p>El mi\u00e9rcoles Rocha Moya hab\u00eda dicho que era \u201cprobable\u201d que \u201ctengamos algunos eventos de presencia de grupos armados\u201d, en un mensaje publicado tambi\u00e9n en X.<\/p>\n<p>En su mensaje el gobernador Rocha Moya se\u00f1al\u00f3: \u201cEstamos inmediatamente ante el foco de violencia que se presente, en el momento que este sea. Por ello, quiero manifestarle a la poblaci\u00f3n que, siendo responsables, tenemos que admitir que pueden seguirse presentando estos eventos de violencia\u201d.<\/p>\n<p>El gobernador dijo tambi\u00e9n que ya llegaron \u201ccuatro aviones tipo Texas, helic\u00f3pteros y 100 elementos de fuerzas especiales\u201d enviados por el gobierno de L\u00f3pez Obrador para mitigar la ola de violencia.<\/p>\n<p>Rub\u00e9n Rocha Moya, gobernador del estado mexicano de Sinaloa. (Cr\u00e9dito: @rochamoya_).<\/p>\n<p>\u201cNosotros los estamos cuidando. Tenemos ese operativo que nos est\u00e1 dando resultados y nos va a seguir dando resultados. Por fortuna, el refuerzo especializado y las fuerzas nuestras instaladas en Sinaloa van a seguir cuidando a la poblaci\u00f3n. Atiendan lo que nosotros les damos a trav\u00e9s de los medios oficiales y vamos a tener condiciones de seguridad. Tengan confianza. Cu\u00eddense. Nosotros los vamos a cuidar\u201d, indic\u00f3.<\/p>\n<p>El lunes, al menos una persona muri\u00f3 y dos militares resultaron heridos durante los enfrentamientos registrados entre civiles armados en el estado ubicado en el noroeste de M\u00e9xico. La violencia incluso oblig\u00f3 a suspender las clases en dos ciudades.<\/p>\n<p>La Universidad Aut\u00f3noma de Sinaloa anunci\u00f3 ese mismo d\u00eda y como medida &#171;preventiva&#187; que convocar\u00eda de forma virtual sus clases en todos los niveles. La UAS tiene unos 5.333 alumnos, de acuerdo con cifras oficiales de 2019.<\/p>\n<p>&#171;Como medida preventiva y ante los hechos violentos que se registran en Culiac\u00e1n, Badiraguato, Navolato, Elota y Eldorado, se le informa a la comunidad universitaria que este 10 de septiembre las clases se llevar\u00e1n a cabo de manera virtual en todos los niveles\u201d, se\u00f1ala el comunicado&#187;.<\/p>\n<p>El anuncio de Rocha Moya se produce un mes despu\u00e9s de que el gobernador rechazara firmemente las declaraciones de Ismael &#171;el Mayo&#187; Zambada, presunto fundador del cartel de Sinaloa y actualmente encarcelado en EE.UU. tras su arresto el 25 de julio, quien en una carta difundida por su abogado se\u00f1al\u00f3 que el gobernador de Sinaloa acudi\u00f3 a una supuesta reuni\u00f3n que habr\u00eda servido como coartada para su captura.<\/p>\n<p>Zambada actualmente espera su traslado desde El Paso, Texas, a una c\u00e1rcel en Nueva York, donde enfrentar\u00e1 cargos por presunto narcotr\u00e1fico, entre otros delitos.<\/p>\n<p>Con informaci\u00f3n de Marlon Sorto.<\/p>\n<p>The-CNN-Wire<br \/>&trade; &amp; &copy; 2024 Cable News Network, Inc., a Warner Bros. Discovery Company. All rights reserved.<\/p>\n","protected":false},"excerpt":{"rendered":"<p>(CNN Espa\u00f1ol) &#8212; El gobernador de Sinaloa, Rub\u00e9n Rocha Moya, anunci\u00f3 este jueves la suspensi\u00f3n de clases en todos los niveles en cinco municipios de su estado, en el noroeste del pa\u00eds, entre ellos la capital, Culiac\u00e1n, y de los festejos por el Grito del 15 de septiembre, debido a la creciente violencia. &#171;Informo a [&hellip;]<\/p>\n","protected":false},"author":0,"featured_media":0,"comment_status":"open","ping_status":"open","sticky":false,"template":"","format":"standard","meta":{"_jetpack_memberships_contains_paid_content":false,"footnotes":""},"categories":[10],"tags":[],"class_list":["post-1452610","post","type-post","status-publish","format-standard","hentry","category-noticias-nacionales","market-global"],"yoast_head":"<!-- This site is optimized with the Yoast SEO plugin v24.4 - https:\/\/yoast.com\/wordpress\/plugins\/seo\/ -->\n<title>Gobernador de Sinaloa ordena la suspensi\u00f3n de clases en cinco municipios y de los festejos por la independencia debido a la violencia - Noticias<\/title>\n<meta name=\"robots\" content=\"index, follow, max-snippet:-1, max-image-preview:large, max-video-preview:-1\" \/>\n<link rel=\"canonical\" href=\"https:\/\/noticiasya.com\/2024\/09\/12\/gobernador-sinaloa-suspension-clases-cinco-municipios-violencia-orix\/\" \/>\n<meta property=\"og:locale\" content=\"es_ES\" \/>\n<meta property=\"og:type\" content=\"article\" \/>\n<meta property=\"og:title\" content=\"Gobernador de Sinaloa ordena la suspensi\u00f3n de clases en cinco municipios y de los festejos por la independencia debido a la violencia - Noticias\" \/>\n<meta property=\"og:description\" content=\"(CNN Espa\u00f1ol) &#8212; El gobernador de Sinaloa, Rub\u00e9n Rocha Moya, anunci\u00f3 este jueves la suspensi\u00f3n de clases en todos los niveles en cinco municipios de su estado, en el noroeste del pa\u00eds, entre ellos la capital, Culiac\u00e1n, y de los festejos por el Grito del 15 de septiembre, debido a la creciente violencia. &#171;Informo a [&hellip;]\" \/>\n<meta property=\"og:url\" content=\"https:\/\/noticiasya.com\/2024\/09\/12\/gobernador-sinaloa-suspension-clases-cinco-municipios-violencia-orix\/\" \/>\n<meta property=\"og:site_name\" content=\"Noticias\" \/>\n<meta property=\"article:published_time\" content=\"2024-09-12T21:04:04+00:00\" \/>\n<meta name=\"twitter:card\" content=\"summary_large_image\" \/>\n<meta name=\"twitter:label1\" content=\"Est. reading time\" \/>\n\t<meta name=\"twitter:data1\" content=\"4 minutos\" \/>\n<script type=\"application\/ld+json\" class=\"yoast-schema-graph\">{\"@context\":\"https:\/\/schema.org\",\"@graph\":[{\"@type\":\"Article\",\"@id\":\"https:\/\/noticiasya.com\/2024\/09\/12\/gobernador-sinaloa-suspension-clases-cinco-municipios-violencia-orix\/#article\",\"isPartOf\":{\"@id\":\"https:\/\/noticiasya.com\/2024\/09\/12\/gobernador-sinaloa-suspension-clases-cinco-municipios-violencia-orix\/\"},\"author\":{\"name\":\"\",\"@id\":\"\"},\"headline\":\"Gobernador de Sinaloa ordena la suspensi\u00f3n de clases en cinco municipios y de los festejos por la independencia debido a la violencia\",\"datePublished\":\"2024-09-12T21:04:04+00:00\",\"mainEntityOfPage\":{\"@id\":\"https:\/\/noticiasya.com\/2024\/09\/12\/gobernador-sinaloa-suspension-clases-cinco-municipios-violencia-orix\/\"},\"wordCount\":740,\"commentCount\":0,\"publisher\":{\"@id\":\"https:\/\/noticiasya.com\/#organization\"},\"articleSection\":[\"Noticias Nacionales\"],\"inLanguage\":\"es\",\"potentialAction\":[{\"@type\":\"CommentAction\",\"name\":\"Comment\",\"target\":[\"https:\/\/noticiasya.com\/2024\/09\/12\/gobernador-sinaloa-suspension-clases-cinco-municipios-violencia-orix\/#respond\"]}]},{\"@type\":\"WebPage\",\"@id\":\"https:\/\/noticiasya.com\/2024\/09\/12\/gobernador-sinaloa-suspension-clases-cinco-municipios-violencia-orix\/\",\"url\":\"https:\/\/noticiasya.com\/2024\/09\/12\/gobernador-sinaloa-suspension-clases-cinco-municipios-violencia-orix\/\",\"name\":\"Gobernador de Sinaloa ordena la suspensi\u00f3n de clases en cinco municipios y de los festejos por la independencia debido a la violencia - Noticias\",\"isPartOf\":{\"@id\":\"https:\/\/noticiasya.com\/#website\"},\"datePublished\":\"2024-09-12T21:04:04+00:00\",\"breadcrumb\":{\"@id\":\"https:\/\/noticiasya.com\/2024\/09\/12\/gobernador-sinaloa-suspension-clases-cinco-municipios-violencia-orix\/#breadcrumb\"},\"inLanguage\":\"es\",\"potentialAction\":[{\"@type\":\"ReadAction\",\"target\":[\"https:\/\/noticiasya.com\/2024\/09\/12\/gobernador-sinaloa-suspension-clases-cinco-municipios-violencia-orix\/\"]}]},{\"@type\":\"BreadcrumbList\",\"@id\":\"https:\/\/noticiasya.com\/2024\/09\/12\/gobernador-sinaloa-suspension-clases-cinco-municipios-violencia-orix\/#breadcrumb\",\"itemListElement\":[{\"@type\":\"ListItem\",\"position\":1,\"name\":\"Home\",\"item\":\"https:\/\/noticiasya.com\/\"},{\"@type\":\"ListItem\",\"position\":2,\"name\":\"Gobernador de Sinaloa ordena la suspensi\u00f3n de clases en cinco municipios y de los festejos por la independencia debido a la violencia\"}]},{\"@type\":\"WebSite\",\"@id\":\"https:\/\/noticiasya.com\/#website\",\"url\":\"https:\/\/noticiasya.com\/\",\"name\":\"Noticias\",\"description\":\"Lo que importa\",\"publisher\":{\"@id\":\"https:\/\/noticiasya.com\/#organization\"},\"potentialAction\":[{\"@type\":\"SearchAction\",\"target\":{\"@type\":\"EntryPoint\",\"urlTemplate\":\"https:\/\/noticiasya.com\/?s={search_term_string}\"},\"query-input\":{\"@type\":\"PropertyValueSpecification\",\"valueRequired\":true,\"valueName\":\"search_term_string\"}}],\"inLanguage\":\"es\"},{\"@type\":\"Organization\",\"@id\":\"https:\/\/noticiasya.com\/#organization\",\"name\":\"Noticias\",\"url\":\"https:\/\/noticiasya.com\/\",\"logo\":{\"@type\":\"ImageObject\",\"inLanguage\":\"es\",\"@id\":\"https:\/\/noticiasya.com\/#\/schema\/logo\/image\/\",\"url\":\"https:\/\/noticiasya.com\/wp-content\/uploads\/sites\/22\/2023\/12\/logo-nacional.png\",\"contentUrl\":\"https:\/\/noticiasya.com\/wp-content\/uploads\/sites\/22\/2023\/12\/logo-nacional.png\",\"width\":1801,\"height\":691,\"caption\":\"Noticias\"},\"image\":{\"@id\":\"https:\/\/noticiasya.com\/#\/schema\/logo\/image\/\"}}]}<\/script>\n<!-- \/ Yoast SEO plugin. -->","yoast_head_json":{"title":"Gobernador de Sinaloa ordena la suspensi\u00f3n de clases en cinco municipios y de los festejos por la independencia debido a la violencia - Noticias","robots":{"index":"index","follow":"follow","max-snippet":"max-snippet:-1","max-image-preview":"max-image-preview:large","max-video-preview":"max-video-preview:-1"},"canonical":"https:\/\/noticiasya.com\/2024\/09\/12\/gobernador-sinaloa-suspension-clases-cinco-municipios-violencia-orix\/","og_locale":"es_ES","og_type":"article","og_title":"Gobernador de Sinaloa ordena la suspensi\u00f3n de clases en cinco municipios y de los festejos por la independencia debido a la violencia - Noticias","og_description":"(CNN Espa\u00f1ol) &#8212; El gobernador de Sinaloa, Rub\u00e9n Rocha Moya, anunci\u00f3 este jueves la suspensi\u00f3n de clases en todos los niveles en cinco municipios de su estado, en el noroeste del pa\u00eds, entre ellos la capital, Culiac\u00e1n, y de los festejos por el Grito del 15 de septiembre, debido a la creciente violencia. &#171;Informo a [&hellip;]","og_url":"https:\/\/noticiasya.com\/2024\/09\/12\/gobernador-sinaloa-suspension-clases-cinco-municipios-violencia-orix\/","og_site_name":"Noticias","article_published_time":"2024-09-12T21:04:04+00:00","twitter_card":"summary_large_image","twitter_misc":{"Est. reading time":"4 minutos"},"schema":{"@context":"https:\/\/schema.org","@graph":[{"@type":"Article","@id":"https:\/\/noticiasya.com\/2024\/09\/12\/gobernador-sinaloa-suspension-clases-cinco-municipios-violencia-orix\/#article","isPartOf":{"@id":"https:\/\/noticiasya.com\/2024\/09\/12\/gobernador-sinaloa-suspension-clases-cinco-municipios-violencia-orix\/"},"author":{"name":"","@id":""},"headline":"Gobernador de Sinaloa ordena la suspensi\u00f3n de clases en cinco municipios y de los festejos por la independencia debido a la violencia","datePublished":"2024-09-12T21:04:04+00:00","mainEntityOfPage":{"@id":"https:\/\/noticiasya.com\/2024\/09\/12\/gobernador-sinaloa-suspension-clases-cinco-municipios-violencia-orix\/"},"wordCount":740,"commentCount":0,"publisher":{"@id":"https:\/\/noticiasya.com\/#organization"},"articleSection":["Noticias Nacionales"],"inLanguage":"es","potentialAction":[{"@type":"CommentAction","name":"Comment","target":["https:\/\/noticiasya.com\/2024\/09\/12\/gobernador-sinaloa-suspension-clases-cinco-municipios-violencia-orix\/#respond"]}]},{"@type":"WebPage","@id":"https:\/\/noticiasya.com\/2024\/09\/12\/gobernador-sinaloa-suspension-clases-cinco-municipios-violencia-orix\/","url":"https:\/\/noticiasya.com\/2024\/09\/12\/gobernador-sinaloa-suspension-clases-cinco-municipios-violencia-orix\/","name":"Gobernador de Sinaloa ordena la suspensi\u00f3n de clases en cinco municipios y de los festejos por la independencia debido a la violencia - Noticias","isPartOf":{"@id":"https:\/\/noticiasya.com\/#website"},"datePublished":"2024-09-12T21:04:04+00:00","breadcrumb":{"@id":"https:\/\/noticiasya.com\/2024\/09\/12\/gobernador-sinaloa-suspension-clases-cinco-municipios-violencia-orix\/#breadcrumb"},"inLanguage":"es","potentialAction":[{"@type":"ReadAction","target":["https:\/\/noticiasya.com\/2024\/09\/12\/gobernador-sinaloa-suspension-clases-cinco-municipios-violencia-orix\/"]}]},{"@type":"BreadcrumbList","@id":"https:\/\/noticiasya.com\/2024\/09\/12\/gobernador-sinaloa-suspension-clases-cinco-municipios-violencia-orix\/#breadcrumb","itemListElement":[{"@type":"ListItem","position":1,"name":"Home","item":"https:\/\/noticiasya.com\/"},{"@type":"ListItem","position":2,"name":"Gobernador de Sinaloa ordena la suspensi\u00f3n de clases en cinco municipios y de los festejos por la independencia debido a la violencia"}]},{"@type":"WebSite","@id":"https:\/\/noticiasya.com\/#website","url":"https:\/\/noticiasya.com\/","name":"Noticias","description":"Lo que importa","publisher":{"@id":"https:\/\/noticiasya.com\/#organization"},"potentialAction":[{"@type":"SearchAction","target":{"@type":"EntryPoint","urlTemplate":"https:\/\/noticiasya.com\/?s={search_term_string}"},"query-input":{"@type":"PropertyValueSpecification","valueRequired":true,"valueName":"search_term_string"}}],"inLanguage":"es"},{"@type":"Organization","@id":"https:\/\/noticiasya.com\/#organization","name":"Noticias","url":"https:\/\/noticiasya.com\/","logo":{"@type":"ImageObject","inLanguage":"es","@id":"https:\/\/noticiasya.com\/#\/schema\/logo\/image\/","url":"https:\/\/noticiasya.com\/wp-content\/uploads\/sites\/22\/2023\/12\/logo-nacional.png","contentUrl":"https:\/\/noticiasya.com\/wp-content\/uploads\/sites\/22\/2023\/12\/logo-nacional.png","width":1801,"height":691,"caption":"Noticias"},"image":{"@id":"https:\/\/noticiasya.com\/#\/schema\/logo\/image\/"}}]}},"parsely":{"version":"1.1.0","canonical_url":"https:\/\/noticiasya.com\/midland-odessa\/2024\/09\/12\/gobernador-sinaloa-suspension-clases-cinco-municipios-violencia-orix\/","smart_links":{"inbound":0,"outbound":0},"traffic_boost_suggestions_count":0,"meta":{"@context":"https:\/\/schema.org","@type":"NewsArticle","headline":"Gobernador de Sinaloa ordena la suspensi\u00f3n de clases en cinco municipios y de los festejos por la independencia debido a la violencia","url":"http:\/\/noticiasya.com\/midland-odessa\/2024\/09\/12\/gobernador-sinaloa-suspension-clases-cinco-municipios-violencia-orix\/","mainEntityOfPage":{"@type":"WebPage","@id":"http:\/\/noticiasya.com\/midland-odessa\/2024\/09\/12\/gobernador-sinaloa-suspension-clases-cinco-municipios-violencia-orix\/"},"thumbnailUrl":"","image":{"@type":"ImageObject","url":""},"articleSection":"Noticias Nacionales","author":[],"creator":[],"publisher":{"@type":"Organization","name":"Noticias","logo":""},"keywords":[],"dateCreated":"2024-09-12T21:04:04Z","datePublished":"2024-09-12T21:04:04Z","dateModified":"2024-09-12T21:04:04Z"},"rendered":"<script type=\"application\/ld+json\" class=\"wp-parsely-metadata\">{\"@context\":\"https:\\\/\\\/schema.org\",\"@type\":\"NewsArticle\",\"headline\":\"Gobernador de Sinaloa ordena la suspensi\\u00f3n de clases en cinco municipios y de los festejos por la independencia debido a la violencia\",\"url\":\"http:\\\/\\\/noticiasya.com\\\/midland-odessa\\\/2024\\\/09\\\/12\\\/gobernador-sinaloa-suspension-clases-cinco-municipios-violencia-orix\\\/\",\"mainEntityOfPage\":{\"@type\":\"WebPage\",\"@id\":\"http:\\\/\\\/noticiasya.com\\\/midland-odessa\\\/2024\\\/09\\\/12\\\/gobernador-sinaloa-suspension-clases-cinco-municipios-violencia-orix\\\/\"},\"thumbnailUrl\":\"\",\"image\":{\"@type\":\"ImageObject\",\"url\":\"\"},\"articleSection\":\"Noticias Nacionales\",\"author\":[],\"creator\":[],\"publisher\":{\"@type\":\"Organization\",\"name\":\"Noticias\",\"logo\":\"\"},\"keywords\":[],\"dateCreated\":\"2024-09-12T21:04:04Z\",\"datePublished\":\"2024-09-12T21:04:04Z\",\"dateModified\":\"2024-09-12T21:04:04Z\"}<\/script>","tracker_url":"https:\/\/cdn.parsely.com\/keys\/noticiasya.com\/p.js"},"jetpack_featured_media_url":"","jetpack-related-posts":[{"id":1452674,"url":"https:\/\/noticiasya.com\/midland-odessa\/2024\/09\/14\/violencia-sinaloa-muertos-ultimas-24-horas-trax\/","url_meta":{"origin":1452610,"position":0},"title":"La violencia en Sinaloa deja al menos siete muertos en las \u00faltimas 24 horas, seg\u00fan fiscal\u00eda","author":"","date":"septiembre 14, 2024","format":false,"excerpt":"(CNN) --\u00a0 Al menos siete personas han muerto en las \u00faltimas 24 horas en Sinaloa, en el noroeste de M\u00e9xico, seg\u00fan inform\u00f3 el viernes la fiscal\u00eda del estado.Sinaloa, y en particular su capital, Culiac\u00e1n, y sus alrededores, enfrentan un aumento en la violencia desde el lunes 9 de septiembre debido\u2026","rel":"","context":"In &quot;Noticias Nacionales&quot;","block_context":{"text":"Noticias Nacionales","link":"https:\/\/noticiasya.com\/midland-odessa\/categoria\/noticias-nacionales"},"img":{"alt_text":"","src":"","width":0,"height":0},"classes":[]},{"id":1452722,"url":"https:\/\/noticiasya.com\/midland-odessa\/2024\/09\/16\/diocesis-culiacan-en-mexico-mantenerse-unidos-escalada-violencia\/","url_meta":{"origin":1452610,"position":1},"title":"Di\u00f3cesis de Culiac\u00e1n en M\u00e9xico llama a &#171;mantenerse unidos&#187; ante la escalada de violencia","author":"","date":"septiembre 16, 2024","format":false,"excerpt":"(CNN Espa\u00f1ol) --\u00a0La di\u00f3cesis de Culiac\u00e1n en Sinaloa encabez\u00f3 una misa por la paz este domingo tras un fin de semana azotado por la violencia que dej\u00f3 un saldo de m\u00e1s de 10 homicidios.Jes\u00fas Herrera Qui\u00f1onez, obispo de Culiac\u00e1n, dijo este domingo que no hay que dejar \u201cque un grupo\u2026","rel":"","context":"In &quot;Noticias Nacionales&quot;","block_context":{"text":"Noticias Nacionales","link":"https:\/\/noticiasya.com\/midland-odessa\/categoria\/noticias-nacionales"},"img":{"alt_text":"","src":"","width":0,"height":0},"classes":[]},{"id":1452583,"url":"https:\/\/noticiasya.com\/midland-odessa\/2024\/09\/10\/universidad-sinaloa-clases-virtuales-ola-de-violencia-orix\/","url_meta":{"origin":1452610,"position":2},"title":"La Universidad Aut\u00f3noma de Sinaloa llama a clases virtuales ante ola de violencia","author":"","date":"septiembre 10, 2024","format":false,"excerpt":"(CNN Espa\u00f1ol) -- La Universidad Aut\u00f3noma de Sinaloa anunci\u00f3 este lunes que como medida \"preventiva\", convocar\u00eda de forma virtual sus clases en todos los niveles por la ola de violencia. La UAS tiene unos 5.333 alumnos, de acuerdo con cifras oficiales de 2019.\"Como medida preventiva y ante los hechos violentos\u2026","rel":"","context":"In &quot;Noticias Nacionales&quot;","block_context":{"text":"Noticias Nacionales","link":"https:\/\/noticiasya.com\/midland-odessa\/categoria\/noticias-nacionales"},"img":{"alt_text":"","src":"","width":0,"height":0},"classes":[]},{"id":1466471,"url":"https:\/\/noticiasya.com\/midland-odessa\/2025\/09\/15\/sinaloa-cancela-festejos-grito-independencia-violencia-orix\/","url_meta":{"origin":1452610,"position":3},"title":"Sinaloa cancela festejos por el Grito de Independencia en medio de la creciente violencia","author":"","date":"septiembre 15, 2025","format":false,"excerpt":"El Grito de la Independencia en Sinaloa, M\u00e9xico, se conmemorar\u00e1 solo con un acto c\u00edvico. El gobernador del estado, Rub\u00e9n Rocha Moya, anunci\u00f3 este domingo la cancelaci\u00f3n de los festejos patrios, en medio de la ola de violencia que se vive en la regi\u00f3n.\u201cComo gobernador de Sinaloa, honrando mi deber\u2026","rel":"","context":"In &quot;Noticias Nacionales&quot;","block_context":{"text":"Noticias Nacionales","link":"https:\/\/noticiasya.com\/midland-odessa\/categoria\/noticias-nacionales"},"img":{"alt_text":"","src":"","width":0,"height":0},"classes":[]},{"id":1453139,"url":"https:\/\/noticiasya.com\/midland-odessa\/2024\/09\/27\/81-personas-muertas-ola-de-violencia-sinaloa-orix\/","url_meta":{"origin":1452610,"position":4},"title":"Sube a al menos 81 personas muertas por ola de violencia en Sinaloa desde el 9 de septiembre, seg\u00fan las autoridades","author":"","date":"septiembre 27, 2024","format":false,"excerpt":"(CNN Espa\u00f1ol) -- Al menos 28 personas murieron entre el 21 y 26 de septiembre en Sinaloa, en el noreste de M\u00e9xico, de acuerdo con datos de la Fiscal\u00eda del estado.Con esta cifra, aumenta a 81 el n\u00famero de muertos desde que el 9 de septiembre se desat\u00f3 una ola\u2026","rel":"","context":"In &quot;Noticias Nacionales&quot;","block_context":{"text":"Noticias Nacionales","link":"https:\/\/noticiasya.com\/midland-odessa\/categoria\/noticias-nacionales"},"img":{"alt_text":"","src":"","width":0,"height":0},"classes":[]},{"id":1447278,"url":"https:\/\/noticiasya.com\/midland-odessa\/2024\/03\/23\/secuestrados-culiacan-sinaloa-orix\/","url_meta":{"origin":1452610,"position":5},"title":"Liberan a 42 de los 66 secuestrados en Culiac\u00e1n, seg\u00fan gobernaci\u00f3n de Sinaloa","author":"","date":"marzo 23, 2024","format":false,"excerpt":"(CNN Espa\u00f1ol) -- Al menos 66 personas habr\u00edan sido secuestradas este viernes en Culiac\u00e1n, en el estado mexicano de Sinaloa, de las cuales hasta el momento 42 ya fueron liberadas mediante un operativo de las fuerzas de seguridad, inform\u00f3 este s\u00e1bado en la red social X (antes Twitter), el gobernador\u2026","rel":"","context":"In &quot;Noticias Nacionales&quot;","block_context":{"text":"Noticias Nacionales","link":"https:\/\/noticiasya.com\/midland-odessa\/categoria\/noticias-nacionales"},"img":{"alt_text":"","src":"","width":0,"height":0},"classes":[]}],"jetpack_sharing_enabled":true,"_links":{"self":[{"href":"https:\/\/noticiasya.com\/midland-odessa\/wp-json\/wp\/v2\/posts\/1452610","targetHints":{"allow":["GET"]}}],"collection":[{"href":"https:\/\/noticiasya.com\/midland-odessa\/wp-json\/wp\/v2\/posts"}],"about":[{"href":"https:\/\/noticiasya.com\/midland-odessa\/wp-json\/wp\/v2\/types\/post"}],"replies":[{"embeddable":true,"href":"https:\/\/noticiasya.com\/midland-odessa\/wp-json\/wp\/v2\/comments?post=1452610"}],"version-history":[{"count":0,"href":"https:\/\/noticiasya.com\/midland-odessa\/wp-json\/wp\/v2\/posts\/1452610\/revisions"}],"wp:attachment":[{"href":"https:\/\/noticiasya.com\/midland-odessa\/wp-json\/wp\/v2\/media?parent=1452610"}],"wp:term":[{"taxonomy":"category","embeddable":true,"href":"https:\/\/noticiasya.com\/midland-odessa\/wp-json\/wp\/v2\/categories?post=1452610"},{"taxonomy":"post_tag","embeddable":true,"href":"https:\/\/noticiasya.com\/midland-odessa\/wp-json\/wp\/v2\/tags?post=1452610"}],"curies":[{"name":"wp","href":"https:\/\/api.w.org\/{rel}","templated":true}]}}