{"id":1452611,"date":"2024-09-12T14:04:04","date_gmt":"2024-09-12T21:04:04","guid":{"rendered":"https:\/\/noticiasya.com\/2024\/09\/12\/tiroteo-denver-apartamentos-colorado-trax\/"},"modified":"2024-09-12T14:04:04","modified_gmt":"2024-09-12T21:04:04","slug":"tiroteo-denver-apartamentos-colorado-trax","status":"publish","type":"post","link":"https:\/\/noticiasya.com\/midland-odessa\/2024\/09\/12\/tiroteo-denver-apartamentos-colorado-trax\/","title":{"rendered":"Arrestan a un sospechoso tras un tiroteo en un complejo de apartamentos en el \u00e1rea de Denver, dice la polic\u00eda"},"content":{"rendered":"<p>(CNN) &#8212;\u00a0Un sospechoso est\u00e1 bajo custodia tras un tiroteo en un complejo de apartamentos en las afueras de Denver el jueves por la ma\u00f1ana, dijo el Departamento de Polic\u00eda de Broomfield en las redes sociales.<\/p>\n<p>&#171;El \u00e1rea ahora est\u00e1 SEGURA&#187;, dijo la polic\u00eda de Broomfield en una publicaci\u00f3n en X aproximadamente a las 10 a.m. hora local.<\/p>\n<p>La polic\u00eda respondi\u00f3 a las llamadas de disturbios en los apartamentos Arista Flats alrededor de las 6 a.m. hora local, seg\u00fan la portavoz de la polic\u00eda de Broomfield, Rachel Haslett.<\/p>\n<p>Cuando las autoridades llegaron al complejo, se encontraron con un &#171;hombre que hac\u00eda amenazas&#187;, dijo Haslett durante una conferencia de prensa el jueves por la ma\u00f1ana. Los agentes escucharon disparos poco despu\u00e9s.<\/p>\n<p>&#171;Se volvi\u00f3 muy, muy, muy inseguro para esos agentes en cuesti\u00f3n de minutos, ya que dispar\u00f3 no solo a las unidades circundantes, sino tambi\u00e9n al estacionamiento&#187;, dijo Haslett. &#171;Es por eso que [la polic\u00eda] lo llam\u00f3 una &#8216;situaci\u00f3n de atacante activo'&#187;.<\/p>\n<p>Un equipo SWAT y negociadores de crisis estaban en la escena, dijo Haslett. Al menos un polic\u00eda dispar\u00f3 su arma, a\u00f1adi\u00f3.<\/p>\n<p>El sospechoso y la v\u00edctima fueron trasladados a un hospital local, dijo Haslett. Se desconoce si les dispararon y se desconocen sus condiciones, a\u00f1adi\u00f3.<\/p>\n<p>Seg\u00fan Haslett, nadie m\u00e1s result\u00f3 herido.<\/p>\n<p>No se ha publicado ninguna informaci\u00f3n adicional sobre el sospechoso. La polic\u00eda dice que investiga el tiroteo.<\/p>\n<p>The-CNN-Wire<br \/>&trade; &amp; &copy; 2024 Cable News Network, Inc., a Warner Bros. Discovery Company. All rights reserved.<\/p>\n","protected":false},"excerpt":{"rendered":"<p>(CNN) &#8212;\u00a0Un sospechoso est\u00e1 bajo custodia tras un tiroteo en un complejo de apartamentos en las afueras de Denver el jueves por la ma\u00f1ana, dijo el Departamento de Polic\u00eda de Broomfield en las redes sociales. &#171;El \u00e1rea ahora est\u00e1 SEGURA&#187;, dijo la polic\u00eda de Broomfield en una publicaci\u00f3n en X aproximadamente a las 10 a.m. [&hellip;]<\/p>\n","protected":false},"author":0,"featured_media":0,"comment_status":"open","ping_status":"open","sticky":false,"template":"","format":"standard","meta":{"_jetpack_memberships_contains_paid_content":false,"footnotes":""},"categories":[10],"tags":[],"class_list":["post-1452611","post","type-post","status-publish","format-standard","hentry","category-noticias-nacionales","market-global"],"yoast_head":"<!-- This site is optimized with the Yoast SEO plugin v24.4 - https:\/\/yoast.com\/wordpress\/plugins\/seo\/ -->\n<title>Arrestan a un sospechoso tras un tiroteo en un complejo de apartamentos en el \u00e1rea de Denver, dice la polic\u00eda - Noticias<\/title>\n<meta name=\"robots\" content=\"index, follow, max-snippet:-1, max-image-preview:large, max-video-preview:-1\" \/>\n<link rel=\"canonical\" href=\"https:\/\/noticiasya.com\/2024\/09\/12\/tiroteo-denver-apartamentos-colorado-trax\/\" \/>\n<meta property=\"og:locale\" content=\"es_ES\" \/>\n<meta property=\"og:type\" content=\"article\" \/>\n<meta property=\"og:title\" content=\"Arrestan a un sospechoso tras un tiroteo en un complejo de apartamentos en el \u00e1rea de Denver, dice la polic\u00eda - Noticias\" \/>\n<meta property=\"og:description\" content=\"(CNN) &#8212;\u00a0Un sospechoso est\u00e1 bajo custodia tras un tiroteo en un complejo de apartamentos en las afueras de Denver el jueves por la ma\u00f1ana, dijo el Departamento de Polic\u00eda de Broomfield en las redes sociales. &#171;El \u00e1rea ahora est\u00e1 SEGURA&#187;, dijo la polic\u00eda de Broomfield en una publicaci\u00f3n en X aproximadamente a las 10 a.m. [&hellip;]\" \/>\n<meta property=\"og:url\" content=\"https:\/\/noticiasya.com\/2024\/09\/12\/tiroteo-denver-apartamentos-colorado-trax\/\" \/>\n<meta property=\"og:site_name\" content=\"Noticias\" \/>\n<meta property=\"article:published_time\" content=\"2024-09-12T21:04:04+00:00\" \/>\n<meta name=\"twitter:card\" content=\"summary_large_image\" \/>\n<meta name=\"twitter:label1\" content=\"Est. reading time\" \/>\n\t<meta name=\"twitter:data1\" content=\"1 minuto\" \/>\n<script type=\"application\/ld+json\" class=\"yoast-schema-graph\">{\"@context\":\"https:\/\/schema.org\",\"@graph\":[{\"@type\":\"Article\",\"@id\":\"https:\/\/noticiasya.com\/2024\/09\/12\/tiroteo-denver-apartamentos-colorado-trax\/#article\",\"isPartOf\":{\"@id\":\"https:\/\/noticiasya.com\/2024\/09\/12\/tiroteo-denver-apartamentos-colorado-trax\/\"},\"author\":{\"name\":\"\",\"@id\":\"\"},\"headline\":\"Arrestan a un sospechoso tras un tiroteo en un complejo de apartamentos en el \u00e1rea de Denver, dice la polic\u00eda\",\"datePublished\":\"2024-09-12T21:04:04+00:00\",\"mainEntityOfPage\":{\"@id\":\"https:\/\/noticiasya.com\/2024\/09\/12\/tiroteo-denver-apartamentos-colorado-trax\/\"},\"wordCount\":288,\"commentCount\":0,\"publisher\":{\"@id\":\"https:\/\/noticiasya.com\/#organization\"},\"articleSection\":[\"Noticias Nacionales\"],\"inLanguage\":\"es\",\"potentialAction\":[{\"@type\":\"CommentAction\",\"name\":\"Comment\",\"target\":[\"https:\/\/noticiasya.com\/2024\/09\/12\/tiroteo-denver-apartamentos-colorado-trax\/#respond\"]}]},{\"@type\":\"WebPage\",\"@id\":\"https:\/\/noticiasya.com\/2024\/09\/12\/tiroteo-denver-apartamentos-colorado-trax\/\",\"url\":\"https:\/\/noticiasya.com\/2024\/09\/12\/tiroteo-denver-apartamentos-colorado-trax\/\",\"name\":\"Arrestan a un sospechoso tras un tiroteo en un complejo de apartamentos en el \u00e1rea de Denver, dice la polic\u00eda - Noticias\",\"isPartOf\":{\"@id\":\"https:\/\/noticiasya.com\/#website\"},\"datePublished\":\"2024-09-12T21:04:04+00:00\",\"breadcrumb\":{\"@id\":\"https:\/\/noticiasya.com\/2024\/09\/12\/tiroteo-denver-apartamentos-colorado-trax\/#breadcrumb\"},\"inLanguage\":\"es\",\"potentialAction\":[{\"@type\":\"ReadAction\",\"target\":[\"https:\/\/noticiasya.com\/2024\/09\/12\/tiroteo-denver-apartamentos-colorado-trax\/\"]}]},{\"@type\":\"BreadcrumbList\",\"@id\":\"https:\/\/noticiasya.com\/2024\/09\/12\/tiroteo-denver-apartamentos-colorado-trax\/#breadcrumb\",\"itemListElement\":[{\"@type\":\"ListItem\",\"position\":1,\"name\":\"Home\",\"item\":\"https:\/\/noticiasya.com\/\"},{\"@type\":\"ListItem\",\"position\":2,\"name\":\"Arrestan a un sospechoso tras un tiroteo en un complejo de apartamentos en el \u00e1rea de Denver, dice la polic\u00eda\"}]},{\"@type\":\"WebSite\",\"@id\":\"https:\/\/noticiasya.com\/#website\",\"url\":\"https:\/\/noticiasya.com\/\",\"name\":\"Noticias\",\"description\":\"Lo que importa\",\"publisher\":{\"@id\":\"https:\/\/noticiasya.com\/#organization\"},\"potentialAction\":[{\"@type\":\"SearchAction\",\"target\":{\"@type\":\"EntryPoint\",\"urlTemplate\":\"https:\/\/noticiasya.com\/?s={search_term_string}\"},\"query-input\":{\"@type\":\"PropertyValueSpecification\",\"valueRequired\":true,\"valueName\":\"search_term_string\"}}],\"inLanguage\":\"es\"},{\"@type\":\"Organization\",\"@id\":\"https:\/\/noticiasya.com\/#organization\",\"name\":\"Noticias\",\"url\":\"https:\/\/noticiasya.com\/\",\"logo\":{\"@type\":\"ImageObject\",\"inLanguage\":\"es\",\"@id\":\"https:\/\/noticiasya.com\/#\/schema\/logo\/image\/\",\"url\":\"https:\/\/noticiasya.com\/wp-content\/uploads\/sites\/22\/2023\/12\/logo-nacional.png\",\"contentUrl\":\"https:\/\/noticiasya.com\/wp-content\/uploads\/sites\/22\/2023\/12\/logo-nacional.png\",\"width\":1801,\"height\":691,\"caption\":\"Noticias\"},\"image\":{\"@id\":\"https:\/\/noticiasya.com\/#\/schema\/logo\/image\/\"}}]}<\/script>\n<!-- \/ Yoast SEO plugin. -->","yoast_head_json":{"title":"Arrestan a un sospechoso tras un tiroteo en un complejo de apartamentos en el \u00e1rea de Denver, dice la polic\u00eda - Noticias","robots":{"index":"index","follow":"follow","max-snippet":"max-snippet:-1","max-image-preview":"max-image-preview:large","max-video-preview":"max-video-preview:-1"},"canonical":"https:\/\/noticiasya.com\/2024\/09\/12\/tiroteo-denver-apartamentos-colorado-trax\/","og_locale":"es_ES","og_type":"article","og_title":"Arrestan a un sospechoso tras un tiroteo en un complejo de apartamentos en el \u00e1rea de Denver, dice la polic\u00eda - Noticias","og_description":"(CNN) &#8212;\u00a0Un sospechoso est\u00e1 bajo custodia tras un tiroteo en un complejo de apartamentos en las afueras de Denver el jueves por la ma\u00f1ana, dijo el Departamento de Polic\u00eda de Broomfield en las redes sociales. &#171;El \u00e1rea ahora est\u00e1 SEGURA&#187;, dijo la polic\u00eda de Broomfield en una publicaci\u00f3n en X aproximadamente a las 10 a.m. [&hellip;]","og_url":"https:\/\/noticiasya.com\/2024\/09\/12\/tiroteo-denver-apartamentos-colorado-trax\/","og_site_name":"Noticias","article_published_time":"2024-09-12T21:04:04+00:00","twitter_card":"summary_large_image","twitter_misc":{"Est. reading time":"1 minuto"},"schema":{"@context":"https:\/\/schema.org","@graph":[{"@type":"Article","@id":"https:\/\/noticiasya.com\/2024\/09\/12\/tiroteo-denver-apartamentos-colorado-trax\/#article","isPartOf":{"@id":"https:\/\/noticiasya.com\/2024\/09\/12\/tiroteo-denver-apartamentos-colorado-trax\/"},"author":{"name":"","@id":""},"headline":"Arrestan a un sospechoso tras un tiroteo en un complejo de apartamentos en el \u00e1rea de Denver, dice la polic\u00eda","datePublished":"2024-09-12T21:04:04+00:00","mainEntityOfPage":{"@id":"https:\/\/noticiasya.com\/2024\/09\/12\/tiroteo-denver-apartamentos-colorado-trax\/"},"wordCount":288,"commentCount":0,"publisher":{"@id":"https:\/\/noticiasya.com\/#organization"},"articleSection":["Noticias Nacionales"],"inLanguage":"es","potentialAction":[{"@type":"CommentAction","name":"Comment","target":["https:\/\/noticiasya.com\/2024\/09\/12\/tiroteo-denver-apartamentos-colorado-trax\/#respond"]}]},{"@type":"WebPage","@id":"https:\/\/noticiasya.com\/2024\/09\/12\/tiroteo-denver-apartamentos-colorado-trax\/","url":"https:\/\/noticiasya.com\/2024\/09\/12\/tiroteo-denver-apartamentos-colorado-trax\/","name":"Arrestan a un sospechoso tras un tiroteo en un complejo de apartamentos en el \u00e1rea de Denver, dice la polic\u00eda - Noticias","isPartOf":{"@id":"https:\/\/noticiasya.com\/#website"},"datePublished":"2024-09-12T21:04:04+00:00","breadcrumb":{"@id":"https:\/\/noticiasya.com\/2024\/09\/12\/tiroteo-denver-apartamentos-colorado-trax\/#breadcrumb"},"inLanguage":"es","potentialAction":[{"@type":"ReadAction","target":["https:\/\/noticiasya.com\/2024\/09\/12\/tiroteo-denver-apartamentos-colorado-trax\/"]}]},{"@type":"BreadcrumbList","@id":"https:\/\/noticiasya.com\/2024\/09\/12\/tiroteo-denver-apartamentos-colorado-trax\/#breadcrumb","itemListElement":[{"@type":"ListItem","position":1,"name":"Home","item":"https:\/\/noticiasya.com\/"},{"@type":"ListItem","position":2,"name":"Arrestan a un sospechoso tras un tiroteo en un complejo de apartamentos en el \u00e1rea de Denver, dice la polic\u00eda"}]},{"@type":"WebSite","@id":"https:\/\/noticiasya.com\/#website","url":"https:\/\/noticiasya.com\/","name":"Noticias","description":"Lo que importa","publisher":{"@id":"https:\/\/noticiasya.com\/#organization"},"potentialAction":[{"@type":"SearchAction","target":{"@type":"EntryPoint","urlTemplate":"https:\/\/noticiasya.com\/?s={search_term_string}"},"query-input":{"@type":"PropertyValueSpecification","valueRequired":true,"valueName":"search_term_string"}}],"inLanguage":"es"},{"@type":"Organization","@id":"https:\/\/noticiasya.com\/#organization","name":"Noticias","url":"https:\/\/noticiasya.com\/","logo":{"@type":"ImageObject","inLanguage":"es","@id":"https:\/\/noticiasya.com\/#\/schema\/logo\/image\/","url":"https:\/\/noticiasya.com\/wp-content\/uploads\/sites\/22\/2023\/12\/logo-nacional.png","contentUrl":"https:\/\/noticiasya.com\/wp-content\/uploads\/sites\/22\/2023\/12\/logo-nacional.png","width":1801,"height":691,"caption":"Noticias"},"image":{"@id":"https:\/\/noticiasya.com\/#\/schema\/logo\/image\/"}}]}},"parsely":{"version":"1.1.0","canonical_url":"https:\/\/noticiasya.com\/midland-odessa\/2024\/09\/12\/tiroteo-denver-apartamentos-colorado-trax\/","smart_links":{"inbound":0,"outbound":0},"traffic_boost_suggestions_count":0,"meta":{"@context":"https:\/\/schema.org","@type":"NewsArticle","headline":"Arrestan a un sospechoso tras un tiroteo en un complejo de apartamentos en el \u00e1rea de Denver, dice la polic\u00eda","url":"http:\/\/noticiasya.com\/midland-odessa\/2024\/09\/12\/tiroteo-denver-apartamentos-colorado-trax\/","mainEntityOfPage":{"@type":"WebPage","@id":"http:\/\/noticiasya.com\/midland-odessa\/2024\/09\/12\/tiroteo-denver-apartamentos-colorado-trax\/"},"thumbnailUrl":"","image":{"@type":"ImageObject","url":""},"articleSection":"Noticias Nacionales","author":[],"creator":[],"publisher":{"@type":"Organization","name":"Noticias","logo":""},"keywords":[],"dateCreated":"2024-09-12T21:04:04Z","datePublished":"2024-09-12T21:04:04Z","dateModified":"2024-09-12T21:04:04Z"},"rendered":"<script type=\"application\/ld+json\" class=\"wp-parsely-metadata\">{\"@context\":\"https:\\\/\\\/schema.org\",\"@type\":\"NewsArticle\",\"headline\":\"Arrestan a un sospechoso tras un tiroteo en un complejo de apartamentos en el \\u00e1rea de Denver, dice la polic\\u00eda\",\"url\":\"http:\\\/\\\/noticiasya.com\\\/midland-odessa\\\/2024\\\/09\\\/12\\\/tiroteo-denver-apartamentos-colorado-trax\\\/\",\"mainEntityOfPage\":{\"@type\":\"WebPage\",\"@id\":\"http:\\\/\\\/noticiasya.com\\\/midland-odessa\\\/2024\\\/09\\\/12\\\/tiroteo-denver-apartamentos-colorado-trax\\\/\"},\"thumbnailUrl\":\"\",\"image\":{\"@type\":\"ImageObject\",\"url\":\"\"},\"articleSection\":\"Noticias Nacionales\",\"author\":[],\"creator\":[],\"publisher\":{\"@type\":\"Organization\",\"name\":\"Noticias\",\"logo\":\"\"},\"keywords\":[],\"dateCreated\":\"2024-09-12T21:04:04Z\",\"datePublished\":\"2024-09-12T21:04:04Z\",\"dateModified\":\"2024-09-12T21:04:04Z\"}<\/script>","tracker_url":"https:\/\/cdn.parsely.com\/keys\/noticiasya.com\/p.js"},"jetpack_featured_media_url":"","jetpack-related-posts":[{"id":1456322,"url":"https:\/\/noticiasya.com\/midland-odessa\/2024\/12\/06\/pistas-asesinato-ceo-unitedhealthcare-trax\/","url_meta":{"origin":1452611,"position":0},"title":"Un coqueteo, municiones escritas y una botella ofrecen pistas sobre el atacante del CEO de UnitedHealthcare","author":"","date":"diciembre 6, 2024","format":false,"excerpt":"Una foto que muestra a un hombre encapuchado sonriendo puede proporcionar pistas importantes que podr\u00edan ayudar a conducir al sospechoso en el tiroteo mortal del CEO de UnitedHealthcare, Brian Thompson.Una imagen publicada por el Departamento de Polic\u00eda de Nueva York muestra a un hombre al que las autoridades califican de\u2026","rel":"","context":"In &quot;Noticias Nacionales&quot;","block_context":{"text":"Noticias Nacionales","link":"https:\/\/noticiasya.com\/midland-odessa\/categoria\/noticias-nacionales"},"img":{"alt_text":"","src":"","width":0,"height":0},"classes":[]},{"id":1447856,"url":"https:\/\/noticiasya.com\/midland-odessa\/2024\/04\/08\/tiroteo-en-las-vegas-deja-al-menos-dos-personas-muertas-ademas-del-sospechoso-informa-la-policia\/","url_meta":{"origin":1452611,"position":1},"title":"Tiroteo en Las Vegas deja al menos dos personas muertas, adem\u00e1s del sospechoso, informa la Polic\u00eda","author":"","date":"abril 8, 2024","format":false,"excerpt":"(CNN) \u2013\u2013 Dos personas murieron tras un tiroteo en una oficina de abogados en el \u00e1rea de Summerlin de Las Vegas, Nevada, este lunes, dijo el Departamento de Polic\u00eda Metropolitana de Las Vegas.El sospechoso tambi\u00e9n falleci\u00f3 despu\u00e9s de quitarse la vida, indic\u00f3 el sheriff Kevin McMahill durante una conferencia de\u2026","rel":"","context":"In &quot;Noticias Nacionales&quot;","block_context":{"text":"Noticias Nacionales","link":"https:\/\/noticiasya.com\/midland-odessa\/categoria\/noticias-nacionales"},"img":{"alt_text":"","src":"","width":0,"height":0},"classes":[]},{"id":1458368,"url":"https:\/\/noticiasya.com\/midland-odessa\/2025\/02\/06\/presunto-atacante-tiroteo-suecia-recluso-apartamentos-trax\/","url_meta":{"origin":1452611,"position":2},"title":"El presunto atacante del tiroteo en Suecia viv\u00eda como un recluso en un tranquilo bloque de apartamentos","author":"","date":"febrero 6, 2025","format":false,"excerpt":"Cristales rotos y una puerta destrozada cubierta con cinta policial marcan la entrada al apartamento donde se cree que viv\u00eda como un recluso el presunto sospechoso del peor tiroteo masivo de Suecia.La emisora nacional sueca y m\u00faltiples medios de comunicaci\u00f3n, incluidos Reuters, que citan fuentes policiales, nombraron a Rickard Andersson,\u2026","rel":"","context":"In &quot;Noticias Nacionales&quot;","block_context":{"text":"Noticias Nacionales","link":"https:\/\/noticiasya.com\/midland-odessa\/categoria\/noticias-nacionales"},"img":{"alt_text":"","src":"","width":0,"height":0},"classes":[]},{"id":1469413,"url":"https:\/\/noticiasya.com\/midland-odessa\/2025\/12\/19\/investigacion-sospechoso-tiroteo-universidad-brown-trax\/","url_meta":{"origin":1452611,"position":3},"title":"C\u00f3mo dieron con el sospechoso del tiroteo en la Universidad de Brown y lo vincularon con el asesinato de un profesor del MIT","author":"","date":"diciembre 19, 2025","format":false,"excerpt":"Cinco d\u00edas despu\u00e9s de que comenzara una extensa b\u00fasqueda, la polic\u00eda se acerc\u00f3 al sospechoso del tiroteo en la Universidad de Brown tras surgir aparentes v\u00ednculos entre el ataque del s\u00e1bado en la escuela de Providence, Rhode Island, y la muerte dos d\u00edas m\u00e1s tarde de un profesor del MIT\u2026","rel":"","context":"In &quot;Noticias Nacionales&quot;","block_context":{"text":"Noticias Nacionales","link":"https:\/\/noticiasya.com\/midland-odessa\/categoria\/noticias-nacionales"},"img":{"alt_text":"","src":"","width":0,"height":0},"classes":[]},{"id":1473319,"url":"https:\/\/noticiasya.com\/midland-odessa\/2026\/04\/19\/ninos-muertos-tiroteo-louisiana-trax\/","url_meta":{"origin":1452611,"position":4},"title":"Mueren ocho ni\u00f1os en tiroteos relacionados con violencia dom\u00e9stica en Louisiana, seg\u00fan la Polic\u00eda","author":"","date":"abril 19, 2026","format":false,"excerpt":"Ocho menores murieron por disparos en tres viviendas del sur de Shreveport, Louisiana, la madrugada del domingo, en lo que las autoridades califican como un disturbio dom\u00e9stico. Las v\u00edctimas ten\u00edan entre 1 y 14 a\u00f1os.Dos mujeres adultas y un adolescente tambi\u00e9n resultaron heridos en los tiroteos, dijo la polic\u00eda. Las\u2026","rel":"","context":"In &quot;Noticias Nacionales&quot;","block_context":{"text":"Noticias Nacionales","link":"https:\/\/noticiasya.com\/midland-odessa\/categoria\/noticias-nacionales"},"img":{"alt_text":"","src":"","width":0,"height":0},"classes":[]},{"id":1460173,"url":"https:\/\/noticiasya.com\/midland-odessa\/2025\/03\/20\/tiroteo-hospital-suburbios-detroit-trax\/","url_meta":{"origin":1452611,"position":5},"title":"Reportan un tiroteo en un hospital de los suburbios de Detroit","author":"","date":"marzo 20, 2025","format":false,"excerpt":"La polic\u00eda en Troy, Michigan, respondi\u00f3 este jueves a la ma\u00f1ana a un tiroteo en un hospital suburbano de Detroit y avis\u00f3 que continuaba la b\u00fasqueda del sospechoso.El tiroteo ocurri\u00f3 en el Hospital Corewell Health Beaumont Troy en Troy, a unos 40 km al norte de Detroit.\u201cEsto parece ser un\u2026","rel":"","context":"In &quot;Noticias Nacionales&quot;","block_context":{"text":"Noticias Nacionales","link":"https:\/\/noticiasya.com\/midland-odessa\/categoria\/noticias-nacionales"},"img":{"alt_text":"","src":"","width":0,"height":0},"classes":[]}],"jetpack_sharing_enabled":true,"_links":{"self":[{"href":"https:\/\/noticiasya.com\/midland-odessa\/wp-json\/wp\/v2\/posts\/1452611","targetHints":{"allow":["GET"]}}],"collection":[{"href":"https:\/\/noticiasya.com\/midland-odessa\/wp-json\/wp\/v2\/posts"}],"about":[{"href":"https:\/\/noticiasya.com\/midland-odessa\/wp-json\/wp\/v2\/types\/post"}],"replies":[{"embeddable":true,"href":"https:\/\/noticiasya.com\/midland-odessa\/wp-json\/wp\/v2\/comments?post=1452611"}],"version-history":[{"count":0,"href":"https:\/\/noticiasya.com\/midland-odessa\/wp-json\/wp\/v2\/posts\/1452611\/revisions"}],"wp:attachment":[{"href":"https:\/\/noticiasya.com\/midland-odessa\/wp-json\/wp\/v2\/media?parent=1452611"}],"wp:term":[{"taxonomy":"category","embeddable":true,"href":"https:\/\/noticiasya.com\/midland-odessa\/wp-json\/wp\/v2\/categories?post=1452611"},{"taxonomy":"post_tag","embeddable":true,"href":"https:\/\/noticiasya.com\/midland-odessa\/wp-json\/wp\/v2\/tags?post=1452611"}],"curies":[{"name":"wp","href":"https:\/\/api.w.org\/{rel}","templated":true}]}}