{"id":1452620,"date":"2024-09-12T16:03:49","date_gmt":"2024-09-12T23:03:49","guid":{"rendered":"https:\/\/noticiasya.com\/2024\/09\/12\/mayo-zambada-comparecera-viernes-nueva-york-orix\/"},"modified":"2024-09-12T16:03:49","modified_gmt":"2024-09-12T23:03:49","slug":"mayo-zambada-comparecera-viernes-nueva-york-orix","status":"publish","type":"post","link":"https:\/\/noticiasya.com\/midland-odessa\/2024\/09\/12\/mayo-zambada-comparecera-viernes-nueva-york-orix\/","title":{"rendered":"El Mayo Zambada comparecer\u00e1 el viernes en una corte de Nueva York"},"content":{"rendered":"<p>(CNN Espa\u00f1ol) &#8212; Ismael &#171;el Mayo&#187; Zambada comparecer\u00e1 este viernes en la Corte del Distrito Este de Nueva York para enfrentar cargos de narcotr\u00e1fico, inform\u00f3 este jueves en un comunicado el Departamento de Justicia de Estados Unidos.<\/p>\n<p>De acuerdo con la agenda del d\u00eda, el juez James R. Cho presidir\u00e1 la audiencia, que comenzar\u00e1 a las 10 am hora de Miami.<\/p>\n<p>Zambada viajar\u00e1 en avi\u00f3n desde El Paso, Texas, ciudad en la que est\u00e1 desde finales de julio, cuando fue capturado por las autoridades estadounidenses al lado de Joaqu\u00edn Guzm\u00e1n L\u00f3pez, hijo del Chapo Guzm\u00e1n, a quien se\u00f1al\u00f3 de haberlo llevado bajo enga\u00f1o a territorio estadounidense.<\/p>\n<p>The-CNN-Wire<br \/>&trade; &amp; &copy; 2024 Cable News Network, Inc., a Warner Bros. Discovery Company. All rights reserved.<\/p>\n","protected":false},"excerpt":{"rendered":"<p>(CNN Espa\u00f1ol) &#8212; Ismael &#171;el Mayo&#187; Zambada comparecer\u00e1 este viernes en la Corte del Distrito Este de Nueva York para enfrentar cargos de narcotr\u00e1fico, inform\u00f3 este jueves en un comunicado el Departamento de Justicia de Estados Unidos. De acuerdo con la agenda del d\u00eda, el juez James R. Cho presidir\u00e1 la audiencia, que comenzar\u00e1 a [&hellip;]<\/p>\n","protected":false},"author":0,"featured_media":0,"comment_status":"open","ping_status":"open","sticky":false,"template":"","format":"standard","meta":{"_jetpack_memberships_contains_paid_content":false,"footnotes":""},"categories":[10],"tags":[],"class_list":["post-1452620","post","type-post","status-publish","format-standard","hentry","category-noticias-nacionales","market-global"],"yoast_head":"<!-- This site is optimized with the Yoast SEO plugin v24.4 - https:\/\/yoast.com\/wordpress\/plugins\/seo\/ -->\n<title>El Mayo Zambada comparecer\u00e1 el viernes en una corte de Nueva York - Noticias<\/title>\n<meta name=\"robots\" content=\"index, follow, max-snippet:-1, max-image-preview:large, max-video-preview:-1\" \/>\n<link rel=\"canonical\" href=\"https:\/\/noticiasya.com\/2024\/09\/12\/mayo-zambada-comparecera-viernes-nueva-york-orix\/\" \/>\n<meta property=\"og:locale\" content=\"es_ES\" \/>\n<meta property=\"og:type\" content=\"article\" \/>\n<meta property=\"og:title\" content=\"El Mayo Zambada comparecer\u00e1 el viernes en una corte de Nueva York - Noticias\" \/>\n<meta property=\"og:description\" content=\"(CNN Espa\u00f1ol) &#8212; Ismael &#171;el Mayo&#187; Zambada comparecer\u00e1 este viernes en la Corte del Distrito Este de Nueva York para enfrentar cargos de narcotr\u00e1fico, inform\u00f3 este jueves en un comunicado el Departamento de Justicia de Estados Unidos. De acuerdo con la agenda del d\u00eda, el juez James R. Cho presidir\u00e1 la audiencia, que comenzar\u00e1 a [&hellip;]\" \/>\n<meta property=\"og:url\" content=\"https:\/\/noticiasya.com\/2024\/09\/12\/mayo-zambada-comparecera-viernes-nueva-york-orix\/\" \/>\n<meta property=\"og:site_name\" content=\"Noticias\" \/>\n<meta property=\"article:published_time\" content=\"2024-09-12T23:03:49+00:00\" \/>\n<meta name=\"twitter:card\" content=\"summary_large_image\" \/>\n<meta name=\"twitter:label1\" content=\"Est. reading time\" \/>\n\t<meta name=\"twitter:data1\" content=\"1 minuto\" \/>\n<script type=\"application\/ld+json\" class=\"yoast-schema-graph\">{\"@context\":\"https:\/\/schema.org\",\"@graph\":[{\"@type\":\"Article\",\"@id\":\"https:\/\/noticiasya.com\/2024\/09\/12\/mayo-zambada-comparecera-viernes-nueva-york-orix\/#article\",\"isPartOf\":{\"@id\":\"https:\/\/noticiasya.com\/2024\/09\/12\/mayo-zambada-comparecera-viernes-nueva-york-orix\/\"},\"author\":{\"name\":\"\",\"@id\":\"\"},\"headline\":\"El Mayo Zambada comparecer\u00e1 el viernes en una corte de Nueva York\",\"datePublished\":\"2024-09-12T23:03:49+00:00\",\"mainEntityOfPage\":{\"@id\":\"https:\/\/noticiasya.com\/2024\/09\/12\/mayo-zambada-comparecera-viernes-nueva-york-orix\/\"},\"wordCount\":143,\"commentCount\":0,\"publisher\":{\"@id\":\"https:\/\/noticiasya.com\/#organization\"},\"articleSection\":[\"Noticias Nacionales\"],\"inLanguage\":\"es\",\"potentialAction\":[{\"@type\":\"CommentAction\",\"name\":\"Comment\",\"target\":[\"https:\/\/noticiasya.com\/2024\/09\/12\/mayo-zambada-comparecera-viernes-nueva-york-orix\/#respond\"]}]},{\"@type\":\"WebPage\",\"@id\":\"https:\/\/noticiasya.com\/2024\/09\/12\/mayo-zambada-comparecera-viernes-nueva-york-orix\/\",\"url\":\"https:\/\/noticiasya.com\/2024\/09\/12\/mayo-zambada-comparecera-viernes-nueva-york-orix\/\",\"name\":\"El Mayo Zambada comparecer\u00e1 el viernes en una corte de Nueva York - Noticias\",\"isPartOf\":{\"@id\":\"https:\/\/noticiasya.com\/#website\"},\"datePublished\":\"2024-09-12T23:03:49+00:00\",\"breadcrumb\":{\"@id\":\"https:\/\/noticiasya.com\/2024\/09\/12\/mayo-zambada-comparecera-viernes-nueva-york-orix\/#breadcrumb\"},\"inLanguage\":\"es\",\"potentialAction\":[{\"@type\":\"ReadAction\",\"target\":[\"https:\/\/noticiasya.com\/2024\/09\/12\/mayo-zambada-comparecera-viernes-nueva-york-orix\/\"]}]},{\"@type\":\"BreadcrumbList\",\"@id\":\"https:\/\/noticiasya.com\/2024\/09\/12\/mayo-zambada-comparecera-viernes-nueva-york-orix\/#breadcrumb\",\"itemListElement\":[{\"@type\":\"ListItem\",\"position\":1,\"name\":\"Home\",\"item\":\"https:\/\/noticiasya.com\/\"},{\"@type\":\"ListItem\",\"position\":2,\"name\":\"El Mayo Zambada comparecer\u00e1 el viernes en una corte de Nueva York\"}]},{\"@type\":\"WebSite\",\"@id\":\"https:\/\/noticiasya.com\/#website\",\"url\":\"https:\/\/noticiasya.com\/\",\"name\":\"Noticias\",\"description\":\"Lo que importa\",\"publisher\":{\"@id\":\"https:\/\/noticiasya.com\/#organization\"},\"potentialAction\":[{\"@type\":\"SearchAction\",\"target\":{\"@type\":\"EntryPoint\",\"urlTemplate\":\"https:\/\/noticiasya.com\/?s={search_term_string}\"},\"query-input\":{\"@type\":\"PropertyValueSpecification\",\"valueRequired\":true,\"valueName\":\"search_term_string\"}}],\"inLanguage\":\"es\"},{\"@type\":\"Organization\",\"@id\":\"https:\/\/noticiasya.com\/#organization\",\"name\":\"Noticias\",\"url\":\"https:\/\/noticiasya.com\/\",\"logo\":{\"@type\":\"ImageObject\",\"inLanguage\":\"es\",\"@id\":\"https:\/\/noticiasya.com\/#\/schema\/logo\/image\/\",\"url\":\"https:\/\/noticiasya.com\/wp-content\/uploads\/sites\/22\/2023\/12\/logo-nacional.png\",\"contentUrl\":\"https:\/\/noticiasya.com\/wp-content\/uploads\/sites\/22\/2023\/12\/logo-nacional.png\",\"width\":1801,\"height\":691,\"caption\":\"Noticias\"},\"image\":{\"@id\":\"https:\/\/noticiasya.com\/#\/schema\/logo\/image\/\"}}]}<\/script>\n<!-- \/ Yoast SEO plugin. -->","yoast_head_json":{"title":"El Mayo Zambada comparecer\u00e1 el viernes en una corte de Nueva York - Noticias","robots":{"index":"index","follow":"follow","max-snippet":"max-snippet:-1","max-image-preview":"max-image-preview:large","max-video-preview":"max-video-preview:-1"},"canonical":"https:\/\/noticiasya.com\/2024\/09\/12\/mayo-zambada-comparecera-viernes-nueva-york-orix\/","og_locale":"es_ES","og_type":"article","og_title":"El Mayo Zambada comparecer\u00e1 el viernes en una corte de Nueva York - Noticias","og_description":"(CNN Espa\u00f1ol) &#8212; Ismael &#171;el Mayo&#187; Zambada comparecer\u00e1 este viernes en la Corte del Distrito Este de Nueva York para enfrentar cargos de narcotr\u00e1fico, inform\u00f3 este jueves en un comunicado el Departamento de Justicia de Estados Unidos. De acuerdo con la agenda del d\u00eda, el juez James R. Cho presidir\u00e1 la audiencia, que comenzar\u00e1 a [&hellip;]","og_url":"https:\/\/noticiasya.com\/2024\/09\/12\/mayo-zambada-comparecera-viernes-nueva-york-orix\/","og_site_name":"Noticias","article_published_time":"2024-09-12T23:03:49+00:00","twitter_card":"summary_large_image","twitter_misc":{"Est. reading time":"1 minuto"},"schema":{"@context":"https:\/\/schema.org","@graph":[{"@type":"Article","@id":"https:\/\/noticiasya.com\/2024\/09\/12\/mayo-zambada-comparecera-viernes-nueva-york-orix\/#article","isPartOf":{"@id":"https:\/\/noticiasya.com\/2024\/09\/12\/mayo-zambada-comparecera-viernes-nueva-york-orix\/"},"author":{"name":"","@id":""},"headline":"El Mayo Zambada comparecer\u00e1 el viernes en una corte de Nueva York","datePublished":"2024-09-12T23:03:49+00:00","mainEntityOfPage":{"@id":"https:\/\/noticiasya.com\/2024\/09\/12\/mayo-zambada-comparecera-viernes-nueva-york-orix\/"},"wordCount":143,"commentCount":0,"publisher":{"@id":"https:\/\/noticiasya.com\/#organization"},"articleSection":["Noticias Nacionales"],"inLanguage":"es","potentialAction":[{"@type":"CommentAction","name":"Comment","target":["https:\/\/noticiasya.com\/2024\/09\/12\/mayo-zambada-comparecera-viernes-nueva-york-orix\/#respond"]}]},{"@type":"WebPage","@id":"https:\/\/noticiasya.com\/2024\/09\/12\/mayo-zambada-comparecera-viernes-nueva-york-orix\/","url":"https:\/\/noticiasya.com\/2024\/09\/12\/mayo-zambada-comparecera-viernes-nueva-york-orix\/","name":"El Mayo Zambada comparecer\u00e1 el viernes en una corte de Nueva York - Noticias","isPartOf":{"@id":"https:\/\/noticiasya.com\/#website"},"datePublished":"2024-09-12T23:03:49+00:00","breadcrumb":{"@id":"https:\/\/noticiasya.com\/2024\/09\/12\/mayo-zambada-comparecera-viernes-nueva-york-orix\/#breadcrumb"},"inLanguage":"es","potentialAction":[{"@type":"ReadAction","target":["https:\/\/noticiasya.com\/2024\/09\/12\/mayo-zambada-comparecera-viernes-nueva-york-orix\/"]}]},{"@type":"BreadcrumbList","@id":"https:\/\/noticiasya.com\/2024\/09\/12\/mayo-zambada-comparecera-viernes-nueva-york-orix\/#breadcrumb","itemListElement":[{"@type":"ListItem","position":1,"name":"Home","item":"https:\/\/noticiasya.com\/"},{"@type":"ListItem","position":2,"name":"El Mayo Zambada comparecer\u00e1 el viernes en una corte de Nueva York"}]},{"@type":"WebSite","@id":"https:\/\/noticiasya.com\/#website","url":"https:\/\/noticiasya.com\/","name":"Noticias","description":"Lo que importa","publisher":{"@id":"https:\/\/noticiasya.com\/#organization"},"potentialAction":[{"@type":"SearchAction","target":{"@type":"EntryPoint","urlTemplate":"https:\/\/noticiasya.com\/?s={search_term_string}"},"query-input":{"@type":"PropertyValueSpecification","valueRequired":true,"valueName":"search_term_string"}}],"inLanguage":"es"},{"@type":"Organization","@id":"https:\/\/noticiasya.com\/#organization","name":"Noticias","url":"https:\/\/noticiasya.com\/","logo":{"@type":"ImageObject","inLanguage":"es","@id":"https:\/\/noticiasya.com\/#\/schema\/logo\/image\/","url":"https:\/\/noticiasya.com\/wp-content\/uploads\/sites\/22\/2023\/12\/logo-nacional.png","contentUrl":"https:\/\/noticiasya.com\/wp-content\/uploads\/sites\/22\/2023\/12\/logo-nacional.png","width":1801,"height":691,"caption":"Noticias"},"image":{"@id":"https:\/\/noticiasya.com\/#\/schema\/logo\/image\/"}}]}},"parsely":{"version":"1.1.0","canonical_url":"https:\/\/noticiasya.com\/midland-odessa\/2024\/09\/12\/mayo-zambada-comparecera-viernes-nueva-york-orix\/","smart_links":{"inbound":0,"outbound":0},"traffic_boost_suggestions_count":0,"meta":{"@context":"https:\/\/schema.org","@type":"NewsArticle","headline":"El Mayo Zambada comparecer\u00e1 el viernes en una corte de Nueva York","url":"http:\/\/noticiasya.com\/midland-odessa\/2024\/09\/12\/mayo-zambada-comparecera-viernes-nueva-york-orix\/","mainEntityOfPage":{"@type":"WebPage","@id":"http:\/\/noticiasya.com\/midland-odessa\/2024\/09\/12\/mayo-zambada-comparecera-viernes-nueva-york-orix\/"},"thumbnailUrl":"","image":{"@type":"ImageObject","url":""},"articleSection":"Noticias Nacionales","author":[],"creator":[],"publisher":{"@type":"Organization","name":"Noticias","logo":""},"keywords":[],"dateCreated":"2024-09-12T23:03:49Z","datePublished":"2024-09-12T23:03:49Z","dateModified":"2024-09-12T23:03:49Z"},"rendered":"<script type=\"application\/ld+json\" class=\"wp-parsely-metadata\">{\"@context\":\"https:\\\/\\\/schema.org\",\"@type\":\"NewsArticle\",\"headline\":\"El Mayo Zambada comparecer\\u00e1 el viernes en una corte de Nueva York\",\"url\":\"http:\\\/\\\/noticiasya.com\\\/midland-odessa\\\/2024\\\/09\\\/12\\\/mayo-zambada-comparecera-viernes-nueva-york-orix\\\/\",\"mainEntityOfPage\":{\"@type\":\"WebPage\",\"@id\":\"http:\\\/\\\/noticiasya.com\\\/midland-odessa\\\/2024\\\/09\\\/12\\\/mayo-zambada-comparecera-viernes-nueva-york-orix\\\/\"},\"thumbnailUrl\":\"\",\"image\":{\"@type\":\"ImageObject\",\"url\":\"\"},\"articleSection\":\"Noticias Nacionales\",\"author\":[],\"creator\":[],\"publisher\":{\"@type\":\"Organization\",\"name\":\"Noticias\",\"logo\":\"\"},\"keywords\":[],\"dateCreated\":\"2024-09-12T23:03:49Z\",\"datePublished\":\"2024-09-12T23:03:49Z\",\"dateModified\":\"2024-09-12T23:03:49Z\"}<\/script>","tracker_url":"https:\/\/cdn.parsely.com\/keys\/noticiasya.com\/p.js"},"jetpack_featured_media_url":"","jetpack-related-posts":[{"id":1452659,"url":"https:\/\/noticiasya.com\/midland-odessa\/2024\/09\/13\/mayo-zambada-primera-audiencia-nueva-york-orix\/","url_meta":{"origin":1452620,"position":0},"title":"Inexpresivo y con cierta dificultad para levantarse: as\u00ed se le vio al Mayo Zambada en su primera audiencia en Nueva York","author":"","date":"septiembre 13, 2024","format":false,"excerpt":"(CNN Espa\u00f1ol) -- Con aparente serenidad pese a los 17 cargos que pesan en su contra, este viernes Ismael \u201cEl Mayo\u201d Zambada, cofundador del C\u00e1rtel de Sinaloa, se present\u00f3 en una corte de Nueva York, luego de viajar en avi\u00f3n el jueves por la noche desde El Paso, Texas, ciudad\u2026","rel":"","context":"In &quot;Noticias Nacionales&quot;","block_context":{"text":"Noticias Nacionales","link":"https:\/\/noticiasya.com\/midland-odessa\/categoria\/noticias-nacionales"},"img":{"alt_text":"","src":"","width":0,"height":0},"classes":[]},{"id":1451656,"url":"https:\/\/noticiasya.com\/midland-odessa\/2024\/08\/07\/ismael-mayo-zambada-trasladado-brooklyn-juicio-orix\/","url_meta":{"origin":1452620,"position":1},"title":"Ismael \u201cel Mayo\u201d Zambada ser\u00e1 juzgado en el mismo tribunal donde fue condenado el Chapo","author":"","date":"agosto 7, 2024","format":false,"excerpt":"(CNN Espa\u00f1ol) -- El presunto cofundador del C\u00e1rtel de Sinaloa Ismael \"el Mayo\" Zambada ser\u00e1 transferido desde El Paso, Texas, a Brooklyn, en Nueva York, para enfrentar un juicio, seg\u00fan confirm\u00f3 su abogado Frank P\u00e9rez a CNN. A\u00fan se desconoce la fecha exacta del traslado.Zambada, de 76 a\u00f1os, enfrentar\u00e1 juicio\u2026","rel":"","context":"In &quot;Noticias Nacionales&quot;","block_context":{"text":"Noticias Nacionales","link":"https:\/\/noticiasya.com\/midland-odessa\/categoria\/noticias-nacionales"},"img":{"alt_text":"","src":"","width":0,"height":0},"classes":[]},{"id":1455235,"url":"https:\/\/noticiasya.com\/midland-odessa\/2024\/10\/18\/el-mayo-zambada-primera-audiencia-juez-brian-cogan-orix\/","url_meta":{"origin":1452620,"position":2},"title":"Con mejor apariencia e inexpresivo, el Mayo Zambada acude a su primera audiencia frente al juez Brian Cogan","author":"","date":"octubre 18, 2024","format":false,"excerpt":"(CNN Espa\u00f1ol) -- Ismael \"el Mayo\" Zambada lleg\u00f3 este viernes a su segunda audiencia en Nueva York y la primera ante el juez Brian Cogan, el mismo que este mi\u00e9rcoles conden\u00f3 al exsecretario de Seguridad de M\u00e9xico, Genaro Garc\u00eda Luna, y a Joaqu\u00edn \"el Chapo\" Guzm\u00e1n en 2019, vestido de\u2026","rel":"","context":"In &quot;Noticias Nacionales&quot;","block_context":{"text":"Noticias Nacionales","link":"https:\/\/noticiasya.com\/midland-odessa\/categoria\/noticias-nacionales"},"img":{"alt_text":"","src":"","width":0,"height":0},"classes":[]},{"id":1465603,"url":"https:\/\/noticiasya.com\/midland-odessa\/2025\/08\/18\/ismael-mayo-zambada-cambiara-declaracion-inocencia-orix\/","url_meta":{"origin":1452620,"position":3},"title":"Ismael &#171;El Mayo&#187; Zambada cambiar\u00e1 su declaraci\u00f3n de inocencia ante la Corte Federal de Brooklyn, seg\u00fan documentos judiciales","author":"","date":"agosto 18, 2025","format":false,"excerpt":"Ismael \u201cEl Mayo\u201d Zambada, presunto fundador del C\u00e1rtel de Sinaloa detenido en Estados Unidos, cambiar\u00e1 su declaraci\u00f3n de inocencia en una audiencia que se llevar\u00e1 a cabo el 25 de agosto, seg\u00fan informaci\u00f3n de la Corte Federal de Brooklyn, del distrito Este de Nueva York, revisada por CNN este lunes.Seg\u00fan\u2026","rel":"","context":"In &quot;Noticias Nacionales&quot;","block_context":{"text":"Noticias Nacionales","link":"https:\/\/noticiasya.com\/midland-odessa\/categoria\/noticias-nacionales"},"img":{"alt_text":"","src":"","width":0,"height":0},"classes":[]},{"id":1451469,"url":"https:\/\/noticiasya.com\/midland-odessa\/2024\/07\/28\/mayores-redadadas-carteles-acto-de-traicion-trax\/","url_meta":{"origin":1452620,"position":4},"title":"Una de las mayores redadas contra c\u00e1rteles de los \u00faltimos tiempos comenz\u00f3 con un acto de traici\u00f3n","author":"","date":"julio 28, 2024","format":false,"excerpt":"(CNN) --\u00a0 \u00bfC\u00f3mo un supuesto capo de un c\u00e1rtel que evadi\u00f3 su captura durante m\u00e1s de medio siglo termin\u00f3 en manos de agentes federales estadounidenses?Seg\u00fan los funcionarios, todo comenz\u00f3 con un acto de traici\u00f3n.Todav\u00eda se est\u00e1n conociendo detalles sobre lo que llev\u00f3 la semana pasada a una de las redadas\u2026","rel":"","context":"In &quot;Noticias Nacionales&quot;","block_context":{"text":"Noticias Nacionales","link":"https:\/\/noticiasya.com\/midland-odessa\/categoria\/noticias-nacionales"},"img":{"alt_text":"","src":"","width":0,"height":0},"classes":[]},{"id":1465841,"url":"https:\/\/noticiasya.com\/midland-odessa\/2025\/08\/25\/ismael-mayo-zambada-declara-culpable-orix\/","url_meta":{"origin":1452620,"position":5},"title":"Ismael &#171;El Mayo&#187; Zambada se declara culpable de dos cargos por narcotr\u00e1fico en tribunal de EE.UU.","author":"","date":"agosto 25, 2025","format":false,"excerpt":"Ismael \u201cEl Mayo\u201d Zambada, presunto fundador del C\u00e1rtel de Sinaloa detenido en Estados Unidos, se declar\u00f3 culpable este lunes de dos cargos relacionados al narcotr\u00e1fico ante una Corte Federal de Brooklyn, en Nueva York.Zambada admiti\u00f3 ser culpable de dos los cargos de asociaci\u00f3n il\u00edcita y de dirigir una empresa criminal\u2026","rel":"","context":"In &quot;Noticias Nacionales&quot;","block_context":{"text":"Noticias Nacionales","link":"https:\/\/noticiasya.com\/midland-odessa\/categoria\/noticias-nacionales"},"img":{"alt_text":"","src":"","width":0,"height":0},"classes":[]}],"jetpack_sharing_enabled":true,"_links":{"self":[{"href":"https:\/\/noticiasya.com\/midland-odessa\/wp-json\/wp\/v2\/posts\/1452620","targetHints":{"allow":["GET"]}}],"collection":[{"href":"https:\/\/noticiasya.com\/midland-odessa\/wp-json\/wp\/v2\/posts"}],"about":[{"href":"https:\/\/noticiasya.com\/midland-odessa\/wp-json\/wp\/v2\/types\/post"}],"replies":[{"embeddable":true,"href":"https:\/\/noticiasya.com\/midland-odessa\/wp-json\/wp\/v2\/comments?post=1452620"}],"version-history":[{"count":0,"href":"https:\/\/noticiasya.com\/midland-odessa\/wp-json\/wp\/v2\/posts\/1452620\/revisions"}],"wp:attachment":[{"href":"https:\/\/noticiasya.com\/midland-odessa\/wp-json\/wp\/v2\/media?parent=1452620"}],"wp:term":[{"taxonomy":"category","embeddable":true,"href":"https:\/\/noticiasya.com\/midland-odessa\/wp-json\/wp\/v2\/categories?post=1452620"},{"taxonomy":"post_tag","embeddable":true,"href":"https:\/\/noticiasya.com\/midland-odessa\/wp-json\/wp\/v2\/tags?post=1452620"}],"curies":[{"name":"wp","href":"https:\/\/api.w.org\/{rel}","templated":true}]}}