{"id":1452622,"date":"2024-09-12T16:03:49","date_gmt":"2024-09-12T23:03:49","guid":{"rendered":"https:\/\/noticiasya.com\/2024\/09\/12\/mejores-imagenes-concurso-fotografo-astronomico-trax\/"},"modified":"2024-09-12T16:03:49","modified_gmt":"2024-09-12T23:03:49","slug":"mejores-imagenes-concurso-fotografo-astronomico-trax","status":"publish","type":"post","link":"https:\/\/noticiasya.com\/midland-odessa\/2024\/09\/12\/mejores-imagenes-concurso-fotografo-astronomico-trax\/","title":{"rendered":"Las mejores im\u00e1genes del concurso Fot\u00f3grafo Astron\u00f3mico del A\u00f1o"},"content":{"rendered":"<p>(CNN) \u2013\u2013 Las fases de Venus, la Aurora Austral y la Estaci\u00f3n Espacial Internacional en tr\u00e1nsito alrededor del Sol aparecen como ganadores de categor\u00edas en el concurso Fot\u00f3grafo Astron\u00f3mico del A\u00f1o.<\/p>\n<p>Ryan Imperio fue nombrado total ganador por su fotograf\u00eda que captura la progresi\u00f3n de las cuentas de Baily durante el eclipse anular de 2023, seg\u00fan un comunicado del jueves del Real Observatorio de Greenwich, que organiza el concurso.<\/p>\n<p>\u201cLas perlas de Baily se forman cuando la luz del sol brilla a trav\u00e9s de los valles y cr\u00e1teres de la superficie de la Luna, y rompen el conocido patr\u00f3n de anillos del eclipse. Solo son visibles cuando la Luna entra o sale de un eclipse\u201d, dice el comunicado. \u201cEs un desaf\u00edo capturarlas debido a su brevedad y al tiempo preciso necesario\u201d.<\/p>\n<p>Las impresionantes im\u00e1genes que compiten en el concurso Wildlife Photographer of the Year<\/p>\n<p>Imperio dijo que no esperaba ganar la competencia.<\/p>\n<p>\u201cLas im\u00e1genes seleccionadas cada a\u00f1o son absolutamente asombrosas y estoy emocionado y honrado de que mi foto est\u00e9 entre ellas\u201d, dijo en el comunicado.<\/p>\n<p>Ed Bloomer, astr\u00f3nomo del Real Observatorio de Greenwich y miembro del panel de jueces, dijo que el concurso de este a\u00f1o cont\u00f3 con una \u201cabundancia de obras asombrosas\u201d.<\/p>\n<p>Por su parte, Victoria Lane, curadora senior del Museo Real de Greenwich, dijo: \u201cLa variedad y la habilidad de las im\u00e1genes, algunas aparentemente imposibles de fotografiar, son asombrosas\u201d.<\/p>\n<p>En la competici\u00f3n de este a\u00f1o hubo m\u00e1s de 3.500 inscripciones de 58 pa\u00edses, y los ganadores se exhibir\u00e1n en una exposici\u00f3n que se inaugurar\u00e1 el viernes en el Museo Mar\u00edtimo Nacional de Londres.<\/p>\n<p>Estas son algunas de las im\u00e1genes:<\/p>\n<p>Larryn Rae de Nueva Zelandia gan\u00f3 la categor\u00eda Auroras con esta foto de la Aurora Australis sobre las monta\u00f1as de Queenstown.<\/p>\n<p>El fot\u00f3grafo h\u00fangaro G\u00e1bor Bal\u00e1zs gan\u00f3 la categor\u00eda Nuestra Luna con esta imagen de Sinus Iridum, o la Bah\u00eda de los Arco\u00edris, en la superficie lunar.<\/p>\n<p>Los fot\u00f3grafos h\u00fangaros Bence T\u00f3th y P\u00e9ter Felt\u00f3ti ganaron la categor\u00eda Galaxias con esta imagen de la galaxia NGC 5128, tomada desde Namibia.<\/p>\n<p>El fot\u00f3grafo brit\u00e1nico Tom Williams gan\u00f3 la categor\u00eda Personas y Espacio con esta imagen que muestra la silueta de la Estaci\u00f3n Espacial Internacional (EEI) contra el sol.<\/p>\n<p>Williams tambi\u00e9n gan\u00f3 la categor\u00eda de Planetas, Cometas y Asteroides con esta composici\u00f3n en falso color que muestra las fases de Venus.<\/p>\n<p>Tom Rae de Nueva Zelandia fue nombrado ganador de la categor\u00eda Skyscapes con esta fotograf\u00eda de los picos del Valle de Tasmania bajo un cielo nocturno, con las nubes de hidr\u00f3geno de la Nebulosa Gum, que se puede ver en rojo en el centro.<\/p>\n<p>Marcel Drechsler, Bray Falls, Yann Sainty, Nicolas Martino, Richard Galli (de Alemania, EE. UU., Francia, Francia y Francia) colaboraron en esta imagen, que comprende 3.559 fotogramas de 260 horas de exposici\u00f3n tomadas por telescopios en tres continentes, que gan\u00f3 la categor\u00eda de Estrellas y Nebulosas.<\/p>\n<p>Los fot\u00f3grafos chinos Xin Feng y Miao Gong ganaron el Premio Sir Patrick Moore al Mejor Revelaci\u00f3n con esta imagen de la Nebulosa Cabeza de Delf\u00edn, producida despu\u00e9s de 10 d\u00edas de fotograf\u00eda.<\/p>\n<p>El italiano Daniele Borsari fue nombrado Fot\u00f3grafo Astron\u00f3mico Joven del A\u00f1o por esta imagen de la Nebulosa California, NGC 1499, en la constelaci\u00f3n de Perseo, que se encuentra a una distancia de unos 1.000 a\u00f1os luz de la Tierra.<\/p>\n<p>El fot\u00f3grafo espa\u00f1ol Sergio D\u00edaz Ruiz gan\u00f3 el Premio Annie Maunder a la Innovaci\u00f3n en Imagen por esta fotograf\u00eda, que muestra nuestra Tierra como un mundo aparentemente alien\u00edgena.<\/p>\n<p>The-CNN-Wire<br \/>&trade; &amp; &copy; 2024 Cable News Network, Inc., a Warner Bros. Discovery Company. All rights reserved.<\/p>\n","protected":false},"excerpt":{"rendered":"<p>(CNN) \u2013\u2013 Las fases de Venus, la Aurora Austral y la Estaci\u00f3n Espacial Internacional en tr\u00e1nsito alrededor del Sol aparecen como ganadores de categor\u00edas en el concurso Fot\u00f3grafo Astron\u00f3mico del A\u00f1o. Ryan Imperio fue nombrado total ganador por su fotograf\u00eda que captura la progresi\u00f3n de las cuentas de Baily durante el eclipse anular de 2023, [&hellip;]<\/p>\n","protected":false},"author":0,"featured_media":0,"comment_status":"open","ping_status":"open","sticky":false,"template":"","format":"standard","meta":{"_jetpack_memberships_contains_paid_content":false,"footnotes":""},"categories":[10],"tags":[],"class_list":["post-1452622","post","type-post","status-publish","format-standard","hentry","category-noticias-nacionales","market-global"],"yoast_head":"<!-- This site is optimized with the Yoast SEO plugin v24.4 - https:\/\/yoast.com\/wordpress\/plugins\/seo\/ -->\n<title>Las mejores im\u00e1genes del concurso Fot\u00f3grafo Astron\u00f3mico del A\u00f1o - Noticias<\/title>\n<meta name=\"robots\" content=\"index, follow, max-snippet:-1, max-image-preview:large, max-video-preview:-1\" \/>\n<link rel=\"canonical\" href=\"https:\/\/noticiasya.com\/2024\/09\/12\/mejores-imagenes-concurso-fotografo-astronomico-trax\/\" \/>\n<meta property=\"og:locale\" content=\"es_ES\" \/>\n<meta property=\"og:type\" content=\"article\" \/>\n<meta property=\"og:title\" content=\"Las mejores im\u00e1genes del concurso Fot\u00f3grafo Astron\u00f3mico del A\u00f1o - Noticias\" \/>\n<meta property=\"og:description\" content=\"(CNN) \u2013\u2013 Las fases de Venus, la Aurora Austral y la Estaci\u00f3n Espacial Internacional en tr\u00e1nsito alrededor del Sol aparecen como ganadores de categor\u00edas en el concurso Fot\u00f3grafo Astron\u00f3mico del A\u00f1o. Ryan Imperio fue nombrado total ganador por su fotograf\u00eda que captura la progresi\u00f3n de las cuentas de Baily durante el eclipse anular de 2023, [&hellip;]\" \/>\n<meta property=\"og:url\" content=\"https:\/\/noticiasya.com\/2024\/09\/12\/mejores-imagenes-concurso-fotografo-astronomico-trax\/\" \/>\n<meta property=\"og:site_name\" content=\"Noticias\" \/>\n<meta property=\"article:published_time\" content=\"2024-09-12T23:03:49+00:00\" \/>\n<meta name=\"twitter:card\" content=\"summary_large_image\" \/>\n<meta name=\"twitter:label1\" content=\"Est. reading time\" \/>\n\t<meta name=\"twitter:data1\" content=\"3 minutos\" \/>\n<script type=\"application\/ld+json\" class=\"yoast-schema-graph\">{\"@context\":\"https:\/\/schema.org\",\"@graph\":[{\"@type\":\"Article\",\"@id\":\"https:\/\/noticiasya.com\/2024\/09\/12\/mejores-imagenes-concurso-fotografo-astronomico-trax\/#article\",\"isPartOf\":{\"@id\":\"https:\/\/noticiasya.com\/2024\/09\/12\/mejores-imagenes-concurso-fotografo-astronomico-trax\/\"},\"author\":{\"name\":\"\",\"@id\":\"\"},\"headline\":\"Las mejores im\u00e1genes del concurso Fot\u00f3grafo Astron\u00f3mico del A\u00f1o\",\"datePublished\":\"2024-09-12T23:03:49+00:00\",\"mainEntityOfPage\":{\"@id\":\"https:\/\/noticiasya.com\/2024\/09\/12\/mejores-imagenes-concurso-fotografo-astronomico-trax\/\"},\"wordCount\":670,\"commentCount\":0,\"publisher\":{\"@id\":\"https:\/\/noticiasya.com\/#organization\"},\"articleSection\":[\"Noticias Nacionales\"],\"inLanguage\":\"es\",\"potentialAction\":[{\"@type\":\"CommentAction\",\"name\":\"Comment\",\"target\":[\"https:\/\/noticiasya.com\/2024\/09\/12\/mejores-imagenes-concurso-fotografo-astronomico-trax\/#respond\"]}]},{\"@type\":\"WebPage\",\"@id\":\"https:\/\/noticiasya.com\/2024\/09\/12\/mejores-imagenes-concurso-fotografo-astronomico-trax\/\",\"url\":\"https:\/\/noticiasya.com\/2024\/09\/12\/mejores-imagenes-concurso-fotografo-astronomico-trax\/\",\"name\":\"Las mejores im\u00e1genes del concurso Fot\u00f3grafo Astron\u00f3mico del A\u00f1o - Noticias\",\"isPartOf\":{\"@id\":\"https:\/\/noticiasya.com\/#website\"},\"datePublished\":\"2024-09-12T23:03:49+00:00\",\"breadcrumb\":{\"@id\":\"https:\/\/noticiasya.com\/2024\/09\/12\/mejores-imagenes-concurso-fotografo-astronomico-trax\/#breadcrumb\"},\"inLanguage\":\"es\",\"potentialAction\":[{\"@type\":\"ReadAction\",\"target\":[\"https:\/\/noticiasya.com\/2024\/09\/12\/mejores-imagenes-concurso-fotografo-astronomico-trax\/\"]}]},{\"@type\":\"BreadcrumbList\",\"@id\":\"https:\/\/noticiasya.com\/2024\/09\/12\/mejores-imagenes-concurso-fotografo-astronomico-trax\/#breadcrumb\",\"itemListElement\":[{\"@type\":\"ListItem\",\"position\":1,\"name\":\"Home\",\"item\":\"https:\/\/noticiasya.com\/\"},{\"@type\":\"ListItem\",\"position\":2,\"name\":\"Las mejores im\u00e1genes del concurso Fot\u00f3grafo Astron\u00f3mico del A\u00f1o\"}]},{\"@type\":\"WebSite\",\"@id\":\"https:\/\/noticiasya.com\/#website\",\"url\":\"https:\/\/noticiasya.com\/\",\"name\":\"Noticias\",\"description\":\"Lo que importa\",\"publisher\":{\"@id\":\"https:\/\/noticiasya.com\/#organization\"},\"potentialAction\":[{\"@type\":\"SearchAction\",\"target\":{\"@type\":\"EntryPoint\",\"urlTemplate\":\"https:\/\/noticiasya.com\/?s={search_term_string}\"},\"query-input\":{\"@type\":\"PropertyValueSpecification\",\"valueRequired\":true,\"valueName\":\"search_term_string\"}}],\"inLanguage\":\"es\"},{\"@type\":\"Organization\",\"@id\":\"https:\/\/noticiasya.com\/#organization\",\"name\":\"Noticias\",\"url\":\"https:\/\/noticiasya.com\/\",\"logo\":{\"@type\":\"ImageObject\",\"inLanguage\":\"es\",\"@id\":\"https:\/\/noticiasya.com\/#\/schema\/logo\/image\/\",\"url\":\"https:\/\/noticiasya.com\/wp-content\/uploads\/sites\/22\/2023\/12\/logo-nacional.png\",\"contentUrl\":\"https:\/\/noticiasya.com\/wp-content\/uploads\/sites\/22\/2023\/12\/logo-nacional.png\",\"width\":1801,\"height\":691,\"caption\":\"Noticias\"},\"image\":{\"@id\":\"https:\/\/noticiasya.com\/#\/schema\/logo\/image\/\"}}]}<\/script>\n<!-- \/ Yoast SEO plugin. -->","yoast_head_json":{"title":"Las mejores im\u00e1genes del concurso Fot\u00f3grafo Astron\u00f3mico del A\u00f1o - Noticias","robots":{"index":"index","follow":"follow","max-snippet":"max-snippet:-1","max-image-preview":"max-image-preview:large","max-video-preview":"max-video-preview:-1"},"canonical":"https:\/\/noticiasya.com\/2024\/09\/12\/mejores-imagenes-concurso-fotografo-astronomico-trax\/","og_locale":"es_ES","og_type":"article","og_title":"Las mejores im\u00e1genes del concurso Fot\u00f3grafo Astron\u00f3mico del A\u00f1o - Noticias","og_description":"(CNN) \u2013\u2013 Las fases de Venus, la Aurora Austral y la Estaci\u00f3n Espacial Internacional en tr\u00e1nsito alrededor del Sol aparecen como ganadores de categor\u00edas en el concurso Fot\u00f3grafo Astron\u00f3mico del A\u00f1o. Ryan Imperio fue nombrado total ganador por su fotograf\u00eda que captura la progresi\u00f3n de las cuentas de Baily durante el eclipse anular de 2023, [&hellip;]","og_url":"https:\/\/noticiasya.com\/2024\/09\/12\/mejores-imagenes-concurso-fotografo-astronomico-trax\/","og_site_name":"Noticias","article_published_time":"2024-09-12T23:03:49+00:00","twitter_card":"summary_large_image","twitter_misc":{"Est. reading time":"3 minutos"},"schema":{"@context":"https:\/\/schema.org","@graph":[{"@type":"Article","@id":"https:\/\/noticiasya.com\/2024\/09\/12\/mejores-imagenes-concurso-fotografo-astronomico-trax\/#article","isPartOf":{"@id":"https:\/\/noticiasya.com\/2024\/09\/12\/mejores-imagenes-concurso-fotografo-astronomico-trax\/"},"author":{"name":"","@id":""},"headline":"Las mejores im\u00e1genes del concurso Fot\u00f3grafo Astron\u00f3mico del A\u00f1o","datePublished":"2024-09-12T23:03:49+00:00","mainEntityOfPage":{"@id":"https:\/\/noticiasya.com\/2024\/09\/12\/mejores-imagenes-concurso-fotografo-astronomico-trax\/"},"wordCount":670,"commentCount":0,"publisher":{"@id":"https:\/\/noticiasya.com\/#organization"},"articleSection":["Noticias Nacionales"],"inLanguage":"es","potentialAction":[{"@type":"CommentAction","name":"Comment","target":["https:\/\/noticiasya.com\/2024\/09\/12\/mejores-imagenes-concurso-fotografo-astronomico-trax\/#respond"]}]},{"@type":"WebPage","@id":"https:\/\/noticiasya.com\/2024\/09\/12\/mejores-imagenes-concurso-fotografo-astronomico-trax\/","url":"https:\/\/noticiasya.com\/2024\/09\/12\/mejores-imagenes-concurso-fotografo-astronomico-trax\/","name":"Las mejores im\u00e1genes del concurso Fot\u00f3grafo Astron\u00f3mico del A\u00f1o - Noticias","isPartOf":{"@id":"https:\/\/noticiasya.com\/#website"},"datePublished":"2024-09-12T23:03:49+00:00","breadcrumb":{"@id":"https:\/\/noticiasya.com\/2024\/09\/12\/mejores-imagenes-concurso-fotografo-astronomico-trax\/#breadcrumb"},"inLanguage":"es","potentialAction":[{"@type":"ReadAction","target":["https:\/\/noticiasya.com\/2024\/09\/12\/mejores-imagenes-concurso-fotografo-astronomico-trax\/"]}]},{"@type":"BreadcrumbList","@id":"https:\/\/noticiasya.com\/2024\/09\/12\/mejores-imagenes-concurso-fotografo-astronomico-trax\/#breadcrumb","itemListElement":[{"@type":"ListItem","position":1,"name":"Home","item":"https:\/\/noticiasya.com\/"},{"@type":"ListItem","position":2,"name":"Las mejores im\u00e1genes del concurso Fot\u00f3grafo Astron\u00f3mico del A\u00f1o"}]},{"@type":"WebSite","@id":"https:\/\/noticiasya.com\/#website","url":"https:\/\/noticiasya.com\/","name":"Noticias","description":"Lo que importa","publisher":{"@id":"https:\/\/noticiasya.com\/#organization"},"potentialAction":[{"@type":"SearchAction","target":{"@type":"EntryPoint","urlTemplate":"https:\/\/noticiasya.com\/?s={search_term_string}"},"query-input":{"@type":"PropertyValueSpecification","valueRequired":true,"valueName":"search_term_string"}}],"inLanguage":"es"},{"@type":"Organization","@id":"https:\/\/noticiasya.com\/#organization","name":"Noticias","url":"https:\/\/noticiasya.com\/","logo":{"@type":"ImageObject","inLanguage":"es","@id":"https:\/\/noticiasya.com\/#\/schema\/logo\/image\/","url":"https:\/\/noticiasya.com\/wp-content\/uploads\/sites\/22\/2023\/12\/logo-nacional.png","contentUrl":"https:\/\/noticiasya.com\/wp-content\/uploads\/sites\/22\/2023\/12\/logo-nacional.png","width":1801,"height":691,"caption":"Noticias"},"image":{"@id":"https:\/\/noticiasya.com\/#\/schema\/logo\/image\/"}}]}},"parsely":{"version":"1.1.0","canonical_url":"https:\/\/noticiasya.com\/midland-odessa\/2024\/09\/12\/mejores-imagenes-concurso-fotografo-astronomico-trax\/","smart_links":{"inbound":0,"outbound":0},"traffic_boost_suggestions_count":0,"meta":{"@context":"https:\/\/schema.org","@type":"NewsArticle","headline":"Las mejores im\u00e1genes del concurso Fot\u00f3grafo Astron\u00f3mico del A\u00f1o","url":"http:\/\/noticiasya.com\/midland-odessa\/2024\/09\/12\/mejores-imagenes-concurso-fotografo-astronomico-trax\/","mainEntityOfPage":{"@type":"WebPage","@id":"http:\/\/noticiasya.com\/midland-odessa\/2024\/09\/12\/mejores-imagenes-concurso-fotografo-astronomico-trax\/"},"thumbnailUrl":"","image":{"@type":"ImageObject","url":""},"articleSection":"Noticias Nacionales","author":[],"creator":[],"publisher":{"@type":"Organization","name":"Noticias","logo":""},"keywords":[],"dateCreated":"2024-09-12T23:03:49Z","datePublished":"2024-09-12T23:03:49Z","dateModified":"2024-09-12T23:03:49Z"},"rendered":"<script type=\"application\/ld+json\" class=\"wp-parsely-metadata\">{\"@context\":\"https:\\\/\\\/schema.org\",\"@type\":\"NewsArticle\",\"headline\":\"Las mejores im\\u00e1genes del concurso Fot\\u00f3grafo Astron\\u00f3mico del A\\u00f1o\",\"url\":\"http:\\\/\\\/noticiasya.com\\\/midland-odessa\\\/2024\\\/09\\\/12\\\/mejores-imagenes-concurso-fotografo-astronomico-trax\\\/\",\"mainEntityOfPage\":{\"@type\":\"WebPage\",\"@id\":\"http:\\\/\\\/noticiasya.com\\\/midland-odessa\\\/2024\\\/09\\\/12\\\/mejores-imagenes-concurso-fotografo-astronomico-trax\\\/\"},\"thumbnailUrl\":\"\",\"image\":{\"@type\":\"ImageObject\",\"url\":\"\"},\"articleSection\":\"Noticias Nacionales\",\"author\":[],\"creator\":[],\"publisher\":{\"@type\":\"Organization\",\"name\":\"Noticias\",\"logo\":\"\"},\"keywords\":[],\"dateCreated\":\"2024-09-12T23:03:49Z\",\"datePublished\":\"2024-09-12T23:03:49Z\",\"dateModified\":\"2024-09-12T23:03:49Z\"}<\/script>","tracker_url":"https:\/\/cdn.parsely.com\/keys\/noticiasya.com\/p.js"},"jetpack_featured_media_url":"","jetpack-related-posts":[{"id":1447599,"url":"https:\/\/noticiasya.com\/midland-odessa\/2024\/04\/01\/cuando-eclipse-solar-abril-2024-hora-como-ver-en-vivo-orix\/","url_meta":{"origin":1452622,"position":0},"title":"Eclipse solar total de abril de 2024: a qu\u00e9 hora es, cu\u00e1ndo y desde d\u00f3nde ver","author":"","date":"abril 1, 2024","format":false,"excerpt":"(CNN) -- Si te perdiste el eclipse anular que cre\u00f3 un \"anillo de fuego\" sobre Am\u00e9rica en octubre de 2023\u00a0no te preocupes: otro eclipse est\u00e1 en camino, y ofrecer\u00e1 un espect\u00e1culo diferente.Ahora puedes seguirnos en WhatsApp ChannelEl 8 de abril, los observadores del cielo de Norteam\u00e9rica disfrutar\u00e1n de un eclipse\u2026","rel":"","context":"In &quot;Noticias Nacionales&quot;","block_context":{"text":"Noticias Nacionales","link":"https:\/\/noticiasya.com\/midland-odessa\/categoria\/noticias-nacionales"},"img":{"alt_text":"","src":"","width":0,"height":0},"classes":[]},{"id":1446157,"url":"https:\/\/noticiasya.com\/midland-odessa\/2024\/03\/01\/proximo-eclipse-solar-total-abril-2024-trax\/","url_meta":{"origin":1452622,"position":1},"title":"\u00bfCu\u00e1ndo y d\u00f3nde se ver\u00e1 el pr\u00f3ximo eclipse solar total? Todo lo que debes saber","author":"","date":"marzo 1, 2024","format":false,"excerpt":"(CNN) -- Si te perdiste el eclipse anular que cre\u00f3 un \"anillo de fuego\" sobre Am\u00e9rica en octubre de 2023\u00a0no te preocupes: otro eclipse est\u00e1 en camino, y ofrecer\u00e1 un espect\u00e1culo diferente.En 2024, los observadores del cielo de Norteam\u00e9rica disfrutar\u00e1n de un eclipse solar total que pasar\u00e1 por M\u00e9xico, Estados\u2026","rel":"","context":"In &quot;Noticias Nacionales&quot;","block_context":{"text":"Noticias Nacionales","link":"https:\/\/noticiasya.com\/midland-odessa\/categoria\/noticias-nacionales"},"img":{"alt_text":"","src":"","width":0,"height":0},"classes":[]},{"id":1446427,"url":"https:\/\/noticiasya.com\/midland-odessa\/2024\/03\/04\/proximo-eclipse-solar-total-abril-2024-trax-2\/","url_meta":{"origin":1452622,"position":2},"title":"\u00bfCu\u00e1ndo y d\u00f3nde se ver\u00e1 el pr\u00f3ximo eclipse solar total? Todo lo que debes saber","author":"","date":"marzo 4, 2024","format":false,"excerpt":"(CNN) -- Si te perdiste el eclipse anular que cre\u00f3 un \"anillo de fuego\" sobre Am\u00e9rica en octubre de 2023\u00a0no te preocupes: otro eclipse est\u00e1 en camino, y ofrecer\u00e1 un espect\u00e1culo diferente.Ahora puedes seguirnos en WhatsApp ChannelEn 2024, los observadores del cielo de Norteam\u00e9rica disfrutar\u00e1n de un eclipse solar total\u2026","rel":"","context":"In &quot;Noticias Nacionales&quot;","block_context":{"text":"Noticias Nacionales","link":"https:\/\/noticiasya.com\/midland-odessa\/categoria\/noticias-nacionales"},"img":{"alt_text":"","src":"","width":0,"height":0},"classes":[]},{"id":1447709,"url":"https:\/\/noticiasya.com\/midland-odessa\/2024\/04\/03\/que-es-eclipse-solar-luna-llena-orix\/","url_meta":{"origin":1452622,"position":3},"title":"\u00bfQu\u00e9 es un eclipse solar y qu\u00e9 pasa durante el mismo? \u00bfEs cierto que ocurren con luna llena?","author":"","date":"abril 3, 2024","format":false,"excerpt":"(CNN Espa\u00f1ol) -- Para fortuna de todos los amantes de la astronom\u00eda, el continente americano est\u00e1 a punto de vivir su segundo eclipse solar en menos de seis meses.El eclipse solar de 2024 tendr\u00e1 lugar el lunes 8 de abril y ser\u00e1 total en Norteam\u00e9rica (solo en algunas partes de\u2026","rel":"","context":"In &quot;Noticias Nacionales&quot;","block_context":{"text":"Noticias Nacionales","link":"https:\/\/noticiasya.com\/midland-odessa\/categoria\/noticias-nacionales"},"img":{"alt_text":"","src":"","width":0,"height":0},"classes":[]},{"id":1443161,"url":"https:\/\/noticiasya.com\/midland-odessa\/2024\/01\/04\/calendario-astronomico-de-2024-cuando-seran-las-lunas-llenas-superlunas-y-lluvias-de-meteoritos-de-este-ano\/","url_meta":{"origin":1452622,"position":4},"title":"Calendario astron\u00f3mico de 2024: cuando ser\u00e1n las lunas llenas, superlunas y lluvias de meteoritos de este a\u00f1o","author":"","date":"enero 4, 2024","format":false,"excerpt":"(CNN) -- En 2024, el cielo nocturno ofrecer\u00e1 numerosas sorpresas a los observadores de estrellas.Lunas llenas y lluvias de meteoros iluminar\u00e1n el cielo. Se espera que un aumento de la actividad solar provoque auroras que crear\u00e1n coloridos espect\u00e1culos. Y los cazadores de eclipses llevan contando hasta 2024 desde el \"Gran\u2026","rel":"","context":"In &quot;Noticias Nacionales&quot;","block_context":{"text":"Noticias Nacionales","link":"https:\/\/noticiasya.com\/midland-odessa\/categoria\/noticias-nacionales"},"img":{"alt_text":"","src":"","width":0,"height":0},"classes":[]},{"id":1460556,"url":"https:\/\/noticiasya.com\/midland-odessa\/2025\/03\/28\/eclipse-solar-parcial-29-de-marzo-cuando-a-que-hora-y-como-ver-orix\/","url_meta":{"origin":1452622,"position":5},"title":"Eclipse solar parcial del 29 de marzo: cu\u00e1ndo, a qu\u00e9 hora y c\u00f3mo ver desde todo el mundo","author":"","date":"marzo 28, 2025","format":false,"excerpt":"El s\u00e1bado 29 de marzo, el cielo ofrecer\u00e1 un espect\u00e1culo astron\u00f3mico notable: un eclipse solar parcial.Durante este evento, la Luna se interpondr\u00e1 parcialmente entre la Tierra y el Sol, oscureciendo una porci\u00f3n del disco solar y creando una vista impresionante para los observadores en diversas partes del mundo en el\u2026","rel":"","context":"In &quot;Noticias Nacionales&quot;","block_context":{"text":"Noticias Nacionales","link":"https:\/\/noticiasya.com\/midland-odessa\/categoria\/noticias-nacionales"},"img":{"alt_text":"","src":"","width":0,"height":0},"classes":[]}],"jetpack_sharing_enabled":true,"_links":{"self":[{"href":"https:\/\/noticiasya.com\/midland-odessa\/wp-json\/wp\/v2\/posts\/1452622","targetHints":{"allow":["GET"]}}],"collection":[{"href":"https:\/\/noticiasya.com\/midland-odessa\/wp-json\/wp\/v2\/posts"}],"about":[{"href":"https:\/\/noticiasya.com\/midland-odessa\/wp-json\/wp\/v2\/types\/post"}],"replies":[{"embeddable":true,"href":"https:\/\/noticiasya.com\/midland-odessa\/wp-json\/wp\/v2\/comments?post=1452622"}],"version-history":[{"count":0,"href":"https:\/\/noticiasya.com\/midland-odessa\/wp-json\/wp\/v2\/posts\/1452622\/revisions"}],"wp:attachment":[{"href":"https:\/\/noticiasya.com\/midland-odessa\/wp-json\/wp\/v2\/media?parent=1452622"}],"wp:term":[{"taxonomy":"category","embeddable":true,"href":"https:\/\/noticiasya.com\/midland-odessa\/wp-json\/wp\/v2\/categories?post=1452622"},{"taxonomy":"post_tag","embeddable":true,"href":"https:\/\/noticiasya.com\/midland-odessa\/wp-json\/wp\/v2\/tags?post=1452622"}],"curies":[{"name":"wp","href":"https:\/\/api.w.org\/{rel}","templated":true}]}}